{"id":1453090,"date":"2024-09-26T06:03:44","date_gmt":"2024-09-26T13:03:44","guid":{"rendered":"https:\/\/noticiasya.com\/2024\/09\/26\/papa-expulsa-movimiento-catolico-sodalitium-christianae-vitae-peru-abusos-ap\/"},"modified":"2024-09-26T06:03:44","modified_gmt":"2024-09-26T13:03:44","slug":"papa-expulsa-movimiento-catolico-sodalitium-christianae-vitae-peru-abusos-ap","status":"publish","type":"post","link":"https:\/\/noticiasya.com\/midland-odessa\/2024\/09\/26\/papa-expulsa-movimiento-catolico-sodalitium-christianae-vitae-peru-abusos-ap\/","title":{"rendered":"El papa expulsa a un obispo y a otras nueve personas de un movimiento cat\u00f3lico en Per\u00fa por abusos \u201cs\u00e1dicos\u201d"},"content":{"rendered":"<p>(CNN) &#8212;\u00a0El papa Francisco tom\u00f3 la inusual decisi\u00f3n este mi\u00e9rcoles de expulsar a 10 personas \u2014un obispo, sacerdotes y laicos\u2014 de un problem\u00e1tico movimiento cat\u00f3lico en Per\u00fa tras una investigaci\u00f3n del Vaticano que descubri\u00f3 abusos &#171;s\u00e1dicos&#187; de poder, autoridad y espiritualidad.<\/p>\n<p>La medida contra la direcci\u00f3n del Sodalitium Christianae Vitae, o Sodalitium de Vida Cristiana, sigui\u00f3 a la decisi\u00f3n de Francisco el mes pasado de expulsar al fundador del grupo, Luis Figari, despu\u00e9s de que se descubriera que hab\u00eda sodomizado a sus reclutas.<\/p>\n<p>El anuncio lo hizo la Conferencia Episcopal Peruana, que public\u00f3 una declaraci\u00f3n de la embajada del Vaticano en su sitio web.<\/p>\n<p>La declaraci\u00f3n fue sorprendente porque enumer\u00f3 abusos descubiertos por la investigaci\u00f3n del Vaticano que rara vez, o nunca, han sido castigados can\u00f3nicamente, como hackear las comunicaciones de alguien, y cit\u00f3 a las personas que el papa consideraba responsables.<\/p>\n<p>La medida probablemente ser\u00e1 bienvenida por algunas de las v\u00edctimas que hablaron con CNN a principios de este a\u00f1o y hab\u00edan instado al Vaticano a tomar medidas serias contra los perpetradores tras d\u00e9cadas de impunidad.<\/p>\n<p>Una sociedad cat\u00f3lica peruana abus\u00f3 de sus reclutas con impunidad, dicen los cr\u00edticos que esperan que el Vaticano haga justicia a las v\u00edctimas<\/p>\n<p>Seg\u00fan la declaraci\u00f3n, los investigadores del Vaticano descubrieron abusos f\u00edsicos &#171;incluyendo con sadismo y violencia&#187;, abusos de conciencia tipo secta, abuso espiritual, abusos de autoridad, abusos econ\u00f3micos en la administraci\u00f3n del dinero de la iglesia y el &#171;abuso en el ejercicio del apostolado del periodismo&#187;.<\/p>\n<p>Este \u00faltimo presumiblemente estaba dirigido a un periodista vinculado al Sodalitium que atac\u00f3 a cr\u00edticos del movimiento en las redes sociales.<\/p>\n<p>Figari fund\u00f3 el movimiento en 1971 como una comunidad laica para reclutar &#171;soldados para Dios&#187;, una de varias sociedades cat\u00f3licas nacidas como una reacci\u00f3n conservadora a la teolog\u00eda de la liberaci\u00f3n de tendencia izquierdista que se extendi\u00f3 por Am\u00e9rica Latina a partir de la d\u00e9cada de 1960. En su apogeo, el grupo contaba con unos 20.000 miembros en toda Sudam\u00e9rica y Estados Unidos. Fue bastante influyente en Per\u00fa.<\/p>\n<p>Las v\u00edctimas de los abusos de Figari se quejaron a la arquidi\u00f3cesis de Lima en 2011, aunque otras denuncias contra \u00e9l datan de 2000. Pero ni la iglesia local ni la Santa Sede tomaron medidas concretas hasta que una de las v\u00edctimas, Pedro Salinas, escribi\u00f3 un libro junto con la periodista Paola Ugaz detallando las pr\u00e1cticas retorcidas del Sodalitium en 2015, titulado &#171;Mitad Monjes, Mitad Soldados&#187;.<\/p>\n<p>Una investigaci\u00f3n externa ordenada por el Sodalitium determin\u00f3 m\u00e1s tarde que Figari era &#171;narcisista, paranoico, despectivo, vulgar, vengativo, manipulador, racista, sexista, elitista y obsesionado con cuestiones sexuales y la orientaci\u00f3n sexual&#187; de los miembros del Sodalitium.<\/p>\n<p>La investigaci\u00f3n, publicada en 2017, encontr\u00f3 que Figari sodomizaba a sus reclutas y los obligaba a acariciarlo a \u00e9l y entre ellos. Le gustaba verlos &#171;experimentar dolor, incomodidad y miedo&#187;, y los humillaba frente a otros para aumentar su control sobre ellos, seg\u00fan el informe.<\/p>\n<p>Aun as\u00ed, la Santa Sede se neg\u00f3 a expulsar a Figari del movimiento en 2017 y simplemente le orden\u00f3 vivir apartado de la comunidad del Sodalitium en Roma y cesar todo contacto con ella. El Vaticano aparentemente estaba atado por el derecho can\u00f3nico que no preve\u00eda tales castigos para los fundadores de comunidades religiosas que no eran sacerdotes. Las v\u00edctimas estaban indignadas.<\/p>\n<p>Los investigadores del Vaticano, monse\u00f1or Jordi Bertomeu, a la derecha, de Espa\u00f1a, y el arzobispo Charles Scicluna, de Malta, caminan afuera de la Nunciatura Apost\u00f3lica durante un descanso de una reuni\u00f3n con personas que alegaron abusos por parte del grupo cat\u00f3lico laico Sodalitium Christianae Vitae en Lima, Per\u00fa, en julio. 25, 2023. (Mart\u00edn Mej\u00eda\/AP)<\/p>\n<p>Pero seg\u00fan los hallazgos de la \u00faltima investigaci\u00f3n del Vaticano, los abusos iban m\u00e1s all\u00e1 de Figari, inclu\u00edan al clero del Sodalitium y tambi\u00e9n involucraban acosar y hackear las comunicaciones de sus v\u00edctimas mientras encubr\u00edan los cr\u00edmenes cometidos como parte de sus deberes oficiales, seg\u00fan la declaraci\u00f3n.<\/p>\n<p>La investigaci\u00f3n fue llevada a cabo por los principales investigadores de cr\u00edmenes sexuales del Vaticano, el arzobispo malt\u00e9s Charles Scicluna y el monse\u00f1or Jordi Bertomeu, del Dicasterio para la Doctrina de la Fe, quienes viajaron a Lima el a\u00f1o pasado para tomar testimonio de las v\u00edctimas.<\/p>\n<p>La persona de mayor rango ordenada a ser expulsada fue el arzobispo Jos\u00e9 Antonio Eguren, a quien Francisco ya hab\u00eda obligado a renunciar como obispo de Piura en abril debido a su historial, despu\u00e9s de que demandara a Salinas y Ugaz por sus reportajes.<\/p>\n<p>Adem\u00e1s de los propios abusos de Figari, sus reportajes hab\u00edan expuesto el presunto desalojo forzoso de campesinos en tierras de la di\u00f3cesis de Eguren por parte de un desarrollador inmobiliario vinculado al Sodalitium.<\/p>\n<p>La periodista Ugaz acogi\u00f3 con satisfacci\u00f3n la medida de expulsar a las 10 personas y dijo que la referencia al hackeo del Sodalitium se refer\u00eda a ella: asegur\u00f3 que sus comunicaciones hab\u00edan sido hackeadas en 2023 despu\u00e9s de que informara sobre las tenencias offshore del Sodalitium y otros tratos financieros, y dijo que cre\u00eda que el grupo trat\u00f3 de averiguar sus fuentes.<\/p>\n<p>&#171;Es una demostraci\u00f3n de que en Per\u00fa, los sobrevivientes nunca habr\u00edan encontrado justicia y reparaci\u00f3n (sin Bertomeo y Scicluna) porque el Sodalitium es una organizaci\u00f3n con mucho poder pol\u00edtico, social y econ\u00f3mico&#187;, dijo en un comunicado a The Associated Press.<\/p>\n<p>El Vaticano, en la declaraci\u00f3n, dijo que los obispos peruanos se unieron a Francisco para &#171;buscar el perd\u00f3n de las v\u00edctimas&#187; mientras llamaban al problem\u00e1tico movimiento a iniciar un camino de justicia y reparaci\u00f3n.<\/p>\n<p>No hubo una respuesta inmediata a una solicitud de comentarios del Sodalitium.<\/p>\n<p>CNN contact\u00f3 a los abogados de Figari para solicitar comentarios, pero no obtuvo respuesta. Ha negado todas las acusaciones en su contra en el pasado.<\/p>\n<p>CNN tambi\u00e9n contact\u00f3 al representante del arzobispo Jos\u00e9 Antonio Eguren, pero no obtuvo respuesta.<\/p>\n<p>The-CNN-Wire<br \/>&trade; &amp; &copy; 2024 Cable News Network, Inc., a Warner Bros. Discovery Company. All rights reserved.<\/p>\n","protected":false},"excerpt":{"rendered":"<p>(CNN) &#8212;\u00a0El papa Francisco tom\u00f3 la inusual decisi\u00f3n este mi\u00e9rcoles de expulsar a 10 personas \u2014un obispo, sacerdotes y laicos\u2014 de un problem\u00e1tico movimiento cat\u00f3lico en Per\u00fa tras una investigaci\u00f3n del Vaticano que descubri\u00f3 abusos &#171;s\u00e1dicos&#187; de poder, autoridad y espiritualidad. La medida contra la direcci\u00f3n del Sodalitium Christianae Vitae, o Sodalitium de Vida Cristiana, [&hellip;]<\/p>\n","protected":false},"author":0,"featured_media":0,"comment_status":"open","ping_status":"open","sticky":false,"template":"","format":"standard","meta":{"_jetpack_memberships_contains_paid_content":false,"footnotes":""},"categories":[10],"tags":[],"class_list":["post-1453090","post","type-post","status-publish","format-standard","hentry","category-noticias-nacionales","market-global"],"yoast_head":"<!-- This site is optimized with the Yoast SEO plugin v24.4 - https:\/\/yoast.com\/wordpress\/plugins\/seo\/ -->\n<title>El papa expulsa a un obispo y a otras nueve personas de un movimiento cat\u00f3lico en Per\u00fa por abusos \u201cs\u00e1dicos\u201d - Noticias<\/title>\n<meta name=\"robots\" content=\"index, follow, max-snippet:-1, max-image-preview:large, max-video-preview:-1\" \/>\n<link rel=\"canonical\" href=\"https:\/\/noticiasya.com\/2024\/09\/26\/papa-expulsa-movimiento-catolico-sodalitium-christianae-vitae-peru-abusos-ap\/\" \/>\n<meta property=\"og:locale\" content=\"es_ES\" \/>\n<meta property=\"og:type\" content=\"article\" \/>\n<meta property=\"og:title\" content=\"El papa expulsa a un obispo y a otras nueve personas de un movimiento cat\u00f3lico en Per\u00fa por abusos \u201cs\u00e1dicos\u201d - Noticias\" \/>\n<meta property=\"og:description\" content=\"(CNN) &#8212;\u00a0El papa Francisco tom\u00f3 la inusual decisi\u00f3n este mi\u00e9rcoles de expulsar a 10 personas \u2014un obispo, sacerdotes y laicos\u2014 de un problem\u00e1tico movimiento cat\u00f3lico en Per\u00fa tras una investigaci\u00f3n del Vaticano que descubri\u00f3 abusos &#171;s\u00e1dicos&#187; de poder, autoridad y espiritualidad. La medida contra la direcci\u00f3n del Sodalitium Christianae Vitae, o Sodalitium de Vida Cristiana, [&hellip;]\" \/>\n<meta property=\"og:url\" content=\"https:\/\/noticiasya.com\/2024\/09\/26\/papa-expulsa-movimiento-catolico-sodalitium-christianae-vitae-peru-abusos-ap\/\" \/>\n<meta property=\"og:site_name\" content=\"Noticias\" \/>\n<meta property=\"article:published_time\" content=\"2024-09-26T13:03:44+00:00\" \/>\n<meta name=\"twitter:card\" content=\"summary_large_image\" \/>\n<meta name=\"twitter:label1\" content=\"Est. reading time\" \/>\n\t<meta name=\"twitter:data1\" content=\"5 minutos\" \/>\n<script type=\"application\/ld+json\" class=\"yoast-schema-graph\">{\"@context\":\"https:\/\/schema.org\",\"@graph\":[{\"@type\":\"Article\",\"@id\":\"https:\/\/noticiasya.com\/2024\/09\/26\/papa-expulsa-movimiento-catolico-sodalitium-christianae-vitae-peru-abusos-ap\/#article\",\"isPartOf\":{\"@id\":\"https:\/\/noticiasya.com\/2024\/09\/26\/papa-expulsa-movimiento-catolico-sodalitium-christianae-vitae-peru-abusos-ap\/\"},\"author\":{\"name\":\"\",\"@id\":\"\"},\"headline\":\"El papa expulsa a un obispo y a otras nueve personas de un movimiento cat\u00f3lico en Per\u00fa por abusos \u201cs\u00e1dicos\u201d\",\"datePublished\":\"2024-09-26T13:03:44+00:00\",\"mainEntityOfPage\":{\"@id\":\"https:\/\/noticiasya.com\/2024\/09\/26\/papa-expulsa-movimiento-catolico-sodalitium-christianae-vitae-peru-abusos-ap\/\"},\"wordCount\":1072,\"commentCount\":0,\"publisher\":{\"@id\":\"https:\/\/noticiasya.com\/#organization\"},\"articleSection\":[\"Noticias Nacionales\"],\"inLanguage\":\"es\",\"potentialAction\":[{\"@type\":\"CommentAction\",\"name\":\"Comment\",\"target\":[\"https:\/\/noticiasya.com\/2024\/09\/26\/papa-expulsa-movimiento-catolico-sodalitium-christianae-vitae-peru-abusos-ap\/#respond\"]}]},{\"@type\":\"WebPage\",\"@id\":\"https:\/\/noticiasya.com\/2024\/09\/26\/papa-expulsa-movimiento-catolico-sodalitium-christianae-vitae-peru-abusos-ap\/\",\"url\":\"https:\/\/noticiasya.com\/2024\/09\/26\/papa-expulsa-movimiento-catolico-sodalitium-christianae-vitae-peru-abusos-ap\/\",\"name\":\"El papa expulsa a un obispo y a otras nueve personas de un movimiento cat\u00f3lico en Per\u00fa por abusos \u201cs\u00e1dicos\u201d - Noticias\",\"isPartOf\":{\"@id\":\"https:\/\/noticiasya.com\/#website\"},\"datePublished\":\"2024-09-26T13:03:44+00:00\",\"breadcrumb\":{\"@id\":\"https:\/\/noticiasya.com\/2024\/09\/26\/papa-expulsa-movimiento-catolico-sodalitium-christianae-vitae-peru-abusos-ap\/#breadcrumb\"},\"inLanguage\":\"es\",\"potentialAction\":[{\"@type\":\"ReadAction\",\"target\":[\"https:\/\/noticiasya.com\/2024\/09\/26\/papa-expulsa-movimiento-catolico-sodalitium-christianae-vitae-peru-abusos-ap\/\"]}]},{\"@type\":\"BreadcrumbList\",\"@id\":\"https:\/\/noticiasya.com\/2024\/09\/26\/papa-expulsa-movimiento-catolico-sodalitium-christianae-vitae-peru-abusos-ap\/#breadcrumb\",\"itemListElement\":[{\"@type\":\"ListItem\",\"position\":1,\"name\":\"Home\",\"item\":\"https:\/\/noticiasya.com\/\"},{\"@type\":\"ListItem\",\"position\":2,\"name\":\"El papa expulsa a un obispo y a otras nueve personas de un movimiento cat\u00f3lico en Per\u00fa por abusos \u201cs\u00e1dicos\u201d\"}]},{\"@type\":\"WebSite\",\"@id\":\"https:\/\/noticiasya.com\/#website\",\"url\":\"https:\/\/noticiasya.com\/\",\"name\":\"Noticias\",\"description\":\"Lo que importa\",\"publisher\":{\"@id\":\"https:\/\/noticiasya.com\/#organization\"},\"potentialAction\":[{\"@type\":\"SearchAction\",\"target\":{\"@type\":\"EntryPoint\",\"urlTemplate\":\"https:\/\/noticiasya.com\/?s={search_term_string}\"},\"query-input\":{\"@type\":\"PropertyValueSpecification\",\"valueRequired\":true,\"valueName\":\"search_term_string\"}}],\"inLanguage\":\"es\"},{\"@type\":\"Organization\",\"@id\":\"https:\/\/noticiasya.com\/#organization\",\"name\":\"Noticias\",\"url\":\"https:\/\/noticiasya.com\/\",\"logo\":{\"@type\":\"ImageObject\",\"inLanguage\":\"es\",\"@id\":\"https:\/\/noticiasya.com\/#\/schema\/logo\/image\/\",\"url\":\"https:\/\/noticiasya.com\/wp-content\/uploads\/sites\/22\/2023\/12\/logo-nacional.png\",\"contentUrl\":\"https:\/\/noticiasya.com\/wp-content\/uploads\/sites\/22\/2023\/12\/logo-nacional.png\",\"width\":1801,\"height\":691,\"caption\":\"Noticias\"},\"image\":{\"@id\":\"https:\/\/noticiasya.com\/#\/schema\/logo\/image\/\"}}]}<\/script>\n<!-- \/ Yoast SEO plugin. -->","yoast_head_json":{"title":"El papa expulsa a un obispo y a otras nueve personas de un movimiento cat\u00f3lico en Per\u00fa por abusos \u201cs\u00e1dicos\u201d - Noticias","robots":{"index":"index","follow":"follow","max-snippet":"max-snippet:-1","max-image-preview":"max-image-preview:large","max-video-preview":"max-video-preview:-1"},"canonical":"https:\/\/noticiasya.com\/2024\/09\/26\/papa-expulsa-movimiento-catolico-sodalitium-christianae-vitae-peru-abusos-ap\/","og_locale":"es_ES","og_type":"article","og_title":"El papa expulsa a un obispo y a otras nueve personas de un movimiento cat\u00f3lico en Per\u00fa por abusos \u201cs\u00e1dicos\u201d - Noticias","og_description":"(CNN) &#8212;\u00a0El papa Francisco tom\u00f3 la inusual decisi\u00f3n este mi\u00e9rcoles de expulsar a 10 personas \u2014un obispo, sacerdotes y laicos\u2014 de un problem\u00e1tico movimiento cat\u00f3lico en Per\u00fa tras una investigaci\u00f3n del Vaticano que descubri\u00f3 abusos &#171;s\u00e1dicos&#187; de poder, autoridad y espiritualidad. La medida contra la direcci\u00f3n del Sodalitium Christianae Vitae, o Sodalitium de Vida Cristiana, [&hellip;]","og_url":"https:\/\/noticiasya.com\/2024\/09\/26\/papa-expulsa-movimiento-catolico-sodalitium-christianae-vitae-peru-abusos-ap\/","og_site_name":"Noticias","article_published_time":"2024-09-26T13:03:44+00:00","twitter_card":"summary_large_image","twitter_misc":{"Est. reading time":"5 minutos"},"schema":{"@context":"https:\/\/schema.org","@graph":[{"@type":"Article","@id":"https:\/\/noticiasya.com\/2024\/09\/26\/papa-expulsa-movimiento-catolico-sodalitium-christianae-vitae-peru-abusos-ap\/#article","isPartOf":{"@id":"https:\/\/noticiasya.com\/2024\/09\/26\/papa-expulsa-movimiento-catolico-sodalitium-christianae-vitae-peru-abusos-ap\/"},"author":{"name":"","@id":""},"headline":"El papa expulsa a un obispo y a otras nueve personas de un movimiento cat\u00f3lico en Per\u00fa por abusos \u201cs\u00e1dicos\u201d","datePublished":"2024-09-26T13:03:44+00:00","mainEntityOfPage":{"@id":"https:\/\/noticiasya.com\/2024\/09\/26\/papa-expulsa-movimiento-catolico-sodalitium-christianae-vitae-peru-abusos-ap\/"},"wordCount":1072,"commentCount":0,"publisher":{"@id":"https:\/\/noticiasya.com\/#organization"},"articleSection":["Noticias Nacionales"],"inLanguage":"es","potentialAction":[{"@type":"CommentAction","name":"Comment","target":["https:\/\/noticiasya.com\/2024\/09\/26\/papa-expulsa-movimiento-catolico-sodalitium-christianae-vitae-peru-abusos-ap\/#respond"]}]},{"@type":"WebPage","@id":"https:\/\/noticiasya.com\/2024\/09\/26\/papa-expulsa-movimiento-catolico-sodalitium-christianae-vitae-peru-abusos-ap\/","url":"https:\/\/noticiasya.com\/2024\/09\/26\/papa-expulsa-movimiento-catolico-sodalitium-christianae-vitae-peru-abusos-ap\/","name":"El papa expulsa a un obispo y a otras nueve personas de un movimiento cat\u00f3lico en Per\u00fa por abusos \u201cs\u00e1dicos\u201d - Noticias","isPartOf":{"@id":"https:\/\/noticiasya.com\/#website"},"datePublished":"2024-09-26T13:03:44+00:00","breadcrumb":{"@id":"https:\/\/noticiasya.com\/2024\/09\/26\/papa-expulsa-movimiento-catolico-sodalitium-christianae-vitae-peru-abusos-ap\/#breadcrumb"},"inLanguage":"es","potentialAction":[{"@type":"ReadAction","target":["https:\/\/noticiasya.com\/2024\/09\/26\/papa-expulsa-movimiento-catolico-sodalitium-christianae-vitae-peru-abusos-ap\/"]}]},{"@type":"BreadcrumbList","@id":"https:\/\/noticiasya.com\/2024\/09\/26\/papa-expulsa-movimiento-catolico-sodalitium-christianae-vitae-peru-abusos-ap\/#breadcrumb","itemListElement":[{"@type":"ListItem","position":1,"name":"Home","item":"https:\/\/noticiasya.com\/"},{"@type":"ListItem","position":2,"name":"El papa expulsa a un obispo y a otras nueve personas de un movimiento cat\u00f3lico en Per\u00fa por abusos \u201cs\u00e1dicos\u201d"}]},{"@type":"WebSite","@id":"https:\/\/noticiasya.com\/#website","url":"https:\/\/noticiasya.com\/","name":"Noticias","description":"Lo que importa","publisher":{"@id":"https:\/\/noticiasya.com\/#organization"},"potentialAction":[{"@type":"SearchAction","target":{"@type":"EntryPoint","urlTemplate":"https:\/\/noticiasya.com\/?s={search_term_string}"},"query-input":{"@type":"PropertyValueSpecification","valueRequired":true,"valueName":"search_term_string"}}],"inLanguage":"es"},{"@type":"Organization","@id":"https:\/\/noticiasya.com\/#organization","name":"Noticias","url":"https:\/\/noticiasya.com\/","logo":{"@type":"ImageObject","inLanguage":"es","@id":"https:\/\/noticiasya.com\/#\/schema\/logo\/image\/","url":"https:\/\/noticiasya.com\/wp-content\/uploads\/sites\/22\/2023\/12\/logo-nacional.png","contentUrl":"https:\/\/noticiasya.com\/wp-content\/uploads\/sites\/22\/2023\/12\/logo-nacional.png","width":1801,"height":691,"caption":"Noticias"},"image":{"@id":"https:\/\/noticiasya.com\/#\/schema\/logo\/image\/"}}]}},"parsely":{"version":"1.1.0","canonical_url":"https:\/\/noticiasya.com\/midland-odessa\/2024\/09\/26\/papa-expulsa-movimiento-catolico-sodalitium-christianae-vitae-peru-abusos-ap\/","smart_links":{"inbound":0,"outbound":0},"traffic_boost_suggestions_count":0,"meta":{"@context":"https:\/\/schema.org","@type":"NewsArticle","headline":"El papa expulsa a un obispo y a otras nueve personas de un movimiento cat\u00f3lico en Per\u00fa por abusos \u201cs\u00e1dicos\u201d","url":"http:\/\/noticiasya.com\/midland-odessa\/2024\/09\/26\/papa-expulsa-movimiento-catolico-sodalitium-christianae-vitae-peru-abusos-ap\/","mainEntityOfPage":{"@type":"WebPage","@id":"http:\/\/noticiasya.com\/midland-odessa\/2024\/09\/26\/papa-expulsa-movimiento-catolico-sodalitium-christianae-vitae-peru-abusos-ap\/"},"thumbnailUrl":"","image":{"@type":"ImageObject","url":""},"articleSection":"Noticias Nacionales","author":[],"creator":[],"publisher":{"@type":"Organization","name":"Noticias","logo":""},"keywords":[],"dateCreated":"2024-09-26T13:03:44Z","datePublished":"2024-09-26T13:03:44Z","dateModified":"2024-09-26T13:03:44Z"},"rendered":"<script type=\"application\/ld+json\" class=\"wp-parsely-metadata\">{\"@context\":\"https:\\\/\\\/schema.org\",\"@type\":\"NewsArticle\",\"headline\":\"El papa expulsa a un obispo y a otras nueve personas de un movimiento cat\\u00f3lico en Per\\u00fa por abusos \\u201cs\\u00e1dicos\\u201d\",\"url\":\"http:\\\/\\\/noticiasya.com\\\/midland-odessa\\\/2024\\\/09\\\/26\\\/papa-expulsa-movimiento-catolico-sodalitium-christianae-vitae-peru-abusos-ap\\\/\",\"mainEntityOfPage\":{\"@type\":\"WebPage\",\"@id\":\"http:\\\/\\\/noticiasya.com\\\/midland-odessa\\\/2024\\\/09\\\/26\\\/papa-expulsa-movimiento-catolico-sodalitium-christianae-vitae-peru-abusos-ap\\\/\"},\"thumbnailUrl\":\"\",\"image\":{\"@type\":\"ImageObject\",\"url\":\"\"},\"articleSection\":\"Noticias Nacionales\",\"author\":[],\"creator\":[],\"publisher\":{\"@type\":\"Organization\",\"name\":\"Noticias\",\"logo\":\"\"},\"keywords\":[],\"dateCreated\":\"2024-09-26T13:03:44Z\",\"datePublished\":\"2024-09-26T13:03:44Z\",\"dateModified\":\"2024-09-26T13:03:44Z\"}<\/script>","tracker_url":"https:\/\/cdn.parsely.com\/keys\/noticiasya.com\/p.js"},"jetpack_featured_media_url":"","jetpack-related-posts":[{"id":1461468,"url":"https:\/\/noticiasya.com\/midland-odessa\/2025\/04\/21\/papa-francisco-america-latina-fervor-religioso-participacion-politica-orix\/","url_meta":{"origin":1453090,"position":0},"title":"El camino del papa Francisco por Am\u00e9rica Latina, entre el fervor religioso y la participaci\u00f3n pol\u00edtica","author":"","date":"abril 21, 2025","format":false,"excerpt":"\u201cEl papa es nuestro\u201d, titulaba una publicaci\u00f3n argentina cuando el Vaticano eligi\u00f3, por primera vez en su historia, un l\u00edder del sur global y latinoamericano o, como el propio Francisco dijo, llegado desde el \u201cfin del mundo\u201d.Los cat\u00f3licos de Argentina y de Am\u00e9rica Latina, la regi\u00f3n con m\u00e1s cat\u00f3licos del\u2026","rel":"","context":"In &quot;Noticias Nacionales&quot;","block_context":{"text":"Noticias Nacionales","link":"https:\/\/noticiasya.com\/midland-odessa\/categoria\/noticias-nacionales"},"img":{"alt_text":"","src":"","width":0,"height":0},"classes":[]},{"id":1463808,"url":"https:\/\/noticiasya.com\/midland-odessa\/2025\/06\/21\/papa-leon-xiv-abusos-clericales-elogio-labor-periodistica-trax\/","url_meta":{"origin":1453090,"position":1},"title":"En sus primeras declaraciones p\u00fablicas sobre los abusos clericales, el papa Le\u00f3n XIV elogi\u00f3 la labor period\u00edstica","author":"","date":"junio 21, 2025","format":false,"excerpt":"El papa Le\u00f3n XIV afirm\u00f3 que la Iglesia cat\u00f3lica debe establecer una cultura que se niegue a tolerar el abuso en \u201ccualquier forma\u201d, al agradecer a una periodista peruana por informar sobre las acusaciones de abuso dentro de un poderoso grupo cat\u00f3lico.Las declaraciones de Le\u00f3n, las primeras que hace p\u00fablicamente\u2026","rel":"","context":"In &quot;Noticias Nacionales&quot;","block_context":{"text":"Noticias Nacionales","link":"https:\/\/noticiasya.com\/midland-odessa\/categoria\/noticias-nacionales"},"img":{"alt_text":"","src":"","width":0,"height":0},"classes":[]},{"id":1452543,"url":"https:\/\/noticiasya.com\/midland-odessa\/2024\/09\/09\/papa-francisco-llega-pais-catolico-del-mundo-fuera-de-la-ciudad-del-vaticano-trax\/","url_meta":{"origin":1453090,"position":2},"title":"El papa Francisco llega al pa\u00eds m\u00e1s cat\u00f3lico del mundo fuera de la Ciudad del Vaticano","author":"","date":"septiembre 9, 2024","format":false,"excerpt":"(CNN) -- El papa Francisco lleg\u00f3 este lunes a la peque\u00f1a naci\u00f3n del sudeste asi\u00e1tico de Timor Oriental para la pen\u00faltima parada de un viaje marat\u00f3nico por Asia y el Pac\u00edfico Sur para el l\u00edder de 87 a\u00f1os.Miles de timorenses se alinearon en las calles de la capital, Dili, mientras\u2026","rel":"","context":"In &quot;Noticias Nacionales&quot;","block_context":{"text":"Noticias Nacionales","link":"https:\/\/noticiasya.com\/midland-odessa\/categoria\/noticias-nacionales"},"img":{"alt_text":"","src":"","width":0,"height":0},"classes":[]},{"id":1447189,"url":"https:\/\/noticiasya.com\/midland-odessa\/2024\/03\/21\/papa-exobispo-roger-vangheluwe-abuso-sexual-trax\/","url_meta":{"origin":1453090,"position":3},"title":"El papa Francisco destituye del sacerdocio al exobispo belga Roger Vangheluwe, quien admiti\u00f3 haber cometido abuso sexual hace a\u00f1os","author":"","date":"marzo 21, 2024","format":false,"excerpt":"(CNN) \u2013\u2013 El papa Francisco destituy\u00f3 del sacerdocio a Roger Vangheluwe, un exobispo belga que hace a\u00f1os admiti\u00f3 haber abusado sexualmente de dos de sus sobrinos.El Vaticano inform\u00f3 este jueves que Vangheluwe, de 87 a\u00f1os, hab\u00eda sido \u201cexpulsado del estado clerical\u201d despu\u00e9s de que salieran a la luz \u201celementos nuevos\u2026","rel":"","context":"In &quot;Noticias Nacionales&quot;","block_context":{"text":"Noticias Nacionales","link":"https:\/\/noticiasya.com\/midland-odessa\/categoria\/noticias-nacionales"},"img":{"alt_text":"","src":"","width":0,"height":0},"classes":[]},{"id":1462487,"url":"https:\/\/noticiasya.com\/midland-odessa\/2025\/05\/18\/papa-leon-xiv-denuncias-abusos-scv-peru-trax\/","url_meta":{"origin":1453090,"position":4},"title":"C\u00f3mo afront\u00f3 el papa Le\u00f3n XIV a\u00f1os de denuncias de abusos en una poderosa sociedad cat\u00f3lica de Per\u00fa","author":"","date":"mayo 18, 2025","format":false,"excerpt":"Como misionero y obispo en Per\u00fa, el ahora papa Le\u00f3n XIV se enfrent\u00f3 a uno de los esc\u00e1ndalos m\u00e1s graves y de mayor alcance de la Iglesia en Am\u00e9rica Latina.Durante a\u00f1os, hubo acusaciones de abusos en el seno de la influyente sociedad cat\u00f3lica Sodalicio de Vida Cristiana (SCV), que ten\u00eda\u2026","rel":"","context":"In &quot;Noticias Nacionales&quot;","block_context":{"text":"Noticias Nacionales","link":"https:\/\/noticiasya.com\/midland-odessa\/categoria\/noticias-nacionales"},"img":{"alt_text":"","src":"","width":0,"height":0},"classes":[]},{"id":1457735,"url":"https:\/\/noticiasya.com\/midland-odessa\/2025\/01\/21\/peru-papa-disuelve-sociedad-catolica-acusaciones-abusos-orix\/","url_meta":{"origin":1453090,"position":5},"title":"El papa disuelve sociedad cat\u00f3lica peruana por acusaciones de abusos","author":"","date":"enero 21, 2025","format":false,"excerpt":"Una sociedad cat\u00f3lica peruana que ha estado vinculada con acusaciones de abusos confirm\u00f3 este lunes que fue disuelta por el papa Francisco.\u201cEl 18 de enero de este a\u00f1o, la p\u00e1gina web Infovaticana public\u00f3 la noticia de que el Santo Padre hab\u00eda disuelto a nuestra sociedad de vida apost\u00f3lica. La informaci\u00f3n\u2026","rel":"","context":"In &quot;Noticias Nacionales&quot;","block_context":{"text":"Noticias Nacionales","link":"https:\/\/noticiasya.com\/midland-odessa\/categoria\/noticias-nacionales"},"img":{"alt_text":"","src":"","width":0,"height":0},"classes":[]}],"jetpack_sharing_enabled":true,"_links":{"self":[{"href":"https:\/\/noticiasya.com\/midland-odessa\/wp-json\/wp\/v2\/posts\/1453090","targetHints":{"allow":["GET"]}}],"collection":[{"href":"https:\/\/noticiasya.com\/midland-odessa\/wp-json\/wp\/v2\/posts"}],"about":[{"href":"https:\/\/noticiasya.com\/midland-odessa\/wp-json\/wp\/v2\/types\/post"}],"replies":[{"embeddable":true,"href":"https:\/\/noticiasya.com\/midland-odessa\/wp-json\/wp\/v2\/comments?post=1453090"}],"version-history":[{"count":0,"href":"https:\/\/noticiasya.com\/midland-odessa\/wp-json\/wp\/v2\/posts\/1453090\/revisions"}],"wp:attachment":[{"href":"https:\/\/noticiasya.com\/midland-odessa\/wp-json\/wp\/v2\/media?parent=1453090"}],"wp:term":[{"taxonomy":"category","embeddable":true,"href":"https:\/\/noticiasya.com\/midland-odessa\/wp-json\/wp\/v2\/categories?post=1453090"},{"taxonomy":"post_tag","embeddable":true,"href":"https:\/\/noticiasya.com\/midland-odessa\/wp-json\/wp\/v2\/tags?post=1453090"}],"curies":[{"name":"wp","href":"https:\/\/api.w.org\/{rel}","templated":true}]}}