{"id":1453093,"date":"2024-09-26T07:03:59","date_gmt":"2024-09-26T14:03:59","guid":{"rendered":"https:\/\/noticiasya.com\/2024\/09\/26\/ecuador-incendio-forestal-quito-provocado-trax\/"},"modified":"2024-09-26T07:03:59","modified_gmt":"2024-09-26T14:03:59","slug":"ecuador-incendio-forestal-quito-provocado-trax","status":"publish","type":"post","link":"https:\/\/noticiasya.com\/midland-odessa\/2024\/09\/26\/ecuador-incendio-forestal-quito-provocado-trax\/","title":{"rendered":"Autoridades de Ecuador afirman que el incendio forestal en Quito fue provocado y buscan a los responsables"},"content":{"rendered":"<p>(CNN Espa\u00f1ol) &#8212;\u00a0El incendio forestal que arrasa con todo a su paso por Quito, capital de Ecuador, habr\u00eda sido provocado, asegur\u00f3 In\u00e9s Manzano, ministra de Ambiente, en un mensaje publicado en la red social X este martes, quien cit\u00f3 informaci\u00f3n del comandante de Polic\u00eda y sum\u00f3 que el ministerio de Educaci\u00f3n anunci\u00f3 la suspensi\u00f3n de clases.<\/p>\n<p>Ahora puedes seguirnos en\u00a0WhatsApp Channel<\/p>\n<p>Por el incendio forestal de Quito suspenden partido de Copa Ecuador 0:47<\/p>\n<p>&#171;Tras flagelos suscitados el d\u00eda de ayer en distintos lugares de la ciudad, la Polic\u00eda Ecuador realiza las investigaciones para localizar y capturar a los responsables de estos hechos. No descansaremos hasta ubicar a las personas que ponen en riesgo la seguridad de los ciudadanos y da\u00f1an la fauna y flora de nuestra ciudad&#187;, reiter\u00f3 la Polic\u00eda Nacional este mi\u00e9rcoles en un llamado a que la ciudadan\u00eda provea informaci\u00f3n.<\/p>\n<p>El ministro de Gobierno, Arturo F\u00e9lix, dijo en una rueda de prensa el martes que la Fiscal\u00eda ya tiene un equipo trabajando de la mano con la alcald\u00eda, la prefectura y el gobierno nacional para dar con los responsables de los incendios.<\/p>\n<p>Las autoridades ecuatorianas despliegan acciones para atender la emergencia que afronta la capital desde el fin de semana. El alcalde de la ciudad, Pabel Mu\u00f1oz, detall\u00f3 que 215 bomberos con 65 veh\u00edculos operan en los distintos puntos apoyados de al menos 30 tanqueros. Adem\u00e1s, desde las 6:00 a.m., hora local, los bomberos llevan a cabo labores de combate a\u00e9reo.<\/p>\n<p>&#171;Si usted no tiene necesidad, si no est\u00e1 obligado de moverse en la ciudad, qu\u00e9dese donde est\u00e1, por una simple raz\u00f3n, necesitamos que en los puntos donde estamos combatiendo los incendios, lleguen los tanqueros con agua, lleguen los equipos de abastecimiento y si tenemos el tr\u00e1fico que se suele dar en la capital, esto nos va a dificultar&#187;, inst\u00f3 el alcalde.<\/p>\n<p>The-CNN-Wire<br \/>&trade; &amp; &copy; 2024 Cable News Network, Inc., a Warner Bros. Discovery Company. All rights reserved.<\/p>\n","protected":false},"excerpt":{"rendered":"<p>(CNN Espa\u00f1ol) &#8212;\u00a0El incendio forestal que arrasa con todo a su paso por Quito, capital de Ecuador, habr\u00eda sido provocado, asegur\u00f3 In\u00e9s Manzano, ministra de Ambiente, en un mensaje publicado en la red social X este martes, quien cit\u00f3 informaci\u00f3n del comandante de Polic\u00eda y sum\u00f3 que el ministerio de Educaci\u00f3n anunci\u00f3 la suspensi\u00f3n de [&hellip;]<\/p>\n","protected":false},"author":0,"featured_media":0,"comment_status":"open","ping_status":"open","sticky":false,"template":"","format":"standard","meta":{"_jetpack_memberships_contains_paid_content":false,"footnotes":""},"categories":[10],"tags":[],"class_list":["post-1453093","post","type-post","status-publish","format-standard","hentry","category-noticias-nacionales","market-global"],"yoast_head":"<!-- This site is optimized with the Yoast SEO plugin v24.4 - https:\/\/yoast.com\/wordpress\/plugins\/seo\/ -->\n<title>Autoridades de Ecuador afirman que el incendio forestal en Quito fue provocado y buscan a los responsables - Noticias<\/title>\n<meta name=\"robots\" content=\"index, follow, max-snippet:-1, max-image-preview:large, max-video-preview:-1\" \/>\n<link rel=\"canonical\" href=\"https:\/\/noticiasya.com\/2024\/09\/26\/ecuador-incendio-forestal-quito-provocado-trax\/\" \/>\n<meta property=\"og:locale\" content=\"es_ES\" \/>\n<meta property=\"og:type\" content=\"article\" \/>\n<meta property=\"og:title\" content=\"Autoridades de Ecuador afirman que el incendio forestal en Quito fue provocado y buscan a los responsables - Noticias\" \/>\n<meta property=\"og:description\" content=\"(CNN Espa\u00f1ol) &#8212;\u00a0El incendio forestal que arrasa con todo a su paso por Quito, capital de Ecuador, habr\u00eda sido provocado, asegur\u00f3 In\u00e9s Manzano, ministra de Ambiente, en un mensaje publicado en la red social X este martes, quien cit\u00f3 informaci\u00f3n del comandante de Polic\u00eda y sum\u00f3 que el ministerio de Educaci\u00f3n anunci\u00f3 la suspensi\u00f3n de [&hellip;]\" \/>\n<meta property=\"og:url\" content=\"https:\/\/noticiasya.com\/2024\/09\/26\/ecuador-incendio-forestal-quito-provocado-trax\/\" \/>\n<meta property=\"og:site_name\" content=\"Noticias\" \/>\n<meta property=\"article:published_time\" content=\"2024-09-26T14:03:59+00:00\" \/>\n<meta name=\"twitter:card\" content=\"summary_large_image\" \/>\n<meta name=\"twitter:label1\" content=\"Est. reading time\" \/>\n\t<meta name=\"twitter:data1\" content=\"2 minutos\" \/>\n<script type=\"application\/ld+json\" class=\"yoast-schema-graph\">{\"@context\":\"https:\/\/schema.org\",\"@graph\":[{\"@type\":\"Article\",\"@id\":\"https:\/\/noticiasya.com\/2024\/09\/26\/ecuador-incendio-forestal-quito-provocado-trax\/#article\",\"isPartOf\":{\"@id\":\"https:\/\/noticiasya.com\/2024\/09\/26\/ecuador-incendio-forestal-quito-provocado-trax\/\"},\"author\":{\"name\":\"\",\"@id\":\"\"},\"headline\":\"Autoridades de Ecuador afirman que el incendio forestal en Quito fue provocado y buscan a los responsables\",\"datePublished\":\"2024-09-26T14:03:59+00:00\",\"mainEntityOfPage\":{\"@id\":\"https:\/\/noticiasya.com\/2024\/09\/26\/ecuador-incendio-forestal-quito-provocado-trax\/\"},\"wordCount\":359,\"commentCount\":0,\"publisher\":{\"@id\":\"https:\/\/noticiasya.com\/#organization\"},\"articleSection\":[\"Noticias Nacionales\"],\"inLanguage\":\"es\",\"potentialAction\":[{\"@type\":\"CommentAction\",\"name\":\"Comment\",\"target\":[\"https:\/\/noticiasya.com\/2024\/09\/26\/ecuador-incendio-forestal-quito-provocado-trax\/#respond\"]}]},{\"@type\":\"WebPage\",\"@id\":\"https:\/\/noticiasya.com\/2024\/09\/26\/ecuador-incendio-forestal-quito-provocado-trax\/\",\"url\":\"https:\/\/noticiasya.com\/2024\/09\/26\/ecuador-incendio-forestal-quito-provocado-trax\/\",\"name\":\"Autoridades de Ecuador afirman que el incendio forestal en Quito fue provocado y buscan a los responsables - Noticias\",\"isPartOf\":{\"@id\":\"https:\/\/noticiasya.com\/#website\"},\"datePublished\":\"2024-09-26T14:03:59+00:00\",\"breadcrumb\":{\"@id\":\"https:\/\/noticiasya.com\/2024\/09\/26\/ecuador-incendio-forestal-quito-provocado-trax\/#breadcrumb\"},\"inLanguage\":\"es\",\"potentialAction\":[{\"@type\":\"ReadAction\",\"target\":[\"https:\/\/noticiasya.com\/2024\/09\/26\/ecuador-incendio-forestal-quito-provocado-trax\/\"]}]},{\"@type\":\"BreadcrumbList\",\"@id\":\"https:\/\/noticiasya.com\/2024\/09\/26\/ecuador-incendio-forestal-quito-provocado-trax\/#breadcrumb\",\"itemListElement\":[{\"@type\":\"ListItem\",\"position\":1,\"name\":\"Home\",\"item\":\"https:\/\/noticiasya.com\/\"},{\"@type\":\"ListItem\",\"position\":2,\"name\":\"Autoridades de Ecuador afirman que el incendio forestal en Quito fue provocado y buscan a los responsables\"}]},{\"@type\":\"WebSite\",\"@id\":\"https:\/\/noticiasya.com\/#website\",\"url\":\"https:\/\/noticiasya.com\/\",\"name\":\"Noticias\",\"description\":\"Lo que importa\",\"publisher\":{\"@id\":\"https:\/\/noticiasya.com\/#organization\"},\"potentialAction\":[{\"@type\":\"SearchAction\",\"target\":{\"@type\":\"EntryPoint\",\"urlTemplate\":\"https:\/\/noticiasya.com\/?s={search_term_string}\"},\"query-input\":{\"@type\":\"PropertyValueSpecification\",\"valueRequired\":true,\"valueName\":\"search_term_string\"}}],\"inLanguage\":\"es\"},{\"@type\":\"Organization\",\"@id\":\"https:\/\/noticiasya.com\/#organization\",\"name\":\"Noticias\",\"url\":\"https:\/\/noticiasya.com\/\",\"logo\":{\"@type\":\"ImageObject\",\"inLanguage\":\"es\",\"@id\":\"https:\/\/noticiasya.com\/#\/schema\/logo\/image\/\",\"url\":\"https:\/\/noticiasya.com\/wp-content\/uploads\/sites\/22\/2023\/12\/logo-nacional.png\",\"contentUrl\":\"https:\/\/noticiasya.com\/wp-content\/uploads\/sites\/22\/2023\/12\/logo-nacional.png\",\"width\":1801,\"height\":691,\"caption\":\"Noticias\"},\"image\":{\"@id\":\"https:\/\/noticiasya.com\/#\/schema\/logo\/image\/\"}}]}<\/script>\n<!-- \/ Yoast SEO plugin. -->","yoast_head_json":{"title":"Autoridades de Ecuador afirman que el incendio forestal en Quito fue provocado y buscan a los responsables - Noticias","robots":{"index":"index","follow":"follow","max-snippet":"max-snippet:-1","max-image-preview":"max-image-preview:large","max-video-preview":"max-video-preview:-1"},"canonical":"https:\/\/noticiasya.com\/2024\/09\/26\/ecuador-incendio-forestal-quito-provocado-trax\/","og_locale":"es_ES","og_type":"article","og_title":"Autoridades de Ecuador afirman que el incendio forestal en Quito fue provocado y buscan a los responsables - Noticias","og_description":"(CNN Espa\u00f1ol) &#8212;\u00a0El incendio forestal que arrasa con todo a su paso por Quito, capital de Ecuador, habr\u00eda sido provocado, asegur\u00f3 In\u00e9s Manzano, ministra de Ambiente, en un mensaje publicado en la red social X este martes, quien cit\u00f3 informaci\u00f3n del comandante de Polic\u00eda y sum\u00f3 que el ministerio de Educaci\u00f3n anunci\u00f3 la suspensi\u00f3n de [&hellip;]","og_url":"https:\/\/noticiasya.com\/2024\/09\/26\/ecuador-incendio-forestal-quito-provocado-trax\/","og_site_name":"Noticias","article_published_time":"2024-09-26T14:03:59+00:00","twitter_card":"summary_large_image","twitter_misc":{"Est. reading time":"2 minutos"},"schema":{"@context":"https:\/\/schema.org","@graph":[{"@type":"Article","@id":"https:\/\/noticiasya.com\/2024\/09\/26\/ecuador-incendio-forestal-quito-provocado-trax\/#article","isPartOf":{"@id":"https:\/\/noticiasya.com\/2024\/09\/26\/ecuador-incendio-forestal-quito-provocado-trax\/"},"author":{"name":"","@id":""},"headline":"Autoridades de Ecuador afirman que el incendio forestal en Quito fue provocado y buscan a los responsables","datePublished":"2024-09-26T14:03:59+00:00","mainEntityOfPage":{"@id":"https:\/\/noticiasya.com\/2024\/09\/26\/ecuador-incendio-forestal-quito-provocado-trax\/"},"wordCount":359,"commentCount":0,"publisher":{"@id":"https:\/\/noticiasya.com\/#organization"},"articleSection":["Noticias Nacionales"],"inLanguage":"es","potentialAction":[{"@type":"CommentAction","name":"Comment","target":["https:\/\/noticiasya.com\/2024\/09\/26\/ecuador-incendio-forestal-quito-provocado-trax\/#respond"]}]},{"@type":"WebPage","@id":"https:\/\/noticiasya.com\/2024\/09\/26\/ecuador-incendio-forestal-quito-provocado-trax\/","url":"https:\/\/noticiasya.com\/2024\/09\/26\/ecuador-incendio-forestal-quito-provocado-trax\/","name":"Autoridades de Ecuador afirman que el incendio forestal en Quito fue provocado y buscan a los responsables - Noticias","isPartOf":{"@id":"https:\/\/noticiasya.com\/#website"},"datePublished":"2024-09-26T14:03:59+00:00","breadcrumb":{"@id":"https:\/\/noticiasya.com\/2024\/09\/26\/ecuador-incendio-forestal-quito-provocado-trax\/#breadcrumb"},"inLanguage":"es","potentialAction":[{"@type":"ReadAction","target":["https:\/\/noticiasya.com\/2024\/09\/26\/ecuador-incendio-forestal-quito-provocado-trax\/"]}]},{"@type":"BreadcrumbList","@id":"https:\/\/noticiasya.com\/2024\/09\/26\/ecuador-incendio-forestal-quito-provocado-trax\/#breadcrumb","itemListElement":[{"@type":"ListItem","position":1,"name":"Home","item":"https:\/\/noticiasya.com\/"},{"@type":"ListItem","position":2,"name":"Autoridades de Ecuador afirman que el incendio forestal en Quito fue provocado y buscan a los responsables"}]},{"@type":"WebSite","@id":"https:\/\/noticiasya.com\/#website","url":"https:\/\/noticiasya.com\/","name":"Noticias","description":"Lo que importa","publisher":{"@id":"https:\/\/noticiasya.com\/#organization"},"potentialAction":[{"@type":"SearchAction","target":{"@type":"EntryPoint","urlTemplate":"https:\/\/noticiasya.com\/?s={search_term_string}"},"query-input":{"@type":"PropertyValueSpecification","valueRequired":true,"valueName":"search_term_string"}}],"inLanguage":"es"},{"@type":"Organization","@id":"https:\/\/noticiasya.com\/#organization","name":"Noticias","url":"https:\/\/noticiasya.com\/","logo":{"@type":"ImageObject","inLanguage":"es","@id":"https:\/\/noticiasya.com\/#\/schema\/logo\/image\/","url":"https:\/\/noticiasya.com\/wp-content\/uploads\/sites\/22\/2023\/12\/logo-nacional.png","contentUrl":"https:\/\/noticiasya.com\/wp-content\/uploads\/sites\/22\/2023\/12\/logo-nacional.png","width":1801,"height":691,"caption":"Noticias"},"image":{"@id":"https:\/\/noticiasya.com\/#\/schema\/logo\/image\/"}}]}},"parsely":{"version":"1.1.0","canonical_url":"https:\/\/noticiasya.com\/midland-odessa\/2024\/09\/26\/ecuador-incendio-forestal-quito-provocado-trax\/","smart_links":{"inbound":0,"outbound":0},"traffic_boost_suggestions_count":0,"meta":{"@context":"https:\/\/schema.org","@type":"NewsArticle","headline":"Autoridades de Ecuador afirman que el incendio forestal en Quito fue provocado y buscan a los responsables","url":"http:\/\/noticiasya.com\/midland-odessa\/2024\/09\/26\/ecuador-incendio-forestal-quito-provocado-trax\/","mainEntityOfPage":{"@type":"WebPage","@id":"http:\/\/noticiasya.com\/midland-odessa\/2024\/09\/26\/ecuador-incendio-forestal-quito-provocado-trax\/"},"thumbnailUrl":"","image":{"@type":"ImageObject","url":""},"articleSection":"Noticias Nacionales","author":[],"creator":[],"publisher":{"@type":"Organization","name":"Noticias","logo":""},"keywords":[],"dateCreated":"2024-09-26T14:03:59Z","datePublished":"2024-09-26T14:03:59Z","dateModified":"2024-09-26T14:03:59Z"},"rendered":"<script type=\"application\/ld+json\" class=\"wp-parsely-metadata\">{\"@context\":\"https:\\\/\\\/schema.org\",\"@type\":\"NewsArticle\",\"headline\":\"Autoridades de Ecuador afirman que el incendio forestal en Quito fue provocado y buscan a los responsables\",\"url\":\"http:\\\/\\\/noticiasya.com\\\/midland-odessa\\\/2024\\\/09\\\/26\\\/ecuador-incendio-forestal-quito-provocado-trax\\\/\",\"mainEntityOfPage\":{\"@type\":\"WebPage\",\"@id\":\"http:\\\/\\\/noticiasya.com\\\/midland-odessa\\\/2024\\\/09\\\/26\\\/ecuador-incendio-forestal-quito-provocado-trax\\\/\"},\"thumbnailUrl\":\"\",\"image\":{\"@type\":\"ImageObject\",\"url\":\"\"},\"articleSection\":\"Noticias Nacionales\",\"author\":[],\"creator\":[],\"publisher\":{\"@type\":\"Organization\",\"name\":\"Noticias\",\"logo\":\"\"},\"keywords\":[],\"dateCreated\":\"2024-09-26T14:03:59Z\",\"datePublished\":\"2024-09-26T14:03:59Z\",\"dateModified\":\"2024-09-26T14:03:59Z\"}<\/script>","tracker_url":"https:\/\/cdn.parsely.com\/keys\/noticiasya.com\/p.js"},"jetpack_featured_media_url":"","jetpack-related-posts":[{"id":1453030,"url":"https:\/\/noticiasya.com\/midland-odessa\/2024\/09\/24\/incendio-forestal-humo-quito-ecuador-orix\/","url_meta":{"origin":1453093,"position":0},"title":"Gran incendio forestal cubre de humo la ciudad de Quito, hay equipos de emergencia luchando contra las llamas","author":"","date":"septiembre 24, 2024","format":false,"excerpt":"(CNN Espa\u00f1ol) \u2013\u2013 El Cuerpo de Bomberos de Quito, en Ecuador, confirm\u00f3 que un incendio forestal fue reportado en el sector de Gu\u00e1pulo, en el centro norte de la capital.La instituci\u00f3n indic\u00f3 que debido a los fuertes vientos que atraviesa la capital ecuatoriana se present\u00f3 una gran cantidad de humo\u2026","rel":"","context":"In &quot;Noticias Nacionales&quot;","block_context":{"text":"Noticias Nacionales","link":"https:\/\/noticiasya.com\/midland-odessa\/categoria\/noticias-nacionales"},"img":{"alt_text":"","src":"","width":0,"height":0},"classes":[]},{"id":1453164,"url":"https:\/\/noticiasya.com\/midland-odessa\/2024\/09\/27\/incendios-quito-ecuador-liquidados-4-detenidos-orix\/","url_meta":{"origin":1453093,"position":1},"title":"Declaran liquidados los incendios que afectaron Quito esta semana; hay 4 presuntos responsables detenidos","author":"","date":"septiembre 27, 2024","format":false,"excerpt":"(CNN Espa\u00f1ol) -- Los incendios forestales que esta semana afectaron varios puntos de Quito quedaron liquidados este viernes, dijeron el alcalde Pabel Mu\u00f1oz y los bomberos de la capital de Ecuador.El alcalde dijo en su cuenta de X que se trat\u00f3 de los peores incendios en 30 a\u00f1os, y agradeci\u00f3\u2026","rel":"","context":"In &quot;Noticias Nacionales&quot;","block_context":{"text":"Noticias Nacionales","link":"https:\/\/noticiasya.com\/midland-odessa\/categoria\/noticias-nacionales"},"img":{"alt_text":"","src":"","width":0,"height":0},"classes":[]},{"id":1453116,"url":"https:\/\/noticiasya.com\/midland-odessa\/2024\/09\/26\/detienen-segundo-hombre-involucrado-incendios-quito-orix\/","url_meta":{"origin":1453093,"position":2},"title":"Detienen a un segundo hombre presuntamente involucrado en los incendios en Quito","author":"","date":"septiembre 26, 2024","format":false,"excerpt":"(CNN Espa\u00f1ol) \u2013\u2013 La Polic\u00eda Nacional de Ecuador detuvo este jueves a un segundo hombre presuntamente involucrado en los incendios que esta semana afectan a Quito e hicieron que la Alcald\u00eda declarara emergencia en la capital, de acuerdo con un comunicado.Se trata, seg\u00fan las autoridades, de una persona de nacionalidad\u2026","rel":"","context":"In &quot;Noticias Nacionales&quot;","block_context":{"text":"Noticias Nacionales","link":"https:\/\/noticiasya.com\/midland-odessa\/categoria\/noticias-nacionales"},"img":{"alt_text":"","src":"","width":0,"height":0},"classes":[]},{"id":1453092,"url":"https:\/\/noticiasya.com\/midland-odessa\/2024\/09\/26\/quito-declara-emergencia-incendios-forestales-orix\/","url_meta":{"origin":1453093,"position":3},"title":"Quito declara emergencia por los incendios forestales","author":"","date":"septiembre 26, 2024","format":false,"excerpt":"(CNN Espa\u00f1ol) --\u00a0La Alcald\u00eda de Quito declar\u00f3 este mi\u00e9rcoles emergencia, debido a los incendios que el martes se intensificaron en varios puntos de la capital de Ecuador.El alcalde Pabel Mu\u00f1oz dijo en conferencia de prensa que el Comit\u00e9 de Operaciones de Emergencia (COE) tom\u00f3 la decisi\u00f3n por recomendaci\u00f3n de un\u2026","rel":"","context":"In &quot;Noticias Nacionales&quot;","block_context":{"text":"Noticias Nacionales","link":"https:\/\/noticiasya.com\/midland-odessa\/categoria\/noticias-nacionales"},"img":{"alt_text":"","src":"","width":0,"height":0},"classes":[]},{"id":1443455,"url":"https:\/\/noticiasya.com\/midland-odessa\/2024\/01\/10\/explosiones-policias-secuestrados-e-incidentes-en-varias-carceles-en-el-primer-dia-de-estado-de-excepcion-en-ecuador\/","url_meta":{"origin":1453093,"position":4},"title":"Explosiones, polic\u00edas secuestrados e incidentes en varias c\u00e1rceles en el primer d\u00eda de estado de excepci\u00f3n en Ecuador","author":"","date":"enero 10, 2024","format":false,"excerpt":"(CNN Espa\u00f1ol) -- Aumenta la tensi\u00f3n y la violencia en Ecuador tras la fuga de Adolfo Mac\u00edas, alias \u201cFito\u201d, l\u00edder de la banda criminal de Los Choneros.Este lunes y martes por la madrugada se vivi\u00f3 \u201cuna noche de terror\u201d en varias regiones del pa\u00eds. As\u00ed califican la situaci\u00f3n algunos ciudadanos\u2026","rel":"","context":"In &quot;Noticias Nacionales&quot;","block_context":{"text":"Noticias Nacionales","link":"https:\/\/noticiasya.com\/midland-odessa\/categoria\/noticias-nacionales"},"img":{"alt_text":"","src":"","width":0,"height":0},"classes":[]},{"id":1412371,"url":"https:\/\/noticiasya.com\/midland-odessa\/2022\/07\/12\/incendio-forestal-deja-1-herido-y-provoca-evacuaciones-en-dehesa-video-se-registra-un-incendio-de-maleza-en-el-area-de-dehesa\/","url_meta":{"origin":1453093,"position":5},"title":"VIDEO: Incendio forestal deja 1 herido y provoca evacuaciones en Dehesa","author":"agomez","date":"julio 12, 2022","format":false,"excerpt":"Se registra un incendio de maleza en el \u00e1rea de Dehesa. Hasta el momento el fuego ha consumido 5 acres.\u00a0","rel":"","context":"In &quot;Comunidad&quot;","block_context":{"text":"Comunidad","link":"https:\/\/noticiasya.com\/midland-odessa\/categoria\/comunidad"},"img":{"alt_text":"","src":"","width":0,"height":0},"classes":[]}],"jetpack_sharing_enabled":true,"_links":{"self":[{"href":"https:\/\/noticiasya.com\/midland-odessa\/wp-json\/wp\/v2\/posts\/1453093","targetHints":{"allow":["GET"]}}],"collection":[{"href":"https:\/\/noticiasya.com\/midland-odessa\/wp-json\/wp\/v2\/posts"}],"about":[{"href":"https:\/\/noticiasya.com\/midland-odessa\/wp-json\/wp\/v2\/types\/post"}],"replies":[{"embeddable":true,"href":"https:\/\/noticiasya.com\/midland-odessa\/wp-json\/wp\/v2\/comments?post=1453093"}],"version-history":[{"count":0,"href":"https:\/\/noticiasya.com\/midland-odessa\/wp-json\/wp\/v2\/posts\/1453093\/revisions"}],"wp:attachment":[{"href":"https:\/\/noticiasya.com\/midland-odessa\/wp-json\/wp\/v2\/media?parent=1453093"}],"wp:term":[{"taxonomy":"category","embeddable":true,"href":"https:\/\/noticiasya.com\/midland-odessa\/wp-json\/wp\/v2\/categories?post=1453093"},{"taxonomy":"post_tag","embeddable":true,"href":"https:\/\/noticiasya.com\/midland-odessa\/wp-json\/wp\/v2\/tags?post=1453093"}],"curies":[{"name":"wp","href":"https:\/\/api.w.org\/{rel}","templated":true}]}}