{"id":1453098,"date":"2024-09-26T10:03:50","date_gmt":"2024-09-26T17:03:50","guid":{"rendered":"https:\/\/noticiasya.com\/2024\/09\/26\/lyle-y-erik-menendez-parricidio-monstruos-netflix-orix\/"},"modified":"2024-09-26T10:03:50","modified_gmt":"2024-09-26T17:03:50","slug":"lyle-y-erik-menendez-parricidio-monstruos-netflix-orix","status":"publish","type":"post","link":"https:\/\/noticiasya.com\/midland-odessa\/2024\/09\/26\/lyle-y-erik-menendez-parricidio-monstruos-netflix-orix\/","title":{"rendered":"\u00bfQui\u00e9nes son Lyle y Erik Men\u00e9ndez? La historia real detr\u00e1s de \u201cMonstruos\u201d, la nueva miniserie de Netflix"},"content":{"rendered":"<p>(CNN Espa\u00f1ol) &#8212; El 20 de agosto de 1989, los hermanos Lyle y Erik Men\u00e9ndez mataron a sus padres en el interior de su mansi\u00f3n de Beverly Hills, California. La serie de Netflix \u201cMonstruos: la historia de Lyle y Erik Men\u00e9ndez\u201d, que se estren\u00f3 en la plataforma el 19 de septiembre, es un drama de nueve cap\u00edtulos basado en ese crimen. CNN pudo saber que los hermanos Men\u00e9ndez tienen conocimiento de la serie.<\/p>\n<p>Pese a que durante el juicio Lyle y Erik Men\u00e9ndez alegaron a\u00f1os de abusos por parte de su padre e indiferencia de su madre respecto de los mismos, la fiscal\u00eda no crey\u00f3 en sus testimonios y argumentaba que quer\u00edan quedarse con el patrimonio de sus padres. Ambos fueron condenados a cadena perpetua en 1996.<\/p>\n<p>A ra\u00edz de la producci\u00f3n basada en la historia del crimen, Cliff Gardner, uno de los abogados de Lyle y Erik Men\u00e9ndez, dijo a CNN que los hermanos tienen conocimiento de la serie, al responder un correo electr\u00f3nico este martes.<\/p>\n<p>Gardner dijo que, de acuerdo con su informaci\u00f3n, no tuvieron participaci\u00f3n en la producci\u00f3n.<\/p>\n<p>Respecto de si tienen alguna opini\u00f3n sobre c\u00f3mo la serie se refiere a ellos, en particular en el t\u00edtulo, Gardner respondi\u00f3: \u201cEstoy bastante seguro de que s\u00ed, aunque no he estado en contacto con ellos desde que se emiti\u00f3 la serie\u201d.<\/p>\n<p>El caso de los hermanos Men\u00e9ndez<\/p>\n<p>Jos\u00e9 Men\u00e9ndez, un ejecutivo musical de RCA Records de 45 a\u00f1os y su esposa Mary Louise \u201cKitty\u201d Men\u00e9ndez, de 47, murieron en el brutal tiroteo dentro de su propia casa.<\/p>\n<p>Fue Lyle, el hermano mayor, quien llam\u00f3 al 911 y dijo, en medio del llanto: \u201cAlguien mat\u00f3 a mis padres\u201d. La grabaci\u00f3n de la llamada, que se difundi\u00f3 en los medios y que es parte de la serie, comienza as\u00ed:<\/p>\n<p>\u201cEmergencias: \u2014Beverly Hills, emergencias.<br \/>\nLyle Men\u00e9ndez: \u2014S\u00ed .<br \/>\nEmergencias: \u2014\u00bfQu\u00e9 sucede?<br \/>\nLyle Men\u00e9ndez: \u2014Somos hijos de\u2026<br \/>\nEmergencias: \u2014\u00bfQu\u00e9 sucede?<br \/>\nLyle Men\u00e9ndez: \u2014Alguien mat\u00f3 a mis padres.<br \/>\nEmergencias: \u2014\u00bfQu\u00e9? \u00bfQui\u00e9n? \u00bfSiguen all\u00ed?<br \/>\nLyle Men\u00e9ndez: \u2014S\u00ed<br \/>\nEmergencias: \u2014\u00bfLes dispararon?<br \/>\nLyle Men\u00e9ndez: \u2014S\u00ed (&#8230;)\u201d<\/p>\n<p>Si bien al principio los hermanos Men\u00e9ndez negaron haber matado a sus padres, luego admitieron haberlo hecho, aunque negaron que el motivo fuera por dinero. Y en el primer juicio, que fue televisado, dieron detalles de los presuntos abusos sexuales de su padre.<\/p>\n<p>En 1995, su abogada Leslie Abramson dijo que no se trat\u00f3 de un asesinato porque no hubo mala intenci\u00f3n en el acto: habl\u00f3 de a\u00f1os de abuso psicol\u00f3gico y sexual, y dijo que los hermanos mataron por miedo. &#171;Si es miedo y no mala intenci\u00f3n, no es asesinato&#187;, dijo, seg\u00fan report\u00f3 CNN.<\/p>\n<p>El argumento de que no deb\u00edan ser condenados por homicidio premeditado se basaba en que hab\u00edan actuado en defensa propia tras soportar toda una vida de abusos por parte de su padre, y de que su madre no hiciera nada al respecto.<\/p>\n<p>La fiscal\u00eda, en cambio, no cre\u00eda en sus testimonios y afirmaba que los hermanos hab\u00edan actuado por avaricia y quer\u00edan sacar provecho del patrimonio de sus padres, estimado en 13 millones de d\u00f3lares.<\/p>\n<p>El primer juicio fue abierto a la televisi\u00f3n y se llev\u00f3 a cabo en 1993 ante dos jurados, ya que cada hermano tuvo un jurado independiente. Y se declar\u00f3 nulo despu\u00e9s de que ambos jurados no lograron llegar a un veredicto en 1994.<\/p>\n<p>El segundo juicio fue en 1996, y el jurado tom\u00f3 su decisi\u00f3n despu\u00e9s de deliberar durante tres d\u00edas. Fueron declarados culpables de homicidio premeditado.<\/p>\n<p>Lyle Men\u00e9ndez, de 56 a\u00f1os, y Erik Men\u00e9ndez, de 51, actualmente cumplen cadena perpetua en la misma c\u00e1rcel de California sin posibilidad de libertad condicional.<\/p>\n<p>Erik Men\u00e9ndez (derecha) y su hermano Lyle escuchan los procedimientos judiciales durante una comparecencia el 17 de mayo de 1991 en el caso del asesinato con escopeta de sus padres ricos en agosto de 1989. Lee Celano\/Reuters<\/p>\n<p>El pedido de h\u00e1beas corpus de sus abogados para anular sus cadenas perpetuas<\/p>\n<p>En mayo de 2023, los abogados de los hermanos Men\u00e9ndez afirmaron que hab\u00eda nuevas pruebas para demostrar que las condenas y las cadenas perpetuas deb\u00edan anularse, seg\u00fan los documentos judiciales que presentaron.<\/p>\n<p>Los defensores argumentaron que dos piezas de evidencia contrarrestaban la narrativa de los fiscales y presentaron una petici\u00f3n de h\u00e1beas corpus ante el Tribunal Superior de Los \u00c1ngeles, donde afirmaron que en una carta enviada por Erik a su primo ocho meses antes de los homicidios da detalles de los abusos de su padre.<\/p>\n<p>La oficina del fiscal del condado de Los \u00c1ngeles, que proces\u00f3 los dos juicios, dijo a CNN en un comunicado en ese momento: \u201cHemos recibido la petici\u00f3n de h\u00e1beas en el asunto Men\u00e9ndez y actualmente est\u00e1 bajo revisi\u00f3n\u201d.<\/p>\n<p>La carta de Erik Men\u00e9ndez a su primo Andy Cano, de diciembre de 1988, dice: \u201cSigue ocurriendo, Andy, pero ahora es peor para m\u00ed\u201d.<\/p>\n<p>La carta fue descubierta por la hermana menor de Jos\u00e9 Men\u00e9ndez y madre de Andy, Marta Cano, quien la comparti\u00f3 con el periodista Robert Rand en abril de 2018, inform\u00f3 CNN.<\/p>\n<p>Ese mismo mes, \u00e9l comparti\u00f3 la carta con el exabogado de apelaciones de Erik Men\u00e9ndez, Cliff Gardner, seg\u00fan indica el documento judicial.<\/p>\n<p>En la carta, Erik escribe: \u201cNunca s\u00e9 cu\u00e1ndo va a pasar y me est\u00e1 volviendo loco. Todas las noches me quedo despierto pensando que puede venir. Necesito quit\u00e1rmelo de la cabeza. S\u00e9 lo que dijiste antes, pero tengo miedo. No conoces a pap\u00e1 como yo. Est\u00e1 loco. Me ha advertido cientos de veces que no se lo diga a nadie, especialmente a Lyle. \u00bfSoy un quejica? No s\u00e9 si voy a superar esto. Puedo manejarlo, Andy. Tengo que dejar de pensar en ello\u201d.<\/p>\n<p>Una revisi\u00f3n de los registros judiciales muestra que la carta no se present\u00f3 en ninguno de los dos juicios, dice el documento.<\/p>\n<p>Por otro lado, la otra prueba que tuvieron en cuenta los defensores para el pedido es el testimonio de Roy Rosell\u00f3, exintegrante del grupo musical juvenil Menudo, vinculado a la discogr\u00e1fica RCA, donde Men\u00e9ndez era ejecutivo.<\/p>\n<p>Rossell\u00f3 afirm\u00f3 que Jos\u00e9 Men\u00e9ndez abus\u00f3 sexualmente de \u00e9l cuando era adolescente. La presunta agresi\u00f3n se dio a conocer en el documental llamado \u201cMen\u00e9ndez + Menudo: Boys Betrayed\u201d que se estren\u00f3 en mayo de 2023 en la plataforma Peacock.<\/p>\n<p>\u201cEn resumen, las nuevas pruebas no solo demuestran que Jos\u00e9 Men\u00e9ndez era un hombre violento y brutal que abusaba sexualmente de los ni\u00f1os, sino que sugieren que, de hecho, segu\u00eda abusando de Erik Men\u00e9ndez en diciembre de 1988. Tal y como la defensa hab\u00eda argumentado todo el tiempo\u201d, dice el documento judicial que los abogados de los hermanos Men\u00e9ndez presentaron el a\u00f1o pasado.<\/p>\n<p>Por este motivo, los abogados pidieron al tribunal que anule la condena y la sentencia contra ambos, o que permita la presentaci\u00f3n de pruebas y una audiencia probatoria cuando puedan aportarlas, seg\u00fan se indicaba en el escrito.<\/p>\n<p>A\u00fan no hay novedades sobre ese pedido. \u201cEl tribunal ha ordenado al Estado que responda por escrito a la petici\u00f3n. El Estado a\u00fan no ha respondido; su respuesta deber\u00e1 recibirse a finales de noviembre\u201d, dijo Gardner a CNN sobre el avance de la petici\u00f3n de habeas corpus.<\/p>\n<p>Con informaci\u00f3n de CNN, Taylor Romine, Abel Alvarado, Rafy Rivera.<\/p>\n<p>The-CNN-Wire<br \/>&trade; &amp; &copy; 2024 Cable News Network, Inc., a Warner Bros. Discovery Company. All rights reserved.<\/p>\n","protected":false},"excerpt":{"rendered":"<p>(CNN Espa\u00f1ol) &#8212; El 20 de agosto de 1989, los hermanos Lyle y Erik Men\u00e9ndez mataron a sus padres en el interior de su mansi\u00f3n de Beverly Hills, California. La serie de Netflix \u201cMonstruos: la historia de Lyle y Erik Men\u00e9ndez\u201d, que se estren\u00f3 en la plataforma el 19 de septiembre, es un drama de [&hellip;]<\/p>\n","protected":false},"author":0,"featured_media":0,"comment_status":"open","ping_status":"open","sticky":false,"template":"","format":"standard","meta":{"_jetpack_memberships_contains_paid_content":false,"footnotes":""},"categories":[10],"tags":[],"class_list":["post-1453098","post","type-post","status-publish","format-standard","hentry","category-noticias-nacionales","market-global"],"yoast_head":"<!-- This site is optimized with the Yoast SEO plugin v24.4 - https:\/\/yoast.com\/wordpress\/plugins\/seo\/ -->\n<title>\u00bfQui\u00e9nes son Lyle y Erik Men\u00e9ndez? La historia real detr\u00e1s de \u201cMonstruos\u201d, la nueva miniserie de Netflix - Noticias<\/title>\n<meta name=\"robots\" content=\"index, follow, max-snippet:-1, max-image-preview:large, max-video-preview:-1\" \/>\n<link rel=\"canonical\" href=\"https:\/\/noticiasya.com\/2024\/09\/26\/lyle-y-erik-menendez-parricidio-monstruos-netflix-orix\/\" \/>\n<meta property=\"og:locale\" content=\"es_ES\" \/>\n<meta property=\"og:type\" content=\"article\" \/>\n<meta property=\"og:title\" content=\"\u00bfQui\u00e9nes son Lyle y Erik Men\u00e9ndez? La historia real detr\u00e1s de \u201cMonstruos\u201d, la nueva miniserie de Netflix - Noticias\" \/>\n<meta property=\"og:description\" content=\"(CNN Espa\u00f1ol) &#8212; El 20 de agosto de 1989, los hermanos Lyle y Erik Men\u00e9ndez mataron a sus padres en el interior de su mansi\u00f3n de Beverly Hills, California. La serie de Netflix \u201cMonstruos: la historia de Lyle y Erik Men\u00e9ndez\u201d, que se estren\u00f3 en la plataforma el 19 de septiembre, es un drama de [&hellip;]\" \/>\n<meta property=\"og:url\" content=\"https:\/\/noticiasya.com\/2024\/09\/26\/lyle-y-erik-menendez-parricidio-monstruos-netflix-orix\/\" \/>\n<meta property=\"og:site_name\" content=\"Noticias\" \/>\n<meta property=\"article:published_time\" content=\"2024-09-26T17:03:50+00:00\" \/>\n<meta name=\"twitter:card\" content=\"summary_large_image\" \/>\n<meta name=\"twitter:label1\" content=\"Est. reading time\" \/>\n\t<meta name=\"twitter:data1\" content=\"6 minutos\" \/>\n<script type=\"application\/ld+json\" class=\"yoast-schema-graph\">{\"@context\":\"https:\/\/schema.org\",\"@graph\":[{\"@type\":\"Article\",\"@id\":\"https:\/\/noticiasya.com\/2024\/09\/26\/lyle-y-erik-menendez-parricidio-monstruos-netflix-orix\/#article\",\"isPartOf\":{\"@id\":\"https:\/\/noticiasya.com\/2024\/09\/26\/lyle-y-erik-menendez-parricidio-monstruos-netflix-orix\/\"},\"author\":{\"name\":\"\",\"@id\":\"\"},\"headline\":\"\u00bfQui\u00e9nes son Lyle y Erik Men\u00e9ndez? La historia real detr\u00e1s de \u201cMonstruos\u201d, la nueva miniserie de Netflix\",\"datePublished\":\"2024-09-26T17:03:50+00:00\",\"mainEntityOfPage\":{\"@id\":\"https:\/\/noticiasya.com\/2024\/09\/26\/lyle-y-erik-menendez-parricidio-monstruos-netflix-orix\/\"},\"wordCount\":1292,\"commentCount\":0,\"publisher\":{\"@id\":\"https:\/\/noticiasya.com\/#organization\"},\"articleSection\":[\"Noticias Nacionales\"],\"inLanguage\":\"es\",\"potentialAction\":[{\"@type\":\"CommentAction\",\"name\":\"Comment\",\"target\":[\"https:\/\/noticiasya.com\/2024\/09\/26\/lyle-y-erik-menendez-parricidio-monstruos-netflix-orix\/#respond\"]}]},{\"@type\":\"WebPage\",\"@id\":\"https:\/\/noticiasya.com\/2024\/09\/26\/lyle-y-erik-menendez-parricidio-monstruos-netflix-orix\/\",\"url\":\"https:\/\/noticiasya.com\/2024\/09\/26\/lyle-y-erik-menendez-parricidio-monstruos-netflix-orix\/\",\"name\":\"\u00bfQui\u00e9nes son Lyle y Erik Men\u00e9ndez? La historia real detr\u00e1s de \u201cMonstruos\u201d, la nueva miniserie de Netflix - Noticias\",\"isPartOf\":{\"@id\":\"https:\/\/noticiasya.com\/#website\"},\"datePublished\":\"2024-09-26T17:03:50+00:00\",\"breadcrumb\":{\"@id\":\"https:\/\/noticiasya.com\/2024\/09\/26\/lyle-y-erik-menendez-parricidio-monstruos-netflix-orix\/#breadcrumb\"},\"inLanguage\":\"es\",\"potentialAction\":[{\"@type\":\"ReadAction\",\"target\":[\"https:\/\/noticiasya.com\/2024\/09\/26\/lyle-y-erik-menendez-parricidio-monstruos-netflix-orix\/\"]}]},{\"@type\":\"BreadcrumbList\",\"@id\":\"https:\/\/noticiasya.com\/2024\/09\/26\/lyle-y-erik-menendez-parricidio-monstruos-netflix-orix\/#breadcrumb\",\"itemListElement\":[{\"@type\":\"ListItem\",\"position\":1,\"name\":\"Home\",\"item\":\"https:\/\/noticiasya.com\/\"},{\"@type\":\"ListItem\",\"position\":2,\"name\":\"\u00bfQui\u00e9nes son Lyle y Erik Men\u00e9ndez? La historia real detr\u00e1s de \u201cMonstruos\u201d, la nueva miniserie de Netflix\"}]},{\"@type\":\"WebSite\",\"@id\":\"https:\/\/noticiasya.com\/#website\",\"url\":\"https:\/\/noticiasya.com\/\",\"name\":\"Noticias\",\"description\":\"Lo que importa\",\"publisher\":{\"@id\":\"https:\/\/noticiasya.com\/#organization\"},\"potentialAction\":[{\"@type\":\"SearchAction\",\"target\":{\"@type\":\"EntryPoint\",\"urlTemplate\":\"https:\/\/noticiasya.com\/?s={search_term_string}\"},\"query-input\":{\"@type\":\"PropertyValueSpecification\",\"valueRequired\":true,\"valueName\":\"search_term_string\"}}],\"inLanguage\":\"es\"},{\"@type\":\"Organization\",\"@id\":\"https:\/\/noticiasya.com\/#organization\",\"name\":\"Noticias\",\"url\":\"https:\/\/noticiasya.com\/\",\"logo\":{\"@type\":\"ImageObject\",\"inLanguage\":\"es\",\"@id\":\"https:\/\/noticiasya.com\/#\/schema\/logo\/image\/\",\"url\":\"https:\/\/noticiasya.com\/wp-content\/uploads\/sites\/22\/2023\/12\/logo-nacional.png\",\"contentUrl\":\"https:\/\/noticiasya.com\/wp-content\/uploads\/sites\/22\/2023\/12\/logo-nacional.png\",\"width\":1801,\"height\":691,\"caption\":\"Noticias\"},\"image\":{\"@id\":\"https:\/\/noticiasya.com\/#\/schema\/logo\/image\/\"}}]}<\/script>\n<!-- \/ Yoast SEO plugin. -->","yoast_head_json":{"title":"\u00bfQui\u00e9nes son Lyle y Erik Men\u00e9ndez? La historia real detr\u00e1s de \u201cMonstruos\u201d, la nueva miniserie de Netflix - Noticias","robots":{"index":"index","follow":"follow","max-snippet":"max-snippet:-1","max-image-preview":"max-image-preview:large","max-video-preview":"max-video-preview:-1"},"canonical":"https:\/\/noticiasya.com\/2024\/09\/26\/lyle-y-erik-menendez-parricidio-monstruos-netflix-orix\/","og_locale":"es_ES","og_type":"article","og_title":"\u00bfQui\u00e9nes son Lyle y Erik Men\u00e9ndez? La historia real detr\u00e1s de \u201cMonstruos\u201d, la nueva miniserie de Netflix - Noticias","og_description":"(CNN Espa\u00f1ol) &#8212; El 20 de agosto de 1989, los hermanos Lyle y Erik Men\u00e9ndez mataron a sus padres en el interior de su mansi\u00f3n de Beverly Hills, California. La serie de Netflix \u201cMonstruos: la historia de Lyle y Erik Men\u00e9ndez\u201d, que se estren\u00f3 en la plataforma el 19 de septiembre, es un drama de [&hellip;]","og_url":"https:\/\/noticiasya.com\/2024\/09\/26\/lyle-y-erik-menendez-parricidio-monstruos-netflix-orix\/","og_site_name":"Noticias","article_published_time":"2024-09-26T17:03:50+00:00","twitter_card":"summary_large_image","twitter_misc":{"Est. reading time":"6 minutos"},"schema":{"@context":"https:\/\/schema.org","@graph":[{"@type":"Article","@id":"https:\/\/noticiasya.com\/2024\/09\/26\/lyle-y-erik-menendez-parricidio-monstruos-netflix-orix\/#article","isPartOf":{"@id":"https:\/\/noticiasya.com\/2024\/09\/26\/lyle-y-erik-menendez-parricidio-monstruos-netflix-orix\/"},"author":{"name":"","@id":""},"headline":"\u00bfQui\u00e9nes son Lyle y Erik Men\u00e9ndez? La historia real detr\u00e1s de \u201cMonstruos\u201d, la nueva miniserie de Netflix","datePublished":"2024-09-26T17:03:50+00:00","mainEntityOfPage":{"@id":"https:\/\/noticiasya.com\/2024\/09\/26\/lyle-y-erik-menendez-parricidio-monstruos-netflix-orix\/"},"wordCount":1292,"commentCount":0,"publisher":{"@id":"https:\/\/noticiasya.com\/#organization"},"articleSection":["Noticias Nacionales"],"inLanguage":"es","potentialAction":[{"@type":"CommentAction","name":"Comment","target":["https:\/\/noticiasya.com\/2024\/09\/26\/lyle-y-erik-menendez-parricidio-monstruos-netflix-orix\/#respond"]}]},{"@type":"WebPage","@id":"https:\/\/noticiasya.com\/2024\/09\/26\/lyle-y-erik-menendez-parricidio-monstruos-netflix-orix\/","url":"https:\/\/noticiasya.com\/2024\/09\/26\/lyle-y-erik-menendez-parricidio-monstruos-netflix-orix\/","name":"\u00bfQui\u00e9nes son Lyle y Erik Men\u00e9ndez? La historia real detr\u00e1s de \u201cMonstruos\u201d, la nueva miniserie de Netflix - Noticias","isPartOf":{"@id":"https:\/\/noticiasya.com\/#website"},"datePublished":"2024-09-26T17:03:50+00:00","breadcrumb":{"@id":"https:\/\/noticiasya.com\/2024\/09\/26\/lyle-y-erik-menendez-parricidio-monstruos-netflix-orix\/#breadcrumb"},"inLanguage":"es","potentialAction":[{"@type":"ReadAction","target":["https:\/\/noticiasya.com\/2024\/09\/26\/lyle-y-erik-menendez-parricidio-monstruos-netflix-orix\/"]}]},{"@type":"BreadcrumbList","@id":"https:\/\/noticiasya.com\/2024\/09\/26\/lyle-y-erik-menendez-parricidio-monstruos-netflix-orix\/#breadcrumb","itemListElement":[{"@type":"ListItem","position":1,"name":"Home","item":"https:\/\/noticiasya.com\/"},{"@type":"ListItem","position":2,"name":"\u00bfQui\u00e9nes son Lyle y Erik Men\u00e9ndez? La historia real detr\u00e1s de \u201cMonstruos\u201d, la nueva miniserie de Netflix"}]},{"@type":"WebSite","@id":"https:\/\/noticiasya.com\/#website","url":"https:\/\/noticiasya.com\/","name":"Noticias","description":"Lo que importa","publisher":{"@id":"https:\/\/noticiasya.com\/#organization"},"potentialAction":[{"@type":"SearchAction","target":{"@type":"EntryPoint","urlTemplate":"https:\/\/noticiasya.com\/?s={search_term_string}"},"query-input":{"@type":"PropertyValueSpecification","valueRequired":true,"valueName":"search_term_string"}}],"inLanguage":"es"},{"@type":"Organization","@id":"https:\/\/noticiasya.com\/#organization","name":"Noticias","url":"https:\/\/noticiasya.com\/","logo":{"@type":"ImageObject","inLanguage":"es","@id":"https:\/\/noticiasya.com\/#\/schema\/logo\/image\/","url":"https:\/\/noticiasya.com\/wp-content\/uploads\/sites\/22\/2023\/12\/logo-nacional.png","contentUrl":"https:\/\/noticiasya.com\/wp-content\/uploads\/sites\/22\/2023\/12\/logo-nacional.png","width":1801,"height":691,"caption":"Noticias"},"image":{"@id":"https:\/\/noticiasya.com\/#\/schema\/logo\/image\/"}}]}},"parsely":{"version":"1.1.0","canonical_url":"https:\/\/noticiasya.com\/midland-odessa\/2024\/09\/26\/lyle-y-erik-menendez-parricidio-monstruos-netflix-orix\/","smart_links":{"inbound":0,"outbound":0},"traffic_boost_suggestions_count":0,"meta":{"@context":"https:\/\/schema.org","@type":"NewsArticle","headline":"\u00bfQui\u00e9nes son Lyle y Erik Men\u00e9ndez? La historia real detr\u00e1s de \u201cMonstruos\u201d, la nueva miniserie de Netflix","url":"http:\/\/noticiasya.com\/midland-odessa\/2024\/09\/26\/lyle-y-erik-menendez-parricidio-monstruos-netflix-orix\/","mainEntityOfPage":{"@type":"WebPage","@id":"http:\/\/noticiasya.com\/midland-odessa\/2024\/09\/26\/lyle-y-erik-menendez-parricidio-monstruos-netflix-orix\/"},"thumbnailUrl":"","image":{"@type":"ImageObject","url":""},"articleSection":"Noticias Nacionales","author":[],"creator":[],"publisher":{"@type":"Organization","name":"Noticias","logo":""},"keywords":[],"dateCreated":"2024-09-26T17:03:50Z","datePublished":"2024-09-26T17:03:50Z","dateModified":"2024-09-26T17:03:50Z"},"rendered":"<script type=\"application\/ld+json\" class=\"wp-parsely-metadata\">{\"@context\":\"https:\\\/\\\/schema.org\",\"@type\":\"NewsArticle\",\"headline\":\"\\u00bfQui\\u00e9nes son Lyle y Erik Men\\u00e9ndez? La historia real detr\\u00e1s de \\u201cMonstruos\\u201d, la nueva miniserie de Netflix\",\"url\":\"http:\\\/\\\/noticiasya.com\\\/midland-odessa\\\/2024\\\/09\\\/26\\\/lyle-y-erik-menendez-parricidio-monstruos-netflix-orix\\\/\",\"mainEntityOfPage\":{\"@type\":\"WebPage\",\"@id\":\"http:\\\/\\\/noticiasya.com\\\/midland-odessa\\\/2024\\\/09\\\/26\\\/lyle-y-erik-menendez-parricidio-monstruos-netflix-orix\\\/\"},\"thumbnailUrl\":\"\",\"image\":{\"@type\":\"ImageObject\",\"url\":\"\"},\"articleSection\":\"Noticias Nacionales\",\"author\":[],\"creator\":[],\"publisher\":{\"@type\":\"Organization\",\"name\":\"Noticias\",\"logo\":\"\"},\"keywords\":[],\"dateCreated\":\"2024-09-26T17:03:50Z\",\"datePublished\":\"2024-09-26T17:03:50Z\",\"dateModified\":\"2024-09-26T17:03:50Z\"}<\/script>","tracker_url":"https:\/\/cdn.parsely.com\/keys\/noticiasya.com\/p.js"},"jetpack_featured_media_url":"","jetpack-related-posts":[{"id":1456063,"url":"https:\/\/noticiasya.com\/midland-odessa\/2024\/11\/25\/analisis-hermanos-menendez-ficcion-caso-legal-orix\/","url_meta":{"origin":1453098,"position":0},"title":"AN\u00c1LISIS | \u00bfSer\u00e1 la ficci\u00f3n la que al final cambie el rumbo legal de los hermanos Men\u00e9ndez?","author":"","date":"noviembre 25, 2024","format":false,"excerpt":"(CNN Espa\u00f1ol) -- Creo en el poder transformador de las obras de arte, sea una pel\u00edcula, una obra de teatro o un cuadro. Las historias de ficci\u00f3n o basadas en ella pueden chocar, molestar y, con la presi\u00f3n suficiente, quiz\u00e1 generar cambios sociales frente a determinada situaci\u00f3n. Entonces, \u00bfpueden una\u2026","rel":"","context":"In &quot;Noticias Nacionales&quot;","block_context":{"text":"Noticias Nacionales","link":"https:\/\/noticiasya.com\/midland-odessa\/categoria\/noticias-nacionales"},"img":{"alt_text":"","src":"","width":0,"height":0},"classes":[]},{"id":1455102,"url":"https:\/\/noticiasya.com\/midland-odessa\/2024\/10\/15\/lyle-erik-menendez-entrevista-director-alejandro-hartmann-orix\/","url_meta":{"origin":1453098,"position":1},"title":"&#171;Creo que Lyle y Erik ya han pagado por el crimen de sus padres&#187;, dice el director de &#171;Los\u00a0hermanos Men\u00e9ndez&#187;","author":"","date":"octubre 15, 2024","format":false,"excerpt":"(CNN Espa\u00f1ol) \u2013 Lyle y Erik Men\u00e9ndez volvieron a estar ante los ojos del mundo despu\u00e9s de que Netflix estrenara dos proyectos en 2024 sobre sus vidas. Los hermanos, que en 1989\u00a0 confesaron haber matado\u00a0a sus padres en el interior de su mansi\u00f3n de Beverly Hills, alegaron a\u00f1os de abusos\u2026","rel":"","context":"In &quot;Noticias Nacionales&quot;","block_context":{"text":"Noticias Nacionales","link":"https:\/\/noticiasya.com\/midland-odessa\/categoria\/noticias-nacionales"},"img":{"alt_text":"","src":"","width":0,"height":0},"classes":[]},{"id":1456102,"url":"https:\/\/noticiasya.com\/midland-odessa\/2024\/11\/26\/exvecino-hermanos-menendez-fascinacion-publica-caos-efectiva-trax\/","url_meta":{"origin":1453098,"position":2},"title":"Exvecino de los hermanos Men\u00e9ndez dice que la fascinaci\u00f3n por el caso podr\u00eda impulsar una nueva sentencia","author":"","date":"noviembre 26, 2024","format":false,"excerpt":"(CNN) -- Cuando Josh, de 12 a\u00f1os, dijo que hab\u00eda escuchado m\u00faltiples disparos una noche de verano de 1989, su madre no le crey\u00f3. Despu\u00e9s de todo, los disparos eran inimaginables en su adinerado vecindario de Beverly Hills. Sin embargo, al otro d\u00eda amanecieron con la noticia de que, a\u2026","rel":"","context":"In &quot;Noticias Nacionales&quot;","block_context":{"text":"Noticias Nacionales","link":"https:\/\/noticiasya.com\/midland-odessa\/categoria\/noticias-nacionales"},"img":{"alt_text":"","src":"","width":0,"height":0},"classes":[]},{"id":1465742,"url":"https:\/\/noticiasya.com\/midland-odessa\/2025\/08\/21\/niegan-libertad-condicional-erik-menendez-trax\/","url_meta":{"origin":1453098,"position":3},"title":"Niegan libertad condicional a Erik Men\u00e9ndez; sigue pendiente el fallo de su hermano Lyle","author":"","date":"agosto 21, 2025","format":false,"excerpt":"Una junta de libertad condicional de California ha negado la libertad condicional a Erik Men\u00e9ndez, quien fue condenado junto a su hermano Lyle por el asesinato de sus padres en 1989, asestando un duro golpe a la lucha de a\u00f1os de los hermanos por su liberaci\u00f3n.La decisi\u00f3n no augura nada\u2026","rel":"","context":"In &quot;Noticias Nacionales&quot;","block_context":{"text":"Noticias Nacionales","link":"https:\/\/noticiasya.com\/midland-odessa\/categoria\/noticias-nacionales"},"img":{"alt_text":"","src":"","width":0,"height":0},"classes":[]},{"id":1456077,"url":"https:\/\/noticiasya.com\/midland-odessa\/2024\/11\/25\/retrasan-audiencia-erik-lyle-hermanos-menendez-trax\/","url_meta":{"origin":1453098,"position":4},"title":"Juez retrasa audiencia de nueva sentencia para hermanos Men\u00e9ndez","author":"","date":"noviembre 25, 2024","format":false,"excerpt":"(CNN) \u2013\u2013 Un juez de California retras\u00f3 una audiencia la nueva sentencia programada para Lyle y Erik Men\u00e9ndez, que ser\u00e1 la primera audiencia a la que acudir\u00e1n los hermanos desde que fueron sentenciados a cadena perpetua por matar a sus padres en 1989, y el \u00faltimo paso en su intento\u2026","rel":"","context":"In &quot;Noticias Nacionales&quot;","block_context":{"text":"Noticias Nacionales","link":"https:\/\/noticiasya.com\/midland-odessa\/categoria\/noticias-nacionales"},"img":{"alt_text":"","src":"","width":0,"height":0},"classes":[]},{"id":1462333,"url":"https:\/\/noticiasya.com\/midland-odessa\/2025\/05\/14\/cronologia-asesinato-hermanos-menendez-impulso-trax\/","url_meta":{"origin":1453098,"position":5},"title":"Cronolog\u00eda del caso de los hermanos Men\u00e9ndez y el impulso para reexaminarlo","author":"","date":"mayo 14, 2025","format":false,"excerpt":"La pregunta que se plantean los fiscales al reexaminar las condenas por asesinato de Lyle y Erik Men\u00e9ndez no es si mataron a sus padres, sino cu\u00e1n culpables son realmente.\u201cNo hay duda de que cometieron el asesinato\u201d, declar\u00f3 el s\u00e1bado el fiscal de distrito del condado de Los \u00c1ngeles, George\u2026","rel":"","context":"In &quot;Noticias Nacionales&quot;","block_context":{"text":"Noticias Nacionales","link":"https:\/\/noticiasya.com\/midland-odessa\/categoria\/noticias-nacionales"},"img":{"alt_text":"","src":"","width":0,"height":0},"classes":[]}],"jetpack_sharing_enabled":true,"_links":{"self":[{"href":"https:\/\/noticiasya.com\/midland-odessa\/wp-json\/wp\/v2\/posts\/1453098","targetHints":{"allow":["GET"]}}],"collection":[{"href":"https:\/\/noticiasya.com\/midland-odessa\/wp-json\/wp\/v2\/posts"}],"about":[{"href":"https:\/\/noticiasya.com\/midland-odessa\/wp-json\/wp\/v2\/types\/post"}],"replies":[{"embeddable":true,"href":"https:\/\/noticiasya.com\/midland-odessa\/wp-json\/wp\/v2\/comments?post=1453098"}],"version-history":[{"count":0,"href":"https:\/\/noticiasya.com\/midland-odessa\/wp-json\/wp\/v2\/posts\/1453098\/revisions"}],"wp:attachment":[{"href":"https:\/\/noticiasya.com\/midland-odessa\/wp-json\/wp\/v2\/media?parent=1453098"}],"wp:term":[{"taxonomy":"category","embeddable":true,"href":"https:\/\/noticiasya.com\/midland-odessa\/wp-json\/wp\/v2\/categories?post=1453098"},{"taxonomy":"post_tag","embeddable":true,"href":"https:\/\/noticiasya.com\/midland-odessa\/wp-json\/wp\/v2\/tags?post=1453098"}],"curies":[{"name":"wp","href":"https:\/\/api.w.org\/{rel}","templated":true}]}}