{"id":1453099,"date":"2024-09-26T11:03:45","date_gmt":"2024-09-26T18:03:45","guid":{"rendered":"https:\/\/noticiasya.com\/2024\/09\/26\/que-paso-estudiantes-43-ayotzinapa-iguala-orix\/"},"modified":"2024-09-26T11:03:45","modified_gmt":"2024-09-26T18:03:45","slug":"que-paso-estudiantes-43-ayotzinapa-iguala-orix","status":"publish","type":"post","link":"https:\/\/noticiasya.com\/midland-odessa\/2024\/09\/26\/que-paso-estudiantes-43-ayotzinapa-iguala-orix\/","title":{"rendered":"\u00bfQu\u00e9 pas\u00f3 con los 43 estudiantes de Ayotzinapa en 2014 y qu\u00e9 se sabe de ellos?"},"content":{"rendered":"<p>(CNN Espa\u00f1ol) &#8212; Hace 10 a\u00f1os ocurri\u00f3 la desaparici\u00f3n de 43 estudiantes en M\u00e9xico y los familiares a\u00fan esperan una respuesta sobre qu\u00e9 ocurri\u00f3 con los j\u00f3venes. Una d\u00e9cada despu\u00e9s a\u00fan hay impunidad, preguntas sin resolver y la marca de una tragedia hist\u00f3rica. Esto es lo que sabemos de los 43 de Ayotzinapa.<\/p>\n<p>Ahora puedes seguirnos en\u00a0WhatsApp Channel<\/p>\n<p>La noche del 26 de septiembre de 2014, un contingente de estudiantes de Ayotzinapa acudi\u00f3 a Iguala, en el estado de Guerrero. El objetivo era retener temporalmente autobuses de empresas de transporte con el fin de utilizarlos para asistir a la conmemoraci\u00f3n de la matanza estudiantil\u00a0del 2 de octubre de 1968 en la Ciudad de M\u00e9xico. Los estudiantes partieron a las 9 p. m. en dos grupos (uno con dos autobuses y otro con tres) y poco tiempo despu\u00e9s fueron perseguidos y atacados por\u00a0polic\u00edas municipales de Iguala, auxiliados por otros cuerpos de seguridad y por otros ciudadanos no afiliados.<\/p>\n<p>Qui\u00e9nes son los 43 estudiantes de Ayotzinapa desaparecidos<\/p>\n<p>El ataque dej\u00f3 un\u00a0saldo tr\u00e1gico de 43 normalistas \u2014estudiantes de licenciaturas en Educaci\u00f3n\u2014 que a la fecha siguen desaparecidos. En varias camionetas, algunas de polic\u00edas municipales, se los llevaron. Esa fue la \u00faltima vez que los vieron. Adem\u00e1s de la desaparici\u00f3n, seis personas fueron asesinadas en el lugar, entre ellas tres normalistas; al menos 40 personas resultaron con lesiones; y se registraron cientos de v\u00edctimas m\u00e1s, tanto directas como indirectas, seg\u00fan el reporte del Centro de Derechos Humanos Miguel Agust\u00edn Pro Ju\u00e1rez (Centro Prodh).<\/p>\n<p>Mientras que la primera versi\u00f3n oficial de las autoridades \u2014la llamada \u201cverdad hist\u00f3rica\u201d presentada en\u00a0noviembre de 2014\u2014 se\u00f1al\u00f3 que los estudiantes fueron asesinados, los seis informes que present\u00f3 el Grupo Interdisciplinario de Expertos Independientes (GIEI)\u00a0desde 2015\u00a0mostraron que esa versi\u00f3n fue construida con base en\u00a0ilegalidades y mentiras. La investigaci\u00f3n del caso, por tanto, se mantiene hasta la fecha y\u00a0no ha entregado resultados concluyentes.<\/p>\n<p>10 a\u00f1os de dudas: La lucha de la normal de Ayotzinapa persiste 8:03<\/p>\n<p>El Gobierno de M\u00e9xico de Andr\u00e9s Manuel L\u00f3pez Obrador ha dicho que la desaparici\u00f3n de los 43 j\u00f3venes fue \u201cun crimen de Estado\u201d, en el que participaron integrantes del grupo delictivo Guerreros Unidos &#171;y agentes de diversas instituciones del Estado mexicano&#187;.<\/p>\n<p>En 2023 el entonces subsecretario de Derechos Humanos, Poblaci\u00f3n y Migraci\u00f3n de la Secretar\u00eda de Gobernaci\u00f3n, Alejandro Encinas, se\u00f1al\u00f3 que autoridades municipales, estatales y federales &#171;tuvieron conocimiento de la movilizaci\u00f3n de los estudiantes&#187; desde su salida de la Escuela Normal Isidro Burgos en Iguala hasta su desaparici\u00f3n.<\/p>\n<p>Los 43 de Ayotzinapa: 10 a\u00f1os de una marca imborrable y una b\u00fasqueda incesante<\/p>\n<p>Aunque ha habido algunos arrestos como los del presunto jefe del grupo criminal Guerreros Unidos Gildardo L\u00f3pez Astudillo\u00a0y de\u00a0Jos\u00e9 Luis Abarca, exalcalde del municipio de Iguala, ambos fueron absueltos. Ocho militares \u2014de los 16 detenidos en 2023\u2014 fueron liberados\u00a0en enero de 2024\u00a0mientras siguen los procesos en su contra por la desaparici\u00f3n forzada. Lo cierto es que una d\u00e9cada despu\u00e9s no hay nadie condenado por este caso.<\/p>\n<p>Con informaci\u00f3n de Uriel Blanco, Rey Rodr\u00edguez y Natalia Cano<\/p>\n<p>The-CNN-Wire<br \/>&trade; &amp; &copy; 2024 Cable News Network, Inc., a Warner Bros. Discovery Company. All rights reserved.<\/p>\n","protected":false},"excerpt":{"rendered":"<p>(CNN Espa\u00f1ol) &#8212; Hace 10 a\u00f1os ocurri\u00f3 la desaparici\u00f3n de 43 estudiantes en M\u00e9xico y los familiares a\u00fan esperan una respuesta sobre qu\u00e9 ocurri\u00f3 con los j\u00f3venes. Una d\u00e9cada despu\u00e9s a\u00fan hay impunidad, preguntas sin resolver y la marca de una tragedia hist\u00f3rica. Esto es lo que sabemos de los 43 de Ayotzinapa. Ahora puedes [&hellip;]<\/p>\n","protected":false},"author":0,"featured_media":0,"comment_status":"open","ping_status":"open","sticky":false,"template":"","format":"standard","meta":{"_jetpack_memberships_contains_paid_content":false,"footnotes":""},"categories":[10],"tags":[],"class_list":["post-1453099","post","type-post","status-publish","format-standard","hentry","category-noticias-nacionales","market-global"],"yoast_head":"<!-- This site is optimized with the Yoast SEO plugin v24.4 - https:\/\/yoast.com\/wordpress\/plugins\/seo\/ -->\n<title>\u00bfQu\u00e9 pas\u00f3 con los 43 estudiantes de Ayotzinapa en 2014 y qu\u00e9 se sabe de ellos? - Noticias<\/title>\n<meta name=\"robots\" content=\"index, follow, max-snippet:-1, max-image-preview:large, max-video-preview:-1\" \/>\n<link rel=\"canonical\" href=\"https:\/\/noticiasya.com\/2024\/09\/26\/que-paso-estudiantes-43-ayotzinapa-iguala-orix\/\" \/>\n<meta property=\"og:locale\" content=\"es_ES\" \/>\n<meta property=\"og:type\" content=\"article\" \/>\n<meta property=\"og:title\" content=\"\u00bfQu\u00e9 pas\u00f3 con los 43 estudiantes de Ayotzinapa en 2014 y qu\u00e9 se sabe de ellos? - Noticias\" \/>\n<meta property=\"og:description\" content=\"(CNN Espa\u00f1ol) &#8212; Hace 10 a\u00f1os ocurri\u00f3 la desaparici\u00f3n de 43 estudiantes en M\u00e9xico y los familiares a\u00fan esperan una respuesta sobre qu\u00e9 ocurri\u00f3 con los j\u00f3venes. Una d\u00e9cada despu\u00e9s a\u00fan hay impunidad, preguntas sin resolver y la marca de una tragedia hist\u00f3rica. Esto es lo que sabemos de los 43 de Ayotzinapa. Ahora puedes [&hellip;]\" \/>\n<meta property=\"og:url\" content=\"https:\/\/noticiasya.com\/2024\/09\/26\/que-paso-estudiantes-43-ayotzinapa-iguala-orix\/\" \/>\n<meta property=\"og:site_name\" content=\"Noticias\" \/>\n<meta property=\"article:published_time\" content=\"2024-09-26T18:03:45+00:00\" \/>\n<meta name=\"twitter:card\" content=\"summary_large_image\" \/>\n<meta name=\"twitter:label1\" content=\"Est. reading time\" \/>\n\t<meta name=\"twitter:data1\" content=\"3 minutos\" \/>\n<script type=\"application\/ld+json\" class=\"yoast-schema-graph\">{\"@context\":\"https:\/\/schema.org\",\"@graph\":[{\"@type\":\"Article\",\"@id\":\"https:\/\/noticiasya.com\/2024\/09\/26\/que-paso-estudiantes-43-ayotzinapa-iguala-orix\/#article\",\"isPartOf\":{\"@id\":\"https:\/\/noticiasya.com\/2024\/09\/26\/que-paso-estudiantes-43-ayotzinapa-iguala-orix\/\"},\"author\":{\"name\":\"\",\"@id\":\"\"},\"headline\":\"\u00bfQu\u00e9 pas\u00f3 con los 43 estudiantes de Ayotzinapa en 2014 y qu\u00e9 se sabe de ellos?\",\"datePublished\":\"2024-09-26T18:03:45+00:00\",\"mainEntityOfPage\":{\"@id\":\"https:\/\/noticiasya.com\/2024\/09\/26\/que-paso-estudiantes-43-ayotzinapa-iguala-orix\/\"},\"wordCount\":574,\"commentCount\":0,\"publisher\":{\"@id\":\"https:\/\/noticiasya.com\/#organization\"},\"articleSection\":[\"Noticias Nacionales\"],\"inLanguage\":\"es\",\"potentialAction\":[{\"@type\":\"CommentAction\",\"name\":\"Comment\",\"target\":[\"https:\/\/noticiasya.com\/2024\/09\/26\/que-paso-estudiantes-43-ayotzinapa-iguala-orix\/#respond\"]}]},{\"@type\":\"WebPage\",\"@id\":\"https:\/\/noticiasya.com\/2024\/09\/26\/que-paso-estudiantes-43-ayotzinapa-iguala-orix\/\",\"url\":\"https:\/\/noticiasya.com\/2024\/09\/26\/que-paso-estudiantes-43-ayotzinapa-iguala-orix\/\",\"name\":\"\u00bfQu\u00e9 pas\u00f3 con los 43 estudiantes de Ayotzinapa en 2014 y qu\u00e9 se sabe de ellos? - Noticias\",\"isPartOf\":{\"@id\":\"https:\/\/noticiasya.com\/#website\"},\"datePublished\":\"2024-09-26T18:03:45+00:00\",\"breadcrumb\":{\"@id\":\"https:\/\/noticiasya.com\/2024\/09\/26\/que-paso-estudiantes-43-ayotzinapa-iguala-orix\/#breadcrumb\"},\"inLanguage\":\"es\",\"potentialAction\":[{\"@type\":\"ReadAction\",\"target\":[\"https:\/\/noticiasya.com\/2024\/09\/26\/que-paso-estudiantes-43-ayotzinapa-iguala-orix\/\"]}]},{\"@type\":\"BreadcrumbList\",\"@id\":\"https:\/\/noticiasya.com\/2024\/09\/26\/que-paso-estudiantes-43-ayotzinapa-iguala-orix\/#breadcrumb\",\"itemListElement\":[{\"@type\":\"ListItem\",\"position\":1,\"name\":\"Home\",\"item\":\"https:\/\/noticiasya.com\/\"},{\"@type\":\"ListItem\",\"position\":2,\"name\":\"\u00bfQu\u00e9 pas\u00f3 con los 43 estudiantes de Ayotzinapa en 2014 y qu\u00e9 se sabe de ellos?\"}]},{\"@type\":\"WebSite\",\"@id\":\"https:\/\/noticiasya.com\/#website\",\"url\":\"https:\/\/noticiasya.com\/\",\"name\":\"Noticias\",\"description\":\"Lo que importa\",\"publisher\":{\"@id\":\"https:\/\/noticiasya.com\/#organization\"},\"potentialAction\":[{\"@type\":\"SearchAction\",\"target\":{\"@type\":\"EntryPoint\",\"urlTemplate\":\"https:\/\/noticiasya.com\/?s={search_term_string}\"},\"query-input\":{\"@type\":\"PropertyValueSpecification\",\"valueRequired\":true,\"valueName\":\"search_term_string\"}}],\"inLanguage\":\"es\"},{\"@type\":\"Organization\",\"@id\":\"https:\/\/noticiasya.com\/#organization\",\"name\":\"Noticias\",\"url\":\"https:\/\/noticiasya.com\/\",\"logo\":{\"@type\":\"ImageObject\",\"inLanguage\":\"es\",\"@id\":\"https:\/\/noticiasya.com\/#\/schema\/logo\/image\/\",\"url\":\"https:\/\/noticiasya.com\/wp-content\/uploads\/sites\/22\/2023\/12\/logo-nacional.png\",\"contentUrl\":\"https:\/\/noticiasya.com\/wp-content\/uploads\/sites\/22\/2023\/12\/logo-nacional.png\",\"width\":1801,\"height\":691,\"caption\":\"Noticias\"},\"image\":{\"@id\":\"https:\/\/noticiasya.com\/#\/schema\/logo\/image\/\"}}]}<\/script>\n<!-- \/ Yoast SEO plugin. -->","yoast_head_json":{"title":"\u00bfQu\u00e9 pas\u00f3 con los 43 estudiantes de Ayotzinapa en 2014 y qu\u00e9 se sabe de ellos? - Noticias","robots":{"index":"index","follow":"follow","max-snippet":"max-snippet:-1","max-image-preview":"max-image-preview:large","max-video-preview":"max-video-preview:-1"},"canonical":"https:\/\/noticiasya.com\/2024\/09\/26\/que-paso-estudiantes-43-ayotzinapa-iguala-orix\/","og_locale":"es_ES","og_type":"article","og_title":"\u00bfQu\u00e9 pas\u00f3 con los 43 estudiantes de Ayotzinapa en 2014 y qu\u00e9 se sabe de ellos? - Noticias","og_description":"(CNN Espa\u00f1ol) &#8212; Hace 10 a\u00f1os ocurri\u00f3 la desaparici\u00f3n de 43 estudiantes en M\u00e9xico y los familiares a\u00fan esperan una respuesta sobre qu\u00e9 ocurri\u00f3 con los j\u00f3venes. Una d\u00e9cada despu\u00e9s a\u00fan hay impunidad, preguntas sin resolver y la marca de una tragedia hist\u00f3rica. Esto es lo que sabemos de los 43 de Ayotzinapa. Ahora puedes [&hellip;]","og_url":"https:\/\/noticiasya.com\/2024\/09\/26\/que-paso-estudiantes-43-ayotzinapa-iguala-orix\/","og_site_name":"Noticias","article_published_time":"2024-09-26T18:03:45+00:00","twitter_card":"summary_large_image","twitter_misc":{"Est. reading time":"3 minutos"},"schema":{"@context":"https:\/\/schema.org","@graph":[{"@type":"Article","@id":"https:\/\/noticiasya.com\/2024\/09\/26\/que-paso-estudiantes-43-ayotzinapa-iguala-orix\/#article","isPartOf":{"@id":"https:\/\/noticiasya.com\/2024\/09\/26\/que-paso-estudiantes-43-ayotzinapa-iguala-orix\/"},"author":{"name":"","@id":""},"headline":"\u00bfQu\u00e9 pas\u00f3 con los 43 estudiantes de Ayotzinapa en 2014 y qu\u00e9 se sabe de ellos?","datePublished":"2024-09-26T18:03:45+00:00","mainEntityOfPage":{"@id":"https:\/\/noticiasya.com\/2024\/09\/26\/que-paso-estudiantes-43-ayotzinapa-iguala-orix\/"},"wordCount":574,"commentCount":0,"publisher":{"@id":"https:\/\/noticiasya.com\/#organization"},"articleSection":["Noticias Nacionales"],"inLanguage":"es","potentialAction":[{"@type":"CommentAction","name":"Comment","target":["https:\/\/noticiasya.com\/2024\/09\/26\/que-paso-estudiantes-43-ayotzinapa-iguala-orix\/#respond"]}]},{"@type":"WebPage","@id":"https:\/\/noticiasya.com\/2024\/09\/26\/que-paso-estudiantes-43-ayotzinapa-iguala-orix\/","url":"https:\/\/noticiasya.com\/2024\/09\/26\/que-paso-estudiantes-43-ayotzinapa-iguala-orix\/","name":"\u00bfQu\u00e9 pas\u00f3 con los 43 estudiantes de Ayotzinapa en 2014 y qu\u00e9 se sabe de ellos? - Noticias","isPartOf":{"@id":"https:\/\/noticiasya.com\/#website"},"datePublished":"2024-09-26T18:03:45+00:00","breadcrumb":{"@id":"https:\/\/noticiasya.com\/2024\/09\/26\/que-paso-estudiantes-43-ayotzinapa-iguala-orix\/#breadcrumb"},"inLanguage":"es","potentialAction":[{"@type":"ReadAction","target":["https:\/\/noticiasya.com\/2024\/09\/26\/que-paso-estudiantes-43-ayotzinapa-iguala-orix\/"]}]},{"@type":"BreadcrumbList","@id":"https:\/\/noticiasya.com\/2024\/09\/26\/que-paso-estudiantes-43-ayotzinapa-iguala-orix\/#breadcrumb","itemListElement":[{"@type":"ListItem","position":1,"name":"Home","item":"https:\/\/noticiasya.com\/"},{"@type":"ListItem","position":2,"name":"\u00bfQu\u00e9 pas\u00f3 con los 43 estudiantes de Ayotzinapa en 2014 y qu\u00e9 se sabe de ellos?"}]},{"@type":"WebSite","@id":"https:\/\/noticiasya.com\/#website","url":"https:\/\/noticiasya.com\/","name":"Noticias","description":"Lo que importa","publisher":{"@id":"https:\/\/noticiasya.com\/#organization"},"potentialAction":[{"@type":"SearchAction","target":{"@type":"EntryPoint","urlTemplate":"https:\/\/noticiasya.com\/?s={search_term_string}"},"query-input":{"@type":"PropertyValueSpecification","valueRequired":true,"valueName":"search_term_string"}}],"inLanguage":"es"},{"@type":"Organization","@id":"https:\/\/noticiasya.com\/#organization","name":"Noticias","url":"https:\/\/noticiasya.com\/","logo":{"@type":"ImageObject","inLanguage":"es","@id":"https:\/\/noticiasya.com\/#\/schema\/logo\/image\/","url":"https:\/\/noticiasya.com\/wp-content\/uploads\/sites\/22\/2023\/12\/logo-nacional.png","contentUrl":"https:\/\/noticiasya.com\/wp-content\/uploads\/sites\/22\/2023\/12\/logo-nacional.png","width":1801,"height":691,"caption":"Noticias"},"image":{"@id":"https:\/\/noticiasya.com\/#\/schema\/logo\/image\/"}}]}},"parsely":{"version":"1.1.0","canonical_url":"https:\/\/noticiasya.com\/midland-odessa\/2024\/09\/26\/que-paso-estudiantes-43-ayotzinapa-iguala-orix\/","smart_links":{"inbound":0,"outbound":0},"traffic_boost_suggestions_count":0,"meta":{"@context":"https:\/\/schema.org","@type":"NewsArticle","headline":"\u00bfQu\u00e9 pas\u00f3 con los 43 estudiantes de Ayotzinapa en 2014 y qu\u00e9 se sabe de ellos?","url":"http:\/\/noticiasya.com\/midland-odessa\/2024\/09\/26\/que-paso-estudiantes-43-ayotzinapa-iguala-orix\/","mainEntityOfPage":{"@type":"WebPage","@id":"http:\/\/noticiasya.com\/midland-odessa\/2024\/09\/26\/que-paso-estudiantes-43-ayotzinapa-iguala-orix\/"},"thumbnailUrl":"","image":{"@type":"ImageObject","url":""},"articleSection":"Noticias Nacionales","author":[],"creator":[],"publisher":{"@type":"Organization","name":"Noticias","logo":""},"keywords":[],"dateCreated":"2024-09-26T18:03:45Z","datePublished":"2024-09-26T18:03:45Z","dateModified":"2024-09-26T18:03:45Z"},"rendered":"<script type=\"application\/ld+json\" class=\"wp-parsely-metadata\">{\"@context\":\"https:\\\/\\\/schema.org\",\"@type\":\"NewsArticle\",\"headline\":\"\\u00bfQu\\u00e9 pas\\u00f3 con los 43 estudiantes de Ayotzinapa en 2014 y qu\\u00e9 se sabe de ellos?\",\"url\":\"http:\\\/\\\/noticiasya.com\\\/midland-odessa\\\/2024\\\/09\\\/26\\\/que-paso-estudiantes-43-ayotzinapa-iguala-orix\\\/\",\"mainEntityOfPage\":{\"@type\":\"WebPage\",\"@id\":\"http:\\\/\\\/noticiasya.com\\\/midland-odessa\\\/2024\\\/09\\\/26\\\/que-paso-estudiantes-43-ayotzinapa-iguala-orix\\\/\"},\"thumbnailUrl\":\"\",\"image\":{\"@type\":\"ImageObject\",\"url\":\"\"},\"articleSection\":\"Noticias Nacionales\",\"author\":[],\"creator\":[],\"publisher\":{\"@type\":\"Organization\",\"name\":\"Noticias\",\"logo\":\"\"},\"keywords\":[],\"dateCreated\":\"2024-09-26T18:03:45Z\",\"datePublished\":\"2024-09-26T18:03:45Z\",\"dateModified\":\"2024-09-26T18:03:45Z\"}<\/script>","tracker_url":"https:\/\/cdn.parsely.com\/keys\/noticiasya.com\/p.js"},"jetpack_featured_media_url":"","jetpack-related-posts":[{"id":1462439,"url":"https:\/\/noticiasya.com\/midland-odessa\/2025\/05\/16\/arrestan-exjueza-lambertina-galeana-43-estudiantes-ayotzinapa-trax\/","url_meta":{"origin":1453099,"position":0},"title":"Arrestan a exjueza Lambertina Galeana Mar\u00edn por caso de los 43 estudiantes desaparecidos de Ayotzinapa","author":"","date":"mayo 16, 2025","format":false,"excerpt":"M\u00e1s de una d\u00e9cada despu\u00e9s de que 43 estudiantes de una escuela rural en Ayotzinapa desaparecieran, un nuevo arresto ha generado un nuevo escrutinio y reabierto viejas heridas. El jueves, las autoridades mexicanas detuvieron a la ahora retirada jueza Lambertina Galeana Mar\u00edn, de 79 a\u00f1os, por pruebas faltantes en el\u2026","rel":"","context":"In &quot;Noticias Nacionales&quot;","block_context":{"text":"Noticias Nacionales","link":"https:\/\/noticiasya.com\/midland-odessa\/categoria\/noticias-nacionales"},"img":{"alt_text":"","src":"","width":0,"height":0},"classes":[]},{"id":1463209,"url":"https:\/\/noticiasya.com\/midland-odessa\/2025\/06\/04\/detienen-miguel-pantoja-alias-pajarraco-vinculado-43-ayotzinapa-orix\/","url_meta":{"origin":1453099,"position":1},"title":"Detienen a Juan Miguel Pantoja, alias &#171;Pajarraco&#187;, presuntamente vinculado con desaparici\u00f3n de los estudiantes de Ayotzinapa","author":"","date":"junio 4, 2025","format":false,"excerpt":"El gabinete de Seguridad de M\u00e9xico inform\u00f3 el arresto de Juan Miguel Pantoja Miranda, alias \u201cPajarraco\u201d, por delitos de delincuencia organizada y desaparici\u00f3n forzada en relaci\u00f3n con las investigaciones de la desaparici\u00f3n de los 43 estudiantes de Ayotzinapa, Guerrero, en 2014.En un comunicado difundido este mi\u00e9rcoles, se detall\u00f3 que se\u2026","rel":"","context":"In &quot;Noticias Nacionales&quot;","block_context":{"text":"Noticias Nacionales","link":"https:\/\/noticiasya.com\/midland-odessa\/categoria\/noticias-nacionales"},"img":{"alt_text":"","src":"","width":0,"height":0},"classes":[]},{"id":1451488,"url":"https:\/\/noticiasya.com\/midland-odessa\/2024\/07\/29\/claudia-sheinbaum-se-reune-por-primera-vez-padres-43-estudiantes-ayotzinapa-tras-encuentro-lopez-obrador-trax\/","url_meta":{"origin":1453099,"position":2},"title":"Claudia Sheinbaum se re\u00fane por primera vez con padres de los 43 estudiantes de Ayotzinapa tras encuentro con L\u00f3pez Obrador","author":"","date":"julio 29, 2024","format":false,"excerpt":"(CNN Espa\u00f1ol) -- La pr\u00f3xima presidenta de M\u00e9xico, Claudia Sheinbaum, se reuni\u00f3 este lunes por primera vez con padres de los 43 estudiantes de Ayotzinapa desaparecidos en 2014, ocasi\u00f3n en la que la futura mandataria se comprometi\u00f3 a dar seguimiento en la b\u00fasqueda de la verdad y la justicia de\u2026","rel":"","context":"In &quot;Noticias Nacionales&quot;","block_context":{"text":"Noticias Nacionales","link":"https:\/\/noticiasya.com\/midland-odessa\/categoria\/noticias-nacionales"},"img":{"alt_text":"","src":"","width":0,"height":0},"classes":[]},{"id":1456288,"url":"https:\/\/noticiasya.com\/midland-odessa\/2024\/12\/05\/sheinbaum-ayotzinapa-investigacion-padres-43-orix\/","url_meta":{"origin":1453099,"position":3},"title":"Sheinbaum ofrece nueva ruta en la investigaci\u00f3n del caso Ayotzinapa","author":"","date":"diciembre 5, 2024","format":false,"excerpt":"Los padres de los 43 estudiantes de Ayotzinapa, desaparecidos en 2014, sostuvieron este mi\u00e9rcoles su primer encuentro con la presidenta de M\u00e9xico, Claudia Sheinbaum, desde que asumi\u00f3 el cargo el 1 de octubre, ocasi\u00f3n en la que les ofreci\u00f3 reconstruir el di\u00e1logo y la implementaci\u00f3n de una nueva ruta en\u2026","rel":"","context":"In &quot;Noticias Nacionales&quot;","block_context":{"text":"Noticias Nacionales","link":"https:\/\/noticiasya.com\/midland-odessa\/categoria\/noticias-nacionales"},"img":{"alt_text":"","src":"","width":0,"height":0},"classes":[]},{"id":1450770,"url":"https:\/\/noticiasya.com\/midland-odessa\/2024\/06\/28\/padres-43-de-ayotzinapa-reclaman-falta-transparencia-mexico-orix\/","url_meta":{"origin":1453099,"position":4},"title":"Padres de los 43 normalistas de Ayotzinapa reclaman falta de transparencia al Gobierno de M\u00e9xico","author":"","date":"junio 28, 2024","format":false,"excerpt":"(CNN Espa\u00f1ol) --\u00a0 La representaci\u00f3n de los padres de los 43 normalistas desaparecidos en Ayotzinapa se\u00f1al\u00f3 el jueves que, si bien el Gobierno de M\u00e9xico les ha entregado varios folios y expedientes de la investigaci\u00f3n, no les ha sido compartida la totalidad de los documentos.En conferencia de prensa en Ciudad\u2026","rel":"","context":"In &quot;Noticias Nacionales&quot;","block_context":{"text":"Noticias Nacionales","link":"https:\/\/noticiasya.com\/midland-odessa\/categoria\/noticias-nacionales"},"img":{"alt_text":"","src":"","width":0,"height":0},"classes":[]},{"id":1446936,"url":"https:\/\/noticiasya.com\/midland-odessa\/2024\/03\/13\/policias-estatales-relacionados-asesinato-normalista-entregan-fiscalia-general-mexico-orix\/","url_meta":{"origin":1453099,"position":5},"title":"Polic\u00edas estatales relacionados con el asesinato de normalista de Ayotzinapa se entregan a la Fiscal\u00eda General de M\u00e9xico","author":"","date":"marzo 13, 2024","format":false,"excerpt":"(CNN Espa\u00f1ol) -- Dos polic\u00edas estatales relacionados con la muerte del joven Yanki Kothan G\u00f3mez, estudiante de la escuela Normal Rural de Ayotzinapa, se entregaron este mi\u00e9rcoles ante la Fiscal\u00eda General de la Rep\u00fablica, seg\u00fan confirm\u00f3 a CNN una fuente policial vinculada con el caso.Los agentes estatales hab\u00edan sido detenidos\u2026","rel":"","context":"In &quot;Noticias Nacionales&quot;","block_context":{"text":"Noticias Nacionales","link":"https:\/\/noticiasya.com\/midland-odessa\/categoria\/noticias-nacionales"},"img":{"alt_text":"","src":"","width":0,"height":0},"classes":[]}],"jetpack_sharing_enabled":true,"_links":{"self":[{"href":"https:\/\/noticiasya.com\/midland-odessa\/wp-json\/wp\/v2\/posts\/1453099","targetHints":{"allow":["GET"]}}],"collection":[{"href":"https:\/\/noticiasya.com\/midland-odessa\/wp-json\/wp\/v2\/posts"}],"about":[{"href":"https:\/\/noticiasya.com\/midland-odessa\/wp-json\/wp\/v2\/types\/post"}],"replies":[{"embeddable":true,"href":"https:\/\/noticiasya.com\/midland-odessa\/wp-json\/wp\/v2\/comments?post=1453099"}],"version-history":[{"count":0,"href":"https:\/\/noticiasya.com\/midland-odessa\/wp-json\/wp\/v2\/posts\/1453099\/revisions"}],"wp:attachment":[{"href":"https:\/\/noticiasya.com\/midland-odessa\/wp-json\/wp\/v2\/media?parent=1453099"}],"wp:term":[{"taxonomy":"category","embeddable":true,"href":"https:\/\/noticiasya.com\/midland-odessa\/wp-json\/wp\/v2\/categories?post=1453099"},{"taxonomy":"post_tag","embeddable":true,"href":"https:\/\/noticiasya.com\/midland-odessa\/wp-json\/wp\/v2\/tags?post=1453099"}],"curies":[{"name":"wp","href":"https:\/\/api.w.org\/{rel}","templated":true}]}}