{"id":1453100,"date":"2024-09-26T12:03:40","date_gmt":"2024-09-26T19:03:40","guid":{"rendered":"https:\/\/noticiasya.com\/2024\/09\/26\/suspension-vuelos-venezuela-chile-orix\/"},"modified":"2024-09-26T12:03:40","modified_gmt":"2024-09-26T19:03:40","slug":"suspension-vuelos-venezuela-chile-orix","status":"publish","type":"post","link":"https:\/\/noticiasya.com\/midland-odessa\/2024\/09\/26\/suspension-vuelos-venezuela-chile-orix\/","title":{"rendered":"Gobierno de Venezuela suspende los vuelos desde y hacia Chile"},"content":{"rendered":"<p>(CNN) &#8212; El Instituto Nacional de Aeron\u00e1utica Civil (Inac) de Venezuela suspendi\u00f3 indefinidamente los vuelos comerciales desde y hacia Chile, dijo este mi\u00e9rcoles Aerol\u00edneas Estelar, una de las empresas afectadas con la medida.<\/p>\n<p>La compa\u00f1\u00eda se\u00f1al\u00f3 en un comunicado que, por disposici\u00f3n del Inac, los vuelos quedaron suspendidos de forma indefinida.<\/p>\n<p>Agreg\u00f3 que la suspensi\u00f3n entrar\u00e1 en vigor a partir de los vuelos programados para este fin de semana y que desde este momento se detendr\u00e1 la venta de boletos para sus vuelos entre Caracas y Santiago.<\/p>\n<p>La empresa anunci\u00f3 una l\u00ednea telef\u00f3nica, n\u00fameros de WhatsApp y direcciones de correo electr\u00f3nico para los clientes afectados.<\/p>\n<p>CNN contact\u00f3 al Inac para pedir informaci\u00f3n sobre esta decisi\u00f3n y los motivos que condujeron a ella y est\u00e1 en espera de respuesta. El instituto es parte del Ministerio del Poder Popular para el Transporte.<\/p>\n<p>El Gobierno de Chile reaccion\u00f3 a la medida a trav\u00e9s de su Canciller\u00eda. En un mensaje enviado a los medios, la instituci\u00f3n se\u00f1al\u00f3 que \u201cse trata de una decisi\u00f3n unilateral que vuelve a poner en una situaci\u00f3n de vulnerabilidad a los cerca de 800.000 venezolanos que residen en nuestro pa\u00eds. Es una acci\u00f3n injustificada y que lamentamos\u201d.<\/p>\n<p>Esta no ser\u00eda la primera vez que el Gobierno venezolano recurre a la suspensi\u00f3n de vuelos como represalia contra los pa\u00edses que no reconocen a Maduro como ganador de las elecciones del 28 de julio. El Instituto Nacional de Aviaci\u00f3n Civil anunci\u00f3 hace semanas la suspensi\u00f3n temporal de los vuelos aerocomerciales desde y hacia Panam\u00e1 y Rep\u00fablica Dominicana. Esta suspensi\u00f3n no ha sido revocada.<\/p>\n<p>Boric dijo en la ONU que en Venezuela hay una dictadura<\/p>\n<p>La suspensi\u00f3n de los vuelos entre ambos pa\u00edses ocurre un d\u00eda despu\u00e9s de que, durante su discurso ante la Asamblea General de la Organizaci\u00f3n de las Naciones Unidas, el presidente de Chile, Gabriel Boric, volviera a cuestionar los resultados de las elecciones presidenciales en Venezuela que proclamaron a Nicol\u00e1s Maduro como ganador, sin que hasta ahora se hayan publicado las actas de la jornada desglosadas por mesa de votaci\u00f3n.<\/p>\n<p>\u201cChile est\u00e1 especialmente atento frente a la cr\u00edtica situaci\u00f3n que vive Venezuela. Estamos frente a una dictadura que pretende robarse una elecci\u00f3n, que persigue a sus opositores y que es indiferente al exilio no de miles, sino de millones de sus ciudadanos\u201d, dijo Boric.<\/p>\n<p>Gabriel Boric, presidente de Chile, habla durante la Asamblea General de las Naciones Unidas el 24 de septiembre de 2024. Cr\u00e9dito: Michael M. Santiago\/Getty Images<\/p>\n<p>Adem\u00e1s, se\u00f1al\u00f3 que la crisis pol\u00edtica y econ\u00f3mica en Venezuela ha expulsado del pa\u00eds a m\u00e1s de 7 millones de venezolanos, de los cuales unos 800.000 est\u00e1n en Chile. \u201cPor responsabilidad debo ser claro en este punto: Chile no est\u00e1 en condiciones de recibir m\u00e1s migraci\u00f3n\u201d, concluy\u00f3 Boric.<\/p>\n<p>El canciller de Venezuela, Yv\u00e1n Gil, tambi\u00e9n habl\u00f3 este mi\u00e9rcoles ante la Asamblea General, donde defendi\u00f3 los resultados de los comicios del 28 de julio. \u201cEl presidente Nicol\u00e1s Maduro result\u00f3 reelecto con un apoyo claro y contundente\u201d, dijo.<\/p>\n<p>Chile es uno de los pa\u00edses del continente americano que consideran que el verdadero ganador de las elecciones en Venezuela fue Edmundo Gonz\u00e1lez Urrutia, de la opositora Plataforma Unitaria Democr\u00e1tica.<\/p>\n<p>The-CNN-Wire<br \/>&trade; &amp; &copy; 2024 Cable News Network, Inc., a Warner Bros. Discovery Company. All rights reserved.<\/p>\n","protected":false},"excerpt":{"rendered":"<p>(CNN) &#8212; El Instituto Nacional de Aeron\u00e1utica Civil (Inac) de Venezuela suspendi\u00f3 indefinidamente los vuelos comerciales desde y hacia Chile, dijo este mi\u00e9rcoles Aerol\u00edneas Estelar, una de las empresas afectadas con la medida. La compa\u00f1\u00eda se\u00f1al\u00f3 en un comunicado que, por disposici\u00f3n del Inac, los vuelos quedaron suspendidos de forma indefinida. Agreg\u00f3 que la suspensi\u00f3n [&hellip;]<\/p>\n","protected":false},"author":0,"featured_media":0,"comment_status":"open","ping_status":"open","sticky":false,"template":"","format":"standard","meta":{"_jetpack_memberships_contains_paid_content":false,"footnotes":""},"categories":[10],"tags":[],"class_list":["post-1453100","post","type-post","status-publish","format-standard","hentry","category-noticias-nacionales","market-global"],"yoast_head":"<!-- This site is optimized with the Yoast SEO plugin v24.4 - https:\/\/yoast.com\/wordpress\/plugins\/seo\/ -->\n<title>Gobierno de Venezuela suspende los vuelos desde y hacia Chile - Noticias<\/title>\n<meta name=\"robots\" content=\"index, follow, max-snippet:-1, max-image-preview:large, max-video-preview:-1\" \/>\n<link rel=\"canonical\" href=\"https:\/\/noticiasya.com\/2024\/09\/26\/suspension-vuelos-venezuela-chile-orix\/\" \/>\n<meta property=\"og:locale\" content=\"es_ES\" \/>\n<meta property=\"og:type\" content=\"article\" \/>\n<meta property=\"og:title\" content=\"Gobierno de Venezuela suspende los vuelos desde y hacia Chile - Noticias\" \/>\n<meta property=\"og:description\" content=\"(CNN) &#8212; El Instituto Nacional de Aeron\u00e1utica Civil (Inac) de Venezuela suspendi\u00f3 indefinidamente los vuelos comerciales desde y hacia Chile, dijo este mi\u00e9rcoles Aerol\u00edneas Estelar, una de las empresas afectadas con la medida. La compa\u00f1\u00eda se\u00f1al\u00f3 en un comunicado que, por disposici\u00f3n del Inac, los vuelos quedaron suspendidos de forma indefinida. Agreg\u00f3 que la suspensi\u00f3n [&hellip;]\" \/>\n<meta property=\"og:url\" content=\"https:\/\/noticiasya.com\/2024\/09\/26\/suspension-vuelos-venezuela-chile-orix\/\" \/>\n<meta property=\"og:site_name\" content=\"Noticias\" \/>\n<meta property=\"article:published_time\" content=\"2024-09-26T19:03:40+00:00\" \/>\n<meta name=\"twitter:card\" content=\"summary_large_image\" \/>\n<meta name=\"twitter:label1\" content=\"Est. reading time\" \/>\n\t<meta name=\"twitter:data1\" content=\"3 minutos\" \/>\n<script type=\"application\/ld+json\" class=\"yoast-schema-graph\">{\"@context\":\"https:\/\/schema.org\",\"@graph\":[{\"@type\":\"Article\",\"@id\":\"https:\/\/noticiasya.com\/2024\/09\/26\/suspension-vuelos-venezuela-chile-orix\/#article\",\"isPartOf\":{\"@id\":\"https:\/\/noticiasya.com\/2024\/09\/26\/suspension-vuelos-venezuela-chile-orix\/\"},\"author\":{\"name\":\"\",\"@id\":\"\"},\"headline\":\"Gobierno de Venezuela suspende los vuelos desde y hacia Chile\",\"datePublished\":\"2024-09-26T19:03:40+00:00\",\"mainEntityOfPage\":{\"@id\":\"https:\/\/noticiasya.com\/2024\/09\/26\/suspension-vuelos-venezuela-chile-orix\/\"},\"wordCount\":601,\"commentCount\":0,\"publisher\":{\"@id\":\"https:\/\/noticiasya.com\/#organization\"},\"articleSection\":[\"Noticias Nacionales\"],\"inLanguage\":\"es\",\"potentialAction\":[{\"@type\":\"CommentAction\",\"name\":\"Comment\",\"target\":[\"https:\/\/noticiasya.com\/2024\/09\/26\/suspension-vuelos-venezuela-chile-orix\/#respond\"]}]},{\"@type\":\"WebPage\",\"@id\":\"https:\/\/noticiasya.com\/2024\/09\/26\/suspension-vuelos-venezuela-chile-orix\/\",\"url\":\"https:\/\/noticiasya.com\/2024\/09\/26\/suspension-vuelos-venezuela-chile-orix\/\",\"name\":\"Gobierno de Venezuela suspende los vuelos desde y hacia Chile - Noticias\",\"isPartOf\":{\"@id\":\"https:\/\/noticiasya.com\/#website\"},\"datePublished\":\"2024-09-26T19:03:40+00:00\",\"breadcrumb\":{\"@id\":\"https:\/\/noticiasya.com\/2024\/09\/26\/suspension-vuelos-venezuela-chile-orix\/#breadcrumb\"},\"inLanguage\":\"es\",\"potentialAction\":[{\"@type\":\"ReadAction\",\"target\":[\"https:\/\/noticiasya.com\/2024\/09\/26\/suspension-vuelos-venezuela-chile-orix\/\"]}]},{\"@type\":\"BreadcrumbList\",\"@id\":\"https:\/\/noticiasya.com\/2024\/09\/26\/suspension-vuelos-venezuela-chile-orix\/#breadcrumb\",\"itemListElement\":[{\"@type\":\"ListItem\",\"position\":1,\"name\":\"Home\",\"item\":\"https:\/\/noticiasya.com\/\"},{\"@type\":\"ListItem\",\"position\":2,\"name\":\"Gobierno de Venezuela suspende los vuelos desde y hacia Chile\"}]},{\"@type\":\"WebSite\",\"@id\":\"https:\/\/noticiasya.com\/#website\",\"url\":\"https:\/\/noticiasya.com\/\",\"name\":\"Noticias\",\"description\":\"Lo que importa\",\"publisher\":{\"@id\":\"https:\/\/noticiasya.com\/#organization\"},\"potentialAction\":[{\"@type\":\"SearchAction\",\"target\":{\"@type\":\"EntryPoint\",\"urlTemplate\":\"https:\/\/noticiasya.com\/?s={search_term_string}\"},\"query-input\":{\"@type\":\"PropertyValueSpecification\",\"valueRequired\":true,\"valueName\":\"search_term_string\"}}],\"inLanguage\":\"es\"},{\"@type\":\"Organization\",\"@id\":\"https:\/\/noticiasya.com\/#organization\",\"name\":\"Noticias\",\"url\":\"https:\/\/noticiasya.com\/\",\"logo\":{\"@type\":\"ImageObject\",\"inLanguage\":\"es\",\"@id\":\"https:\/\/noticiasya.com\/#\/schema\/logo\/image\/\",\"url\":\"https:\/\/noticiasya.com\/wp-content\/uploads\/sites\/22\/2023\/12\/logo-nacional.png\",\"contentUrl\":\"https:\/\/noticiasya.com\/wp-content\/uploads\/sites\/22\/2023\/12\/logo-nacional.png\",\"width\":1801,\"height\":691,\"caption\":\"Noticias\"},\"image\":{\"@id\":\"https:\/\/noticiasya.com\/#\/schema\/logo\/image\/\"}}]}<\/script>\n<!-- \/ Yoast SEO plugin. -->","yoast_head_json":{"title":"Gobierno de Venezuela suspende los vuelos desde y hacia Chile - Noticias","robots":{"index":"index","follow":"follow","max-snippet":"max-snippet:-1","max-image-preview":"max-image-preview:large","max-video-preview":"max-video-preview:-1"},"canonical":"https:\/\/noticiasya.com\/2024\/09\/26\/suspension-vuelos-venezuela-chile-orix\/","og_locale":"es_ES","og_type":"article","og_title":"Gobierno de Venezuela suspende los vuelos desde y hacia Chile - Noticias","og_description":"(CNN) &#8212; El Instituto Nacional de Aeron\u00e1utica Civil (Inac) de Venezuela suspendi\u00f3 indefinidamente los vuelos comerciales desde y hacia Chile, dijo este mi\u00e9rcoles Aerol\u00edneas Estelar, una de las empresas afectadas con la medida. La compa\u00f1\u00eda se\u00f1al\u00f3 en un comunicado que, por disposici\u00f3n del Inac, los vuelos quedaron suspendidos de forma indefinida. Agreg\u00f3 que la suspensi\u00f3n [&hellip;]","og_url":"https:\/\/noticiasya.com\/2024\/09\/26\/suspension-vuelos-venezuela-chile-orix\/","og_site_name":"Noticias","article_published_time":"2024-09-26T19:03:40+00:00","twitter_card":"summary_large_image","twitter_misc":{"Est. reading time":"3 minutos"},"schema":{"@context":"https:\/\/schema.org","@graph":[{"@type":"Article","@id":"https:\/\/noticiasya.com\/2024\/09\/26\/suspension-vuelos-venezuela-chile-orix\/#article","isPartOf":{"@id":"https:\/\/noticiasya.com\/2024\/09\/26\/suspension-vuelos-venezuela-chile-orix\/"},"author":{"name":"","@id":""},"headline":"Gobierno de Venezuela suspende los vuelos desde y hacia Chile","datePublished":"2024-09-26T19:03:40+00:00","mainEntityOfPage":{"@id":"https:\/\/noticiasya.com\/2024\/09\/26\/suspension-vuelos-venezuela-chile-orix\/"},"wordCount":601,"commentCount":0,"publisher":{"@id":"https:\/\/noticiasya.com\/#organization"},"articleSection":["Noticias Nacionales"],"inLanguage":"es","potentialAction":[{"@type":"CommentAction","name":"Comment","target":["https:\/\/noticiasya.com\/2024\/09\/26\/suspension-vuelos-venezuela-chile-orix\/#respond"]}]},{"@type":"WebPage","@id":"https:\/\/noticiasya.com\/2024\/09\/26\/suspension-vuelos-venezuela-chile-orix\/","url":"https:\/\/noticiasya.com\/2024\/09\/26\/suspension-vuelos-venezuela-chile-orix\/","name":"Gobierno de Venezuela suspende los vuelos desde y hacia Chile - Noticias","isPartOf":{"@id":"https:\/\/noticiasya.com\/#website"},"datePublished":"2024-09-26T19:03:40+00:00","breadcrumb":{"@id":"https:\/\/noticiasya.com\/2024\/09\/26\/suspension-vuelos-venezuela-chile-orix\/#breadcrumb"},"inLanguage":"es","potentialAction":[{"@type":"ReadAction","target":["https:\/\/noticiasya.com\/2024\/09\/26\/suspension-vuelos-venezuela-chile-orix\/"]}]},{"@type":"BreadcrumbList","@id":"https:\/\/noticiasya.com\/2024\/09\/26\/suspension-vuelos-venezuela-chile-orix\/#breadcrumb","itemListElement":[{"@type":"ListItem","position":1,"name":"Home","item":"https:\/\/noticiasya.com\/"},{"@type":"ListItem","position":2,"name":"Gobierno de Venezuela suspende los vuelos desde y hacia Chile"}]},{"@type":"WebSite","@id":"https:\/\/noticiasya.com\/#website","url":"https:\/\/noticiasya.com\/","name":"Noticias","description":"Lo que importa","publisher":{"@id":"https:\/\/noticiasya.com\/#organization"},"potentialAction":[{"@type":"SearchAction","target":{"@type":"EntryPoint","urlTemplate":"https:\/\/noticiasya.com\/?s={search_term_string}"},"query-input":{"@type":"PropertyValueSpecification","valueRequired":true,"valueName":"search_term_string"}}],"inLanguage":"es"},{"@type":"Organization","@id":"https:\/\/noticiasya.com\/#organization","name":"Noticias","url":"https:\/\/noticiasya.com\/","logo":{"@type":"ImageObject","inLanguage":"es","@id":"https:\/\/noticiasya.com\/#\/schema\/logo\/image\/","url":"https:\/\/noticiasya.com\/wp-content\/uploads\/sites\/22\/2023\/12\/logo-nacional.png","contentUrl":"https:\/\/noticiasya.com\/wp-content\/uploads\/sites\/22\/2023\/12\/logo-nacional.png","width":1801,"height":691,"caption":"Noticias"},"image":{"@id":"https:\/\/noticiasya.com\/#\/schema\/logo\/image\/"}}]}},"parsely":{"version":"1.1.0","canonical_url":"https:\/\/noticiasya.com\/midland-odessa\/2024\/09\/26\/suspension-vuelos-venezuela-chile-orix\/","smart_links":{"inbound":0,"outbound":0},"traffic_boost_suggestions_count":0,"meta":{"@context":"https:\/\/schema.org","@type":"NewsArticle","headline":"Gobierno de Venezuela suspende los vuelos desde y hacia Chile","url":"http:\/\/noticiasya.com\/midland-odessa\/2024\/09\/26\/suspension-vuelos-venezuela-chile-orix\/","mainEntityOfPage":{"@type":"WebPage","@id":"http:\/\/noticiasya.com\/midland-odessa\/2024\/09\/26\/suspension-vuelos-venezuela-chile-orix\/"},"thumbnailUrl":"","image":{"@type":"ImageObject","url":""},"articleSection":"Noticias Nacionales","author":[],"creator":[],"publisher":{"@type":"Organization","name":"Noticias","logo":""},"keywords":[],"dateCreated":"2024-09-26T19:03:40Z","datePublished":"2024-09-26T19:03:40Z","dateModified":"2024-09-26T19:03:40Z"},"rendered":"<script type=\"application\/ld+json\" class=\"wp-parsely-metadata\">{\"@context\":\"https:\\\/\\\/schema.org\",\"@type\":\"NewsArticle\",\"headline\":\"Gobierno de Venezuela suspende los vuelos desde y hacia Chile\",\"url\":\"http:\\\/\\\/noticiasya.com\\\/midland-odessa\\\/2024\\\/09\\\/26\\\/suspension-vuelos-venezuela-chile-orix\\\/\",\"mainEntityOfPage\":{\"@type\":\"WebPage\",\"@id\":\"http:\\\/\\\/noticiasya.com\\\/midland-odessa\\\/2024\\\/09\\\/26\\\/suspension-vuelos-venezuela-chile-orix\\\/\"},\"thumbnailUrl\":\"\",\"image\":{\"@type\":\"ImageObject\",\"url\":\"\"},\"articleSection\":\"Noticias Nacionales\",\"author\":[],\"creator\":[],\"publisher\":{\"@type\":\"Organization\",\"name\":\"Noticias\",\"logo\":\"\"},\"keywords\":[],\"dateCreated\":\"2024-09-26T19:03:40Z\",\"datePublished\":\"2024-09-26T19:03:40Z\",\"dateModified\":\"2024-09-26T19:03:40Z\"}<\/script>","tracker_url":"https:\/\/cdn.parsely.com\/keys\/noticiasya.com\/p.js"},"jetpack_featured_media_url":"","jetpack-related-posts":[{"id":1469940,"url":"https:\/\/noticiasya.com\/midland-odessa\/2026\/01\/09\/aerolineas-vuelos-reanudan-suspenden-orix\/","url_meta":{"origin":1453100,"position":0},"title":"Copa es la primera aerol\u00ednea que reanuda vuelos a Venezuela tras el derrocamiento de Maduro. \u00bfCu\u00e1les siguen sin servicio?","author":"","date":"enero 9, 2026","format":false,"excerpt":"A casi una semana del operativo militar de Estados Unidos que llev\u00f3 a la captura del presidente de Venezuela, Nicol\u00e1s Maduro, la aerol\u00ednea paname\u00f1a Copa Airlines fue la primera en anunciar el reinicio de sus vuelos hacia el pa\u00eds sudamericano, luego de que las tensiones entre Washington y Caracas han\u2026","rel":"","context":"In &quot;Noticias Nacionales&quot;","block_context":{"text":"Noticias Nacionales","link":"https:\/\/noticiasya.com\/midland-odessa\/categoria\/noticias-nacionales"},"img":{"alt_text":"","src":"","width":0,"height":0},"classes":[]},{"id":1468691,"url":"https:\/\/noticiasya.com\/midland-odessa\/2025\/11\/25\/suspension-vuelos-venezuela-coordinacion-garantizar-orix\/","url_meta":{"origin":1453100,"position":1},"title":"Tras cancelaci\u00f3n de vuelos, Venezuela ordena a aerol\u00edneas internacionales retomar servicios dentro de 48 horas, seg\u00fan IATA","author":"","date":"noviembre 25, 2025","format":false,"excerpt":"El instituto de aviaci\u00f3n de Venezuela inform\u00f3 a las aerol\u00edneas internacionales el lunes que deben reanudar los vuelos al pa\u00eds dentro de 48 horas o arriesgarse a perder su autorizaci\u00f3n para volar all\u00ed, seg\u00fan public\u00f3 la Asociaci\u00f3n Internacional de Transporte A\u00e9reo (IATA) en un comunicado.Seg\u00fan contabiliz\u00f3 la agencia EFE, al\u2026","rel":"","context":"In &quot;Noticias Nacionales&quot;","block_context":{"text":"Noticias Nacionales","link":"https:\/\/noticiasya.com\/midland-odessa\/categoria\/noticias-nacionales"},"img":{"alt_text":"","src":"","width":0,"height":0},"classes":[]},{"id":1469342,"url":"https:\/\/noticiasya.com\/midland-odessa\/2025\/12\/17\/venezuela-suspension-vuelos-crisis-eeuu-aerolineas-orix\/","url_meta":{"origin":1453100,"position":2},"title":"Aerol\u00edneas extienden la suspensi\u00f3n de vuelos a Venezuela. \u00bfCu\u00e1ntas siguen operando en el pa\u00eds?","author":"","date":"diciembre 17, 2025","format":false,"excerpt":"La aerol\u00ednea paname\u00f1a Copa Airlines anunci\u00f3 este martes la extensi\u00f3n de la suspensi\u00f3n teporal de vuelos desde y hacia Caracas hasta el 15 de enero.Seg\u00fan detallaron desde la empresa en un comunicado, est\u00e1n a la espera de \u201cque la pista principal del Aeropuerto Internacional de Maiquet\u00eda se encuentre nuevamente operativa\u2026","rel":"","context":"In &quot;Noticias Nacionales&quot;","block_context":{"text":"Noticias Nacionales","link":"https:\/\/noticiasya.com\/midland-odessa\/categoria\/noticias-nacionales"},"img":{"alt_text":"","src":"","width":0,"height":0},"classes":[]},{"id":1462542,"url":"https:\/\/noticiasya.com\/midland-odessa\/2025\/05\/19\/venezuela-suspension-vuelos-colombia-seguridad-orix\/","url_meta":{"origin":1453100,"position":3},"title":"Venezuela anuncia suspensi\u00f3n inmediata de los vuelos desde Colombia por razones de seguridad","author":"","date":"mayo 19, 2025","format":false,"excerpt":"El Ministro del Interior y Justicia de Venezuela, Diosdado Cabello, anunci\u00f3 este lunes la suspensi\u00f3n inmediata de los vuelos desde Colombia argumentando que el pa\u00eds sudamericano enfrenta una amenaza terrorista.Sin presentar evidencias, Cabello explic\u00f3 que por el occidente de Venezuela han ingresado mercenarios con la intenci\u00f3n de sabotear los comicios\u2026","rel":"","context":"In &quot;Noticias Nacionales&quot;","block_context":{"text":"Noticias Nacionales","link":"https:\/\/noticiasya.com\/midland-odessa\/categoria\/noticias-nacionales"},"img":{"alt_text":"","src":"","width":0,"height":0},"classes":[]},{"id":1468823,"url":"https:\/\/noticiasya.com\/midland-odessa\/2025\/11\/29\/eeuu-venezuela-crisis-aerea-tension-mas-aislada-orix\/","url_meta":{"origin":1453100,"position":4},"title":"Por la tensi\u00f3n con EE.UU., Venezuela enfrenta una crisis a\u00e9rea y queda a\u00fan m\u00e1s aislada","author":"","date":"noviembre 29, 2025","format":false,"excerpt":"Mientras recrudece la tensi\u00f3n por el despliegue militar de Estados Unidos en el Caribe, se complica cada vez m\u00e1s la situaci\u00f3n relacionada con el espacio a\u00e9reo de Venezuela.Este s\u00e1bado, el presidente de Estados Unidos, Donald Trump, pidi\u00f3 a aerol\u00edneas, pilotos y redes criminales que consideraran el \u201cespacio a\u00e9reo sobre y\u2026","rel":"","context":"In &quot;Noticias Nacionales&quot;","block_context":{"text":"Noticias Nacionales","link":"https:\/\/noticiasya.com\/midland-odessa\/categoria\/noticias-nacionales"},"img":{"alt_text":"","src":"","width":0,"height":0},"classes":[]},{"id":1469763,"url":"https:\/\/noticiasya.com\/midland-odessa\/2026\/01\/03\/venezuela-aislada-captura-maduro-fronteras-vuelos-orix\/","url_meta":{"origin":1453100,"position":5},"title":"\u00bfQu\u00e9 tan aislada est\u00e1 Venezuela tras la captura de Maduro? El estado de las fronteras y los vuelos","author":"","date":"enero 3, 2026","format":false,"excerpt":"A medida que la tensi\u00f3n escalaba durante los \u00faltimos meses entre Estados Unidos y Venezuela, el espacio a\u00e9reo del pa\u00eds sudamericano fue quedando cada vez m\u00e1s aislado. Ahora, con los ataques de EE.UU. en la madrugada del s\u00e1bado y la posterior captura del presidente Nicol\u00e1s Maduro, cientos de vuelos han\u2026","rel":"","context":"In &quot;Noticias Nacionales&quot;","block_context":{"text":"Noticias Nacionales","link":"https:\/\/noticiasya.com\/midland-odessa\/categoria\/noticias-nacionales"},"img":{"alt_text":"","src":"","width":0,"height":0},"classes":[]}],"jetpack_sharing_enabled":true,"_links":{"self":[{"href":"https:\/\/noticiasya.com\/midland-odessa\/wp-json\/wp\/v2\/posts\/1453100","targetHints":{"allow":["GET"]}}],"collection":[{"href":"https:\/\/noticiasya.com\/midland-odessa\/wp-json\/wp\/v2\/posts"}],"about":[{"href":"https:\/\/noticiasya.com\/midland-odessa\/wp-json\/wp\/v2\/types\/post"}],"replies":[{"embeddable":true,"href":"https:\/\/noticiasya.com\/midland-odessa\/wp-json\/wp\/v2\/comments?post=1453100"}],"version-history":[{"count":0,"href":"https:\/\/noticiasya.com\/midland-odessa\/wp-json\/wp\/v2\/posts\/1453100\/revisions"}],"wp:attachment":[{"href":"https:\/\/noticiasya.com\/midland-odessa\/wp-json\/wp\/v2\/media?parent=1453100"}],"wp:term":[{"taxonomy":"category","embeddable":true,"href":"https:\/\/noticiasya.com\/midland-odessa\/wp-json\/wp\/v2\/categories?post=1453100"},{"taxonomy":"post_tag","embeddable":true,"href":"https:\/\/noticiasya.com\/midland-odessa\/wp-json\/wp\/v2\/tags?post=1453100"}],"curies":[{"name":"wp","href":"https:\/\/api.w.org\/{rel}","templated":true}]}}