{"id":1453101,"date":"2024-09-26T13:03:47","date_gmt":"2024-09-26T20:03:47","guid":{"rendered":"https:\/\/noticiasya.com\/2024\/09\/26\/familiares-menores-detenidos-venezuela-fiscalia-orix\/"},"modified":"2024-09-26T13:03:47","modified_gmt":"2024-09-26T20:03:47","slug":"familiares-menores-detenidos-venezuela-fiscalia-orix","status":"publish","type":"post","link":"https:\/\/noticiasya.com\/midland-odessa\/2024\/09\/26\/familiares-menores-detenidos-venezuela-fiscalia-orix\/","title":{"rendered":"Familiares de menores detenidos en Venezuela protestan frente a la Fiscal\u00eda"},"content":{"rendered":"<p>(CNN Espa\u00f1ol) &#8212;\u00a0Madres y padres de adolescentes detenidos en el contexto de las protestas postelectorales realizaron este jueves un plant\u00f3n en el Parque Carabobo en Caracas, frente a la sede de la Fiscal\u00eda General de Venezuela, para exigir la liberaci\u00f3n de sus familiares.<\/p>\n<p>&#171;Son inocentes&#187;, gritaron los asistentes a la concentraci\u00f3n mostrando carteles que dec\u00edan frases como &#171;libertad para nuestros hijos&#187; y &#171;nuestros hijos no son terroristas&#187;.<\/p>\n<p>&#171;Est\u00e1n acabando con nuestros sue\u00f1os, metas, quiero hacerles saber que somos muchachos de bien&#187;, ley\u00f3 entre l\u00e1grimas una madre de un detenido, de una carta de su hijo detenido. \u201cEstamos perdiendo nuestra juventud, nuestros estudios, me da tristeza con mi madre que sufre mucho. No saben el dolor que me causa, lo \u00fanico que pedimos es salir de este lugar tan feo, no aguantamos ni un d\u00eda m\u00e1s en este lugar. Solo somos j\u00f3venes que no tienen nada que ver con lo que est\u00e1 pasando en el pa\u00eds. No somos terroristas, somos inocentes&#187;, continu\u00f3.<\/p>\n<p>Madre de menor detenido en Venezuela: Mi hijo no particip\u00f3 en manifestaciones contra Maduro<\/p>\n<p>CNN ha enviado una solicitud de informaci\u00f3n a la Fiscal\u00eda y est\u00e1 a la espera de una respuesta<\/p>\n<p>La organizaci\u00f3n no gubernamental de derechos humanos Foro Penal report\u00f3 este jueves que hay 68 adolescentes detenidos en el marco de las manifestaciones.<\/p>\n<p>El presidente Nicol\u00e1s Maduro ha se\u00f1alado como terroristas y criminales a los detenidos por las protestas que surgieron en el pa\u00eds luego de que el Consejo Nacional Electoral lo anunci\u00f3 como el ganador de las elecciones del 28 de julio, sin presentar las actas de votaci\u00f3n hasta el momento.<\/p>\n<p>The-CNN-Wire<br \/>&trade; &amp; &copy; 2024 Cable News Network, Inc., a Warner Bros. Discovery Company. All rights reserved.<\/p>\n","protected":false},"excerpt":{"rendered":"<p>(CNN Espa\u00f1ol) &#8212;\u00a0Madres y padres de adolescentes detenidos en el contexto de las protestas postelectorales realizaron este jueves un plant\u00f3n en el Parque Carabobo en Caracas, frente a la sede de la Fiscal\u00eda General de Venezuela, para exigir la liberaci\u00f3n de sus familiares. &#171;Son inocentes&#187;, gritaron los asistentes a la concentraci\u00f3n mostrando carteles que dec\u00edan [&hellip;]<\/p>\n","protected":false},"author":0,"featured_media":0,"comment_status":"open","ping_status":"open","sticky":false,"template":"","format":"standard","meta":{"_jetpack_memberships_contains_paid_content":false,"footnotes":""},"categories":[10],"tags":[],"class_list":["post-1453101","post","type-post","status-publish","format-standard","hentry","category-noticias-nacionales","market-global"],"yoast_head":"<!-- This site is optimized with the Yoast SEO plugin v24.4 - https:\/\/yoast.com\/wordpress\/plugins\/seo\/ -->\n<title>Familiares de menores detenidos en Venezuela protestan frente a la Fiscal\u00eda - Noticias<\/title>\n<meta name=\"robots\" content=\"index, follow, max-snippet:-1, max-image-preview:large, max-video-preview:-1\" \/>\n<link rel=\"canonical\" href=\"https:\/\/noticiasya.com\/2024\/09\/26\/familiares-menores-detenidos-venezuela-fiscalia-orix\/\" \/>\n<meta property=\"og:locale\" content=\"es_ES\" \/>\n<meta property=\"og:type\" content=\"article\" \/>\n<meta property=\"og:title\" content=\"Familiares de menores detenidos en Venezuela protestan frente a la Fiscal\u00eda - Noticias\" \/>\n<meta property=\"og:description\" content=\"(CNN Espa\u00f1ol) &#8212;\u00a0Madres y padres de adolescentes detenidos en el contexto de las protestas postelectorales realizaron este jueves un plant\u00f3n en el Parque Carabobo en Caracas, frente a la sede de la Fiscal\u00eda General de Venezuela, para exigir la liberaci\u00f3n de sus familiares. &#171;Son inocentes&#187;, gritaron los asistentes a la concentraci\u00f3n mostrando carteles que dec\u00edan [&hellip;]\" \/>\n<meta property=\"og:url\" content=\"https:\/\/noticiasya.com\/2024\/09\/26\/familiares-menores-detenidos-venezuela-fiscalia-orix\/\" \/>\n<meta property=\"og:site_name\" content=\"Noticias\" \/>\n<meta property=\"article:published_time\" content=\"2024-09-26T20:03:47+00:00\" \/>\n<meta name=\"twitter:card\" content=\"summary_large_image\" \/>\n<meta name=\"twitter:label1\" content=\"Est. reading time\" \/>\n\t<meta name=\"twitter:data1\" content=\"1 minuto\" \/>\n<script type=\"application\/ld+json\" class=\"yoast-schema-graph\">{\"@context\":\"https:\/\/schema.org\",\"@graph\":[{\"@type\":\"Article\",\"@id\":\"https:\/\/noticiasya.com\/2024\/09\/26\/familiares-menores-detenidos-venezuela-fiscalia-orix\/#article\",\"isPartOf\":{\"@id\":\"https:\/\/noticiasya.com\/2024\/09\/26\/familiares-menores-detenidos-venezuela-fiscalia-orix\/\"},\"author\":{\"name\":\"\",\"@id\":\"\"},\"headline\":\"Familiares de menores detenidos en Venezuela protestan frente a la Fiscal\u00eda\",\"datePublished\":\"2024-09-26T20:03:47+00:00\",\"mainEntityOfPage\":{\"@id\":\"https:\/\/noticiasya.com\/2024\/09\/26\/familiares-menores-detenidos-venezuela-fiscalia-orix\/\"},\"wordCount\":312,\"commentCount\":0,\"publisher\":{\"@id\":\"https:\/\/noticiasya.com\/#organization\"},\"articleSection\":[\"Noticias Nacionales\"],\"inLanguage\":\"es\",\"potentialAction\":[{\"@type\":\"CommentAction\",\"name\":\"Comment\",\"target\":[\"https:\/\/noticiasya.com\/2024\/09\/26\/familiares-menores-detenidos-venezuela-fiscalia-orix\/#respond\"]}]},{\"@type\":\"WebPage\",\"@id\":\"https:\/\/noticiasya.com\/2024\/09\/26\/familiares-menores-detenidos-venezuela-fiscalia-orix\/\",\"url\":\"https:\/\/noticiasya.com\/2024\/09\/26\/familiares-menores-detenidos-venezuela-fiscalia-orix\/\",\"name\":\"Familiares de menores detenidos en Venezuela protestan frente a la Fiscal\u00eda - Noticias\",\"isPartOf\":{\"@id\":\"https:\/\/noticiasya.com\/#website\"},\"datePublished\":\"2024-09-26T20:03:47+00:00\",\"breadcrumb\":{\"@id\":\"https:\/\/noticiasya.com\/2024\/09\/26\/familiares-menores-detenidos-venezuela-fiscalia-orix\/#breadcrumb\"},\"inLanguage\":\"es\",\"potentialAction\":[{\"@type\":\"ReadAction\",\"target\":[\"https:\/\/noticiasya.com\/2024\/09\/26\/familiares-menores-detenidos-venezuela-fiscalia-orix\/\"]}]},{\"@type\":\"BreadcrumbList\",\"@id\":\"https:\/\/noticiasya.com\/2024\/09\/26\/familiares-menores-detenidos-venezuela-fiscalia-orix\/#breadcrumb\",\"itemListElement\":[{\"@type\":\"ListItem\",\"position\":1,\"name\":\"Home\",\"item\":\"https:\/\/noticiasya.com\/\"},{\"@type\":\"ListItem\",\"position\":2,\"name\":\"Familiares de menores detenidos en Venezuela protestan frente a la Fiscal\u00eda\"}]},{\"@type\":\"WebSite\",\"@id\":\"https:\/\/noticiasya.com\/#website\",\"url\":\"https:\/\/noticiasya.com\/\",\"name\":\"Noticias\",\"description\":\"Lo que importa\",\"publisher\":{\"@id\":\"https:\/\/noticiasya.com\/#organization\"},\"potentialAction\":[{\"@type\":\"SearchAction\",\"target\":{\"@type\":\"EntryPoint\",\"urlTemplate\":\"https:\/\/noticiasya.com\/?s={search_term_string}\"},\"query-input\":{\"@type\":\"PropertyValueSpecification\",\"valueRequired\":true,\"valueName\":\"search_term_string\"}}],\"inLanguage\":\"es\"},{\"@type\":\"Organization\",\"@id\":\"https:\/\/noticiasya.com\/#organization\",\"name\":\"Noticias\",\"url\":\"https:\/\/noticiasya.com\/\",\"logo\":{\"@type\":\"ImageObject\",\"inLanguage\":\"es\",\"@id\":\"https:\/\/noticiasya.com\/#\/schema\/logo\/image\/\",\"url\":\"https:\/\/noticiasya.com\/wp-content\/uploads\/sites\/22\/2023\/12\/logo-nacional.png\",\"contentUrl\":\"https:\/\/noticiasya.com\/wp-content\/uploads\/sites\/22\/2023\/12\/logo-nacional.png\",\"width\":1801,\"height\":691,\"caption\":\"Noticias\"},\"image\":{\"@id\":\"https:\/\/noticiasya.com\/#\/schema\/logo\/image\/\"}}]}<\/script>\n<!-- \/ Yoast SEO plugin. -->","yoast_head_json":{"title":"Familiares de menores detenidos en Venezuela protestan frente a la Fiscal\u00eda - Noticias","robots":{"index":"index","follow":"follow","max-snippet":"max-snippet:-1","max-image-preview":"max-image-preview:large","max-video-preview":"max-video-preview:-1"},"canonical":"https:\/\/noticiasya.com\/2024\/09\/26\/familiares-menores-detenidos-venezuela-fiscalia-orix\/","og_locale":"es_ES","og_type":"article","og_title":"Familiares de menores detenidos en Venezuela protestan frente a la Fiscal\u00eda - Noticias","og_description":"(CNN Espa\u00f1ol) &#8212;\u00a0Madres y padres de adolescentes detenidos en el contexto de las protestas postelectorales realizaron este jueves un plant\u00f3n en el Parque Carabobo en Caracas, frente a la sede de la Fiscal\u00eda General de Venezuela, para exigir la liberaci\u00f3n de sus familiares. &#171;Son inocentes&#187;, gritaron los asistentes a la concentraci\u00f3n mostrando carteles que dec\u00edan [&hellip;]","og_url":"https:\/\/noticiasya.com\/2024\/09\/26\/familiares-menores-detenidos-venezuela-fiscalia-orix\/","og_site_name":"Noticias","article_published_time":"2024-09-26T20:03:47+00:00","twitter_card":"summary_large_image","twitter_misc":{"Est. reading time":"1 minuto"},"schema":{"@context":"https:\/\/schema.org","@graph":[{"@type":"Article","@id":"https:\/\/noticiasya.com\/2024\/09\/26\/familiares-menores-detenidos-venezuela-fiscalia-orix\/#article","isPartOf":{"@id":"https:\/\/noticiasya.com\/2024\/09\/26\/familiares-menores-detenidos-venezuela-fiscalia-orix\/"},"author":{"name":"","@id":""},"headline":"Familiares de menores detenidos en Venezuela protestan frente a la Fiscal\u00eda","datePublished":"2024-09-26T20:03:47+00:00","mainEntityOfPage":{"@id":"https:\/\/noticiasya.com\/2024\/09\/26\/familiares-menores-detenidos-venezuela-fiscalia-orix\/"},"wordCount":312,"commentCount":0,"publisher":{"@id":"https:\/\/noticiasya.com\/#organization"},"articleSection":["Noticias Nacionales"],"inLanguage":"es","potentialAction":[{"@type":"CommentAction","name":"Comment","target":["https:\/\/noticiasya.com\/2024\/09\/26\/familiares-menores-detenidos-venezuela-fiscalia-orix\/#respond"]}]},{"@type":"WebPage","@id":"https:\/\/noticiasya.com\/2024\/09\/26\/familiares-menores-detenidos-venezuela-fiscalia-orix\/","url":"https:\/\/noticiasya.com\/2024\/09\/26\/familiares-menores-detenidos-venezuela-fiscalia-orix\/","name":"Familiares de menores detenidos en Venezuela protestan frente a la Fiscal\u00eda - Noticias","isPartOf":{"@id":"https:\/\/noticiasya.com\/#website"},"datePublished":"2024-09-26T20:03:47+00:00","breadcrumb":{"@id":"https:\/\/noticiasya.com\/2024\/09\/26\/familiares-menores-detenidos-venezuela-fiscalia-orix\/#breadcrumb"},"inLanguage":"es","potentialAction":[{"@type":"ReadAction","target":["https:\/\/noticiasya.com\/2024\/09\/26\/familiares-menores-detenidos-venezuela-fiscalia-orix\/"]}]},{"@type":"BreadcrumbList","@id":"https:\/\/noticiasya.com\/2024\/09\/26\/familiares-menores-detenidos-venezuela-fiscalia-orix\/#breadcrumb","itemListElement":[{"@type":"ListItem","position":1,"name":"Home","item":"https:\/\/noticiasya.com\/"},{"@type":"ListItem","position":2,"name":"Familiares de menores detenidos en Venezuela protestan frente a la Fiscal\u00eda"}]},{"@type":"WebSite","@id":"https:\/\/noticiasya.com\/#website","url":"https:\/\/noticiasya.com\/","name":"Noticias","description":"Lo que importa","publisher":{"@id":"https:\/\/noticiasya.com\/#organization"},"potentialAction":[{"@type":"SearchAction","target":{"@type":"EntryPoint","urlTemplate":"https:\/\/noticiasya.com\/?s={search_term_string}"},"query-input":{"@type":"PropertyValueSpecification","valueRequired":true,"valueName":"search_term_string"}}],"inLanguage":"es"},{"@type":"Organization","@id":"https:\/\/noticiasya.com\/#organization","name":"Noticias","url":"https:\/\/noticiasya.com\/","logo":{"@type":"ImageObject","inLanguage":"es","@id":"https:\/\/noticiasya.com\/#\/schema\/logo\/image\/","url":"https:\/\/noticiasya.com\/wp-content\/uploads\/sites\/22\/2023\/12\/logo-nacional.png","contentUrl":"https:\/\/noticiasya.com\/wp-content\/uploads\/sites\/22\/2023\/12\/logo-nacional.png","width":1801,"height":691,"caption":"Noticias"},"image":{"@id":"https:\/\/noticiasya.com\/#\/schema\/logo\/image\/"}}]}},"parsely":{"version":"1.1.0","canonical_url":"https:\/\/noticiasya.com\/midland-odessa\/2024\/09\/26\/familiares-menores-detenidos-venezuela-fiscalia-orix\/","smart_links":{"inbound":0,"outbound":0},"traffic_boost_suggestions_count":0,"meta":{"@context":"https:\/\/schema.org","@type":"NewsArticle","headline":"Familiares de menores detenidos en Venezuela protestan frente a la Fiscal\u00eda","url":"http:\/\/noticiasya.com\/midland-odessa\/2024\/09\/26\/familiares-menores-detenidos-venezuela-fiscalia-orix\/","mainEntityOfPage":{"@type":"WebPage","@id":"http:\/\/noticiasya.com\/midland-odessa\/2024\/09\/26\/familiares-menores-detenidos-venezuela-fiscalia-orix\/"},"thumbnailUrl":"","image":{"@type":"ImageObject","url":""},"articleSection":"Noticias Nacionales","author":[],"creator":[],"publisher":{"@type":"Organization","name":"Noticias","logo":""},"keywords":[],"dateCreated":"2024-09-26T20:03:47Z","datePublished":"2024-09-26T20:03:47Z","dateModified":"2024-09-26T20:03:47Z"},"rendered":"<script type=\"application\/ld+json\" class=\"wp-parsely-metadata\">{\"@context\":\"https:\\\/\\\/schema.org\",\"@type\":\"NewsArticle\",\"headline\":\"Familiares de menores detenidos en Venezuela protestan frente a la Fiscal\\u00eda\",\"url\":\"http:\\\/\\\/noticiasya.com\\\/midland-odessa\\\/2024\\\/09\\\/26\\\/familiares-menores-detenidos-venezuela-fiscalia-orix\\\/\",\"mainEntityOfPage\":{\"@type\":\"WebPage\",\"@id\":\"http:\\\/\\\/noticiasya.com\\\/midland-odessa\\\/2024\\\/09\\\/26\\\/familiares-menores-detenidos-venezuela-fiscalia-orix\\\/\"},\"thumbnailUrl\":\"\",\"image\":{\"@type\":\"ImageObject\",\"url\":\"\"},\"articleSection\":\"Noticias Nacionales\",\"author\":[],\"creator\":[],\"publisher\":{\"@type\":\"Organization\",\"name\":\"Noticias\",\"logo\":\"\"},\"keywords\":[],\"dateCreated\":\"2024-09-26T20:03:47Z\",\"datePublished\":\"2024-09-26T20:03:47Z\",\"dateModified\":\"2024-09-26T20:03:47Z\"}<\/script>","tracker_url":"https:\/\/cdn.parsely.com\/keys\/noticiasya.com\/p.js"},"jetpack_featured_media_url":"","jetpack-related-posts":[{"id":1469992,"url":"https:\/\/noticiasya.com\/midland-odessa\/2026\/01\/11\/excarcelaciones-venezuela-gobierno-reporta-muerte-policia-detenido-orix\/","url_meta":{"origin":1453101,"position":0},"title":"En medio de las excarcelaciones anunciadas por Venezuela, el Gobierno reporta la muerte de un pol\u00edcia detenido","author":"","date":"enero 11, 2026","format":false,"excerpt":"El Ministerio P\u00fablico de Venezuela inform\u00f3 este domingo que el 10 de enero de 2026 muri\u00f3 un ciudadano que se encontraba preso desde el 11 de diciembre de 2025, d\u00edas despu\u00e9s de que el presidente de la Asamblea Nacional anunciara la excarcelaci\u00f3n de \u201cun n\u00famero importante\u201d de detenidos.A trav\u00e9s de\u2026","rel":"","context":"In &quot;Noticias Nacionales&quot;","block_context":{"text":"Noticias Nacionales","link":"https:\/\/noticiasya.com\/midland-odessa\/categoria\/noticias-nacionales"},"img":{"alt_text":"","src":"","width":0,"height":0},"classes":[]},{"id":1464629,"url":"https:\/\/noticiasya.com\/midland-odessa\/2025\/07\/17\/familiares-detenidos-protestas-elecciones-vigilia-fiscalia-liberacion-orix\/","url_meta":{"origin":1453101,"position":1},"title":"Con fotos, pancartas y velas, familiares de detenidos en Venezuela realizan vigilia frente a Fiscal\u00eda y piden su liberaci\u00f3n","author":"","date":"julio 17, 2025","format":false,"excerpt":"Con una vela y una pancarta que mostraba la foto y el nombre de su hijo Roberto Alvarado, Jesusa Jansasoy particip\u00f3 este mi\u00e9rcoles de una vigilia frente a la Fiscal\u00eda de Venezuela. Ella y decenas de personas m\u00e1s exigieron la liberaci\u00f3n de sus familiares detenidos en medio de las protestas\u2026","rel":"","context":"In &quot;Noticias Nacionales&quot;","block_context":{"text":"Noticias Nacionales","link":"https:\/\/noticiasya.com\/midland-odessa\/categoria\/noticias-nacionales"},"img":{"alt_text":"","src":"","width":0,"height":0},"classes":[]},{"id":1470382,"url":"https:\/\/noticiasya.com\/midland-odessa\/2026\/01\/22\/estudiantes-minnesota-nino-conejo-ice-trax\/","url_meta":{"origin":1453101,"position":2},"title":"Cuatro estudiantes de Minnesota, incluido un ni\u00f1o de 5 a\u00f1os, fueron detenidos por ICE, dice la superintendente","author":"","date":"enero 22, 2026","format":false,"excerpt":"Cuatro estudiantes del distrito escolar de Columbia Heights, ciudad al norte de Minneapolis, incluyendo un ni\u00f1o de cinco a\u00f1os, han sido detenidos por el ICE en las \u00faltimas dos semanas, seg\u00fan Zena Stenvik, superintendente del distrito escolar.\u201cLos agentes del ICE han estado rondando nuestros vecindarios, rodeando nuestras escuelas, siguiendo nuestros\u2026","rel":"","context":"In &quot;Noticias Nacionales&quot;","block_context":{"text":"Noticias Nacionales","link":"https:\/\/noticiasya.com\/midland-odessa\/categoria\/noticias-nacionales"},"img":{"alt_text":"","src":"","width":0,"height":0},"classes":[]},{"id":1467701,"url":"https:\/\/noticiasya.com\/midland-odessa\/2025\/10\/24\/liberan-17-colombianos-detenidos-carceles-venezuela-orix\/","url_meta":{"origin":1453101,"position":3},"title":"Liberan a 17 colombianos que estaban detenidos en c\u00e1rceles de Venezuela","author":"","date":"octubre 24, 2025","format":false,"excerpt":"Diecisiete personas originarias de Colombia fueron liberadas luego de permanecer detenidas en c\u00e1rceles venezolanas, inform\u00f3 este viernes la Canciller\u00eda colombiana.Las negociaciones para lograr la liberaci\u00f3n de este grupo duraron \u201cmeses\u201d y contaron con el apoyo de distintas autoridades, desde la Canciller\u00eda y c\u00f3nsules, hasta Migraci\u00f3n Colombia.\u201cEste es un paso significativo\u2026","rel":"","context":"In &quot;Noticias Nacionales&quot;","block_context":{"text":"Noticias Nacionales","link":"https:\/\/noticiasya.com\/midland-odessa\/categoria\/noticias-nacionales"},"img":{"alt_text":"","src":"","width":0,"height":0},"classes":[]},{"id":1454924,"url":"https:\/\/noticiasya.com\/midland-odessa\/2024\/10\/03\/familiares-jovenes-detenidos-venezuela-exigen-liberacion-orix\/","url_meta":{"origin":1453101,"position":4},"title":"Familiares de j\u00f3venes detenidos en Venezuela exigen su liberaci\u00f3n","author":"","date":"octubre 3, 2024","format":false,"excerpt":"(CNN Espa\u00f1ol) \u2013\u2013 Familiares de j\u00f3venes detenidos en el marco de las protestas poselectorales en Venezuela se manifestaron este jueves afuera del Tribunal Supremo de Justicia (TSJ) para exigir su liberaci\u00f3n y que pare el maltrato al que \u2015afirman\u2015 son sometidos.Moraima Urb\u00e1ez dijo que no ha podido ver a su\u2026","rel":"","context":"In &quot;Noticias Nacionales&quot;","block_context":{"text":"Noticias Nacionales","link":"https:\/\/noticiasya.com\/midland-odessa\/categoria\/noticias-nacionales"},"img":{"alt_text":"","src":"","width":0,"height":0},"classes":[]},{"id":1455757,"url":"https:\/\/noticiasya.com\/midland-odessa\/2024\/11\/11\/fiscal-general-venezuela-ninos-detenidos-elecciones-adolescentes-orix\/","url_meta":{"origin":1453101,"position":5},"title":"El fiscal general de Venezuela rechaza que haya ni\u00f1os detenidos tras las elecciones, pero admite que hay adolescentes","author":"","date":"noviembre 11, 2024","format":false,"excerpt":"(CNN Espa\u00f1ol) -- El fiscal general de Venezuela, Tarek William Saab, afirm\u00f3 este lunes a la prensa que en Venezuela no hay ni\u00f1os detenidos tras las protestas postelectorales, pero a la vez reconoci\u00f3 que los menores tras las rejas son \u201cunos pocos\u201d adolescentes cuyas edades oscilan entre los 16 y\u2026","rel":"","context":"In &quot;Noticias Nacionales&quot;","block_context":{"text":"Noticias Nacionales","link":"https:\/\/noticiasya.com\/midland-odessa\/categoria\/noticias-nacionales"},"img":{"alt_text":"","src":"","width":0,"height":0},"classes":[]}],"jetpack_sharing_enabled":true,"_links":{"self":[{"href":"https:\/\/noticiasya.com\/midland-odessa\/wp-json\/wp\/v2\/posts\/1453101","targetHints":{"allow":["GET"]}}],"collection":[{"href":"https:\/\/noticiasya.com\/midland-odessa\/wp-json\/wp\/v2\/posts"}],"about":[{"href":"https:\/\/noticiasya.com\/midland-odessa\/wp-json\/wp\/v2\/types\/post"}],"replies":[{"embeddable":true,"href":"https:\/\/noticiasya.com\/midland-odessa\/wp-json\/wp\/v2\/comments?post=1453101"}],"version-history":[{"count":0,"href":"https:\/\/noticiasya.com\/midland-odessa\/wp-json\/wp\/v2\/posts\/1453101\/revisions"}],"wp:attachment":[{"href":"https:\/\/noticiasya.com\/midland-odessa\/wp-json\/wp\/v2\/media?parent=1453101"}],"wp:term":[{"taxonomy":"category","embeddable":true,"href":"https:\/\/noticiasya.com\/midland-odessa\/wp-json\/wp\/v2\/categories?post=1453101"},{"taxonomy":"post_tag","embeddable":true,"href":"https:\/\/noticiasya.com\/midland-odessa\/wp-json\/wp\/v2\/tags?post=1453101"}],"curies":[{"name":"wp","href":"https:\/\/api.w.org\/{rel}","templated":true}]}}