{"id":1453104,"date":"2024-09-26T15:03:47","date_gmt":"2024-09-26T22:03:47","guid":{"rendered":"https:\/\/noticiasya.com\/2024\/09\/26\/ahmed-abu-khatallah-condenado-28-anos-prision\/"},"modified":"2024-09-26T15:03:47","modified_gmt":"2024-09-26T22:03:47","slug":"ahmed-abu-khatallah-condenado-28-anos-prision","status":"publish","type":"post","link":"https:\/\/noticiasya.com\/midland-odessa\/2024\/09\/26\/ahmed-abu-khatallah-condenado-28-anos-prision\/","title":{"rendered":"El \u201ccerebro\u201d de Bengasi, Ahmed Abu Khatallah, condenado a 28 a\u00f1os de prisi\u00f3n en nueva sentencia"},"content":{"rendered":"<p>(CNN) &#8212; Ahmed Abu Khatallah, el l\u00edder de la milicia libia condenado por su papel en el mortal ataque terrorista de 2012 contra el consulado estadounidense en Bengasi, fue sentenciado nuevamente el jueves a 28 a\u00f1os de prisi\u00f3n, a pesar de que los fiscales buscaban al menos 60 a\u00f1os a cadena perpetua.<\/p>\n<p>La nueva sentencia llega m\u00e1s de dos a\u00f1os despu\u00e9s de que un tribunal federal de apelaciones en Washington dictaminara que su sentencia original de 22 a\u00f1os era &#171;irrazonablemente baja&#187; y orden\u00f3 al juez que la impuso que lo sentenciara nuevamente.<\/p>\n<p>Los fiscales federales hab\u00edan estado buscando una nueva sentencia de cadena perpetua o al menos 60 a\u00f1os, pero el juez de distrito de EE. UU. Christopher Cooper agreg\u00f3 solo seis a\u00f1os m\u00e1s a la sentencia de Khatallah, diciendo que no cre\u00eda que los delitos por los que fue condenado justificaran una pena de prisi\u00f3n sustancialmente m\u00e1s alta.<\/p>\n<p>Khatallah fue condenado en 2018 por cuatro cargos federales derivados de su participaci\u00f3n en el ataque: conspiraci\u00f3n para brindar apoyo material y recursos a terroristas; brindar apoyo material y recursos a terroristas; destruir un edificio federal; y portar un arma de asalto semiautom\u00e1tica durante un delito violento.<\/p>\n<p>Cooper lo conden\u00f3 hace seis a\u00f1os a 12 a\u00f1os por los tres primeros delitos, que hab\u00eda estado cumpliendo simult\u00e1neamente. El juez tambi\u00e9n conden\u00f3 a Khatallah a 10 a\u00f1os por el cuarto delito y le orden\u00f3 cumplir ese tiempo despu\u00e9s de completar la sentencia de 12 a\u00f1os.<\/p>\n<p>La nueva sentencia consiste en 15 a\u00f1os por los dos primeros delitos y 18 a\u00f1os por el tercer delito, que cumplir\u00e1 simult\u00e1neamente. El juez mantuvo la sentencia de 10 a\u00f1os por el cuarto delito, que Khatallah cumplir\u00e1 despu\u00e9s de los primeros 18 a\u00f1os.<\/p>\n<p>Durante un juicio de siete semanas en 2018, los fiscales federales retrataron a Khatallah como el cabecilla de los ataques de Bengasi y un &#171;terrorista de sangre fr\u00eda&#187;. Un jurado en Washington DC finalmente lo declar\u00f3 inocente de los asesinatos del embajador de Estados Unidos J. Christopher Stevens, as\u00ed como de los empleados del gobierno estadounidense Sean Smith, Tyrone Woods y Doherty.<\/p>\n<p>The-CNN-Wire<br \/>&trade; &amp; &copy; 2024 Cable News Network, Inc., a Warner Bros. Discovery Company. All rights reserved.<\/p>\n","protected":false},"excerpt":{"rendered":"<p>(CNN) &#8212; Ahmed Abu Khatallah, el l\u00edder de la milicia libia condenado por su papel en el mortal ataque terrorista de 2012 contra el consulado estadounidense en Bengasi, fue sentenciado nuevamente el jueves a 28 a\u00f1os de prisi\u00f3n, a pesar de que los fiscales buscaban al menos 60 a\u00f1os a cadena perpetua. La nueva sentencia [&hellip;]<\/p>\n","protected":false},"author":0,"featured_media":0,"comment_status":"open","ping_status":"open","sticky":false,"template":"","format":"standard","meta":{"_jetpack_memberships_contains_paid_content":false,"footnotes":""},"categories":[10],"tags":[],"class_list":["post-1453104","post","type-post","status-publish","format-standard","hentry","category-noticias-nacionales","market-global"],"yoast_head":"<!-- This site is optimized with the Yoast SEO plugin v24.4 - https:\/\/yoast.com\/wordpress\/plugins\/seo\/ -->\n<title>El \u201ccerebro\u201d de Bengasi, Ahmed Abu Khatallah, condenado a 28 a\u00f1os de prisi\u00f3n en nueva sentencia - Noticias<\/title>\n<meta name=\"robots\" content=\"index, follow, max-snippet:-1, max-image-preview:large, max-video-preview:-1\" \/>\n<link rel=\"canonical\" href=\"https:\/\/noticiasya.com\/2024\/09\/26\/ahmed-abu-khatallah-condenado-28-anos-prision\/\" \/>\n<meta property=\"og:locale\" content=\"es_ES\" \/>\n<meta property=\"og:type\" content=\"article\" \/>\n<meta property=\"og:title\" content=\"El \u201ccerebro\u201d de Bengasi, Ahmed Abu Khatallah, condenado a 28 a\u00f1os de prisi\u00f3n en nueva sentencia - Noticias\" \/>\n<meta property=\"og:description\" content=\"(CNN) &#8212; Ahmed Abu Khatallah, el l\u00edder de la milicia libia condenado por su papel en el mortal ataque terrorista de 2012 contra el consulado estadounidense en Bengasi, fue sentenciado nuevamente el jueves a 28 a\u00f1os de prisi\u00f3n, a pesar de que los fiscales buscaban al menos 60 a\u00f1os a cadena perpetua. La nueva sentencia [&hellip;]\" \/>\n<meta property=\"og:url\" content=\"https:\/\/noticiasya.com\/2024\/09\/26\/ahmed-abu-khatallah-condenado-28-anos-prision\/\" \/>\n<meta property=\"og:site_name\" content=\"Noticias\" \/>\n<meta property=\"article:published_time\" content=\"2024-09-26T22:03:47+00:00\" \/>\n<meta name=\"twitter:card\" content=\"summary_large_image\" \/>\n<meta name=\"twitter:label1\" content=\"Est. reading time\" \/>\n\t<meta name=\"twitter:data1\" content=\"2 minutos\" \/>\n<script type=\"application\/ld+json\" class=\"yoast-schema-graph\">{\"@context\":\"https:\/\/schema.org\",\"@graph\":[{\"@type\":\"Article\",\"@id\":\"https:\/\/noticiasya.com\/2024\/09\/26\/ahmed-abu-khatallah-condenado-28-anos-prision\/#article\",\"isPartOf\":{\"@id\":\"https:\/\/noticiasya.com\/2024\/09\/26\/ahmed-abu-khatallah-condenado-28-anos-prision\/\"},\"author\":{\"name\":\"\",\"@id\":\"\"},\"headline\":\"El \u201ccerebro\u201d de Bengasi, Ahmed Abu Khatallah, condenado a 28 a\u00f1os de prisi\u00f3n en nueva sentencia\",\"datePublished\":\"2024-09-26T22:03:47+00:00\",\"mainEntityOfPage\":{\"@id\":\"https:\/\/noticiasya.com\/2024\/09\/26\/ahmed-abu-khatallah-condenado-28-anos-prision\/\"},\"wordCount\":399,\"commentCount\":0,\"publisher\":{\"@id\":\"https:\/\/noticiasya.com\/#organization\"},\"articleSection\":[\"Noticias Nacionales\"],\"inLanguage\":\"es\",\"potentialAction\":[{\"@type\":\"CommentAction\",\"name\":\"Comment\",\"target\":[\"https:\/\/noticiasya.com\/2024\/09\/26\/ahmed-abu-khatallah-condenado-28-anos-prision\/#respond\"]}]},{\"@type\":\"WebPage\",\"@id\":\"https:\/\/noticiasya.com\/2024\/09\/26\/ahmed-abu-khatallah-condenado-28-anos-prision\/\",\"url\":\"https:\/\/noticiasya.com\/2024\/09\/26\/ahmed-abu-khatallah-condenado-28-anos-prision\/\",\"name\":\"El \u201ccerebro\u201d de Bengasi, Ahmed Abu Khatallah, condenado a 28 a\u00f1os de prisi\u00f3n en nueva sentencia - Noticias\",\"isPartOf\":{\"@id\":\"https:\/\/noticiasya.com\/#website\"},\"datePublished\":\"2024-09-26T22:03:47+00:00\",\"breadcrumb\":{\"@id\":\"https:\/\/noticiasya.com\/2024\/09\/26\/ahmed-abu-khatallah-condenado-28-anos-prision\/#breadcrumb\"},\"inLanguage\":\"es\",\"potentialAction\":[{\"@type\":\"ReadAction\",\"target\":[\"https:\/\/noticiasya.com\/2024\/09\/26\/ahmed-abu-khatallah-condenado-28-anos-prision\/\"]}]},{\"@type\":\"BreadcrumbList\",\"@id\":\"https:\/\/noticiasya.com\/2024\/09\/26\/ahmed-abu-khatallah-condenado-28-anos-prision\/#breadcrumb\",\"itemListElement\":[{\"@type\":\"ListItem\",\"position\":1,\"name\":\"Home\",\"item\":\"https:\/\/noticiasya.com\/\"},{\"@type\":\"ListItem\",\"position\":2,\"name\":\"El \u201ccerebro\u201d de Bengasi, Ahmed Abu Khatallah, condenado a 28 a\u00f1os de prisi\u00f3n en nueva sentencia\"}]},{\"@type\":\"WebSite\",\"@id\":\"https:\/\/noticiasya.com\/#website\",\"url\":\"https:\/\/noticiasya.com\/\",\"name\":\"Noticias\",\"description\":\"Lo que importa\",\"publisher\":{\"@id\":\"https:\/\/noticiasya.com\/#organization\"},\"potentialAction\":[{\"@type\":\"SearchAction\",\"target\":{\"@type\":\"EntryPoint\",\"urlTemplate\":\"https:\/\/noticiasya.com\/?s={search_term_string}\"},\"query-input\":{\"@type\":\"PropertyValueSpecification\",\"valueRequired\":true,\"valueName\":\"search_term_string\"}}],\"inLanguage\":\"es\"},{\"@type\":\"Organization\",\"@id\":\"https:\/\/noticiasya.com\/#organization\",\"name\":\"Noticias\",\"url\":\"https:\/\/noticiasya.com\/\",\"logo\":{\"@type\":\"ImageObject\",\"inLanguage\":\"es\",\"@id\":\"https:\/\/noticiasya.com\/#\/schema\/logo\/image\/\",\"url\":\"https:\/\/noticiasya.com\/wp-content\/uploads\/sites\/22\/2023\/12\/logo-nacional.png\",\"contentUrl\":\"https:\/\/noticiasya.com\/wp-content\/uploads\/sites\/22\/2023\/12\/logo-nacional.png\",\"width\":1801,\"height\":691,\"caption\":\"Noticias\"},\"image\":{\"@id\":\"https:\/\/noticiasya.com\/#\/schema\/logo\/image\/\"}}]}<\/script>\n<!-- \/ Yoast SEO plugin. -->","yoast_head_json":{"title":"El \u201ccerebro\u201d de Bengasi, Ahmed Abu Khatallah, condenado a 28 a\u00f1os de prisi\u00f3n en nueva sentencia - Noticias","robots":{"index":"index","follow":"follow","max-snippet":"max-snippet:-1","max-image-preview":"max-image-preview:large","max-video-preview":"max-video-preview:-1"},"canonical":"https:\/\/noticiasya.com\/2024\/09\/26\/ahmed-abu-khatallah-condenado-28-anos-prision\/","og_locale":"es_ES","og_type":"article","og_title":"El \u201ccerebro\u201d de Bengasi, Ahmed Abu Khatallah, condenado a 28 a\u00f1os de prisi\u00f3n en nueva sentencia - Noticias","og_description":"(CNN) &#8212; Ahmed Abu Khatallah, el l\u00edder de la milicia libia condenado por su papel en el mortal ataque terrorista de 2012 contra el consulado estadounidense en Bengasi, fue sentenciado nuevamente el jueves a 28 a\u00f1os de prisi\u00f3n, a pesar de que los fiscales buscaban al menos 60 a\u00f1os a cadena perpetua. La nueva sentencia [&hellip;]","og_url":"https:\/\/noticiasya.com\/2024\/09\/26\/ahmed-abu-khatallah-condenado-28-anos-prision\/","og_site_name":"Noticias","article_published_time":"2024-09-26T22:03:47+00:00","twitter_card":"summary_large_image","twitter_misc":{"Est. reading time":"2 minutos"},"schema":{"@context":"https:\/\/schema.org","@graph":[{"@type":"Article","@id":"https:\/\/noticiasya.com\/2024\/09\/26\/ahmed-abu-khatallah-condenado-28-anos-prision\/#article","isPartOf":{"@id":"https:\/\/noticiasya.com\/2024\/09\/26\/ahmed-abu-khatallah-condenado-28-anos-prision\/"},"author":{"name":"","@id":""},"headline":"El \u201ccerebro\u201d de Bengasi, Ahmed Abu Khatallah, condenado a 28 a\u00f1os de prisi\u00f3n en nueva sentencia","datePublished":"2024-09-26T22:03:47+00:00","mainEntityOfPage":{"@id":"https:\/\/noticiasya.com\/2024\/09\/26\/ahmed-abu-khatallah-condenado-28-anos-prision\/"},"wordCount":399,"commentCount":0,"publisher":{"@id":"https:\/\/noticiasya.com\/#organization"},"articleSection":["Noticias Nacionales"],"inLanguage":"es","potentialAction":[{"@type":"CommentAction","name":"Comment","target":["https:\/\/noticiasya.com\/2024\/09\/26\/ahmed-abu-khatallah-condenado-28-anos-prision\/#respond"]}]},{"@type":"WebPage","@id":"https:\/\/noticiasya.com\/2024\/09\/26\/ahmed-abu-khatallah-condenado-28-anos-prision\/","url":"https:\/\/noticiasya.com\/2024\/09\/26\/ahmed-abu-khatallah-condenado-28-anos-prision\/","name":"El \u201ccerebro\u201d de Bengasi, Ahmed Abu Khatallah, condenado a 28 a\u00f1os de prisi\u00f3n en nueva sentencia - Noticias","isPartOf":{"@id":"https:\/\/noticiasya.com\/#website"},"datePublished":"2024-09-26T22:03:47+00:00","breadcrumb":{"@id":"https:\/\/noticiasya.com\/2024\/09\/26\/ahmed-abu-khatallah-condenado-28-anos-prision\/#breadcrumb"},"inLanguage":"es","potentialAction":[{"@type":"ReadAction","target":["https:\/\/noticiasya.com\/2024\/09\/26\/ahmed-abu-khatallah-condenado-28-anos-prision\/"]}]},{"@type":"BreadcrumbList","@id":"https:\/\/noticiasya.com\/2024\/09\/26\/ahmed-abu-khatallah-condenado-28-anos-prision\/#breadcrumb","itemListElement":[{"@type":"ListItem","position":1,"name":"Home","item":"https:\/\/noticiasya.com\/"},{"@type":"ListItem","position":2,"name":"El \u201ccerebro\u201d de Bengasi, Ahmed Abu Khatallah, condenado a 28 a\u00f1os de prisi\u00f3n en nueva sentencia"}]},{"@type":"WebSite","@id":"https:\/\/noticiasya.com\/#website","url":"https:\/\/noticiasya.com\/","name":"Noticias","description":"Lo que importa","publisher":{"@id":"https:\/\/noticiasya.com\/#organization"},"potentialAction":[{"@type":"SearchAction","target":{"@type":"EntryPoint","urlTemplate":"https:\/\/noticiasya.com\/?s={search_term_string}"},"query-input":{"@type":"PropertyValueSpecification","valueRequired":true,"valueName":"search_term_string"}}],"inLanguage":"es"},{"@type":"Organization","@id":"https:\/\/noticiasya.com\/#organization","name":"Noticias","url":"https:\/\/noticiasya.com\/","logo":{"@type":"ImageObject","inLanguage":"es","@id":"https:\/\/noticiasya.com\/#\/schema\/logo\/image\/","url":"https:\/\/noticiasya.com\/wp-content\/uploads\/sites\/22\/2023\/12\/logo-nacional.png","contentUrl":"https:\/\/noticiasya.com\/wp-content\/uploads\/sites\/22\/2023\/12\/logo-nacional.png","width":1801,"height":691,"caption":"Noticias"},"image":{"@id":"https:\/\/noticiasya.com\/#\/schema\/logo\/image\/"}}]}},"parsely":{"version":"1.1.0","canonical_url":"https:\/\/noticiasya.com\/midland-odessa\/2024\/09\/26\/ahmed-abu-khatallah-condenado-28-anos-prision\/","smart_links":{"inbound":0,"outbound":0},"traffic_boost_suggestions_count":0,"meta":{"@context":"https:\/\/schema.org","@type":"NewsArticle","headline":"El \u201ccerebro\u201d de Bengasi, Ahmed Abu Khatallah, condenado a 28 a\u00f1os de prisi\u00f3n en nueva sentencia","url":"http:\/\/noticiasya.com\/midland-odessa\/2024\/09\/26\/ahmed-abu-khatallah-condenado-28-anos-prision\/","mainEntityOfPage":{"@type":"WebPage","@id":"http:\/\/noticiasya.com\/midland-odessa\/2024\/09\/26\/ahmed-abu-khatallah-condenado-28-anos-prision\/"},"thumbnailUrl":"","image":{"@type":"ImageObject","url":""},"articleSection":"Noticias Nacionales","author":[],"creator":[],"publisher":{"@type":"Organization","name":"Noticias","logo":""},"keywords":[],"dateCreated":"2024-09-26T22:03:47Z","datePublished":"2024-09-26T22:03:47Z","dateModified":"2024-09-26T22:03:47Z"},"rendered":"<script type=\"application\/ld+json\" class=\"wp-parsely-metadata\">{\"@context\":\"https:\\\/\\\/schema.org\",\"@type\":\"NewsArticle\",\"headline\":\"El \\u201ccerebro\\u201d de Bengasi, Ahmed Abu Khatallah, condenado a 28 a\\u00f1os de prisi\\u00f3n en nueva sentencia\",\"url\":\"http:\\\/\\\/noticiasya.com\\\/midland-odessa\\\/2024\\\/09\\\/26\\\/ahmed-abu-khatallah-condenado-28-anos-prision\\\/\",\"mainEntityOfPage\":{\"@type\":\"WebPage\",\"@id\":\"http:\\\/\\\/noticiasya.com\\\/midland-odessa\\\/2024\\\/09\\\/26\\\/ahmed-abu-khatallah-condenado-28-anos-prision\\\/\"},\"thumbnailUrl\":\"\",\"image\":{\"@type\":\"ImageObject\",\"url\":\"\"},\"articleSection\":\"Noticias Nacionales\",\"author\":[],\"creator\":[],\"publisher\":{\"@type\":\"Organization\",\"name\":\"Noticias\",\"logo\":\"\"},\"keywords\":[],\"dateCreated\":\"2024-09-26T22:03:47Z\",\"datePublished\":\"2024-09-26T22:03:47Z\",\"dateModified\":\"2024-09-26T22:03:47Z\"}<\/script>","tracker_url":"https:\/\/cdn.parsely.com\/keys\/noticiasya.com\/p.js"},"jetpack_featured_media_url":"","jetpack-related-posts":[{"id":1462312,"url":"https:\/\/noticiasya.com\/midland-odessa\/2025\/05\/13\/nueva-sentencia-hermanos-menendez-posibilidad-libertad-condicional-trax\/","url_meta":{"origin":1453104,"position":0},"title":"Nueva sentencia de los hermanos Men\u00e9ndez abre la posibilidad a libertad condicional, dictamina un juez","author":"","date":"mayo 13, 2025","format":false,"excerpt":"Un juez dict\u00f3 una nueva sentencia para Erik y Lyle Men\u00e9ndez: de 50 a\u00f1os a cadena perpetua en prisi\u00f3n por los asesinatos de sus padres en 1989, por lo que los hermanos ser\u00edan elegibles para libertad condicional. Los hermanos han estado cumpliendo cadena perpetua sin libertad condicional por los asesinatos.La\u2026","rel":"","context":"In &quot;Noticias Nacionales&quot;","block_context":{"text":"Noticias Nacionales","link":"https:\/\/noticiasya.com\/midland-odessa\/categoria\/noticias-nacionales"},"img":{"alt_text":"","src":"","width":0,"height":0},"classes":[]},{"id":1447612,"url":"https:\/\/noticiasya.com\/midland-odessa\/2024\/04\/01\/condena-alex-murdaugh-a-40-anos-prision-delitos-financieros-trax\/","url_meta":{"origin":1453104,"position":1},"title":"Tribunal federal condena a Alex Murdaugh a 40 a\u00f1os de prisi\u00f3n por delitos financieros","author":"","date":"abril 1, 2024","format":false,"excerpt":"(CNN) -- El asesino convicto Alex Murdaugh recibi\u00f3 otra sentencia de prisi\u00f3n el lunes, esta vez en un tribunal federal, donde un juez lo sentenci\u00f3 a 40 a\u00f1os despu\u00e9s de que se declarara culpable de una serie de delitos financieros, que incluyen casi dos docenas de cargos de conspiraci\u00f3n, fraude\u2026","rel":"","context":"In &quot;Noticias Nacionales&quot;","block_context":{"text":"Noticias Nacionales","link":"https:\/\/noticiasya.com\/midland-odessa\/categoria\/noticias-nacionales"},"img":{"alt_text":"","src":"","width":0,"height":0},"classes":[]},{"id":1455507,"url":"https:\/\/noticiasya.com\/midland-odessa\/2024\/11\/01\/sentencia-trump-prevista-para-noviembre-trax\/","url_meta":{"origin":1453104,"position":2},"title":"\u00bfQu\u00e9 pasar\u00e1 con la sentencia de Trump en el caso penal prevista para noviembre?","author":"","date":"noviembre 1, 2024","format":false,"excerpt":"(CNN) -- Donald Trump tiene varias t\u00e1cticas legales para tratar de mantenerse fuera de la prisi\u00f3n estatal, pero su mejor oportunidad de \u00e9xito depende del resultado de las elecciones presidenciales.El expresidente ya ha logrado retrasar dos veces su sentencia m\u00e1s all\u00e1 del d\u00eda de las elecciones por 34 delitos graves\u2026","rel":"","context":"In &quot;Noticias Nacionales&quot;","block_context":{"text":"Noticias Nacionales","link":"https:\/\/noticiasya.com\/midland-odessa\/categoria\/noticias-nacionales"},"img":{"alt_text":"","src":"","width":0,"height":0},"classes":[]},{"id":1467053,"url":"https:\/\/noticiasya.com\/midland-odessa\/2025\/10\/02\/exnovia-sean-diddy-combs-niega-ser-victima-trax\/","url_meta":{"origin":1453104,"position":3},"title":"La exnovia de Sean &#171;Diddy&#187; Combs niega haber sido v\u00edctima de \u00e9l en una carta dirigida al tribunal","author":"","date":"octubre 2, 2025","format":false,"excerpt":"Antes de su sentencia este viernes, una exnovia de Sean \u201cDiddy\u201d Combs, identificada como \u201cV\u00edctima 3\u201d en su acusaci\u00f3n, dice que no fue v\u00edctima de trata sexual por parte de \u00e9l.La mujer, Virginia Huynh, escribi\u00f3 en una carta al juez Arun Subramanian que durante las reuniones con los fiscales federales,\u2026","rel":"","context":"In &quot;Noticias Nacionales&quot;","block_context":{"text":"Noticias Nacionales","link":"https:\/\/noticiasya.com\/midland-odessa\/categoria\/noticias-nacionales"},"img":{"alt_text":"","src":"","width":0,"height":0},"classes":[]},{"id":1467092,"url":"https:\/\/noticiasya.com\/midland-odessa\/2025\/10\/03\/sean-diddy-combs-cargos-acusan-orix\/","url_meta":{"origin":1453104,"position":4},"title":"Sentencian a Sean &#8216;Diddy&#8217; Combs a poco m\u00e1s de cuatro a\u00f1os de prisi\u00f3n. \u00bfDe qu\u00e9 lo acusaron?","author":"","date":"octubre 3, 2025","format":false,"excerpt":"Sean \u201cDiddy\u201d Combs ha sido sentenciado a 50 meses, o poco m\u00e1s de cuatro a\u00f1os, en prisi\u00f3n por su condena en dos cargos de transporte con fines de prostituci\u00f3n.El juez federal de distrito Arun Subramanian anunci\u00f3 la decisi\u00f3n este viernes, diciendo que \u201cse debe imponer una sentencia sustancial para enviar\u2026","rel":"","context":"In &quot;Noticias Nacionales&quot;","block_context":{"text":"Noticias Nacionales","link":"https:\/\/noticiasya.com\/midland-odessa\/categoria\/noticias-nacionales"},"img":{"alt_text":"","src":"","width":0,"height":0},"classes":[]},{"id":1449883,"url":"https:\/\/noticiasya.com\/midland-odessa\/2024\/05\/31\/que-pasara-trump-condenado-juicio-pago-por-silencio-trax\/","url_meta":{"origin":1453104,"position":5},"title":"\u00bfQu\u00e9 pasar\u00e1 ahora que Trump fue condenado en el juicio de pago por silencio?","author":"","date":"mayo 31, 2024","format":false,"excerpt":"(CNN) --\u00a0Un jurado de Nueva York conden\u00f3 a Donald Trump por 34 delitos graves de falsificaci\u00f3n de registros empresariales, lo que puso fin a un juicio que dur\u00f3 semanas, pero dio paso a una nueva fase del hist\u00f3rico caso.Trump se encuentra ahora en la posici\u00f3n \u00fanica de ser el primer\u2026","rel":"","context":"In &quot;Noticias Nacionales&quot;","block_context":{"text":"Noticias Nacionales","link":"https:\/\/noticiasya.com\/midland-odessa\/categoria\/noticias-nacionales"},"img":{"alt_text":"","src":"","width":0,"height":0},"classes":[]}],"jetpack_sharing_enabled":true,"_links":{"self":[{"href":"https:\/\/noticiasya.com\/midland-odessa\/wp-json\/wp\/v2\/posts\/1453104","targetHints":{"allow":["GET"]}}],"collection":[{"href":"https:\/\/noticiasya.com\/midland-odessa\/wp-json\/wp\/v2\/posts"}],"about":[{"href":"https:\/\/noticiasya.com\/midland-odessa\/wp-json\/wp\/v2\/types\/post"}],"replies":[{"embeddable":true,"href":"https:\/\/noticiasya.com\/midland-odessa\/wp-json\/wp\/v2\/comments?post=1453104"}],"version-history":[{"count":0,"href":"https:\/\/noticiasya.com\/midland-odessa\/wp-json\/wp\/v2\/posts\/1453104\/revisions"}],"wp:attachment":[{"href":"https:\/\/noticiasya.com\/midland-odessa\/wp-json\/wp\/v2\/media?parent=1453104"}],"wp:term":[{"taxonomy":"category","embeddable":true,"href":"https:\/\/noticiasya.com\/midland-odessa\/wp-json\/wp\/v2\/categories?post=1453104"},{"taxonomy":"post_tag","embeddable":true,"href":"https:\/\/noticiasya.com\/midland-odessa\/wp-json\/wp\/v2\/tags?post=1453104"}],"curies":[{"name":"wp","href":"https:\/\/api.w.org\/{rel}","templated":true}]}}