{"id":1453113,"date":"2024-09-26T17:03:40","date_gmt":"2024-09-27T00:03:40","guid":{"rendered":"https:\/\/noticiasya.com\/2024\/09\/26\/ministro-justicia-bolivia-renuncia-cargo-orix\/"},"modified":"2024-09-26T17:03:40","modified_gmt":"2024-09-27T00:03:40","slug":"ministro-justicia-bolivia-renuncia-cargo-orix","status":"publish","type":"post","link":"https:\/\/noticiasya.com\/midland-odessa\/2024\/09\/26\/ministro-justicia-bolivia-renuncia-cargo-orix\/","title":{"rendered":"El ministro de Justicia de Bolivia renuncia al cargo"},"content":{"rendered":"<p>(CNN Espa\u00f1ol) \u2013\u2013 Iv\u00e1n Lima Magne renunci\u00f3 como ministro de Justicia de Bolivia, anunci\u00f3 este jueves en su cuenta de X.<\/p>\n<p>Lima difundi\u00f3 el mensaje con una foto de su carta de dimisi\u00f3n, donde le agradeci\u00f3 al presidente Luis Arce haberlo incorporado a su gabinete cuando comenz\u00f3 su mandato, hace casi cuatro a\u00f1os.<\/p>\n<p>\u201cEn este tiempo hemos enfrentado severas dificultades y hemos superado grandes escollos (\u2026) Con usted, se\u00f1or presidente, comprobamos de manera inequ\u00edvoca que la democracia es un privilegio que debemos preservar a toda costa y que la unidad del pa\u00eds y de los bolivianos es un bien que debemos sustentar todos los d\u00edas, con mucho esfuerzo y no con menos tenacidad\u201d, dice su divisa, sin precisar los motivos de su salida.<\/p>\n<p>CNN contact\u00f3 a la Presidencia de Bolivia para pedir comentarios sobre esta renuncia y est\u00e1 en espera de respuesta.<\/p>\n<p>The-CNN-Wire<br \/>&trade; &amp; &copy; 2024 Cable News Network, Inc., a Warner Bros. Discovery Company. All rights reserved.<\/p>\n","protected":false},"excerpt":{"rendered":"<p>(CNN Espa\u00f1ol) \u2013\u2013 Iv\u00e1n Lima Magne renunci\u00f3 como ministro de Justicia de Bolivia, anunci\u00f3 este jueves en su cuenta de X. Lima difundi\u00f3 el mensaje con una foto de su carta de dimisi\u00f3n, donde le agradeci\u00f3 al presidente Luis Arce haberlo incorporado a su gabinete cuando comenz\u00f3 su mandato, hace casi cuatro a\u00f1os. \u201cEn este [&hellip;]<\/p>\n","protected":false},"author":0,"featured_media":0,"comment_status":"open","ping_status":"open","sticky":false,"template":"","format":"standard","meta":{"_jetpack_memberships_contains_paid_content":false,"footnotes":""},"categories":[10],"tags":[],"class_list":["post-1453113","post","type-post","status-publish","format-standard","hentry","category-noticias-nacionales","market-global"],"yoast_head":"<!-- This site is optimized with the Yoast SEO plugin v24.4 - https:\/\/yoast.com\/wordpress\/plugins\/seo\/ -->\n<title>El ministro de Justicia de Bolivia renuncia al cargo - Noticias<\/title>\n<meta name=\"robots\" content=\"index, follow, max-snippet:-1, max-image-preview:large, max-video-preview:-1\" \/>\n<link rel=\"canonical\" href=\"https:\/\/noticiasya.com\/2024\/09\/26\/ministro-justicia-bolivia-renuncia-cargo-orix\/\" \/>\n<meta property=\"og:locale\" content=\"es_ES\" \/>\n<meta property=\"og:type\" content=\"article\" \/>\n<meta property=\"og:title\" content=\"El ministro de Justicia de Bolivia renuncia al cargo - Noticias\" \/>\n<meta property=\"og:description\" content=\"(CNN Espa\u00f1ol) \u2013\u2013 Iv\u00e1n Lima Magne renunci\u00f3 como ministro de Justicia de Bolivia, anunci\u00f3 este jueves en su cuenta de X. Lima difundi\u00f3 el mensaje con una foto de su carta de dimisi\u00f3n, donde le agradeci\u00f3 al presidente Luis Arce haberlo incorporado a su gabinete cuando comenz\u00f3 su mandato, hace casi cuatro a\u00f1os. \u201cEn este [&hellip;]\" \/>\n<meta property=\"og:url\" content=\"https:\/\/noticiasya.com\/2024\/09\/26\/ministro-justicia-bolivia-renuncia-cargo-orix\/\" \/>\n<meta property=\"og:site_name\" content=\"Noticias\" \/>\n<meta property=\"article:published_time\" content=\"2024-09-27T00:03:40+00:00\" \/>\n<meta name=\"twitter:card\" content=\"summary_large_image\" \/>\n<meta name=\"twitter:label1\" content=\"Est. reading time\" \/>\n\t<meta name=\"twitter:data1\" content=\"1 minuto\" \/>\n<script type=\"application\/ld+json\" class=\"yoast-schema-graph\">{\"@context\":\"https:\/\/schema.org\",\"@graph\":[{\"@type\":\"Article\",\"@id\":\"https:\/\/noticiasya.com\/2024\/09\/26\/ministro-justicia-bolivia-renuncia-cargo-orix\/#article\",\"isPartOf\":{\"@id\":\"https:\/\/noticiasya.com\/2024\/09\/26\/ministro-justicia-bolivia-renuncia-cargo-orix\/\"},\"author\":{\"name\":\"\",\"@id\":\"\"},\"headline\":\"El ministro de Justicia de Bolivia renuncia al cargo\",\"datePublished\":\"2024-09-27T00:03:40+00:00\",\"mainEntityOfPage\":{\"@id\":\"https:\/\/noticiasya.com\/2024\/09\/26\/ministro-justicia-bolivia-renuncia-cargo-orix\/\"},\"wordCount\":173,\"commentCount\":0,\"publisher\":{\"@id\":\"https:\/\/noticiasya.com\/#organization\"},\"articleSection\":[\"Noticias Nacionales\"],\"inLanguage\":\"es\",\"potentialAction\":[{\"@type\":\"CommentAction\",\"name\":\"Comment\",\"target\":[\"https:\/\/noticiasya.com\/2024\/09\/26\/ministro-justicia-bolivia-renuncia-cargo-orix\/#respond\"]}]},{\"@type\":\"WebPage\",\"@id\":\"https:\/\/noticiasya.com\/2024\/09\/26\/ministro-justicia-bolivia-renuncia-cargo-orix\/\",\"url\":\"https:\/\/noticiasya.com\/2024\/09\/26\/ministro-justicia-bolivia-renuncia-cargo-orix\/\",\"name\":\"El ministro de Justicia de Bolivia renuncia al cargo - Noticias\",\"isPartOf\":{\"@id\":\"https:\/\/noticiasya.com\/#website\"},\"datePublished\":\"2024-09-27T00:03:40+00:00\",\"breadcrumb\":{\"@id\":\"https:\/\/noticiasya.com\/2024\/09\/26\/ministro-justicia-bolivia-renuncia-cargo-orix\/#breadcrumb\"},\"inLanguage\":\"es\",\"potentialAction\":[{\"@type\":\"ReadAction\",\"target\":[\"https:\/\/noticiasya.com\/2024\/09\/26\/ministro-justicia-bolivia-renuncia-cargo-orix\/\"]}]},{\"@type\":\"BreadcrumbList\",\"@id\":\"https:\/\/noticiasya.com\/2024\/09\/26\/ministro-justicia-bolivia-renuncia-cargo-orix\/#breadcrumb\",\"itemListElement\":[{\"@type\":\"ListItem\",\"position\":1,\"name\":\"Home\",\"item\":\"https:\/\/noticiasya.com\/\"},{\"@type\":\"ListItem\",\"position\":2,\"name\":\"El ministro de Justicia de Bolivia renuncia al cargo\"}]},{\"@type\":\"WebSite\",\"@id\":\"https:\/\/noticiasya.com\/#website\",\"url\":\"https:\/\/noticiasya.com\/\",\"name\":\"Noticias\",\"description\":\"Lo que importa\",\"publisher\":{\"@id\":\"https:\/\/noticiasya.com\/#organization\"},\"potentialAction\":[{\"@type\":\"SearchAction\",\"target\":{\"@type\":\"EntryPoint\",\"urlTemplate\":\"https:\/\/noticiasya.com\/?s={search_term_string}\"},\"query-input\":{\"@type\":\"PropertyValueSpecification\",\"valueRequired\":true,\"valueName\":\"search_term_string\"}}],\"inLanguage\":\"es\"},{\"@type\":\"Organization\",\"@id\":\"https:\/\/noticiasya.com\/#organization\",\"name\":\"Noticias\",\"url\":\"https:\/\/noticiasya.com\/\",\"logo\":{\"@type\":\"ImageObject\",\"inLanguage\":\"es\",\"@id\":\"https:\/\/noticiasya.com\/#\/schema\/logo\/image\/\",\"url\":\"https:\/\/noticiasya.com\/wp-content\/uploads\/sites\/22\/2023\/12\/logo-nacional.png\",\"contentUrl\":\"https:\/\/noticiasya.com\/wp-content\/uploads\/sites\/22\/2023\/12\/logo-nacional.png\",\"width\":1801,\"height\":691,\"caption\":\"Noticias\"},\"image\":{\"@id\":\"https:\/\/noticiasya.com\/#\/schema\/logo\/image\/\"}}]}<\/script>\n<!-- \/ Yoast SEO plugin. -->","yoast_head_json":{"title":"El ministro de Justicia de Bolivia renuncia al cargo - Noticias","robots":{"index":"index","follow":"follow","max-snippet":"max-snippet:-1","max-image-preview":"max-image-preview:large","max-video-preview":"max-video-preview:-1"},"canonical":"https:\/\/noticiasya.com\/2024\/09\/26\/ministro-justicia-bolivia-renuncia-cargo-orix\/","og_locale":"es_ES","og_type":"article","og_title":"El ministro de Justicia de Bolivia renuncia al cargo - Noticias","og_description":"(CNN Espa\u00f1ol) \u2013\u2013 Iv\u00e1n Lima Magne renunci\u00f3 como ministro de Justicia de Bolivia, anunci\u00f3 este jueves en su cuenta de X. Lima difundi\u00f3 el mensaje con una foto de su carta de dimisi\u00f3n, donde le agradeci\u00f3 al presidente Luis Arce haberlo incorporado a su gabinete cuando comenz\u00f3 su mandato, hace casi cuatro a\u00f1os. \u201cEn este [&hellip;]","og_url":"https:\/\/noticiasya.com\/2024\/09\/26\/ministro-justicia-bolivia-renuncia-cargo-orix\/","og_site_name":"Noticias","article_published_time":"2024-09-27T00:03:40+00:00","twitter_card":"summary_large_image","twitter_misc":{"Est. reading time":"1 minuto"},"schema":{"@context":"https:\/\/schema.org","@graph":[{"@type":"Article","@id":"https:\/\/noticiasya.com\/2024\/09\/26\/ministro-justicia-bolivia-renuncia-cargo-orix\/#article","isPartOf":{"@id":"https:\/\/noticiasya.com\/2024\/09\/26\/ministro-justicia-bolivia-renuncia-cargo-orix\/"},"author":{"name":"","@id":""},"headline":"El ministro de Justicia de Bolivia renuncia al cargo","datePublished":"2024-09-27T00:03:40+00:00","mainEntityOfPage":{"@id":"https:\/\/noticiasya.com\/2024\/09\/26\/ministro-justicia-bolivia-renuncia-cargo-orix\/"},"wordCount":173,"commentCount":0,"publisher":{"@id":"https:\/\/noticiasya.com\/#organization"},"articleSection":["Noticias Nacionales"],"inLanguage":"es","potentialAction":[{"@type":"CommentAction","name":"Comment","target":["https:\/\/noticiasya.com\/2024\/09\/26\/ministro-justicia-bolivia-renuncia-cargo-orix\/#respond"]}]},{"@type":"WebPage","@id":"https:\/\/noticiasya.com\/2024\/09\/26\/ministro-justicia-bolivia-renuncia-cargo-orix\/","url":"https:\/\/noticiasya.com\/2024\/09\/26\/ministro-justicia-bolivia-renuncia-cargo-orix\/","name":"El ministro de Justicia de Bolivia renuncia al cargo - Noticias","isPartOf":{"@id":"https:\/\/noticiasya.com\/#website"},"datePublished":"2024-09-27T00:03:40+00:00","breadcrumb":{"@id":"https:\/\/noticiasya.com\/2024\/09\/26\/ministro-justicia-bolivia-renuncia-cargo-orix\/#breadcrumb"},"inLanguage":"es","potentialAction":[{"@type":"ReadAction","target":["https:\/\/noticiasya.com\/2024\/09\/26\/ministro-justicia-bolivia-renuncia-cargo-orix\/"]}]},{"@type":"BreadcrumbList","@id":"https:\/\/noticiasya.com\/2024\/09\/26\/ministro-justicia-bolivia-renuncia-cargo-orix\/#breadcrumb","itemListElement":[{"@type":"ListItem","position":1,"name":"Home","item":"https:\/\/noticiasya.com\/"},{"@type":"ListItem","position":2,"name":"El ministro de Justicia de Bolivia renuncia al cargo"}]},{"@type":"WebSite","@id":"https:\/\/noticiasya.com\/#website","url":"https:\/\/noticiasya.com\/","name":"Noticias","description":"Lo que importa","publisher":{"@id":"https:\/\/noticiasya.com\/#organization"},"potentialAction":[{"@type":"SearchAction","target":{"@type":"EntryPoint","urlTemplate":"https:\/\/noticiasya.com\/?s={search_term_string}"},"query-input":{"@type":"PropertyValueSpecification","valueRequired":true,"valueName":"search_term_string"}}],"inLanguage":"es"},{"@type":"Organization","@id":"https:\/\/noticiasya.com\/#organization","name":"Noticias","url":"https:\/\/noticiasya.com\/","logo":{"@type":"ImageObject","inLanguage":"es","@id":"https:\/\/noticiasya.com\/#\/schema\/logo\/image\/","url":"https:\/\/noticiasya.com\/wp-content\/uploads\/sites\/22\/2023\/12\/logo-nacional.png","contentUrl":"https:\/\/noticiasya.com\/wp-content\/uploads\/sites\/22\/2023\/12\/logo-nacional.png","width":1801,"height":691,"caption":"Noticias"},"image":{"@id":"https:\/\/noticiasya.com\/#\/schema\/logo\/image\/"}}]}},"parsely":{"version":"1.1.0","canonical_url":"https:\/\/noticiasya.com\/midland-odessa\/2024\/09\/26\/ministro-justicia-bolivia-renuncia-cargo-orix\/","smart_links":{"inbound":0,"outbound":0},"traffic_boost_suggestions_count":0,"meta":{"@context":"https:\/\/schema.org","@type":"NewsArticle","headline":"El ministro de Justicia de Bolivia renuncia al cargo","url":"http:\/\/noticiasya.com\/midland-odessa\/2024\/09\/26\/ministro-justicia-bolivia-renuncia-cargo-orix\/","mainEntityOfPage":{"@type":"WebPage","@id":"http:\/\/noticiasya.com\/midland-odessa\/2024\/09\/26\/ministro-justicia-bolivia-renuncia-cargo-orix\/"},"thumbnailUrl":"","image":{"@type":"ImageObject","url":""},"articleSection":"Noticias Nacionales","author":[],"creator":[],"publisher":{"@type":"Organization","name":"Noticias","logo":""},"keywords":[],"dateCreated":"2024-09-27T00:03:40Z","datePublished":"2024-09-27T00:03:40Z","dateModified":"2024-09-27T00:03:40Z"},"rendered":"<script type=\"application\/ld+json\" class=\"wp-parsely-metadata\">{\"@context\":\"https:\\\/\\\/schema.org\",\"@type\":\"NewsArticle\",\"headline\":\"El ministro de Justicia de Bolivia renuncia al cargo\",\"url\":\"http:\\\/\\\/noticiasya.com\\\/midland-odessa\\\/2024\\\/09\\\/26\\\/ministro-justicia-bolivia-renuncia-cargo-orix\\\/\",\"mainEntityOfPage\":{\"@type\":\"WebPage\",\"@id\":\"http:\\\/\\\/noticiasya.com\\\/midland-odessa\\\/2024\\\/09\\\/26\\\/ministro-justicia-bolivia-renuncia-cargo-orix\\\/\"},\"thumbnailUrl\":\"\",\"image\":{\"@type\":\"ImageObject\",\"url\":\"\"},\"articleSection\":\"Noticias Nacionales\",\"author\":[],\"creator\":[],\"publisher\":{\"@type\":\"Organization\",\"name\":\"Noticias\",\"logo\":\"\"},\"keywords\":[],\"dateCreated\":\"2024-09-27T00:03:40Z\",\"datePublished\":\"2024-09-27T00:03:40Z\",\"dateModified\":\"2024-09-27T00:03:40Z\"}<\/script>","tracker_url":"https:\/\/cdn.parsely.com\/keys\/noticiasya.com\/p.js"},"jetpack_featured_media_url":"","jetpack-related-posts":[{"id":1467550,"url":"https:\/\/noticiasya.com\/midland-odessa\/2025\/10\/20\/rodrigo-paz-niega-pacto-mas-bolivia-conclusiones-orix\/","url_meta":{"origin":1453113,"position":0},"title":"Rodrigo Paz niega pacto con el MAS: &#171;Hay que ser bastante masoquista para estar vinculado a algo que no le hizo bien al pa\u00eds&#187;","author":"","date":"octubre 20, 2025","format":false,"excerpt":"Rodrigo Paz, ganador de las elecciones presidenciales en Bolivia, descart\u00f3 durante una entrevista con CNN cualquier posibilidad de haber pactado con el Movimiento al Socialismo (MAS) para llegar al poder y asegur\u00f3 que su victoria representa el cierre de un ciclo pol\u00edtico que, a su juicio, le ha hecho da\u00f1o\u2026","rel":"","context":"In &quot;Noticias Nacionales&quot;","block_context":{"text":"Noticias Nacionales","link":"https:\/\/noticiasya.com\/midland-odessa\/categoria\/noticias-nacionales"},"img":{"alt_text":"","src":"","width":0,"height":0},"classes":[]},{"id":1450741,"url":"https:\/\/noticiasya.com\/midland-odessa\/2024\/06\/27\/ministro-bolivia-defensa-rechaza-acusaciones-de-zuniga-de-supuesto-autogolpe-orix\/","url_meta":{"origin":1453113,"position":1},"title":"Ministro de Defensa de Bolivia rechaza las acusaciones de Z\u00fa\u00f1iga de supuesto autogolpe","author":"","date":"junio 27, 2024","format":false,"excerpt":"(CNN Espa\u00f1ol) --\u00a0El ministro de Defensa de Bolivia, Edmundo Novillo, respondi\u00f3 este jueves a las acusaciones del general Juan Jos\u00e9 Z\u00fa\u00f1iga, detenido por su papel en el intento de golpe de Estado, quien dijo que lo ocurrido respond\u00eda a una supuesta petici\u00f3n de autogolpe hecha por el presidente Luis Arce\u2026","rel":"","context":"In &quot;Noticias Nacionales&quot;","block_context":{"text":"Noticias Nacionales","link":"https:\/\/noticiasya.com\/midland-odessa\/categoria\/noticias-nacionales"},"img":{"alt_text":"","src":"","width":0,"height":0},"classes":[]},{"id":1461935,"url":"https:\/\/noticiasya.com\/midland-odessa\/2025\/05\/03\/restituyen-orden-captura-expresidente-evo-morales-orix\/","url_meta":{"origin":1453113,"position":2},"title":"Restituyen orden de captura contra el expresidente Evo Morales en Bolivia, dice el ministro de Justicia","author":"","date":"mayo 3, 2025","format":false,"excerpt":"Un juez de La Paz dej\u00f3 sin efecto una resoluci\u00f3n judicial que anulaba una orden de captura en contra del expresidente de Bolivia, Evo Morales, inform\u00f3 este viernes el ministro de Justicia C\u00e9sar Adalid Siles Baz\u00e1n.\u201cNo solamente la orden queda vigente, el proceso de imputaci\u00f3n, la jurisdicci\u00f3n de Tarija y\u2026","rel":"","context":"In &quot;Noticias Nacionales&quot;","block_context":{"text":"Noticias Nacionales","link":"https:\/\/noticiasya.com\/midland-odessa\/categoria\/noticias-nacionales"},"img":{"alt_text":"","src":"","width":0,"height":0},"classes":[]},{"id":1465693,"url":"https:\/\/noticiasya.com\/midland-odessa\/2025\/08\/20\/bolivia-iran-vinculos-elecciones-orix\/","url_meta":{"origin":1453113,"position":3},"title":"\u00bfEl fin del eje La Paz-Teher\u00e1n? No importa qui\u00e9n gane las elecciones en Bolivia, la relaci\u00f3n con Ir\u00e1n no ser\u00e1 la misma","author":"","date":"agosto 20, 2025","format":false,"excerpt":"Pase lo que pase el pr\u00f3ximo 19 de octubre, cuando se celebre la segunda vuelta electoral, Bolivia ya no ser\u00e1 la misma y los efectos de este cambio podr\u00edan sentirse en lugares tan remotos como la Rep\u00fablica Isl\u00e1mica de Ir\u00e1n, con quien el pa\u00eds tiene una estrecha relaci\u00f3n de la\u2026","rel":"","context":"In &quot;Noticias Nacionales&quot;","block_context":{"text":"Noticias Nacionales","link":"https:\/\/noticiasya.com\/midland-odessa\/categoria\/noticias-nacionales"},"img":{"alt_text":"","src":"","width":0,"height":0},"classes":[]},{"id":1456229,"url":"https:\/\/noticiasya.com\/midland-odessa\/2024\/12\/03\/condenan-seis-anos-tres-meses-gonzalo-sanchez-de-lozada-caso-petrocontratos-orix\/","url_meta":{"origin":1453113,"position":4},"title":"Condenan a seis a\u00f1os y tres meses de prisi\u00f3n al expresidente de Bolivia Gonzalo S\u00e1nchez de Lozada por el caso &#171;Petrocontratos&#187;","author":"","date":"diciembre 3, 2024","format":false,"excerpt":"(CNN Espa\u00f1ol) -- El Tribunal Supremo de Justicia (TSJ) sentenci\u00f3 al expresidente de Bolivia, Gonzalo S\u00e1nchez de Lozada, a seis a\u00f1os y tres meses de prisi\u00f3n por un caso de firma il\u00edcita de contratos con compa\u00f1\u00edas petroleras, conocido como caso \"Petrocontratos\", durante su segundo mandato (2002 y 2003), inform\u00f3 este\u2026","rel":"","context":"In &quot;Noticias Nacionales&quot;","block_context":{"text":"Noticias Nacionales","link":"https:\/\/noticiasya.com\/midland-odessa\/categoria\/noticias-nacionales"},"img":{"alt_text":"","src":"","width":0,"height":0},"classes":[]},{"id":1450759,"url":"https:\/\/noticiasya.com\/midland-odessa\/2024\/06\/27\/arche-rechaza-acusaciones-supuesto-autogolpe-estado-bolivia-orix\/","url_meta":{"origin":1453113,"position":5},"title":"Arce rechaza acusaciones sobre supuesto autogolpe de Estado en Bolivia","author":"","date":"junio 27, 2024","format":false,"excerpt":"(CNN Espa\u00f1ol) -- Un d\u00eda despu\u00e9s del intento de golpe de Estado en Bolivia, el presidente Luis Arce rechaz\u00f3 las acusaciones del general detenido por encabezar estos hechos, Juan Jos\u00e9 Z\u00fa\u00f1iga, quien la noche del mi\u00e9rcoles dijo que fue el mandatario quien le orden\u00f3 ejecutar un autogolpe que le ayudara\u2026","rel":"","context":"In &quot;Noticias Nacionales&quot;","block_context":{"text":"Noticias Nacionales","link":"https:\/\/noticiasya.com\/midland-odessa\/categoria\/noticias-nacionales"},"img":{"alt_text":"","src":"","width":0,"height":0},"classes":[]}],"jetpack_sharing_enabled":true,"_links":{"self":[{"href":"https:\/\/noticiasya.com\/midland-odessa\/wp-json\/wp\/v2\/posts\/1453113","targetHints":{"allow":["GET"]}}],"collection":[{"href":"https:\/\/noticiasya.com\/midland-odessa\/wp-json\/wp\/v2\/posts"}],"about":[{"href":"https:\/\/noticiasya.com\/midland-odessa\/wp-json\/wp\/v2\/types\/post"}],"replies":[{"embeddable":true,"href":"https:\/\/noticiasya.com\/midland-odessa\/wp-json\/wp\/v2\/comments?post=1453113"}],"version-history":[{"count":0,"href":"https:\/\/noticiasya.com\/midland-odessa\/wp-json\/wp\/v2\/posts\/1453113\/revisions"}],"wp:attachment":[{"href":"https:\/\/noticiasya.com\/midland-odessa\/wp-json\/wp\/v2\/media?parent=1453113"}],"wp:term":[{"taxonomy":"category","embeddable":true,"href":"https:\/\/noticiasya.com\/midland-odessa\/wp-json\/wp\/v2\/categories?post=1453113"},{"taxonomy":"post_tag","embeddable":true,"href":"https:\/\/noticiasya.com\/midland-odessa\/wp-json\/wp\/v2\/tags?post=1453113"}],"curies":[{"name":"wp","href":"https:\/\/api.w.org\/{rel}","templated":true}]}}