{"id":1453116,"date":"2024-09-26T19:03:40","date_gmt":"2024-09-27T02:03:40","guid":{"rendered":"https:\/\/noticiasya.com\/2024\/09\/26\/detienen-segundo-hombre-involucrado-incendios-quito-orix\/"},"modified":"2024-09-26T19:03:40","modified_gmt":"2024-09-27T02:03:40","slug":"detienen-segundo-hombre-involucrado-incendios-quito-orix","status":"publish","type":"post","link":"https:\/\/noticiasya.com\/midland-odessa\/2024\/09\/26\/detienen-segundo-hombre-involucrado-incendios-quito-orix\/","title":{"rendered":"Detienen a un segundo hombre presuntamente involucrado en los incendios en Quito"},"content":{"rendered":"<p>(CNN Espa\u00f1ol) \u2013\u2013 La Polic\u00eda Nacional de Ecuador detuvo este jueves a un segundo hombre presuntamente involucrado en los incendios que esta semana afectan a Quito e hicieron que la Alcald\u00eda declarara emergencia en la capital, de acuerdo con un comunicado.<\/p>\n<p>Se trata, seg\u00fan las autoridades, de una persona de nacionalidad colombiana sospechosa de haber causado un incendio forestal en la zona de un puente.<\/p>\n<p>CNN contact\u00f3 a la embajada de Colombia en Ecuador para pedir informaci\u00f3n sobre este caso y espera respuesta.<\/p>\n<p>Quito declara emergencia por los incendios forestales<\/p>\n<p>La Polic\u00eda inform\u00f3 el mi\u00e9rcoles que detuvo a un primer sospechoso, un hombre de 19 a\u00f1os se\u00f1alado como presunto responsable de comenzar un incendio en Gu\u00e1pulo, en el norte de Quito.<\/p>\n<p>La Fiscal\u00eda de Ecuador dijo este jueves en su cuenta de X que una jueza impuso a este detenido prisi\u00f3n preventiva como medida cautelar. Ser\u00e1 procesado por el delito de incendios forestales y de vegetaci\u00f3n y tendr\u00e1 su audiencia de juicio el 17 de octubre.<\/p>\n<p>El martes por la noche, la Fiscal\u00eda inform\u00f3 que abri\u00f3 una investigaci\u00f3n por los incendios que ese d\u00eda se intensificaron en diversos puntos de la capital ecuatoriana, generaron nubes de humo visibles por toda la ciudad y movilizaron a los cuerpos de seguridad y protecci\u00f3n civil.<\/p>\n<p>A lo largo de este jueves, las autoridades de Quito han reportado avances en la contenci\u00f3n del fuego. Los bomberos dijeron que el incendio en el cerro el Auqui, uno de los principales focos, por el momento se encuentra controlado.<\/p>\n<p>The-CNN-Wire<br \/>&trade; &amp; &copy; 2024 Cable News Network, Inc., a Warner Bros. Discovery Company. All rights reserved.<\/p>\n","protected":false},"excerpt":{"rendered":"<p>(CNN Espa\u00f1ol) \u2013\u2013 La Polic\u00eda Nacional de Ecuador detuvo este jueves a un segundo hombre presuntamente involucrado en los incendios que esta semana afectan a Quito e hicieron que la Alcald\u00eda declarara emergencia en la capital, de acuerdo con un comunicado. Se trata, seg\u00fan las autoridades, de una persona de nacionalidad colombiana sospechosa de haber [&hellip;]<\/p>\n","protected":false},"author":0,"featured_media":0,"comment_status":"open","ping_status":"open","sticky":false,"template":"","format":"standard","meta":{"_jetpack_memberships_contains_paid_content":false,"footnotes":""},"categories":[10],"tags":[],"class_list":["post-1453116","post","type-post","status-publish","format-standard","hentry","category-noticias-nacionales","market-global"],"yoast_head":"<!-- This site is optimized with the Yoast SEO plugin v24.4 - https:\/\/yoast.com\/wordpress\/plugins\/seo\/ -->\n<title>Detienen a un segundo hombre presuntamente involucrado en los incendios en Quito - Noticias<\/title>\n<meta name=\"robots\" content=\"index, follow, max-snippet:-1, max-image-preview:large, max-video-preview:-1\" \/>\n<link rel=\"canonical\" href=\"https:\/\/noticiasya.com\/2024\/09\/26\/detienen-segundo-hombre-involucrado-incendios-quito-orix\/\" \/>\n<meta property=\"og:locale\" content=\"es_ES\" \/>\n<meta property=\"og:type\" content=\"article\" \/>\n<meta property=\"og:title\" content=\"Detienen a un segundo hombre presuntamente involucrado en los incendios en Quito - Noticias\" \/>\n<meta property=\"og:description\" content=\"(CNN Espa\u00f1ol) \u2013\u2013 La Polic\u00eda Nacional de Ecuador detuvo este jueves a un segundo hombre presuntamente involucrado en los incendios que esta semana afectan a Quito e hicieron que la Alcald\u00eda declarara emergencia en la capital, de acuerdo con un comunicado. Se trata, seg\u00fan las autoridades, de una persona de nacionalidad colombiana sospechosa de haber [&hellip;]\" \/>\n<meta property=\"og:url\" content=\"https:\/\/noticiasya.com\/2024\/09\/26\/detienen-segundo-hombre-involucrado-incendios-quito-orix\/\" \/>\n<meta property=\"og:site_name\" content=\"Noticias\" \/>\n<meta property=\"article:published_time\" content=\"2024-09-27T02:03:40+00:00\" \/>\n<meta name=\"twitter:card\" content=\"summary_large_image\" \/>\n<meta name=\"twitter:label1\" content=\"Est. reading time\" \/>\n\t<meta name=\"twitter:data1\" content=\"1 minuto\" \/>\n<script type=\"application\/ld+json\" class=\"yoast-schema-graph\">{\"@context\":\"https:\/\/schema.org\",\"@graph\":[{\"@type\":\"Article\",\"@id\":\"https:\/\/noticiasya.com\/2024\/09\/26\/detienen-segundo-hombre-involucrado-incendios-quito-orix\/#article\",\"isPartOf\":{\"@id\":\"https:\/\/noticiasya.com\/2024\/09\/26\/detienen-segundo-hombre-involucrado-incendios-quito-orix\/\"},\"author\":{\"name\":\"\",\"@id\":\"\"},\"headline\":\"Detienen a un segundo hombre presuntamente involucrado en los incendios en Quito\",\"datePublished\":\"2024-09-27T02:03:40+00:00\",\"mainEntityOfPage\":{\"@id\":\"https:\/\/noticiasya.com\/2024\/09\/26\/detienen-segundo-hombre-involucrado-incendios-quito-orix\/\"},\"wordCount\":295,\"commentCount\":0,\"publisher\":{\"@id\":\"https:\/\/noticiasya.com\/#organization\"},\"articleSection\":[\"Noticias Nacionales\"],\"inLanguage\":\"es\",\"potentialAction\":[{\"@type\":\"CommentAction\",\"name\":\"Comment\",\"target\":[\"https:\/\/noticiasya.com\/2024\/09\/26\/detienen-segundo-hombre-involucrado-incendios-quito-orix\/#respond\"]}]},{\"@type\":\"WebPage\",\"@id\":\"https:\/\/noticiasya.com\/2024\/09\/26\/detienen-segundo-hombre-involucrado-incendios-quito-orix\/\",\"url\":\"https:\/\/noticiasya.com\/2024\/09\/26\/detienen-segundo-hombre-involucrado-incendios-quito-orix\/\",\"name\":\"Detienen a un segundo hombre presuntamente involucrado en los incendios en Quito - Noticias\",\"isPartOf\":{\"@id\":\"https:\/\/noticiasya.com\/#website\"},\"datePublished\":\"2024-09-27T02:03:40+00:00\",\"breadcrumb\":{\"@id\":\"https:\/\/noticiasya.com\/2024\/09\/26\/detienen-segundo-hombre-involucrado-incendios-quito-orix\/#breadcrumb\"},\"inLanguage\":\"es\",\"potentialAction\":[{\"@type\":\"ReadAction\",\"target\":[\"https:\/\/noticiasya.com\/2024\/09\/26\/detienen-segundo-hombre-involucrado-incendios-quito-orix\/\"]}]},{\"@type\":\"BreadcrumbList\",\"@id\":\"https:\/\/noticiasya.com\/2024\/09\/26\/detienen-segundo-hombre-involucrado-incendios-quito-orix\/#breadcrumb\",\"itemListElement\":[{\"@type\":\"ListItem\",\"position\":1,\"name\":\"Home\",\"item\":\"https:\/\/noticiasya.com\/\"},{\"@type\":\"ListItem\",\"position\":2,\"name\":\"Detienen a un segundo hombre presuntamente involucrado en los incendios en Quito\"}]},{\"@type\":\"WebSite\",\"@id\":\"https:\/\/noticiasya.com\/#website\",\"url\":\"https:\/\/noticiasya.com\/\",\"name\":\"Noticias\",\"description\":\"Lo que importa\",\"publisher\":{\"@id\":\"https:\/\/noticiasya.com\/#organization\"},\"potentialAction\":[{\"@type\":\"SearchAction\",\"target\":{\"@type\":\"EntryPoint\",\"urlTemplate\":\"https:\/\/noticiasya.com\/?s={search_term_string}\"},\"query-input\":{\"@type\":\"PropertyValueSpecification\",\"valueRequired\":true,\"valueName\":\"search_term_string\"}}],\"inLanguage\":\"es\"},{\"@type\":\"Organization\",\"@id\":\"https:\/\/noticiasya.com\/#organization\",\"name\":\"Noticias\",\"url\":\"https:\/\/noticiasya.com\/\",\"logo\":{\"@type\":\"ImageObject\",\"inLanguage\":\"es\",\"@id\":\"https:\/\/noticiasya.com\/#\/schema\/logo\/image\/\",\"url\":\"https:\/\/noticiasya.com\/wp-content\/uploads\/sites\/22\/2023\/12\/logo-nacional.png\",\"contentUrl\":\"https:\/\/noticiasya.com\/wp-content\/uploads\/sites\/22\/2023\/12\/logo-nacional.png\",\"width\":1801,\"height\":691,\"caption\":\"Noticias\"},\"image\":{\"@id\":\"https:\/\/noticiasya.com\/#\/schema\/logo\/image\/\"}}]}<\/script>\n<!-- \/ Yoast SEO plugin. -->","yoast_head_json":{"title":"Detienen a un segundo hombre presuntamente involucrado en los incendios en Quito - Noticias","robots":{"index":"index","follow":"follow","max-snippet":"max-snippet:-1","max-image-preview":"max-image-preview:large","max-video-preview":"max-video-preview:-1"},"canonical":"https:\/\/noticiasya.com\/2024\/09\/26\/detienen-segundo-hombre-involucrado-incendios-quito-orix\/","og_locale":"es_ES","og_type":"article","og_title":"Detienen a un segundo hombre presuntamente involucrado en los incendios en Quito - Noticias","og_description":"(CNN Espa\u00f1ol) \u2013\u2013 La Polic\u00eda Nacional de Ecuador detuvo este jueves a un segundo hombre presuntamente involucrado en los incendios que esta semana afectan a Quito e hicieron que la Alcald\u00eda declarara emergencia en la capital, de acuerdo con un comunicado. Se trata, seg\u00fan las autoridades, de una persona de nacionalidad colombiana sospechosa de haber [&hellip;]","og_url":"https:\/\/noticiasya.com\/2024\/09\/26\/detienen-segundo-hombre-involucrado-incendios-quito-orix\/","og_site_name":"Noticias","article_published_time":"2024-09-27T02:03:40+00:00","twitter_card":"summary_large_image","twitter_misc":{"Est. reading time":"1 minuto"},"schema":{"@context":"https:\/\/schema.org","@graph":[{"@type":"Article","@id":"https:\/\/noticiasya.com\/2024\/09\/26\/detienen-segundo-hombre-involucrado-incendios-quito-orix\/#article","isPartOf":{"@id":"https:\/\/noticiasya.com\/2024\/09\/26\/detienen-segundo-hombre-involucrado-incendios-quito-orix\/"},"author":{"name":"","@id":""},"headline":"Detienen a un segundo hombre presuntamente involucrado en los incendios en Quito","datePublished":"2024-09-27T02:03:40+00:00","mainEntityOfPage":{"@id":"https:\/\/noticiasya.com\/2024\/09\/26\/detienen-segundo-hombre-involucrado-incendios-quito-orix\/"},"wordCount":295,"commentCount":0,"publisher":{"@id":"https:\/\/noticiasya.com\/#organization"},"articleSection":["Noticias Nacionales"],"inLanguage":"es","potentialAction":[{"@type":"CommentAction","name":"Comment","target":["https:\/\/noticiasya.com\/2024\/09\/26\/detienen-segundo-hombre-involucrado-incendios-quito-orix\/#respond"]}]},{"@type":"WebPage","@id":"https:\/\/noticiasya.com\/2024\/09\/26\/detienen-segundo-hombre-involucrado-incendios-quito-orix\/","url":"https:\/\/noticiasya.com\/2024\/09\/26\/detienen-segundo-hombre-involucrado-incendios-quito-orix\/","name":"Detienen a un segundo hombre presuntamente involucrado en los incendios en Quito - Noticias","isPartOf":{"@id":"https:\/\/noticiasya.com\/#website"},"datePublished":"2024-09-27T02:03:40+00:00","breadcrumb":{"@id":"https:\/\/noticiasya.com\/2024\/09\/26\/detienen-segundo-hombre-involucrado-incendios-quito-orix\/#breadcrumb"},"inLanguage":"es","potentialAction":[{"@type":"ReadAction","target":["https:\/\/noticiasya.com\/2024\/09\/26\/detienen-segundo-hombre-involucrado-incendios-quito-orix\/"]}]},{"@type":"BreadcrumbList","@id":"https:\/\/noticiasya.com\/2024\/09\/26\/detienen-segundo-hombre-involucrado-incendios-quito-orix\/#breadcrumb","itemListElement":[{"@type":"ListItem","position":1,"name":"Home","item":"https:\/\/noticiasya.com\/"},{"@type":"ListItem","position":2,"name":"Detienen a un segundo hombre presuntamente involucrado en los incendios en Quito"}]},{"@type":"WebSite","@id":"https:\/\/noticiasya.com\/#website","url":"https:\/\/noticiasya.com\/","name":"Noticias","description":"Lo que importa","publisher":{"@id":"https:\/\/noticiasya.com\/#organization"},"potentialAction":[{"@type":"SearchAction","target":{"@type":"EntryPoint","urlTemplate":"https:\/\/noticiasya.com\/?s={search_term_string}"},"query-input":{"@type":"PropertyValueSpecification","valueRequired":true,"valueName":"search_term_string"}}],"inLanguage":"es"},{"@type":"Organization","@id":"https:\/\/noticiasya.com\/#organization","name":"Noticias","url":"https:\/\/noticiasya.com\/","logo":{"@type":"ImageObject","inLanguage":"es","@id":"https:\/\/noticiasya.com\/#\/schema\/logo\/image\/","url":"https:\/\/noticiasya.com\/wp-content\/uploads\/sites\/22\/2023\/12\/logo-nacional.png","contentUrl":"https:\/\/noticiasya.com\/wp-content\/uploads\/sites\/22\/2023\/12\/logo-nacional.png","width":1801,"height":691,"caption":"Noticias"},"image":{"@id":"https:\/\/noticiasya.com\/#\/schema\/logo\/image\/"}}]}},"parsely":{"version":"1.1.0","canonical_url":"https:\/\/noticiasya.com\/midland-odessa\/2024\/09\/26\/detienen-segundo-hombre-involucrado-incendios-quito-orix\/","smart_links":{"inbound":0,"outbound":0},"traffic_boost_suggestions_count":0,"meta":{"@context":"https:\/\/schema.org","@type":"NewsArticle","headline":"Detienen a un segundo hombre presuntamente involucrado en los incendios en Quito","url":"http:\/\/noticiasya.com\/midland-odessa\/2024\/09\/26\/detienen-segundo-hombre-involucrado-incendios-quito-orix\/","mainEntityOfPage":{"@type":"WebPage","@id":"http:\/\/noticiasya.com\/midland-odessa\/2024\/09\/26\/detienen-segundo-hombre-involucrado-incendios-quito-orix\/"},"thumbnailUrl":"","image":{"@type":"ImageObject","url":""},"articleSection":"Noticias Nacionales","author":[],"creator":[],"publisher":{"@type":"Organization","name":"Noticias","logo":""},"keywords":[],"dateCreated":"2024-09-27T02:03:40Z","datePublished":"2024-09-27T02:03:40Z","dateModified":"2024-09-27T02:03:40Z"},"rendered":"<script type=\"application\/ld+json\" class=\"wp-parsely-metadata\">{\"@context\":\"https:\\\/\\\/schema.org\",\"@type\":\"NewsArticle\",\"headline\":\"Detienen a un segundo hombre presuntamente involucrado en los incendios en Quito\",\"url\":\"http:\\\/\\\/noticiasya.com\\\/midland-odessa\\\/2024\\\/09\\\/26\\\/detienen-segundo-hombre-involucrado-incendios-quito-orix\\\/\",\"mainEntityOfPage\":{\"@type\":\"WebPage\",\"@id\":\"http:\\\/\\\/noticiasya.com\\\/midland-odessa\\\/2024\\\/09\\\/26\\\/detienen-segundo-hombre-involucrado-incendios-quito-orix\\\/\"},\"thumbnailUrl\":\"\",\"image\":{\"@type\":\"ImageObject\",\"url\":\"\"},\"articleSection\":\"Noticias Nacionales\",\"author\":[],\"creator\":[],\"publisher\":{\"@type\":\"Organization\",\"name\":\"Noticias\",\"logo\":\"\"},\"keywords\":[],\"dateCreated\":\"2024-09-27T02:03:40Z\",\"datePublished\":\"2024-09-27T02:03:40Z\",\"dateModified\":\"2024-09-27T02:03:40Z\"}<\/script>","tracker_url":"https:\/\/cdn.parsely.com\/keys\/noticiasya.com\/p.js"},"jetpack_featured_media_url":"","jetpack-related-posts":[{"id":1453164,"url":"https:\/\/noticiasya.com\/midland-odessa\/2024\/09\/27\/incendios-quito-ecuador-liquidados-4-detenidos-orix\/","url_meta":{"origin":1453116,"position":0},"title":"Declaran liquidados los incendios que afectaron Quito esta semana; hay 4 presuntos responsables detenidos","author":"","date":"septiembre 27, 2024","format":false,"excerpt":"(CNN Espa\u00f1ol) -- Los incendios forestales que esta semana afectaron varios puntos de Quito quedaron liquidados este viernes, dijeron el alcalde Pabel Mu\u00f1oz y los bomberos de la capital de Ecuador.El alcalde dijo en su cuenta de X que se trat\u00f3 de los peores incendios en 30 a\u00f1os, y agradeci\u00f3\u2026","rel":"","context":"In &quot;Noticias Nacionales&quot;","block_context":{"text":"Noticias Nacionales","link":"https:\/\/noticiasya.com\/midland-odessa\/categoria\/noticias-nacionales"},"img":{"alt_text":"","src":"","width":0,"height":0},"classes":[]},{"id":1453093,"url":"https:\/\/noticiasya.com\/midland-odessa\/2024\/09\/26\/ecuador-incendio-forestal-quito-provocado-trax\/","url_meta":{"origin":1453116,"position":1},"title":"Autoridades de Ecuador afirman que el incendio forestal en Quito fue provocado y buscan a los responsables","author":"","date":"septiembre 26, 2024","format":false,"excerpt":"(CNN Espa\u00f1ol) --\u00a0El incendio forestal que arrasa con todo a su paso por Quito, capital de Ecuador, habr\u00eda sido provocado, asegur\u00f3 In\u00e9s Manzano, ministra de Ambiente, en un mensaje publicado en la red social X este martes, quien cit\u00f3 informaci\u00f3n del comandante de Polic\u00eda y sum\u00f3 que el ministerio de\u2026","rel":"","context":"In &quot;Noticias Nacionales&quot;","block_context":{"text":"Noticias Nacionales","link":"https:\/\/noticiasya.com\/midland-odessa\/categoria\/noticias-nacionales"},"img":{"alt_text":"","src":"","width":0,"height":0},"classes":[]},{"id":1453092,"url":"https:\/\/noticiasya.com\/midland-odessa\/2024\/09\/26\/quito-declara-emergencia-incendios-forestales-orix\/","url_meta":{"origin":1453116,"position":2},"title":"Quito declara emergencia por los incendios forestales","author":"","date":"septiembre 26, 2024","format":false,"excerpt":"(CNN Espa\u00f1ol) --\u00a0La Alcald\u00eda de Quito declar\u00f3 este mi\u00e9rcoles emergencia, debido a los incendios que el martes se intensificaron en varios puntos de la capital de Ecuador.El alcalde Pabel Mu\u00f1oz dijo en conferencia de prensa que el Comit\u00e9 de Operaciones de Emergencia (COE) tom\u00f3 la decisi\u00f3n por recomendaci\u00f3n de un\u2026","rel":"","context":"In &quot;Noticias Nacionales&quot;","block_context":{"text":"Noticias Nacionales","link":"https:\/\/noticiasya.com\/midland-odessa\/categoria\/noticias-nacionales"},"img":{"alt_text":"","src":"","width":0,"height":0},"classes":[]},{"id":1453030,"url":"https:\/\/noticiasya.com\/midland-odessa\/2024\/09\/24\/incendio-forestal-humo-quito-ecuador-orix\/","url_meta":{"origin":1453116,"position":3},"title":"Gran incendio forestal cubre de humo la ciudad de Quito, hay equipos de emergencia luchando contra las llamas","author":"","date":"septiembre 24, 2024","format":false,"excerpt":"(CNN Espa\u00f1ol) \u2013\u2013 El Cuerpo de Bomberos de Quito, en Ecuador, confirm\u00f3 que un incendio forestal fue reportado en el sector de Gu\u00e1pulo, en el centro norte de la capital.La instituci\u00f3n indic\u00f3 que debido a los fuertes vientos que atraviesa la capital ecuatoriana se present\u00f3 una gran cantidad de humo\u2026","rel":"","context":"In &quot;Noticias Nacionales&quot;","block_context":{"text":"Noticias Nacionales","link":"https:\/\/noticiasya.com\/midland-odessa\/categoria\/noticias-nacionales"},"img":{"alt_text":"","src":"","width":0,"height":0},"classes":[]},{"id":1452514,"url":"https:\/\/noticiasya.com\/midland-odessa\/2024\/09\/07\/apagon-masivo-energia-ecuador-orix\/","url_meta":{"origin":1453116,"position":4},"title":"Apag\u00f3n masivo de energ\u00eda en varias provincias de Ecuador","author":"","date":"septiembre 7, 2024","format":false,"excerpt":"(CNN Espa\u00f1ol) -- A las 8:45 de la ma\u00f1ana de este s\u00e1bado la luz se apag\u00f3 nuevamente en Ecuador, en medio de la crisis energ\u00e9tica que enfrenta el pa\u00eds desde el a\u00f1o pasado.\"Debido a una falla en la barra de la subestaci\u00f3n Molino, la cual est\u00e1 conectada a la generaci\u00f3n\u2026","rel":"","context":"In &quot;Noticias Nacionales&quot;","block_context":{"text":"Noticias Nacionales","link":"https:\/\/noticiasya.com\/midland-odessa\/categoria\/noticias-nacionales"},"img":{"alt_text":"","src":"","width":0,"height":0},"classes":[]},{"id":1443443,"url":"https:\/\/noticiasya.com\/midland-odessa\/2024\/01\/09\/hombres-encapuchados-toman-las-instalaciones-de-tc-television-en-ecuador\/","url_meta":{"origin":1453116,"position":5},"title":"Hombres encapuchados toman las instalaciones de TC Televisi\u00f3n en Ecuador","author":"","date":"enero 9, 2024","format":false,"excerpt":"(CNN Espa\u00f1ol) \u2013\u2013 Un grupo de hombres encapuchados irrumpi\u00f3 las instalaciones del canal TC Televisi\u00f3n en Guayaquil, la tarde de este martes, seg\u00fan im\u00e1genes transmitidas por esa cadena ecuatoriana.Las im\u00e1genes parecen mostrar que los individuos secuestraron a varias personas que al parecer son empleados del lugar.Cr\u00e9dito: CNNEELos hombres encapuchados obligaron\u2026","rel":"","context":"In &quot;Noticias Nacionales&quot;","block_context":{"text":"Noticias Nacionales","link":"https:\/\/noticiasya.com\/midland-odessa\/categoria\/noticias-nacionales"},"img":{"alt_text":"","src":"","width":0,"height":0},"classes":[]}],"jetpack_sharing_enabled":true,"_links":{"self":[{"href":"https:\/\/noticiasya.com\/midland-odessa\/wp-json\/wp\/v2\/posts\/1453116","targetHints":{"allow":["GET"]}}],"collection":[{"href":"https:\/\/noticiasya.com\/midland-odessa\/wp-json\/wp\/v2\/posts"}],"about":[{"href":"https:\/\/noticiasya.com\/midland-odessa\/wp-json\/wp\/v2\/types\/post"}],"replies":[{"embeddable":true,"href":"https:\/\/noticiasya.com\/midland-odessa\/wp-json\/wp\/v2\/comments?post=1453116"}],"version-history":[{"count":0,"href":"https:\/\/noticiasya.com\/midland-odessa\/wp-json\/wp\/v2\/posts\/1453116\/revisions"}],"wp:attachment":[{"href":"https:\/\/noticiasya.com\/midland-odessa\/wp-json\/wp\/v2\/media?parent=1453116"}],"wp:term":[{"taxonomy":"category","embeddable":true,"href":"https:\/\/noticiasya.com\/midland-odessa\/wp-json\/wp\/v2\/categories?post=1453116"},{"taxonomy":"post_tag","embeddable":true,"href":"https:\/\/noticiasya.com\/midland-odessa\/wp-json\/wp\/v2\/tags?post=1453116"}],"curies":[{"name":"wp","href":"https:\/\/api.w.org\/{rel}","templated":true}]}}