{"id":1453126,"date":"2024-09-27T02:03:37","date_gmt":"2024-09-27T09:03:37","guid":{"rendered":"https:\/\/noticiasya.com\/2024\/09\/27\/japon-partido-gobernante-eleccion-trax\/"},"modified":"2024-09-27T02:03:37","modified_gmt":"2024-09-27T09:03:37","slug":"japon-partido-gobernante-eleccion-trax","status":"publish","type":"post","link":"https:\/\/noticiasya.com\/midland-odessa\/2024\/09\/27\/japon-partido-gobernante-eleccion-trax\/","title":{"rendered":"La quinta va la vencida: el exministro de Defensa gana el concurso por el liderazgo del partido gobernante en Jap\u00f3n y se convertir\u00e1 en el pr\u00f3ximo l\u00edder del pa\u00eds"},"content":{"rendered":"<p>(CNN) &#8212; El exministro de Defensa, Shigeru Ishiba, se convertir\u00e1 en el nuevo primer ministro de Jap\u00f3n tras ganar este viernes el concurso por el liderazgo de su partido, despu\u00e9s de una re\u00f1ida carrera que termin\u00f3 en una segunda vuelta.<\/p>\n<p>Ishiba, de 67 a\u00f1os, se hace con el control del Partido Liberal Democr\u00e1tico (PLD), en el poder desde hace mucho tiempo y plagado de esc\u00e1ndalos, y asumir\u00e1 el mando de la cuarta econom\u00eda del mundo cuando se re\u00fana el Parlamento en octubre, gracias a la mayor\u00eda de su partido en la C\u00e1mara Baja.<\/p>\n<p>Era uno de los nueve candidatos y venci\u00f3 a la ministra de Seguridad Econ\u00f3mica, Sanae Takaichi -que aspiraba a convertirse en la primera mujer l\u00edder de Jap\u00f3n- en la segunda vuelta, con 215 votos a favor y 194 en contra. Un tercer favorito que no pas\u00f3 el corte final fue Shinjiro Koizumi, el carism\u00e1tico hijo del popular exprimer ministro Junichiro Koizumi, educado en Estados Unidos.<\/p>\n<p>Era el quinto intento de Ishiba de liderar el partido, una maquinaria pol\u00edtica conservadora que gobern\u00f3 Jap\u00f3n casi ininterrumpidamente desde su fundaci\u00f3n en 1955.<\/p>\n<p>En una cultura pol\u00edtica que valora el conformismo, Ishiba fue durante mucho tiempo una especie de at\u00edpico, dispuesto a criticar e ir en contra de su propio partido. Esa voluntad de hablar claro le hizo ganar poderosos enemigos dentro del PLD, pero le otorg\u00f3 la simpat\u00eda de los miembros m\u00e1s populares y del p\u00fablico.<\/p>\n<p>Se sit\u00faa en el ala m\u00e1s progresista del partido conservador. Es probable que su perspicacia pol\u00edtica y su experiencia en pol\u00edtica interior y exterior le hayan llevado a conseguir el m\u00e1ximo cargo.<\/p>\n<p>Tras la votaci\u00f3n, Ishiba dijo que ahora el PLD puede &#171;renacer y recuperar la confianza de la gente&#187;.<\/p>\n<p>&#171;Creer\u00e9 en el pueblo, dir\u00e9 la verdad con valent\u00eda y sinceridad, y har\u00e9 todo lo que est\u00e9 en mis manos para hacer de este pa\u00eds un lugar seguro en el que todos puedan volver a vivir con una sonrisa en la cara&#187;.<\/p>\n<p>La econom\u00eda de Jap\u00f3n se recupera, apoyando el argumento para m\u00e1s aumentos de tasas<\/p>\n<p>El veterano pol\u00edtico prometi\u00f3 una &#171;salida total&#187; de las altas tasas de inflaci\u00f3n de Jap\u00f3n, y &#171;crecimiento de los salarios reales&#187;. Tambi\u00e9n apoya una legislaci\u00f3n que podr\u00eda permitir a las mujeres casadas conservar su apellido de soltera, dijo que Jap\u00f3n deber\u00eda reducir su dependencia de la energ\u00eda nuclear en favor de las renovables y pidi\u00f3 una versi\u00f3n asi\u00e1tica del bloque de seguridad de la OTAN para contrarrestar las amenazas de China y Corea del Norte.<\/p>\n<p>Ishiba suceder\u00e1 al primer ministro saliente, Fumio Kishida, quien anunci\u00f3 en agosto que dimitir\u00eda tras un solo mandato a ra\u00edz de una serie de esc\u00e1ndalos pol\u00edticos que alimentaron las peticiones para que dimitiera.<\/p>\n<p>En los \u00faltimos meses, el PLD se vio envuelto en uno de los mayores esc\u00e1ndalos pol\u00edticos de Jap\u00f3n en d\u00e9cadas. Dos de las facciones m\u00e1s influyentes del PLD fueron acusadas de no declarar correctamente sus ingresos y gastos y, en algunos casos, de desviar presuntamente fondos pol\u00edticos a legisladores en forma de comisiones ilegales.<\/p>\n<p>Los esc\u00e1ndalos que rodean a varios altos cargos no han ayudado, con algunos acusados de estar implicados en violaciones de la ley electoral o de comentarios ofensivos en el pasado contra las minor\u00edas.<\/p>\n<p>Kishida hab\u00eda intentado contener los da\u00f1os, sustituyendo a varios ministros del gabinete el a\u00f1o pasado y suprimiendo su propia facci\u00f3n del partido.<\/p>\n<p>Como l\u00edder del partido gobernante, Ishiba tendr\u00e1 la tarea de mejorar la imagen del PLD de cara a las elecciones generales del a\u00f1o que viene.<\/p>\n<p>Tambi\u00e9n tomar\u00e1 el tim\u00f3n en un momento de aumento del coste de la vida, agravado por la debilidad del yen.<\/p>\n<p>Con las elecciones presidenciales estadounidenses en noviembre, Ishiba tendr\u00e1 que gestionar las relaciones de Jap\u00f3n con un nuevo l\u00edder estadounidense en medio de los crecientes retos de seguridad en Asia, con una China cada vez m\u00e1s asertiva y una Corea del Norte beligerante.<\/p>\n<p>La asociaci\u00f3n con Jap\u00f3n fue durante mucho tiempo fundamental para la estrategia estadounidense en la regi\u00f3n Asia-Pac\u00edfico, y su predecesor Kishida ampli\u00f3 este a\u00f1o la cooperaci\u00f3n en materia de defensa de Jap\u00f3n con su principal aliado.<\/p>\n<p>Ishiba se mostr\u00f3 firme en la disuasi\u00f3n como cuesti\u00f3n de seguridad y, se hizo eco de las palabras de su predecesor durante un reciente viaje a Taiw\u00e1n, afirm\u00f3 que &#171;lo que est\u00e1 ocurriendo hoy en Ucrania podr\u00eda ser un problema al que se enfrente ma\u00f1ana el noreste de Asia&#187;, seg\u00fan Kyodo News.<\/p>\n<p>La residente japonesa Emi Uchibori, de 67 a\u00f1os, declar\u00f3 a CNN desde Tokio que apoya a Ishiba, afirmando que &#171;necesitamos un l\u00edder que pueda dirigir Jap\u00f3n con firmeza en el futuro.&#187;<\/p>\n<p>&#171;Jap\u00f3n es una sociedad envejecida, y espero que se promueva el bienestar social. En cuanto a la diplomacia, me gustar\u00eda que Jap\u00f3n se ocupara de los problemas con China, Rusia y Corea del Norte&#187;, afirm\u00f3.<\/p>\n<p>Mientras tanto, Manami Otsuchi, de 22 a\u00f1os, dijo que quiere ver reformas &#171;que no supongan una carga demasiado pesada para la generaci\u00f3n m\u00e1s joven y que conduzcan al crecimiento econ\u00f3mico de Jap\u00f3n&#187;.<\/p>\n<p>Genta Takeda y Hanako Montgomery, de CNN, han contribuido a la informaci\u00f3n.<\/p>\n<p>The-CNN-Wire<br \/>&trade; &amp; &copy; 2024 Cable News Network, Inc., a Warner Bros. Discovery Company. All rights reserved.<\/p>\n","protected":false},"excerpt":{"rendered":"<p>(CNN) &#8212; El exministro de Defensa, Shigeru Ishiba, se convertir\u00e1 en el nuevo primer ministro de Jap\u00f3n tras ganar este viernes el concurso por el liderazgo de su partido, despu\u00e9s de una re\u00f1ida carrera que termin\u00f3 en una segunda vuelta. Ishiba, de 67 a\u00f1os, se hace con el control del Partido Liberal Democr\u00e1tico (PLD), en [&hellip;]<\/p>\n","protected":false},"author":0,"featured_media":0,"comment_status":"open","ping_status":"open","sticky":false,"template":"","format":"standard","meta":{"_jetpack_memberships_contains_paid_content":false,"footnotes":""},"categories":[10],"tags":[],"class_list":["post-1453126","post","type-post","status-publish","format-standard","hentry","category-noticias-nacionales","market-global"],"yoast_head":"<!-- This site is optimized with the Yoast SEO plugin v24.4 - https:\/\/yoast.com\/wordpress\/plugins\/seo\/ -->\n<title>La quinta va la vencida: el exministro de Defensa gana el concurso por el liderazgo del partido gobernante en Jap\u00f3n y se convertir\u00e1 en el pr\u00f3ximo l\u00edder del pa\u00eds - Noticias<\/title>\n<meta name=\"robots\" content=\"index, follow, max-snippet:-1, max-image-preview:large, max-video-preview:-1\" \/>\n<link rel=\"canonical\" href=\"https:\/\/noticiasya.com\/2024\/09\/27\/japon-partido-gobernante-eleccion-trax\/\" \/>\n<meta property=\"og:locale\" content=\"es_ES\" \/>\n<meta property=\"og:type\" content=\"article\" \/>\n<meta property=\"og:title\" content=\"La quinta va la vencida: el exministro de Defensa gana el concurso por el liderazgo del partido gobernante en Jap\u00f3n y se convertir\u00e1 en el pr\u00f3ximo l\u00edder del pa\u00eds - Noticias\" \/>\n<meta property=\"og:description\" content=\"(CNN) &#8212; El exministro de Defensa, Shigeru Ishiba, se convertir\u00e1 en el nuevo primer ministro de Jap\u00f3n tras ganar este viernes el concurso por el liderazgo de su partido, despu\u00e9s de una re\u00f1ida carrera que termin\u00f3 en una segunda vuelta. Ishiba, de 67 a\u00f1os, se hace con el control del Partido Liberal Democr\u00e1tico (PLD), en [&hellip;]\" \/>\n<meta property=\"og:url\" content=\"https:\/\/noticiasya.com\/2024\/09\/27\/japon-partido-gobernante-eleccion-trax\/\" \/>\n<meta property=\"og:site_name\" content=\"Noticias\" \/>\n<meta property=\"article:published_time\" content=\"2024-09-27T09:03:37+00:00\" \/>\n<meta name=\"twitter:card\" content=\"summary_large_image\" \/>\n<meta name=\"twitter:label1\" content=\"Est. reading time\" \/>\n\t<meta name=\"twitter:data1\" content=\"5 minutos\" \/>\n<script type=\"application\/ld+json\" class=\"yoast-schema-graph\">{\"@context\":\"https:\/\/schema.org\",\"@graph\":[{\"@type\":\"Article\",\"@id\":\"https:\/\/noticiasya.com\/2024\/09\/27\/japon-partido-gobernante-eleccion-trax\/#article\",\"isPartOf\":{\"@id\":\"https:\/\/noticiasya.com\/2024\/09\/27\/japon-partido-gobernante-eleccion-trax\/\"},\"author\":{\"name\":\"\",\"@id\":\"\"},\"headline\":\"La quinta va la vencida: el exministro de Defensa gana el concurso por el liderazgo del partido gobernante en Jap\u00f3n y se convertir\u00e1 en el pr\u00f3ximo l\u00edder del pa\u00eds\",\"datePublished\":\"2024-09-27T09:03:37+00:00\",\"mainEntityOfPage\":{\"@id\":\"https:\/\/noticiasya.com\/2024\/09\/27\/japon-partido-gobernante-eleccion-trax\/\"},\"wordCount\":980,\"commentCount\":0,\"publisher\":{\"@id\":\"https:\/\/noticiasya.com\/#organization\"},\"articleSection\":[\"Noticias Nacionales\"],\"inLanguage\":\"es\",\"potentialAction\":[{\"@type\":\"CommentAction\",\"name\":\"Comment\",\"target\":[\"https:\/\/noticiasya.com\/2024\/09\/27\/japon-partido-gobernante-eleccion-trax\/#respond\"]}]},{\"@type\":\"WebPage\",\"@id\":\"https:\/\/noticiasya.com\/2024\/09\/27\/japon-partido-gobernante-eleccion-trax\/\",\"url\":\"https:\/\/noticiasya.com\/2024\/09\/27\/japon-partido-gobernante-eleccion-trax\/\",\"name\":\"La quinta va la vencida: el exministro de Defensa gana el concurso por el liderazgo del partido gobernante en Jap\u00f3n y se convertir\u00e1 en el pr\u00f3ximo l\u00edder del pa\u00eds - Noticias\",\"isPartOf\":{\"@id\":\"https:\/\/noticiasya.com\/#website\"},\"datePublished\":\"2024-09-27T09:03:37+00:00\",\"breadcrumb\":{\"@id\":\"https:\/\/noticiasya.com\/2024\/09\/27\/japon-partido-gobernante-eleccion-trax\/#breadcrumb\"},\"inLanguage\":\"es\",\"potentialAction\":[{\"@type\":\"ReadAction\",\"target\":[\"https:\/\/noticiasya.com\/2024\/09\/27\/japon-partido-gobernante-eleccion-trax\/\"]}]},{\"@type\":\"BreadcrumbList\",\"@id\":\"https:\/\/noticiasya.com\/2024\/09\/27\/japon-partido-gobernante-eleccion-trax\/#breadcrumb\",\"itemListElement\":[{\"@type\":\"ListItem\",\"position\":1,\"name\":\"Home\",\"item\":\"https:\/\/noticiasya.com\/\"},{\"@type\":\"ListItem\",\"position\":2,\"name\":\"La quinta va la vencida: el exministro de Defensa gana el concurso por el liderazgo del partido gobernante en Jap\u00f3n y se convertir\u00e1 en el pr\u00f3ximo l\u00edder del pa\u00eds\"}]},{\"@type\":\"WebSite\",\"@id\":\"https:\/\/noticiasya.com\/#website\",\"url\":\"https:\/\/noticiasya.com\/\",\"name\":\"Noticias\",\"description\":\"Lo que importa\",\"publisher\":{\"@id\":\"https:\/\/noticiasya.com\/#organization\"},\"potentialAction\":[{\"@type\":\"SearchAction\",\"target\":{\"@type\":\"EntryPoint\",\"urlTemplate\":\"https:\/\/noticiasya.com\/?s={search_term_string}\"},\"query-input\":{\"@type\":\"PropertyValueSpecification\",\"valueRequired\":true,\"valueName\":\"search_term_string\"}}],\"inLanguage\":\"es\"},{\"@type\":\"Organization\",\"@id\":\"https:\/\/noticiasya.com\/#organization\",\"name\":\"Noticias\",\"url\":\"https:\/\/noticiasya.com\/\",\"logo\":{\"@type\":\"ImageObject\",\"inLanguage\":\"es\",\"@id\":\"https:\/\/noticiasya.com\/#\/schema\/logo\/image\/\",\"url\":\"https:\/\/noticiasya.com\/wp-content\/uploads\/sites\/22\/2023\/12\/logo-nacional.png\",\"contentUrl\":\"https:\/\/noticiasya.com\/wp-content\/uploads\/sites\/22\/2023\/12\/logo-nacional.png\",\"width\":1801,\"height\":691,\"caption\":\"Noticias\"},\"image\":{\"@id\":\"https:\/\/noticiasya.com\/#\/schema\/logo\/image\/\"}}]}<\/script>\n<!-- \/ Yoast SEO plugin. -->","yoast_head_json":{"title":"La quinta va la vencida: el exministro de Defensa gana el concurso por el liderazgo del partido gobernante en Jap\u00f3n y se convertir\u00e1 en el pr\u00f3ximo l\u00edder del pa\u00eds - Noticias","robots":{"index":"index","follow":"follow","max-snippet":"max-snippet:-1","max-image-preview":"max-image-preview:large","max-video-preview":"max-video-preview:-1"},"canonical":"https:\/\/noticiasya.com\/2024\/09\/27\/japon-partido-gobernante-eleccion-trax\/","og_locale":"es_ES","og_type":"article","og_title":"La quinta va la vencida: el exministro de Defensa gana el concurso por el liderazgo del partido gobernante en Jap\u00f3n y se convertir\u00e1 en el pr\u00f3ximo l\u00edder del pa\u00eds - Noticias","og_description":"(CNN) &#8212; El exministro de Defensa, Shigeru Ishiba, se convertir\u00e1 en el nuevo primer ministro de Jap\u00f3n tras ganar este viernes el concurso por el liderazgo de su partido, despu\u00e9s de una re\u00f1ida carrera que termin\u00f3 en una segunda vuelta. Ishiba, de 67 a\u00f1os, se hace con el control del Partido Liberal Democr\u00e1tico (PLD), en [&hellip;]","og_url":"https:\/\/noticiasya.com\/2024\/09\/27\/japon-partido-gobernante-eleccion-trax\/","og_site_name":"Noticias","article_published_time":"2024-09-27T09:03:37+00:00","twitter_card":"summary_large_image","twitter_misc":{"Est. reading time":"5 minutos"},"schema":{"@context":"https:\/\/schema.org","@graph":[{"@type":"Article","@id":"https:\/\/noticiasya.com\/2024\/09\/27\/japon-partido-gobernante-eleccion-trax\/#article","isPartOf":{"@id":"https:\/\/noticiasya.com\/2024\/09\/27\/japon-partido-gobernante-eleccion-trax\/"},"author":{"name":"","@id":""},"headline":"La quinta va la vencida: el exministro de Defensa gana el concurso por el liderazgo del partido gobernante en Jap\u00f3n y se convertir\u00e1 en el pr\u00f3ximo l\u00edder del pa\u00eds","datePublished":"2024-09-27T09:03:37+00:00","mainEntityOfPage":{"@id":"https:\/\/noticiasya.com\/2024\/09\/27\/japon-partido-gobernante-eleccion-trax\/"},"wordCount":980,"commentCount":0,"publisher":{"@id":"https:\/\/noticiasya.com\/#organization"},"articleSection":["Noticias Nacionales"],"inLanguage":"es","potentialAction":[{"@type":"CommentAction","name":"Comment","target":["https:\/\/noticiasya.com\/2024\/09\/27\/japon-partido-gobernante-eleccion-trax\/#respond"]}]},{"@type":"WebPage","@id":"https:\/\/noticiasya.com\/2024\/09\/27\/japon-partido-gobernante-eleccion-trax\/","url":"https:\/\/noticiasya.com\/2024\/09\/27\/japon-partido-gobernante-eleccion-trax\/","name":"La quinta va la vencida: el exministro de Defensa gana el concurso por el liderazgo del partido gobernante en Jap\u00f3n y se convertir\u00e1 en el pr\u00f3ximo l\u00edder del pa\u00eds - Noticias","isPartOf":{"@id":"https:\/\/noticiasya.com\/#website"},"datePublished":"2024-09-27T09:03:37+00:00","breadcrumb":{"@id":"https:\/\/noticiasya.com\/2024\/09\/27\/japon-partido-gobernante-eleccion-trax\/#breadcrumb"},"inLanguage":"es","potentialAction":[{"@type":"ReadAction","target":["https:\/\/noticiasya.com\/2024\/09\/27\/japon-partido-gobernante-eleccion-trax\/"]}]},{"@type":"BreadcrumbList","@id":"https:\/\/noticiasya.com\/2024\/09\/27\/japon-partido-gobernante-eleccion-trax\/#breadcrumb","itemListElement":[{"@type":"ListItem","position":1,"name":"Home","item":"https:\/\/noticiasya.com\/"},{"@type":"ListItem","position":2,"name":"La quinta va la vencida: el exministro de Defensa gana el concurso por el liderazgo del partido gobernante en Jap\u00f3n y se convertir\u00e1 en el pr\u00f3ximo l\u00edder del pa\u00eds"}]},{"@type":"WebSite","@id":"https:\/\/noticiasya.com\/#website","url":"https:\/\/noticiasya.com\/","name":"Noticias","description":"Lo que importa","publisher":{"@id":"https:\/\/noticiasya.com\/#organization"},"potentialAction":[{"@type":"SearchAction","target":{"@type":"EntryPoint","urlTemplate":"https:\/\/noticiasya.com\/?s={search_term_string}"},"query-input":{"@type":"PropertyValueSpecification","valueRequired":true,"valueName":"search_term_string"}}],"inLanguage":"es"},{"@type":"Organization","@id":"https:\/\/noticiasya.com\/#organization","name":"Noticias","url":"https:\/\/noticiasya.com\/","logo":{"@type":"ImageObject","inLanguage":"es","@id":"https:\/\/noticiasya.com\/#\/schema\/logo\/image\/","url":"https:\/\/noticiasya.com\/wp-content\/uploads\/sites\/22\/2023\/12\/logo-nacional.png","contentUrl":"https:\/\/noticiasya.com\/wp-content\/uploads\/sites\/22\/2023\/12\/logo-nacional.png","width":1801,"height":691,"caption":"Noticias"},"image":{"@id":"https:\/\/noticiasya.com\/#\/schema\/logo\/image\/"}}]}},"parsely":{"version":"1.1.0","canonical_url":"https:\/\/noticiasya.com\/midland-odessa\/2024\/09\/27\/japon-partido-gobernante-eleccion-trax\/","smart_links":{"inbound":0,"outbound":0},"traffic_boost_suggestions_count":0,"meta":{"@context":"https:\/\/schema.org","@type":"NewsArticle","headline":"La quinta va la vencida: el exministro de Defensa gana el concurso por el liderazgo del partido gobernante en Jap\u00f3n y se convertir\u00e1 en el pr\u00f3ximo l\u00edder del pa\u00eds","url":"http:\/\/noticiasya.com\/midland-odessa\/2024\/09\/27\/japon-partido-gobernante-eleccion-trax\/","mainEntityOfPage":{"@type":"WebPage","@id":"http:\/\/noticiasya.com\/midland-odessa\/2024\/09\/27\/japon-partido-gobernante-eleccion-trax\/"},"thumbnailUrl":"","image":{"@type":"ImageObject","url":""},"articleSection":"Noticias Nacionales","author":[],"creator":[],"publisher":{"@type":"Organization","name":"Noticias","logo":""},"keywords":[],"dateCreated":"2024-09-27T09:03:37Z","datePublished":"2024-09-27T09:03:37Z","dateModified":"2024-09-27T09:03:37Z"},"rendered":"<script type=\"application\/ld+json\" class=\"wp-parsely-metadata\">{\"@context\":\"https:\\\/\\\/schema.org\",\"@type\":\"NewsArticle\",\"headline\":\"La quinta va la vencida: el exministro de Defensa gana el concurso por el liderazgo del partido gobernante en Jap\\u00f3n y se convertir\\u00e1 en el pr\\u00f3ximo l\\u00edder del pa\\u00eds\",\"url\":\"http:\\\/\\\/noticiasya.com\\\/midland-odessa\\\/2024\\\/09\\\/27\\\/japon-partido-gobernante-eleccion-trax\\\/\",\"mainEntityOfPage\":{\"@type\":\"WebPage\",\"@id\":\"http:\\\/\\\/noticiasya.com\\\/midland-odessa\\\/2024\\\/09\\\/27\\\/japon-partido-gobernante-eleccion-trax\\\/\"},\"thumbnailUrl\":\"\",\"image\":{\"@type\":\"ImageObject\",\"url\":\"\"},\"articleSection\":\"Noticias Nacionales\",\"author\":[],\"creator\":[],\"publisher\":{\"@type\":\"Organization\",\"name\":\"Noticias\",\"logo\":\"\"},\"keywords\":[],\"dateCreated\":\"2024-09-27T09:03:37Z\",\"datePublished\":\"2024-09-27T09:03:37Z\",\"dateModified\":\"2024-09-27T09:03:37Z\"}<\/script>","tracker_url":"https:\/\/cdn.parsely.com\/keys\/noticiasya.com\/p.js"},"jetpack_featured_media_url":"","jetpack-related-posts":[{"id":1467554,"url":"https:\/\/noticiasya.com\/midland-odessa\/2025\/10\/21\/conservadora-linea-dura-sane-takaichi-primera-mujer-lider-japon-trax\/","url_meta":{"origin":1453126,"position":0},"title":"Eligen a la conservadora de l\u00ednea dura Sane Takaichi como la primera mujer l\u00edder de Jap\u00f3n","author":"","date":"octubre 21, 2025","format":false,"excerpt":"La ac\u00e9rrima conservadora Sanae Takaichi fue elegida este martes como la primera mujer primera ministra de Jap\u00f3n por el parlamento del pa\u00eds, en un momento hist\u00f3rico para una naci\u00f3n hist\u00f3ricamente patriarcal, donde tanto la pol\u00edtica como los lugares de trabajo est\u00e1n dominados por hombres mayores. Takaichi asume el cargo en\u2026","rel":"","context":"In &quot;Noticias Nacionales&quot;","block_context":{"text":"Noticias Nacionales","link":"https:\/\/noticiasya.com\/midland-odessa\/categoria\/noticias-nacionales"},"img":{"alt_text":"","src":"","width":0,"height":0},"classes":[]},{"id":1468582,"url":"https:\/\/noticiasya.com\/midland-odessa\/2025\/11\/21\/furia-china-takaichi-japon-trax\/","url_meta":{"origin":1453126,"position":1},"title":"La verdadera raz\u00f3n detr\u00e1s de la furia de China hacia Takaichi, primera ministra de Jap\u00f3n","author":"","date":"noviembre 21, 2025","format":false,"excerpt":"A pocas semanas de asumir el cargo, la nueva l\u00edder de Jap\u00f3n se ha enfrentado a las consecuencias de cruzar la l\u00ednea roja de China respecto a Taiw\u00e1n.Desde que Sanae Takaichi sugiri\u00f3 que su pa\u00eds podr\u00eda responder militarmente si China toma el control de Taiw\u00e1n por la fuerza, Beijing ha\u2026","rel":"","context":"In &quot;Noticias Nacionales&quot;","block_context":{"text":"Noticias Nacionales","link":"https:\/\/noticiasya.com\/midland-odessa\/categoria\/noticias-nacionales"},"img":{"alt_text":"","src":"","width":0,"height":0},"classes":[]},{"id":1471031,"url":"https:\/\/noticiasya.com\/midland-odessa\/2026\/02\/09\/quien-es-sanae-takaichi-primera-ministra-japon-orix\/","url_meta":{"origin":1453126,"position":2},"title":"\u00bfQui\u00e9n es Sanae Takaichi, la primera ministra conservadora que consigui\u00f3 una victoria aplastante en Jap\u00f3n?","author":"","date":"febrero 9, 2026","format":false,"excerpt":"Sanae Takaichi acaba de lograr algo in\u00e9dito en la pol\u00edtica japonesa: meses despu\u00e9s de convertirse en la primera mujer en llegar al cargo de primera ministra, condujo a su partido a una victoria aplastante en unas elecciones anticipadas que redefinen el mapa pol\u00edtico del pa\u00eds.Conservadora y con una agenda que\u2026","rel":"","context":"In &quot;Noticias Nacionales&quot;","block_context":{"text":"Noticias Nacionales","link":"https:\/\/noticiasya.com\/midland-odessa\/categoria\/noticias-nacionales"},"img":{"alt_text":"","src":"","width":0,"height":0},"classes":[]},{"id":1456453,"url":"https:\/\/noticiasya.com\/midland-odessa\/2024\/12\/10\/exministro-defensa-corea-sur-intento-suicidio-allanan-oficina-presidencial-trax\/","url_meta":{"origin":1453126,"position":3},"title":"Exministro de Defensa de Corea del Sur intenta suicidarse mientras allanan la oficina presidencial tras la ley marcial","author":"","date":"diciembre 10, 2024","format":false,"excerpt":"El exministro de Defensa de Corea del Sur, Kim Yong-hyun, intent\u00f3 suicidarse mientras estaba detenido, dijo este mi\u00e9rcoles el jefe del servicio penitenciario del pa\u00eds, mientras contin\u00faa creciendo la crisis pol\u00edtica provocada por la breve declaraci\u00f3n de la ley marcial por parte del presidente.Por otra parte, la Polic\u00eda de Corea\u2026","rel":"","context":"In &quot;Noticias Nacionales&quot;","block_context":{"text":"Noticias Nacionales","link":"https:\/\/noticiasya.com\/midland-odessa\/categoria\/noticias-nacionales"},"img":{"alt_text":"","src":"","width":0,"height":0},"classes":[]},{"id":1467765,"url":"https:\/\/noticiasya.com\/midland-odessa\/2025\/10\/27\/nueva-primera-ministra-japon-enfrenta-prueba-reunirse-trump-trax\/","url_meta":{"origin":1453126,"position":4},"title":"La nueva primera ministra de Jap\u00f3n enfrenta su mayor prueba hasta ahora: reunirse con Trump","author":"","date":"octubre 27, 2025","format":false,"excerpt":"Meses antes de convertirse en primera ministra de Jap\u00f3n, Sanae Takaichi afirm\u00f3 que hab\u00eda sido invitada a reunirse con el presidente de Estados Unidos Donald Trump.Era noviembre, justo despu\u00e9s de la victoria electoral de Trump y varias figuras cercanas al republicano la hab\u00edan instado a visitar Washington, public\u00f3 Takaichi en\u2026","rel":"","context":"In &quot;Noticias Nacionales&quot;","block_context":{"text":"Noticias Nacionales","link":"https:\/\/noticiasya.com\/midland-odessa\/categoria\/noticias-nacionales"},"img":{"alt_text":"","src":"","width":0,"height":0},"classes":[]},{"id":1455788,"url":"https:\/\/noticiasya.com\/midland-odessa\/2024\/11\/13\/john-thune-gana-carrera-liderazgo-senado-trax\/","url_meta":{"origin":1453126,"position":5},"title":"Eligen al republicano John Thune como nuevo l\u00edder de la mayor\u00eda del Senado","author":"","date":"noviembre 13, 2024","format":false,"excerpt":"(CNN) -- El senador republicano John Thune, de Dakota del Sur, gan\u00f3 una votaci\u00f3n secreta por el liderazgo de la mayor\u00eda en el Senado de Estados Unidos, imponi\u00e9ndose ante el senador por Texas, John Cornyn, en la segunda ronda de votaciones, seg\u00fan tres fuentes de la sala.La elecci\u00f3n de Thune\u2026","rel":"","context":"In &quot;Noticias Nacionales&quot;","block_context":{"text":"Noticias Nacionales","link":"https:\/\/noticiasya.com\/midland-odessa\/categoria\/noticias-nacionales"},"img":{"alt_text":"","src":"","width":0,"height":0},"classes":[]}],"jetpack_sharing_enabled":true,"_links":{"self":[{"href":"https:\/\/noticiasya.com\/midland-odessa\/wp-json\/wp\/v2\/posts\/1453126","targetHints":{"allow":["GET"]}}],"collection":[{"href":"https:\/\/noticiasya.com\/midland-odessa\/wp-json\/wp\/v2\/posts"}],"about":[{"href":"https:\/\/noticiasya.com\/midland-odessa\/wp-json\/wp\/v2\/types\/post"}],"replies":[{"embeddable":true,"href":"https:\/\/noticiasya.com\/midland-odessa\/wp-json\/wp\/v2\/comments?post=1453126"}],"version-history":[{"count":0,"href":"https:\/\/noticiasya.com\/midland-odessa\/wp-json\/wp\/v2\/posts\/1453126\/revisions"}],"wp:attachment":[{"href":"https:\/\/noticiasya.com\/midland-odessa\/wp-json\/wp\/v2\/media?parent=1453126"}],"wp:term":[{"taxonomy":"category","embeddable":true,"href":"https:\/\/noticiasya.com\/midland-odessa\/wp-json\/wp\/v2\/categories?post=1453126"},{"taxonomy":"post_tag","embeddable":true,"href":"https:\/\/noticiasya.com\/midland-odessa\/wp-json\/wp\/v2\/tags?post=1453126"}],"curies":[{"name":"wp","href":"https:\/\/api.w.org\/{rel}","templated":true}]}}