{"id":1453132,"date":"2024-09-27T09:03:53","date_gmt":"2024-09-27T16:03:53","guid":{"rendered":"https:\/\/noticiasya.com\/2024\/09\/27\/israel-dice-que-ataco-cuartel-general-central-de-hezbollah-en-beirut-trax\/"},"modified":"2024-09-27T09:03:53","modified_gmt":"2024-09-27T16:03:53","slug":"israel-dice-que-ataco-cuartel-general-central-de-hezbollah-en-beirut-trax","status":"publish","type":"post","link":"https:\/\/noticiasya.com\/midland-odessa\/2024\/09\/27\/israel-dice-que-ataco-cuartel-general-central-de-hezbollah-en-beirut-trax\/","title":{"rendered":"Israel dice que atac\u00f3 &#171;cuartel general central&#187; de Hezbollah en Beirut"},"content":{"rendered":"<p>(CNN) &#8212; Las Fuerzas Armadas de Israel llevaron a cabo el viernes un ataque a\u00e9reo contra el &#171;cuartel general central&#187; de Hezbolla en Beirut, L\u00edbano, inform\u00f3 su portavoz.<\/p>\n<p>&#171;Hace unos momentos, las Fuerzas de Defensa de Israel llevaron a cabo un ataque preciso contra el cuartel general central de la organizaci\u00f3n terrorista Hezbollah que sirvi\u00f3 como epicentro del terror de Hezbollah&#187;, dijo Daniel Hagari, portavoz de las Fuerzas de Defensa de Israel, en una breve declaraci\u00f3n en video.<\/p>\n<p>&#171;El cuartel general terrorista de Hezbollah fue construido intencionadamente bajo edificios residenciales en el coraz\u00f3n de Beirut como parte de la estrategia de Hezbollah de utilizar escudos humanos&#187;, a\u00f1adi\u00f3.<\/p>\n<p>Noticia en desarrollo.<\/p>\n<p>The-CNN-Wire<br \/>&trade; &amp; &copy; 2024 Cable News Network, Inc., a Warner Bros. Discovery Company. All rights reserved.<\/p>\n","protected":false},"excerpt":{"rendered":"<p>(CNN) &#8212; Las Fuerzas Armadas de Israel llevaron a cabo el viernes un ataque a\u00e9reo contra el &#171;cuartel general central&#187; de Hezbolla en Beirut, L\u00edbano, inform\u00f3 su portavoz. &#171;Hace unos momentos, las Fuerzas de Defensa de Israel llevaron a cabo un ataque preciso contra el cuartel general central de la organizaci\u00f3n terrorista Hezbollah que sirvi\u00f3 [&hellip;]<\/p>\n","protected":false},"author":0,"featured_media":0,"comment_status":"open","ping_status":"open","sticky":false,"template":"","format":"standard","meta":{"_jetpack_memberships_contains_paid_content":false,"footnotes":""},"categories":[10],"tags":[],"class_list":["post-1453132","post","type-post","status-publish","format-standard","hentry","category-noticias-nacionales","market-global"],"yoast_head":"<!-- This site is optimized with the Yoast SEO plugin v24.4 - https:\/\/yoast.com\/wordpress\/plugins\/seo\/ -->\n<title>Israel dice que atac\u00f3 &quot;cuartel general central&quot; de Hezbollah en Beirut - Noticias<\/title>\n<meta name=\"robots\" content=\"index, follow, max-snippet:-1, max-image-preview:large, max-video-preview:-1\" \/>\n<link rel=\"canonical\" href=\"https:\/\/noticiasya.com\/2024\/09\/27\/israel-dice-que-ataco-cuartel-general-central-de-hezbollah-en-beirut-trax\/\" \/>\n<meta property=\"og:locale\" content=\"es_ES\" \/>\n<meta property=\"og:type\" content=\"article\" \/>\n<meta property=\"og:title\" content=\"Israel dice que atac\u00f3 &quot;cuartel general central&quot; de Hezbollah en Beirut - Noticias\" \/>\n<meta property=\"og:description\" content=\"(CNN) &#8212; Las Fuerzas Armadas de Israel llevaron a cabo el viernes un ataque a\u00e9reo contra el &#171;cuartel general central&#187; de Hezbolla en Beirut, L\u00edbano, inform\u00f3 su portavoz. &#171;Hace unos momentos, las Fuerzas de Defensa de Israel llevaron a cabo un ataque preciso contra el cuartel general central de la organizaci\u00f3n terrorista Hezbollah que sirvi\u00f3 [&hellip;]\" \/>\n<meta property=\"og:url\" content=\"https:\/\/noticiasya.com\/2024\/09\/27\/israel-dice-que-ataco-cuartel-general-central-de-hezbollah-en-beirut-trax\/\" \/>\n<meta property=\"og:site_name\" content=\"Noticias\" \/>\n<meta property=\"article:published_time\" content=\"2024-09-27T16:03:53+00:00\" \/>\n<meta name=\"twitter:card\" content=\"summary_large_image\" \/>\n<meta name=\"twitter:label1\" content=\"Est. reading time\" \/>\n\t<meta name=\"twitter:data1\" content=\"1 minuto\" \/>\n<script type=\"application\/ld+json\" class=\"yoast-schema-graph\">{\"@context\":\"https:\/\/schema.org\",\"@graph\":[{\"@type\":\"Article\",\"@id\":\"https:\/\/noticiasya.com\/2024\/09\/27\/israel-dice-que-ataco-cuartel-general-central-de-hezbollah-en-beirut-trax\/#article\",\"isPartOf\":{\"@id\":\"https:\/\/noticiasya.com\/2024\/09\/27\/israel-dice-que-ataco-cuartel-general-central-de-hezbollah-en-beirut-trax\/\"},\"author\":{\"name\":\"\",\"@id\":\"\"},\"headline\":\"Israel dice que atac\u00f3 &#171;cuartel general central&#187; de Hezbollah en Beirut\",\"datePublished\":\"2024-09-27T16:03:53+00:00\",\"mainEntityOfPage\":{\"@id\":\"https:\/\/noticiasya.com\/2024\/09\/27\/israel-dice-que-ataco-cuartel-general-central-de-hezbollah-en-beirut-trax\/\"},\"wordCount\":143,\"commentCount\":0,\"publisher\":{\"@id\":\"https:\/\/noticiasya.com\/#organization\"},\"articleSection\":[\"Noticias Nacionales\"],\"inLanguage\":\"es\",\"potentialAction\":[{\"@type\":\"CommentAction\",\"name\":\"Comment\",\"target\":[\"https:\/\/noticiasya.com\/2024\/09\/27\/israel-dice-que-ataco-cuartel-general-central-de-hezbollah-en-beirut-trax\/#respond\"]}]},{\"@type\":\"WebPage\",\"@id\":\"https:\/\/noticiasya.com\/2024\/09\/27\/israel-dice-que-ataco-cuartel-general-central-de-hezbollah-en-beirut-trax\/\",\"url\":\"https:\/\/noticiasya.com\/2024\/09\/27\/israel-dice-que-ataco-cuartel-general-central-de-hezbollah-en-beirut-trax\/\",\"name\":\"Israel dice que atac\u00f3 \\\"cuartel general central\\\" de Hezbollah en Beirut - Noticias\",\"isPartOf\":{\"@id\":\"https:\/\/noticiasya.com\/#website\"},\"datePublished\":\"2024-09-27T16:03:53+00:00\",\"breadcrumb\":{\"@id\":\"https:\/\/noticiasya.com\/2024\/09\/27\/israel-dice-que-ataco-cuartel-general-central-de-hezbollah-en-beirut-trax\/#breadcrumb\"},\"inLanguage\":\"es\",\"potentialAction\":[{\"@type\":\"ReadAction\",\"target\":[\"https:\/\/noticiasya.com\/2024\/09\/27\/israel-dice-que-ataco-cuartel-general-central-de-hezbollah-en-beirut-trax\/\"]}]},{\"@type\":\"BreadcrumbList\",\"@id\":\"https:\/\/noticiasya.com\/2024\/09\/27\/israel-dice-que-ataco-cuartel-general-central-de-hezbollah-en-beirut-trax\/#breadcrumb\",\"itemListElement\":[{\"@type\":\"ListItem\",\"position\":1,\"name\":\"Home\",\"item\":\"https:\/\/noticiasya.com\/\"},{\"@type\":\"ListItem\",\"position\":2,\"name\":\"Israel dice que atac\u00f3 &#171;cuartel general central&#187; de Hezbollah en Beirut\"}]},{\"@type\":\"WebSite\",\"@id\":\"https:\/\/noticiasya.com\/#website\",\"url\":\"https:\/\/noticiasya.com\/\",\"name\":\"Noticias\",\"description\":\"Lo que importa\",\"publisher\":{\"@id\":\"https:\/\/noticiasya.com\/#organization\"},\"potentialAction\":[{\"@type\":\"SearchAction\",\"target\":{\"@type\":\"EntryPoint\",\"urlTemplate\":\"https:\/\/noticiasya.com\/?s={search_term_string}\"},\"query-input\":{\"@type\":\"PropertyValueSpecification\",\"valueRequired\":true,\"valueName\":\"search_term_string\"}}],\"inLanguage\":\"es\"},{\"@type\":\"Organization\",\"@id\":\"https:\/\/noticiasya.com\/#organization\",\"name\":\"Noticias\",\"url\":\"https:\/\/noticiasya.com\/\",\"logo\":{\"@type\":\"ImageObject\",\"inLanguage\":\"es\",\"@id\":\"https:\/\/noticiasya.com\/#\/schema\/logo\/image\/\",\"url\":\"https:\/\/noticiasya.com\/wp-content\/uploads\/sites\/22\/2023\/12\/logo-nacional.png\",\"contentUrl\":\"https:\/\/noticiasya.com\/wp-content\/uploads\/sites\/22\/2023\/12\/logo-nacional.png\",\"width\":1801,\"height\":691,\"caption\":\"Noticias\"},\"image\":{\"@id\":\"https:\/\/noticiasya.com\/#\/schema\/logo\/image\/\"}}]}<\/script>\n<!-- \/ Yoast SEO plugin. -->","yoast_head_json":{"title":"Israel dice que atac\u00f3 \"cuartel general central\" de Hezbollah en Beirut - Noticias","robots":{"index":"index","follow":"follow","max-snippet":"max-snippet:-1","max-image-preview":"max-image-preview:large","max-video-preview":"max-video-preview:-1"},"canonical":"https:\/\/noticiasya.com\/2024\/09\/27\/israel-dice-que-ataco-cuartel-general-central-de-hezbollah-en-beirut-trax\/","og_locale":"es_ES","og_type":"article","og_title":"Israel dice que atac\u00f3 \"cuartel general central\" de Hezbollah en Beirut - Noticias","og_description":"(CNN) &#8212; Las Fuerzas Armadas de Israel llevaron a cabo el viernes un ataque a\u00e9reo contra el &#171;cuartel general central&#187; de Hezbolla en Beirut, L\u00edbano, inform\u00f3 su portavoz. &#171;Hace unos momentos, las Fuerzas de Defensa de Israel llevaron a cabo un ataque preciso contra el cuartel general central de la organizaci\u00f3n terrorista Hezbollah que sirvi\u00f3 [&hellip;]","og_url":"https:\/\/noticiasya.com\/2024\/09\/27\/israel-dice-que-ataco-cuartel-general-central-de-hezbollah-en-beirut-trax\/","og_site_name":"Noticias","article_published_time":"2024-09-27T16:03:53+00:00","twitter_card":"summary_large_image","twitter_misc":{"Est. reading time":"1 minuto"},"schema":{"@context":"https:\/\/schema.org","@graph":[{"@type":"Article","@id":"https:\/\/noticiasya.com\/2024\/09\/27\/israel-dice-que-ataco-cuartel-general-central-de-hezbollah-en-beirut-trax\/#article","isPartOf":{"@id":"https:\/\/noticiasya.com\/2024\/09\/27\/israel-dice-que-ataco-cuartel-general-central-de-hezbollah-en-beirut-trax\/"},"author":{"name":"","@id":""},"headline":"Israel dice que atac\u00f3 &#171;cuartel general central&#187; de Hezbollah en Beirut","datePublished":"2024-09-27T16:03:53+00:00","mainEntityOfPage":{"@id":"https:\/\/noticiasya.com\/2024\/09\/27\/israel-dice-que-ataco-cuartel-general-central-de-hezbollah-en-beirut-trax\/"},"wordCount":143,"commentCount":0,"publisher":{"@id":"https:\/\/noticiasya.com\/#organization"},"articleSection":["Noticias Nacionales"],"inLanguage":"es","potentialAction":[{"@type":"CommentAction","name":"Comment","target":["https:\/\/noticiasya.com\/2024\/09\/27\/israel-dice-que-ataco-cuartel-general-central-de-hezbollah-en-beirut-trax\/#respond"]}]},{"@type":"WebPage","@id":"https:\/\/noticiasya.com\/2024\/09\/27\/israel-dice-que-ataco-cuartel-general-central-de-hezbollah-en-beirut-trax\/","url":"https:\/\/noticiasya.com\/2024\/09\/27\/israel-dice-que-ataco-cuartel-general-central-de-hezbollah-en-beirut-trax\/","name":"Israel dice que atac\u00f3 \"cuartel general central\" de Hezbollah en Beirut - Noticias","isPartOf":{"@id":"https:\/\/noticiasya.com\/#website"},"datePublished":"2024-09-27T16:03:53+00:00","breadcrumb":{"@id":"https:\/\/noticiasya.com\/2024\/09\/27\/israel-dice-que-ataco-cuartel-general-central-de-hezbollah-en-beirut-trax\/#breadcrumb"},"inLanguage":"es","potentialAction":[{"@type":"ReadAction","target":["https:\/\/noticiasya.com\/2024\/09\/27\/israel-dice-que-ataco-cuartel-general-central-de-hezbollah-en-beirut-trax\/"]}]},{"@type":"BreadcrumbList","@id":"https:\/\/noticiasya.com\/2024\/09\/27\/israel-dice-que-ataco-cuartel-general-central-de-hezbollah-en-beirut-trax\/#breadcrumb","itemListElement":[{"@type":"ListItem","position":1,"name":"Home","item":"https:\/\/noticiasya.com\/"},{"@type":"ListItem","position":2,"name":"Israel dice que atac\u00f3 &#171;cuartel general central&#187; de Hezbollah en Beirut"}]},{"@type":"WebSite","@id":"https:\/\/noticiasya.com\/#website","url":"https:\/\/noticiasya.com\/","name":"Noticias","description":"Lo que importa","publisher":{"@id":"https:\/\/noticiasya.com\/#organization"},"potentialAction":[{"@type":"SearchAction","target":{"@type":"EntryPoint","urlTemplate":"https:\/\/noticiasya.com\/?s={search_term_string}"},"query-input":{"@type":"PropertyValueSpecification","valueRequired":true,"valueName":"search_term_string"}}],"inLanguage":"es"},{"@type":"Organization","@id":"https:\/\/noticiasya.com\/#organization","name":"Noticias","url":"https:\/\/noticiasya.com\/","logo":{"@type":"ImageObject","inLanguage":"es","@id":"https:\/\/noticiasya.com\/#\/schema\/logo\/image\/","url":"https:\/\/noticiasya.com\/wp-content\/uploads\/sites\/22\/2023\/12\/logo-nacional.png","contentUrl":"https:\/\/noticiasya.com\/wp-content\/uploads\/sites\/22\/2023\/12\/logo-nacional.png","width":1801,"height":691,"caption":"Noticias"},"image":{"@id":"https:\/\/noticiasya.com\/#\/schema\/logo\/image\/"}}]}},"parsely":{"version":"1.1.0","canonical_url":"https:\/\/noticiasya.com\/midland-odessa\/2024\/09\/27\/israel-dice-que-ataco-cuartel-general-central-de-hezbollah-en-beirut-trax\/","smart_links":{"inbound":0,"outbound":0},"traffic_boost_suggestions_count":0,"meta":{"@context":"https:\/\/schema.org","@type":"NewsArticle","headline":"Israel dice que atac\u00f3 &#171;cuartel general central&#187; de Hezbollah en Beirut","url":"http:\/\/noticiasya.com\/midland-odessa\/2024\/09\/27\/israel-dice-que-ataco-cuartel-general-central-de-hezbollah-en-beirut-trax\/","mainEntityOfPage":{"@type":"WebPage","@id":"http:\/\/noticiasya.com\/midland-odessa\/2024\/09\/27\/israel-dice-que-ataco-cuartel-general-central-de-hezbollah-en-beirut-trax\/"},"thumbnailUrl":"","image":{"@type":"ImageObject","url":""},"articleSection":"Noticias Nacionales","author":[],"creator":[],"publisher":{"@type":"Organization","name":"Noticias","logo":""},"keywords":[],"dateCreated":"2024-09-27T16:03:53Z","datePublished":"2024-09-27T16:03:53Z","dateModified":"2024-09-27T16:03:53Z"},"rendered":"<script type=\"application\/ld+json\" class=\"wp-parsely-metadata\">{\"@context\":\"https:\\\/\\\/schema.org\",\"@type\":\"NewsArticle\",\"headline\":\"Israel dice que atac\\u00f3 &#171;cuartel general central&#187; de Hezbollah en Beirut\",\"url\":\"http:\\\/\\\/noticiasya.com\\\/midland-odessa\\\/2024\\\/09\\\/27\\\/israel-dice-que-ataco-cuartel-general-central-de-hezbollah-en-beirut-trax\\\/\",\"mainEntityOfPage\":{\"@type\":\"WebPage\",\"@id\":\"http:\\\/\\\/noticiasya.com\\\/midland-odessa\\\/2024\\\/09\\\/27\\\/israel-dice-que-ataco-cuartel-general-central-de-hezbollah-en-beirut-trax\\\/\"},\"thumbnailUrl\":\"\",\"image\":{\"@type\":\"ImageObject\",\"url\":\"\"},\"articleSection\":\"Noticias Nacionales\",\"author\":[],\"creator\":[],\"publisher\":{\"@type\":\"Organization\",\"name\":\"Noticias\",\"logo\":\"\"},\"keywords\":[],\"dateCreated\":\"2024-09-27T16:03:53Z\",\"datePublished\":\"2024-09-27T16:03:53Z\",\"dateModified\":\"2024-09-27T16:03:53Z\"}<\/script>","tracker_url":"https:\/\/cdn.parsely.com\/keys\/noticiasya.com\/p.js"},"jetpack_featured_media_url":"","jetpack-related-posts":[{"id":1452964,"url":"https:\/\/noticiasya.com\/midland-odessa\/2024\/09\/23\/historia-conflicto-hezbollah-israel-trax\/","url_meta":{"origin":1453132,"position":0},"title":"La historia del conflicto entre Hezbollah e Israel","author":"","date":"septiembre 23, 2024","format":false,"excerpt":"(CNN) --\u00a0Hezbollah es un grupo islamista respaldado por Ir\u00e1n con una de las fuerzas paramilitares m\u00e1s poderosas de Medio Oriente. La base principal del grupo se encuentra en la frontera entre Israel y el L\u00edbano, donde las repercusiones de la guerra entre Israel y Hamas han sido palpables. Hezbollah e\u2026","rel":"","context":"In &quot;Noticias Nacionales&quot;","block_context":{"text":"Noticias Nacionales","link":"https:\/\/noticiasya.com\/midland-odessa\/categoria\/noticias-nacionales"},"img":{"alt_text":"","src":"","width":0,"height":0},"classes":[]},{"id":1468624,"url":"https:\/\/noticiasya.com\/midland-odessa\/2025\/11\/23\/israel-ataca-jefe-militar-hezbollah-trax\/","url_meta":{"origin":1453132,"position":1},"title":"Israel ataca al jefe militar de Hezbollah en el primer bombardeo a Beirut en meses","author":"","date":"noviembre 23, 2025","format":false,"excerpt":"Las Fuerzas Armadas de Israel realizaron un ataque a\u00e9reo en el sur de Beirut, el primero desde inicios de junio, dirigido contra la segunda figura m\u00e1s importante de Hezbollah.La oficina del primer ministro israel\u00ed, Benjamin Netanyahu, dijo que las Fuerzas Armadas de Defensa de Israel atacaron \u201cen el coraz\u00f3n de\u2026","rel":"","context":"In &quot;Noticias Nacionales&quot;","block_context":{"text":"Noticias Nacionales","link":"https:\/\/noticiasya.com\/midland-odessa\/categoria\/noticias-nacionales"},"img":{"alt_text":"","src":"","width":0,"height":0},"classes":[]},{"id":1453187,"url":"https:\/\/noticiasya.com\/midland-odessa\/2024\/09\/29\/que-podria-suceder-mientras-hezbollha-recupera-muerte-nasrallah-e-israel-considera-incursion-terrestre-libano-trax\/","url_meta":{"origin":1453132,"position":2},"title":"\u00bfQu\u00e9 podr\u00eda suceder a continuaci\u00f3n mientras Hezbollah se recupera de la muerte de Nasrallah e Israel considera una incursi\u00f3n terrestre en el L\u00edbano?","author":"","date":"septiembre 29, 2024","format":false,"excerpt":"(CNN) -- Las \u00faltimas 48 horas en Medio Oriente \u2013en las que Israel mat\u00f3 al l\u00edder de Hezbollah, Hassan Nasrallah , y continu\u00f3 bombardeando al grupo respaldado por Ir\u00e1n en todo el L\u00edbano\u2013 han aumentado una vez m\u00e1s los temores de que este prolongado conflicto pueda desembocar en una guerra\u2026","rel":"","context":"In &quot;Noticias Nacionales&quot;","block_context":{"text":"Noticias Nacionales","link":"https:\/\/noticiasya.com\/midland-odessa\/categoria\/noticias-nacionales"},"img":{"alt_text":"","src":"","width":0,"height":0},"classes":[]},{"id":1460678,"url":"https:\/\/noticiasya.com\/midland-odessa\/2025\/04\/01\/ataque-israeli-mata-beirut-fragil-alto-fuego-hezbollah-trax\/","url_meta":{"origin":1453132,"position":3},"title":"Ataque israel\u00ed deja tres muertos en Beirut, poniendo a prueba el fr\u00e1gil alto el fuego con Hezbollah","author":"","date":"abril 1, 2025","format":false,"excerpt":"Israel lanz\u00f3 un ataque sobre Beirut por segunda vez en d\u00edas, poniendo a prueba a\u00fan m\u00e1s el precario alto el fuego con Hezbollah alcanzado hace cuatro meses.El Ministerio de Salud del L\u00edbano dijo que tres personas murieron, incluida una mujer, y siete resultaron heridas en el ataque ocurrido la madrugada\u2026","rel":"","context":"In &quot;Noticias Nacionales&quot;","block_context":{"text":"Noticias Nacionales","link":"https:\/\/noticiasya.com\/midland-odessa\/categoria\/noticias-nacionales"},"img":{"alt_text":"","src":"","width":0,"height":0},"classes":[]},{"id":1455802,"url":"https:\/\/noticiasya.com\/midland-odessa\/2024\/11\/13\/israel-amplio-operacion-militar-libano-trax\/","url_meta":{"origin":1453132,"position":4},"title":"Israel afirma que ampli\u00f3 su operaci\u00f3n militar terrestre en el L\u00edbano","author":"","date":"noviembre 13, 2024","format":false,"excerpt":"(CNN) \u2013\u2013 La operaci\u00f3n militar terrestre de Israel en el sur del L\u00edbano se ampli\u00f3, dijo este mi\u00e9rcoles el ministro de Defensa del pa\u00eds, Israel Katz.Katz no aclar\u00f3 cu\u00e1ndo se tom\u00f3 la decisi\u00f3n de extender las operaciones ni ofreci\u00f3 detalles sobre lo que implica la expansi\u00f3n. Israel lanz\u00f3 lo que\u2026","rel":"","context":"In &quot;Noticias Nacionales&quot;","block_context":{"text":"Noticias Nacionales","link":"https:\/\/noticiasya.com\/midland-odessa\/categoria\/noticias-nacionales"},"img":{"alt_text":"","src":"","width":0,"height":0},"classes":[]},{"id":1453127,"url":"https:\/\/noticiasya.com\/midland-odessa\/2024\/09\/27\/israel-dice-que-mato-a-mas-comandantes-de-hezbollah-en-el-ataque-de-este-martes\/","url_meta":{"origin":1453132,"position":5},"title":"Israel dice que mat\u00f3 a m\u00e1s comandantes de Hezbollah en el ataque de este martes","author":"","date":"septiembre 27, 2024","format":false,"excerpt":"( CNN) -- Otros dos altos operativos de Hezbollah murieron en un ataque israel\u00ed en el sur de Beirut a principios de esta semana, dijo el ej\u00e9rcito israel\u00ed este viernes, despu\u00e9s de anunciar anteriormente que el ataque mat\u00f3 a uno de los principales comandantes del grupo.El ataque de este martes\u2026","rel":"","context":"In &quot;Noticias Nacionales&quot;","block_context":{"text":"Noticias Nacionales","link":"https:\/\/noticiasya.com\/midland-odessa\/categoria\/noticias-nacionales"},"img":{"alt_text":"","src":"","width":0,"height":0},"classes":[]}],"jetpack_sharing_enabled":true,"_links":{"self":[{"href":"https:\/\/noticiasya.com\/midland-odessa\/wp-json\/wp\/v2\/posts\/1453132","targetHints":{"allow":["GET"]}}],"collection":[{"href":"https:\/\/noticiasya.com\/midland-odessa\/wp-json\/wp\/v2\/posts"}],"about":[{"href":"https:\/\/noticiasya.com\/midland-odessa\/wp-json\/wp\/v2\/types\/post"}],"replies":[{"embeddable":true,"href":"https:\/\/noticiasya.com\/midland-odessa\/wp-json\/wp\/v2\/comments?post=1453132"}],"version-history":[{"count":0,"href":"https:\/\/noticiasya.com\/midland-odessa\/wp-json\/wp\/v2\/posts\/1453132\/revisions"}],"wp:attachment":[{"href":"https:\/\/noticiasya.com\/midland-odessa\/wp-json\/wp\/v2\/media?parent=1453132"}],"wp:term":[{"taxonomy":"category","embeddable":true,"href":"https:\/\/noticiasya.com\/midland-odessa\/wp-json\/wp\/v2\/categories?post=1453132"},{"taxonomy":"post_tag","embeddable":true,"href":"https:\/\/noticiasya.com\/midland-odessa\/wp-json\/wp\/v2\/tags?post=1453132"}],"curies":[{"name":"wp","href":"https:\/\/api.w.org\/{rel}","templated":true}]}}