{"id":1453138,"date":"2024-09-27T13:03:50","date_gmt":"2024-09-27T20:03:50","guid":{"rendered":"https:\/\/noticiasya.com\/2024\/09\/27\/bad-bunny-critica-al-gobierno-de-puerto-rico-orix\/"},"modified":"2024-09-27T13:03:50","modified_gmt":"2024-09-27T20:03:50","slug":"bad-bunny-critica-al-gobierno-de-puerto-rico-orix","status":"publish","type":"post","link":"https:\/\/noticiasya.com\/midland-odessa\/2024\/09\/27\/bad-bunny-critica-al-gobierno-de-puerto-rico-orix\/","title":{"rendered":"Bad Bunny, involucrado en la cr\u00edtica al Gobierno de Puerto Rico"},"content":{"rendered":"<p>(CNN Espa\u00f1ol) &#8212; El cantante de m\u00fasica urbana Bad Bunny se meti\u00f3 de lleno en la campa\u00f1a electoral por las elecciones generales del 5 de noviembre en Estados Unidos al contratar vallas publicitarias alrededor de su natal Puerto Rico para criticar la gesti\u00f3n del gobernante Partido Nuevo Progresista, organizaci\u00f3n que promueve que la isla se convierta en un estado m\u00e1s de la uni\u00f3n americana.<\/p>\n<p>En estas elecciones se eligen los cargos a la gobernaci\u00f3n, alcald\u00edas y miembros de la asambleas legislativa municipales y estatales.<\/p>\n<p>\u201cVotar PNP es votar por Luma\u201d, \u201cQuien vota PNP no ama a Puerto Rico\u201d, \u201cVotar PNP es votar por la corrupci\u00f3n\u201d, son los mensajes que est\u00e1n apareciendo en diferentes lugares alrededor de la isla.<\/p>\n<p>Luma Energy es la empresa privada que desde 2021 se encarga de la transmisi\u00f3n y distribuci\u00f3n de electricidad en Puerto Rico y fue contratada por el actual gobernador Pedro Pierluisi (PNP). CNN ha intentado obtener una reacci\u00f3n de parte de la compa\u00f1\u00eda, pero hasta no ha habido respuesta.<\/p>\n<p>Bad Bunny se une a Adam Sandler para la secuela de la comedia &#171;Happy Gilmore&#187;<\/p>\n<p>En su cuenta oficial de X @sanbenito (antes Twitter) el artista public\u00f3 un mensaje que confirma que \u00e9l pag\u00f3 las pautas publicitarias: &#171;Anuncio pagado por Benito Antonio Mart\u00ednez Ocasio. Un puertorrique\u00f1o que s\u00ed ama a Puerto Rico&#187;.<\/p>\n<p>Esta no es la primera vez que Bad Bunny se expresa contra el Gobierno de la isla sobre temas sociales y pol\u00edticos. En 2022, lanz\u00f3 el documental &#171;El Apag\u00f3n&#187;, en el cual critic\u00f3 la acci\u00f3n gubernamental al enfrentar las emergencias de los huracanes que han afectado a Puerto Rico desde 2017. En 2019, se uni\u00f3 a la serie de protestas masivas que exigieron la salida del entonces gobernador Ricardo Rossell\u00f3 (PNP), y quien luego renunci\u00f3 el 2 de agosto de ese a\u00f1o.<\/p>\n<p>Desde el paso del hurac\u00e1n Mar\u00eda en 2017, el cual da\u00f1\u00f3 gran parte de la red el\u00e9ctrica, la isla ha enfrentado problemas con la electricidad y los cortes de luz y apagones han aumentado.<\/p>\n<p>El PNP radic\u00f3 esta semana una querella por los mensajes que aparecieron en las vallas publicitarias y se\u00f1al\u00f3 que tienen \u201cfines electorales y que violan leyes aplicables. En la demanda se afirma que los anuncios no dicen quien los promueve.<\/p>\n<p>El cantante Bad Bunny en una fotograf\u00eda de archivo (Foto de Sarah Stier\/Getty Images)<\/p>\n<p>La Oficina del Contralor Electoral de Puerto Rico se encuentra evaluando la querella.<\/p>\n<p>Como respuesta a la publicidad del cantante, aparecieron esta semana varios anuncios en vallas publicitarias a favor del PNP. &#171;El 5 de noviembre \u00a1Barremos! \u00a1Para que Benito _ame!&#187;, se lee el mensaje que sugiere, con doble intenci\u00f3n, que el artista se rinda ante la situaci\u00f3n.<\/p>\n<p>La valla promocional fue financiada por Thomas Rivera Schatz, miembro del Senado de Puerto Rico y uno de los l\u00edderes pol\u00edticos del PNP. En la valla publicitaria aparece el mensaje: &#171;Anuncio pol\u00edtico pagado por Comit\u00e9 Rivera Schatz&#187;.<\/p>\n<p>The-CNN-Wire<br \/>&trade; &amp; &copy; 2024 Cable News Network, Inc., a Warner Bros. Discovery Company. All rights reserved.<\/p>\n","protected":false},"excerpt":{"rendered":"<p>(CNN Espa\u00f1ol) &#8212; El cantante de m\u00fasica urbana Bad Bunny se meti\u00f3 de lleno en la campa\u00f1a electoral por las elecciones generales del 5 de noviembre en Estados Unidos al contratar vallas publicitarias alrededor de su natal Puerto Rico para criticar la gesti\u00f3n del gobernante Partido Nuevo Progresista, organizaci\u00f3n que promueve que la isla se [&hellip;]<\/p>\n","protected":false},"author":0,"featured_media":0,"comment_status":"open","ping_status":"open","sticky":false,"template":"","format":"standard","meta":{"_jetpack_memberships_contains_paid_content":false,"footnotes":""},"categories":[10],"tags":[],"class_list":["post-1453138","post","type-post","status-publish","format-standard","hentry","category-noticias-nacionales","market-global"],"yoast_head":"<!-- This site is optimized with the Yoast SEO plugin v24.4 - https:\/\/yoast.com\/wordpress\/plugins\/seo\/ -->\n<title>Bad Bunny, involucrado en la cr\u00edtica al Gobierno de Puerto Rico - Noticias<\/title>\n<meta name=\"robots\" content=\"index, follow, max-snippet:-1, max-image-preview:large, max-video-preview:-1\" \/>\n<link rel=\"canonical\" href=\"https:\/\/noticiasya.com\/2024\/09\/27\/bad-bunny-critica-al-gobierno-de-puerto-rico-orix\/\" \/>\n<meta property=\"og:locale\" content=\"es_ES\" \/>\n<meta property=\"og:type\" content=\"article\" \/>\n<meta property=\"og:title\" content=\"Bad Bunny, involucrado en la cr\u00edtica al Gobierno de Puerto Rico - Noticias\" \/>\n<meta property=\"og:description\" content=\"(CNN Espa\u00f1ol) &#8212; El cantante de m\u00fasica urbana Bad Bunny se meti\u00f3 de lleno en la campa\u00f1a electoral por las elecciones generales del 5 de noviembre en Estados Unidos al contratar vallas publicitarias alrededor de su natal Puerto Rico para criticar la gesti\u00f3n del gobernante Partido Nuevo Progresista, organizaci\u00f3n que promueve que la isla se [&hellip;]\" \/>\n<meta property=\"og:url\" content=\"https:\/\/noticiasya.com\/2024\/09\/27\/bad-bunny-critica-al-gobierno-de-puerto-rico-orix\/\" \/>\n<meta property=\"og:site_name\" content=\"Noticias\" \/>\n<meta property=\"article:published_time\" content=\"2024-09-27T20:03:50+00:00\" \/>\n<meta name=\"twitter:card\" content=\"summary_large_image\" \/>\n<meta name=\"twitter:label1\" content=\"Est. reading time\" \/>\n\t<meta name=\"twitter:data1\" content=\"3 minutos\" \/>\n<script type=\"application\/ld+json\" class=\"yoast-schema-graph\">{\"@context\":\"https:\/\/schema.org\",\"@graph\":[{\"@type\":\"Article\",\"@id\":\"https:\/\/noticiasya.com\/2024\/09\/27\/bad-bunny-critica-al-gobierno-de-puerto-rico-orix\/#article\",\"isPartOf\":{\"@id\":\"https:\/\/noticiasya.com\/2024\/09\/27\/bad-bunny-critica-al-gobierno-de-puerto-rico-orix\/\"},\"author\":{\"name\":\"\",\"@id\":\"\"},\"headline\":\"Bad Bunny, involucrado en la cr\u00edtica al Gobierno de Puerto Rico\",\"datePublished\":\"2024-09-27T20:03:50+00:00\",\"mainEntityOfPage\":{\"@id\":\"https:\/\/noticiasya.com\/2024\/09\/27\/bad-bunny-critica-al-gobierno-de-puerto-rico-orix\/\"},\"wordCount\":535,\"commentCount\":0,\"publisher\":{\"@id\":\"https:\/\/noticiasya.com\/#organization\"},\"articleSection\":[\"Noticias Nacionales\"],\"inLanguage\":\"es\",\"potentialAction\":[{\"@type\":\"CommentAction\",\"name\":\"Comment\",\"target\":[\"https:\/\/noticiasya.com\/2024\/09\/27\/bad-bunny-critica-al-gobierno-de-puerto-rico-orix\/#respond\"]}]},{\"@type\":\"WebPage\",\"@id\":\"https:\/\/noticiasya.com\/2024\/09\/27\/bad-bunny-critica-al-gobierno-de-puerto-rico-orix\/\",\"url\":\"https:\/\/noticiasya.com\/2024\/09\/27\/bad-bunny-critica-al-gobierno-de-puerto-rico-orix\/\",\"name\":\"Bad Bunny, involucrado en la cr\u00edtica al Gobierno de Puerto Rico - Noticias\",\"isPartOf\":{\"@id\":\"https:\/\/noticiasya.com\/#website\"},\"datePublished\":\"2024-09-27T20:03:50+00:00\",\"breadcrumb\":{\"@id\":\"https:\/\/noticiasya.com\/2024\/09\/27\/bad-bunny-critica-al-gobierno-de-puerto-rico-orix\/#breadcrumb\"},\"inLanguage\":\"es\",\"potentialAction\":[{\"@type\":\"ReadAction\",\"target\":[\"https:\/\/noticiasya.com\/2024\/09\/27\/bad-bunny-critica-al-gobierno-de-puerto-rico-orix\/\"]}]},{\"@type\":\"BreadcrumbList\",\"@id\":\"https:\/\/noticiasya.com\/2024\/09\/27\/bad-bunny-critica-al-gobierno-de-puerto-rico-orix\/#breadcrumb\",\"itemListElement\":[{\"@type\":\"ListItem\",\"position\":1,\"name\":\"Home\",\"item\":\"https:\/\/noticiasya.com\/\"},{\"@type\":\"ListItem\",\"position\":2,\"name\":\"Bad Bunny, involucrado en la cr\u00edtica al Gobierno de Puerto Rico\"}]},{\"@type\":\"WebSite\",\"@id\":\"https:\/\/noticiasya.com\/#website\",\"url\":\"https:\/\/noticiasya.com\/\",\"name\":\"Noticias\",\"description\":\"Lo que importa\",\"publisher\":{\"@id\":\"https:\/\/noticiasya.com\/#organization\"},\"potentialAction\":[{\"@type\":\"SearchAction\",\"target\":{\"@type\":\"EntryPoint\",\"urlTemplate\":\"https:\/\/noticiasya.com\/?s={search_term_string}\"},\"query-input\":{\"@type\":\"PropertyValueSpecification\",\"valueRequired\":true,\"valueName\":\"search_term_string\"}}],\"inLanguage\":\"es\"},{\"@type\":\"Organization\",\"@id\":\"https:\/\/noticiasya.com\/#organization\",\"name\":\"Noticias\",\"url\":\"https:\/\/noticiasya.com\/\",\"logo\":{\"@type\":\"ImageObject\",\"inLanguage\":\"es\",\"@id\":\"https:\/\/noticiasya.com\/#\/schema\/logo\/image\/\",\"url\":\"https:\/\/noticiasya.com\/wp-content\/uploads\/sites\/22\/2023\/12\/logo-nacional.png\",\"contentUrl\":\"https:\/\/noticiasya.com\/wp-content\/uploads\/sites\/22\/2023\/12\/logo-nacional.png\",\"width\":1801,\"height\":691,\"caption\":\"Noticias\"},\"image\":{\"@id\":\"https:\/\/noticiasya.com\/#\/schema\/logo\/image\/\"}}]}<\/script>\n<!-- \/ Yoast SEO plugin. -->","yoast_head_json":{"title":"Bad Bunny, involucrado en la cr\u00edtica al Gobierno de Puerto Rico - Noticias","robots":{"index":"index","follow":"follow","max-snippet":"max-snippet:-1","max-image-preview":"max-image-preview:large","max-video-preview":"max-video-preview:-1"},"canonical":"https:\/\/noticiasya.com\/2024\/09\/27\/bad-bunny-critica-al-gobierno-de-puerto-rico-orix\/","og_locale":"es_ES","og_type":"article","og_title":"Bad Bunny, involucrado en la cr\u00edtica al Gobierno de Puerto Rico - Noticias","og_description":"(CNN Espa\u00f1ol) &#8212; El cantante de m\u00fasica urbana Bad Bunny se meti\u00f3 de lleno en la campa\u00f1a electoral por las elecciones generales del 5 de noviembre en Estados Unidos al contratar vallas publicitarias alrededor de su natal Puerto Rico para criticar la gesti\u00f3n del gobernante Partido Nuevo Progresista, organizaci\u00f3n que promueve que la isla se [&hellip;]","og_url":"https:\/\/noticiasya.com\/2024\/09\/27\/bad-bunny-critica-al-gobierno-de-puerto-rico-orix\/","og_site_name":"Noticias","article_published_time":"2024-09-27T20:03:50+00:00","twitter_card":"summary_large_image","twitter_misc":{"Est. reading time":"3 minutos"},"schema":{"@context":"https:\/\/schema.org","@graph":[{"@type":"Article","@id":"https:\/\/noticiasya.com\/2024\/09\/27\/bad-bunny-critica-al-gobierno-de-puerto-rico-orix\/#article","isPartOf":{"@id":"https:\/\/noticiasya.com\/2024\/09\/27\/bad-bunny-critica-al-gobierno-de-puerto-rico-orix\/"},"author":{"name":"","@id":""},"headline":"Bad Bunny, involucrado en la cr\u00edtica al Gobierno de Puerto Rico","datePublished":"2024-09-27T20:03:50+00:00","mainEntityOfPage":{"@id":"https:\/\/noticiasya.com\/2024\/09\/27\/bad-bunny-critica-al-gobierno-de-puerto-rico-orix\/"},"wordCount":535,"commentCount":0,"publisher":{"@id":"https:\/\/noticiasya.com\/#organization"},"articleSection":["Noticias Nacionales"],"inLanguage":"es","potentialAction":[{"@type":"CommentAction","name":"Comment","target":["https:\/\/noticiasya.com\/2024\/09\/27\/bad-bunny-critica-al-gobierno-de-puerto-rico-orix\/#respond"]}]},{"@type":"WebPage","@id":"https:\/\/noticiasya.com\/2024\/09\/27\/bad-bunny-critica-al-gobierno-de-puerto-rico-orix\/","url":"https:\/\/noticiasya.com\/2024\/09\/27\/bad-bunny-critica-al-gobierno-de-puerto-rico-orix\/","name":"Bad Bunny, involucrado en la cr\u00edtica al Gobierno de Puerto Rico - Noticias","isPartOf":{"@id":"https:\/\/noticiasya.com\/#website"},"datePublished":"2024-09-27T20:03:50+00:00","breadcrumb":{"@id":"https:\/\/noticiasya.com\/2024\/09\/27\/bad-bunny-critica-al-gobierno-de-puerto-rico-orix\/#breadcrumb"},"inLanguage":"es","potentialAction":[{"@type":"ReadAction","target":["https:\/\/noticiasya.com\/2024\/09\/27\/bad-bunny-critica-al-gobierno-de-puerto-rico-orix\/"]}]},{"@type":"BreadcrumbList","@id":"https:\/\/noticiasya.com\/2024\/09\/27\/bad-bunny-critica-al-gobierno-de-puerto-rico-orix\/#breadcrumb","itemListElement":[{"@type":"ListItem","position":1,"name":"Home","item":"https:\/\/noticiasya.com\/"},{"@type":"ListItem","position":2,"name":"Bad Bunny, involucrado en la cr\u00edtica al Gobierno de Puerto Rico"}]},{"@type":"WebSite","@id":"https:\/\/noticiasya.com\/#website","url":"https:\/\/noticiasya.com\/","name":"Noticias","description":"Lo que importa","publisher":{"@id":"https:\/\/noticiasya.com\/#organization"},"potentialAction":[{"@type":"SearchAction","target":{"@type":"EntryPoint","urlTemplate":"https:\/\/noticiasya.com\/?s={search_term_string}"},"query-input":{"@type":"PropertyValueSpecification","valueRequired":true,"valueName":"search_term_string"}}],"inLanguage":"es"},{"@type":"Organization","@id":"https:\/\/noticiasya.com\/#organization","name":"Noticias","url":"https:\/\/noticiasya.com\/","logo":{"@type":"ImageObject","inLanguage":"es","@id":"https:\/\/noticiasya.com\/#\/schema\/logo\/image\/","url":"https:\/\/noticiasya.com\/wp-content\/uploads\/sites\/22\/2023\/12\/logo-nacional.png","contentUrl":"https:\/\/noticiasya.com\/wp-content\/uploads\/sites\/22\/2023\/12\/logo-nacional.png","width":1801,"height":691,"caption":"Noticias"},"image":{"@id":"https:\/\/noticiasya.com\/#\/schema\/logo\/image\/"}}]}},"parsely":{"version":"1.1.0","canonical_url":"https:\/\/noticiasya.com\/midland-odessa\/2024\/09\/27\/bad-bunny-critica-al-gobierno-de-puerto-rico-orix\/","smart_links":{"inbound":0,"outbound":0},"traffic_boost_suggestions_count":0,"meta":{"@context":"https:\/\/schema.org","@type":"NewsArticle","headline":"Bad Bunny, involucrado en la cr\u00edtica al Gobierno de Puerto Rico","url":"http:\/\/noticiasya.com\/midland-odessa\/2024\/09\/27\/bad-bunny-critica-al-gobierno-de-puerto-rico-orix\/","mainEntityOfPage":{"@type":"WebPage","@id":"http:\/\/noticiasya.com\/midland-odessa\/2024\/09\/27\/bad-bunny-critica-al-gobierno-de-puerto-rico-orix\/"},"thumbnailUrl":"","image":{"@type":"ImageObject","url":""},"articleSection":"Noticias Nacionales","author":[],"creator":[],"publisher":{"@type":"Organization","name":"Noticias","logo":""},"keywords":[],"dateCreated":"2024-09-27T20:03:50Z","datePublished":"2024-09-27T20:03:50Z","dateModified":"2024-09-27T20:03:50Z"},"rendered":"<script type=\"application\/ld+json\" class=\"wp-parsely-metadata\">{\"@context\":\"https:\\\/\\\/schema.org\",\"@type\":\"NewsArticle\",\"headline\":\"Bad Bunny, involucrado en la cr\\u00edtica al Gobierno de Puerto Rico\",\"url\":\"http:\\\/\\\/noticiasya.com\\\/midland-odessa\\\/2024\\\/09\\\/27\\\/bad-bunny-critica-al-gobierno-de-puerto-rico-orix\\\/\",\"mainEntityOfPage\":{\"@type\":\"WebPage\",\"@id\":\"http:\\\/\\\/noticiasya.com\\\/midland-odessa\\\/2024\\\/09\\\/27\\\/bad-bunny-critica-al-gobierno-de-puerto-rico-orix\\\/\"},\"thumbnailUrl\":\"\",\"image\":{\"@type\":\"ImageObject\",\"url\":\"\"},\"articleSection\":\"Noticias Nacionales\",\"author\":[],\"creator\":[],\"publisher\":{\"@type\":\"Organization\",\"name\":\"Noticias\",\"logo\":\"\"},\"keywords\":[],\"dateCreated\":\"2024-09-27T20:03:50Z\",\"datePublished\":\"2024-09-27T20:03:50Z\",\"dateModified\":\"2024-09-27T20:03:50Z\"}<\/script>","tracker_url":"https:\/\/cdn.parsely.com\/keys\/noticiasya.com\/p.js"},"jetpack_featured_media_url":"","jetpack-related-posts":[{"id":1455620,"url":"https:\/\/noticiasya.com\/midland-odessa\/2024\/11\/06\/jenniffer-gonzalez-elecciones-puerto-rico-orix\/","url_meta":{"origin":1453138,"position":0},"title":"Jenniffer Gonz\u00e1lez gana las elecciones en Puerto Rico y el independentismo queda segundo, seg\u00fan resultados preliminares","author":"","date":"noviembre 6, 2024","format":false,"excerpt":"(CNN Espa\u00f1ol) -- Jenniffer Gonz\u00e1lez, del Partido Nuevo Progresista (PNP), fue la candidata ganadora este martes en las elecciones para gobernador en Puerto Rico, mientras que el independentista Juan Dalmau qued\u00f3 en segundo lugar, seg\u00fan los resultados preliminares.De acuerdo con la Comisi\u00f3n Estatal de Elecciones de Puerto Rico (CEEPR), con\u2026","rel":"","context":"In &quot;Noticias Nacionales&quot;","block_context":{"text":"Noticias Nacionales","link":"https:\/\/noticiasya.com\/midland-odessa\/categoria\/noticias-nacionales"},"img":{"alt_text":"","src":"","width":0,"height":0},"classes":[]},{"id":1449958,"url":"https:\/\/noticiasya.com\/midland-odessa\/2024\/06\/03\/jenniffer-gonzalez-colon-comisionada-puerto-rico-resultados-elecciones-primarias-orix\/","url_meta":{"origin":1453138,"position":1},"title":"Jenniffer Gonz\u00e1lez-Col\u00f3n, comisionada de Puerto Rico ante la C\u00e1mara de Representantes de EE.UU., gana la primaria para la gobernaci\u00f3n de la isla, seg\u00fan resultados preliminares","author":"","date":"junio 3, 2024","format":false,"excerpt":"(CNN Espa\u00f1ol) --\u00a0Jenniffer Gonz\u00e1lez-Col\u00f3n fue la precandidata m\u00e1s votada en la elecci\u00f3n primaria para la gobernaci\u00f3n de Puerto Rico por el Partido Nuevo Progresista (PNP), seg\u00fan los resultados preliminares de la Comisi\u00f3n Estatal de Elecciones de Puerto Rico. La aspirante se impuso al actual gobernador de la isla, Pedro Pierluisi,\u2026","rel":"","context":"In &quot;Noticias Nacionales&quot;","block_context":{"text":"Noticias Nacionales","link":"https:\/\/noticiasya.com\/midland-odessa\/categoria\/noticias-nacionales"},"img":{"alt_text":"","src":"","width":0,"height":0},"classes":[]},{"id":1455753,"url":"https:\/\/noticiasya.com\/midland-odessa\/2024\/11\/11\/todo-listo-comenzar-escrutinio-electoral-puerto-rico-orix\/","url_meta":{"origin":1453138,"position":2},"title":"Todo listo para comenzar con el escrutinio electoral en Puerto Rico","author":"","date":"noviembre 11, 2024","format":false,"excerpt":"(CNN Espa\u00f1ol) -- La Comisi\u00f3n Estatal de Elecciones de Puerto Rico (CEEPR) inform\u00f3 que se iniciar\u00e1 este martes el escrutinio general de votos de las elecciones generales.Los comicios en la isla se llevaron a cabo el 5 de noviembre y la CEEPR dio los resultados preliminares con los cuales se\u2026","rel":"","context":"In &quot;Noticias Nacionales&quot;","block_context":{"text":"Noticias Nacionales","link":"https:\/\/noticiasya.com\/midland-odessa\/categoria\/noticias-nacionales"},"img":{"alt_text":"","src":"","width":0,"height":0},"classes":[]},{"id":1457146,"url":"https:\/\/noticiasya.com\/midland-odessa\/2025\/01\/02\/jenniffer-gonzalez-gobernadora-puerto-rico-orix\/","url_meta":{"origin":1453138,"position":3},"title":"Jenniffer Gonz\u00e1lez asume como gobernadora de Puerto Rico y ser\u00e1 la tercera mujer en la historia en ocupar el cargo","author":"","date":"enero 2, 2025","format":false,"excerpt":"Jenniffer Gonz\u00e1lez asume este jueves como nueva gobernadora de Puerto Rico en un acto en las escalinatas del Capitolio en el Viejo San Juan, que incluye varias actividades alrededor del casco de la legendaria zona hist\u00f3rica y La Fortaleza, centro oficial del gobierno.De esta manera, Gonz\u00e1lez se convertir\u00e1 en la\u2026","rel":"","context":"In &quot;Noticias Nacionales&quot;","block_context":{"text":"Noticias Nacionales","link":"https:\/\/noticiasya.com\/midland-odessa\/categoria\/noticias-nacionales"},"img":{"alt_text":"","src":"","width":0,"height":0},"classes":[]},{"id":1464441,"url":"https:\/\/noticiasya.com\/midland-odessa\/2025\/07\/11\/bad-bunny-declaracion-politica-residencia-puerto-rico-trax\/","url_meta":{"origin":1453138,"position":4},"title":"Bad Bunny hace una &#171;declaraci\u00f3n pol\u00edtica&#187; al iniciar su residencia en Puerto Rico","author":"","date":"julio 11, 2025","format":false,"excerpt":"Un ambiente de emoci\u00f3n se apoder\u00f3 de Puerto Rico mientras el artista local Bad Bunny, una de las mayores estrellas musicales del mundo, inicia este viernes su esperada residencia.Las tiendas agotan la mercanc\u00eda, los restaurantes crean men\u00fas tem\u00e1ticos y los noticieros locales dedican una cobertura especial a lo que los\u2026","rel":"","context":"In &quot;Noticias Nacionales&quot;","block_context":{"text":"Noticias Nacionales","link":"https:\/\/noticiasya.com\/midland-odessa\/categoria\/noticias-nacionales"},"img":{"alt_text":"","src":"","width":0,"height":0},"classes":[]},{"id":1455610,"url":"https:\/\/noticiasya.com\/midland-odessa\/2024\/11\/06\/harris-gana-trump-puerto-rico-voto-simbolico-orix\/","url_meta":{"origin":1453138,"position":5},"title":"Harris le gana a Trump en Puerto Rico, pero el voto es simb\u00f3lico. As\u00ed qued\u00f3 la votaci\u00f3n","author":"","date":"noviembre 6, 2024","format":false,"excerpt":"(CNN Espa\u00f1ol) \u2014 La candidata presidencial dem\u00f3crata, la vicepresidenta Kamala Harris, fue la preferida de los puertorrique\u00f1os en una votaci\u00f3n simb\u00f3lica que tuvo lugar en la isla para la elecci\u00f3n presidencial de Estados Unidos, con 73,46% de los votos (709.902 personas) frente al 26,54% (256.505) del candidato presidencial republicano, el\u2026","rel":"","context":"In &quot;Noticias Nacionales&quot;","block_context":{"text":"Noticias Nacionales","link":"https:\/\/noticiasya.com\/midland-odessa\/categoria\/noticias-nacionales"},"img":{"alt_text":"","src":"","width":0,"height":0},"classes":[]}],"jetpack_sharing_enabled":true,"_links":{"self":[{"href":"https:\/\/noticiasya.com\/midland-odessa\/wp-json\/wp\/v2\/posts\/1453138","targetHints":{"allow":["GET"]}}],"collection":[{"href":"https:\/\/noticiasya.com\/midland-odessa\/wp-json\/wp\/v2\/posts"}],"about":[{"href":"https:\/\/noticiasya.com\/midland-odessa\/wp-json\/wp\/v2\/types\/post"}],"replies":[{"embeddable":true,"href":"https:\/\/noticiasya.com\/midland-odessa\/wp-json\/wp\/v2\/comments?post=1453138"}],"version-history":[{"count":0,"href":"https:\/\/noticiasya.com\/midland-odessa\/wp-json\/wp\/v2\/posts\/1453138\/revisions"}],"wp:attachment":[{"href":"https:\/\/noticiasya.com\/midland-odessa\/wp-json\/wp\/v2\/media?parent=1453138"}],"wp:term":[{"taxonomy":"category","embeddable":true,"href":"https:\/\/noticiasya.com\/midland-odessa\/wp-json\/wp\/v2\/categories?post=1453138"},{"taxonomy":"post_tag","embeddable":true,"href":"https:\/\/noticiasya.com\/midland-odessa\/wp-json\/wp\/v2\/tags?post=1453138"}],"curies":[{"name":"wp","href":"https:\/\/api.w.org\/{rel}","templated":true}]}}