{"id":1453139,"date":"2024-09-27T13:03:50","date_gmt":"2024-09-27T20:03:50","guid":{"rendered":"https:\/\/noticiasya.com\/2024\/09\/27\/81-personas-muertas-ola-de-violencia-sinaloa-orix\/"},"modified":"2024-09-27T13:03:50","modified_gmt":"2024-09-27T20:03:50","slug":"81-personas-muertas-ola-de-violencia-sinaloa-orix","status":"publish","type":"post","link":"https:\/\/noticiasya.com\/midland-odessa\/2024\/09\/27\/81-personas-muertas-ola-de-violencia-sinaloa-orix\/","title":{"rendered":"Sube a al menos 81 personas muertas por ola de violencia en Sinaloa desde el 9 de septiembre, seg\u00fan las autoridades"},"content":{"rendered":"<p>(CNN Espa\u00f1ol) &#8212; Al menos 28 personas murieron entre el 21 y 26 de septiembre en Sinaloa, en el noreste de M\u00e9xico, de acuerdo con datos de la Fiscal\u00eda del estado.<\/p>\n<p>Con esta cifra, aumenta a 81 el n\u00famero de muertos desde que el 9 de septiembre se desat\u00f3 una ola violencia en el estado mexicano, cuna del cartel de drogas fundado por Ismael \u201cEl Mayo\u201d Zambada y Joaqu\u00edn \u201cEl Chapo\u201d Guzm\u00e1n. El reciente aumento de violencia se debe al enfrentamiento entre grupos del crimen organizado rivales.<\/p>\n<p>El Departamento del Tesoro emite sanciones contra negocios vinculados al c\u00e1rtel de Sinaloa y contra l\u00edderes del Clan del Golfo<\/p>\n<p>Por su parte, Caminos y Puentes Federales de M\u00e9xico (Capufe) inform\u00f3 el jueves que, con ayuda de la Guardia Nacional, las autoridades hab\u00edan logrado restablecer la circulaci\u00f3n en la carretera que une al puerto de Mazatl\u00e1n con la ciudad de Durango, una v\u00eda que recorre la zona conocida como el \u201cTri\u00e1ngulo Dorado\u201d, famosa por la actividad de grupos narcotraficantes en la regi\u00f3n.<\/p>\n<p>Soldados del Ej\u00e9rcito Mexicano vigilan junto al \u00e1rea donde cinco cuerpos fueron dejados en la calle en Culiac\u00e1n, estado de Sinaloa, M\u00e9xico, el 21 de septiembre de 2024. (Foto de IVAN MEDINA\/AFP v\u00eda Getty Images)<\/p>\n<p>Los enfrentamientos en la regi\u00f3n aumentaron a ra\u00edz de la detenci\u00f3n de Ismael \u201cEl Mayo\u201d Zambada, l\u00edder del C\u00e1rtel de Sinaloa, el pasado 25 de julio en Estados Unidos, lo que llev\u00f3 a la disputa por el territorio entre dos grupos rivales, seg\u00fan han dicho las autoridades federales y estatales.<\/p>\n<p>La violencia incluso oblig\u00f3 al gobernador Rub\u00e9n Rocha Moya a suspender la ceremonia para celebrar el Grito de Independencia de M\u00e9xico del 15 de septiembre, entre otras medidas que afectan la vida cotidiana de la poblaci\u00f3n.<\/p>\n<p>The-CNN-Wire<br \/>&trade; &amp; &copy; 2024 Cable News Network, Inc., a Warner Bros. Discovery Company. All rights reserved.<\/p>\n","protected":false},"excerpt":{"rendered":"<p>(CNN Espa\u00f1ol) &#8212; Al menos 28 personas murieron entre el 21 y 26 de septiembre en Sinaloa, en el noreste de M\u00e9xico, de acuerdo con datos de la Fiscal\u00eda del estado. Con esta cifra, aumenta a 81 el n\u00famero de muertos desde que el 9 de septiembre se desat\u00f3 una ola violencia en el estado [&hellip;]<\/p>\n","protected":false},"author":0,"featured_media":0,"comment_status":"open","ping_status":"open","sticky":false,"template":"","format":"standard","meta":{"_jetpack_memberships_contains_paid_content":false,"footnotes":""},"categories":[10],"tags":[],"class_list":["post-1453139","post","type-post","status-publish","format-standard","hentry","category-noticias-nacionales","market-global"],"yoast_head":"<!-- This site is optimized with the Yoast SEO plugin v24.4 - https:\/\/yoast.com\/wordpress\/plugins\/seo\/ -->\n<title>Sube a al menos 81 personas muertas por ola de violencia en Sinaloa desde el 9 de septiembre, seg\u00fan las autoridades - Noticias<\/title>\n<meta name=\"robots\" content=\"index, follow, max-snippet:-1, max-image-preview:large, max-video-preview:-1\" \/>\n<link rel=\"canonical\" href=\"https:\/\/noticiasya.com\/2024\/09\/27\/81-personas-muertas-ola-de-violencia-sinaloa-orix\/\" \/>\n<meta property=\"og:locale\" content=\"es_ES\" \/>\n<meta property=\"og:type\" content=\"article\" \/>\n<meta property=\"og:title\" content=\"Sube a al menos 81 personas muertas por ola de violencia en Sinaloa desde el 9 de septiembre, seg\u00fan las autoridades - Noticias\" \/>\n<meta property=\"og:description\" content=\"(CNN Espa\u00f1ol) &#8212; Al menos 28 personas murieron entre el 21 y 26 de septiembre en Sinaloa, en el noreste de M\u00e9xico, de acuerdo con datos de la Fiscal\u00eda del estado. Con esta cifra, aumenta a 81 el n\u00famero de muertos desde que el 9 de septiembre se desat\u00f3 una ola violencia en el estado [&hellip;]\" \/>\n<meta property=\"og:url\" content=\"https:\/\/noticiasya.com\/2024\/09\/27\/81-personas-muertas-ola-de-violencia-sinaloa-orix\/\" \/>\n<meta property=\"og:site_name\" content=\"Noticias\" \/>\n<meta property=\"article:published_time\" content=\"2024-09-27T20:03:50+00:00\" \/>\n<meta name=\"twitter:card\" content=\"summary_large_image\" \/>\n<meta name=\"twitter:label1\" content=\"Est. reading time\" \/>\n\t<meta name=\"twitter:data1\" content=\"2 minutos\" \/>\n<script type=\"application\/ld+json\" class=\"yoast-schema-graph\">{\"@context\":\"https:\/\/schema.org\",\"@graph\":[{\"@type\":\"Article\",\"@id\":\"https:\/\/noticiasya.com\/2024\/09\/27\/81-personas-muertas-ola-de-violencia-sinaloa-orix\/#article\",\"isPartOf\":{\"@id\":\"https:\/\/noticiasya.com\/2024\/09\/27\/81-personas-muertas-ola-de-violencia-sinaloa-orix\/\"},\"author\":{\"name\":\"\",\"@id\":\"\"},\"headline\":\"Sube a al menos 81 personas muertas por ola de violencia en Sinaloa desde el 9 de septiembre, seg\u00fan las autoridades\",\"datePublished\":\"2024-09-27T20:03:50+00:00\",\"mainEntityOfPage\":{\"@id\":\"https:\/\/noticiasya.com\/2024\/09\/27\/81-personas-muertas-ola-de-violencia-sinaloa-orix\/\"},\"wordCount\":346,\"commentCount\":0,\"publisher\":{\"@id\":\"https:\/\/noticiasya.com\/#organization\"},\"articleSection\":[\"Noticias Nacionales\"],\"inLanguage\":\"es\",\"potentialAction\":[{\"@type\":\"CommentAction\",\"name\":\"Comment\",\"target\":[\"https:\/\/noticiasya.com\/2024\/09\/27\/81-personas-muertas-ola-de-violencia-sinaloa-orix\/#respond\"]}]},{\"@type\":\"WebPage\",\"@id\":\"https:\/\/noticiasya.com\/2024\/09\/27\/81-personas-muertas-ola-de-violencia-sinaloa-orix\/\",\"url\":\"https:\/\/noticiasya.com\/2024\/09\/27\/81-personas-muertas-ola-de-violencia-sinaloa-orix\/\",\"name\":\"Sube a al menos 81 personas muertas por ola de violencia en Sinaloa desde el 9 de septiembre, seg\u00fan las autoridades - Noticias\",\"isPartOf\":{\"@id\":\"https:\/\/noticiasya.com\/#website\"},\"datePublished\":\"2024-09-27T20:03:50+00:00\",\"breadcrumb\":{\"@id\":\"https:\/\/noticiasya.com\/2024\/09\/27\/81-personas-muertas-ola-de-violencia-sinaloa-orix\/#breadcrumb\"},\"inLanguage\":\"es\",\"potentialAction\":[{\"@type\":\"ReadAction\",\"target\":[\"https:\/\/noticiasya.com\/2024\/09\/27\/81-personas-muertas-ola-de-violencia-sinaloa-orix\/\"]}]},{\"@type\":\"BreadcrumbList\",\"@id\":\"https:\/\/noticiasya.com\/2024\/09\/27\/81-personas-muertas-ola-de-violencia-sinaloa-orix\/#breadcrumb\",\"itemListElement\":[{\"@type\":\"ListItem\",\"position\":1,\"name\":\"Home\",\"item\":\"https:\/\/noticiasya.com\/\"},{\"@type\":\"ListItem\",\"position\":2,\"name\":\"Sube a al menos 81 personas muertas por ola de violencia en Sinaloa desde el 9 de septiembre, seg\u00fan las autoridades\"}]},{\"@type\":\"WebSite\",\"@id\":\"https:\/\/noticiasya.com\/#website\",\"url\":\"https:\/\/noticiasya.com\/\",\"name\":\"Noticias\",\"description\":\"Lo que importa\",\"publisher\":{\"@id\":\"https:\/\/noticiasya.com\/#organization\"},\"potentialAction\":[{\"@type\":\"SearchAction\",\"target\":{\"@type\":\"EntryPoint\",\"urlTemplate\":\"https:\/\/noticiasya.com\/?s={search_term_string}\"},\"query-input\":{\"@type\":\"PropertyValueSpecification\",\"valueRequired\":true,\"valueName\":\"search_term_string\"}}],\"inLanguage\":\"es\"},{\"@type\":\"Organization\",\"@id\":\"https:\/\/noticiasya.com\/#organization\",\"name\":\"Noticias\",\"url\":\"https:\/\/noticiasya.com\/\",\"logo\":{\"@type\":\"ImageObject\",\"inLanguage\":\"es\",\"@id\":\"https:\/\/noticiasya.com\/#\/schema\/logo\/image\/\",\"url\":\"https:\/\/noticiasya.com\/wp-content\/uploads\/sites\/22\/2023\/12\/logo-nacional.png\",\"contentUrl\":\"https:\/\/noticiasya.com\/wp-content\/uploads\/sites\/22\/2023\/12\/logo-nacional.png\",\"width\":1801,\"height\":691,\"caption\":\"Noticias\"},\"image\":{\"@id\":\"https:\/\/noticiasya.com\/#\/schema\/logo\/image\/\"}}]}<\/script>\n<!-- \/ Yoast SEO plugin. -->","yoast_head_json":{"title":"Sube a al menos 81 personas muertas por ola de violencia en Sinaloa desde el 9 de septiembre, seg\u00fan las autoridades - Noticias","robots":{"index":"index","follow":"follow","max-snippet":"max-snippet:-1","max-image-preview":"max-image-preview:large","max-video-preview":"max-video-preview:-1"},"canonical":"https:\/\/noticiasya.com\/2024\/09\/27\/81-personas-muertas-ola-de-violencia-sinaloa-orix\/","og_locale":"es_ES","og_type":"article","og_title":"Sube a al menos 81 personas muertas por ola de violencia en Sinaloa desde el 9 de septiembre, seg\u00fan las autoridades - Noticias","og_description":"(CNN Espa\u00f1ol) &#8212; Al menos 28 personas murieron entre el 21 y 26 de septiembre en Sinaloa, en el noreste de M\u00e9xico, de acuerdo con datos de la Fiscal\u00eda del estado. Con esta cifra, aumenta a 81 el n\u00famero de muertos desde que el 9 de septiembre se desat\u00f3 una ola violencia en el estado [&hellip;]","og_url":"https:\/\/noticiasya.com\/2024\/09\/27\/81-personas-muertas-ola-de-violencia-sinaloa-orix\/","og_site_name":"Noticias","article_published_time":"2024-09-27T20:03:50+00:00","twitter_card":"summary_large_image","twitter_misc":{"Est. reading time":"2 minutos"},"schema":{"@context":"https:\/\/schema.org","@graph":[{"@type":"Article","@id":"https:\/\/noticiasya.com\/2024\/09\/27\/81-personas-muertas-ola-de-violencia-sinaloa-orix\/#article","isPartOf":{"@id":"https:\/\/noticiasya.com\/2024\/09\/27\/81-personas-muertas-ola-de-violencia-sinaloa-orix\/"},"author":{"name":"","@id":""},"headline":"Sube a al menos 81 personas muertas por ola de violencia en Sinaloa desde el 9 de septiembre, seg\u00fan las autoridades","datePublished":"2024-09-27T20:03:50+00:00","mainEntityOfPage":{"@id":"https:\/\/noticiasya.com\/2024\/09\/27\/81-personas-muertas-ola-de-violencia-sinaloa-orix\/"},"wordCount":346,"commentCount":0,"publisher":{"@id":"https:\/\/noticiasya.com\/#organization"},"articleSection":["Noticias Nacionales"],"inLanguage":"es","potentialAction":[{"@type":"CommentAction","name":"Comment","target":["https:\/\/noticiasya.com\/2024\/09\/27\/81-personas-muertas-ola-de-violencia-sinaloa-orix\/#respond"]}]},{"@type":"WebPage","@id":"https:\/\/noticiasya.com\/2024\/09\/27\/81-personas-muertas-ola-de-violencia-sinaloa-orix\/","url":"https:\/\/noticiasya.com\/2024\/09\/27\/81-personas-muertas-ola-de-violencia-sinaloa-orix\/","name":"Sube a al menos 81 personas muertas por ola de violencia en Sinaloa desde el 9 de septiembre, seg\u00fan las autoridades - Noticias","isPartOf":{"@id":"https:\/\/noticiasya.com\/#website"},"datePublished":"2024-09-27T20:03:50+00:00","breadcrumb":{"@id":"https:\/\/noticiasya.com\/2024\/09\/27\/81-personas-muertas-ola-de-violencia-sinaloa-orix\/#breadcrumb"},"inLanguage":"es","potentialAction":[{"@type":"ReadAction","target":["https:\/\/noticiasya.com\/2024\/09\/27\/81-personas-muertas-ola-de-violencia-sinaloa-orix\/"]}]},{"@type":"BreadcrumbList","@id":"https:\/\/noticiasya.com\/2024\/09\/27\/81-personas-muertas-ola-de-violencia-sinaloa-orix\/#breadcrumb","itemListElement":[{"@type":"ListItem","position":1,"name":"Home","item":"https:\/\/noticiasya.com\/"},{"@type":"ListItem","position":2,"name":"Sube a al menos 81 personas muertas por ola de violencia en Sinaloa desde el 9 de septiembre, seg\u00fan las autoridades"}]},{"@type":"WebSite","@id":"https:\/\/noticiasya.com\/#website","url":"https:\/\/noticiasya.com\/","name":"Noticias","description":"Lo que importa","publisher":{"@id":"https:\/\/noticiasya.com\/#organization"},"potentialAction":[{"@type":"SearchAction","target":{"@type":"EntryPoint","urlTemplate":"https:\/\/noticiasya.com\/?s={search_term_string}"},"query-input":{"@type":"PropertyValueSpecification","valueRequired":true,"valueName":"search_term_string"}}],"inLanguage":"es"},{"@type":"Organization","@id":"https:\/\/noticiasya.com\/#organization","name":"Noticias","url":"https:\/\/noticiasya.com\/","logo":{"@type":"ImageObject","inLanguage":"es","@id":"https:\/\/noticiasya.com\/#\/schema\/logo\/image\/","url":"https:\/\/noticiasya.com\/wp-content\/uploads\/sites\/22\/2023\/12\/logo-nacional.png","contentUrl":"https:\/\/noticiasya.com\/wp-content\/uploads\/sites\/22\/2023\/12\/logo-nacional.png","width":1801,"height":691,"caption":"Noticias"},"image":{"@id":"https:\/\/noticiasya.com\/#\/schema\/logo\/image\/"}}]}},"parsely":{"version":"1.1.0","canonical_url":"https:\/\/noticiasya.com\/midland-odessa\/2024\/09\/27\/81-personas-muertas-ola-de-violencia-sinaloa-orix\/","smart_links":{"inbound":0,"outbound":0},"traffic_boost_suggestions_count":0,"meta":{"@context":"https:\/\/schema.org","@type":"NewsArticle","headline":"Sube a al menos 81 personas muertas por ola de violencia en Sinaloa desde el 9 de septiembre, seg\u00fan las autoridades","url":"http:\/\/noticiasya.com\/midland-odessa\/2024\/09\/27\/81-personas-muertas-ola-de-violencia-sinaloa-orix\/","mainEntityOfPage":{"@type":"WebPage","@id":"http:\/\/noticiasya.com\/midland-odessa\/2024\/09\/27\/81-personas-muertas-ola-de-violencia-sinaloa-orix\/"},"thumbnailUrl":"","image":{"@type":"ImageObject","url":""},"articleSection":"Noticias Nacionales","author":[],"creator":[],"publisher":{"@type":"Organization","name":"Noticias","logo":""},"keywords":[],"dateCreated":"2024-09-27T20:03:50Z","datePublished":"2024-09-27T20:03:50Z","dateModified":"2024-09-27T20:03:50Z"},"rendered":"<script type=\"application\/ld+json\" class=\"wp-parsely-metadata\">{\"@context\":\"https:\\\/\\\/schema.org\",\"@type\":\"NewsArticle\",\"headline\":\"Sube a al menos 81 personas muertas por ola de violencia en Sinaloa desde el 9 de septiembre, seg\\u00fan las autoridades\",\"url\":\"http:\\\/\\\/noticiasya.com\\\/midland-odessa\\\/2024\\\/09\\\/27\\\/81-personas-muertas-ola-de-violencia-sinaloa-orix\\\/\",\"mainEntityOfPage\":{\"@type\":\"WebPage\",\"@id\":\"http:\\\/\\\/noticiasya.com\\\/midland-odessa\\\/2024\\\/09\\\/27\\\/81-personas-muertas-ola-de-violencia-sinaloa-orix\\\/\"},\"thumbnailUrl\":\"\",\"image\":{\"@type\":\"ImageObject\",\"url\":\"\"},\"articleSection\":\"Noticias Nacionales\",\"author\":[],\"creator\":[],\"publisher\":{\"@type\":\"Organization\",\"name\":\"Noticias\",\"logo\":\"\"},\"keywords\":[],\"dateCreated\":\"2024-09-27T20:03:50Z\",\"datePublished\":\"2024-09-27T20:03:50Z\",\"dateModified\":\"2024-09-27T20:03:50Z\"}<\/script>","tracker_url":"https:\/\/cdn.parsely.com\/keys\/noticiasya.com\/p.js"},"jetpack_featured_media_url":"","jetpack-related-posts":[{"id":1452912,"url":"https:\/\/noticiasya.com\/midland-odessa\/2024\/09\/21\/ola-violencia-mexico-muertos-sinaloa-orix\/","url_meta":{"origin":1453139,"position":0},"title":"Ola de violencia en M\u00e9xico: al menos 53 muertos en Sinaloa","author":"","date":"septiembre 21, 2024","format":false,"excerpt":"(CNN Espa\u00f1ol) -- La Fiscal\u00eda de Sinaloa inform\u00f3 este s\u00e1bado de la muerte de al menos cuatro personas durante el 20 de septiembre, con lo que la cifra de muertos por la violencia en el estado mexicano, en el noroeste del pa\u00eds, aumenta a 53 personas desde el 9 de\u2026","rel":"","context":"In &quot;Noticias Nacionales&quot;","block_context":{"text":"Noticias Nacionales","link":"https:\/\/noticiasya.com\/midland-odessa\/categoria\/noticias-nacionales"},"img":{"alt_text":"","src":"","width":0,"height":0},"classes":[]},{"id":1452927,"url":"https:\/\/noticiasya.com\/midland-odessa\/2024\/09\/21\/ejercito-mexico-soldados-sinaloa-inseguridad-orix\/","url_meta":{"origin":1453139,"position":1},"title":"El Ej\u00e9rcito de M\u00e9xico env\u00eda a Sinaloa otros 600 militares para combatir la inseguridad","author":"","date":"septiembre 21, 2024","format":false,"excerpt":"(CNN Espa\u00f1ol) --\u00a0El Ej\u00e9rcito de M\u00e9xico envi\u00f3 a Sinaloa este s\u00e1bado otros 600 militares para que realicen tareas de seguridad luego de los hechos de violencia registrados a lo largo de este mes en el estado del noroeste del pa\u00eds, inform\u00f3 la Secretar\u00eda de la Defensa Nacional (Sedena) en un\u2026","rel":"","context":"In &quot;Noticias Nacionales&quot;","block_context":{"text":"Noticias Nacionales","link":"https:\/\/noticiasya.com\/midland-odessa\/categoria\/noticias-nacionales"},"img":{"alt_text":"","src":"","width":0,"height":0},"classes":[]},{"id":1452583,"url":"https:\/\/noticiasya.com\/midland-odessa\/2024\/09\/10\/universidad-sinaloa-clases-virtuales-ola-de-violencia-orix\/","url_meta":{"origin":1453139,"position":2},"title":"La Universidad Aut\u00f3noma de Sinaloa llama a clases virtuales ante ola de violencia","author":"","date":"septiembre 10, 2024","format":false,"excerpt":"(CNN Espa\u00f1ol) -- La Universidad Aut\u00f3noma de Sinaloa anunci\u00f3 este lunes que como medida \"preventiva\", convocar\u00eda de forma virtual sus clases en todos los niveles por la ola de violencia. La UAS tiene unos 5.333 alumnos, de acuerdo con cifras oficiales de 2019.\"Como medida preventiva y ante los hechos violentos\u2026","rel":"","context":"In &quot;Noticias Nacionales&quot;","block_context":{"text":"Noticias Nacionales","link":"https:\/\/noticiasya.com\/midland-odessa\/categoria\/noticias-nacionales"},"img":{"alt_text":"","src":"","width":0,"height":0},"classes":[]},{"id":1456573,"url":"https:\/\/noticiasya.com\/midland-odessa\/2024\/12\/13\/violencia-sinaloa-66-homicidios-diciembre-orix\/","url_meta":{"origin":1453139,"position":3},"title":"La violencia en Sinaloa deja al menos 66 homicidios en lo que va de diciembre","author":"","date":"diciembre 13, 2024","format":false,"excerpt":"La violencia que azota al estado mexicano de Sinaloa, en el noroeste del pa\u00eds, ha dejado al menos 66 homicidios en los primeros 12 d\u00edas de diciembre, de acuerdo con datos de la fiscal\u00eda estatal.El Gobierno de M\u00e9xico mantiene su afirmaci\u00f3n de que los enfrentamientos entre grupos armados repuntaron a\u2026","rel":"","context":"In &quot;Noticias Nacionales&quot;","block_context":{"text":"Noticias Nacionales","link":"https:\/\/noticiasya.com\/midland-odessa\/categoria\/noticias-nacionales"},"img":{"alt_text":"","src":"","width":0,"height":0},"classes":[]},{"id":1452674,"url":"https:\/\/noticiasya.com\/midland-odessa\/2024\/09\/14\/violencia-sinaloa-muertos-ultimas-24-horas-trax\/","url_meta":{"origin":1453139,"position":4},"title":"La violencia en Sinaloa deja al menos siete muertos en las \u00faltimas 24 horas, seg\u00fan fiscal\u00eda","author":"","date":"septiembre 14, 2024","format":false,"excerpt":"(CNN) --\u00a0 Al menos siete personas han muerto en las \u00faltimas 24 horas en Sinaloa, en el noroeste de M\u00e9xico, seg\u00fan inform\u00f3 el viernes la fiscal\u00eda del estado.Sinaloa, y en particular su capital, Culiac\u00e1n, y sus alrededores, enfrentan un aumento en la violencia desde el lunes 9 de septiembre debido\u2026","rel":"","context":"In &quot;Noticias Nacionales&quot;","block_context":{"text":"Noticias Nacionales","link":"https:\/\/noticiasya.com\/midland-odessa\/categoria\/noticias-nacionales"},"img":{"alt_text":"","src":"","width":0,"height":0},"classes":[]},{"id":1457872,"url":"https:\/\/noticiasya.com\/midland-odessa\/2025\/01\/25\/sheinbaum-solidaridad-violencia-sinaloa-protestas-orix\/","url_meta":{"origin":1453139,"position":5},"title":"Sheinbaum expresa solidaridad a familia de ni\u00f1os muertos por violencia en Sinaloa tras protestas frente a Congreso local","author":"","date":"enero 25, 2025","format":false,"excerpt":"La presidenta de M\u00e9xico, Claudia Sheinbaum, expres\u00f3 este viernes su \u201csolidaridad\u201d con los familiares de un hombre y sus dos hijos, quienes murieron en medio de un ataque ocurrido en Sinaloa, en el noroeste del pa\u00eds, y dijo que pedir\u00eda a la secretaria de Gobernaci\u00f3n, Rosa Icela Rodr\u00edguez, que se\u2026","rel":"","context":"In &quot;Noticias Nacionales&quot;","block_context":{"text":"Noticias Nacionales","link":"https:\/\/noticiasya.com\/midland-odessa\/categoria\/noticias-nacionales"},"img":{"alt_text":"","src":"","width":0,"height":0},"classes":[]}],"jetpack_sharing_enabled":true,"_links":{"self":[{"href":"https:\/\/noticiasya.com\/midland-odessa\/wp-json\/wp\/v2\/posts\/1453139","targetHints":{"allow":["GET"]}}],"collection":[{"href":"https:\/\/noticiasya.com\/midland-odessa\/wp-json\/wp\/v2\/posts"}],"about":[{"href":"https:\/\/noticiasya.com\/midland-odessa\/wp-json\/wp\/v2\/types\/post"}],"replies":[{"embeddable":true,"href":"https:\/\/noticiasya.com\/midland-odessa\/wp-json\/wp\/v2\/comments?post=1453139"}],"version-history":[{"count":0,"href":"https:\/\/noticiasya.com\/midland-odessa\/wp-json\/wp\/v2\/posts\/1453139\/revisions"}],"wp:attachment":[{"href":"https:\/\/noticiasya.com\/midland-odessa\/wp-json\/wp\/v2\/media?parent=1453139"}],"wp:term":[{"taxonomy":"category","embeddable":true,"href":"https:\/\/noticiasya.com\/midland-odessa\/wp-json\/wp\/v2\/categories?post=1453139"},{"taxonomy":"post_tag","embeddable":true,"href":"https:\/\/noticiasya.com\/midland-odessa\/wp-json\/wp\/v2\/tags?post=1453139"}],"curies":[{"name":"wp","href":"https:\/\/api.w.org\/{rel}","templated":true}]}}