{"id":1453151,"date":"2024-09-27T16:03:49","date_gmt":"2024-09-27T23:03:49","guid":{"rendered":"https:\/\/noticiasya.com\/2024\/09\/27\/como-esta-mexico-lopez-obrador-indicadores-balance-orix\/"},"modified":"2024-09-27T16:03:49","modified_gmt":"2024-09-27T23:03:49","slug":"como-esta-mexico-lopez-obrador-indicadores-balance-orix","status":"publish","type":"post","link":"https:\/\/noticiasya.com\/midland-odessa\/2024\/09\/27\/como-esta-mexico-lopez-obrador-indicadores-balance-orix\/","title":{"rendered":"AN\u00c1LISIS | \u00bfMejor\u00f3 M\u00e9xico con L\u00f3pez Obrador? Estos indicadores sugieren resultados mixtos"},"content":{"rendered":"<p>(CNN Espa\u00f1ol) &#8212; Est\u00e1 por concluir el Gobierno del presidente Andr\u00e9s Manuel L\u00f3pez Obrador en M\u00e9xico. Se trata de un pol\u00edtico que busc\u00f3 el cargo en tres ocasiones \u20142006, 2012 y 2018 (cuando finalmente gan\u00f3)\u2014 y una de las figuras p\u00fablicas m\u00e1s relevantes en la historia reciente del pa\u00eds.<\/p>\n<p>L\u00f3pez Obrador afirma que, para este 30 de septiembre, cuando finaliza su mandato, M\u00e9xico est\u00e1 mejor que cuando lleg\u00f3 al poder el 1 de diciembre de 2018. Las cifras muestran un balance de contraposiciones.<\/p>\n<p>El n\u00famero de personas en la pobreza ha disminuido durante este Gobierno, seg\u00fan el Consejo Nacional de Evaluaci\u00f3n de la Pol\u00edtica de Desarrollo Social (Coneval) \u2014algo que varios analistas atribuyen al incremento del salario m\u00ednimo y a las transferencias directas de dinero a trav\u00e9s de programas sociales\u2014. Mientras, en el acceso a la salud hay un retroceso y otros resultados son terreno de debate.<\/p>\n<p>L\u00f3pez Obrador prometi\u00f3 que dejar\u00eda en M\u00e9xico \u201cel mejor sistema de salud p\u00fablica del mundo\u201d; algunos dudan si cumplir\u00e1<\/p>\n<p>Seguridad<\/p>\n<p>Cuando asumi\u00f3 la presidencia, L\u00f3pez Obrador prometi\u00f3 \u201cpacificar\u201d M\u00e9xico, atendiendo lo que considera la ra\u00edz del crimen y la violencia: la falta de oportunidades para los j\u00f3venes. Pero, hasta agosto de este a\u00f1o, se han registrado 186.380 homicidios dolosos en el pa\u00eds, lo que representa 35,75% m\u00e1s que los registrados en todo el mandato de su antecesor, Enrique Pe\u00f1a Nieto, cuando fueron 137.289, de acuerdo con las cifras del Secretariado Ejecutivo del Sistema Nacional de Seguridad P\u00fablica (Sesnsp).<\/p>\n<p>A pesar de estas estad\u00edsticas, tanto AMLO como su equipo han reiterado que su estrategia ha dado resultados porque las cifras de homicidios dolosos no crecen al mismo ritmo que lo hicieron durante la administraci\u00f3n pasada y han disminuido a\u00f1o tras a\u00f1o.<\/p>\n<p>Los reportes del Sesnsp les dan la raz\u00f3n, puesto que desde 2019 \u2014el primer a\u00f1o completo del sexenio\u2014 se observa una tendencia anual a la baja, aunque los analistas consultados advierten que los niveles de violencia se mantienen altos.<\/p>\n<p>El investigador Armando Vargas, de la consultora Integralia, dijo a CNN que, si bien L\u00f3pez Obrador recibi\u00f3 un pa\u00eds con elevados \u00edndices de homicidio doloso, no puede argumentar que su gesti\u00f3n ha sido exitosa porque \u2014se\u00f1ala\u2014 no hay pruebas de que sus pol\u00edticas sean efectivas.<\/p>\n<p>Seguridad, salud y educaci\u00f3n: los retos del pr\u00f3ximo presidente de M\u00e9xico<\/p>\n<p>\u201cPodr\u00edamos catalogarlo como un \u00e9xito de la \u2018cuarta transformaci\u00f3n\u2019 si hubiera evidencia cient\u00edfica de que la reducci\u00f3n de los homicidios responde a la pol\u00edtica de seguridad, ya sea en su dimensi\u00f3n de prevenci\u00f3n social, los programas sociales, o en su dimensi\u00f3n m\u00e1s tradicional, policial. Sin embargo, no hay evidencia que lo permita sostener\u201d, expuso.<\/p>\n<p>En contraste, el analista pol\u00edtico Eduardo Huchim se\u00f1al\u00f3 que la pol\u00edtica de atacar las causas de la delincuencia organizada \u201ces correcta\u201d porque \u2014a su juicio\u2014 ha logrado contener el aumento de los homicidios dolosos, pero reconoci\u00f3 que \u201cs\u00ed necesita un largo periodo de aplicaci\u00f3n para que pueda tener resultados m\u00e1s notorios que los actuales\u201d.<\/p>\n<p>CNN pidi\u00f3 entrevista con la Secretar\u00eda de Seguridad y Protecci\u00f3n Ciudadana (SSPC) para que responda a los comentarios y a\u00fan espera respuesta.<\/p>\n<p>Econom\u00eda<\/p>\n<p>L\u00f3pez Obrador asegura que la econom\u00eda de M\u00e9xico mejor\u00f3 en comparaci\u00f3n con los gobiernos pasados. Para sustentar su afirmaci\u00f3n, suele mencionar el tipo de cambio peso-d\u00f3lar de EE.UU. \u201419,62 pesos por d\u00f3lar al 26 de septiembre seg\u00fan el Banco de M\u00e9xico\u2014 y el aumento del salario m\u00ednimo.<\/p>\n<p>As\u00ed han evolucionado la econom\u00eda y los salarios de M\u00e9xico con AMLO<\/p>\n<p>En 2018, antes de que comenzara esta administraci\u00f3n, el salario m\u00ednimo era de 88,36 pesos diarios, unos US$ 4,50. Desde entonces, el Gobierno de L\u00f3pez Obrador impuls\u00f3 incrementos anuales. En 2024 el salario m\u00ednimo se ubica en 312,41 pesos para la frontera norte, unos US$ 15,92, y en 207,44 pesos para el resto del pa\u00eds, unos US$ 10,57 al cambio actual.<\/p>\n<p>Algunos analistas consideran que el aumento del salario m\u00ednimo ha sido uno de los principales logros de este Gobierno.<\/p>\n<p>Salario m\u00ednimo en M\u00e9xico: \u00bfde cu\u00e1nto es el aumento para 2024 y cu\u00e1ndo entra en vigor?<\/p>\n<p>\u201cEs un avance muy importante para seguir construyendo el acceso a un ingreso digno en nuestro pa\u00eds\u201d, dijo Karolina Gilas, profesora de la Facultad de Ciencias Pol\u00edticas y Sociales de la Universidad Nacional Aut\u00f3noma de M\u00e9xico (UNAM).<\/p>\n<p>Sin embargo, los mismos especialistas se\u00f1alan tambi\u00e9n que esto no es suficiente porque \u2014advierten\u2014 la econom\u00eda sigue sin crecer al ritmo que necesita para que M\u00e9xico genere los empleos que se requieren y su poblaci\u00f3n tenga una mejor calidad de vida.<\/p>\n<p>L\u00f3pez Obrador prometi\u00f3 que el Producto Interno Bruto (PIB) crecer\u00eda al 6% al final de su sexenio, pero a\u00fan est\u00e1 lejos de eso. De acuerdo con el Banco Mundial, el PIB de M\u00e9xico creci\u00f3 2% en 2018, baj\u00f3 0,3% en 2019, cay\u00f3 8,7% en 2020 \u2014el a\u00f1o m\u00e1s duro de la pandemia de covid-19\u2014, repunt\u00f3 5,8% en 2021 y cerr\u00f3 en 3,9% en 2022. En febrero, el Instituto Nacional de Estad\u00edstica y Geograf\u00eda (Inegi) report\u00f3 que el PIB creci\u00f3 3,2% en 2023.<\/p>\n<p>En julio, el Inegi inform\u00f3 que el PIB de M\u00e9xico creci\u00f3 solo 1,5% en el primer semestre del a\u00f1o en comparaci\u00f3n con ese mismo periodo de 2023, mientras que en su estimaci\u00f3n de junio el Banco Mundial pronostic\u00f3 que M\u00e9xico crecer\u00e1 2,3% al cierre de 2024.<\/p>\n<p>Pobreza<\/p>\n<p>La pobreza a\u00fan es un tema pendiente en M\u00e9xico. (Cr\u00e9dito: OMAR TORRES\/AFP\/Getty Images)<\/p>\n<p>En 2018, el 41,9% de la poblaci\u00f3n de M\u00e9xico viv\u00eda en condiciones de pobreza. Esto equival\u00eda entonces a 51,9 millones de personas, de acuerdo con las cifras del Coneval, el organismo aut\u00f3nomo que mide este fen\u00f3meno y presenta un informe cada dos a\u00f1os.<\/p>\n<p>Para 2022 \u2014el dato m\u00e1s reciente\u2014, el porcentaje de la poblaci\u00f3n en condiciones de pobreza baj\u00f3 a 36,3%, un n\u00famero equivalente a 46,8 millones de personas.<\/p>\n<p>Los especialistas consultados atribuyen esta disminuci\u00f3n de la poblaci\u00f3n en condiciones de pobreza a factores como el aumento del salario m\u00ednimo o el apoyo derivado de los programas sociales, pero explican que, si bien muchas personas han visto una mejor\u00eda en sus ingresos, tambi\u00e9n han resultado afectadas por recortes al gasto p\u00fablico derivados de la pol\u00edtica de \u201causteridad republicana\u201d.<\/p>\n<p>El plan de Sheinbaum para sacar a 7,5 millones de personas de la pobreza extrema en M\u00e9xico y la advertencia de analistas<\/p>\n<p>\u201cA partir de los incrementos en el salario m\u00ednimo, los ingresos de las familias bajo esta administraci\u00f3n mejoraron y lo vemos en los n\u00fameros de la pobreza. M\u00e1s de 5 millones de personas salieron de la pobreza y tiene que ver con esta pol\u00edtica laboral del salario m\u00ednimo. Sin embargo, estas mismas familias ya no est\u00e1n gozando del acceso a servicios p\u00fablicos de relativamente buena calidad que ten\u00edan antes\u201d, dijo la periodista Isabella Cota, autora del libro \u201cSuerte o desastre. El azar como modelo econ\u00f3mico de L\u00f3pez Obrador\u201d.<\/p>\n<p>Salud<\/p>\n<p>(Foto: PEDRO PARDO\/AFP via Getty Images)<\/p>\n<p>Un ejemplo del declive en los servicios p\u00fablicos est\u00e1 en la salud. De acuerdo con el Coneval, si bien la cantidad de personas pobres se redujo de 2018 a 2022, el n\u00famero de quienes no tienen acceso a servicios de salud se dispar\u00f3.<\/p>\n<p>En 2018, la poblaci\u00f3n sin acceso a servicios de salud en general ascend\u00eda a 20,1 millones de personas. Para 2022, la cifra aument\u00f3 a 50,4 millones, es decir, se elev\u00f3 en 150,74%.<\/p>\n<p>L\u00f3pez Obrador prometi\u00f3 que dejar\u00eda en M\u00e9xico \u201cel mejor sistema de salud p\u00fablica del mundo\u201d; algunos dudan si cumplir\u00e1<\/p>\n<p>Para Gilas, datos como este demuestran fallas en la pol\u00edtica de salud de la administraci\u00f3n L\u00f3pez Obrador, que tom\u00f3 medidas como modificar los esquemas de compra de medicinas y eliminar el Seguro Popular, que atend\u00eda a quienes no tienen seguro social y que fue reemplazada, primero por el Instituto de Salud para el Bienestar y despu\u00e9s, por el IMSS-Bienestar.<\/p>\n<p>\u201cLos mecanismos de sustituci\u00f3n que se intentaron en un primer o segundo momento no han funcionado y siguen sin funcionar\u201d, dijo Gilas y agreg\u00f3 que el sistema de salud se vio golpeado por la pandemia de covid-19.<\/p>\n<p>Al respecto, una comisi\u00f3n independiente de expertos public\u00f3 el 30 de abril un informe en el que indic\u00f3 que, de las aproximadamente 800.000 muertes en exceso causadas por covid-19 en M\u00e9xico, unas 300.000 se debieron a la \u201cgesti\u00f3n deficiente\u201d del Gobierno.<\/p>\n<p>Comisi\u00f3n independiente atribuye 300.000 muertes a la &#171;gesti\u00f3n deficiente&#187; del Gobierno mexicano durante la pandemia de covid-19<\/p>\n<p>D\u00edas despu\u00e9s, L\u00f3pez Obrador descalific\u00f3 el documento.<\/p>\n<p>\u201cEse estudio, entre comillas, se hizo a modo, para perjudicarnos, para demostrar ineficiencia en el Gobierno en un caso tan triste, tan lamentable, como fue la p\u00e9rdida de vidas de miles de mexicanos\u201d, dijo el mandatario en su conferencia de prensa diaria.<\/p>\n<p>\u201cNosotros tenemos nuestra conciencia tranquila. Trabajamos mucho para salvar vidas. M\u00e9xico fue de los primeros pa\u00edses en el mundo en obtener la vacuna, pero no solo eso. En cinco meses vacunamos a todos los adultos mayores de M\u00e9xico con una primera dosis\u201d, insisti\u00f3.<\/p>\n<p>M\u00e9xico comenz\u00f3 la vacunaci\u00f3n contra el covid-19 en diciembre de 2020. El primer grupo fue el personal m\u00e9dico, seguido de los adultos mayores de 60 a\u00f1os, entre febrero y mayo de 2021. Seg\u00fan el informe de la Secretar\u00eda de Salud del primero de junio de ese a\u00f1o, para ese d\u00eda el 25% de la poblaci\u00f3n mayor de 18 a\u00f1os hab\u00eda recibido al menos una dosis.<\/p>\n<p>La misma comisi\u00f3n independiente de expertos dijo en su informe que la vacunaci\u00f3n fue uno de los aciertos del Gobierno frente al covid-19, aunque consider\u00f3 que entre sus principales errores estuvo haber subestimado el virus SARS-Cov-2 y no haber impulsado la aplicaci\u00f3n de pruebas de detecci\u00f3n. Para los especialistas, esto contribuy\u00f3 a la propagaci\u00f3n de la enfermedad y a un mayor n\u00famero de muertes.<\/p>\n<p>Corrupci\u00f3n<\/p>\n<p>A lo largo de su carrera pol\u00edtica como jefe de Gobierno de la capital mexicana, l\u00edder opositor y candidato presidencial, L\u00f3pez Obrador hizo del combate a la corrupci\u00f3n una de sus banderas.<\/p>\n<p>Esto se repiti\u00f3 cuando lleg\u00f3 a la jefatura del Estado. El primero de diciembre de 2018, en su primer discurso como mandatario, dedic\u00f3 al tema cuatro de sus 100 compromisos de Gobierno.<\/p>\n<p>Esto dijeron los candidatos a la presidencia de M\u00e9xico sobre la corrupci\u00f3n 3:54<\/p>\n<p>A casi seis a\u00f1os de ello, las cifras oficiales indican una mejora relativa en este rubro. En 2019, la Encuesta Nacional de Calidad e Impacto Gubernamental, elaborada por el Inegi, se\u00f1alaba que la tasa de la poblaci\u00f3n que hab\u00eda tenido contacto con alg\u00fan servidor p\u00fablico y experimentado al menos un acto de corrupci\u00f3n era de 15.732 por cada 100.000 habitantes. Para 2021, esa tasa baj\u00f3 a 14.701.<\/p>\n<p>Para 2023, el indicador nacional descendi\u00f3 a 13.966 personas afectadas y, por entidad federativa, las cinco con mayores tasas de v\u00edctimas de actos de corrupci\u00f3n en tr\u00e1mites fueron Chihuahua (21.891), Guerrero (18.279), Tabasco (17.938), Sinaloa (17.728) y Quintana Roo (16.954).<\/p>\n<p>Entre los analistas, el asunto genera divisi\u00f3n. Mientras unos consideran que los problemas de corrupci\u00f3n siguen siendo graves, otros resaltan que el presidente haya dado pasos positivos.<\/p>\n<p>\u201cEstamos todav\u00eda lejos de lograr un avance sustantivo en esta materia, y esto, que es a la vez uno de los avances, uno de los asuntos que hay que anotar en el haber del sexenio de L\u00f3pez Obrador, tambi\u00e9n hay que anotarlo entre los pendientes porque el avance es insuficiente y la corrupci\u00f3n no ha sido erradicada, pero s\u00ed contenida\u201d, dijo Huchim.<\/p>\n<p>Reformas<\/p>\n<p>Durante la mayor parte de la gesti\u00f3n de AMLO, el oficialista partido Morena y sus aliados no tuvieron los votos suficientes para aprobar reformas a la Constituci\u00f3n por s\u00ed solos, sino que tuvieron que negociar con la oposici\u00f3n.<\/p>\n<p>Eso cambi\u00f3 tras las elecciones de este a\u00f1o, en las que el bloque obtuvo mayor\u00eda calificada en la C\u00e1mara de Diputados y qued\u00f3 muy cerca de ese umbral en el Senado.<\/p>\n<p>La nueva integraci\u00f3n de ambas c\u00e1maras, que se instal\u00f3 el primero de septiembre, abri\u00f3 a L\u00f3pez Obrador un panorama favorable para sacar adelante reformas constitucionales en el \u00faltimo mes de su administraci\u00f3n. De hecho, dos de ellas \u2014ambas pol\u00e9micas\u2014 ya fueron aprobadas: la reforma al Poder Judicial y la de la Guardia Nacional.<\/p>\n<p>La primera establece que los ministros, magistrados y jueces deber\u00e1n ser elegidos por voto popular, una propuesta que L\u00f3pez Obrador impuls\u00f3 argumentando que la ciudadan\u00eda debe elegir a quienes la juzgan. No pocos analistas advierten que esto pone en riesgo la imparcialidad de quienes deben dirimir conflictos legales.<\/p>\n<p>En tanto, la reforma sobre la Guardia Nacional se\u00f1ala que este cuerpo, creado en 2019, deber\u00e1 pasar a la Secretar\u00eda de la Defensa. L\u00f3pez Obrador sostiene que esto es necesario para fortalecer la instituci\u00f3n, mientras que los detractores se\u00f1alan que la medida implica militarizar las tareas de seguridad p\u00fablica en lugar de capacitar m\u00e1s a las instituciones civiles.<\/p>\n<p>Con estos resultados, opiniones a favor y en contra, tras seis a\u00f1os de Gobierno y a punto de entregar la banda presidencial a Claudia Sheinbaum, su compa\u00f1era de partido, L\u00f3pez Obrador llega al final de su mandato.<\/p>\n<p>The-CNN-Wire<br \/>&trade; &amp; &copy; 2024 Cable News Network, Inc., a Warner Bros. Discovery Company. All rights reserved.<\/p>\n","protected":false},"excerpt":{"rendered":"<p>(CNN Espa\u00f1ol) &#8212; Est\u00e1 por concluir el Gobierno del presidente Andr\u00e9s Manuel L\u00f3pez Obrador en M\u00e9xico. Se trata de un pol\u00edtico que busc\u00f3 el cargo en tres ocasiones \u20142006, 2012 y 2018 (cuando finalmente gan\u00f3)\u2014 y una de las figuras p\u00fablicas m\u00e1s relevantes en la historia reciente del pa\u00eds. L\u00f3pez Obrador afirma que, para este [&hellip;]<\/p>\n","protected":false},"author":0,"featured_media":0,"comment_status":"open","ping_status":"open","sticky":false,"template":"","format":"standard","meta":{"_jetpack_memberships_contains_paid_content":false,"footnotes":""},"categories":[10],"tags":[],"class_list":["post-1453151","post","type-post","status-publish","format-standard","hentry","category-noticias-nacionales","market-global"],"yoast_head":"<!-- This site is optimized with the Yoast SEO plugin v24.4 - https:\/\/yoast.com\/wordpress\/plugins\/seo\/ -->\n<title>AN\u00c1LISIS | \u00bfMejor\u00f3 M\u00e9xico con L\u00f3pez Obrador? Estos indicadores sugieren resultados mixtos - Noticias<\/title>\n<meta name=\"robots\" content=\"index, follow, max-snippet:-1, max-image-preview:large, max-video-preview:-1\" \/>\n<link rel=\"canonical\" href=\"https:\/\/noticiasya.com\/2024\/09\/27\/como-esta-mexico-lopez-obrador-indicadores-balance-orix\/\" \/>\n<meta property=\"og:locale\" content=\"es_ES\" \/>\n<meta property=\"og:type\" content=\"article\" \/>\n<meta property=\"og:title\" content=\"AN\u00c1LISIS | \u00bfMejor\u00f3 M\u00e9xico con L\u00f3pez Obrador? Estos indicadores sugieren resultados mixtos - Noticias\" \/>\n<meta property=\"og:description\" content=\"(CNN Espa\u00f1ol) &#8212; Est\u00e1 por concluir el Gobierno del presidente Andr\u00e9s Manuel L\u00f3pez Obrador en M\u00e9xico. Se trata de un pol\u00edtico que busc\u00f3 el cargo en tres ocasiones \u20142006, 2012 y 2018 (cuando finalmente gan\u00f3)\u2014 y una de las figuras p\u00fablicas m\u00e1s relevantes en la historia reciente del pa\u00eds. L\u00f3pez Obrador afirma que, para este [&hellip;]\" \/>\n<meta property=\"og:url\" content=\"https:\/\/noticiasya.com\/2024\/09\/27\/como-esta-mexico-lopez-obrador-indicadores-balance-orix\/\" \/>\n<meta property=\"og:site_name\" content=\"Noticias\" \/>\n<meta property=\"article:published_time\" content=\"2024-09-27T23:03:49+00:00\" \/>\n<meta name=\"twitter:card\" content=\"summary_large_image\" \/>\n<meta name=\"twitter:label1\" content=\"Est. reading time\" \/>\n\t<meta name=\"twitter:data1\" content=\"12 minutos\" \/>\n<script type=\"application\/ld+json\" class=\"yoast-schema-graph\">{\"@context\":\"https:\/\/schema.org\",\"@graph\":[{\"@type\":\"Article\",\"@id\":\"https:\/\/noticiasya.com\/2024\/09\/27\/como-esta-mexico-lopez-obrador-indicadores-balance-orix\/#article\",\"isPartOf\":{\"@id\":\"https:\/\/noticiasya.com\/2024\/09\/27\/como-esta-mexico-lopez-obrador-indicadores-balance-orix\/\"},\"author\":{\"name\":\"\",\"@id\":\"\"},\"headline\":\"AN\u00c1LISIS | \u00bfMejor\u00f3 M\u00e9xico con L\u00f3pez Obrador? Estos indicadores sugieren resultados mixtos\",\"datePublished\":\"2024-09-27T23:03:49+00:00\",\"mainEntityOfPage\":{\"@id\":\"https:\/\/noticiasya.com\/2024\/09\/27\/como-esta-mexico-lopez-obrador-indicadores-balance-orix\/\"},\"wordCount\":2325,\"commentCount\":0,\"publisher\":{\"@id\":\"https:\/\/noticiasya.com\/#organization\"},\"articleSection\":[\"Noticias Nacionales\"],\"inLanguage\":\"es\",\"potentialAction\":[{\"@type\":\"CommentAction\",\"name\":\"Comment\",\"target\":[\"https:\/\/noticiasya.com\/2024\/09\/27\/como-esta-mexico-lopez-obrador-indicadores-balance-orix\/#respond\"]}]},{\"@type\":\"WebPage\",\"@id\":\"https:\/\/noticiasya.com\/2024\/09\/27\/como-esta-mexico-lopez-obrador-indicadores-balance-orix\/\",\"url\":\"https:\/\/noticiasya.com\/2024\/09\/27\/como-esta-mexico-lopez-obrador-indicadores-balance-orix\/\",\"name\":\"AN\u00c1LISIS | \u00bfMejor\u00f3 M\u00e9xico con L\u00f3pez Obrador? Estos indicadores sugieren resultados mixtos - Noticias\",\"isPartOf\":{\"@id\":\"https:\/\/noticiasya.com\/#website\"},\"datePublished\":\"2024-09-27T23:03:49+00:00\",\"breadcrumb\":{\"@id\":\"https:\/\/noticiasya.com\/2024\/09\/27\/como-esta-mexico-lopez-obrador-indicadores-balance-orix\/#breadcrumb\"},\"inLanguage\":\"es\",\"potentialAction\":[{\"@type\":\"ReadAction\",\"target\":[\"https:\/\/noticiasya.com\/2024\/09\/27\/como-esta-mexico-lopez-obrador-indicadores-balance-orix\/\"]}]},{\"@type\":\"BreadcrumbList\",\"@id\":\"https:\/\/noticiasya.com\/2024\/09\/27\/como-esta-mexico-lopez-obrador-indicadores-balance-orix\/#breadcrumb\",\"itemListElement\":[{\"@type\":\"ListItem\",\"position\":1,\"name\":\"Home\",\"item\":\"https:\/\/noticiasya.com\/\"},{\"@type\":\"ListItem\",\"position\":2,\"name\":\"AN\u00c1LISIS | \u00bfMejor\u00f3 M\u00e9xico con L\u00f3pez Obrador? Estos indicadores sugieren resultados mixtos\"}]},{\"@type\":\"WebSite\",\"@id\":\"https:\/\/noticiasya.com\/#website\",\"url\":\"https:\/\/noticiasya.com\/\",\"name\":\"Noticias\",\"description\":\"Lo que importa\",\"publisher\":{\"@id\":\"https:\/\/noticiasya.com\/#organization\"},\"potentialAction\":[{\"@type\":\"SearchAction\",\"target\":{\"@type\":\"EntryPoint\",\"urlTemplate\":\"https:\/\/noticiasya.com\/?s={search_term_string}\"},\"query-input\":{\"@type\":\"PropertyValueSpecification\",\"valueRequired\":true,\"valueName\":\"search_term_string\"}}],\"inLanguage\":\"es\"},{\"@type\":\"Organization\",\"@id\":\"https:\/\/noticiasya.com\/#organization\",\"name\":\"Noticias\",\"url\":\"https:\/\/noticiasya.com\/\",\"logo\":{\"@type\":\"ImageObject\",\"inLanguage\":\"es\",\"@id\":\"https:\/\/noticiasya.com\/#\/schema\/logo\/image\/\",\"url\":\"https:\/\/noticiasya.com\/wp-content\/uploads\/sites\/22\/2023\/12\/logo-nacional.png\",\"contentUrl\":\"https:\/\/noticiasya.com\/wp-content\/uploads\/sites\/22\/2023\/12\/logo-nacional.png\",\"width\":1801,\"height\":691,\"caption\":\"Noticias\"},\"image\":{\"@id\":\"https:\/\/noticiasya.com\/#\/schema\/logo\/image\/\"}}]}<\/script>\n<!-- \/ Yoast SEO plugin. -->","yoast_head_json":{"title":"AN\u00c1LISIS | \u00bfMejor\u00f3 M\u00e9xico con L\u00f3pez Obrador? Estos indicadores sugieren resultados mixtos - Noticias","robots":{"index":"index","follow":"follow","max-snippet":"max-snippet:-1","max-image-preview":"max-image-preview:large","max-video-preview":"max-video-preview:-1"},"canonical":"https:\/\/noticiasya.com\/2024\/09\/27\/como-esta-mexico-lopez-obrador-indicadores-balance-orix\/","og_locale":"es_ES","og_type":"article","og_title":"AN\u00c1LISIS | \u00bfMejor\u00f3 M\u00e9xico con L\u00f3pez Obrador? Estos indicadores sugieren resultados mixtos - Noticias","og_description":"(CNN Espa\u00f1ol) &#8212; Est\u00e1 por concluir el Gobierno del presidente Andr\u00e9s Manuel L\u00f3pez Obrador en M\u00e9xico. Se trata de un pol\u00edtico que busc\u00f3 el cargo en tres ocasiones \u20142006, 2012 y 2018 (cuando finalmente gan\u00f3)\u2014 y una de las figuras p\u00fablicas m\u00e1s relevantes en la historia reciente del pa\u00eds. L\u00f3pez Obrador afirma que, para este [&hellip;]","og_url":"https:\/\/noticiasya.com\/2024\/09\/27\/como-esta-mexico-lopez-obrador-indicadores-balance-orix\/","og_site_name":"Noticias","article_published_time":"2024-09-27T23:03:49+00:00","twitter_card":"summary_large_image","twitter_misc":{"Est. reading time":"12 minutos"},"schema":{"@context":"https:\/\/schema.org","@graph":[{"@type":"Article","@id":"https:\/\/noticiasya.com\/2024\/09\/27\/como-esta-mexico-lopez-obrador-indicadores-balance-orix\/#article","isPartOf":{"@id":"https:\/\/noticiasya.com\/2024\/09\/27\/como-esta-mexico-lopez-obrador-indicadores-balance-orix\/"},"author":{"name":"","@id":""},"headline":"AN\u00c1LISIS | \u00bfMejor\u00f3 M\u00e9xico con L\u00f3pez Obrador? Estos indicadores sugieren resultados mixtos","datePublished":"2024-09-27T23:03:49+00:00","mainEntityOfPage":{"@id":"https:\/\/noticiasya.com\/2024\/09\/27\/como-esta-mexico-lopez-obrador-indicadores-balance-orix\/"},"wordCount":2325,"commentCount":0,"publisher":{"@id":"https:\/\/noticiasya.com\/#organization"},"articleSection":["Noticias Nacionales"],"inLanguage":"es","potentialAction":[{"@type":"CommentAction","name":"Comment","target":["https:\/\/noticiasya.com\/2024\/09\/27\/como-esta-mexico-lopez-obrador-indicadores-balance-orix\/#respond"]}]},{"@type":"WebPage","@id":"https:\/\/noticiasya.com\/2024\/09\/27\/como-esta-mexico-lopez-obrador-indicadores-balance-orix\/","url":"https:\/\/noticiasya.com\/2024\/09\/27\/como-esta-mexico-lopez-obrador-indicadores-balance-orix\/","name":"AN\u00c1LISIS | \u00bfMejor\u00f3 M\u00e9xico con L\u00f3pez Obrador? Estos indicadores sugieren resultados mixtos - Noticias","isPartOf":{"@id":"https:\/\/noticiasya.com\/#website"},"datePublished":"2024-09-27T23:03:49+00:00","breadcrumb":{"@id":"https:\/\/noticiasya.com\/2024\/09\/27\/como-esta-mexico-lopez-obrador-indicadores-balance-orix\/#breadcrumb"},"inLanguage":"es","potentialAction":[{"@type":"ReadAction","target":["https:\/\/noticiasya.com\/2024\/09\/27\/como-esta-mexico-lopez-obrador-indicadores-balance-orix\/"]}]},{"@type":"BreadcrumbList","@id":"https:\/\/noticiasya.com\/2024\/09\/27\/como-esta-mexico-lopez-obrador-indicadores-balance-orix\/#breadcrumb","itemListElement":[{"@type":"ListItem","position":1,"name":"Home","item":"https:\/\/noticiasya.com\/"},{"@type":"ListItem","position":2,"name":"AN\u00c1LISIS | \u00bfMejor\u00f3 M\u00e9xico con L\u00f3pez Obrador? Estos indicadores sugieren resultados mixtos"}]},{"@type":"WebSite","@id":"https:\/\/noticiasya.com\/#website","url":"https:\/\/noticiasya.com\/","name":"Noticias","description":"Lo que importa","publisher":{"@id":"https:\/\/noticiasya.com\/#organization"},"potentialAction":[{"@type":"SearchAction","target":{"@type":"EntryPoint","urlTemplate":"https:\/\/noticiasya.com\/?s={search_term_string}"},"query-input":{"@type":"PropertyValueSpecification","valueRequired":true,"valueName":"search_term_string"}}],"inLanguage":"es"},{"@type":"Organization","@id":"https:\/\/noticiasya.com\/#organization","name":"Noticias","url":"https:\/\/noticiasya.com\/","logo":{"@type":"ImageObject","inLanguage":"es","@id":"https:\/\/noticiasya.com\/#\/schema\/logo\/image\/","url":"https:\/\/noticiasya.com\/wp-content\/uploads\/sites\/22\/2023\/12\/logo-nacional.png","contentUrl":"https:\/\/noticiasya.com\/wp-content\/uploads\/sites\/22\/2023\/12\/logo-nacional.png","width":1801,"height":691,"caption":"Noticias"},"image":{"@id":"https:\/\/noticiasya.com\/#\/schema\/logo\/image\/"}}]}},"parsely":{"version":"1.1.0","canonical_url":"https:\/\/noticiasya.com\/midland-odessa\/2024\/09\/27\/como-esta-mexico-lopez-obrador-indicadores-balance-orix\/","smart_links":{"inbound":0,"outbound":0},"traffic_boost_suggestions_count":0,"meta":{"@context":"https:\/\/schema.org","@type":"NewsArticle","headline":"AN\u00c1LISIS | \u00bfMejor\u00f3 M\u00e9xico con L\u00f3pez Obrador? Estos indicadores sugieren resultados mixtos","url":"http:\/\/noticiasya.com\/midland-odessa\/2024\/09\/27\/como-esta-mexico-lopez-obrador-indicadores-balance-orix\/","mainEntityOfPage":{"@type":"WebPage","@id":"http:\/\/noticiasya.com\/midland-odessa\/2024\/09\/27\/como-esta-mexico-lopez-obrador-indicadores-balance-orix\/"},"thumbnailUrl":"","image":{"@type":"ImageObject","url":""},"articleSection":"Noticias Nacionales","author":[],"creator":[],"publisher":{"@type":"Organization","name":"Noticias","logo":""},"keywords":[],"dateCreated":"2024-09-27T23:03:49Z","datePublished":"2024-09-27T23:03:49Z","dateModified":"2024-09-27T23:03:49Z"},"rendered":"<script type=\"application\/ld+json\" class=\"wp-parsely-metadata\">{\"@context\":\"https:\\\/\\\/schema.org\",\"@type\":\"NewsArticle\",\"headline\":\"AN\\u00c1LISIS | \\u00bfMejor\\u00f3 M\\u00e9xico con L\\u00f3pez Obrador? Estos indicadores sugieren resultados mixtos\",\"url\":\"http:\\\/\\\/noticiasya.com\\\/midland-odessa\\\/2024\\\/09\\\/27\\\/como-esta-mexico-lopez-obrador-indicadores-balance-orix\\\/\",\"mainEntityOfPage\":{\"@type\":\"WebPage\",\"@id\":\"http:\\\/\\\/noticiasya.com\\\/midland-odessa\\\/2024\\\/09\\\/27\\\/como-esta-mexico-lopez-obrador-indicadores-balance-orix\\\/\"},\"thumbnailUrl\":\"\",\"image\":{\"@type\":\"ImageObject\",\"url\":\"\"},\"articleSection\":\"Noticias Nacionales\",\"author\":[],\"creator\":[],\"publisher\":{\"@type\":\"Organization\",\"name\":\"Noticias\",\"logo\":\"\"},\"keywords\":[],\"dateCreated\":\"2024-09-27T23:03:49Z\",\"datePublished\":\"2024-09-27T23:03:49Z\",\"dateModified\":\"2024-09-27T23:03:49Z\"}<\/script>","tracker_url":"https:\/\/cdn.parsely.com\/keys\/noticiasya.com\/p.js"},"jetpack_featured_media_url":"","jetpack-related-posts":[{"id":1445931,"url":"https:\/\/noticiasya.com\/midland-odessa\/2024\/02\/22\/lopez-obrador-descalifica-investigacion-del-new-york-times-sobre-supuesta-financiacion-narcotrafico-antes-y-despues-eleccion-orix\/","url_meta":{"origin":1453151,"position":0},"title":"L\u00f3pez Obrador descalifica investigaci\u00f3n del New York Times sobre supuesta financiaci\u00f3n del narcotr\u00e1fico antes y despu\u00e9s de su elecci\u00f3n en 2018","author":"","date":"febrero 22, 2024","format":false,"excerpt":"(CNN Espa\u00f1ol) -- El presidente de M\u00e9xico, Andr\u00e9s Manuel L\u00f3pez Obrador, se anticip\u00f3 este jueves a un art\u00edculo de The New York Times sobre una supuesta investigaci\u00f3n del gobierno estadounidense a un presunto financiamiento ilegal de su campa\u00f1a presidencial del 2018 y pagos posteriores a su elecci\u00f3n, y calific\u00f3 el\u2026","rel":"","context":"In &quot;Noticias Nacionales&quot;","block_context":{"text":"Noticias Nacionales","link":"https:\/\/noticiasya.com\/midland-odessa\/categoria\/noticias-nacionales"},"img":{"alt_text":"","src":"","width":0,"height":0},"classes":[]},{"id":1445959,"url":"https:\/\/noticiasya.com\/midland-odessa\/2024\/02\/23\/amlo-periodista-new-york-times-autoridad-ley-orix\/","url_meta":{"origin":1453151,"position":1},"title":"L\u00f3pez Obrador defiende haber revelado datos de una periodista del New York Times y afirma que su autoridad est\u00e1 por encima de la ley de privacidad","author":"","date":"febrero 23, 2024","format":false,"excerpt":"(CNN Espa\u00f1ol) \u2013\u2013 El presidente de M\u00e9xico, Andr\u00e9s Manuel L\u00f3pez Obrador, defendi\u00f3 este viernes la revelaci\u00f3n de los datos personales de una corresponsal del diario The New York Times, y justific\u00f3 el acto diciendo que su autoridad moral y pol\u00edtica como mandatario est\u00e1 por encima de la protecci\u00f3n de datos\u2026","rel":"","context":"In &quot;Noticias Nacionales&quot;","block_context":{"text":"Noticias Nacionales","link":"https:\/\/noticiasya.com\/midland-odessa\/categoria\/noticias-nacionales"},"img":{"alt_text":"","src":"","width":0,"height":0},"classes":[]},{"id":1472229,"url":"https:\/\/noticiasya.com\/midland-odessa\/2026\/03\/15\/sheinbaum-respalda-lopez-obrador-apoyar-cuba-efe\/","url_meta":{"origin":1453151,"position":2},"title":"Sheinbaum respalda el llamado del expresidente L\u00f3pez Obrador para apoyar al pueblo de Cuba","author":"","date":"marzo 15, 2026","format":false,"excerpt":"La presidenta de M\u00e9xico, Claudia Sheinbaum, respald\u00f3 este domingo el llamado que hizo el s\u00e1bado por la noche el expresidente Andr\u00e9s Manuel L\u00f3pez Obrador para apoyar al pueblo de Cuba frente al bloqueo econ\u00f3mico y de combustible impuesto por Estados Unidos.\u201cEl d\u00eda de ayer el presidente L\u00f3pez Obrador, que est\u00e1\u2026","rel":"","context":"In &quot;Noticias Nacionales&quot;","block_context":{"text":"Noticias Nacionales","link":"https:\/\/noticiasya.com\/midland-odessa\/categoria\/noticias-nacionales"},"img":{"alt_text":"","src":"","width":0,"height":0},"classes":[]},{"id":1447504,"url":"https:\/\/noticiasya.com\/midland-odessa\/2024\/03\/28\/amlo-lopez-obrador-argentinos-orix\/","url_meta":{"origin":1453151,"position":3},"title":"AMLO &#171;abraza&#187; a Petro y ataca a Milei: &#171;No comprendo c\u00f3mo los argentinos votaron por alguien que desprecia al pueblo&#187;","author":"","date":"marzo 28, 2024","format":false,"excerpt":"(CNN Espa\u00f1ol) \u2013\u2013 La respuesta del presidente de M\u00e9xico, Andres Manuel L\u00f3pez Obrador, al mandatario argentino, Javier Milei, luego de que este lo llamara \"ignorante\" en una entrevista con CNN en Espa\u00f1ol no tard\u00f3 en llegar.A falta de su conferencia de prensa matutina habitual, L\u00f3pez Obrador recurri\u00f3 a publicar en\u2026","rel":"","context":"In &quot;Noticias Nacionales&quot;","block_context":{"text":"Noticias Nacionales","link":"https:\/\/noticiasya.com\/midland-odessa\/categoria\/noticias-nacionales"},"img":{"alt_text":"","src":"","width":0,"height":0},"classes":[]},{"id":1447643,"url":"https:\/\/noticiasya.com\/midland-odessa\/2024\/04\/02\/controversias-periodismo-amlo-arremete-presentador-cnn-entrevisto-milei-orix\/","url_meta":{"origin":1453151,"position":4},"title":"En medio de sus controversias con el periodismo, AMLO arremete contra presentador de CNN que entrevist\u00f3 a Milei","author":"","date":"abril 2, 2024","format":false,"excerpt":"(CNN Espa\u00f1ol) \u2013\u2013 Despu\u00e9s de las m\u00faltiples controversias y choques que tuvo con periodistas y medios, este lunes el presidente de M\u00e9xico, Andr\u00e9s Manuel L\u00f3pez Obrador, arremeti\u00f3 contra Andr\u00e9s Oppenheimer, presentador de CNN, por la pol\u00e9mica que se abri\u00f3 tras las cr\u00edticas que le dedic\u00f3 su par de Argentina, Javier\u2026","rel":"","context":"In &quot;Noticias Nacionales&quot;","block_context":{"text":"Noticias Nacionales","link":"https:\/\/noticiasya.com\/midland-odessa\/categoria\/noticias-nacionales"},"img":{"alt_text":"","src":"","width":0,"height":0},"classes":[]},{"id":1453248,"url":"https:\/\/noticiasya.com\/midland-odessa\/2024\/10\/01\/quien-es-octavio-romero-oropeza-titular-del-infonavit-orix\/","url_meta":{"origin":1453151,"position":5},"title":"Qui\u00e9n es Octavio Romero Oropeza, titular del INFONAVIT","author":"","date":"octubre 1, 2024","format":false,"excerpt":"(CNN Espa\u00f1ol) -- Octavio Romero Oropeza asumir\u00e1 el cargo de director general del Instituto del Fondo Nacional de la Vivienda para los Trabajadores (INFONAVIT). Este ingeniero agr\u00f3nomo, egresado del Colegio Superior de Agricultura Tropical de Tabasco, continuar\u00e1 en el servicio p\u00fablico, aunque ya no en su rol de director de\u2026","rel":"","context":"In &quot;Noticias Nacionales&quot;","block_context":{"text":"Noticias Nacionales","link":"https:\/\/noticiasya.com\/midland-odessa\/categoria\/noticias-nacionales"},"img":{"alt_text":"","src":"","width":0,"height":0},"classes":[]}],"jetpack_sharing_enabled":true,"_links":{"self":[{"href":"https:\/\/noticiasya.com\/midland-odessa\/wp-json\/wp\/v2\/posts\/1453151","targetHints":{"allow":["GET"]}}],"collection":[{"href":"https:\/\/noticiasya.com\/midland-odessa\/wp-json\/wp\/v2\/posts"}],"about":[{"href":"https:\/\/noticiasya.com\/midland-odessa\/wp-json\/wp\/v2\/types\/post"}],"replies":[{"embeddable":true,"href":"https:\/\/noticiasya.com\/midland-odessa\/wp-json\/wp\/v2\/comments?post=1453151"}],"version-history":[{"count":0,"href":"https:\/\/noticiasya.com\/midland-odessa\/wp-json\/wp\/v2\/posts\/1453151\/revisions"}],"wp:attachment":[{"href":"https:\/\/noticiasya.com\/midland-odessa\/wp-json\/wp\/v2\/media?parent=1453151"}],"wp:term":[{"taxonomy":"category","embeddable":true,"href":"https:\/\/noticiasya.com\/midland-odessa\/wp-json\/wp\/v2\/categories?post=1453151"},{"taxonomy":"post_tag","embeddable":true,"href":"https:\/\/noticiasya.com\/midland-odessa\/wp-json\/wp\/v2\/tags?post=1453151"}],"curies":[{"name":"wp","href":"https:\/\/api.w.org\/{rel}","templated":true}]}}