{"id":1453160,"date":"2024-09-27T19:03:58","date_gmt":"2024-09-28T02:03:58","guid":{"rendered":"https:\/\/noticiasya.com\/2024\/09\/27\/kamala-harris-frontera-mexico-cerrada-inmigracion-ilegal-orix\/"},"modified":"2024-09-27T19:03:58","modified_gmt":"2024-09-28T02:03:58","slug":"kamala-harris-frontera-mexico-cerrada-inmigracion-ilegal-orix","status":"publish","type":"post","link":"https:\/\/noticiasya.com\/midland-odessa\/2024\/09\/27\/kamala-harris-frontera-mexico-cerrada-inmigracion-ilegal-orix\/","title":{"rendered":"Kamala Harris dice que, bajo su Gobierno, la frontera con M\u00e9xico estar\u00eda cerrada a la inmigraci\u00f3n ilegal y que aplicar\u00edan sanciones a los infractores"},"content":{"rendered":"<p>(CNN Espa\u00f1ol) &#8212;\u00a0La vicepresidenta de Estados Unidos y candidata presidencial dem\u00f3crata, Kamala Harris, reiter\u00f3 este viernes algunos de los puntos con los que dijo que buscar\u00e1 reforzar la seguridad fronteriza si gana las elecciones de noviembre, mientras se busca arreglar el estropeado sistema inmigratorio del pa\u00eds.<\/p>\n<p>\u201cTomar\u00e9 m\u00e1s medidas para mantener cerrada la frontera entre puertos de entrada\u201d, dijo.<\/p>\n<p>Durante un evento de campa\u00f1a en Douglas, Arizona, Harris habl\u00f3 a sus partidarios tras reunirse con funcionarios de la Oficina de Aduanas y Protecci\u00f3n Fronteriza (CBP, por sus siglas en ingl\u00e9s), as\u00ed como con agentes de la Patrulla Fronteriza.<\/p>\n<p>El cambio de Harris hacia el centro sobre el muro fronterizo y el asilo contradice sus a\u00f1os de posiciones progresistas sobre inmigraci\u00f3n<\/p>\n<p>Durante su discurso, Harris dijo que, de triunfar en los comicios, su gobierno prohibir\u00eda el ingreso al pa\u00eds por cinco a\u00f1os a quienes sean detenidos tratando de ingresar de forma irregular y que quienes no soliciten asilo en los puertos de entrada ya no podr\u00e1n hacerlo, entre otras medidas.<\/p>\n<p>\u201cSi bien entendemos que muchas personas est\u00e1n desesperadas por migrar a Estados Unidos, nuestro sistema debe ser ordenado y seguro, y ese es mi objetivo\u201d, dijo.<\/p>\n<p>Fue un cambio notable que reflej\u00f3 c\u00f3mo la campa\u00f1a de Harris est\u00e1 tratando de cerrar la brecha con el expresidente Donald Trump en el tema de la inmigraci\u00f3n adoptando una posici\u00f3n m\u00e1s dura en materia de seguridad fronteriza.<\/p>\n<p>Con informaci\u00f3n de Priscilla \u00c1lvarez<\/p>\n<p>The-CNN-Wire<br \/>&trade; &amp; &copy; 2024 Cable News Network, Inc., a Warner Bros. Discovery Company. All rights reserved.<\/p>\n","protected":false},"excerpt":{"rendered":"<p>(CNN Espa\u00f1ol) &#8212;\u00a0La vicepresidenta de Estados Unidos y candidata presidencial dem\u00f3crata, Kamala Harris, reiter\u00f3 este viernes algunos de los puntos con los que dijo que buscar\u00e1 reforzar la seguridad fronteriza si gana las elecciones de noviembre, mientras se busca arreglar el estropeado sistema inmigratorio del pa\u00eds. \u201cTomar\u00e9 m\u00e1s medidas para mantener cerrada la frontera entre [&hellip;]<\/p>\n","protected":false},"author":0,"featured_media":0,"comment_status":"open","ping_status":"open","sticky":false,"template":"","format":"standard","meta":{"_jetpack_memberships_contains_paid_content":false,"footnotes":""},"categories":[10],"tags":[],"class_list":["post-1453160","post","type-post","status-publish","format-standard","hentry","category-noticias-nacionales","market-global"],"yoast_head":"<!-- This site is optimized with the Yoast SEO plugin v24.4 - https:\/\/yoast.com\/wordpress\/plugins\/seo\/ -->\n<title>Kamala Harris dice que, bajo su Gobierno, la frontera con M\u00e9xico estar\u00eda cerrada a la inmigraci\u00f3n ilegal y que aplicar\u00edan sanciones a los infractores - Noticias<\/title>\n<meta name=\"robots\" content=\"index, follow, max-snippet:-1, max-image-preview:large, max-video-preview:-1\" \/>\n<link rel=\"canonical\" href=\"https:\/\/noticiasya.com\/2024\/09\/27\/kamala-harris-frontera-mexico-cerrada-inmigracion-ilegal-orix\/\" \/>\n<meta property=\"og:locale\" content=\"es_ES\" \/>\n<meta property=\"og:type\" content=\"article\" \/>\n<meta property=\"og:title\" content=\"Kamala Harris dice que, bajo su Gobierno, la frontera con M\u00e9xico estar\u00eda cerrada a la inmigraci\u00f3n ilegal y que aplicar\u00edan sanciones a los infractores - Noticias\" \/>\n<meta property=\"og:description\" content=\"(CNN Espa\u00f1ol) &#8212;\u00a0La vicepresidenta de Estados Unidos y candidata presidencial dem\u00f3crata, Kamala Harris, reiter\u00f3 este viernes algunos de los puntos con los que dijo que buscar\u00e1 reforzar la seguridad fronteriza si gana las elecciones de noviembre, mientras se busca arreglar el estropeado sistema inmigratorio del pa\u00eds. \u201cTomar\u00e9 m\u00e1s medidas para mantener cerrada la frontera entre [&hellip;]\" \/>\n<meta property=\"og:url\" content=\"https:\/\/noticiasya.com\/2024\/09\/27\/kamala-harris-frontera-mexico-cerrada-inmigracion-ilegal-orix\/\" \/>\n<meta property=\"og:site_name\" content=\"Noticias\" \/>\n<meta property=\"article:published_time\" content=\"2024-09-28T02:03:58+00:00\" \/>\n<meta name=\"twitter:card\" content=\"summary_large_image\" \/>\n<meta name=\"twitter:label1\" content=\"Est. reading time\" \/>\n\t<meta name=\"twitter:data1\" content=\"1 minuto\" \/>\n<script type=\"application\/ld+json\" class=\"yoast-schema-graph\">{\"@context\":\"https:\/\/schema.org\",\"@graph\":[{\"@type\":\"Article\",\"@id\":\"https:\/\/noticiasya.com\/2024\/09\/27\/kamala-harris-frontera-mexico-cerrada-inmigracion-ilegal-orix\/#article\",\"isPartOf\":{\"@id\":\"https:\/\/noticiasya.com\/2024\/09\/27\/kamala-harris-frontera-mexico-cerrada-inmigracion-ilegal-orix\/\"},\"author\":{\"name\":\"\",\"@id\":\"\"},\"headline\":\"Kamala Harris dice que, bajo su Gobierno, la frontera con M\u00e9xico estar\u00eda cerrada a la inmigraci\u00f3n ilegal y que aplicar\u00edan sanciones a los infractores\",\"datePublished\":\"2024-09-28T02:03:58+00:00\",\"mainEntityOfPage\":{\"@id\":\"https:\/\/noticiasya.com\/2024\/09\/27\/kamala-harris-frontera-mexico-cerrada-inmigracion-ilegal-orix\/\"},\"wordCount\":303,\"commentCount\":0,\"publisher\":{\"@id\":\"https:\/\/noticiasya.com\/#organization\"},\"articleSection\":[\"Noticias Nacionales\"],\"inLanguage\":\"es\",\"potentialAction\":[{\"@type\":\"CommentAction\",\"name\":\"Comment\",\"target\":[\"https:\/\/noticiasya.com\/2024\/09\/27\/kamala-harris-frontera-mexico-cerrada-inmigracion-ilegal-orix\/#respond\"]}]},{\"@type\":\"WebPage\",\"@id\":\"https:\/\/noticiasya.com\/2024\/09\/27\/kamala-harris-frontera-mexico-cerrada-inmigracion-ilegal-orix\/\",\"url\":\"https:\/\/noticiasya.com\/2024\/09\/27\/kamala-harris-frontera-mexico-cerrada-inmigracion-ilegal-orix\/\",\"name\":\"Kamala Harris dice que, bajo su Gobierno, la frontera con M\u00e9xico estar\u00eda cerrada a la inmigraci\u00f3n ilegal y que aplicar\u00edan sanciones a los infractores - Noticias\",\"isPartOf\":{\"@id\":\"https:\/\/noticiasya.com\/#website\"},\"datePublished\":\"2024-09-28T02:03:58+00:00\",\"breadcrumb\":{\"@id\":\"https:\/\/noticiasya.com\/2024\/09\/27\/kamala-harris-frontera-mexico-cerrada-inmigracion-ilegal-orix\/#breadcrumb\"},\"inLanguage\":\"es\",\"potentialAction\":[{\"@type\":\"ReadAction\",\"target\":[\"https:\/\/noticiasya.com\/2024\/09\/27\/kamala-harris-frontera-mexico-cerrada-inmigracion-ilegal-orix\/\"]}]},{\"@type\":\"BreadcrumbList\",\"@id\":\"https:\/\/noticiasya.com\/2024\/09\/27\/kamala-harris-frontera-mexico-cerrada-inmigracion-ilegal-orix\/#breadcrumb\",\"itemListElement\":[{\"@type\":\"ListItem\",\"position\":1,\"name\":\"Home\",\"item\":\"https:\/\/noticiasya.com\/\"},{\"@type\":\"ListItem\",\"position\":2,\"name\":\"Kamala Harris dice que, bajo su Gobierno, la frontera con M\u00e9xico estar\u00eda cerrada a la inmigraci\u00f3n ilegal y que aplicar\u00edan sanciones a los infractores\"}]},{\"@type\":\"WebSite\",\"@id\":\"https:\/\/noticiasya.com\/#website\",\"url\":\"https:\/\/noticiasya.com\/\",\"name\":\"Noticias\",\"description\":\"Lo que importa\",\"publisher\":{\"@id\":\"https:\/\/noticiasya.com\/#organization\"},\"potentialAction\":[{\"@type\":\"SearchAction\",\"target\":{\"@type\":\"EntryPoint\",\"urlTemplate\":\"https:\/\/noticiasya.com\/?s={search_term_string}\"},\"query-input\":{\"@type\":\"PropertyValueSpecification\",\"valueRequired\":true,\"valueName\":\"search_term_string\"}}],\"inLanguage\":\"es\"},{\"@type\":\"Organization\",\"@id\":\"https:\/\/noticiasya.com\/#organization\",\"name\":\"Noticias\",\"url\":\"https:\/\/noticiasya.com\/\",\"logo\":{\"@type\":\"ImageObject\",\"inLanguage\":\"es\",\"@id\":\"https:\/\/noticiasya.com\/#\/schema\/logo\/image\/\",\"url\":\"https:\/\/noticiasya.com\/wp-content\/uploads\/sites\/22\/2023\/12\/logo-nacional.png\",\"contentUrl\":\"https:\/\/noticiasya.com\/wp-content\/uploads\/sites\/22\/2023\/12\/logo-nacional.png\",\"width\":1801,\"height\":691,\"caption\":\"Noticias\"},\"image\":{\"@id\":\"https:\/\/noticiasya.com\/#\/schema\/logo\/image\/\"}}]}<\/script>\n<!-- \/ Yoast SEO plugin. -->","yoast_head_json":{"title":"Kamala Harris dice que, bajo su Gobierno, la frontera con M\u00e9xico estar\u00eda cerrada a la inmigraci\u00f3n ilegal y que aplicar\u00edan sanciones a los infractores - Noticias","robots":{"index":"index","follow":"follow","max-snippet":"max-snippet:-1","max-image-preview":"max-image-preview:large","max-video-preview":"max-video-preview:-1"},"canonical":"https:\/\/noticiasya.com\/2024\/09\/27\/kamala-harris-frontera-mexico-cerrada-inmigracion-ilegal-orix\/","og_locale":"es_ES","og_type":"article","og_title":"Kamala Harris dice que, bajo su Gobierno, la frontera con M\u00e9xico estar\u00eda cerrada a la inmigraci\u00f3n ilegal y que aplicar\u00edan sanciones a los infractores - Noticias","og_description":"(CNN Espa\u00f1ol) &#8212;\u00a0La vicepresidenta de Estados Unidos y candidata presidencial dem\u00f3crata, Kamala Harris, reiter\u00f3 este viernes algunos de los puntos con los que dijo que buscar\u00e1 reforzar la seguridad fronteriza si gana las elecciones de noviembre, mientras se busca arreglar el estropeado sistema inmigratorio del pa\u00eds. \u201cTomar\u00e9 m\u00e1s medidas para mantener cerrada la frontera entre [&hellip;]","og_url":"https:\/\/noticiasya.com\/2024\/09\/27\/kamala-harris-frontera-mexico-cerrada-inmigracion-ilegal-orix\/","og_site_name":"Noticias","article_published_time":"2024-09-28T02:03:58+00:00","twitter_card":"summary_large_image","twitter_misc":{"Est. reading time":"1 minuto"},"schema":{"@context":"https:\/\/schema.org","@graph":[{"@type":"Article","@id":"https:\/\/noticiasya.com\/2024\/09\/27\/kamala-harris-frontera-mexico-cerrada-inmigracion-ilegal-orix\/#article","isPartOf":{"@id":"https:\/\/noticiasya.com\/2024\/09\/27\/kamala-harris-frontera-mexico-cerrada-inmigracion-ilegal-orix\/"},"author":{"name":"","@id":""},"headline":"Kamala Harris dice que, bajo su Gobierno, la frontera con M\u00e9xico estar\u00eda cerrada a la inmigraci\u00f3n ilegal y que aplicar\u00edan sanciones a los infractores","datePublished":"2024-09-28T02:03:58+00:00","mainEntityOfPage":{"@id":"https:\/\/noticiasya.com\/2024\/09\/27\/kamala-harris-frontera-mexico-cerrada-inmigracion-ilegal-orix\/"},"wordCount":303,"commentCount":0,"publisher":{"@id":"https:\/\/noticiasya.com\/#organization"},"articleSection":["Noticias Nacionales"],"inLanguage":"es","potentialAction":[{"@type":"CommentAction","name":"Comment","target":["https:\/\/noticiasya.com\/2024\/09\/27\/kamala-harris-frontera-mexico-cerrada-inmigracion-ilegal-orix\/#respond"]}]},{"@type":"WebPage","@id":"https:\/\/noticiasya.com\/2024\/09\/27\/kamala-harris-frontera-mexico-cerrada-inmigracion-ilegal-orix\/","url":"https:\/\/noticiasya.com\/2024\/09\/27\/kamala-harris-frontera-mexico-cerrada-inmigracion-ilegal-orix\/","name":"Kamala Harris dice que, bajo su Gobierno, la frontera con M\u00e9xico estar\u00eda cerrada a la inmigraci\u00f3n ilegal y que aplicar\u00edan sanciones a los infractores - Noticias","isPartOf":{"@id":"https:\/\/noticiasya.com\/#website"},"datePublished":"2024-09-28T02:03:58+00:00","breadcrumb":{"@id":"https:\/\/noticiasya.com\/2024\/09\/27\/kamala-harris-frontera-mexico-cerrada-inmigracion-ilegal-orix\/#breadcrumb"},"inLanguage":"es","potentialAction":[{"@type":"ReadAction","target":["https:\/\/noticiasya.com\/2024\/09\/27\/kamala-harris-frontera-mexico-cerrada-inmigracion-ilegal-orix\/"]}]},{"@type":"BreadcrumbList","@id":"https:\/\/noticiasya.com\/2024\/09\/27\/kamala-harris-frontera-mexico-cerrada-inmigracion-ilegal-orix\/#breadcrumb","itemListElement":[{"@type":"ListItem","position":1,"name":"Home","item":"https:\/\/noticiasya.com\/"},{"@type":"ListItem","position":2,"name":"Kamala Harris dice que, bajo su Gobierno, la frontera con M\u00e9xico estar\u00eda cerrada a la inmigraci\u00f3n ilegal y que aplicar\u00edan sanciones a los infractores"}]},{"@type":"WebSite","@id":"https:\/\/noticiasya.com\/#website","url":"https:\/\/noticiasya.com\/","name":"Noticias","description":"Lo que importa","publisher":{"@id":"https:\/\/noticiasya.com\/#organization"},"potentialAction":[{"@type":"SearchAction","target":{"@type":"EntryPoint","urlTemplate":"https:\/\/noticiasya.com\/?s={search_term_string}"},"query-input":{"@type":"PropertyValueSpecification","valueRequired":true,"valueName":"search_term_string"}}],"inLanguage":"es"},{"@type":"Organization","@id":"https:\/\/noticiasya.com\/#organization","name":"Noticias","url":"https:\/\/noticiasya.com\/","logo":{"@type":"ImageObject","inLanguage":"es","@id":"https:\/\/noticiasya.com\/#\/schema\/logo\/image\/","url":"https:\/\/noticiasya.com\/wp-content\/uploads\/sites\/22\/2023\/12\/logo-nacional.png","contentUrl":"https:\/\/noticiasya.com\/wp-content\/uploads\/sites\/22\/2023\/12\/logo-nacional.png","width":1801,"height":691,"caption":"Noticias"},"image":{"@id":"https:\/\/noticiasya.com\/#\/schema\/logo\/image\/"}}]}},"parsely":{"version":"1.1.0","canonical_url":"https:\/\/noticiasya.com\/midland-odessa\/2024\/09\/27\/kamala-harris-frontera-mexico-cerrada-inmigracion-ilegal-orix\/","smart_links":{"inbound":0,"outbound":0},"traffic_boost_suggestions_count":0,"meta":{"@context":"https:\/\/schema.org","@type":"NewsArticle","headline":"Kamala Harris dice que, bajo su Gobierno, la frontera con M\u00e9xico estar\u00eda cerrada a la inmigraci\u00f3n ilegal y que aplicar\u00edan sanciones a los infractores","url":"http:\/\/noticiasya.com\/midland-odessa\/2024\/09\/27\/kamala-harris-frontera-mexico-cerrada-inmigracion-ilegal-orix\/","mainEntityOfPage":{"@type":"WebPage","@id":"http:\/\/noticiasya.com\/midland-odessa\/2024\/09\/27\/kamala-harris-frontera-mexico-cerrada-inmigracion-ilegal-orix\/"},"thumbnailUrl":"","image":{"@type":"ImageObject","url":""},"articleSection":"Noticias Nacionales","author":[],"creator":[],"publisher":{"@type":"Organization","name":"Noticias","logo":""},"keywords":[],"dateCreated":"2024-09-28T02:03:58Z","datePublished":"2024-09-28T02:03:58Z","dateModified":"2024-09-28T02:03:58Z"},"rendered":"<script type=\"application\/ld+json\" class=\"wp-parsely-metadata\">{\"@context\":\"https:\\\/\\\/schema.org\",\"@type\":\"NewsArticle\",\"headline\":\"Kamala Harris dice que, bajo su Gobierno, la frontera con M\\u00e9xico estar\\u00eda cerrada a la inmigraci\\u00f3n ilegal y que aplicar\\u00edan sanciones a los infractores\",\"url\":\"http:\\\/\\\/noticiasya.com\\\/midland-odessa\\\/2024\\\/09\\\/27\\\/kamala-harris-frontera-mexico-cerrada-inmigracion-ilegal-orix\\\/\",\"mainEntityOfPage\":{\"@type\":\"WebPage\",\"@id\":\"http:\\\/\\\/noticiasya.com\\\/midland-odessa\\\/2024\\\/09\\\/27\\\/kamala-harris-frontera-mexico-cerrada-inmigracion-ilegal-orix\\\/\"},\"thumbnailUrl\":\"\",\"image\":{\"@type\":\"ImageObject\",\"url\":\"\"},\"articleSection\":\"Noticias Nacionales\",\"author\":[],\"creator\":[],\"publisher\":{\"@type\":\"Organization\",\"name\":\"Noticias\",\"logo\":\"\"},\"keywords\":[],\"dateCreated\":\"2024-09-28T02:03:58Z\",\"datePublished\":\"2024-09-28T02:03:58Z\",\"dateModified\":\"2024-09-28T02:03:58Z\"}<\/script>","tracker_url":"https:\/\/cdn.parsely.com\/keys\/noticiasya.com\/p.js"},"jetpack_featured_media_url":"","jetpack-related-posts":[{"id":1453177,"url":"https:\/\/noticiasya.com\/midland-odessa\/2024\/09\/28\/harris-revertir-discusion-trump-frontera-inmigracion-trax\/","url_meta":{"origin":1453160,"position":0},"title":"Harris intenta revertir la discusi\u00f3n ante Trump abordando la frontera como tema clave","author":"","date":"septiembre 28, 2024","format":false,"excerpt":"(CNN) -- La vicepresidenta Kamala Harris hizo un movimiento agresivo para reducir la ventaja de Donald Trump en las encuestas sobre inmigraci\u00f3n, viajando a la frontera sur por primera vez como candidata dem\u00f3crata a la presidencia de EE.UU. el viernes para exponer sus planes para abordar lo que describi\u00f3 como\u2026","rel":"","context":"In &quot;Noticias Nacionales&quot;","block_context":{"text":"Noticias Nacionales","link":"https:\/\/noticiasya.com\/midland-odessa\/categoria\/noticias-nacionales"},"img":{"alt_text":"","src":"","width":0,"height":0},"classes":[]},{"id":1455103,"url":"https:\/\/noticiasya.com\/midland-odessa\/2024\/10\/15\/trump-inmigracion-comentarios-bill-clinton-laken-riley-trax\/","url_meta":{"origin":1453160,"position":1},"title":"La campa\u00f1a de Trump intenta aprovechar a su favor el tema de la inmigraci\u00f3n tras los comentarios de Bill Clinton sobre Laken Riley","author":"","date":"octubre 15, 2024","format":false,"excerpt":"(CNN) -- La campa\u00f1a del expresidente Donald Trump est\u00e1 tratando de utilizar en su favor el comentario del expresidente Bill Clinton el domingo de que la muerte de la estudiante de enfermer\u00eda de Georgia, Laken Riley, \"probablemente no habr\u00eda ocurrido\" si los migrantes, incluido su presunto asesino, hubieran sido \"debidamente\u2026","rel":"","context":"In &quot;Noticias Nacionales&quot;","block_context":{"text":"Noticias Nacionales","link":"https:\/\/noticiasya.com\/midland-odessa\/categoria\/noticias-nacionales"},"img":{"alt_text":"","src":"","width":0,"height":0},"classes":[]},{"id":1451511,"url":"https:\/\/noticiasya.com\/midland-odessa\/2024\/07\/30\/harris-acusaciones-trump-inmigracion-trax\/","url_meta":{"origin":1453160,"position":2},"title":"La campa\u00f1a de Harris responde a las acusaciones de Trump en materia de inmigraci\u00f3n","author":"","date":"julio 30, 2024","format":false,"excerpt":"(CNN) -- Este martes, la campa\u00f1a de Harris mostr\u00f3 un primer vistazo sobre c\u00f3mo planea contrarrestar los ataques del expresidente Donald Trump, quien presenta falsamente a la vicepresidenta Kamala Harris como el \u201czar fronterizo\u201d de la administraci\u00f3n.El video de campa\u00f1a de 50 segundos, publicado por primera vez en CNN este\u2026","rel":"","context":"In &quot;Noticias Nacionales&quot;","block_context":{"text":"Noticias Nacionales","link":"https:\/\/noticiasya.com\/midland-odessa\/categoria\/noticias-nacionales"},"img":{"alt_text":"","src":"","width":0,"height":0},"classes":[]},{"id":1455072,"url":"https:\/\/noticiasya.com\/midland-odessa\/2024\/10\/13\/trump-promete-contratar-agentes-patrulla-fronteriza-y-aumentar-los-salarios-trax\/","url_meta":{"origin":1453160,"position":3},"title":"Trump promete contratar m\u00e1s agentes de la Patrulla Fronteriza y aumentar los salarios","author":"","date":"octubre 13, 2024","format":false,"excerpt":"(CNN) -- El expresidente Donald Trump anunci\u00f3 este domingo un nuevo plan para aumentar el n\u00famero de agentes de la Patrulla Fronteriza de Estados Unidos y retener el talento existente mientras hace de la inmigraci\u00f3n y la frontera una parte clave de su mensaje de cierre contra la vicepresidenta Kamala\u2026","rel":"","context":"In &quot;Noticias Nacionales&quot;","block_context":{"text":"Noticias Nacionales","link":"https:\/\/noticiasya.com\/midland-odessa\/categoria\/noticias-nacionales"},"img":{"alt_text":"","src":"","width":0,"height":0},"classes":[]},{"id":1452286,"url":"https:\/\/noticiasya.com\/midland-odessa\/2024\/08\/30\/conclusiones-entrevista-cnn-harris-walz-trax\/","url_meta":{"origin":1453160,"position":4},"title":"Conclusiones de la entrevista de CNN a Kamala Harris y Tim Walz","author":"","date":"agosto 30, 2024","format":false,"excerpt":"(CNN) -- La vicepresidenta Kamala Harris dijo sentirse \"profundamente conmovida\" por una foto de su sobrina nieta, con coletas, vi\u00e9ndola hablar en la Convenci\u00f3n Nacional Dem\u00f3crata en Chicago la semana pasada.Aunque Harris no ha hecho hincapi\u00e9 en ello \u2013ha dicho que se presenta para ser presidenta de \"todos los estadounidenses\"\u2013,\u2026","rel":"","context":"In &quot;Noticias Nacionales&quot;","block_context":{"text":"Noticias Nacionales","link":"https:\/\/noticiasya.com\/midland-odessa\/categoria\/noticias-nacionales"},"img":{"alt_text":"","src":"","width":0,"height":0},"classes":[]},{"id":1452433,"url":"https:\/\/noticiasya.com\/midland-odessa\/2024\/09\/04\/cambio-harris-centro-muro-fronterizo-asilo-inmigracion-trax\/","url_meta":{"origin":1453160,"position":5},"title":"El cambio de Harris hacia el centro sobre el muro fronterizo y el asilo contradice sus a\u00f1os de posiciones progresistas sobre inmigraci\u00f3n","author":"","date":"septiembre 4, 2024","format":false,"excerpt":"(CNN) -- A la vicepresidenta Kamala Harris le gusta presentarse como dura con la frontera y la inmigraci\u00f3n.Anuncios de televisi\u00f3n recientes destacan su etapa como \"fiscal del estado fronterizo\" que persigui\u00f3 agresivamente a los c\u00e1rteles criminales y a los contrabandistas de drogas, as\u00ed como su apoyo al \"proyecto de ley\u2026","rel":"","context":"In &quot;Noticias Nacionales&quot;","block_context":{"text":"Noticias Nacionales","link":"https:\/\/noticiasya.com\/midland-odessa\/categoria\/noticias-nacionales"},"img":{"alt_text":"","src":"","width":0,"height":0},"classes":[]}],"jetpack_sharing_enabled":true,"_links":{"self":[{"href":"https:\/\/noticiasya.com\/midland-odessa\/wp-json\/wp\/v2\/posts\/1453160","targetHints":{"allow":["GET"]}}],"collection":[{"href":"https:\/\/noticiasya.com\/midland-odessa\/wp-json\/wp\/v2\/posts"}],"about":[{"href":"https:\/\/noticiasya.com\/midland-odessa\/wp-json\/wp\/v2\/types\/post"}],"replies":[{"embeddable":true,"href":"https:\/\/noticiasya.com\/midland-odessa\/wp-json\/wp\/v2\/comments?post=1453160"}],"version-history":[{"count":0,"href":"https:\/\/noticiasya.com\/midland-odessa\/wp-json\/wp\/v2\/posts\/1453160\/revisions"}],"wp:attachment":[{"href":"https:\/\/noticiasya.com\/midland-odessa\/wp-json\/wp\/v2\/media?parent=1453160"}],"wp:term":[{"taxonomy":"category","embeddable":true,"href":"https:\/\/noticiasya.com\/midland-odessa\/wp-json\/wp\/v2\/categories?post=1453160"},{"taxonomy":"post_tag","embeddable":true,"href":"https:\/\/noticiasya.com\/midland-odessa\/wp-json\/wp\/v2\/tags?post=1453160"}],"curies":[{"name":"wp","href":"https:\/\/api.w.org\/{rel}","templated":true}]}}