{"id":1453161,"date":"2024-09-27T19:03:58","date_gmt":"2024-09-28T02:03:58","guid":{"rendered":"https:\/\/noticiasya.com\/2024\/09\/27\/guerra-de-vietnam-identifican-restos-piloto-trax\/"},"modified":"2024-09-27T19:03:58","modified_gmt":"2024-09-28T02:03:58","slug":"guerra-de-vietnam-identifican-restos-piloto-trax","status":"publish","type":"post","link":"https:\/\/noticiasya.com\/midland-odessa\/2024\/09\/27\/guerra-de-vietnam-identifican-restos-piloto-trax\/","title":{"rendered":"Identifican los restos de un piloto de la Guerra de Vietnam m\u00e1s de 50 a\u00f1os despu\u00e9s de que su avi\u00f3n desapareciera"},"content":{"rendered":"<p>(CNN) &#8212; Los restos de un piloto de la Guerra de Vietnam fueron identificados m\u00e1s de 50 a\u00f1os despu\u00e9s de que su avi\u00f3n desapareciera, anunci\u00f3 esta semana la Agencia de Contabilidad de Prisioneros de Guerra y Desaparecidos en Combate (DPAA, por sus siglas en ingl\u00e9s) del Departamento de Defensa de Estados Unidos.<\/p>\n<p>El capit\u00e1n del Cuerpo de Infantes de Marina de EE. UU. Ronald W. Forrester, de 25 a\u00f1os, de Odessa, Texas, desapareci\u00f3 en 1972 despu\u00e9s de que su avi\u00f3n se desvaneciera durante una misi\u00f3n de combate nocturna en la Rep\u00fablica Democr\u00e1tica de Vietnam (del Norte), dijo el mi\u00e9rcoles en un comunicado la agencia que trabaja para recuperar a los miembros que desaparecieron durante su servicio.<\/p>\n<p>\u201cDespu\u00e9s de entrar en el \u00e1rea objetivo, el avi\u00f3n de Forrester ces\u00f3 las comunicaciones por radio y nunca regres\u00f3 a la base. Los equipos de b\u00fasqueda y rescate no pudieron localizar ning\u00fan rastro del avi\u00f3n o la tripulaci\u00f3n\u201d, dec\u00eda el comunicado, y agreg\u00f3 que en septiembre de 1978 se cambi\u00f3 el \u201cestado inicial de Desaparecido en Combate de Forrester a Muerto en Combate\u201d.<\/p>\n<p>El aterrizaje en este aeropuerto es tan dif\u00edcil que solo 50 pilotos pueden hacerlo<\/p>\n<p>Tras a\u00f1os de b\u00fasqueda, los investigadores descubrieron restos y pruebas materiales que se cree que est\u00e1n relacionados con Forrester.<\/p>\n<p>Los cient\u00edficos de la DPAA utilizaron pruebas circunstanciales recuperadas del lugar del accidente, as\u00ed como pruebas de ADN mitocondrial (ADNmt), para identificar al piloto, de acuerdo con la DPAA.<\/p>\n<p>\u201cEl nombre de Forrester est\u00e1 registrado en el Monumento Nacional a los Veteranos de Vietnam en Washington, D.C., y en los Tribunales de los Desaparecidos de la Comisi\u00f3n Estadounidense de Monumentos de Batalla en el Cementerio Nacional del Pac\u00edfico en Honolulu, junto con otros desaparecidos de la Guerra de Vietnam. Se colocar\u00e1 una roseta junto a su nombre para indicar que se encontr\u00f3 su paradero\u201d.<\/p>\n<p>Seg\u00fan la DPAA, est\u00e1 previsto que Forrester sea enterrado en el Cementerio Nacional de Arlington el 7 de octubre de 2024.<\/p>\n<p>The-CNN-Wire<br \/>&trade; &amp; &copy; 2024 Cable News Network, Inc., a Warner Bros. Discovery Company. All rights reserved.<\/p>\n","protected":false},"excerpt":{"rendered":"<p>(CNN) &#8212; Los restos de un piloto de la Guerra de Vietnam fueron identificados m\u00e1s de 50 a\u00f1os despu\u00e9s de que su avi\u00f3n desapareciera, anunci\u00f3 esta semana la Agencia de Contabilidad de Prisioneros de Guerra y Desaparecidos en Combate (DPAA, por sus siglas en ingl\u00e9s) del Departamento de Defensa de Estados Unidos. El capit\u00e1n del [&hellip;]<\/p>\n","protected":false},"author":0,"featured_media":0,"comment_status":"open","ping_status":"open","sticky":false,"template":"","format":"standard","meta":{"_jetpack_memberships_contains_paid_content":false,"footnotes":""},"categories":[10],"tags":[],"class_list":["post-1453161","post","type-post","status-publish","format-standard","hentry","category-noticias-nacionales","market-global"],"yoast_head":"<!-- This site is optimized with the Yoast SEO plugin v24.4 - https:\/\/yoast.com\/wordpress\/plugins\/seo\/ -->\n<title>Identifican los restos de un piloto de la Guerra de Vietnam m\u00e1s de 50 a\u00f1os despu\u00e9s de que su avi\u00f3n desapareciera - Noticias<\/title>\n<meta name=\"robots\" content=\"index, follow, max-snippet:-1, max-image-preview:large, max-video-preview:-1\" \/>\n<link rel=\"canonical\" href=\"https:\/\/noticiasya.com\/2024\/09\/27\/guerra-de-vietnam-identifican-restos-piloto-trax\/\" \/>\n<meta property=\"og:locale\" content=\"es_ES\" \/>\n<meta property=\"og:type\" content=\"article\" \/>\n<meta property=\"og:title\" content=\"Identifican los restos de un piloto de la Guerra de Vietnam m\u00e1s de 50 a\u00f1os despu\u00e9s de que su avi\u00f3n desapareciera - Noticias\" \/>\n<meta property=\"og:description\" content=\"(CNN) &#8212; Los restos de un piloto de la Guerra de Vietnam fueron identificados m\u00e1s de 50 a\u00f1os despu\u00e9s de que su avi\u00f3n desapareciera, anunci\u00f3 esta semana la Agencia de Contabilidad de Prisioneros de Guerra y Desaparecidos en Combate (DPAA, por sus siglas en ingl\u00e9s) del Departamento de Defensa de Estados Unidos. El capit\u00e1n del [&hellip;]\" \/>\n<meta property=\"og:url\" content=\"https:\/\/noticiasya.com\/2024\/09\/27\/guerra-de-vietnam-identifican-restos-piloto-trax\/\" \/>\n<meta property=\"og:site_name\" content=\"Noticias\" \/>\n<meta property=\"article:published_time\" content=\"2024-09-28T02:03:58+00:00\" \/>\n<meta name=\"twitter:card\" content=\"summary_large_image\" \/>\n<meta name=\"twitter:label1\" content=\"Est. reading time\" \/>\n\t<meta name=\"twitter:data1\" content=\"2 minutos\" \/>\n<script type=\"application\/ld+json\" class=\"yoast-schema-graph\">{\"@context\":\"https:\/\/schema.org\",\"@graph\":[{\"@type\":\"Article\",\"@id\":\"https:\/\/noticiasya.com\/2024\/09\/27\/guerra-de-vietnam-identifican-restos-piloto-trax\/#article\",\"isPartOf\":{\"@id\":\"https:\/\/noticiasya.com\/2024\/09\/27\/guerra-de-vietnam-identifican-restos-piloto-trax\/\"},\"author\":{\"name\":\"\",\"@id\":\"\"},\"headline\":\"Identifican los restos de un piloto de la Guerra de Vietnam m\u00e1s de 50 a\u00f1os despu\u00e9s de que su avi\u00f3n desapareciera\",\"datePublished\":\"2024-09-28T02:03:58+00:00\",\"mainEntityOfPage\":{\"@id\":\"https:\/\/noticiasya.com\/2024\/09\/27\/guerra-de-vietnam-identifican-restos-piloto-trax\/\"},\"wordCount\":389,\"commentCount\":0,\"publisher\":{\"@id\":\"https:\/\/noticiasya.com\/#organization\"},\"articleSection\":[\"Noticias Nacionales\"],\"inLanguage\":\"es\",\"potentialAction\":[{\"@type\":\"CommentAction\",\"name\":\"Comment\",\"target\":[\"https:\/\/noticiasya.com\/2024\/09\/27\/guerra-de-vietnam-identifican-restos-piloto-trax\/#respond\"]}]},{\"@type\":\"WebPage\",\"@id\":\"https:\/\/noticiasya.com\/2024\/09\/27\/guerra-de-vietnam-identifican-restos-piloto-trax\/\",\"url\":\"https:\/\/noticiasya.com\/2024\/09\/27\/guerra-de-vietnam-identifican-restos-piloto-trax\/\",\"name\":\"Identifican los restos de un piloto de la Guerra de Vietnam m\u00e1s de 50 a\u00f1os despu\u00e9s de que su avi\u00f3n desapareciera - Noticias\",\"isPartOf\":{\"@id\":\"https:\/\/noticiasya.com\/#website\"},\"datePublished\":\"2024-09-28T02:03:58+00:00\",\"breadcrumb\":{\"@id\":\"https:\/\/noticiasya.com\/2024\/09\/27\/guerra-de-vietnam-identifican-restos-piloto-trax\/#breadcrumb\"},\"inLanguage\":\"es\",\"potentialAction\":[{\"@type\":\"ReadAction\",\"target\":[\"https:\/\/noticiasya.com\/2024\/09\/27\/guerra-de-vietnam-identifican-restos-piloto-trax\/\"]}]},{\"@type\":\"BreadcrumbList\",\"@id\":\"https:\/\/noticiasya.com\/2024\/09\/27\/guerra-de-vietnam-identifican-restos-piloto-trax\/#breadcrumb\",\"itemListElement\":[{\"@type\":\"ListItem\",\"position\":1,\"name\":\"Home\",\"item\":\"https:\/\/noticiasya.com\/\"},{\"@type\":\"ListItem\",\"position\":2,\"name\":\"Identifican los restos de un piloto de la Guerra de Vietnam m\u00e1s de 50 a\u00f1os despu\u00e9s de que su avi\u00f3n desapareciera\"}]},{\"@type\":\"WebSite\",\"@id\":\"https:\/\/noticiasya.com\/#website\",\"url\":\"https:\/\/noticiasya.com\/\",\"name\":\"Noticias\",\"description\":\"Lo que importa\",\"publisher\":{\"@id\":\"https:\/\/noticiasya.com\/#organization\"},\"potentialAction\":[{\"@type\":\"SearchAction\",\"target\":{\"@type\":\"EntryPoint\",\"urlTemplate\":\"https:\/\/noticiasya.com\/?s={search_term_string}\"},\"query-input\":{\"@type\":\"PropertyValueSpecification\",\"valueRequired\":true,\"valueName\":\"search_term_string\"}}],\"inLanguage\":\"es\"},{\"@type\":\"Organization\",\"@id\":\"https:\/\/noticiasya.com\/#organization\",\"name\":\"Noticias\",\"url\":\"https:\/\/noticiasya.com\/\",\"logo\":{\"@type\":\"ImageObject\",\"inLanguage\":\"es\",\"@id\":\"https:\/\/noticiasya.com\/#\/schema\/logo\/image\/\",\"url\":\"https:\/\/noticiasya.com\/wp-content\/uploads\/sites\/22\/2023\/12\/logo-nacional.png\",\"contentUrl\":\"https:\/\/noticiasya.com\/wp-content\/uploads\/sites\/22\/2023\/12\/logo-nacional.png\",\"width\":1801,\"height\":691,\"caption\":\"Noticias\"},\"image\":{\"@id\":\"https:\/\/noticiasya.com\/#\/schema\/logo\/image\/\"}}]}<\/script>\n<!-- \/ Yoast SEO plugin. -->","yoast_head_json":{"title":"Identifican los restos de un piloto de la Guerra de Vietnam m\u00e1s de 50 a\u00f1os despu\u00e9s de que su avi\u00f3n desapareciera - Noticias","robots":{"index":"index","follow":"follow","max-snippet":"max-snippet:-1","max-image-preview":"max-image-preview:large","max-video-preview":"max-video-preview:-1"},"canonical":"https:\/\/noticiasya.com\/2024\/09\/27\/guerra-de-vietnam-identifican-restos-piloto-trax\/","og_locale":"es_ES","og_type":"article","og_title":"Identifican los restos de un piloto de la Guerra de Vietnam m\u00e1s de 50 a\u00f1os despu\u00e9s de que su avi\u00f3n desapareciera - Noticias","og_description":"(CNN) &#8212; Los restos de un piloto de la Guerra de Vietnam fueron identificados m\u00e1s de 50 a\u00f1os despu\u00e9s de que su avi\u00f3n desapareciera, anunci\u00f3 esta semana la Agencia de Contabilidad de Prisioneros de Guerra y Desaparecidos en Combate (DPAA, por sus siglas en ingl\u00e9s) del Departamento de Defensa de Estados Unidos. El capit\u00e1n del [&hellip;]","og_url":"https:\/\/noticiasya.com\/2024\/09\/27\/guerra-de-vietnam-identifican-restos-piloto-trax\/","og_site_name":"Noticias","article_published_time":"2024-09-28T02:03:58+00:00","twitter_card":"summary_large_image","twitter_misc":{"Est. reading time":"2 minutos"},"schema":{"@context":"https:\/\/schema.org","@graph":[{"@type":"Article","@id":"https:\/\/noticiasya.com\/2024\/09\/27\/guerra-de-vietnam-identifican-restos-piloto-trax\/#article","isPartOf":{"@id":"https:\/\/noticiasya.com\/2024\/09\/27\/guerra-de-vietnam-identifican-restos-piloto-trax\/"},"author":{"name":"","@id":""},"headline":"Identifican los restos de un piloto de la Guerra de Vietnam m\u00e1s de 50 a\u00f1os despu\u00e9s de que su avi\u00f3n desapareciera","datePublished":"2024-09-28T02:03:58+00:00","mainEntityOfPage":{"@id":"https:\/\/noticiasya.com\/2024\/09\/27\/guerra-de-vietnam-identifican-restos-piloto-trax\/"},"wordCount":389,"commentCount":0,"publisher":{"@id":"https:\/\/noticiasya.com\/#organization"},"articleSection":["Noticias Nacionales"],"inLanguage":"es","potentialAction":[{"@type":"CommentAction","name":"Comment","target":["https:\/\/noticiasya.com\/2024\/09\/27\/guerra-de-vietnam-identifican-restos-piloto-trax\/#respond"]}]},{"@type":"WebPage","@id":"https:\/\/noticiasya.com\/2024\/09\/27\/guerra-de-vietnam-identifican-restos-piloto-trax\/","url":"https:\/\/noticiasya.com\/2024\/09\/27\/guerra-de-vietnam-identifican-restos-piloto-trax\/","name":"Identifican los restos de un piloto de la Guerra de Vietnam m\u00e1s de 50 a\u00f1os despu\u00e9s de que su avi\u00f3n desapareciera - Noticias","isPartOf":{"@id":"https:\/\/noticiasya.com\/#website"},"datePublished":"2024-09-28T02:03:58+00:00","breadcrumb":{"@id":"https:\/\/noticiasya.com\/2024\/09\/27\/guerra-de-vietnam-identifican-restos-piloto-trax\/#breadcrumb"},"inLanguage":"es","potentialAction":[{"@type":"ReadAction","target":["https:\/\/noticiasya.com\/2024\/09\/27\/guerra-de-vietnam-identifican-restos-piloto-trax\/"]}]},{"@type":"BreadcrumbList","@id":"https:\/\/noticiasya.com\/2024\/09\/27\/guerra-de-vietnam-identifican-restos-piloto-trax\/#breadcrumb","itemListElement":[{"@type":"ListItem","position":1,"name":"Home","item":"https:\/\/noticiasya.com\/"},{"@type":"ListItem","position":2,"name":"Identifican los restos de un piloto de la Guerra de Vietnam m\u00e1s de 50 a\u00f1os despu\u00e9s de que su avi\u00f3n desapareciera"}]},{"@type":"WebSite","@id":"https:\/\/noticiasya.com\/#website","url":"https:\/\/noticiasya.com\/","name":"Noticias","description":"Lo que importa","publisher":{"@id":"https:\/\/noticiasya.com\/#organization"},"potentialAction":[{"@type":"SearchAction","target":{"@type":"EntryPoint","urlTemplate":"https:\/\/noticiasya.com\/?s={search_term_string}"},"query-input":{"@type":"PropertyValueSpecification","valueRequired":true,"valueName":"search_term_string"}}],"inLanguage":"es"},{"@type":"Organization","@id":"https:\/\/noticiasya.com\/#organization","name":"Noticias","url":"https:\/\/noticiasya.com\/","logo":{"@type":"ImageObject","inLanguage":"es","@id":"https:\/\/noticiasya.com\/#\/schema\/logo\/image\/","url":"https:\/\/noticiasya.com\/wp-content\/uploads\/sites\/22\/2023\/12\/logo-nacional.png","contentUrl":"https:\/\/noticiasya.com\/wp-content\/uploads\/sites\/22\/2023\/12\/logo-nacional.png","width":1801,"height":691,"caption":"Noticias"},"image":{"@id":"https:\/\/noticiasya.com\/#\/schema\/logo\/image\/"}}]}},"parsely":{"version":"1.1.0","canonical_url":"https:\/\/noticiasya.com\/midland-odessa\/2024\/09\/27\/guerra-de-vietnam-identifican-restos-piloto-trax\/","smart_links":{"inbound":0,"outbound":0},"traffic_boost_suggestions_count":0,"meta":{"@context":"https:\/\/schema.org","@type":"NewsArticle","headline":"Identifican los restos de un piloto de la Guerra de Vietnam m\u00e1s de 50 a\u00f1os despu\u00e9s de que su avi\u00f3n desapareciera","url":"http:\/\/noticiasya.com\/midland-odessa\/2024\/09\/27\/guerra-de-vietnam-identifican-restos-piloto-trax\/","mainEntityOfPage":{"@type":"WebPage","@id":"http:\/\/noticiasya.com\/midland-odessa\/2024\/09\/27\/guerra-de-vietnam-identifican-restos-piloto-trax\/"},"thumbnailUrl":"","image":{"@type":"ImageObject","url":""},"articleSection":"Noticias Nacionales","author":[],"creator":[],"publisher":{"@type":"Organization","name":"Noticias","logo":""},"keywords":[],"dateCreated":"2024-09-28T02:03:58Z","datePublished":"2024-09-28T02:03:58Z","dateModified":"2024-09-28T02:03:58Z"},"rendered":"<script type=\"application\/ld+json\" class=\"wp-parsely-metadata\">{\"@context\":\"https:\\\/\\\/schema.org\",\"@type\":\"NewsArticle\",\"headline\":\"Identifican los restos de un piloto de la Guerra de Vietnam m\\u00e1s de 50 a\\u00f1os despu\\u00e9s de que su avi\\u00f3n desapareciera\",\"url\":\"http:\\\/\\\/noticiasya.com\\\/midland-odessa\\\/2024\\\/09\\\/27\\\/guerra-de-vietnam-identifican-restos-piloto-trax\\\/\",\"mainEntityOfPage\":{\"@type\":\"WebPage\",\"@id\":\"http:\\\/\\\/noticiasya.com\\\/midland-odessa\\\/2024\\\/09\\\/27\\\/guerra-de-vietnam-identifican-restos-piloto-trax\\\/\"},\"thumbnailUrl\":\"\",\"image\":{\"@type\":\"ImageObject\",\"url\":\"\"},\"articleSection\":\"Noticias Nacionales\",\"author\":[],\"creator\":[],\"publisher\":{\"@type\":\"Organization\",\"name\":\"Noticias\",\"logo\":\"\"},\"keywords\":[],\"dateCreated\":\"2024-09-28T02:03:58Z\",\"datePublished\":\"2024-09-28T02:03:58Z\",\"dateModified\":\"2024-09-28T02:03:58Z\"}<\/script>","tracker_url":"https:\/\/cdn.parsely.com\/keys\/noticiasya.com\/p.js"},"jetpack_featured_media_url":"","jetpack-related-posts":[{"id":1457994,"url":"https:\/\/noticiasya.com\/midland-odessa\/2025\/01\/29\/el-piloto-a-salvo-accidente-avion-de-combate-f-35-trax\/","url_meta":{"origin":1453161,"position":0},"title":"Piloto sale ileso tras accidente de avi\u00f3n de combate F-35 visto en un dram\u00e1tico video","author":"","date":"enero 29, 2025","format":false,"excerpt":"Un piloto de la Fuerza A\u00e9rea de Estados Unidos escap\u00f3 sano y salvo despu\u00e9s de que un avi\u00f3n de combate F-35 se estrell\u00f3 durante una misi\u00f3n de entrenamiento en la Base de la Fuerza A\u00e9rea Eielson en Alaska este martes, dijeron las autoridades.El piloto sufri\u00f3 una \u201cfalla durante el vuelo\u201d,\u2026","rel":"","context":"In &quot;Noticias Nacionales&quot;","block_context":{"text":"Noticias Nacionales","link":"https:\/\/noticiasya.com\/midland-odessa\/categoria\/noticias-nacionales"},"img":{"alt_text":"","src":"","width":0,"height":0},"classes":[]},{"id":1448045,"url":"https:\/\/noticiasya.com\/midland-odessa\/2024\/04\/12\/fuerza-aerea-peru-encuentra-restos-avion-arequipa-orix\/","url_meta":{"origin":1453161,"position":1},"title":"La Fuerza A\u00e9rea de Per\u00fa encuentra los restos de su avi\u00f3n que se cay\u00f3 en Arequipa y donde un piloto muri\u00f3","author":"","date":"abril 12, 2024","format":false,"excerpt":"(CNN Espa\u00f1ol) -- La Fuerza A\u00e9rea de Per\u00fa inform\u00f3 que sus equipos de b\u00fasqueda y rescate localizaron este viernes los restos de su avi\u00f3n tipo Mirage 2000 que el jueves se extravi\u00f3 durante labores de entrenamiento en la zona de Arequipa.En su cuenta de X, la instituci\u00f3n militar indic\u00f3 que\u2026","rel":"","context":"In &quot;Noticias Nacionales&quot;","block_context":{"text":"Noticias Nacionales","link":"https:\/\/noticiasya.com\/midland-odessa\/categoria\/noticias-nacionales"},"img":{"alt_text":"","src":"","width":0,"height":0},"classes":[]},{"id":1472874,"url":"https:\/\/noticiasya.com\/midland-odessa\/2026\/04\/04\/rescatan-tripulante-desaparecido-f-15-iran-trax\/","url_meta":{"origin":1453161,"position":2},"title":"Fuerzas de EE.UU. rescatan al tripulante desaparecido del F-15 derribado en Ir\u00e1n, anunci\u00f3 Trump","author":"","date":"abril 4, 2026","format":false,"excerpt":"Un miembro del servicio estadounidense desaparecido cuyo avi\u00f3n de combate fue derribado sobre Ir\u00e1n fue rescatado por fuerzas estadounidenses, dijo el presidente de EE.UU., Donald Trump, en una publicaci\u00f3n en Truth Social a primera hora de este domingo.\u201c\u00a1LO TENEMOS! Mis compatriotas estadounidenses, durante las \u00faltimas horas, las Fuerzas Armadas de\u2026","rel":"","context":"In &quot;Noticias Nacionales&quot;","block_context":{"text":"Noticias Nacionales","link":"https:\/\/noticiasya.com\/midland-odessa\/categoria\/noticias-nacionales"},"img":{"alt_text":"","src":"","width":0,"height":0},"classes":[]},{"id":1472834,"url":"https:\/\/noticiasya.com\/midland-odessa\/2026\/04\/03\/avion-estadounidense-derribado-iran-trax\/","url_meta":{"origin":1453161,"position":3},"title":"Avi\u00f3n de combate estadounidense fue derribado sobre Ir\u00e1n, seg\u00fan fuentes de EE.UU.","author":"","date":"abril 3, 2026","format":false,"excerpt":"Un avi\u00f3n de combate estadounidense ha sido derribado sobre Ir\u00e1n, seg\u00fan informaron tres fuentes de EE.UU., lo que confirma los reportes de los medios estatales iran\u00edes.Las fuerzas estadounidenses han puesto en marcha operaciones de b\u00fasqueda y rescate, a\u00f1adieron las fuentes. Las posibles labores de rescate parecieron quedar registradas en un\u2026","rel":"","context":"In &quot;Noticias Nacionales&quot;","block_context":{"text":"Noticias Nacionales","link":"https:\/\/noticiasya.com\/midland-odessa\/categoria\/noticias-nacionales"},"img":{"alt_text":"","src":"","width":0,"height":0},"classes":[]},{"id":1464811,"url":"https:\/\/noticiasya.com\/midland-odessa\/2025\/07\/24\/avion-desaparecido-rusia-trax\/","url_meta":{"origin":1453161,"position":4},"title":"Reportan avi\u00f3n desaparecido en el Lejano Oriente de Rusia con casi 50 personas a bordo","author":"","date":"julio 24, 2025","format":false,"excerpt":"Se teme que decenas de personas, incluidos ni\u00f1os, hayan muerto despu\u00e9s de que un avi\u00f3n de pasajeros desapareciera en la regi\u00f3n de Amur, en el extremo oriental de Rusia, informaron medios estatales rusos, citando a funcionarios locales.El avi\u00f3n, un Antonov An-24 de la era sovi\u00e9tica, volaba en una ruta regional\u2026","rel":"","context":"In &quot;Noticias Nacionales&quot;","block_context":{"text":"Noticias Nacionales","link":"https:\/\/noticiasya.com\/midland-odessa\/categoria\/noticias-nacionales"},"img":{"alt_text":"","src":"","width":0,"height":0},"classes":[]},{"id":1444691,"url":"https:\/\/noticiasya.com\/midland-odessa\/2024\/01\/31\/un-caza-f-16-estadounidense-se-estrella-frente-a-corea-del-sur-es-la-tercera-perdida-de-un-avion-con-base-en-corea-en-un-ano\/","url_meta":{"origin":1453161,"position":5},"title":"Un caza F-16 estadounidense se estrella frente a Corea del Sur; es la tercera p\u00e9rdida de un avi\u00f3n con base en Corea en un a\u00f1o","author":"","date":"enero 31, 2024","format":false,"excerpt":"Se\u00fal, Corea del Sur (CNN) -- Un avi\u00f3n de combate F-16 de la Fuerza A\u00e9rea de Estados Unidos se estrell\u00f3 despu\u00e9s de sufrir una emergencia en vuelo frente a la costa de Corea del Sur este mi\u00e9rcoles; es el tercer accidente de uno de los aviones de guerra del ej\u00e9rcito\u2026","rel":"","context":"In &quot;Noticias Nacionales&quot;","block_context":{"text":"Noticias Nacionales","link":"https:\/\/noticiasya.com\/midland-odessa\/categoria\/noticias-nacionales"},"img":{"alt_text":"","src":"","width":0,"height":0},"classes":[]}],"jetpack_sharing_enabled":true,"_links":{"self":[{"href":"https:\/\/noticiasya.com\/midland-odessa\/wp-json\/wp\/v2\/posts\/1453161","targetHints":{"allow":["GET"]}}],"collection":[{"href":"https:\/\/noticiasya.com\/midland-odessa\/wp-json\/wp\/v2\/posts"}],"about":[{"href":"https:\/\/noticiasya.com\/midland-odessa\/wp-json\/wp\/v2\/types\/post"}],"replies":[{"embeddable":true,"href":"https:\/\/noticiasya.com\/midland-odessa\/wp-json\/wp\/v2\/comments?post=1453161"}],"version-history":[{"count":0,"href":"https:\/\/noticiasya.com\/midland-odessa\/wp-json\/wp\/v2\/posts\/1453161\/revisions"}],"wp:attachment":[{"href":"https:\/\/noticiasya.com\/midland-odessa\/wp-json\/wp\/v2\/media?parent=1453161"}],"wp:term":[{"taxonomy":"category","embeddable":true,"href":"https:\/\/noticiasya.com\/midland-odessa\/wp-json\/wp\/v2\/categories?post=1453161"},{"taxonomy":"post_tag","embeddable":true,"href":"https:\/\/noticiasya.com\/midland-odessa\/wp-json\/wp\/v2\/tags?post=1453161"}],"curies":[{"name":"wp","href":"https:\/\/api.w.org\/{rel}","templated":true}]}}