{"id":1453162,"date":"2024-09-27T19:03:58","date_gmt":"2024-09-28T02:03:58","guid":{"rendered":"https:\/\/noticiasya.com\/2024\/09\/27\/vicepresidenta-argentina-critica-acuerdos-islas-malvinas-falkland-orix\/"},"modified":"2024-09-27T19:03:58","modified_gmt":"2024-09-28T02:03:58","slug":"vicepresidenta-argentina-critica-acuerdos-islas-malvinas-falkland-orix","status":"publish","type":"post","link":"https:\/\/noticiasya.com\/midland-odessa\/2024\/09\/27\/vicepresidenta-argentina-critica-acuerdos-islas-malvinas-falkland-orix\/","title":{"rendered":"La vicepresidenta de Argentina critica acuerdos de su Gobierno con el Reino Unido sobre las islas Malvinas\/Falkland"},"content":{"rendered":"<p>(CNN Espa\u00f1ol) &#8212;\u00a0La vicepresidenta de Argentina, Victoria Villarruel, critic\u00f3 este viernes los acuerdos que el Gobierno del presidente Javier Milei anunci\u00f3 esta semana con el Reino Unido sobre las islas Malvinas \u2015Falkland, en ingl\u00e9s\u2015, un archipi\u00e9lago por el que ambos pa\u00edses sostuvieron una guerra en 1982 y sobre el cual reclaman soberan\u00eda.<\/p>\n<p>Villarruel public\u00f3 en su cuenta de X un mensaje en el que descalific\u00f3 los puntos que la canciller argentina, Diana Mondino, y su par brit\u00e1nico, David Lammy, acordaron este martes en Nueva York, donde se reunieron en el contexto de la Asamblea General de la Organizaci\u00f3n de las Naciones Unidas.<\/p>\n<p>Seg\u00fan un comunicado de la canciller\u00eda de Argentina, el acuerdo entre ambos funcionarios incluye retomar las negociaciones de un Plan Proyecto Humanitario con la Cruz Roja Internacional, organizar un viaje para que familiares de soldados fallecidos durante la Guerra de las Malvinas puedan visitar sus tumbas, conservaci\u00f3n de pesquer\u00edas y reanudar el vuelo entre Sao Paulo, Brasil, y las islas, que una vez al mes hac\u00eda una escala en C\u00f3rdoba, Argentina.<\/p>\n<p>A los 42 a\u00f1os de la Guerra de Malvinas, Javier Milei llama a una \u201creconciliaci\u00f3n con las Fuerzas Armadas\u201d<\/p>\n<p>Un d\u00eda despu\u00e9s del encuentro, Mondino defendi\u00f3 lo acordado, que en su cuenta de X calific\u00f3 como \u201cnoticias muy positivas\u201d. \u201cTal como dice nuestra Constituci\u00f3n: la naci\u00f3n argentina ratifica su leg\u00edtima e imprescriptible soberan\u00eda sobre las islas Malvinas\u201d, dijo.<\/p>\n<p>Por su parte, Villarruel descalific\u00f3 la propuesta, que en su mensaje de este viernes tach\u00f3 de \u201ccontraria a los intereses de nuestra naci\u00f3n\u201d.<\/p>\n<p>\u201c\u00bfNos toman por tontos? Ellos obtienen ventajas materiales, concretas e inmediatas, mientras que a nosotros nos ofrecen migajas como consuelo emotivo y debilitan nuestra posibilidad de negociaci\u00f3n\u201d, dijo la vicepresidenta.<\/p>\n<p>\u201cResulta ins\u00f3lito que mientras los EE.UU. nos ofrecen buques guardacostas para proteger nuestro mar argentino del pillaje extracontinental, nosotros propongamos cooperar con la potencia que usurpa nuestro territorio\u201d, agreg\u00f3.<\/p>\n<p>CNN contact\u00f3 a la canciller\u00eda de Argentina para pedir comentarios sobre los dichos de Villarruel y est\u00e1 en espera de respuesta.<\/p>\n<p>En su publicaci\u00f3n, Villarruel asegura que \u201cestas no son palabras contra nuestro gobierno\u201d, aunque dice que es \u201cinevitable\u201d pronunciarse sobre el asunto \u201cya que es un tema que toca cada fibra de mi identidad y pone en juego los intereses permanentes de nuestra gran naci\u00f3n\u201d.<\/p>\n<p>La Guerra de las Malvinas \u2014en la que murieron 649 soldados argentinos y 255 brit\u00e1nicos\u2014 termin\u00f3 el 14 de junio de 1982 con una victoria brit\u00e1nica. Actualmente, el archipi\u00e9lago tiene un gobierno propio y es administrado como un territorio brit\u00e1nico de ultramar, aunque Argentina sostiene que le pertenece.<\/p>\n<p>Este conflicto armado es un nuevo motivo de diferendo entre el Gobierno de Milei y la vicepresidenta Villarruel, cuyas tensiones han quedado expuestas en varias ocasiones desde que el presidente asumi\u00f3 el cargo el 10 de diciembre.<\/p>\n<p>The-CNN-Wire<br \/>&trade; &amp; &copy; 2024 Cable News Network, Inc., a Warner Bros. Discovery Company. All rights reserved.<\/p>\n","protected":false},"excerpt":{"rendered":"<p>(CNN Espa\u00f1ol) &#8212;\u00a0La vicepresidenta de Argentina, Victoria Villarruel, critic\u00f3 este viernes los acuerdos que el Gobierno del presidente Javier Milei anunci\u00f3 esta semana con el Reino Unido sobre las islas Malvinas \u2015Falkland, en ingl\u00e9s\u2015, un archipi\u00e9lago por el que ambos pa\u00edses sostuvieron una guerra en 1982 y sobre el cual reclaman soberan\u00eda. Villarruel public\u00f3 en [&hellip;]<\/p>\n","protected":false},"author":0,"featured_media":0,"comment_status":"open","ping_status":"open","sticky":false,"template":"","format":"standard","meta":{"_jetpack_memberships_contains_paid_content":false,"footnotes":""},"categories":[10],"tags":[],"class_list":["post-1453162","post","type-post","status-publish","format-standard","hentry","category-noticias-nacionales","market-global"],"yoast_head":"<!-- This site is optimized with the Yoast SEO plugin v24.4 - https:\/\/yoast.com\/wordpress\/plugins\/seo\/ -->\n<title>La vicepresidenta de Argentina critica acuerdos de su Gobierno con el Reino Unido sobre las islas Malvinas\/Falkland - Noticias<\/title>\n<meta name=\"robots\" content=\"index, follow, max-snippet:-1, max-image-preview:large, max-video-preview:-1\" \/>\n<link rel=\"canonical\" href=\"https:\/\/noticiasya.com\/2024\/09\/27\/vicepresidenta-argentina-critica-acuerdos-islas-malvinas-falkland-orix\/\" \/>\n<meta property=\"og:locale\" content=\"es_ES\" \/>\n<meta property=\"og:type\" content=\"article\" \/>\n<meta property=\"og:title\" content=\"La vicepresidenta de Argentina critica acuerdos de su Gobierno con el Reino Unido sobre las islas Malvinas\/Falkland - Noticias\" \/>\n<meta property=\"og:description\" content=\"(CNN Espa\u00f1ol) &#8212;\u00a0La vicepresidenta de Argentina, Victoria Villarruel, critic\u00f3 este viernes los acuerdos que el Gobierno del presidente Javier Milei anunci\u00f3 esta semana con el Reino Unido sobre las islas Malvinas \u2015Falkland, en ingl\u00e9s\u2015, un archipi\u00e9lago por el que ambos pa\u00edses sostuvieron una guerra en 1982 y sobre el cual reclaman soberan\u00eda. Villarruel public\u00f3 en [&hellip;]\" \/>\n<meta property=\"og:url\" content=\"https:\/\/noticiasya.com\/2024\/09\/27\/vicepresidenta-argentina-critica-acuerdos-islas-malvinas-falkland-orix\/\" \/>\n<meta property=\"og:site_name\" content=\"Noticias\" \/>\n<meta property=\"article:published_time\" content=\"2024-09-28T02:03:58+00:00\" \/>\n<meta name=\"twitter:card\" content=\"summary_large_image\" \/>\n<meta name=\"twitter:label1\" content=\"Est. reading time\" \/>\n\t<meta name=\"twitter:data1\" content=\"3 minutos\" \/>\n<script type=\"application\/ld+json\" class=\"yoast-schema-graph\">{\"@context\":\"https:\/\/schema.org\",\"@graph\":[{\"@type\":\"Article\",\"@id\":\"https:\/\/noticiasya.com\/2024\/09\/27\/vicepresidenta-argentina-critica-acuerdos-islas-malvinas-falkland-orix\/#article\",\"isPartOf\":{\"@id\":\"https:\/\/noticiasya.com\/2024\/09\/27\/vicepresidenta-argentina-critica-acuerdos-islas-malvinas-falkland-orix\/\"},\"author\":{\"name\":\"\",\"@id\":\"\"},\"headline\":\"La vicepresidenta de Argentina critica acuerdos de su Gobierno con el Reino Unido sobre las islas Malvinas\/Falkland\",\"datePublished\":\"2024-09-28T02:03:58+00:00\",\"mainEntityOfPage\":{\"@id\":\"https:\/\/noticiasya.com\/2024\/09\/27\/vicepresidenta-argentina-critica-acuerdos-islas-malvinas-falkland-orix\/\"},\"wordCount\":524,\"commentCount\":0,\"publisher\":{\"@id\":\"https:\/\/noticiasya.com\/#organization\"},\"articleSection\":[\"Noticias Nacionales\"],\"inLanguage\":\"es\",\"potentialAction\":[{\"@type\":\"CommentAction\",\"name\":\"Comment\",\"target\":[\"https:\/\/noticiasya.com\/2024\/09\/27\/vicepresidenta-argentina-critica-acuerdos-islas-malvinas-falkland-orix\/#respond\"]}]},{\"@type\":\"WebPage\",\"@id\":\"https:\/\/noticiasya.com\/2024\/09\/27\/vicepresidenta-argentina-critica-acuerdos-islas-malvinas-falkland-orix\/\",\"url\":\"https:\/\/noticiasya.com\/2024\/09\/27\/vicepresidenta-argentina-critica-acuerdos-islas-malvinas-falkland-orix\/\",\"name\":\"La vicepresidenta de Argentina critica acuerdos de su Gobierno con el Reino Unido sobre las islas Malvinas\/Falkland - Noticias\",\"isPartOf\":{\"@id\":\"https:\/\/noticiasya.com\/#website\"},\"datePublished\":\"2024-09-28T02:03:58+00:00\",\"breadcrumb\":{\"@id\":\"https:\/\/noticiasya.com\/2024\/09\/27\/vicepresidenta-argentina-critica-acuerdos-islas-malvinas-falkland-orix\/#breadcrumb\"},\"inLanguage\":\"es\",\"potentialAction\":[{\"@type\":\"ReadAction\",\"target\":[\"https:\/\/noticiasya.com\/2024\/09\/27\/vicepresidenta-argentina-critica-acuerdos-islas-malvinas-falkland-orix\/\"]}]},{\"@type\":\"BreadcrumbList\",\"@id\":\"https:\/\/noticiasya.com\/2024\/09\/27\/vicepresidenta-argentina-critica-acuerdos-islas-malvinas-falkland-orix\/#breadcrumb\",\"itemListElement\":[{\"@type\":\"ListItem\",\"position\":1,\"name\":\"Home\",\"item\":\"https:\/\/noticiasya.com\/\"},{\"@type\":\"ListItem\",\"position\":2,\"name\":\"La vicepresidenta de Argentina critica acuerdos de su Gobierno con el Reino Unido sobre las islas Malvinas\/Falkland\"}]},{\"@type\":\"WebSite\",\"@id\":\"https:\/\/noticiasya.com\/#website\",\"url\":\"https:\/\/noticiasya.com\/\",\"name\":\"Noticias\",\"description\":\"Lo que importa\",\"publisher\":{\"@id\":\"https:\/\/noticiasya.com\/#organization\"},\"potentialAction\":[{\"@type\":\"SearchAction\",\"target\":{\"@type\":\"EntryPoint\",\"urlTemplate\":\"https:\/\/noticiasya.com\/?s={search_term_string}\"},\"query-input\":{\"@type\":\"PropertyValueSpecification\",\"valueRequired\":true,\"valueName\":\"search_term_string\"}}],\"inLanguage\":\"es\"},{\"@type\":\"Organization\",\"@id\":\"https:\/\/noticiasya.com\/#organization\",\"name\":\"Noticias\",\"url\":\"https:\/\/noticiasya.com\/\",\"logo\":{\"@type\":\"ImageObject\",\"inLanguage\":\"es\",\"@id\":\"https:\/\/noticiasya.com\/#\/schema\/logo\/image\/\",\"url\":\"https:\/\/noticiasya.com\/wp-content\/uploads\/sites\/22\/2023\/12\/logo-nacional.png\",\"contentUrl\":\"https:\/\/noticiasya.com\/wp-content\/uploads\/sites\/22\/2023\/12\/logo-nacional.png\",\"width\":1801,\"height\":691,\"caption\":\"Noticias\"},\"image\":{\"@id\":\"https:\/\/noticiasya.com\/#\/schema\/logo\/image\/\"}}]}<\/script>\n<!-- \/ Yoast SEO plugin. -->","yoast_head_json":{"title":"La vicepresidenta de Argentina critica acuerdos de su Gobierno con el Reino Unido sobre las islas Malvinas\/Falkland - Noticias","robots":{"index":"index","follow":"follow","max-snippet":"max-snippet:-1","max-image-preview":"max-image-preview:large","max-video-preview":"max-video-preview:-1"},"canonical":"https:\/\/noticiasya.com\/2024\/09\/27\/vicepresidenta-argentina-critica-acuerdos-islas-malvinas-falkland-orix\/","og_locale":"es_ES","og_type":"article","og_title":"La vicepresidenta de Argentina critica acuerdos de su Gobierno con el Reino Unido sobre las islas Malvinas\/Falkland - Noticias","og_description":"(CNN Espa\u00f1ol) &#8212;\u00a0La vicepresidenta de Argentina, Victoria Villarruel, critic\u00f3 este viernes los acuerdos que el Gobierno del presidente Javier Milei anunci\u00f3 esta semana con el Reino Unido sobre las islas Malvinas \u2015Falkland, en ingl\u00e9s\u2015, un archipi\u00e9lago por el que ambos pa\u00edses sostuvieron una guerra en 1982 y sobre el cual reclaman soberan\u00eda. Villarruel public\u00f3 en [&hellip;]","og_url":"https:\/\/noticiasya.com\/2024\/09\/27\/vicepresidenta-argentina-critica-acuerdos-islas-malvinas-falkland-orix\/","og_site_name":"Noticias","article_published_time":"2024-09-28T02:03:58+00:00","twitter_card":"summary_large_image","twitter_misc":{"Est. reading time":"3 minutos"},"schema":{"@context":"https:\/\/schema.org","@graph":[{"@type":"Article","@id":"https:\/\/noticiasya.com\/2024\/09\/27\/vicepresidenta-argentina-critica-acuerdos-islas-malvinas-falkland-orix\/#article","isPartOf":{"@id":"https:\/\/noticiasya.com\/2024\/09\/27\/vicepresidenta-argentina-critica-acuerdos-islas-malvinas-falkland-orix\/"},"author":{"name":"","@id":""},"headline":"La vicepresidenta de Argentina critica acuerdos de su Gobierno con el Reino Unido sobre las islas Malvinas\/Falkland","datePublished":"2024-09-28T02:03:58+00:00","mainEntityOfPage":{"@id":"https:\/\/noticiasya.com\/2024\/09\/27\/vicepresidenta-argentina-critica-acuerdos-islas-malvinas-falkland-orix\/"},"wordCount":524,"commentCount":0,"publisher":{"@id":"https:\/\/noticiasya.com\/#organization"},"articleSection":["Noticias Nacionales"],"inLanguage":"es","potentialAction":[{"@type":"CommentAction","name":"Comment","target":["https:\/\/noticiasya.com\/2024\/09\/27\/vicepresidenta-argentina-critica-acuerdos-islas-malvinas-falkland-orix\/#respond"]}]},{"@type":"WebPage","@id":"https:\/\/noticiasya.com\/2024\/09\/27\/vicepresidenta-argentina-critica-acuerdos-islas-malvinas-falkland-orix\/","url":"https:\/\/noticiasya.com\/2024\/09\/27\/vicepresidenta-argentina-critica-acuerdos-islas-malvinas-falkland-orix\/","name":"La vicepresidenta de Argentina critica acuerdos de su Gobierno con el Reino Unido sobre las islas Malvinas\/Falkland - Noticias","isPartOf":{"@id":"https:\/\/noticiasya.com\/#website"},"datePublished":"2024-09-28T02:03:58+00:00","breadcrumb":{"@id":"https:\/\/noticiasya.com\/2024\/09\/27\/vicepresidenta-argentina-critica-acuerdos-islas-malvinas-falkland-orix\/#breadcrumb"},"inLanguage":"es","potentialAction":[{"@type":"ReadAction","target":["https:\/\/noticiasya.com\/2024\/09\/27\/vicepresidenta-argentina-critica-acuerdos-islas-malvinas-falkland-orix\/"]}]},{"@type":"BreadcrumbList","@id":"https:\/\/noticiasya.com\/2024\/09\/27\/vicepresidenta-argentina-critica-acuerdos-islas-malvinas-falkland-orix\/#breadcrumb","itemListElement":[{"@type":"ListItem","position":1,"name":"Home","item":"https:\/\/noticiasya.com\/"},{"@type":"ListItem","position":2,"name":"La vicepresidenta de Argentina critica acuerdos de su Gobierno con el Reino Unido sobre las islas Malvinas\/Falkland"}]},{"@type":"WebSite","@id":"https:\/\/noticiasya.com\/#website","url":"https:\/\/noticiasya.com\/","name":"Noticias","description":"Lo que importa","publisher":{"@id":"https:\/\/noticiasya.com\/#organization"},"potentialAction":[{"@type":"SearchAction","target":{"@type":"EntryPoint","urlTemplate":"https:\/\/noticiasya.com\/?s={search_term_string}"},"query-input":{"@type":"PropertyValueSpecification","valueRequired":true,"valueName":"search_term_string"}}],"inLanguage":"es"},{"@type":"Organization","@id":"https:\/\/noticiasya.com\/#organization","name":"Noticias","url":"https:\/\/noticiasya.com\/","logo":{"@type":"ImageObject","inLanguage":"es","@id":"https:\/\/noticiasya.com\/#\/schema\/logo\/image\/","url":"https:\/\/noticiasya.com\/wp-content\/uploads\/sites\/22\/2023\/12\/logo-nacional.png","contentUrl":"https:\/\/noticiasya.com\/wp-content\/uploads\/sites\/22\/2023\/12\/logo-nacional.png","width":1801,"height":691,"caption":"Noticias"},"image":{"@id":"https:\/\/noticiasya.com\/#\/schema\/logo\/image\/"}}]}},"parsely":{"version":"1.1.0","canonical_url":"https:\/\/noticiasya.com\/midland-odessa\/2024\/09\/27\/vicepresidenta-argentina-critica-acuerdos-islas-malvinas-falkland-orix\/","smart_links":{"inbound":0,"outbound":0},"traffic_boost_suggestions_count":0,"meta":{"@context":"https:\/\/schema.org","@type":"NewsArticle","headline":"La vicepresidenta de Argentina critica acuerdos de su Gobierno con el Reino Unido sobre las islas Malvinas\/Falkland","url":"http:\/\/noticiasya.com\/midland-odessa\/2024\/09\/27\/vicepresidenta-argentina-critica-acuerdos-islas-malvinas-falkland-orix\/","mainEntityOfPage":{"@type":"WebPage","@id":"http:\/\/noticiasya.com\/midland-odessa\/2024\/09\/27\/vicepresidenta-argentina-critica-acuerdos-islas-malvinas-falkland-orix\/"},"thumbnailUrl":"","image":{"@type":"ImageObject","url":""},"articleSection":"Noticias Nacionales","author":[],"creator":[],"publisher":{"@type":"Organization","name":"Noticias","logo":""},"keywords":[],"dateCreated":"2024-09-28T02:03:58Z","datePublished":"2024-09-28T02:03:58Z","dateModified":"2024-09-28T02:03:58Z"},"rendered":"<script type=\"application\/ld+json\" class=\"wp-parsely-metadata\">{\"@context\":\"https:\\\/\\\/schema.org\",\"@type\":\"NewsArticle\",\"headline\":\"La vicepresidenta de Argentina critica acuerdos de su Gobierno con el Reino Unido sobre las islas Malvinas\\\/Falkland\",\"url\":\"http:\\\/\\\/noticiasya.com\\\/midland-odessa\\\/2024\\\/09\\\/27\\\/vicepresidenta-argentina-critica-acuerdos-islas-malvinas-falkland-orix\\\/\",\"mainEntityOfPage\":{\"@type\":\"WebPage\",\"@id\":\"http:\\\/\\\/noticiasya.com\\\/midland-odessa\\\/2024\\\/09\\\/27\\\/vicepresidenta-argentina-critica-acuerdos-islas-malvinas-falkland-orix\\\/\"},\"thumbnailUrl\":\"\",\"image\":{\"@type\":\"ImageObject\",\"url\":\"\"},\"articleSection\":\"Noticias Nacionales\",\"author\":[],\"creator\":[],\"publisher\":{\"@type\":\"Organization\",\"name\":\"Noticias\",\"logo\":\"\"},\"keywords\":[],\"dateCreated\":\"2024-09-28T02:03:58Z\",\"datePublished\":\"2024-09-28T02:03:58Z\",\"dateModified\":\"2024-09-28T02:03:58Z\"}<\/script>","tracker_url":"https:\/\/cdn.parsely.com\/keys\/noticiasya.com\/p.js"},"jetpack_featured_media_url":"","jetpack-related-posts":[{"id":1447644,"url":"https:\/\/noticiasya.com\/midland-odessa\/2024\/04\/02\/guerra-malvinas-argentina-reino-unido-40-orix\/","url_meta":{"origin":1453162,"position":0},"title":"A 40 a\u00f1os de la Guerra de las Malvinas, Argentina y el Reino Unido a\u00fan disputan la soberan\u00eda sobre el archipi\u00e9lago","author":"","date":"abril 2, 2024","format":false,"excerpt":"(CNN Espa\u00f1ol) -- Un archipi\u00e9lago de 11.718 kil\u00f3metros cuadrados de superficie, fr\u00edo y rico en recursos ubicado en el Atl\u00e1ntico Sur y a unos 600 kil\u00f3metros de la costa de Argentina, ha estado en el centro de un conflicto cuyos or\u00edgenes se remontan a 500 a\u00f1os.Las islas Malvinas (como se\u2026","rel":"","context":"In &quot;Noticias Nacionales&quot;","block_context":{"text":"Noticias Nacionales","link":"https:\/\/noticiasya.com\/midland-odessa\/categoria\/noticias-nacionales"},"img":{"alt_text":"","src":"","width":0,"height":0},"classes":[]},{"id":1447649,"url":"https:\/\/noticiasya.com\/midland-odessa\/2024\/04\/02\/guerra-malvinas-argentina-reino-unido-42-orix\/","url_meta":{"origin":1453162,"position":1},"title":"A 42 a\u00f1os de la Guerra de las Malvinas, Argentina y el Reino Unido a\u00fan disputan la soberan\u00eda sobre el archipi\u00e9lago","author":"","date":"abril 2, 2024","format":false,"excerpt":"(CNN Espa\u00f1ol) -- Un archipi\u00e9lago de 11.718 kil\u00f3metros cuadrados de superficie, fr\u00edo y rico en recursos ubicado en el Atl\u00e1ntico Sur y a unos 600 kil\u00f3metros de la costa de Argentina, ha estado en el centro de un conflicto cuyos or\u00edgenes se remontan 500 a\u00f1os atr\u00e1s.Las islas Malvinas (como se\u2026","rel":"","context":"In &quot;Noticias Nacionales&quot;","block_context":{"text":"Noticias Nacionales","link":"https:\/\/noticiasya.com\/midland-odessa\/categoria\/noticias-nacionales"},"img":{"alt_text":"","src":"","width":0,"height":0},"classes":[]},{"id":1472917,"url":"https:\/\/noticiasya.com\/midland-odessa\/2026\/04\/06\/kast-respaldo-chile-argentina-malvinas-milei-orix\/","url_meta":{"origin":1453162,"position":2},"title":"Kast reafirm\u00f3 el respaldo de Chile a Argentina en su reclamo por las Malvinas tras reunirse con Milei","author":"","date":"abril 6, 2026","format":false,"excerpt":"El presidente de Chile, Jos\u00e9 Antonio Kast, reiter\u00f3 el respaldo de su Gobierno a Argentina en su reclamo de soberan\u00eda sobre las Islas Malvinas, tras reunirse con su par argentino, Javier Milei, en Buenos Aires en un gesto que refuerza la hist\u00f3rica postura chilena ante una disputa con el Reino\u2026","rel":"","context":"In &quot;Noticias Nacionales&quot;","block_context":{"text":"Noticias Nacionales","link":"https:\/\/noticiasya.com\/midland-odessa\/categoria\/noticias-nacionales"},"img":{"alt_text":"","src":"","width":0,"height":0},"classes":[]},{"id":1447656,"url":"https:\/\/noticiasya.com\/midland-odessa\/2024\/04\/02\/javier-milei-malvinas-reconciliacion-orix\/","url_meta":{"origin":1453162,"position":3},"title":"A los 42 a\u00f1os de la Guerra de Malvinas, Javier Milei llama a una \u201creconciliaci\u00f3n con las Fuerzas Armadas\u201d","author":"","date":"abril 2, 2024","format":false,"excerpt":"(CNN en Espa\u00f1ol) -- El presidente de Argentina, Javier Milei, convoc\u00f3 a una \u201cnueva era\u201d y llam\u00f3 a la \u201creconciliaci\u00f3n con las Fuerzas Armadas\u201d en el marco de la conmemoraci\u00f3n por el aniversario 42 del inicio de la Guerra de Malvinas.Cada 2 de abril se conmemora en el pa\u00eds el\u2026","rel":"","context":"In &quot;Noticias Nacionales&quot;","block_context":{"text":"Noticias Nacionales","link":"https:\/\/noticiasya.com\/midland-odessa\/categoria\/noticias-nacionales"},"img":{"alt_text":"","src":"","width":0,"height":0},"classes":[]},{"id":1469490,"url":"https:\/\/noticiasya.com\/midland-odessa\/2025\/12\/22\/historia-bloqueos-venezuela-america-latina-orix\/","url_meta":{"origin":1453162,"position":4},"title":"\u00bfQu\u00e9 dice la historia sobre los bloqueos en Venezuela y en Am\u00e9rica Latina?","author":"","date":"diciembre 22, 2025","format":false,"excerpt":"\u201cLa Armada m\u00e1s grande reunida en la historia de Sudam\u00e9rica\u201d, seg\u00fan el presidente de EE.UU., Donald Trump, ejecuta un \u201cbloqueo total\u201d de los buques sancionados que transportan el petr\u00f3leo de Venezuela.Estados Unidos ya incaut\u00f3 dos de esos buques la semana pasada, y hay decenas de estos petroleros sancionados actualmente en\u2026","rel":"","context":"In &quot;Noticias Nacionales&quot;","block_context":{"text":"Noticias Nacionales","link":"https:\/\/noticiasya.com\/midland-odessa\/categoria\/noticias-nacionales"},"img":{"alt_text":"","src":"","width":0,"height":0},"classes":[]},{"id":1460755,"url":"https:\/\/noticiasya.com\/midland-odessa\/2025\/04\/02\/guerra-malvinas-amistad-excombatiente-argentino-ingles-orix\/","url_meta":{"origin":1453162,"position":5},"title":"Guerra de las Malvinas: la relaci\u00f3n de amistad entre un excombatiente argentino y otro ingl\u00e9s","author":"","date":"abril 2, 2025","format":false,"excerpt":"Rub\u00e9n Otero se dio cuenta de que no sent\u00eda sus piernas. Reci\u00e9n rescatado del mar g\u00e9lido, colgaba de un arn\u00e9s que lo trasladaba de la balsa al barco que lo devolver\u00eda a tierra firme. Ten\u00eda la mitad del cuerpo congelado. Era un 3 de mayo de 1982, justo un mes\u2026","rel":"","context":"In &quot;Noticias Nacionales&quot;","block_context":{"text":"Noticias Nacionales","link":"https:\/\/noticiasya.com\/midland-odessa\/categoria\/noticias-nacionales"},"img":{"alt_text":"","src":"","width":0,"height":0},"classes":[]}],"jetpack_sharing_enabled":true,"_links":{"self":[{"href":"https:\/\/noticiasya.com\/midland-odessa\/wp-json\/wp\/v2\/posts\/1453162","targetHints":{"allow":["GET"]}}],"collection":[{"href":"https:\/\/noticiasya.com\/midland-odessa\/wp-json\/wp\/v2\/posts"}],"about":[{"href":"https:\/\/noticiasya.com\/midland-odessa\/wp-json\/wp\/v2\/types\/post"}],"replies":[{"embeddable":true,"href":"https:\/\/noticiasya.com\/midland-odessa\/wp-json\/wp\/v2\/comments?post=1453162"}],"version-history":[{"count":0,"href":"https:\/\/noticiasya.com\/midland-odessa\/wp-json\/wp\/v2\/posts\/1453162\/revisions"}],"wp:attachment":[{"href":"https:\/\/noticiasya.com\/midland-odessa\/wp-json\/wp\/v2\/media?parent=1453162"}],"wp:term":[{"taxonomy":"category","embeddable":true,"href":"https:\/\/noticiasya.com\/midland-odessa\/wp-json\/wp\/v2\/categories?post=1453162"},{"taxonomy":"post_tag","embeddable":true,"href":"https:\/\/noticiasya.com\/midland-odessa\/wp-json\/wp\/v2\/tags?post=1453162"}],"curies":[{"name":"wp","href":"https:\/\/api.w.org\/{rel}","templated":true}]}}