{"id":1453164,"date":"2024-09-27T20:03:40","date_gmt":"2024-09-28T03:03:40","guid":{"rendered":"https:\/\/noticiasya.com\/2024\/09\/27\/incendios-quito-ecuador-liquidados-4-detenidos-orix\/"},"modified":"2024-09-27T20:03:40","modified_gmt":"2024-09-28T03:03:40","slug":"incendios-quito-ecuador-liquidados-4-detenidos-orix","status":"publish","type":"post","link":"https:\/\/noticiasya.com\/midland-odessa\/2024\/09\/27\/incendios-quito-ecuador-liquidados-4-detenidos-orix\/","title":{"rendered":"Declaran liquidados los incendios que afectaron Quito esta semana; hay 4 presuntos responsables detenidos"},"content":{"rendered":"<p>(CNN Espa\u00f1ol) &#8212; Los incendios forestales que esta semana afectaron varios puntos de Quito quedaron liquidados este viernes, dijeron el alcalde Pabel Mu\u00f1oz y los bomberos de la capital de Ecuador.<\/p>\n<p>El alcalde dijo en su cuenta de X que se trat\u00f3 de los peores incendios en 30 a\u00f1os, y agradeci\u00f3 tanto a los bomberos de Quito como a los de otras ciudades y a las autoridades nacionales que apoyaron en las labores para apagar el fuego.<\/p>\n<p>M\u00e1s temprano, el funcionario inform\u00f3 en un comunicado que hasta ahora hay cuatro personas detenidas por su presunta responsabilidad en los incendios.<\/p>\n<p>Autoridades de Ecuador afirman que el incendio forestal en Quito fue provocado y buscan a los responsables<\/p>\n<p>Los dos primeros detenidos fueron un joven de 19 a\u00f1os y un colombiano, quienes fueron aprehendidos el mi\u00e9rcoles y el jueves, respectivamente. La Fiscal\u00eda de Ecuador tiene investigaciones abiertas para determinar c\u00f3mo se origin\u00f3 el fuego.<\/p>\n<p>Los bomberos de Quito, en tanto, anunciaron en su cuenta de X el cierre del Puesto de Mando Unificado que fue instalado para enfrentar los incendios en los tres sectores perjudicados: Gu\u00e1pulo, Parque Metropolitano y cerro Auqui.<\/p>\n<p>Estos incendios se intensificaron el martes, cuando generaron nubes de humo visibles por toda la ciudad. Al d\u00eda siguiente, hicieron que la capital se declarara en situaci\u00f3n de emergencia.<\/p>\n<p>La noche del jueves, el alcalde inform\u00f3 que los incendios estaban siendo controlados \u2014con ayuda de las lluvias que cayeron ese d\u00eda\u2014 y agreg\u00f3 que las actividades cotidianas empezar\u00edan a retomar su ritmo habitual este viernes. El funcionario dijo que no hubo personas fallecidas por estos hechos.<\/p>\n<p>The-CNN-Wire<br \/>&trade; &amp; &copy; 2024 Cable News Network, Inc., a Warner Bros. Discovery Company. All rights reserved.<\/p>\n","protected":false},"excerpt":{"rendered":"<p>(CNN Espa\u00f1ol) &#8212; Los incendios forestales que esta semana afectaron varios puntos de Quito quedaron liquidados este viernes, dijeron el alcalde Pabel Mu\u00f1oz y los bomberos de la capital de Ecuador. El alcalde dijo en su cuenta de X que se trat\u00f3 de los peores incendios en 30 a\u00f1os, y agradeci\u00f3 tanto a los bomberos [&hellip;]<\/p>\n","protected":false},"author":0,"featured_media":0,"comment_status":"open","ping_status":"open","sticky":false,"template":"","format":"standard","meta":{"_jetpack_memberships_contains_paid_content":false,"footnotes":""},"categories":[10],"tags":[],"class_list":["post-1453164","post","type-post","status-publish","format-standard","hentry","category-noticias-nacionales","market-global"],"yoast_head":"<!-- This site is optimized with the Yoast SEO plugin v24.4 - https:\/\/yoast.com\/wordpress\/plugins\/seo\/ -->\n<title>Declaran liquidados los incendios que afectaron Quito esta semana; hay 4 presuntos responsables detenidos - Noticias<\/title>\n<meta name=\"robots\" content=\"index, follow, max-snippet:-1, max-image-preview:large, max-video-preview:-1\" \/>\n<link rel=\"canonical\" href=\"https:\/\/noticiasya.com\/2024\/09\/27\/incendios-quito-ecuador-liquidados-4-detenidos-orix\/\" \/>\n<meta property=\"og:locale\" content=\"es_ES\" \/>\n<meta property=\"og:type\" content=\"article\" \/>\n<meta property=\"og:title\" content=\"Declaran liquidados los incendios que afectaron Quito esta semana; hay 4 presuntos responsables detenidos - Noticias\" \/>\n<meta property=\"og:description\" content=\"(CNN Espa\u00f1ol) &#8212; Los incendios forestales que esta semana afectaron varios puntos de Quito quedaron liquidados este viernes, dijeron el alcalde Pabel Mu\u00f1oz y los bomberos de la capital de Ecuador. El alcalde dijo en su cuenta de X que se trat\u00f3 de los peores incendios en 30 a\u00f1os, y agradeci\u00f3 tanto a los bomberos [&hellip;]\" \/>\n<meta property=\"og:url\" content=\"https:\/\/noticiasya.com\/2024\/09\/27\/incendios-quito-ecuador-liquidados-4-detenidos-orix\/\" \/>\n<meta property=\"og:site_name\" content=\"Noticias\" \/>\n<meta property=\"article:published_time\" content=\"2024-09-28T03:03:40+00:00\" \/>\n<meta name=\"twitter:card\" content=\"summary_large_image\" \/>\n<meta name=\"twitter:label1\" content=\"Est. reading time\" \/>\n\t<meta name=\"twitter:data1\" content=\"1 minuto\" \/>\n<script type=\"application\/ld+json\" class=\"yoast-schema-graph\">{\"@context\":\"https:\/\/schema.org\",\"@graph\":[{\"@type\":\"Article\",\"@id\":\"https:\/\/noticiasya.com\/2024\/09\/27\/incendios-quito-ecuador-liquidados-4-detenidos-orix\/#article\",\"isPartOf\":{\"@id\":\"https:\/\/noticiasya.com\/2024\/09\/27\/incendios-quito-ecuador-liquidados-4-detenidos-orix\/\"},\"author\":{\"name\":\"\",\"@id\":\"\"},\"headline\":\"Declaran liquidados los incendios que afectaron Quito esta semana; hay 4 presuntos responsables detenidos\",\"datePublished\":\"2024-09-28T03:03:40+00:00\",\"mainEntityOfPage\":{\"@id\":\"https:\/\/noticiasya.com\/2024\/09\/27\/incendios-quito-ecuador-liquidados-4-detenidos-orix\/\"},\"wordCount\":305,\"commentCount\":0,\"publisher\":{\"@id\":\"https:\/\/noticiasya.com\/#organization\"},\"articleSection\":[\"Noticias Nacionales\"],\"inLanguage\":\"es\",\"potentialAction\":[{\"@type\":\"CommentAction\",\"name\":\"Comment\",\"target\":[\"https:\/\/noticiasya.com\/2024\/09\/27\/incendios-quito-ecuador-liquidados-4-detenidos-orix\/#respond\"]}]},{\"@type\":\"WebPage\",\"@id\":\"https:\/\/noticiasya.com\/2024\/09\/27\/incendios-quito-ecuador-liquidados-4-detenidos-orix\/\",\"url\":\"https:\/\/noticiasya.com\/2024\/09\/27\/incendios-quito-ecuador-liquidados-4-detenidos-orix\/\",\"name\":\"Declaran liquidados los incendios que afectaron Quito esta semana; hay 4 presuntos responsables detenidos - Noticias\",\"isPartOf\":{\"@id\":\"https:\/\/noticiasya.com\/#website\"},\"datePublished\":\"2024-09-28T03:03:40+00:00\",\"breadcrumb\":{\"@id\":\"https:\/\/noticiasya.com\/2024\/09\/27\/incendios-quito-ecuador-liquidados-4-detenidos-orix\/#breadcrumb\"},\"inLanguage\":\"es\",\"potentialAction\":[{\"@type\":\"ReadAction\",\"target\":[\"https:\/\/noticiasya.com\/2024\/09\/27\/incendios-quito-ecuador-liquidados-4-detenidos-orix\/\"]}]},{\"@type\":\"BreadcrumbList\",\"@id\":\"https:\/\/noticiasya.com\/2024\/09\/27\/incendios-quito-ecuador-liquidados-4-detenidos-orix\/#breadcrumb\",\"itemListElement\":[{\"@type\":\"ListItem\",\"position\":1,\"name\":\"Home\",\"item\":\"https:\/\/noticiasya.com\/\"},{\"@type\":\"ListItem\",\"position\":2,\"name\":\"Declaran liquidados los incendios que afectaron Quito esta semana; hay 4 presuntos responsables detenidos\"}]},{\"@type\":\"WebSite\",\"@id\":\"https:\/\/noticiasya.com\/#website\",\"url\":\"https:\/\/noticiasya.com\/\",\"name\":\"Noticias\",\"description\":\"Lo que importa\",\"publisher\":{\"@id\":\"https:\/\/noticiasya.com\/#organization\"},\"potentialAction\":[{\"@type\":\"SearchAction\",\"target\":{\"@type\":\"EntryPoint\",\"urlTemplate\":\"https:\/\/noticiasya.com\/?s={search_term_string}\"},\"query-input\":{\"@type\":\"PropertyValueSpecification\",\"valueRequired\":true,\"valueName\":\"search_term_string\"}}],\"inLanguage\":\"es\"},{\"@type\":\"Organization\",\"@id\":\"https:\/\/noticiasya.com\/#organization\",\"name\":\"Noticias\",\"url\":\"https:\/\/noticiasya.com\/\",\"logo\":{\"@type\":\"ImageObject\",\"inLanguage\":\"es\",\"@id\":\"https:\/\/noticiasya.com\/#\/schema\/logo\/image\/\",\"url\":\"https:\/\/noticiasya.com\/wp-content\/uploads\/sites\/22\/2023\/12\/logo-nacional.png\",\"contentUrl\":\"https:\/\/noticiasya.com\/wp-content\/uploads\/sites\/22\/2023\/12\/logo-nacional.png\",\"width\":1801,\"height\":691,\"caption\":\"Noticias\"},\"image\":{\"@id\":\"https:\/\/noticiasya.com\/#\/schema\/logo\/image\/\"}}]}<\/script>\n<!-- \/ Yoast SEO plugin. -->","yoast_head_json":{"title":"Declaran liquidados los incendios que afectaron Quito esta semana; hay 4 presuntos responsables detenidos - Noticias","robots":{"index":"index","follow":"follow","max-snippet":"max-snippet:-1","max-image-preview":"max-image-preview:large","max-video-preview":"max-video-preview:-1"},"canonical":"https:\/\/noticiasya.com\/2024\/09\/27\/incendios-quito-ecuador-liquidados-4-detenidos-orix\/","og_locale":"es_ES","og_type":"article","og_title":"Declaran liquidados los incendios que afectaron Quito esta semana; hay 4 presuntos responsables detenidos - Noticias","og_description":"(CNN Espa\u00f1ol) &#8212; Los incendios forestales que esta semana afectaron varios puntos de Quito quedaron liquidados este viernes, dijeron el alcalde Pabel Mu\u00f1oz y los bomberos de la capital de Ecuador. El alcalde dijo en su cuenta de X que se trat\u00f3 de los peores incendios en 30 a\u00f1os, y agradeci\u00f3 tanto a los bomberos [&hellip;]","og_url":"https:\/\/noticiasya.com\/2024\/09\/27\/incendios-quito-ecuador-liquidados-4-detenidos-orix\/","og_site_name":"Noticias","article_published_time":"2024-09-28T03:03:40+00:00","twitter_card":"summary_large_image","twitter_misc":{"Est. reading time":"1 minuto"},"schema":{"@context":"https:\/\/schema.org","@graph":[{"@type":"Article","@id":"https:\/\/noticiasya.com\/2024\/09\/27\/incendios-quito-ecuador-liquidados-4-detenidos-orix\/#article","isPartOf":{"@id":"https:\/\/noticiasya.com\/2024\/09\/27\/incendios-quito-ecuador-liquidados-4-detenidos-orix\/"},"author":{"name":"","@id":""},"headline":"Declaran liquidados los incendios que afectaron Quito esta semana; hay 4 presuntos responsables detenidos","datePublished":"2024-09-28T03:03:40+00:00","mainEntityOfPage":{"@id":"https:\/\/noticiasya.com\/2024\/09\/27\/incendios-quito-ecuador-liquidados-4-detenidos-orix\/"},"wordCount":305,"commentCount":0,"publisher":{"@id":"https:\/\/noticiasya.com\/#organization"},"articleSection":["Noticias Nacionales"],"inLanguage":"es","potentialAction":[{"@type":"CommentAction","name":"Comment","target":["https:\/\/noticiasya.com\/2024\/09\/27\/incendios-quito-ecuador-liquidados-4-detenidos-orix\/#respond"]}]},{"@type":"WebPage","@id":"https:\/\/noticiasya.com\/2024\/09\/27\/incendios-quito-ecuador-liquidados-4-detenidos-orix\/","url":"https:\/\/noticiasya.com\/2024\/09\/27\/incendios-quito-ecuador-liquidados-4-detenidos-orix\/","name":"Declaran liquidados los incendios que afectaron Quito esta semana; hay 4 presuntos responsables detenidos - Noticias","isPartOf":{"@id":"https:\/\/noticiasya.com\/#website"},"datePublished":"2024-09-28T03:03:40+00:00","breadcrumb":{"@id":"https:\/\/noticiasya.com\/2024\/09\/27\/incendios-quito-ecuador-liquidados-4-detenidos-orix\/#breadcrumb"},"inLanguage":"es","potentialAction":[{"@type":"ReadAction","target":["https:\/\/noticiasya.com\/2024\/09\/27\/incendios-quito-ecuador-liquidados-4-detenidos-orix\/"]}]},{"@type":"BreadcrumbList","@id":"https:\/\/noticiasya.com\/2024\/09\/27\/incendios-quito-ecuador-liquidados-4-detenidos-orix\/#breadcrumb","itemListElement":[{"@type":"ListItem","position":1,"name":"Home","item":"https:\/\/noticiasya.com\/"},{"@type":"ListItem","position":2,"name":"Declaran liquidados los incendios que afectaron Quito esta semana; hay 4 presuntos responsables detenidos"}]},{"@type":"WebSite","@id":"https:\/\/noticiasya.com\/#website","url":"https:\/\/noticiasya.com\/","name":"Noticias","description":"Lo que importa","publisher":{"@id":"https:\/\/noticiasya.com\/#organization"},"potentialAction":[{"@type":"SearchAction","target":{"@type":"EntryPoint","urlTemplate":"https:\/\/noticiasya.com\/?s={search_term_string}"},"query-input":{"@type":"PropertyValueSpecification","valueRequired":true,"valueName":"search_term_string"}}],"inLanguage":"es"},{"@type":"Organization","@id":"https:\/\/noticiasya.com\/#organization","name":"Noticias","url":"https:\/\/noticiasya.com\/","logo":{"@type":"ImageObject","inLanguage":"es","@id":"https:\/\/noticiasya.com\/#\/schema\/logo\/image\/","url":"https:\/\/noticiasya.com\/wp-content\/uploads\/sites\/22\/2023\/12\/logo-nacional.png","contentUrl":"https:\/\/noticiasya.com\/wp-content\/uploads\/sites\/22\/2023\/12\/logo-nacional.png","width":1801,"height":691,"caption":"Noticias"},"image":{"@id":"https:\/\/noticiasya.com\/#\/schema\/logo\/image\/"}}]}},"parsely":{"version":"1.1.0","canonical_url":"https:\/\/noticiasya.com\/midland-odessa\/2024\/09\/27\/incendios-quito-ecuador-liquidados-4-detenidos-orix\/","smart_links":{"inbound":0,"outbound":0},"traffic_boost_suggestions_count":0,"meta":{"@context":"https:\/\/schema.org","@type":"NewsArticle","headline":"Declaran liquidados los incendios que afectaron Quito esta semana; hay 4 presuntos responsables detenidos","url":"http:\/\/noticiasya.com\/midland-odessa\/2024\/09\/27\/incendios-quito-ecuador-liquidados-4-detenidos-orix\/","mainEntityOfPage":{"@type":"WebPage","@id":"http:\/\/noticiasya.com\/midland-odessa\/2024\/09\/27\/incendios-quito-ecuador-liquidados-4-detenidos-orix\/"},"thumbnailUrl":"","image":{"@type":"ImageObject","url":""},"articleSection":"Noticias Nacionales","author":[],"creator":[],"publisher":{"@type":"Organization","name":"Noticias","logo":""},"keywords":[],"dateCreated":"2024-09-28T03:03:40Z","datePublished":"2024-09-28T03:03:40Z","dateModified":"2024-09-28T03:03:40Z"},"rendered":"<script type=\"application\/ld+json\" class=\"wp-parsely-metadata\">{\"@context\":\"https:\\\/\\\/schema.org\",\"@type\":\"NewsArticle\",\"headline\":\"Declaran liquidados los incendios que afectaron Quito esta semana; hay 4 presuntos responsables detenidos\",\"url\":\"http:\\\/\\\/noticiasya.com\\\/midland-odessa\\\/2024\\\/09\\\/27\\\/incendios-quito-ecuador-liquidados-4-detenidos-orix\\\/\",\"mainEntityOfPage\":{\"@type\":\"WebPage\",\"@id\":\"http:\\\/\\\/noticiasya.com\\\/midland-odessa\\\/2024\\\/09\\\/27\\\/incendios-quito-ecuador-liquidados-4-detenidos-orix\\\/\"},\"thumbnailUrl\":\"\",\"image\":{\"@type\":\"ImageObject\",\"url\":\"\"},\"articleSection\":\"Noticias Nacionales\",\"author\":[],\"creator\":[],\"publisher\":{\"@type\":\"Organization\",\"name\":\"Noticias\",\"logo\":\"\"},\"keywords\":[],\"dateCreated\":\"2024-09-28T03:03:40Z\",\"datePublished\":\"2024-09-28T03:03:40Z\",\"dateModified\":\"2024-09-28T03:03:40Z\"}<\/script>","tracker_url":"https:\/\/cdn.parsely.com\/keys\/noticiasya.com\/p.js"},"jetpack_featured_media_url":"","jetpack-related-posts":[{"id":1453092,"url":"https:\/\/noticiasya.com\/midland-odessa\/2024\/09\/26\/quito-declara-emergencia-incendios-forestales-orix\/","url_meta":{"origin":1453164,"position":0},"title":"Quito declara emergencia por los incendios forestales","author":"","date":"septiembre 26, 2024","format":false,"excerpt":"(CNN Espa\u00f1ol) --\u00a0La Alcald\u00eda de Quito declar\u00f3 este mi\u00e9rcoles emergencia, debido a los incendios que el martes se intensificaron en varios puntos de la capital de Ecuador.El alcalde Pabel Mu\u00f1oz dijo en conferencia de prensa que el Comit\u00e9 de Operaciones de Emergencia (COE) tom\u00f3 la decisi\u00f3n por recomendaci\u00f3n de un\u2026","rel":"","context":"In &quot;Noticias Nacionales&quot;","block_context":{"text":"Noticias Nacionales","link":"https:\/\/noticiasya.com\/midland-odessa\/categoria\/noticias-nacionales"},"img":{"alt_text":"","src":"","width":0,"height":0},"classes":[]},{"id":1453093,"url":"https:\/\/noticiasya.com\/midland-odessa\/2024\/09\/26\/ecuador-incendio-forestal-quito-provocado-trax\/","url_meta":{"origin":1453164,"position":1},"title":"Autoridades de Ecuador afirman que el incendio forestal en Quito fue provocado y buscan a los responsables","author":"","date":"septiembre 26, 2024","format":false,"excerpt":"(CNN Espa\u00f1ol) --\u00a0El incendio forestal que arrasa con todo a su paso por Quito, capital de Ecuador, habr\u00eda sido provocado, asegur\u00f3 In\u00e9s Manzano, ministra de Ambiente, en un mensaje publicado en la red social X este martes, quien cit\u00f3 informaci\u00f3n del comandante de Polic\u00eda y sum\u00f3 que el ministerio de\u2026","rel":"","context":"In &quot;Noticias Nacionales&quot;","block_context":{"text":"Noticias Nacionales","link":"https:\/\/noticiasya.com\/midland-odessa\/categoria\/noticias-nacionales"},"img":{"alt_text":"","src":"","width":0,"height":0},"classes":[]},{"id":1453116,"url":"https:\/\/noticiasya.com\/midland-odessa\/2024\/09\/26\/detienen-segundo-hombre-involucrado-incendios-quito-orix\/","url_meta":{"origin":1453164,"position":2},"title":"Detienen a un segundo hombre presuntamente involucrado en los incendios en Quito","author":"","date":"septiembre 26, 2024","format":false,"excerpt":"(CNN Espa\u00f1ol) \u2013\u2013 La Polic\u00eda Nacional de Ecuador detuvo este jueves a un segundo hombre presuntamente involucrado en los incendios que esta semana afectan a Quito e hicieron que la Alcald\u00eda declarara emergencia en la capital, de acuerdo con un comunicado.Se trata, seg\u00fan las autoridades, de una persona de nacionalidad\u2026","rel":"","context":"In &quot;Noticias Nacionales&quot;","block_context":{"text":"Noticias Nacionales","link":"https:\/\/noticiasya.com\/midland-odessa\/categoria\/noticias-nacionales"},"img":{"alt_text":"","src":"","width":0,"height":0},"classes":[]},{"id":1453030,"url":"https:\/\/noticiasya.com\/midland-odessa\/2024\/09\/24\/incendio-forestal-humo-quito-ecuador-orix\/","url_meta":{"origin":1453164,"position":3},"title":"Gran incendio forestal cubre de humo la ciudad de Quito, hay equipos de emergencia luchando contra las llamas","author":"","date":"septiembre 24, 2024","format":false,"excerpt":"(CNN Espa\u00f1ol) \u2013\u2013 El Cuerpo de Bomberos de Quito, en Ecuador, confirm\u00f3 que un incendio forestal fue reportado en el sector de Gu\u00e1pulo, en el centro norte de la capital.La instituci\u00f3n indic\u00f3 que debido a los fuertes vientos que atraviesa la capital ecuatoriana se present\u00f3 una gran cantidad de humo\u2026","rel":"","context":"In &quot;Noticias Nacionales&quot;","block_context":{"text":"Noticias Nacionales","link":"https:\/\/noticiasya.com\/midland-odessa\/categoria\/noticias-nacionales"},"img":{"alt_text":"","src":"","width":0,"height":0},"classes":[]},{"id":1444302,"url":"https:\/\/noticiasya.com\/midland-odessa\/2024\/01\/23\/seis-incendios-forestales-afectaron-a-bogota-este-lunes-y-uno-de-ellos-aun-no-esta-controlado\/","url_meta":{"origin":1453164,"position":4},"title":"Seis incendios forestales afectaron a Bogot\u00e1 este lunes y uno de ellos a\u00fan no est\u00e1 controlado","author":"","date":"enero 23, 2024","format":false,"excerpt":"(CNN en Espa\u00f1ol) -- Seis incendios forestales afectaron distintos puntos de Bogot\u00e1 este lunes y, de ellos, uno ocurrido en la zona de los Cerros Orientales a\u00fan no est\u00e1 controlado por los bomberos y los cuerpos de seguridad, inform\u00f3 el alcalde de la capital colombiana, Carlos Gal\u00e1n.El funcionario dijo en\u2026","rel":"","context":"In &quot;Noticias Nacionales&quot;","block_context":{"text":"Noticias Nacionales","link":"https:\/\/noticiasya.com\/midland-odessa\/categoria\/noticias-nacionales"},"img":{"alt_text":"","src":"","width":0,"height":0},"classes":[]},{"id":1464720,"url":"https:\/\/noticiasya.com\/midland-odessa\/2025\/07\/21\/reparacion-tuberia-quito-agua-orix\/","url_meta":{"origin":1453164,"position":5},"title":"\u00bfC\u00f3mo van los trabajos para reparar la tuber\u00eda en Quito que dej\u00f3 a 6 parroquias sin agua hace m\u00e1s de una semana?","author":"","date":"julio 21, 2025","format":false,"excerpt":"Los trabajos para reparar la tuber\u00eda del sistema Mica-Quito Sur, que dej\u00f3 sin agua a seis parroquias de la capital de Ecuador desde hace m\u00e1s de una semana, fueron suspendidos temporalmente debido al clima extremo, inform\u00f3 este domingo el Municipio de Quito.Seg\u00fan el comunicado oficial, la decisi\u00f3n se tom\u00f3 para\u2026","rel":"","context":"In &quot;Noticias Nacionales&quot;","block_context":{"text":"Noticias Nacionales","link":"https:\/\/noticiasya.com\/midland-odessa\/categoria\/noticias-nacionales"},"img":{"alt_text":"","src":"","width":0,"height":0},"classes":[]}],"jetpack_sharing_enabled":true,"_links":{"self":[{"href":"https:\/\/noticiasya.com\/midland-odessa\/wp-json\/wp\/v2\/posts\/1453164","targetHints":{"allow":["GET"]}}],"collection":[{"href":"https:\/\/noticiasya.com\/midland-odessa\/wp-json\/wp\/v2\/posts"}],"about":[{"href":"https:\/\/noticiasya.com\/midland-odessa\/wp-json\/wp\/v2\/types\/post"}],"replies":[{"embeddable":true,"href":"https:\/\/noticiasya.com\/midland-odessa\/wp-json\/wp\/v2\/comments?post=1453164"}],"version-history":[{"count":0,"href":"https:\/\/noticiasya.com\/midland-odessa\/wp-json\/wp\/v2\/posts\/1453164\/revisions"}],"wp:attachment":[{"href":"https:\/\/noticiasya.com\/midland-odessa\/wp-json\/wp\/v2\/media?parent=1453164"}],"wp:term":[{"taxonomy":"category","embeddable":true,"href":"https:\/\/noticiasya.com\/midland-odessa\/wp-json\/wp\/v2\/categories?post=1453164"},{"taxonomy":"post_tag","embeddable":true,"href":"https:\/\/noticiasya.com\/midland-odessa\/wp-json\/wp\/v2\/tags?post=1453164"}],"curies":[{"name":"wp","href":"https:\/\/api.w.org\/{rel}","templated":true}]}}