{"id":1453169,"date":"2024-09-28T07:03:54","date_gmt":"2024-09-28T14:03:54","guid":{"rendered":"https:\/\/noticiasya.com\/2024\/09\/28\/hombres-mas-cercanos-nicolas-maduro-venezuela-orix\/"},"modified":"2024-09-28T07:03:54","modified_gmt":"2024-09-28T14:03:54","slug":"hombres-mas-cercanos-nicolas-maduro-venezuela-orix","status":"publish","type":"post","link":"https:\/\/noticiasya.com\/midland-odessa\/2024\/09\/28\/hombres-mas-cercanos-nicolas-maduro-venezuela-orix\/","title":{"rendered":"Estas son las figuras m\u00e1s cercanas a Nicol\u00e1s Maduro. Radiograf\u00eda a los dos meses de las elecciones del 28 de julio"},"content":{"rendered":"<p>(CNN Espa\u00f1ol) &#8212; Cuando el presidente de Venezuela, Nicol\u00e1s Maduro realiz\u00f3 cambios en su gabinete en agosto, tras ser declarado vencedor en las pol\u00e9micas elecciones presidenciales del 28 de julio, orden\u00f3 algunos movimientos trascendentes, pero no hubo sorpresas ni rostros nuevos entre los puestos m\u00e1s importantes, a los que accede un c\u00edrculo \u00edntimo que ha tenido pocas variaciones desde que el mandatario asumi\u00f3 el poder hace m\u00e1s de una d\u00e9cada.<\/p>\n<p>Ahora puedes seguirnos en\u00a0WhatsApp Channel<\/p>\n<p>\u201cEn lo esencial, las figuras m\u00e1s influyentes siguen siendo las mismas\u201d, indic\u00f3 a CNN el polit\u00f3logo John Magdaleno, quien agreg\u00f3 que m\u00e1s bien se ha reducido la esfera de confianza del mandatario. Un ejemplo es la defenestraci\u00f3n del exvicepresidente Tareck El Aissami, actualmente acusado de corrupci\u00f3n.<\/p>\n<p>\u201cObviamente en el c\u00edrculo \u00edntimo de poder est\u00e1n los hermanos Rodr\u00edguez, Delcy y Jorge, que son un factor muy influyente en la coalici\u00f3n\u201d, apunt\u00f3.<\/p>\n<p>Se refiere Magdaleno en primera instancia a la vicepresidenta, ahora tambi\u00e9n nombrada ministra de Petr\u00f3leo. Desde la era del fallecido Hugo Ch\u00e1vez ha estado en diversos cargos del gabinete y ha sido tambi\u00e9n canciller.<\/p>\n<p>\u00bfQui\u00e9n es Cilia Flores, la esposa de Maduro y \u201cprimera combatiente\u201d del chavismo?<\/p>\n<p>Jorge Rodr\u00edguez es actualmente presidente de la Asamblea Nacional, desde donde ha promovido en la crisis poselectoral varios proyectos del ala dura del chavismo, como la limitaci\u00f3n del trabajo de las organizaciones no gubernamentales.<\/p>\n<p>Un informe de la Misi\u00f3n Internacional Independiente de Determinaci\u00f3n de los Hechos sobre Venezuela de la ONU report\u00f3 la semana pasada que el Parlamento, bajo el mando de Rodr\u00edguez, \u201ccontinu\u00f3 siendo instrumental en la aprobaci\u00f3n de nuevas leyes restrictivas del espacio c\u00edvico y democr\u00e1tico sin que medie un debate genuino y democr\u00e1tico\u201d.<\/p>\n<p>Ambos hermanos, adem\u00e1s, recibieron el encargo de tramitar el exilio del l\u00edder opositor Edmundo Gonz\u00e1lez Urrutia, que ha sido reconocido como ganador de los pasados comicios por Estados Unidos y otros gobiernos de Am\u00e9rica Latina. El Parlamento Europeo lo reconoci\u00f3 adem\u00e1s como presidente electo de Venezuela.<\/p>\n<p>El regreso de Cabello al gabinete<\/p>\n<p>En cuanto a Diosdado Cabello, nuevo ministro de Interior, el polit\u00f3logo Magdaleno record\u00f3 que junto a Maduro estuvieron flanqueando al fallecido Hugo Ch\u00e1vez en su \u00faltima alocuci\u00f3n en Caracas en diciembre de 2012. \u201cAhora tiene responsabilidades m\u00e1s formales, pero ya era un hombre muy influyente, no solo como vicepresidente del Partido Socialista Unido de Venezuela (PSUV) y miembro de lo que en alg\u00fan momento se llam\u00f3 el Alto Mando C\u00edvico Militar\u201d, resalt\u00f3.<\/p>\n<p>Un informe del Programa Venezolano de Educaci\u00f3n-Acci\u00f3n en Derechos Humanos (Provea) publicado a inicios de septiembre se\u00f1al\u00f3 que Cabello \u201cdesde hace a\u00f1os ha liderado la confrontaci\u00f3n y persecuci\u00f3n contra los y las defensoras de derechos humanos, ha obligado a disminuir el perfil p\u00fablico y tomar todo tipo de cuidados para la mayor\u00eda de las organizaciones\u201d.<\/p>\n<p>Cabello, que ha criticado numerosas veces a Provea, no se pronunci\u00f3 sobre el \u00faltimo reporte de la ONG.<\/p>\n<p>Diosdado Cabello habla con sus partidarios durante la &#8216;Gran Marcha Mundial por la Paz&#8217; en apoyo al actual presidente de Venezuela, Nicol\u00e1s Maduro, el 17 de agosto de 2024 en Caracas, Venezuela. (Foto: Alfredo Lasry R\/Getty Images).<\/p>\n<p>El coordinador general de Provea, Oscar Murillo, dijo a CNN que la designaci\u00f3n de Cabello fue el movimiento m\u00e1s importante de los \u00faltimos cambios en el gabinete, y que el ahora ministro hab\u00eda estado apartado, lanzando incluso algunas cr\u00edticas desde su programa de televisi\u00f3n, donde se reforz\u00f3, dice, como el representante m\u00e1s verborr\u00e1gico del ala dura del chavismo. \u201cEs una demostraci\u00f3n de fragilidad del liderazgo de Nicol\u00e1s Maduro, quien queda deteriorado con el resultado electoral y tiene que recurrir a esta figura\u201d, consider\u00f3.<\/p>\n<p>\u201cEs un cambio que responde m\u00e1s a una l\u00f3gica de atrincheramiento en torno a una decisi\u00f3n de no ceder el poder, un repliegue t\u00e1ctico que se hace solo con las figuras que generan mayor confianza para el n\u00facleo gobernante. No hay diversidad o amplitud, el momento les dice que hay que cerrar filas con caras conocidas que aseguren una lealtad absoluta\u201d, analiz\u00f3.<\/p>\n<p>Otro de los alfiles del Gobierno de Maduro es el fiscal general Tarek William Saab, quien tiene una larga carrera en el oficialismo como diputado, constituyente, gobernador y defensor del pueblo hasta suceder en el Ministerio P\u00fablico a Luisa Ortega D\u00edaz en 2017.<\/p>\n<p>El fiscal general de Venezuela dice que orden de detenci\u00f3n en Argentina contra Maduro es una venganza: &#171;Es un copi\u00f3n&#187;<\/p>\n<p>Murillo apunt\u00f3 que Saab \u201cha acompa\u00f1ado el proceso revolucionario de (Hugo) Ch\u00e1vez\u201d, pero que su comportamiento en el cargo, de acuerdo con el mandato constitucional, \u201cno ha sido en beneficio o protecci\u00f3n de las v\u00edctimas de los atropellos\u201d. Seg\u00fan agreg\u00f3, existe \u201cmiedo y terror a denunciar, y eso habla mal de la Fiscal\u00eda\u201d.<\/p>\n<p>Saab ha defendido su gesti\u00f3n, tanto como defensor del pueblo, fiscal y al frente del Poder Ciudadano, una de las cinco ramas del Poder P\u00fablico Nacional. Seg\u00fan sostuvo en entrevista con CNN, cree &#171;en el principio de cooperaci\u00f3n entre poderes p\u00fablicos&#187;. Adem\u00e1s, asegur\u00f3 que Venezuela &#171;es un pa\u00eds garante&#187;, y que \u00e9l mismo, como titular de la Comisi\u00f3n de Derechos Humanos de la Asamblea Constituyente de 1999, escribi\u00f3 el t\u00edtulo sobre garant\u00edas constitucionales.<\/p>\n<p>Responsables de la represi\u00f3n<\/p>\n<p>Magdaleno, en t\u00e9rminos generales, explic\u00f3 que \u201cen coyunturas cr\u00edticas, que desaf\u00edan a reg\u00edmenes autoritarios, los actores que ocupan puestos relevantes en el aparato del Estado suelen adquirir m\u00e1s poder y relevancia\u201d.<\/p>\n<p>En el caso de Vladimir Padrino L\u00f3pez, el polit\u00f3logo destac\u00f3 que es el ministro de Defensa que m\u00e1s ha durado en el cargo en las \u00faltimas d\u00e9cadas.<\/p>\n<p>Por su parte, Murillo dijo que Padrino L\u00f3pez \u201ces un componente esencial de la c\u00fapula gobernante\u201d y que \u201csin su apoyo, el proyecto tambalear\u00eda mucho m\u00e1s\u201d. Dijo tambi\u00e9n que la extensa gesti\u00f3n del ministro \u201cha generado un tap\u00f3n en los ascensos militares, reforzando ese liderazgo\u201d.<\/p>\n<p>Vladimir Padrino L\u00f3pez (Cr\u00e9dito: FEDERICO PARRA\/AFP via Getty Images)<\/p>\n<p>El coordinador de Provea coment\u00f3 que la oposici\u00f3n ten\u00eda la expectativa de que tras las elecciones Padrino reconociera la victoria opositora, pero ese mensaje nunca lleg\u00f3. \u201cLo que termina posicion\u00e1ndose en el torno militar es el miedo al siguiente paso a un cambio pol\u00edtico\u201d, se\u00f1al\u00f3 Murillo, en referencia a las investigaciones internacionales que est\u00e1n en marcha sobre las violaciones a derechos humanos en el pa\u00eds y que involucran a varios oficiales de la Fuerza Armada Nacional Bolivariana.<\/p>\n<p>Seg\u00fan se\u00f1al\u00f3, en los \u00faltimos dos meses, frente a las protestas opositoras por la crisis poselectoral, ha habido un cuidado para que algunos miembros de esa instituci\u00f3n no aparezcan \u201cen las primeras filas de los sectores represivos\u201d.<\/p>\n<p>El chavismo convierte un villancico venezolano en sin\u00f3nimo de represi\u00f3n. \u00bfEn qu\u00e9 consiste la &#171;operaci\u00f3n Tun, tun&#187;?<\/p>\n<p>Dos de los m\u00e1s leales colaboradores de Maduro \u2013Elio Estrada, comandante de la Guardia Nacional Bolivariana desde 2023 (antes dirigi\u00f3 la Polic\u00eda Nacional) y Alexander Granko, jefe de la Direcci\u00f3n de Asuntos Especiales de la Direcci\u00f3n General de Contrainteligencia Militar (sancionado por EE.UU. en 2019)- est\u00e1n se\u00f1alados por su papel en las presuntas violaciones a los derechos humanos investigadas por un panel de expertos para la ONU, que se ocupa del caso de Venezuela desde 2019.<\/p>\n<p>A pesar de ese esfuerzo, Estrada fue sancionado este mes por Estados Unidos por su papel en la detenci\u00f3n de los manifestantes opositores despu\u00e9s de las elecciones presidenciales.<\/p>\n<p>Un canciller \u201cradical\u201d<\/p>\n<p>En el caso del canciller Yv\u00e1n Gil, Murillo indic\u00f3 que su ratificaci\u00f3n en el cargo fue una sorpresa.<\/p>\n<p>Tras los cambios anunciados por Maduro, el jefe de la diplomacia bolivariana, que hab\u00eda estado en el gabinete como ministro de Agricultura en 2013, se mantiene en el c\u00edrculo del presidente.<\/p>\n<p>Cuando fue nombrado en enero de 2023, se esperaba una figura m\u00e1s dialogante. \u201cEra la apuesta que nos vendieron. Tiene dificultades para la moderaci\u00f3n y no termina por beneficiar a la imagen del Gobierno. Se ha ido erosionando la cooperaci\u00f3n con los organismos de derechos humanos\u201d, apunt\u00f3.<\/p>\n<p>El canciller venezolano Yvan Gil en una fotograf\u00eda de archivo (FEDERICO PARRA\/AFP via Getty Images)<\/p>\n<p>Murillo a\u00f1adi\u00f3 que Gil ha sido una de las figuras m\u00e1s radicales en el contexto poselectoral.<\/p>\n<p>\u201cQuiz\u00e1s (su permanencia) obedece al principio de mantenerse en el poder a toda costa\u201d, coment\u00f3.<\/p>\n<p>En abril, Gil neg\u00f3 la existencia de la banda criminal Tren de Aragua y dijo que era \u201cuna ficci\u00f3n\u201d, lo que desat\u00f3 el repudio del Gobierno de Chile. Tras las elecciones, defendi\u00f3 a capa y espada los pronunciamientos del oficialismo, acusando de golpistas a quienes cuestionaron el proceso.<\/p>\n<p>La Justicia y el CNE<\/p>\n<p>Cuando Nicol\u00e1s Maduro acudi\u00f3 al Tribunal Supremo de Justicia para presentar un recurso contencioso y pedir que certifique los resultados de las elecciones, lo hizo sabiendo de los cuestionamientos que pesan sobre los integrantes del tribunal. La ONG venezolana Acceso a la Justicia se\u00f1ala que miembros de la directiva del TSJ tienen \u201cprobados nexos\u201d con el gobernante partido socialista de Venezuela (PSUV).<\/p>\n<p>Por su parte, la Misi\u00f3n Independiente de Verificaci\u00f3n de Hechos de Naciones Unidas en Venezuela ha alertado sobre la \u201cfalta de independencia e imparcialidad\u201d del Tribunal Supremo y del Consejo Nacional Electoral.<\/p>\n<p>El Gobierno de Maduro siempre ha insistido en la independencia de las instituciones del pa\u00eds.<\/p>\n<p>Caryslia Rodr\u00edguez es la presidenta del TSJ desde enero y tambi\u00e9n es titular de la Sala Electoral desde 2022. Antes de su designaci\u00f3n, la abogada ya era una figura p\u00fablica directamente relacionada al PSUV. Como militante, opt\u00f3 por cargos de elecci\u00f3n popular.<\/p>\n<p>Rodr\u00edguez fue una figura clave en la sentencia 122, que dej\u00f3 sin efecto el proceso que condujo la Comisi\u00f3n Nacional de Primaria (CNP) opositora el 22 de octubre de 2023. La decisi\u00f3n intentaba anular las elecciones primarias en las que result\u00f3 electa como candidata opositora la dirigente Mar\u00eda Corina Machado, que luego fue inhabilitada por el mismo tribunal para ejercer cargos p\u00fablicos.<\/p>\n<p>El Consejo Nacional Electoral, que proclam\u00f3 la victoria del presidente sin ofrecer datos que respalden el resultado, tambi\u00e9n est\u00e1 liderado por un funcionario cercano a Maduro. Elvis Amoroso, considerado una de las figuras m\u00e1s leales del chavismo, fue nombrado en agosto de 2023, luego forjarse una trayectoria en el oficialismo como diputado y como vicepresidente de la Asamblea Nacional Constituyente.<\/p>\n<p>Durante su gesti\u00f3n como contralor, dict\u00f3 la inhabilitaci\u00f3n a l\u00edderes opositores como Juan Guaid\u00f3 en 2019 y Mar\u00eda Corina Machado en 2023, con un veto por 15 a\u00f1os.<\/p>\n<p>The-CNN-Wire<br \/>&trade; &amp; &copy; 2024 Cable News Network, Inc., a Warner Bros. Discovery Company. All rights reserved.<\/p>\n","protected":false},"excerpt":{"rendered":"<p>(CNN Espa\u00f1ol) &#8212; Cuando el presidente de Venezuela, Nicol\u00e1s Maduro realiz\u00f3 cambios en su gabinete en agosto, tras ser declarado vencedor en las pol\u00e9micas elecciones presidenciales del 28 de julio, orden\u00f3 algunos movimientos trascendentes, pero no hubo sorpresas ni rostros nuevos entre los puestos m\u00e1s importantes, a los que accede un c\u00edrculo \u00edntimo que ha [&hellip;]<\/p>\n","protected":false},"author":0,"featured_media":0,"comment_status":"open","ping_status":"open","sticky":false,"template":"","format":"standard","meta":{"_jetpack_memberships_contains_paid_content":false,"footnotes":""},"categories":[10],"tags":[],"class_list":["post-1453169","post","type-post","status-publish","format-standard","hentry","category-noticias-nacionales","market-global"],"yoast_head":"<!-- This site is optimized with the Yoast SEO plugin v24.4 - https:\/\/yoast.com\/wordpress\/plugins\/seo\/ -->\n<title>Estas son las figuras m\u00e1s cercanas a Nicol\u00e1s Maduro. Radiograf\u00eda a los dos meses de las elecciones del 28 de julio - Noticias<\/title>\n<meta name=\"robots\" content=\"index, follow, max-snippet:-1, max-image-preview:large, max-video-preview:-1\" \/>\n<link rel=\"canonical\" href=\"https:\/\/noticiasya.com\/2024\/09\/28\/hombres-mas-cercanos-nicolas-maduro-venezuela-orix\/\" \/>\n<meta property=\"og:locale\" content=\"es_ES\" \/>\n<meta property=\"og:type\" content=\"article\" \/>\n<meta property=\"og:title\" content=\"Estas son las figuras m\u00e1s cercanas a Nicol\u00e1s Maduro. Radiograf\u00eda a los dos meses de las elecciones del 28 de julio - Noticias\" \/>\n<meta property=\"og:description\" content=\"(CNN Espa\u00f1ol) &#8212; Cuando el presidente de Venezuela, Nicol\u00e1s Maduro realiz\u00f3 cambios en su gabinete en agosto, tras ser declarado vencedor en las pol\u00e9micas elecciones presidenciales del 28 de julio, orden\u00f3 algunos movimientos trascendentes, pero no hubo sorpresas ni rostros nuevos entre los puestos m\u00e1s importantes, a los que accede un c\u00edrculo \u00edntimo que ha [&hellip;]\" \/>\n<meta property=\"og:url\" content=\"https:\/\/noticiasya.com\/2024\/09\/28\/hombres-mas-cercanos-nicolas-maduro-venezuela-orix\/\" \/>\n<meta property=\"og:site_name\" content=\"Noticias\" \/>\n<meta property=\"article:published_time\" content=\"2024-09-28T14:03:54+00:00\" \/>\n<meta name=\"twitter:card\" content=\"summary_large_image\" \/>\n<meta name=\"twitter:label1\" content=\"Est. reading time\" \/>\n\t<meta name=\"twitter:data1\" content=\"9 minutos\" \/>\n<script type=\"application\/ld+json\" class=\"yoast-schema-graph\">{\"@context\":\"https:\/\/schema.org\",\"@graph\":[{\"@type\":\"Article\",\"@id\":\"https:\/\/noticiasya.com\/2024\/09\/28\/hombres-mas-cercanos-nicolas-maduro-venezuela-orix\/#article\",\"isPartOf\":{\"@id\":\"https:\/\/noticiasya.com\/2024\/09\/28\/hombres-mas-cercanos-nicolas-maduro-venezuela-orix\/\"},\"author\":{\"name\":\"\",\"@id\":\"\"},\"headline\":\"Estas son las figuras m\u00e1s cercanas a Nicol\u00e1s Maduro. Radiograf\u00eda a los dos meses de las elecciones del 28 de julio\",\"datePublished\":\"2024-09-28T14:03:54+00:00\",\"mainEntityOfPage\":{\"@id\":\"https:\/\/noticiasya.com\/2024\/09\/28\/hombres-mas-cercanos-nicolas-maduro-venezuela-orix\/\"},\"wordCount\":1880,\"commentCount\":0,\"publisher\":{\"@id\":\"https:\/\/noticiasya.com\/#organization\"},\"articleSection\":[\"Noticias Nacionales\"],\"inLanguage\":\"es\",\"potentialAction\":[{\"@type\":\"CommentAction\",\"name\":\"Comment\",\"target\":[\"https:\/\/noticiasya.com\/2024\/09\/28\/hombres-mas-cercanos-nicolas-maduro-venezuela-orix\/#respond\"]}]},{\"@type\":\"WebPage\",\"@id\":\"https:\/\/noticiasya.com\/2024\/09\/28\/hombres-mas-cercanos-nicolas-maduro-venezuela-orix\/\",\"url\":\"https:\/\/noticiasya.com\/2024\/09\/28\/hombres-mas-cercanos-nicolas-maduro-venezuela-orix\/\",\"name\":\"Estas son las figuras m\u00e1s cercanas a Nicol\u00e1s Maduro. Radiograf\u00eda a los dos meses de las elecciones del 28 de julio - Noticias\",\"isPartOf\":{\"@id\":\"https:\/\/noticiasya.com\/#website\"},\"datePublished\":\"2024-09-28T14:03:54+00:00\",\"breadcrumb\":{\"@id\":\"https:\/\/noticiasya.com\/2024\/09\/28\/hombres-mas-cercanos-nicolas-maduro-venezuela-orix\/#breadcrumb\"},\"inLanguage\":\"es\",\"potentialAction\":[{\"@type\":\"ReadAction\",\"target\":[\"https:\/\/noticiasya.com\/2024\/09\/28\/hombres-mas-cercanos-nicolas-maduro-venezuela-orix\/\"]}]},{\"@type\":\"BreadcrumbList\",\"@id\":\"https:\/\/noticiasya.com\/2024\/09\/28\/hombres-mas-cercanos-nicolas-maduro-venezuela-orix\/#breadcrumb\",\"itemListElement\":[{\"@type\":\"ListItem\",\"position\":1,\"name\":\"Home\",\"item\":\"https:\/\/noticiasya.com\/\"},{\"@type\":\"ListItem\",\"position\":2,\"name\":\"Estas son las figuras m\u00e1s cercanas a Nicol\u00e1s Maduro. Radiograf\u00eda a los dos meses de las elecciones del 28 de julio\"}]},{\"@type\":\"WebSite\",\"@id\":\"https:\/\/noticiasya.com\/#website\",\"url\":\"https:\/\/noticiasya.com\/\",\"name\":\"Noticias\",\"description\":\"Lo que importa\",\"publisher\":{\"@id\":\"https:\/\/noticiasya.com\/#organization\"},\"potentialAction\":[{\"@type\":\"SearchAction\",\"target\":{\"@type\":\"EntryPoint\",\"urlTemplate\":\"https:\/\/noticiasya.com\/?s={search_term_string}\"},\"query-input\":{\"@type\":\"PropertyValueSpecification\",\"valueRequired\":true,\"valueName\":\"search_term_string\"}}],\"inLanguage\":\"es\"},{\"@type\":\"Organization\",\"@id\":\"https:\/\/noticiasya.com\/#organization\",\"name\":\"Noticias\",\"url\":\"https:\/\/noticiasya.com\/\",\"logo\":{\"@type\":\"ImageObject\",\"inLanguage\":\"es\",\"@id\":\"https:\/\/noticiasya.com\/#\/schema\/logo\/image\/\",\"url\":\"https:\/\/noticiasya.com\/wp-content\/uploads\/sites\/22\/2023\/12\/logo-nacional.png\",\"contentUrl\":\"https:\/\/noticiasya.com\/wp-content\/uploads\/sites\/22\/2023\/12\/logo-nacional.png\",\"width\":1801,\"height\":691,\"caption\":\"Noticias\"},\"image\":{\"@id\":\"https:\/\/noticiasya.com\/#\/schema\/logo\/image\/\"}}]}<\/script>\n<!-- \/ Yoast SEO plugin. -->","yoast_head_json":{"title":"Estas son las figuras m\u00e1s cercanas a Nicol\u00e1s Maduro. Radiograf\u00eda a los dos meses de las elecciones del 28 de julio - Noticias","robots":{"index":"index","follow":"follow","max-snippet":"max-snippet:-1","max-image-preview":"max-image-preview:large","max-video-preview":"max-video-preview:-1"},"canonical":"https:\/\/noticiasya.com\/2024\/09\/28\/hombres-mas-cercanos-nicolas-maduro-venezuela-orix\/","og_locale":"es_ES","og_type":"article","og_title":"Estas son las figuras m\u00e1s cercanas a Nicol\u00e1s Maduro. Radiograf\u00eda a los dos meses de las elecciones del 28 de julio - Noticias","og_description":"(CNN Espa\u00f1ol) &#8212; Cuando el presidente de Venezuela, Nicol\u00e1s Maduro realiz\u00f3 cambios en su gabinete en agosto, tras ser declarado vencedor en las pol\u00e9micas elecciones presidenciales del 28 de julio, orden\u00f3 algunos movimientos trascendentes, pero no hubo sorpresas ni rostros nuevos entre los puestos m\u00e1s importantes, a los que accede un c\u00edrculo \u00edntimo que ha [&hellip;]","og_url":"https:\/\/noticiasya.com\/2024\/09\/28\/hombres-mas-cercanos-nicolas-maduro-venezuela-orix\/","og_site_name":"Noticias","article_published_time":"2024-09-28T14:03:54+00:00","twitter_card":"summary_large_image","twitter_misc":{"Est. reading time":"9 minutos"},"schema":{"@context":"https:\/\/schema.org","@graph":[{"@type":"Article","@id":"https:\/\/noticiasya.com\/2024\/09\/28\/hombres-mas-cercanos-nicolas-maduro-venezuela-orix\/#article","isPartOf":{"@id":"https:\/\/noticiasya.com\/2024\/09\/28\/hombres-mas-cercanos-nicolas-maduro-venezuela-orix\/"},"author":{"name":"","@id":""},"headline":"Estas son las figuras m\u00e1s cercanas a Nicol\u00e1s Maduro. Radiograf\u00eda a los dos meses de las elecciones del 28 de julio","datePublished":"2024-09-28T14:03:54+00:00","mainEntityOfPage":{"@id":"https:\/\/noticiasya.com\/2024\/09\/28\/hombres-mas-cercanos-nicolas-maduro-venezuela-orix\/"},"wordCount":1880,"commentCount":0,"publisher":{"@id":"https:\/\/noticiasya.com\/#organization"},"articleSection":["Noticias Nacionales"],"inLanguage":"es","potentialAction":[{"@type":"CommentAction","name":"Comment","target":["https:\/\/noticiasya.com\/2024\/09\/28\/hombres-mas-cercanos-nicolas-maduro-venezuela-orix\/#respond"]}]},{"@type":"WebPage","@id":"https:\/\/noticiasya.com\/2024\/09\/28\/hombres-mas-cercanos-nicolas-maduro-venezuela-orix\/","url":"https:\/\/noticiasya.com\/2024\/09\/28\/hombres-mas-cercanos-nicolas-maduro-venezuela-orix\/","name":"Estas son las figuras m\u00e1s cercanas a Nicol\u00e1s Maduro. Radiograf\u00eda a los dos meses de las elecciones del 28 de julio - Noticias","isPartOf":{"@id":"https:\/\/noticiasya.com\/#website"},"datePublished":"2024-09-28T14:03:54+00:00","breadcrumb":{"@id":"https:\/\/noticiasya.com\/2024\/09\/28\/hombres-mas-cercanos-nicolas-maduro-venezuela-orix\/#breadcrumb"},"inLanguage":"es","potentialAction":[{"@type":"ReadAction","target":["https:\/\/noticiasya.com\/2024\/09\/28\/hombres-mas-cercanos-nicolas-maduro-venezuela-orix\/"]}]},{"@type":"BreadcrumbList","@id":"https:\/\/noticiasya.com\/2024\/09\/28\/hombres-mas-cercanos-nicolas-maduro-venezuela-orix\/#breadcrumb","itemListElement":[{"@type":"ListItem","position":1,"name":"Home","item":"https:\/\/noticiasya.com\/"},{"@type":"ListItem","position":2,"name":"Estas son las figuras m\u00e1s cercanas a Nicol\u00e1s Maduro. Radiograf\u00eda a los dos meses de las elecciones del 28 de julio"}]},{"@type":"WebSite","@id":"https:\/\/noticiasya.com\/#website","url":"https:\/\/noticiasya.com\/","name":"Noticias","description":"Lo que importa","publisher":{"@id":"https:\/\/noticiasya.com\/#organization"},"potentialAction":[{"@type":"SearchAction","target":{"@type":"EntryPoint","urlTemplate":"https:\/\/noticiasya.com\/?s={search_term_string}"},"query-input":{"@type":"PropertyValueSpecification","valueRequired":true,"valueName":"search_term_string"}}],"inLanguage":"es"},{"@type":"Organization","@id":"https:\/\/noticiasya.com\/#organization","name":"Noticias","url":"https:\/\/noticiasya.com\/","logo":{"@type":"ImageObject","inLanguage":"es","@id":"https:\/\/noticiasya.com\/#\/schema\/logo\/image\/","url":"https:\/\/noticiasya.com\/wp-content\/uploads\/sites\/22\/2023\/12\/logo-nacional.png","contentUrl":"https:\/\/noticiasya.com\/wp-content\/uploads\/sites\/22\/2023\/12\/logo-nacional.png","width":1801,"height":691,"caption":"Noticias"},"image":{"@id":"https:\/\/noticiasya.com\/#\/schema\/logo\/image\/"}}]}},"parsely":{"version":"1.1.0","canonical_url":"https:\/\/noticiasya.com\/midland-odessa\/2024\/09\/28\/hombres-mas-cercanos-nicolas-maduro-venezuela-orix\/","smart_links":{"inbound":0,"outbound":0},"traffic_boost_suggestions_count":0,"meta":{"@context":"https:\/\/schema.org","@type":"NewsArticle","headline":"Estas son las figuras m\u00e1s cercanas a Nicol\u00e1s Maduro. Radiograf\u00eda a los dos meses de las elecciones del 28 de julio","url":"http:\/\/noticiasya.com\/midland-odessa\/2024\/09\/28\/hombres-mas-cercanos-nicolas-maduro-venezuela-orix\/","mainEntityOfPage":{"@type":"WebPage","@id":"http:\/\/noticiasya.com\/midland-odessa\/2024\/09\/28\/hombres-mas-cercanos-nicolas-maduro-venezuela-orix\/"},"thumbnailUrl":"","image":{"@type":"ImageObject","url":""},"articleSection":"Noticias Nacionales","author":[],"creator":[],"publisher":{"@type":"Organization","name":"Noticias","logo":""},"keywords":[],"dateCreated":"2024-09-28T14:03:54Z","datePublished":"2024-09-28T14:03:54Z","dateModified":"2024-09-28T14:03:54Z"},"rendered":"<script type=\"application\/ld+json\" class=\"wp-parsely-metadata\">{\"@context\":\"https:\\\/\\\/schema.org\",\"@type\":\"NewsArticle\",\"headline\":\"Estas son las figuras m\\u00e1s cercanas a Nicol\\u00e1s Maduro. Radiograf\\u00eda a los dos meses de las elecciones del 28 de julio\",\"url\":\"http:\\\/\\\/noticiasya.com\\\/midland-odessa\\\/2024\\\/09\\\/28\\\/hombres-mas-cercanos-nicolas-maduro-venezuela-orix\\\/\",\"mainEntityOfPage\":{\"@type\":\"WebPage\",\"@id\":\"http:\\\/\\\/noticiasya.com\\\/midland-odessa\\\/2024\\\/09\\\/28\\\/hombres-mas-cercanos-nicolas-maduro-venezuela-orix\\\/\"},\"thumbnailUrl\":\"\",\"image\":{\"@type\":\"ImageObject\",\"url\":\"\"},\"articleSection\":\"Noticias Nacionales\",\"author\":[],\"creator\":[],\"publisher\":{\"@type\":\"Organization\",\"name\":\"Noticias\",\"logo\":\"\"},\"keywords\":[],\"dateCreated\":\"2024-09-28T14:03:54Z\",\"datePublished\":\"2024-09-28T14:03:54Z\",\"dateModified\":\"2024-09-28T14:03:54Z\"}<\/script>","tracker_url":"https:\/\/cdn.parsely.com\/keys\/noticiasya.com\/p.js"},"jetpack_featured_media_url":"","jetpack-related-posts":[{"id":1451209,"url":"https:\/\/noticiasya.com\/midland-odessa\/2024\/07\/17\/maduro-bano-de-sangre-elecciones-venezuela-orix\/","url_meta":{"origin":1453169,"position":0},"title":"Maduro advirti\u00f3 de \u201cba\u00f1o de sangre\u201d en Venezuela si no gana las elecciones","author":"","date":"julio 17, 2024","format":false,"excerpt":"(CNN en Espa\u00f1ol) --\u00a0Cuando faltan apenas 10 d\u00edas para las elecciones presidenciales en Venezuela, el presidente Nicol\u00e1s Maduro hizo este martes una dura advertencia sobre la posibilidad de un \u201cba\u00f1o de sangre\u201d si los partidarios oficialistas no garantizan la victoria en los comicios del 28 de julio.\u201cEl destino de Venezuela,\u2026","rel":"","context":"In &quot;Noticias Nacionales&quot;","block_context":{"text":"Noticias Nacionales","link":"https:\/\/noticiasya.com\/midland-odessa\/categoria\/noticias-nacionales"},"img":{"alt_text":"","src":"","width":0,"height":0},"classes":[]},{"id":1453181,"url":"https:\/\/noticiasya.com\/midland-odessa\/2024\/09\/28\/maduro-venezuela-critica-edmundo-gonzalez-maria-corina-machado-orix\/","url_meta":{"origin":1453169,"position":1},"title":"Dos meses despu\u00e9s de las controversiales elecciones, Nicol\u00e1s Maduro critica la salida de Edmundo Gonz\u00e1lez y sugiere sin pruebas que Mar\u00eda Corina Machado abandonar\u00e1 Venezuela","author":"","date":"septiembre 28, 2024","format":false,"excerpt":"(CNN Espa\u00f1ol) -- El presidente de Venezuela, Nicol\u00e1s Maduro, critic\u00f3 este s\u00e1bado la salida a Espa\u00f1a del candidato presidencial opositor Edmundo Gonz\u00e1lez Urrutia y sugiri\u00f3, sin mayores explicaciones o pruebas, que Mar\u00eda Corina Machado podr\u00eda dejar el pa\u00eds.\"Y el cobarde de Edmundo Gonz\u00e1lez Urrutia huy\u00f3, se fue, claudic\u00f3, capitul\u00f3, abandon\u00f3\u2026","rel":"","context":"In &quot;Noticias Nacionales&quot;","block_context":{"text":"Noticias Nacionales","link":"https:\/\/noticiasya.com\/midland-odessa\/categoria\/noticias-nacionales"},"img":{"alt_text":"","src":"","width":0,"height":0},"classes":[]},{"id":1451926,"url":"https:\/\/noticiasya.com\/midland-odessa\/2024\/08\/16\/lula-da-silva-gobierno-maduro-venezuela-regimen-desagradable-sesgo-autoritario-orix\/","url_meta":{"origin":1453169,"position":2},"title":"Lula da Silva dice que el Gobierno de Maduro en Venezuela es un r\u00e9gimen con un &#171;sesgo autoritario&#187;, pero &#171;no es una dictadura&#187;","author":"","date":"agosto 16, 2024","format":false,"excerpt":"(CNN Espa\u00f1ol) -- El presidente de Brasil, Luiz In\u00e1cio Lula da Silva, calific\u00f3 este viernes al Gobierno de Nicol\u00e1s Maduro en Venezuela como un r\u00e9gimen \"muy desagradable\" con un \"sesgo autoritario\", aunque aclar\u00f3 que no lo considera una dictadura.\"Creo\u00a0que\u00a0Venezuela\u00a0vive\u00a0en\u00a0un r\u00e9gimen muy\u00a0desagradable. No creo\u00a0que sea una dictadura, es diferente a una\u2026","rel":"","context":"In &quot;Noticias Nacionales&quot;","block_context":{"text":"Noticias Nacionales","link":"https:\/\/noticiasya.com\/midland-odessa\/categoria\/noticias-nacionales"},"img":{"alt_text":"","src":"","width":0,"height":0},"classes":[]},{"id":1451902,"url":"https:\/\/noticiasya.com\/midland-odessa\/2024\/08\/15\/maria-corina-machado-tiempo-perjudica-regimen-maduro-conclusiones-orix\/","url_meta":{"origin":1453169,"position":3},"title":"Mar\u00eda Corina Machado en Conclusiones: El tiempo perjudica al r\u00e9gimen de Maduro","author":"","date":"agosto 15, 2024","format":false,"excerpt":"(CNN Espa\u00f1ol) -- La l\u00edder opositora venezolana Mar\u00eda Corina Machado dijo a Fernando del Rinc\u00f3n, de CNN, que el r\u00e9gimen de Nicol\u00e1s Maduro piensa que \"el tiempo est\u00e1 a su favor\", sin advertir que\u00a0\"el tiempo perjudica al r\u00e9gimen. Piensan que el tiempo est\u00e1 a su favor, que el mundo va\u2026","rel":"","context":"In &quot;Noticias Nacionales&quot;","block_context":{"text":"Noticias Nacionales","link":"https:\/\/noticiasya.com\/midland-odessa\/categoria\/noticias-nacionales"},"img":{"alt_text":"","src":"","width":0,"height":0},"classes":[]},{"id":1451022,"url":"https:\/\/noticiasya.com\/midland-odessa\/2024\/07\/10\/canciller-venezuela-maduro-desventaja-elecciones-orix\/","url_meta":{"origin":1453169,"position":4},"title":"Canciller de Venezuela dice que Maduro va con \u201cdesventaja\u201d a las elecciones presidenciales","author":"","date":"julio 10, 2024","format":false,"excerpt":"(CNN Espa\u00f1ol) -- El canciller de Venezuela, Yv\u00e1n Gil, dijo este mi\u00e9rcoles que el presidente Nicol\u00e1s Maduro parte en \u201cclara desventaja\u201d rumbo a las elecciones del 28 de julio, debido a las sanciones internacionales.\u201cSon unas elecciones que vamos en clara distorsi\u00f3n, desventaja, que tiene el candidato a la reelecci\u00f3n (el\u2026","rel":"","context":"In &quot;Noticias Nacionales&quot;","block_context":{"text":"Noticias Nacionales","link":"https:\/\/noticiasya.com\/midland-odessa\/categoria\/noticias-nacionales"},"img":{"alt_text":"","src":"","width":0,"height":0},"classes":[]},{"id":1450491,"url":"https:\/\/noticiasya.com\/midland-odessa\/2024\/06\/18\/televisaunivision-investiga-noticia-falsa-elecciones-venezuela-orix\/","url_meta":{"origin":1453169,"position":5},"title":"TelevisaUnivision investiga la publicaci\u00f3n de una noticia falsa sobre las elecciones en Venezuela en su sitio web","author":"","date":"junio 18, 2024","format":false,"excerpt":"(CNN Espa\u00f1ol) --\u00a0La cadena TelevisaUnivision abri\u00f3 una investigaci\u00f3n interna luego de que el lunes un usuario public\u00f3 en uno de los sitios web de Univision una noticia falsa sobre las pr\u00f3ximas elecciones presidenciales en Venezuela, con datos que fueron replicados por algunos medios en el pa\u00eds sudamericano.La empresa dijo en\u2026","rel":"","context":"In &quot;Noticias Nacionales&quot;","block_context":{"text":"Noticias Nacionales","link":"https:\/\/noticiasya.com\/midland-odessa\/categoria\/noticias-nacionales"},"img":{"alt_text":"","src":"","width":0,"height":0},"classes":[]}],"jetpack_sharing_enabled":true,"_links":{"self":[{"href":"https:\/\/noticiasya.com\/midland-odessa\/wp-json\/wp\/v2\/posts\/1453169","targetHints":{"allow":["GET"]}}],"collection":[{"href":"https:\/\/noticiasya.com\/midland-odessa\/wp-json\/wp\/v2\/posts"}],"about":[{"href":"https:\/\/noticiasya.com\/midland-odessa\/wp-json\/wp\/v2\/types\/post"}],"replies":[{"embeddable":true,"href":"https:\/\/noticiasya.com\/midland-odessa\/wp-json\/wp\/v2\/comments?post=1453169"}],"version-history":[{"count":0,"href":"https:\/\/noticiasya.com\/midland-odessa\/wp-json\/wp\/v2\/posts\/1453169\/revisions"}],"wp:attachment":[{"href":"https:\/\/noticiasya.com\/midland-odessa\/wp-json\/wp\/v2\/media?parent=1453169"}],"wp:term":[{"taxonomy":"category","embeddable":true,"href":"https:\/\/noticiasya.com\/midland-odessa\/wp-json\/wp\/v2\/categories?post=1453169"},{"taxonomy":"post_tag","embeddable":true,"href":"https:\/\/noticiasya.com\/midland-odessa\/wp-json\/wp\/v2\/tags?post=1453169"}],"curies":[{"name":"wp","href":"https:\/\/api.w.org\/{rel}","templated":true}]}}