{"id":1453182,"date":"2024-09-28T21:03:45","date_gmt":"2024-09-29T04:03:45","guid":{"rendered":"https:\/\/noticiasya.com\/2024\/09\/28\/islas-canarias-naufragio-embarcacion-migrantes-orix\/"},"modified":"2024-09-28T21:03:45","modified_gmt":"2024-09-29T04:03:45","slug":"islas-canarias-naufragio-embarcacion-migrantes-orix","status":"publish","type":"post","link":"https:\/\/noticiasya.com\/midland-odessa\/2024\/09\/28\/islas-canarias-naufragio-embarcacion-migrantes-orix\/","title":{"rendered":"Al menos nueve migrantes muertos y casi 50 desaparecidos tras volcadura de embarcaci\u00f3n frente a las Islas Canarias"},"content":{"rendered":"<p>(CNN Espa\u00f1ol) &#8212; Al menos nueve migrantes murieron y 48 m\u00e1s permanecen desaparecidos luego de que este s\u00e1bado naufragar\u00e1 la embarcaci\u00f3n en la que viajaban frente a las costas de El Hierro, en las Islas Canarias espa\u00f1olas, inform\u00f3 Salvamento Mar\u00edtimo.<\/p>\n<p>La entidad, que forma parte del Ministerio de Transporte y Movilidad de Espa\u00f1a, explic\u00f3 mediante publicaciones en redes sociales que recibieron una llamada en la madrugada desde la embarcaci\u00f3n en la cual viajaban al menos 84 personas.<\/p>\n<p>&#171;Durante las operaciones de salvamento, las personas que se encontraban en esa embarcaci\u00f3n se concentran todas en una de las bandas del cayuco, provocando que este vuelque y todas caigan a la mar&#187;, dijo en un video el jefe del Centro Nacional de Salvamento, Manuel Barroso.<\/p>\n<p>Qui\u00e9nes son las v\u00edctimas del naufragio del superyate Bayesian en Sicilia<\/p>\n<p>&#171;Las condiciones meteorol\u00f3gicas no son buenas, vientos con rachas de hasta 20 nudos y la nocturnidad dificulta cualquier operativo de rescate&#187;, agreg\u00f3 el funcionario.<\/p>\n<p>Tras naufragar la embarcaci\u00f3n, socorristas lograron rescatar a 27 personas con vida y recuperar nueve cuerpos, indic\u00f3 Barroso.<\/p>\n<p>Anselmo Pestana, delegado del Gobierno espa\u00f1ol en las Islas Canarias, dijo en entrevista a la AFP que entre las personas rescatadas hab\u00edan cuatro menores.<\/p>\n<p>&#171;Y ahora lo que hay, el intento de rescate de los probablemente fallecidos en su mayor\u00eda y medios en tierra, a\u00e9reos y mar\u00edtimo, en un despliegue muy importante&#187;, agreg\u00f3 Pestana.<\/p>\n<p>Salvamento Mar\u00edtimo indic\u00f3 que utiliza buques y helic\u00f3pteros en las labores de b\u00fasqueda.<\/p>\n<p>La inmigraci\u00f3n irregular hacia Espa\u00f1a por v\u00eda mar\u00edtima y terrestre ha incrementado en lo que va del a\u00f1o, de acuerdo con datos del Ministerio del Interior. Entre enero y el 15 de septiembre de 2024, al pa\u00eds llegaron 37.970 inmigrantes, unos 12.499 m\u00e1s de los 25.471 quearribaron durante el mismo per\u00edodo de 2023.<\/p>\n<p>En el caso de la inmigraci\u00f3n hacia las Islas Canarias, este a\u00f1o han llegado 26.758 migrantes, unos 12.304 m\u00e1s que las 14.454 registrados a la misma fecha del a\u00f1o pasado.<\/p>\n<p>The-CNN-Wire<br \/>&trade; &amp; &copy; 2024 Cable News Network, Inc., a Warner Bros. Discovery Company. All rights reserved.<\/p>\n","protected":false},"excerpt":{"rendered":"<p>(CNN Espa\u00f1ol) &#8212; Al menos nueve migrantes murieron y 48 m\u00e1s permanecen desaparecidos luego de que este s\u00e1bado naufragar\u00e1 la embarcaci\u00f3n en la que viajaban frente a las costas de El Hierro, en las Islas Canarias espa\u00f1olas, inform\u00f3 Salvamento Mar\u00edtimo. La entidad, que forma parte del Ministerio de Transporte y Movilidad de Espa\u00f1a, explic\u00f3 mediante [&hellip;]<\/p>\n","protected":false},"author":0,"featured_media":0,"comment_status":"open","ping_status":"open","sticky":false,"template":"","format":"standard","meta":{"_jetpack_memberships_contains_paid_content":false,"footnotes":""},"categories":[10],"tags":[],"class_list":["post-1453182","post","type-post","status-publish","format-standard","hentry","category-noticias-nacionales","market-global"],"yoast_head":"<!-- This site is optimized with the Yoast SEO plugin v24.4 - https:\/\/yoast.com\/wordpress\/plugins\/seo\/ -->\n<title>Al menos nueve migrantes muertos y casi 50 desaparecidos tras volcadura de embarcaci\u00f3n frente a las Islas Canarias - Noticias<\/title>\n<meta name=\"robots\" content=\"index, follow, max-snippet:-1, max-image-preview:large, max-video-preview:-1\" \/>\n<link rel=\"canonical\" href=\"https:\/\/noticiasya.com\/2024\/09\/28\/islas-canarias-naufragio-embarcacion-migrantes-orix\/\" \/>\n<meta property=\"og:locale\" content=\"es_ES\" \/>\n<meta property=\"og:type\" content=\"article\" \/>\n<meta property=\"og:title\" content=\"Al menos nueve migrantes muertos y casi 50 desaparecidos tras volcadura de embarcaci\u00f3n frente a las Islas Canarias - Noticias\" \/>\n<meta property=\"og:description\" content=\"(CNN Espa\u00f1ol) &#8212; Al menos nueve migrantes murieron y 48 m\u00e1s permanecen desaparecidos luego de que este s\u00e1bado naufragar\u00e1 la embarcaci\u00f3n en la que viajaban frente a las costas de El Hierro, en las Islas Canarias espa\u00f1olas, inform\u00f3 Salvamento Mar\u00edtimo. La entidad, que forma parte del Ministerio de Transporte y Movilidad de Espa\u00f1a, explic\u00f3 mediante [&hellip;]\" \/>\n<meta property=\"og:url\" content=\"https:\/\/noticiasya.com\/2024\/09\/28\/islas-canarias-naufragio-embarcacion-migrantes-orix\/\" \/>\n<meta property=\"og:site_name\" content=\"Noticias\" \/>\n<meta property=\"article:published_time\" content=\"2024-09-29T04:03:45+00:00\" \/>\n<meta name=\"twitter:card\" content=\"summary_large_image\" \/>\n<meta name=\"twitter:label1\" content=\"Est. reading time\" \/>\n\t<meta name=\"twitter:data1\" content=\"2 minutos\" \/>\n<script type=\"application\/ld+json\" class=\"yoast-schema-graph\">{\"@context\":\"https:\/\/schema.org\",\"@graph\":[{\"@type\":\"Article\",\"@id\":\"https:\/\/noticiasya.com\/2024\/09\/28\/islas-canarias-naufragio-embarcacion-migrantes-orix\/#article\",\"isPartOf\":{\"@id\":\"https:\/\/noticiasya.com\/2024\/09\/28\/islas-canarias-naufragio-embarcacion-migrantes-orix\/\"},\"author\":{\"name\":\"\",\"@id\":\"\"},\"headline\":\"Al menos nueve migrantes muertos y casi 50 desaparecidos tras volcadura de embarcaci\u00f3n frente a las Islas Canarias\",\"datePublished\":\"2024-09-29T04:03:45+00:00\",\"mainEntityOfPage\":{\"@id\":\"https:\/\/noticiasya.com\/2024\/09\/28\/islas-canarias-naufragio-embarcacion-migrantes-orix\/\"},\"wordCount\":380,\"commentCount\":0,\"publisher\":{\"@id\":\"https:\/\/noticiasya.com\/#organization\"},\"articleSection\":[\"Noticias Nacionales\"],\"inLanguage\":\"es\",\"potentialAction\":[{\"@type\":\"CommentAction\",\"name\":\"Comment\",\"target\":[\"https:\/\/noticiasya.com\/2024\/09\/28\/islas-canarias-naufragio-embarcacion-migrantes-orix\/#respond\"]}]},{\"@type\":\"WebPage\",\"@id\":\"https:\/\/noticiasya.com\/2024\/09\/28\/islas-canarias-naufragio-embarcacion-migrantes-orix\/\",\"url\":\"https:\/\/noticiasya.com\/2024\/09\/28\/islas-canarias-naufragio-embarcacion-migrantes-orix\/\",\"name\":\"Al menos nueve migrantes muertos y casi 50 desaparecidos tras volcadura de embarcaci\u00f3n frente a las Islas Canarias - Noticias\",\"isPartOf\":{\"@id\":\"https:\/\/noticiasya.com\/#website\"},\"datePublished\":\"2024-09-29T04:03:45+00:00\",\"breadcrumb\":{\"@id\":\"https:\/\/noticiasya.com\/2024\/09\/28\/islas-canarias-naufragio-embarcacion-migrantes-orix\/#breadcrumb\"},\"inLanguage\":\"es\",\"potentialAction\":[{\"@type\":\"ReadAction\",\"target\":[\"https:\/\/noticiasya.com\/2024\/09\/28\/islas-canarias-naufragio-embarcacion-migrantes-orix\/\"]}]},{\"@type\":\"BreadcrumbList\",\"@id\":\"https:\/\/noticiasya.com\/2024\/09\/28\/islas-canarias-naufragio-embarcacion-migrantes-orix\/#breadcrumb\",\"itemListElement\":[{\"@type\":\"ListItem\",\"position\":1,\"name\":\"Home\",\"item\":\"https:\/\/noticiasya.com\/\"},{\"@type\":\"ListItem\",\"position\":2,\"name\":\"Al menos nueve migrantes muertos y casi 50 desaparecidos tras volcadura de embarcaci\u00f3n frente a las Islas Canarias\"}]},{\"@type\":\"WebSite\",\"@id\":\"https:\/\/noticiasya.com\/#website\",\"url\":\"https:\/\/noticiasya.com\/\",\"name\":\"Noticias\",\"description\":\"Lo que importa\",\"publisher\":{\"@id\":\"https:\/\/noticiasya.com\/#organization\"},\"potentialAction\":[{\"@type\":\"SearchAction\",\"target\":{\"@type\":\"EntryPoint\",\"urlTemplate\":\"https:\/\/noticiasya.com\/?s={search_term_string}\"},\"query-input\":{\"@type\":\"PropertyValueSpecification\",\"valueRequired\":true,\"valueName\":\"search_term_string\"}}],\"inLanguage\":\"es\"},{\"@type\":\"Organization\",\"@id\":\"https:\/\/noticiasya.com\/#organization\",\"name\":\"Noticias\",\"url\":\"https:\/\/noticiasya.com\/\",\"logo\":{\"@type\":\"ImageObject\",\"inLanguage\":\"es\",\"@id\":\"https:\/\/noticiasya.com\/#\/schema\/logo\/image\/\",\"url\":\"https:\/\/noticiasya.com\/wp-content\/uploads\/sites\/22\/2023\/12\/logo-nacional.png\",\"contentUrl\":\"https:\/\/noticiasya.com\/wp-content\/uploads\/sites\/22\/2023\/12\/logo-nacional.png\",\"width\":1801,\"height\":691,\"caption\":\"Noticias\"},\"image\":{\"@id\":\"https:\/\/noticiasya.com\/#\/schema\/logo\/image\/\"}}]}<\/script>\n<!-- \/ Yoast SEO plugin. -->","yoast_head_json":{"title":"Al menos nueve migrantes muertos y casi 50 desaparecidos tras volcadura de embarcaci\u00f3n frente a las Islas Canarias - Noticias","robots":{"index":"index","follow":"follow","max-snippet":"max-snippet:-1","max-image-preview":"max-image-preview:large","max-video-preview":"max-video-preview:-1"},"canonical":"https:\/\/noticiasya.com\/2024\/09\/28\/islas-canarias-naufragio-embarcacion-migrantes-orix\/","og_locale":"es_ES","og_type":"article","og_title":"Al menos nueve migrantes muertos y casi 50 desaparecidos tras volcadura de embarcaci\u00f3n frente a las Islas Canarias - Noticias","og_description":"(CNN Espa\u00f1ol) &#8212; Al menos nueve migrantes murieron y 48 m\u00e1s permanecen desaparecidos luego de que este s\u00e1bado naufragar\u00e1 la embarcaci\u00f3n en la que viajaban frente a las costas de El Hierro, en las Islas Canarias espa\u00f1olas, inform\u00f3 Salvamento Mar\u00edtimo. La entidad, que forma parte del Ministerio de Transporte y Movilidad de Espa\u00f1a, explic\u00f3 mediante [&hellip;]","og_url":"https:\/\/noticiasya.com\/2024\/09\/28\/islas-canarias-naufragio-embarcacion-migrantes-orix\/","og_site_name":"Noticias","article_published_time":"2024-09-29T04:03:45+00:00","twitter_card":"summary_large_image","twitter_misc":{"Est. reading time":"2 minutos"},"schema":{"@context":"https:\/\/schema.org","@graph":[{"@type":"Article","@id":"https:\/\/noticiasya.com\/2024\/09\/28\/islas-canarias-naufragio-embarcacion-migrantes-orix\/#article","isPartOf":{"@id":"https:\/\/noticiasya.com\/2024\/09\/28\/islas-canarias-naufragio-embarcacion-migrantes-orix\/"},"author":{"name":"","@id":""},"headline":"Al menos nueve migrantes muertos y casi 50 desaparecidos tras volcadura de embarcaci\u00f3n frente a las Islas Canarias","datePublished":"2024-09-29T04:03:45+00:00","mainEntityOfPage":{"@id":"https:\/\/noticiasya.com\/2024\/09\/28\/islas-canarias-naufragio-embarcacion-migrantes-orix\/"},"wordCount":380,"commentCount":0,"publisher":{"@id":"https:\/\/noticiasya.com\/#organization"},"articleSection":["Noticias Nacionales"],"inLanguage":"es","potentialAction":[{"@type":"CommentAction","name":"Comment","target":["https:\/\/noticiasya.com\/2024\/09\/28\/islas-canarias-naufragio-embarcacion-migrantes-orix\/#respond"]}]},{"@type":"WebPage","@id":"https:\/\/noticiasya.com\/2024\/09\/28\/islas-canarias-naufragio-embarcacion-migrantes-orix\/","url":"https:\/\/noticiasya.com\/2024\/09\/28\/islas-canarias-naufragio-embarcacion-migrantes-orix\/","name":"Al menos nueve migrantes muertos y casi 50 desaparecidos tras volcadura de embarcaci\u00f3n frente a las Islas Canarias - Noticias","isPartOf":{"@id":"https:\/\/noticiasya.com\/#website"},"datePublished":"2024-09-29T04:03:45+00:00","breadcrumb":{"@id":"https:\/\/noticiasya.com\/2024\/09\/28\/islas-canarias-naufragio-embarcacion-migrantes-orix\/#breadcrumb"},"inLanguage":"es","potentialAction":[{"@type":"ReadAction","target":["https:\/\/noticiasya.com\/2024\/09\/28\/islas-canarias-naufragio-embarcacion-migrantes-orix\/"]}]},{"@type":"BreadcrumbList","@id":"https:\/\/noticiasya.com\/2024\/09\/28\/islas-canarias-naufragio-embarcacion-migrantes-orix\/#breadcrumb","itemListElement":[{"@type":"ListItem","position":1,"name":"Home","item":"https:\/\/noticiasya.com\/"},{"@type":"ListItem","position":2,"name":"Al menos nueve migrantes muertos y casi 50 desaparecidos tras volcadura de embarcaci\u00f3n frente a las Islas Canarias"}]},{"@type":"WebSite","@id":"https:\/\/noticiasya.com\/#website","url":"https:\/\/noticiasya.com\/","name":"Noticias","description":"Lo que importa","publisher":{"@id":"https:\/\/noticiasya.com\/#organization"},"potentialAction":[{"@type":"SearchAction","target":{"@type":"EntryPoint","urlTemplate":"https:\/\/noticiasya.com\/?s={search_term_string}"},"query-input":{"@type":"PropertyValueSpecification","valueRequired":true,"valueName":"search_term_string"}}],"inLanguage":"es"},{"@type":"Organization","@id":"https:\/\/noticiasya.com\/#organization","name":"Noticias","url":"https:\/\/noticiasya.com\/","logo":{"@type":"ImageObject","inLanguage":"es","@id":"https:\/\/noticiasya.com\/#\/schema\/logo\/image\/","url":"https:\/\/noticiasya.com\/wp-content\/uploads\/sites\/22\/2023\/12\/logo-nacional.png","contentUrl":"https:\/\/noticiasya.com\/wp-content\/uploads\/sites\/22\/2023\/12\/logo-nacional.png","width":1801,"height":691,"caption":"Noticias"},"image":{"@id":"https:\/\/noticiasya.com\/#\/schema\/logo\/image\/"}}]}},"parsely":{"version":"1.1.0","canonical_url":"https:\/\/noticiasya.com\/midland-odessa\/2024\/09\/28\/islas-canarias-naufragio-embarcacion-migrantes-orix\/","smart_links":{"inbound":0,"outbound":0},"traffic_boost_suggestions_count":0,"meta":{"@context":"https:\/\/schema.org","@type":"NewsArticle","headline":"Al menos nueve migrantes muertos y casi 50 desaparecidos tras volcadura de embarcaci\u00f3n frente a las Islas Canarias","url":"http:\/\/noticiasya.com\/midland-odessa\/2024\/09\/28\/islas-canarias-naufragio-embarcacion-migrantes-orix\/","mainEntityOfPage":{"@type":"WebPage","@id":"http:\/\/noticiasya.com\/midland-odessa\/2024\/09\/28\/islas-canarias-naufragio-embarcacion-migrantes-orix\/"},"thumbnailUrl":"","image":{"@type":"ImageObject","url":""},"articleSection":"Noticias Nacionales","author":[],"creator":[],"publisher":{"@type":"Organization","name":"Noticias","logo":""},"keywords":[],"dateCreated":"2024-09-29T04:03:45Z","datePublished":"2024-09-29T04:03:45Z","dateModified":"2024-09-29T04:03:45Z"},"rendered":"<script type=\"application\/ld+json\" class=\"wp-parsely-metadata\">{\"@context\":\"https:\\\/\\\/schema.org\",\"@type\":\"NewsArticle\",\"headline\":\"Al menos nueve migrantes muertos y casi 50 desaparecidos tras volcadura de embarcaci\\u00f3n frente a las Islas Canarias\",\"url\":\"http:\\\/\\\/noticiasya.com\\\/midland-odessa\\\/2024\\\/09\\\/28\\\/islas-canarias-naufragio-embarcacion-migrantes-orix\\\/\",\"mainEntityOfPage\":{\"@type\":\"WebPage\",\"@id\":\"http:\\\/\\\/noticiasya.com\\\/midland-odessa\\\/2024\\\/09\\\/28\\\/islas-canarias-naufragio-embarcacion-migrantes-orix\\\/\"},\"thumbnailUrl\":\"\",\"image\":{\"@type\":\"ImageObject\",\"url\":\"\"},\"articleSection\":\"Noticias Nacionales\",\"author\":[],\"creator\":[],\"publisher\":{\"@type\":\"Organization\",\"name\":\"Noticias\",\"logo\":\"\"},\"keywords\":[],\"dateCreated\":\"2024-09-29T04:03:45Z\",\"datePublished\":\"2024-09-29T04:03:45Z\",\"dateModified\":\"2024-09-29T04:03:45Z\"}<\/script>","tracker_url":"https:\/\/cdn.parsely.com\/keys\/noticiasya.com\/p.js"},"jetpack_featured_media_url":"","jetpack-related-posts":[{"id":1457397,"url":"https:\/\/noticiasya.com\/midland-odessa\/2025\/01\/09\/bebe-nace-bote-migrante-rumbo-espana-trax\/","url_meta":{"origin":1453182,"position":0},"title":"Beb\u00e9 nace a bordo de una embarcaci\u00f3n de migrantes que viajaba rumbo a Espa\u00f1a","author":"","date":"enero 9, 2025","format":false,"excerpt":"Una beb\u00e9 naci\u00f3 en el mar en un bote de migrantes que se dirig\u00eda a Espa\u00f1a desde \u00c1frica el lunes, seg\u00fan el servicio de rescate mar\u00edtimo espa\u00f1ol.Los equipos de rescate de las Islas Canarias, en Espa\u00f1a, encontraron la balsa inflable, en la que hab\u00eda 60 personas, incluidas 14 mujeres y\u2026","rel":"","context":"In &quot;Noticias Nacionales&quot;","block_context":{"text":"Noticias Nacionales","link":"https:\/\/noticiasya.com\/midland-odessa\/categoria\/noticias-nacionales"},"img":{"alt_text":"","src":"","width":0,"height":0},"classes":[]},{"id":1446115,"url":"https:\/\/noticiasya.com\/midland-odessa\/2024\/02\/29\/naufragio-republica-dominicana-migrantes-orix\/","url_meta":{"origin":1453182,"position":1},"title":"Al menos un muerto y 3 heridos tras naufragio de migrantes en aguas de en Rep\u00fablica Dominicana","author":"","date":"febrero 29, 2024","format":false,"excerpt":"(CNN Espa\u00f1ol) -- Una embarcaci\u00f3n con migrantes naufrag\u00f3 en la madrugada del jueves en la provincia La Altagracia, en el este de Rep\u00fablica Dominicana, y dej\u00f3 como resultado un muerto, tres heridos y un n\u00famero a\u00fan no determinado de desaparecidos, inform\u00f3 el director de la Defensa Civil del distrito. municipal\u2026","rel":"","context":"In &quot;Noticias Nacionales&quot;","block_context":{"text":"Noticias Nacionales","link":"https:\/\/noticiasya.com\/midland-odessa\/categoria\/noticias-nacionales"},"img":{"alt_text":"","src":"","width":0,"height":0},"classes":[]},{"id":1462009,"url":"https:\/\/noticiasya.com\/midland-odessa\/2025\/05\/05\/muertos-volcamiento-lancha-san-diego-investigan-migrantes-trax\/","url_meta":{"origin":1453182,"position":2},"title":"Al menos tres muertos tras volcamiento de lancha frente a San Diego; autoridades investigan si son migrantes","author":"","date":"mayo 5, 2025","format":false,"excerpt":"Una peque\u00f1a embarcaci\u00f3n se volc\u00f3 el lunes en el oc\u00e9ano cerca de San Diego. El incidente caus\u00f3 la muerte de tres personas, dej\u00f3 cuatro heridos y nueve desaparecidos, seg\u00fan la Guardia Costera de EE.UU.La Guardia Costera inform\u00f3 en X que busca a nueve personas desaparecidas en el agua a unos\u2026","rel":"","context":"In &quot;Noticias Nacionales&quot;","block_context":{"text":"Noticias Nacionales","link":"https:\/\/noticiasya.com\/midland-odessa\/categoria\/noticias-nacionales"},"img":{"alt_text":"","src":"","width":0,"height":0},"classes":[]},{"id":1450666,"url":"https:\/\/noticiasya.com\/midland-odessa\/2024\/06\/24\/migrantes-haitianos-ee-uu-interceptados-altamar-orix\/","url_meta":{"origin":1453182,"position":3},"title":"Migrantes haitianos rumbo a EE.UU. fueron interceptados en altamar por autoridades dominicanas","author":"","date":"junio 24, 2024","format":false,"excerpt":"(CNN Espa\u00f1ol) -- Una embarcaci\u00f3n artesanal con al menos 97 migrantes haitianos fue interceptada en las proximidades de Cayo Muerto, provincia de Monte Cristi, cuando intentaban llegar a la Florida, Estados Unidos, inform\u00f3 este lunes el ministro de Defensa de Rep\u00fablica Dominicana, Carlos D\u00edaz Morfa.El funcionario se\u00f1al\u00f3 que los migrantes\u2026","rel":"","context":"In &quot;Noticias Nacionales&quot;","block_context":{"text":"Noticias Nacionales","link":"https:\/\/noticiasya.com\/midland-odessa\/categoria\/noticias-nacionales"},"img":{"alt_text":"","src":"","width":0,"height":0},"classes":[]},{"id":1451266,"url":"https:\/\/noticiasya.com\/midland-odessa\/2024\/07\/19\/barco-migrantes-incendio-haiti-al-menos-muertos-trax\/","url_meta":{"origin":1453182,"position":4},"title":"Barco de migrantes se incendia frente a la costa de Hait\u00ed; al menos 40 personas murieron, dice ONG","author":"","date":"julio 19, 2024","format":false,"excerpt":"(CNN) -- Al menos 40 personas murieron despu\u00e9s de que la embarcaci\u00f3n en la que viajaban se incendiara frente a las costas de Hait\u00ed a principios de esta semana, inform\u00f3 este viernes la Organizaci\u00f3n Internacional para las Migraciones (OIM), citando a autoridades locales.El barco sali\u00f3 de Hait\u00ed el mi\u00e9rcoles con\u2026","rel":"","context":"In &quot;Noticias Nacionales&quot;","block_context":{"text":"Noticias Nacionales","link":"https:\/\/noticiasya.com\/midland-odessa\/categoria\/noticias-nacionales"},"img":{"alt_text":"","src":"","width":0,"height":0},"classes":[]},{"id":1457161,"url":"https:\/\/noticiasya.com\/midland-odessa\/2025\/01\/02\/naufragios-tunez-2025-migrantes-mediterraneo-trax\/","url_meta":{"origin":1453182,"position":5},"title":"Docenas de personas mueren en naufragios frente a T\u00fanez en un 2025 ya mortal para los migrantes en el Mediterr\u00e1neo","author":"","date":"enero 2, 2025","format":false,"excerpt":"Al menos 27 personas han muerto tras el naufragio el mi\u00e9rcoles de dos embarcaciones con inmigrantes frente a las costas de T\u00fanez, seg\u00fan la cadena estatal Tunisia TV.Las embarcaciones transportaban africanos procedentes de pa\u00edses subsaharianos, inform\u00f3 Tunisia TV. Unas 83 personas fueron rescatadas a unos cinco kil\u00f3metros de Alataya, en\u2026","rel":"","context":"In &quot;Noticias Nacionales&quot;","block_context":{"text":"Noticias Nacionales","link":"https:\/\/noticiasya.com\/midland-odessa\/categoria\/noticias-nacionales"},"img":{"alt_text":"","src":"","width":0,"height":0},"classes":[]}],"jetpack_sharing_enabled":true,"_links":{"self":[{"href":"https:\/\/noticiasya.com\/midland-odessa\/wp-json\/wp\/v2\/posts\/1453182","targetHints":{"allow":["GET"]}}],"collection":[{"href":"https:\/\/noticiasya.com\/midland-odessa\/wp-json\/wp\/v2\/posts"}],"about":[{"href":"https:\/\/noticiasya.com\/midland-odessa\/wp-json\/wp\/v2\/types\/post"}],"replies":[{"embeddable":true,"href":"https:\/\/noticiasya.com\/midland-odessa\/wp-json\/wp\/v2\/comments?post=1453182"}],"version-history":[{"count":0,"href":"https:\/\/noticiasya.com\/midland-odessa\/wp-json\/wp\/v2\/posts\/1453182\/revisions"}],"wp:attachment":[{"href":"https:\/\/noticiasya.com\/midland-odessa\/wp-json\/wp\/v2\/media?parent=1453182"}],"wp:term":[{"taxonomy":"category","embeddable":true,"href":"https:\/\/noticiasya.com\/midland-odessa\/wp-json\/wp\/v2\/categories?post=1453182"},{"taxonomy":"post_tag","embeddable":true,"href":"https:\/\/noticiasya.com\/midland-odessa\/wp-json\/wp\/v2\/tags?post=1453182"}],"curies":[{"name":"wp","href":"https:\/\/api.w.org\/{rel}","templated":true}]}}