{"id":1453205,"date":"2024-09-29T19:03:46","date_gmt":"2024-09-30T02:03:46","guid":{"rendered":"https:\/\/noticiasya.com\/2024\/09\/29\/muertos-huracan-john-costas-mexico-oaxaca-guerrero-orix\/"},"modified":"2024-09-29T19:03:46","modified_gmt":"2024-09-30T02:03:46","slug":"muertos-huracan-john-costas-mexico-oaxaca-guerrero-orix","status":"publish","type":"post","link":"https:\/\/noticiasya.com\/midland-odessa\/2024\/09\/29\/muertos-huracan-john-costas-mexico-oaxaca-guerrero-orix\/","title":{"rendered":"Al menos 20 personas muertas tras el paso del hurac\u00e1n John en costas de M\u00e9xico, seg\u00fan las autoridades"},"content":{"rendered":"<p>(CNN Espa\u00f1ol ) &#8212; Al menos son 20 personas han muerto tras el paso del hurac\u00e1n John en las costas del Pac\u00edfico mexicano, informaron este domingo las autoridades.<\/p>\n<p>El presidente de M\u00e9xico, Andr\u00e9s Manuel L\u00f3pez Obrador, inform\u00f3 que en Guerrero se tiene el reporte de al menos 15 personas fallecidas en las costas de Guerrero, cerca de la zona de Acapulco.<\/p>\n<p>Hurac\u00e1n Isaac, tormenta tropical Joyce y otros sistemas que est\u00e1n activos en el Atl\u00e1ntico<\/p>\n<p>&#171;Hay mil personas en refugios, se garantizan tres comidas calientes diarias, servicios de salud y se entregan despensas y agua. No hay saqueos. Lamentablemente el n\u00famero de fallecidos, seg\u00fan la Fiscal\u00eda estatal, es de 15 personas&#187;, inform\u00f3 L\u00f3pez Obrador en una publicaci\u00f3n de su red social X.<\/p>\n<p>En tanto, Protecci\u00f3n Civil de Oaxaca, el primer estado que recibi\u00f3 el embate de John, inform\u00f3 a CNN que suman cinco personas muertas en hechos relacionados con el paso de John por la zona costera de la entidad.<\/p>\n<p>Un grupo de mujeres pasa por los da\u00f1os en una calle como resultado del hurac\u00e1n John en San Marcos, Estado de Guerrero, M\u00e9xico, el 24 de septiembre de 2024. (Foto: FRANCISCO ROBLES\/AFP via Getty Images).<\/p>\n<p>The-CNN-Wire<br \/>&trade; &amp; &copy; 2024 Cable News Network, Inc., a Warner Bros. Discovery Company. All rights reserved.<\/p>\n","protected":false},"excerpt":{"rendered":"<p>(CNN Espa\u00f1ol ) &#8212; Al menos son 20 personas han muerto tras el paso del hurac\u00e1n John en las costas del Pac\u00edfico mexicano, informaron este domingo las autoridades. El presidente de M\u00e9xico, Andr\u00e9s Manuel L\u00f3pez Obrador, inform\u00f3 que en Guerrero se tiene el reporte de al menos 15 personas fallecidas en las costas de Guerrero, [&hellip;]<\/p>\n","protected":false},"author":0,"featured_media":0,"comment_status":"open","ping_status":"open","sticky":false,"template":"","format":"standard","meta":{"_jetpack_memberships_contains_paid_content":false,"footnotes":""},"categories":[10],"tags":[],"class_list":["post-1453205","post","type-post","status-publish","format-standard","hentry","category-noticias-nacionales","market-global"],"yoast_head":"<!-- This site is optimized with the Yoast SEO plugin v24.4 - https:\/\/yoast.com\/wordpress\/plugins\/seo\/ -->\n<title>Al menos 20 personas muertas tras el paso del hurac\u00e1n John en costas de M\u00e9xico, seg\u00fan las autoridades - Noticias<\/title>\n<meta name=\"robots\" content=\"index, follow, max-snippet:-1, max-image-preview:large, max-video-preview:-1\" \/>\n<link rel=\"canonical\" href=\"https:\/\/noticiasya.com\/2024\/09\/29\/muertos-huracan-john-costas-mexico-oaxaca-guerrero-orix\/\" \/>\n<meta property=\"og:locale\" content=\"es_ES\" \/>\n<meta property=\"og:type\" content=\"article\" \/>\n<meta property=\"og:title\" content=\"Al menos 20 personas muertas tras el paso del hurac\u00e1n John en costas de M\u00e9xico, seg\u00fan las autoridades - Noticias\" \/>\n<meta property=\"og:description\" content=\"(CNN Espa\u00f1ol ) &#8212; Al menos son 20 personas han muerto tras el paso del hurac\u00e1n John en las costas del Pac\u00edfico mexicano, informaron este domingo las autoridades. El presidente de M\u00e9xico, Andr\u00e9s Manuel L\u00f3pez Obrador, inform\u00f3 que en Guerrero se tiene el reporte de al menos 15 personas fallecidas en las costas de Guerrero, [&hellip;]\" \/>\n<meta property=\"og:url\" content=\"https:\/\/noticiasya.com\/2024\/09\/29\/muertos-huracan-john-costas-mexico-oaxaca-guerrero-orix\/\" \/>\n<meta property=\"og:site_name\" content=\"Noticias\" \/>\n<meta property=\"article:published_time\" content=\"2024-09-30T02:03:46+00:00\" \/>\n<meta name=\"twitter:card\" content=\"summary_large_image\" \/>\n<meta name=\"twitter:label1\" content=\"Est. reading time\" \/>\n\t<meta name=\"twitter:data1\" content=\"1 minuto\" \/>\n<script type=\"application\/ld+json\" class=\"yoast-schema-graph\">{\"@context\":\"https:\/\/schema.org\",\"@graph\":[{\"@type\":\"Article\",\"@id\":\"https:\/\/noticiasya.com\/2024\/09\/29\/muertos-huracan-john-costas-mexico-oaxaca-guerrero-orix\/#article\",\"isPartOf\":{\"@id\":\"https:\/\/noticiasya.com\/2024\/09\/29\/muertos-huracan-john-costas-mexico-oaxaca-guerrero-orix\/\"},\"author\":{\"name\":\"\",\"@id\":\"\"},\"headline\":\"Al menos 20 personas muertas tras el paso del hurac\u00e1n John en costas de M\u00e9xico, seg\u00fan las autoridades\",\"datePublished\":\"2024-09-30T02:03:46+00:00\",\"mainEntityOfPage\":{\"@id\":\"https:\/\/noticiasya.com\/2024\/09\/29\/muertos-huracan-john-costas-mexico-oaxaca-guerrero-orix\/\"},\"wordCount\":244,\"commentCount\":0,\"publisher\":{\"@id\":\"https:\/\/noticiasya.com\/#organization\"},\"articleSection\":[\"Noticias Nacionales\"],\"inLanguage\":\"es\",\"potentialAction\":[{\"@type\":\"CommentAction\",\"name\":\"Comment\",\"target\":[\"https:\/\/noticiasya.com\/2024\/09\/29\/muertos-huracan-john-costas-mexico-oaxaca-guerrero-orix\/#respond\"]}]},{\"@type\":\"WebPage\",\"@id\":\"https:\/\/noticiasya.com\/2024\/09\/29\/muertos-huracan-john-costas-mexico-oaxaca-guerrero-orix\/\",\"url\":\"https:\/\/noticiasya.com\/2024\/09\/29\/muertos-huracan-john-costas-mexico-oaxaca-guerrero-orix\/\",\"name\":\"Al menos 20 personas muertas tras el paso del hurac\u00e1n John en costas de M\u00e9xico, seg\u00fan las autoridades - Noticias\",\"isPartOf\":{\"@id\":\"https:\/\/noticiasya.com\/#website\"},\"datePublished\":\"2024-09-30T02:03:46+00:00\",\"breadcrumb\":{\"@id\":\"https:\/\/noticiasya.com\/2024\/09\/29\/muertos-huracan-john-costas-mexico-oaxaca-guerrero-orix\/#breadcrumb\"},\"inLanguage\":\"es\",\"potentialAction\":[{\"@type\":\"ReadAction\",\"target\":[\"https:\/\/noticiasya.com\/2024\/09\/29\/muertos-huracan-john-costas-mexico-oaxaca-guerrero-orix\/\"]}]},{\"@type\":\"BreadcrumbList\",\"@id\":\"https:\/\/noticiasya.com\/2024\/09\/29\/muertos-huracan-john-costas-mexico-oaxaca-guerrero-orix\/#breadcrumb\",\"itemListElement\":[{\"@type\":\"ListItem\",\"position\":1,\"name\":\"Home\",\"item\":\"https:\/\/noticiasya.com\/\"},{\"@type\":\"ListItem\",\"position\":2,\"name\":\"Al menos 20 personas muertas tras el paso del hurac\u00e1n John en costas de M\u00e9xico, seg\u00fan las autoridades\"}]},{\"@type\":\"WebSite\",\"@id\":\"https:\/\/noticiasya.com\/#website\",\"url\":\"https:\/\/noticiasya.com\/\",\"name\":\"Noticias\",\"description\":\"Lo que importa\",\"publisher\":{\"@id\":\"https:\/\/noticiasya.com\/#organization\"},\"potentialAction\":[{\"@type\":\"SearchAction\",\"target\":{\"@type\":\"EntryPoint\",\"urlTemplate\":\"https:\/\/noticiasya.com\/?s={search_term_string}\"},\"query-input\":{\"@type\":\"PropertyValueSpecification\",\"valueRequired\":true,\"valueName\":\"search_term_string\"}}],\"inLanguage\":\"es\"},{\"@type\":\"Organization\",\"@id\":\"https:\/\/noticiasya.com\/#organization\",\"name\":\"Noticias\",\"url\":\"https:\/\/noticiasya.com\/\",\"logo\":{\"@type\":\"ImageObject\",\"inLanguage\":\"es\",\"@id\":\"https:\/\/noticiasya.com\/#\/schema\/logo\/image\/\",\"url\":\"https:\/\/noticiasya.com\/wp-content\/uploads\/sites\/22\/2023\/12\/logo-nacional.png\",\"contentUrl\":\"https:\/\/noticiasya.com\/wp-content\/uploads\/sites\/22\/2023\/12\/logo-nacional.png\",\"width\":1801,\"height\":691,\"caption\":\"Noticias\"},\"image\":{\"@id\":\"https:\/\/noticiasya.com\/#\/schema\/logo\/image\/\"}}]}<\/script>\n<!-- \/ Yoast SEO plugin. -->","yoast_head_json":{"title":"Al menos 20 personas muertas tras el paso del hurac\u00e1n John en costas de M\u00e9xico, seg\u00fan las autoridades - Noticias","robots":{"index":"index","follow":"follow","max-snippet":"max-snippet:-1","max-image-preview":"max-image-preview:large","max-video-preview":"max-video-preview:-1"},"canonical":"https:\/\/noticiasya.com\/2024\/09\/29\/muertos-huracan-john-costas-mexico-oaxaca-guerrero-orix\/","og_locale":"es_ES","og_type":"article","og_title":"Al menos 20 personas muertas tras el paso del hurac\u00e1n John en costas de M\u00e9xico, seg\u00fan las autoridades - Noticias","og_description":"(CNN Espa\u00f1ol ) &#8212; Al menos son 20 personas han muerto tras el paso del hurac\u00e1n John en las costas del Pac\u00edfico mexicano, informaron este domingo las autoridades. El presidente de M\u00e9xico, Andr\u00e9s Manuel L\u00f3pez Obrador, inform\u00f3 que en Guerrero se tiene el reporte de al menos 15 personas fallecidas en las costas de Guerrero, [&hellip;]","og_url":"https:\/\/noticiasya.com\/2024\/09\/29\/muertos-huracan-john-costas-mexico-oaxaca-guerrero-orix\/","og_site_name":"Noticias","article_published_time":"2024-09-30T02:03:46+00:00","twitter_card":"summary_large_image","twitter_misc":{"Est. reading time":"1 minuto"},"schema":{"@context":"https:\/\/schema.org","@graph":[{"@type":"Article","@id":"https:\/\/noticiasya.com\/2024\/09\/29\/muertos-huracan-john-costas-mexico-oaxaca-guerrero-orix\/#article","isPartOf":{"@id":"https:\/\/noticiasya.com\/2024\/09\/29\/muertos-huracan-john-costas-mexico-oaxaca-guerrero-orix\/"},"author":{"name":"","@id":""},"headline":"Al menos 20 personas muertas tras el paso del hurac\u00e1n John en costas de M\u00e9xico, seg\u00fan las autoridades","datePublished":"2024-09-30T02:03:46+00:00","mainEntityOfPage":{"@id":"https:\/\/noticiasya.com\/2024\/09\/29\/muertos-huracan-john-costas-mexico-oaxaca-guerrero-orix\/"},"wordCount":244,"commentCount":0,"publisher":{"@id":"https:\/\/noticiasya.com\/#organization"},"articleSection":["Noticias Nacionales"],"inLanguage":"es","potentialAction":[{"@type":"CommentAction","name":"Comment","target":["https:\/\/noticiasya.com\/2024\/09\/29\/muertos-huracan-john-costas-mexico-oaxaca-guerrero-orix\/#respond"]}]},{"@type":"WebPage","@id":"https:\/\/noticiasya.com\/2024\/09\/29\/muertos-huracan-john-costas-mexico-oaxaca-guerrero-orix\/","url":"https:\/\/noticiasya.com\/2024\/09\/29\/muertos-huracan-john-costas-mexico-oaxaca-guerrero-orix\/","name":"Al menos 20 personas muertas tras el paso del hurac\u00e1n John en costas de M\u00e9xico, seg\u00fan las autoridades - Noticias","isPartOf":{"@id":"https:\/\/noticiasya.com\/#website"},"datePublished":"2024-09-30T02:03:46+00:00","breadcrumb":{"@id":"https:\/\/noticiasya.com\/2024\/09\/29\/muertos-huracan-john-costas-mexico-oaxaca-guerrero-orix\/#breadcrumb"},"inLanguage":"es","potentialAction":[{"@type":"ReadAction","target":["https:\/\/noticiasya.com\/2024\/09\/29\/muertos-huracan-john-costas-mexico-oaxaca-guerrero-orix\/"]}]},{"@type":"BreadcrumbList","@id":"https:\/\/noticiasya.com\/2024\/09\/29\/muertos-huracan-john-costas-mexico-oaxaca-guerrero-orix\/#breadcrumb","itemListElement":[{"@type":"ListItem","position":1,"name":"Home","item":"https:\/\/noticiasya.com\/"},{"@type":"ListItem","position":2,"name":"Al menos 20 personas muertas tras el paso del hurac\u00e1n John en costas de M\u00e9xico, seg\u00fan las autoridades"}]},{"@type":"WebSite","@id":"https:\/\/noticiasya.com\/#website","url":"https:\/\/noticiasya.com\/","name":"Noticias","description":"Lo que importa","publisher":{"@id":"https:\/\/noticiasya.com\/#organization"},"potentialAction":[{"@type":"SearchAction","target":{"@type":"EntryPoint","urlTemplate":"https:\/\/noticiasya.com\/?s={search_term_string}"},"query-input":{"@type":"PropertyValueSpecification","valueRequired":true,"valueName":"search_term_string"}}],"inLanguage":"es"},{"@type":"Organization","@id":"https:\/\/noticiasya.com\/#organization","name":"Noticias","url":"https:\/\/noticiasya.com\/","logo":{"@type":"ImageObject","inLanguage":"es","@id":"https:\/\/noticiasya.com\/#\/schema\/logo\/image\/","url":"https:\/\/noticiasya.com\/wp-content\/uploads\/sites\/22\/2023\/12\/logo-nacional.png","contentUrl":"https:\/\/noticiasya.com\/wp-content\/uploads\/sites\/22\/2023\/12\/logo-nacional.png","width":1801,"height":691,"caption":"Noticias"},"image":{"@id":"https:\/\/noticiasya.com\/#\/schema\/logo\/image\/"}}]}},"parsely":{"version":"1.1.0","canonical_url":"https:\/\/noticiasya.com\/midland-odessa\/2024\/09\/29\/muertos-huracan-john-costas-mexico-oaxaca-guerrero-orix\/","smart_links":{"inbound":0,"outbound":0},"traffic_boost_suggestions_count":0,"meta":{"@context":"https:\/\/schema.org","@type":"NewsArticle","headline":"Al menos 20 personas muertas tras el paso del hurac\u00e1n John en costas de M\u00e9xico, seg\u00fan las autoridades","url":"http:\/\/noticiasya.com\/midland-odessa\/2024\/09\/29\/muertos-huracan-john-costas-mexico-oaxaca-guerrero-orix\/","mainEntityOfPage":{"@type":"WebPage","@id":"http:\/\/noticiasya.com\/midland-odessa\/2024\/09\/29\/muertos-huracan-john-costas-mexico-oaxaca-guerrero-orix\/"},"thumbnailUrl":"","image":{"@type":"ImageObject","url":""},"articleSection":"Noticias Nacionales","author":[],"creator":[],"publisher":{"@type":"Organization","name":"Noticias","logo":""},"keywords":[],"dateCreated":"2024-09-30T02:03:46Z","datePublished":"2024-09-30T02:03:46Z","dateModified":"2024-09-30T02:03:46Z"},"rendered":"<script type=\"application\/ld+json\" class=\"wp-parsely-metadata\">{\"@context\":\"https:\\\/\\\/schema.org\",\"@type\":\"NewsArticle\",\"headline\":\"Al menos 20 personas muertas tras el paso del hurac\\u00e1n John en costas de M\\u00e9xico, seg\\u00fan las autoridades\",\"url\":\"http:\\\/\\\/noticiasya.com\\\/midland-odessa\\\/2024\\\/09\\\/29\\\/muertos-huracan-john-costas-mexico-oaxaca-guerrero-orix\\\/\",\"mainEntityOfPage\":{\"@type\":\"WebPage\",\"@id\":\"http:\\\/\\\/noticiasya.com\\\/midland-odessa\\\/2024\\\/09\\\/29\\\/muertos-huracan-john-costas-mexico-oaxaca-guerrero-orix\\\/\"},\"thumbnailUrl\":\"\",\"image\":{\"@type\":\"ImageObject\",\"url\":\"\"},\"articleSection\":\"Noticias Nacionales\",\"author\":[],\"creator\":[],\"publisher\":{\"@type\":\"Organization\",\"name\":\"Noticias\",\"logo\":\"\"},\"keywords\":[],\"dateCreated\":\"2024-09-30T02:03:46Z\",\"datePublished\":\"2024-09-30T02:03:46Z\",\"dateModified\":\"2024-09-30T02:03:46Z\"}<\/script>","tracker_url":"https:\/\/cdn.parsely.com\/keys\/noticiasya.com\/p.js"},"jetpack_featured_media_url":"","jetpack-related-posts":[{"id":1452965,"url":"https:\/\/noticiasya.com\/midland-odessa\/2024\/09\/23\/trayectoria-huracan-john-donde-esta-se-dirige-orix\/","url_meta":{"origin":1453205,"position":0},"title":"Trayectoria del hurac\u00e1n John: d\u00f3nde est\u00e1 y hacia d\u00f3nde se dirige","author":"","date":"septiembre 23, 2024","format":false,"excerpt":"(CNN Espa\u00f1ol) -- John se fortaleci\u00f3 la tarde de este lunes a hurac\u00e1n categor\u00eda 2 tras formarse la noche del domingo hora del centro de M\u00e9xico (madrugada del lunes en Miami) frente a las costas de Oaxaca, seg\u00fan el Servicio Meteorol\u00f3gico Nacional (SMN) de M\u00e9xico y el Centro Nacional de\u2026","rel":"","context":"In &quot;Noticias Nacionales&quot;","block_context":{"text":"Noticias Nacionales","link":"https:\/\/noticiasya.com\/midland-odessa\/categoria\/noticias-nacionales"},"img":{"alt_text":"","src":"","width":0,"height":0},"classes":[]},{"id":1463772,"url":"https:\/\/noticiasya.com\/midland-odessa\/2025\/06\/20\/huracan-erick-deja-dos-muertos-en-mexico-orix\/","url_meta":{"origin":1453205,"position":1},"title":"Erick deja al menos dos muertos en M\u00e9xico tras tocar tierra como hurac\u00e1n","author":"","date":"junio 20, 2025","format":false,"excerpt":"Al menos dos personas murieron tras las intensas lluvias provocadas por la tormenta tropical Erick en M\u00e9xico, seg\u00fan confirmaron autoridades locales de Guerrero y Oaxaca.En el municipio de San Marcos, Guerrero, un beb\u00e9 de un a\u00f1o muri\u00f3 arrastrado por la corriente de un r\u00edo, inform\u00f3 a CNN Diego Armando Valente\u2026","rel":"","context":"In &quot;Noticias Nacionales&quot;","block_context":{"text":"Noticias Nacionales","link":"https:\/\/noticiasya.com\/midland-odessa\/categoria\/noticias-nacionales"},"img":{"alt_text":"","src":"","width":0,"height":0},"classes":[]},{"id":1453288,"url":"https:\/\/noticiasya.com\/midland-odessa\/2024\/10\/02\/trayectoria-tormenta-tropical-kristy-donde-esta-donde-se-dirige-orix\/","url_meta":{"origin":1453205,"position":2},"title":"Trayectoria de la depresi\u00f3n tropical Once-E, que podr\u00eda convertirse en la tormenta Kristy","author":"","date":"octubre 2, 2024","format":false,"excerpt":"(CNN Espa\u00f1ol) -- La depresi\u00f3n tropical Once-E que se desplaza frente a las costas de Oaxaca, M\u00e9xico, cobrar\u00e1 fuerza en las pr\u00f3ximas horas y se prev\u00e9 que se convierta en la tormenta tropical Kristy entre la noche del mi\u00e9rcoles 2 y jueves 3 de octubre, seg\u00fan el Sistema Meteorol\u00f3gico Nacional\u2026","rel":"","context":"In &quot;Noticias Nacionales&quot;","block_context":{"text":"Noticias Nacionales","link":"https:\/\/noticiasya.com\/midland-odessa\/categoria\/noticias-nacionales"},"img":{"alt_text":"","src":"","width":0,"height":0},"classes":[]},{"id":1452970,"url":"https:\/\/noticiasya.com\/midland-odessa\/2024\/09\/23\/cuando-tocaria-tierra-huracan-john-mexico-estados-amenaza-orix\/","url_meta":{"origin":1453205,"position":3},"title":"\u00bfCu\u00e1ndo tocar\u00eda tierra el hurac\u00e1n John en M\u00e9xico y qu\u00e9 estados amenaza?","author":"","date":"septiembre 23, 2024","format":false,"excerpt":"(CNN Espa\u00f1ol) -- John se intensifica r\u00e1pidamente en su camino hacia las costas de Oaxaca y Guerrero, M\u00e9xico, y podr\u00eda convertirse en un hurac\u00e1n mayor, seg\u00fan los pron\u00f3sticos del Servicio Meteorol\u00f3gico Nacional (SMN) de M\u00e9xico y el Centro Nacional de Huracanes (NHC, por sus siglas en ingl\u00e9s) de Estados Unidos.John,\u2026","rel":"","context":"In &quot;Noticias Nacionales&quot;","block_context":{"text":"Noticias Nacionales","link":"https:\/\/noticiasya.com\/midland-odessa\/categoria\/noticias-nacionales"},"img":{"alt_text":"","src":"","width":0,"height":0},"classes":[]},{"id":1455337,"url":"https:\/\/noticiasya.com\/midland-odessa\/2024\/10\/24\/acapulco-huracan-otis-un-ano-despues-orix\/","url_meta":{"origin":1453205,"position":4},"title":"Acapulco, entre la devastaci\u00f3n y la esperanza un a\u00f1o despu\u00e9s del hurac\u00e1n Otis","author":"","date":"octubre 24, 2024","format":false,"excerpt":"(CNN) -- Se cumple un a\u00f1o desde que el poderoso hurac\u00e1n Otis de categor\u00eda 5 azot\u00f3 la costa de Acapulco, en el estado de Guerrero, en lo que supo ser uno de los destinos tur\u00edsticos m\u00e1s importantes de M\u00e9xico y del mundo.El tiempo ha pasado, pero no del todo la\u2026","rel":"","context":"In &quot;Noticias Nacionales&quot;","block_context":{"text":"Noticias Nacionales","link":"https:\/\/noticiasya.com\/midland-odessa\/categoria\/noticias-nacionales"},"img":{"alt_text":"","src":"","width":0,"height":0},"classes":[]},{"id":1455658,"url":"https:\/\/noticiasya.com\/midland-odessa\/2024\/11\/07\/huracan-rafael-la-habana-461-derrumbes-desplaza-100000-personas-orix\/","url_meta":{"origin":1453205,"position":5},"title":"El hurac\u00e1n Rafael causa en La Habana unos 461 derrumbes y desplaza a casi 100.000 personas","author":"","date":"noviembre 7, 2024","format":false,"excerpt":"(CNN Espa\u00f1ol) --\u00a0El hurac\u00e1n Rafael caus\u00f3 al menos 461 derrumbes y desplaz\u00f3 a 98.345 personas solo en la capital de Cuba, inform\u00f3 este jueves la gobernadora de La Habana, Yanet Hern\u00e1ndez P\u00e9rez.\"La Habana ha quedado impactada, estamos contabilizando m\u00e1s de 461 derrumbes totales y parciales por cubiertas, ca\u00edda de paredes,\u2026","rel":"","context":"In &quot;Noticias Nacionales&quot;","block_context":{"text":"Noticias Nacionales","link":"https:\/\/noticiasya.com\/midland-odessa\/categoria\/noticias-nacionales"},"img":{"alt_text":"","src":"","width":0,"height":0},"classes":[]}],"jetpack_sharing_enabled":true,"_links":{"self":[{"href":"https:\/\/noticiasya.com\/midland-odessa\/wp-json\/wp\/v2\/posts\/1453205","targetHints":{"allow":["GET"]}}],"collection":[{"href":"https:\/\/noticiasya.com\/midland-odessa\/wp-json\/wp\/v2\/posts"}],"about":[{"href":"https:\/\/noticiasya.com\/midland-odessa\/wp-json\/wp\/v2\/types\/post"}],"replies":[{"embeddable":true,"href":"https:\/\/noticiasya.com\/midland-odessa\/wp-json\/wp\/v2\/comments?post=1453205"}],"version-history":[{"count":0,"href":"https:\/\/noticiasya.com\/midland-odessa\/wp-json\/wp\/v2\/posts\/1453205\/revisions"}],"wp:attachment":[{"href":"https:\/\/noticiasya.com\/midland-odessa\/wp-json\/wp\/v2\/media?parent=1453205"}],"wp:term":[{"taxonomy":"category","embeddable":true,"href":"https:\/\/noticiasya.com\/midland-odessa\/wp-json\/wp\/v2\/categories?post=1453205"},{"taxonomy":"post_tag","embeddable":true,"href":"https:\/\/noticiasya.com\/midland-odessa\/wp-json\/wp\/v2\/tags?post=1453205"}],"curies":[{"name":"wp","href":"https:\/\/api.w.org\/{rel}","templated":true}]}}