{"id":1453206,"date":"2024-09-29T20:03:42","date_gmt":"2024-09-30T03:03:42","guid":{"rendered":"https:\/\/noticiasya.com\/2024\/09\/29\/depresion-tropical-doce-atlantico-trax\/"},"modified":"2024-09-29T20:03:42","modified_gmt":"2024-09-30T03:03:42","slug":"depresion-tropical-doce-atlantico-trax","status":"publish","type":"post","link":"https:\/\/noticiasya.com\/midland-odessa\/2024\/09\/29\/depresion-tropical-doce-atlantico-trax\/","title":{"rendered":"Se forma la depresi\u00f3n tropical Doce en el Atl\u00e1ntico este"},"content":{"rendered":"<p>(CNN) \u2013\u2013 La depresi\u00f3n tropical Doce, si bien no representa una amenaza para la tierra en este momento, podr\u00eda fortalecerse y convertirse en un gran hurac\u00e1n a fines de esta semana, seg\u00fan la actualizaci\u00f3n de las 8 p.m. del Centro Nacional de Huracanes (NHC, por sus siglas en ingl\u00e9s). La tormenta actualmente tiene vientos de 56 km\/h y se encuentra a aproximadamente 941 kil\u00f3metros al oeste-suroeste de las islas de Cabo Verde y aproximadamente a 3.300 kil\u00f3metros al este de las islas de Sotavento del Norte, mientras se mueve hacia el oeste a 14 km\/h.<\/p>\n<p>La depresi\u00f3n tropical Doce no representa una amenaza para la tierra en este momento, pero continuar\u00e1 fortaleci\u00e9ndose a medida que se mueva hacia el oeste. Se espera que la tormenta se convierta en tormenta tropical el lunes y tome el nombre de Kirk. Podr\u00eda alcanzar la fuerza de hurac\u00e1n el mi\u00e9rcoles por la ma\u00f1ana cuando comience a avanzar hacia el noroeste. El NHC advierte que esta tormenta podr\u00eda alcanzar la fuerza de hurac\u00e1n mayor en 5 d\u00edas y ser\u00e1 vigilada para detectar posibles impactos en tierra.<\/p>\n<p>Cr\u00e9dito: NOAA.<\/p>\n<p>The-CNN-Wire<br \/>&trade; &amp; &copy; 2024 Cable News Network, Inc., a Warner Bros. Discovery Company. All rights reserved.<\/p>\n","protected":false},"excerpt":{"rendered":"<p>(CNN) \u2013\u2013 La depresi\u00f3n tropical Doce, si bien no representa una amenaza para la tierra en este momento, podr\u00eda fortalecerse y convertirse en un gran hurac\u00e1n a fines de esta semana, seg\u00fan la actualizaci\u00f3n de las 8 p.m. del Centro Nacional de Huracanes (NHC, por sus siglas en ingl\u00e9s). La tormenta actualmente tiene vientos de [&hellip;]<\/p>\n","protected":false},"author":0,"featured_media":0,"comment_status":"open","ping_status":"open","sticky":false,"template":"","format":"standard","meta":{"_jetpack_memberships_contains_paid_content":false,"footnotes":""},"categories":[10],"tags":[],"class_list":["post-1453206","post","type-post","status-publish","format-standard","hentry","category-noticias-nacionales","market-global"],"yoast_head":"<!-- This site is optimized with the Yoast SEO plugin v24.4 - https:\/\/yoast.com\/wordpress\/plugins\/seo\/ -->\n<title>Se forma la depresi\u00f3n tropical Doce en el Atl\u00e1ntico este - Noticias<\/title>\n<meta name=\"robots\" content=\"index, follow, max-snippet:-1, max-image-preview:large, max-video-preview:-1\" \/>\n<link rel=\"canonical\" href=\"https:\/\/noticiasya.com\/2024\/09\/29\/depresion-tropical-doce-atlantico-trax\/\" \/>\n<meta property=\"og:locale\" content=\"es_ES\" \/>\n<meta property=\"og:type\" content=\"article\" \/>\n<meta property=\"og:title\" content=\"Se forma la depresi\u00f3n tropical Doce en el Atl\u00e1ntico este - Noticias\" \/>\n<meta property=\"og:description\" content=\"(CNN) \u2013\u2013 La depresi\u00f3n tropical Doce, si bien no representa una amenaza para la tierra en este momento, podr\u00eda fortalecerse y convertirse en un gran hurac\u00e1n a fines de esta semana, seg\u00fan la actualizaci\u00f3n de las 8 p.m. del Centro Nacional de Huracanes (NHC, por sus siglas en ingl\u00e9s). La tormenta actualmente tiene vientos de [&hellip;]\" \/>\n<meta property=\"og:url\" content=\"https:\/\/noticiasya.com\/2024\/09\/29\/depresion-tropical-doce-atlantico-trax\/\" \/>\n<meta property=\"og:site_name\" content=\"Noticias\" \/>\n<meta property=\"article:published_time\" content=\"2024-09-30T03:03:42+00:00\" \/>\n<meta name=\"twitter:card\" content=\"summary_large_image\" \/>\n<meta name=\"twitter:label1\" content=\"Est. reading time\" \/>\n\t<meta name=\"twitter:data1\" content=\"1 minuto\" \/>\n<script type=\"application\/ld+json\" class=\"yoast-schema-graph\">{\"@context\":\"https:\/\/schema.org\",\"@graph\":[{\"@type\":\"Article\",\"@id\":\"https:\/\/noticiasya.com\/2024\/09\/29\/depresion-tropical-doce-atlantico-trax\/#article\",\"isPartOf\":{\"@id\":\"https:\/\/noticiasya.com\/2024\/09\/29\/depresion-tropical-doce-atlantico-trax\/\"},\"author\":{\"name\":\"\",\"@id\":\"\"},\"headline\":\"Se forma la depresi\u00f3n tropical Doce en el Atl\u00e1ntico este\",\"datePublished\":\"2024-09-30T03:03:42+00:00\",\"mainEntityOfPage\":{\"@id\":\"https:\/\/noticiasya.com\/2024\/09\/29\/depresion-tropical-doce-atlantico-trax\/\"},\"wordCount\":225,\"commentCount\":0,\"publisher\":{\"@id\":\"https:\/\/noticiasya.com\/#organization\"},\"articleSection\":[\"Noticias Nacionales\"],\"inLanguage\":\"es\",\"potentialAction\":[{\"@type\":\"CommentAction\",\"name\":\"Comment\",\"target\":[\"https:\/\/noticiasya.com\/2024\/09\/29\/depresion-tropical-doce-atlantico-trax\/#respond\"]}]},{\"@type\":\"WebPage\",\"@id\":\"https:\/\/noticiasya.com\/2024\/09\/29\/depresion-tropical-doce-atlantico-trax\/\",\"url\":\"https:\/\/noticiasya.com\/2024\/09\/29\/depresion-tropical-doce-atlantico-trax\/\",\"name\":\"Se forma la depresi\u00f3n tropical Doce en el Atl\u00e1ntico este - Noticias\",\"isPartOf\":{\"@id\":\"https:\/\/noticiasya.com\/#website\"},\"datePublished\":\"2024-09-30T03:03:42+00:00\",\"breadcrumb\":{\"@id\":\"https:\/\/noticiasya.com\/2024\/09\/29\/depresion-tropical-doce-atlantico-trax\/#breadcrumb\"},\"inLanguage\":\"es\",\"potentialAction\":[{\"@type\":\"ReadAction\",\"target\":[\"https:\/\/noticiasya.com\/2024\/09\/29\/depresion-tropical-doce-atlantico-trax\/\"]}]},{\"@type\":\"BreadcrumbList\",\"@id\":\"https:\/\/noticiasya.com\/2024\/09\/29\/depresion-tropical-doce-atlantico-trax\/#breadcrumb\",\"itemListElement\":[{\"@type\":\"ListItem\",\"position\":1,\"name\":\"Home\",\"item\":\"https:\/\/noticiasya.com\/\"},{\"@type\":\"ListItem\",\"position\":2,\"name\":\"Se forma la depresi\u00f3n tropical Doce en el Atl\u00e1ntico este\"}]},{\"@type\":\"WebSite\",\"@id\":\"https:\/\/noticiasya.com\/#website\",\"url\":\"https:\/\/noticiasya.com\/\",\"name\":\"Noticias\",\"description\":\"Lo que importa\",\"publisher\":{\"@id\":\"https:\/\/noticiasya.com\/#organization\"},\"potentialAction\":[{\"@type\":\"SearchAction\",\"target\":{\"@type\":\"EntryPoint\",\"urlTemplate\":\"https:\/\/noticiasya.com\/?s={search_term_string}\"},\"query-input\":{\"@type\":\"PropertyValueSpecification\",\"valueRequired\":true,\"valueName\":\"search_term_string\"}}],\"inLanguage\":\"es\"},{\"@type\":\"Organization\",\"@id\":\"https:\/\/noticiasya.com\/#organization\",\"name\":\"Noticias\",\"url\":\"https:\/\/noticiasya.com\/\",\"logo\":{\"@type\":\"ImageObject\",\"inLanguage\":\"es\",\"@id\":\"https:\/\/noticiasya.com\/#\/schema\/logo\/image\/\",\"url\":\"https:\/\/noticiasya.com\/wp-content\/uploads\/sites\/22\/2023\/12\/logo-nacional.png\",\"contentUrl\":\"https:\/\/noticiasya.com\/wp-content\/uploads\/sites\/22\/2023\/12\/logo-nacional.png\",\"width\":1801,\"height\":691,\"caption\":\"Noticias\"},\"image\":{\"@id\":\"https:\/\/noticiasya.com\/#\/schema\/logo\/image\/\"}}]}<\/script>\n<!-- \/ Yoast SEO plugin. -->","yoast_head_json":{"title":"Se forma la depresi\u00f3n tropical Doce en el Atl\u00e1ntico este - Noticias","robots":{"index":"index","follow":"follow","max-snippet":"max-snippet:-1","max-image-preview":"max-image-preview:large","max-video-preview":"max-video-preview:-1"},"canonical":"https:\/\/noticiasya.com\/2024\/09\/29\/depresion-tropical-doce-atlantico-trax\/","og_locale":"es_ES","og_type":"article","og_title":"Se forma la depresi\u00f3n tropical Doce en el Atl\u00e1ntico este - Noticias","og_description":"(CNN) \u2013\u2013 La depresi\u00f3n tropical Doce, si bien no representa una amenaza para la tierra en este momento, podr\u00eda fortalecerse y convertirse en un gran hurac\u00e1n a fines de esta semana, seg\u00fan la actualizaci\u00f3n de las 8 p.m. del Centro Nacional de Huracanes (NHC, por sus siglas en ingl\u00e9s). La tormenta actualmente tiene vientos de [&hellip;]","og_url":"https:\/\/noticiasya.com\/2024\/09\/29\/depresion-tropical-doce-atlantico-trax\/","og_site_name":"Noticias","article_published_time":"2024-09-30T03:03:42+00:00","twitter_card":"summary_large_image","twitter_misc":{"Est. reading time":"1 minuto"},"schema":{"@context":"https:\/\/schema.org","@graph":[{"@type":"Article","@id":"https:\/\/noticiasya.com\/2024\/09\/29\/depresion-tropical-doce-atlantico-trax\/#article","isPartOf":{"@id":"https:\/\/noticiasya.com\/2024\/09\/29\/depresion-tropical-doce-atlantico-trax\/"},"author":{"name":"","@id":""},"headline":"Se forma la depresi\u00f3n tropical Doce en el Atl\u00e1ntico este","datePublished":"2024-09-30T03:03:42+00:00","mainEntityOfPage":{"@id":"https:\/\/noticiasya.com\/2024\/09\/29\/depresion-tropical-doce-atlantico-trax\/"},"wordCount":225,"commentCount":0,"publisher":{"@id":"https:\/\/noticiasya.com\/#organization"},"articleSection":["Noticias Nacionales"],"inLanguage":"es","potentialAction":[{"@type":"CommentAction","name":"Comment","target":["https:\/\/noticiasya.com\/2024\/09\/29\/depresion-tropical-doce-atlantico-trax\/#respond"]}]},{"@type":"WebPage","@id":"https:\/\/noticiasya.com\/2024\/09\/29\/depresion-tropical-doce-atlantico-trax\/","url":"https:\/\/noticiasya.com\/2024\/09\/29\/depresion-tropical-doce-atlantico-trax\/","name":"Se forma la depresi\u00f3n tropical Doce en el Atl\u00e1ntico este - Noticias","isPartOf":{"@id":"https:\/\/noticiasya.com\/#website"},"datePublished":"2024-09-30T03:03:42+00:00","breadcrumb":{"@id":"https:\/\/noticiasya.com\/2024\/09\/29\/depresion-tropical-doce-atlantico-trax\/#breadcrumb"},"inLanguage":"es","potentialAction":[{"@type":"ReadAction","target":["https:\/\/noticiasya.com\/2024\/09\/29\/depresion-tropical-doce-atlantico-trax\/"]}]},{"@type":"BreadcrumbList","@id":"https:\/\/noticiasya.com\/2024\/09\/29\/depresion-tropical-doce-atlantico-trax\/#breadcrumb","itemListElement":[{"@type":"ListItem","position":1,"name":"Home","item":"https:\/\/noticiasya.com\/"},{"@type":"ListItem","position":2,"name":"Se forma la depresi\u00f3n tropical Doce en el Atl\u00e1ntico este"}]},{"@type":"WebSite","@id":"https:\/\/noticiasya.com\/#website","url":"https:\/\/noticiasya.com\/","name":"Noticias","description":"Lo que importa","publisher":{"@id":"https:\/\/noticiasya.com\/#organization"},"potentialAction":[{"@type":"SearchAction","target":{"@type":"EntryPoint","urlTemplate":"https:\/\/noticiasya.com\/?s={search_term_string}"},"query-input":{"@type":"PropertyValueSpecification","valueRequired":true,"valueName":"search_term_string"}}],"inLanguage":"es"},{"@type":"Organization","@id":"https:\/\/noticiasya.com\/#organization","name":"Noticias","url":"https:\/\/noticiasya.com\/","logo":{"@type":"ImageObject","inLanguage":"es","@id":"https:\/\/noticiasya.com\/#\/schema\/logo\/image\/","url":"https:\/\/noticiasya.com\/wp-content\/uploads\/sites\/22\/2023\/12\/logo-nacional.png","contentUrl":"https:\/\/noticiasya.com\/wp-content\/uploads\/sites\/22\/2023\/12\/logo-nacional.png","width":1801,"height":691,"caption":"Noticias"},"image":{"@id":"https:\/\/noticiasya.com\/#\/schema\/logo\/image\/"}}]}},"parsely":{"version":"1.1.0","canonical_url":"https:\/\/noticiasya.com\/midland-odessa\/2024\/09\/29\/depresion-tropical-doce-atlantico-trax\/","smart_links":{"inbound":0,"outbound":0},"traffic_boost_suggestions_count":0,"meta":{"@context":"https:\/\/schema.org","@type":"NewsArticle","headline":"Se forma la depresi\u00f3n tropical Doce en el Atl\u00e1ntico este","url":"http:\/\/noticiasya.com\/midland-odessa\/2024\/09\/29\/depresion-tropical-doce-atlantico-trax\/","mainEntityOfPage":{"@type":"WebPage","@id":"http:\/\/noticiasya.com\/midland-odessa\/2024\/09\/29\/depresion-tropical-doce-atlantico-trax\/"},"thumbnailUrl":"","image":{"@type":"ImageObject","url":""},"articleSection":"Noticias Nacionales","author":[],"creator":[],"publisher":{"@type":"Organization","name":"Noticias","logo":""},"keywords":[],"dateCreated":"2024-09-30T03:03:42Z","datePublished":"2024-09-30T03:03:42Z","dateModified":"2024-09-30T03:03:42Z"},"rendered":"<script type=\"application\/ld+json\" class=\"wp-parsely-metadata\">{\"@context\":\"https:\\\/\\\/schema.org\",\"@type\":\"NewsArticle\",\"headline\":\"Se forma la depresi\\u00f3n tropical Doce en el Atl\\u00e1ntico este\",\"url\":\"http:\\\/\\\/noticiasya.com\\\/midland-odessa\\\/2024\\\/09\\\/29\\\/depresion-tropical-doce-atlantico-trax\\\/\",\"mainEntityOfPage\":{\"@type\":\"WebPage\",\"@id\":\"http:\\\/\\\/noticiasya.com\\\/midland-odessa\\\/2024\\\/09\\\/29\\\/depresion-tropical-doce-atlantico-trax\\\/\"},\"thumbnailUrl\":\"\",\"image\":{\"@type\":\"ImageObject\",\"url\":\"\"},\"articleSection\":\"Noticias Nacionales\",\"author\":[],\"creator\":[],\"publisher\":{\"@type\":\"Organization\",\"name\":\"Noticias\",\"logo\":\"\"},\"keywords\":[],\"dateCreated\":\"2024-09-30T03:03:42Z\",\"datePublished\":\"2024-09-30T03:03:42Z\",\"dateModified\":\"2024-09-30T03:03:42Z\"}<\/script>","tracker_url":"https:\/\/cdn.parsely.com\/keys\/noticiasya.com\/p.js"},"jetpack_featured_media_url":"","jetpack-related-posts":[{"id":1452081,"url":"https:\/\/noticiasya.com\/midland-odessa\/2024\/08\/22\/forma-depresion-tropical-pacifico-acerque-hawai-fin-de-semana-trax\/","url_meta":{"origin":1453206,"position":0},"title":"Se forma depresi\u00f3n tropical Uno-C en el Pac\u00edfico; se prev\u00e9 que se acerque a Hawai como tormenta este fin de semana","author":"","date":"agosto 22, 2024","format":false,"excerpt":"(CNN) -- La depresi\u00f3n tropical Uno-C se form\u00f3 en el oc\u00e9ano Pac\u00edfico Central aproximadamente 985 millas (unos 1, 500 km) al este-sureste de Hilo, Hawai, de acuerdo con el Centro de Huracanes del Pac\u00edfico Central (CPHC). Se prev\u00e9 que el sistema se convierta en la tormenta tropical Akoni para esta\u2026","rel":"","context":"In &quot;Noticias Nacionales&quot;","block_context":{"text":"Noticias Nacionales","link":"https:\/\/noticiasya.com\/midland-odessa\/categoria\/noticias-nacionales"},"img":{"alt_text":"","src":"","width":0,"height":0},"classes":[]},{"id":1466546,"url":"https:\/\/noticiasya.com\/midland-odessa\/2025\/09\/17\/preven-formacion-tormenta-tropical-gabrielle-trax\/","url_meta":{"origin":1453206,"position":1},"title":"Se prev\u00e9 la formaci\u00f3n de la tormenta tropical Gabrielle: esta es su posible trayectoria en el Atl\u00e1ntico","author":"","date":"septiembre 17, 2025","format":false,"excerpt":"Una nueva depresi\u00f3n tropical se ha formado en el oc\u00e9ano Atl\u00e1ntico central y se espera que se fortalezca y se convierta en la tormenta tropical Gabrielle, lo cual pone fin a un per\u00edodo inusual de casi tres semanas sin este tipo de sistemas durante el pico de la temporada de\u2026","rel":"","context":"In &quot;Noticias Nacionales&quot;","block_context":{"text":"Noticias Nacionales","link":"https:\/\/noticiasya.com\/midland-odessa\/categoria\/noticias-nacionales"},"img":{"alt_text":"","src":"","width":0,"height":0},"classes":[]},{"id":1455257,"url":"https:\/\/noticiasya.com\/midland-odessa\/2024\/10\/19\/trayectoria-tormenta-tropical-nadine-orix\/","url_meta":{"origin":1453206,"position":2},"title":"Trayectoria de la depresi\u00f3n tropical Nadine: d\u00f3nde est\u00e1 y hacia d\u00f3nde se dirige","author":"","date":"octubre 19, 2024","format":false,"excerpt":"(CNN Espa\u00f1ol) --\u00a0La tormenta tropical Nadine se degrad\u00f3 a depresi\u00f3n tropical este s\u00e1bado sobre el norte de Guatemala, inform\u00f3 la Comisi\u00f3n Nacional del Agua (Conagua) de M\u00e9xico en su reporte de las 8:00 p.m. ET.El centro de Nadine toc\u00f3 tierra a las 12 p.m. ET en las inmediaciones de Belice,\u2026","rel":"","context":"In &quot;Noticias Nacionales&quot;","block_context":{"text":"Noticias Nacionales","link":"https:\/\/noticiasya.com\/midland-odessa\/categoria\/noticias-nacionales"},"img":{"alt_text":"","src":"","width":0,"height":0},"classes":[]},{"id":1465833,"url":"https:\/\/noticiasya.com\/midland-odessa\/2025\/08\/25\/trayectoria-tormenta-tropical-juliette-donde-esta-dirige-orix\/","url_meta":{"origin":1453206,"position":3},"title":"Trayectoria de la tormenta tropical Juliette: d\u00f3nde est\u00e1 y hacia d\u00f3nde se dirige","author":"","date":"agosto 25, 2025","format":false,"excerpt":"La tormenta tropical Juliette, que se form\u00f3 este lunes en el oc\u00e9ano Pac\u00edfico, est\u00e1 ubicada a unos 705 km al sur-suroeste del extremo inferior de Baja California y avanza en direcci\u00f3n oeste-noroeste, seg\u00fan el reporte m\u00e1s reciente del Centro Nacional de Huracanes (NHC, por sus siglas en ingl\u00e9s).Juliette, la d\u00e9cima\u2026","rel":"","context":"In &quot;Noticias Nacionales&quot;","block_context":{"text":"Noticias Nacionales","link":"https:\/\/noticiasya.com\/midland-odessa\/categoria\/noticias-nacionales"},"img":{"alt_text":"","src":"","width":0,"height":0},"classes":[]},{"id":1450485,"url":"https:\/\/noticiasya.com\/midland-odessa\/2024\/06\/18\/cuando-se-convertira-ciclon-golfo-mexico-tormenta-tropical-alberto-cuando-tocara-tierra-orix\/","url_meta":{"origin":1453206,"position":4},"title":"\u00bfCu\u00e1ndo se convertir\u00e1 el cicl\u00f3n del golfo de M\u00e9xico en la tormenta tropical Alberto y cu\u00e1ndo tocar\u00e1 tierra?","author":"","date":"junio 18, 2024","format":false,"excerpt":"(CNN Espa\u00f1ol) -- El Cicl\u00f3n Tropical Potencial Uno que actualmente se desarrolla en el golfo de M\u00e9xico se convertir\u00e1 en la tormenta tropical Alberto el mi\u00e9rcoles, seg\u00fan las \u00faltimas previsiones del Centro Nacional de Huracanes (NHC, por sus siglas en ingl\u00e9s) y del Servicio Meteorol\u00f3gico Nacional (SMN) de M\u00e9xico.Hasta la\u2026","rel":"","context":"In &quot;Noticias Nacionales&quot;","block_context":{"text":"Noticias Nacionales","link":"https:\/\/noticiasya.com\/midland-odessa\/categoria\/noticias-nacionales"},"img":{"alt_text":"","src":"","width":0,"height":0},"classes":[]},{"id":1450793,"url":"https:\/\/noticiasya.com\/midland-odessa\/2024\/06\/29\/trayectoria-tormenta-tropical-beryl-cuando-se-forma-orix\/","url_meta":{"origin":1453206,"position":5},"title":"Esta ser\u00e1 la trayectoria de la tormenta tropical Beryl, que podr\u00eda convertirse en el primer hurac\u00e1n de la temporada","author":"","date":"junio 29, 2024","format":false,"excerpt":"(CNN Espa\u00f1ol) -- El segundo cicl\u00f3n de la temporada de huracanes del Atl\u00e1ntico se ha desarrollado y podr\u00eda representar una rara amenaza en el comienzo de la temporada para partes del Caribe a lo largo de su trayectoria que avanza hacia el oeste, que se fortaleci\u00f3 r\u00e1pidamente hasta convertirse en\u2026","rel":"","context":"In &quot;Noticias Nacionales&quot;","block_context":{"text":"Noticias Nacionales","link":"https:\/\/noticiasya.com\/midland-odessa\/categoria\/noticias-nacionales"},"img":{"alt_text":"","src":"","width":0,"height":0},"classes":[]}],"jetpack_sharing_enabled":true,"_links":{"self":[{"href":"https:\/\/noticiasya.com\/midland-odessa\/wp-json\/wp\/v2\/posts\/1453206","targetHints":{"allow":["GET"]}}],"collection":[{"href":"https:\/\/noticiasya.com\/midland-odessa\/wp-json\/wp\/v2\/posts"}],"about":[{"href":"https:\/\/noticiasya.com\/midland-odessa\/wp-json\/wp\/v2\/types\/post"}],"replies":[{"embeddable":true,"href":"https:\/\/noticiasya.com\/midland-odessa\/wp-json\/wp\/v2\/comments?post=1453206"}],"version-history":[{"count":0,"href":"https:\/\/noticiasya.com\/midland-odessa\/wp-json\/wp\/v2\/posts\/1453206\/revisions"}],"wp:attachment":[{"href":"https:\/\/noticiasya.com\/midland-odessa\/wp-json\/wp\/v2\/media?parent=1453206"}],"wp:term":[{"taxonomy":"category","embeddable":true,"href":"https:\/\/noticiasya.com\/midland-odessa\/wp-json\/wp\/v2\/categories?post=1453206"},{"taxonomy":"post_tag","embeddable":true,"href":"https:\/\/noticiasya.com\/midland-odessa\/wp-json\/wp\/v2\/tags?post=1453206"}],"curies":[{"name":"wp","href":"https:\/\/api.w.org\/{rel}","templated":true}]}}