{"id":1453218,"date":"2024-09-30T10:03:40","date_gmt":"2024-09-30T17:03:40","guid":{"rendered":"https:\/\/noticiasya.com\/2024\/09\/30\/claudia-sheinbaum-toma-protesta-mexico-presidenta-como-ver-orix\/"},"modified":"2024-09-30T10:03:40","modified_gmt":"2024-09-30T17:03:40","slug":"claudia-sheinbaum-toma-protesta-mexico-presidenta-como-ver-orix","status":"publish","type":"post","link":"https:\/\/noticiasya.com\/midland-odessa\/2024\/09\/30\/claudia-sheinbaum-toma-protesta-mexico-presidenta-como-ver-orix\/","title":{"rendered":"Toma de protesta de Claudia Sheinbaum como presidenta de M\u00e9xico: qu\u00e9 presidentes e invitados asisten, cu\u00e1ndo es y c\u00f3mo ver en vivo"},"content":{"rendered":"<p>(CNN Espa\u00f1ol) &#8212; Este martes 1 de octubre la presidenta electa de M\u00e9xico, Claudia Sheinbaum, tendr\u00e1 su toma de protesta. \u00bfC\u00f3mo ser\u00e1 y qui\u00e9nes estar\u00e1n presentes? Aqu\u00ed te contamos.<\/p>\n<p>Horario y c\u00f3mo ver la ceremonia<\/p>\n<p>La ceremonia de investidura de la primera presidenta mujer de M\u00e9xico se realizar\u00e1 este martes 1 de octubre a las 11 a.m ET. en el Palacio Legislativo de San L\u00e1zaro. Comenzar\u00e1 con la lista de asistencia y la declaraci\u00f3n de qu\u00f3rum del Congreso; seguir\u00e1 con la lectura del Bando Solemne y el art\u00edculo 87 constitucional. La entrega de la banda presidencial est\u00e1 programada para la 1 p.m ET.<\/p>\n<p>Seguridad, salud y educaci\u00f3n: los retos del pr\u00f3ximo presidente de M\u00e9xico<\/p>\n<p>Todo ser\u00e1 transmitido por canales de televisi\u00f3n abierta y por el canal de YouTube del Congreso de la Uni\u00f3n.<\/p>\n<p>\u00bfQu\u00e9 mandatarios asistir\u00e1n?<\/p>\n<p>Entre la lista de asistentes a la ceremonia estar\u00e1n:<\/p>\n<p>El presidente de Brasil, Luiz In\u00e1cio Lula da Silva<br \/>\nEl presidente de Colombia, Gustavo Petro<br \/>\nEl presidente de Chile, Gabriel Boric<br \/>\nEl presidente de Guatemala, Bernardo Ar\u00e9valo<br \/>\nJill Biden, esposa del presidente Joe Biden, en representaci\u00f3n del Gobierno Estados Unidos.<\/p>\n<p>A\u00fan resta confirmar si estar\u00e1n presentes Nicol\u00e1s Maduro, Justin Trudeau y Javier Milei, mandatarios con los que AMLO, el presidente saliente de M\u00e9xico, ha tenido algunos intercambios tensos.<\/p>\n<p>El presidente de Rusia, Vladimir Putin, fue invitado pero inform\u00f3 que no asistir\u00e1.<\/p>\n<p>Quedaron excluidos de la invitaci\u00f3n los mandatarios de Ecuador y Per\u00fa. Tampoco fue invitado a la ceremonia el rey Felipe VI de Espa\u00f1a, por lo que el Gobierno espa\u00f1ol no enviar\u00e1 a ning\u00fan representante.<\/p>\n<p>The-CNN-Wire<br \/>&trade; &amp; &copy; 2024 Cable News Network, Inc., a Warner Bros. Discovery Company. All rights reserved.<\/p>\n","protected":false},"excerpt":{"rendered":"<p>(CNN Espa\u00f1ol) &#8212; Este martes 1 de octubre la presidenta electa de M\u00e9xico, Claudia Sheinbaum, tendr\u00e1 su toma de protesta. \u00bfC\u00f3mo ser\u00e1 y qui\u00e9nes estar\u00e1n presentes? Aqu\u00ed te contamos. Horario y c\u00f3mo ver la ceremonia La ceremonia de investidura de la primera presidenta mujer de M\u00e9xico se realizar\u00e1 este martes 1 de octubre a las [&hellip;]<\/p>\n","protected":false},"author":0,"featured_media":0,"comment_status":"open","ping_status":"open","sticky":false,"template":"","format":"standard","meta":{"_jetpack_memberships_contains_paid_content":false,"footnotes":""},"categories":[10],"tags":[],"class_list":["post-1453218","post","type-post","status-publish","format-standard","hentry","category-noticias-nacionales","market-global"],"yoast_head":"<!-- This site is optimized with the Yoast SEO plugin v24.4 - https:\/\/yoast.com\/wordpress\/plugins\/seo\/ -->\n<title>Toma de protesta de Claudia Sheinbaum como presidenta de M\u00e9xico: qu\u00e9 presidentes e invitados asisten, cu\u00e1ndo es y c\u00f3mo ver en vivo - Noticias<\/title>\n<meta name=\"robots\" content=\"index, follow, max-snippet:-1, max-image-preview:large, max-video-preview:-1\" \/>\n<link rel=\"canonical\" href=\"https:\/\/noticiasya.com\/2024\/09\/30\/claudia-sheinbaum-toma-protesta-mexico-presidenta-como-ver-orix\/\" \/>\n<meta property=\"og:locale\" content=\"es_ES\" \/>\n<meta property=\"og:type\" content=\"article\" \/>\n<meta property=\"og:title\" content=\"Toma de protesta de Claudia Sheinbaum como presidenta de M\u00e9xico: qu\u00e9 presidentes e invitados asisten, cu\u00e1ndo es y c\u00f3mo ver en vivo - Noticias\" \/>\n<meta property=\"og:description\" content=\"(CNN Espa\u00f1ol) &#8212; Este martes 1 de octubre la presidenta electa de M\u00e9xico, Claudia Sheinbaum, tendr\u00e1 su toma de protesta. \u00bfC\u00f3mo ser\u00e1 y qui\u00e9nes estar\u00e1n presentes? Aqu\u00ed te contamos. Horario y c\u00f3mo ver la ceremonia La ceremonia de investidura de la primera presidenta mujer de M\u00e9xico se realizar\u00e1 este martes 1 de octubre a las [&hellip;]\" \/>\n<meta property=\"og:url\" content=\"https:\/\/noticiasya.com\/2024\/09\/30\/claudia-sheinbaum-toma-protesta-mexico-presidenta-como-ver-orix\/\" \/>\n<meta property=\"og:site_name\" content=\"Noticias\" \/>\n<meta property=\"article:published_time\" content=\"2024-09-30T17:03:40+00:00\" \/>\n<meta name=\"twitter:card\" content=\"summary_large_image\" \/>\n<meta name=\"twitter:label1\" content=\"Est. reading time\" \/>\n\t<meta name=\"twitter:data1\" content=\"2 minutos\" \/>\n<script type=\"application\/ld+json\" class=\"yoast-schema-graph\">{\"@context\":\"https:\/\/schema.org\",\"@graph\":[{\"@type\":\"Article\",\"@id\":\"https:\/\/noticiasya.com\/2024\/09\/30\/claudia-sheinbaum-toma-protesta-mexico-presidenta-como-ver-orix\/#article\",\"isPartOf\":{\"@id\":\"https:\/\/noticiasya.com\/2024\/09\/30\/claudia-sheinbaum-toma-protesta-mexico-presidenta-como-ver-orix\/\"},\"author\":{\"name\":\"\",\"@id\":\"\"},\"headline\":\"Toma de protesta de Claudia Sheinbaum como presidenta de M\u00e9xico: qu\u00e9 presidentes e invitados asisten, cu\u00e1ndo es y c\u00f3mo ver en vivo\",\"datePublished\":\"2024-09-30T17:03:40+00:00\",\"mainEntityOfPage\":{\"@id\":\"https:\/\/noticiasya.com\/2024\/09\/30\/claudia-sheinbaum-toma-protesta-mexico-presidenta-como-ver-orix\/\"},\"wordCount\":327,\"commentCount\":0,\"publisher\":{\"@id\":\"https:\/\/noticiasya.com\/#organization\"},\"articleSection\":[\"Noticias Nacionales\"],\"inLanguage\":\"es\",\"potentialAction\":[{\"@type\":\"CommentAction\",\"name\":\"Comment\",\"target\":[\"https:\/\/noticiasya.com\/2024\/09\/30\/claudia-sheinbaum-toma-protesta-mexico-presidenta-como-ver-orix\/#respond\"]}]},{\"@type\":\"WebPage\",\"@id\":\"https:\/\/noticiasya.com\/2024\/09\/30\/claudia-sheinbaum-toma-protesta-mexico-presidenta-como-ver-orix\/\",\"url\":\"https:\/\/noticiasya.com\/2024\/09\/30\/claudia-sheinbaum-toma-protesta-mexico-presidenta-como-ver-orix\/\",\"name\":\"Toma de protesta de Claudia Sheinbaum como presidenta de M\u00e9xico: qu\u00e9 presidentes e invitados asisten, cu\u00e1ndo es y c\u00f3mo ver en vivo - Noticias\",\"isPartOf\":{\"@id\":\"https:\/\/noticiasya.com\/#website\"},\"datePublished\":\"2024-09-30T17:03:40+00:00\",\"breadcrumb\":{\"@id\":\"https:\/\/noticiasya.com\/2024\/09\/30\/claudia-sheinbaum-toma-protesta-mexico-presidenta-como-ver-orix\/#breadcrumb\"},\"inLanguage\":\"es\",\"potentialAction\":[{\"@type\":\"ReadAction\",\"target\":[\"https:\/\/noticiasya.com\/2024\/09\/30\/claudia-sheinbaum-toma-protesta-mexico-presidenta-como-ver-orix\/\"]}]},{\"@type\":\"BreadcrumbList\",\"@id\":\"https:\/\/noticiasya.com\/2024\/09\/30\/claudia-sheinbaum-toma-protesta-mexico-presidenta-como-ver-orix\/#breadcrumb\",\"itemListElement\":[{\"@type\":\"ListItem\",\"position\":1,\"name\":\"Home\",\"item\":\"https:\/\/noticiasya.com\/\"},{\"@type\":\"ListItem\",\"position\":2,\"name\":\"Toma de protesta de Claudia Sheinbaum como presidenta de M\u00e9xico: qu\u00e9 presidentes e invitados asisten, cu\u00e1ndo es y c\u00f3mo ver en vivo\"}]},{\"@type\":\"WebSite\",\"@id\":\"https:\/\/noticiasya.com\/#website\",\"url\":\"https:\/\/noticiasya.com\/\",\"name\":\"Noticias\",\"description\":\"Lo que importa\",\"publisher\":{\"@id\":\"https:\/\/noticiasya.com\/#organization\"},\"potentialAction\":[{\"@type\":\"SearchAction\",\"target\":{\"@type\":\"EntryPoint\",\"urlTemplate\":\"https:\/\/noticiasya.com\/?s={search_term_string}\"},\"query-input\":{\"@type\":\"PropertyValueSpecification\",\"valueRequired\":true,\"valueName\":\"search_term_string\"}}],\"inLanguage\":\"es\"},{\"@type\":\"Organization\",\"@id\":\"https:\/\/noticiasya.com\/#organization\",\"name\":\"Noticias\",\"url\":\"https:\/\/noticiasya.com\/\",\"logo\":{\"@type\":\"ImageObject\",\"inLanguage\":\"es\",\"@id\":\"https:\/\/noticiasya.com\/#\/schema\/logo\/image\/\",\"url\":\"https:\/\/noticiasya.com\/wp-content\/uploads\/sites\/22\/2023\/12\/logo-nacional.png\",\"contentUrl\":\"https:\/\/noticiasya.com\/wp-content\/uploads\/sites\/22\/2023\/12\/logo-nacional.png\",\"width\":1801,\"height\":691,\"caption\":\"Noticias\"},\"image\":{\"@id\":\"https:\/\/noticiasya.com\/#\/schema\/logo\/image\/\"}}]}<\/script>\n<!-- \/ Yoast SEO plugin. -->","yoast_head_json":{"title":"Toma de protesta de Claudia Sheinbaum como presidenta de M\u00e9xico: qu\u00e9 presidentes e invitados asisten, cu\u00e1ndo es y c\u00f3mo ver en vivo - Noticias","robots":{"index":"index","follow":"follow","max-snippet":"max-snippet:-1","max-image-preview":"max-image-preview:large","max-video-preview":"max-video-preview:-1"},"canonical":"https:\/\/noticiasya.com\/2024\/09\/30\/claudia-sheinbaum-toma-protesta-mexico-presidenta-como-ver-orix\/","og_locale":"es_ES","og_type":"article","og_title":"Toma de protesta de Claudia Sheinbaum como presidenta de M\u00e9xico: qu\u00e9 presidentes e invitados asisten, cu\u00e1ndo es y c\u00f3mo ver en vivo - Noticias","og_description":"(CNN Espa\u00f1ol) &#8212; Este martes 1 de octubre la presidenta electa de M\u00e9xico, Claudia Sheinbaum, tendr\u00e1 su toma de protesta. \u00bfC\u00f3mo ser\u00e1 y qui\u00e9nes estar\u00e1n presentes? Aqu\u00ed te contamos. Horario y c\u00f3mo ver la ceremonia La ceremonia de investidura de la primera presidenta mujer de M\u00e9xico se realizar\u00e1 este martes 1 de octubre a las [&hellip;]","og_url":"https:\/\/noticiasya.com\/2024\/09\/30\/claudia-sheinbaum-toma-protesta-mexico-presidenta-como-ver-orix\/","og_site_name":"Noticias","article_published_time":"2024-09-30T17:03:40+00:00","twitter_card":"summary_large_image","twitter_misc":{"Est. reading time":"2 minutos"},"schema":{"@context":"https:\/\/schema.org","@graph":[{"@type":"Article","@id":"https:\/\/noticiasya.com\/2024\/09\/30\/claudia-sheinbaum-toma-protesta-mexico-presidenta-como-ver-orix\/#article","isPartOf":{"@id":"https:\/\/noticiasya.com\/2024\/09\/30\/claudia-sheinbaum-toma-protesta-mexico-presidenta-como-ver-orix\/"},"author":{"name":"","@id":""},"headline":"Toma de protesta de Claudia Sheinbaum como presidenta de M\u00e9xico: qu\u00e9 presidentes e invitados asisten, cu\u00e1ndo es y c\u00f3mo ver en vivo","datePublished":"2024-09-30T17:03:40+00:00","mainEntityOfPage":{"@id":"https:\/\/noticiasya.com\/2024\/09\/30\/claudia-sheinbaum-toma-protesta-mexico-presidenta-como-ver-orix\/"},"wordCount":327,"commentCount":0,"publisher":{"@id":"https:\/\/noticiasya.com\/#organization"},"articleSection":["Noticias Nacionales"],"inLanguage":"es","potentialAction":[{"@type":"CommentAction","name":"Comment","target":["https:\/\/noticiasya.com\/2024\/09\/30\/claudia-sheinbaum-toma-protesta-mexico-presidenta-como-ver-orix\/#respond"]}]},{"@type":"WebPage","@id":"https:\/\/noticiasya.com\/2024\/09\/30\/claudia-sheinbaum-toma-protesta-mexico-presidenta-como-ver-orix\/","url":"https:\/\/noticiasya.com\/2024\/09\/30\/claudia-sheinbaum-toma-protesta-mexico-presidenta-como-ver-orix\/","name":"Toma de protesta de Claudia Sheinbaum como presidenta de M\u00e9xico: qu\u00e9 presidentes e invitados asisten, cu\u00e1ndo es y c\u00f3mo ver en vivo - Noticias","isPartOf":{"@id":"https:\/\/noticiasya.com\/#website"},"datePublished":"2024-09-30T17:03:40+00:00","breadcrumb":{"@id":"https:\/\/noticiasya.com\/2024\/09\/30\/claudia-sheinbaum-toma-protesta-mexico-presidenta-como-ver-orix\/#breadcrumb"},"inLanguage":"es","potentialAction":[{"@type":"ReadAction","target":["https:\/\/noticiasya.com\/2024\/09\/30\/claudia-sheinbaum-toma-protesta-mexico-presidenta-como-ver-orix\/"]}]},{"@type":"BreadcrumbList","@id":"https:\/\/noticiasya.com\/2024\/09\/30\/claudia-sheinbaum-toma-protesta-mexico-presidenta-como-ver-orix\/#breadcrumb","itemListElement":[{"@type":"ListItem","position":1,"name":"Home","item":"https:\/\/noticiasya.com\/"},{"@type":"ListItem","position":2,"name":"Toma de protesta de Claudia Sheinbaum como presidenta de M\u00e9xico: qu\u00e9 presidentes e invitados asisten, cu\u00e1ndo es y c\u00f3mo ver en vivo"}]},{"@type":"WebSite","@id":"https:\/\/noticiasya.com\/#website","url":"https:\/\/noticiasya.com\/","name":"Noticias","description":"Lo que importa","publisher":{"@id":"https:\/\/noticiasya.com\/#organization"},"potentialAction":[{"@type":"SearchAction","target":{"@type":"EntryPoint","urlTemplate":"https:\/\/noticiasya.com\/?s={search_term_string}"},"query-input":{"@type":"PropertyValueSpecification","valueRequired":true,"valueName":"search_term_string"}}],"inLanguage":"es"},{"@type":"Organization","@id":"https:\/\/noticiasya.com\/#organization","name":"Noticias","url":"https:\/\/noticiasya.com\/","logo":{"@type":"ImageObject","inLanguage":"es","@id":"https:\/\/noticiasya.com\/#\/schema\/logo\/image\/","url":"https:\/\/noticiasya.com\/wp-content\/uploads\/sites\/22\/2023\/12\/logo-nacional.png","contentUrl":"https:\/\/noticiasya.com\/wp-content\/uploads\/sites\/22\/2023\/12\/logo-nacional.png","width":1801,"height":691,"caption":"Noticias"},"image":{"@id":"https:\/\/noticiasya.com\/#\/schema\/logo\/image\/"}}]}},"parsely":{"version":"1.1.0","canonical_url":"https:\/\/noticiasya.com\/midland-odessa\/2024\/09\/30\/claudia-sheinbaum-toma-protesta-mexico-presidenta-como-ver-orix\/","smart_links":{"inbound":0,"outbound":0},"traffic_boost_suggestions_count":0,"meta":{"@context":"https:\/\/schema.org","@type":"NewsArticle","headline":"Toma de protesta de Claudia Sheinbaum como presidenta de M\u00e9xico: qu\u00e9 presidentes e invitados asisten, cu\u00e1ndo es y c\u00f3mo ver en vivo","url":"http:\/\/noticiasya.com\/midland-odessa\/2024\/09\/30\/claudia-sheinbaum-toma-protesta-mexico-presidenta-como-ver-orix\/","mainEntityOfPage":{"@type":"WebPage","@id":"http:\/\/noticiasya.com\/midland-odessa\/2024\/09\/30\/claudia-sheinbaum-toma-protesta-mexico-presidenta-como-ver-orix\/"},"thumbnailUrl":"","image":{"@type":"ImageObject","url":""},"articleSection":"Noticias Nacionales","author":[],"creator":[],"publisher":{"@type":"Organization","name":"Noticias","logo":""},"keywords":[],"dateCreated":"2024-09-30T17:03:40Z","datePublished":"2024-09-30T17:03:40Z","dateModified":"2024-09-30T17:03:40Z"},"rendered":"<script type=\"application\/ld+json\" class=\"wp-parsely-metadata\">{\"@context\":\"https:\\\/\\\/schema.org\",\"@type\":\"NewsArticle\",\"headline\":\"Toma de protesta de Claudia Sheinbaum como presidenta de M\\u00e9xico: qu\\u00e9 presidentes e invitados asisten, cu\\u00e1ndo es y c\\u00f3mo ver en vivo\",\"url\":\"http:\\\/\\\/noticiasya.com\\\/midland-odessa\\\/2024\\\/09\\\/30\\\/claudia-sheinbaum-toma-protesta-mexico-presidenta-como-ver-orix\\\/\",\"mainEntityOfPage\":{\"@type\":\"WebPage\",\"@id\":\"http:\\\/\\\/noticiasya.com\\\/midland-odessa\\\/2024\\\/09\\\/30\\\/claudia-sheinbaum-toma-protesta-mexico-presidenta-como-ver-orix\\\/\"},\"thumbnailUrl\":\"\",\"image\":{\"@type\":\"ImageObject\",\"url\":\"\"},\"articleSection\":\"Noticias Nacionales\",\"author\":[],\"creator\":[],\"publisher\":{\"@type\":\"Organization\",\"name\":\"Noticias\",\"logo\":\"\"},\"keywords\":[],\"dateCreated\":\"2024-09-30T17:03:40Z\",\"datePublished\":\"2024-09-30T17:03:40Z\",\"dateModified\":\"2024-09-30T17:03:40Z\"}<\/script>","tracker_url":"https:\/\/cdn.parsely.com\/keys\/noticiasya.com\/p.js"},"jetpack_featured_media_url":"","jetpack-related-posts":[{"id":1452920,"url":"https:\/\/noticiasya.com\/midland-odessa\/2024\/09\/21\/boric-petro-lula-y-jill-biden-asistentes-posesion-sheinbaum-presidenta-mexico-orix\/","url_meta":{"origin":1453218,"position":0},"title":"Jill Biden, Petro y Lula da Silva, entre los asistentes a la toma de posesi\u00f3n de Claudia Sheinbaum como presidenta de M\u00e9xico","author":"","date":"septiembre 21, 2024","format":false,"excerpt":"(CNN Espa\u00f1ol) -- Claudia Sheinbaum tomar\u00e1 posesi\u00f3n como la primera presidenta de M\u00e9xico el pr\u00f3ximo 1 de octubre en la C\u00e1mara de Diputados. Al evento asistir\u00e1n representantes de 105 pa\u00edses y 22 organismos internacionales, inform\u00f3 la presidenta electa este jueves en un comunicado publicado en X.En la lista publicada por\u2026","rel":"","context":"In &quot;Noticias Nacionales&quot;","block_context":{"text":"Noticias Nacionales","link":"https:\/\/noticiasya.com\/midland-odessa\/categoria\/noticias-nacionales"},"img":{"alt_text":"","src":"","width":0,"height":0},"classes":[]},{"id":1468378,"url":"https:\/\/noticiasya.com\/midland-odessa\/2025\/11\/15\/marchan-ciudad-mexico-protesta-inseguridad-gobierno-sheinbaum-orix\/","url_meta":{"origin":1453218,"position":1},"title":"Marchan en la Ciudad de M\u00e9xico en protesta contra la inseguridad y el Gobierno de Sheinbaum","author":"","date":"noviembre 15, 2025","format":false,"excerpt":"Cientos de ciudadanos marchan este s\u00e1bado en la zona centro de la Ciudad de M\u00e9xico para protestar en contra de la inseguridad y el Gobierno de la presidenta Claudia Sheinbaum.La manifestaci\u00f3n, que parte de la columna del \u00c1ngel de la Independencia hacia el Z\u00f3calo capitalino, fue convocada por algunos grupos\u2026","rel":"","context":"In &quot;Noticias Nacionales&quot;","block_context":{"text":"Noticias Nacionales","link":"https:\/\/noticiasya.com\/midland-odessa\/categoria\/noticias-nacionales"},"img":{"alt_text":"","src":"","width":0,"height":0},"classes":[]},{"id":1459476,"url":"https:\/\/noticiasya.com\/midland-odessa\/2025\/03\/04\/sheinbaum-aranceles-trump-respuesta-orix\/","url_meta":{"origin":1453218,"position":2},"title":"Sheinbaum califica de &#171;ofensivo y difamatorio&#187; el comunicado de la Casa Blanca y anuncia respuesta a aranceles de Trump","author":"","date":"marzo 4, 2025","format":false,"excerpt":"La presidenta de M\u00e9xico, Claudia Sheinbaum, respondi\u00f3 este martes a los aranceles impuestos por Estados Unidos y rechaz\u00f3 en\u00e9rgicamente un comunicado de la Casa Blanca que calific\u00f3 como \u201cofensivo y difamatorio\u201d. La mandataria asegur\u00f3 que la medida de Washington afecta tanto a la econom\u00eda mexicana como a las empresas estadounidenses\u2026","rel":"","context":"In &quot;Noticias Nacionales&quot;","block_context":{"text":"Noticias Nacionales","link":"https:\/\/noticiasya.com\/midland-odessa\/categoria\/noticias-nacionales"},"img":{"alt_text":"","src":"","width":0,"height":0},"classes":[]},{"id":1451039,"url":"https:\/\/noticiasya.com\/midland-odessa\/2024\/07\/11\/claudia-sheinbaum-gabinete-nuevo-miembro-mexico-orix\/","url_meta":{"origin":1453218,"position":3},"title":"Claudia Sheinbaum anuncia un nuevo miembro para su gabinete","author":"","date":"julio 11, 2024","format":false,"excerpt":"(CNN Espa\u00f1ol) -- La ganadora de las \u00faltimas elecciones presidenciales de M\u00e9xico, Claudia Sheinbaum, anuncia este jueves un nuevo miembro designado para lo que ser\u00e1 su gabinete cuando asuma el cargo.Este es el cuarto anuncio oficial que hace Sheinbaum respecto a qui\u00e9nes la acompa\u00f1ar\u00e1n en su gesti\u00f3n. Hasta el momento,\u2026","rel":"","context":"In &quot;Noticias Nacionales&quot;","block_context":{"text":"Noticias Nacionales","link":"https:\/\/noticiasya.com\/midland-odessa\/categoria\/noticias-nacionales"},"img":{"alt_text":"","src":"","width":0,"height":0},"classes":[]},{"id":1455484,"url":"https:\/\/noticiasya.com\/midland-odessa\/2024\/10\/31\/claudia-sheinbaum-mexico-constitucion-ley-maxima-orix\/","url_meta":{"origin":1453218,"position":4},"title":"Claudia Sheinbaum: \u201cLa Constituci\u00f3n es la ley m\u00e1xima\u201d","author":"","date":"octubre 31, 2024","format":false,"excerpt":"(CNN Espa\u00f1ol) \u2013\u2013 La presidenta de M\u00e9xico, Claudia Sheinbaum, critic\u00f3 este jueves a la oposici\u00f3n por el uso del t\u00e9rmino \u201csupremac\u00eda constitucional\u201d y se\u00f1al\u00f3 que la Corte menciona dicha palabra en diversos documentos.La mandataria subray\u00f3 que en el art\u00edculo 133 de la Constituci\u00f3n dice que la misma es \u201cla ley\u2026","rel":"","context":"In &quot;Noticias Nacionales&quot;","block_context":{"text":"Noticias Nacionales","link":"https:\/\/noticiasya.com\/midland-odessa\/categoria\/noticias-nacionales"},"img":{"alt_text":"","src":"","width":0,"height":0},"classes":[]},{"id":1451867,"url":"https:\/\/noticiasya.com\/midland-odessa\/2024\/08\/14\/sheinbaum-presidenta-electa-mexico-tribunal-electoral-orix\/","url_meta":{"origin":1453218,"position":5},"title":"El Tribunal Electoral de M\u00e9xico declara a Sheinbaum presidenta electa","author":"","date":"agosto 14, 2024","format":false,"excerpt":"(CNN Espa\u00f1ol) -- El Tribunal Electoral del Poder Judicial de la Federaci\u00f3n (TEPJF) de M\u00e9xico declar\u00f3 este mi\u00e9rcoles presidenta electa a Claudia Sheinbaum.Casi dos meses y medio despu\u00e9s de las elecciones, la Sala Superior del TEPJF emiti\u00f3 la sentencia que determina que el proceso cumpli\u00f3 los principios constitucionales y orden\u00f3\u2026","rel":"","context":"In &quot;Noticias Nacionales&quot;","block_context":{"text":"Noticias Nacionales","link":"https:\/\/noticiasya.com\/midland-odessa\/categoria\/noticias-nacionales"},"img":{"alt_text":"","src":"","width":0,"height":0},"classes":[]}],"jetpack_sharing_enabled":true,"_links":{"self":[{"href":"https:\/\/noticiasya.com\/midland-odessa\/wp-json\/wp\/v2\/posts\/1453218","targetHints":{"allow":["GET"]}}],"collection":[{"href":"https:\/\/noticiasya.com\/midland-odessa\/wp-json\/wp\/v2\/posts"}],"about":[{"href":"https:\/\/noticiasya.com\/midland-odessa\/wp-json\/wp\/v2\/types\/post"}],"replies":[{"embeddable":true,"href":"https:\/\/noticiasya.com\/midland-odessa\/wp-json\/wp\/v2\/comments?post=1453218"}],"version-history":[{"count":0,"href":"https:\/\/noticiasya.com\/midland-odessa\/wp-json\/wp\/v2\/posts\/1453218\/revisions"}],"wp:attachment":[{"href":"https:\/\/noticiasya.com\/midland-odessa\/wp-json\/wp\/v2\/media?parent=1453218"}],"wp:term":[{"taxonomy":"category","embeddable":true,"href":"https:\/\/noticiasya.com\/midland-odessa\/wp-json\/wp\/v2\/categories?post=1453218"},{"taxonomy":"post_tag","embeddable":true,"href":"https:\/\/noticiasya.com\/midland-odessa\/wp-json\/wp\/v2\/tags?post=1453218"}],"curies":[{"name":"wp","href":"https:\/\/api.w.org\/{rel}","templated":true}]}}