{"id":1453222,"date":"2024-09-30T10:03:41","date_gmt":"2024-09-30T17:03:41","guid":{"rendered":"https:\/\/noticiasya.com\/2024\/09\/30\/amlo-ultima-mananera-mexico-orix\/"},"modified":"2024-09-30T10:03:41","modified_gmt":"2024-09-30T17:03:41","slug":"amlo-ultima-mananera-mexico-orix","status":"publish","type":"post","link":"https:\/\/noticiasya.com\/midland-odessa\/2024\/09\/30\/amlo-ultima-mananera-mexico-orix\/","title":{"rendered":"AMLO brinda su \u00faltima ma\u00f1anera: &#171;Me voy muy contento porque voy a entregar la banda presidencial a una mujer excepcional&#187;"},"content":{"rendered":"<p>(CNN Espa\u00f1ol) &#8212; Este lunes, el presidente saliente, Andr\u00e9s Manuel L\u00f3pez Obrador (AMLO), brind\u00f3 su \u00faltima conferencia de prensa diaria.<\/p>\n<p>En sus seis a\u00f1os en el cargo, ha realizado m\u00e1s de mil sesiones informativas matutinas televisadas que duran un promedio de dos horas y media cada una. La llamada &#171;ma\u00f1anera&#187; ha sido su forma de mantener su comunicaci\u00f3n constante con sus seguidores.<\/p>\n<p>AN\u00c1LISIS | \u00bfMejor\u00f3 M\u00e9xico con L\u00f3pez Obrador? Estos indicadores sugieren resultados mixtos<\/p>\n<p>En su \u00faltima conferencia de prensa, AMLO agradeci\u00f3 a su sucesora, Claudia Sheinbaum, por su trato respetuoso hasta el final y reiter\u00f3 que se despide &#171;muy contento porque voy a entregar la banda presidencial a una mujer excepcional&#187;.<\/p>\n<p>&#171;Me voy muy contento porque voy a entregar la banda presidencial a una mujer excepcional, a una humanista, a una mujer llena de amor, de humildad, de buenos sentimientos. Es dif\u00edcil que se encuentre en la historia una transici\u00f3n como la que estamos viviendo, en lo personal me siento muy satisfecho por el trato de la presidenta hacia m\u00ed, respetuoso hasta el final.<\/p>\n<p>Adem\u00e1s, AMLO present\u00f3 datos de su Gobierno sobre la creaci\u00f3n de empleo en M\u00e9xico, la inversi\u00f3n federal en los j\u00f3venes y asegur\u00f3 que durante su sexenio, millones de personas salieron de la pobreza.<\/p>\n<p>&#171;Porque una cosa es proclamar que por el bien de todos, primero los pobres, y otra cosa es lograr que salgan de la pobreza, calculamos nueve millones quinientas mil personas durante nuestro sexenio, y lo mismo, se redujo la desigualdad&#187;, dijo.<\/p>\n<p>El n\u00famero de personas en la pobreza ha disminuido durante este Gobierno, seg\u00fan el Consejo Nacional de Evaluaci\u00f3n de la Pol\u00edtica de Desarrollo Social (Coneval) \u2014algo que varios analistas atribuyen al incremento del salario m\u00ednimo y a las transferencias directas de dinero a trav\u00e9s de programas sociales\u2014. Mientras, en el acceso a la salud hay un retroceso y otros resultados son terreno de debate.<\/p>\n<p>AMLO habl\u00f3 sobre la situaci\u00f3n en Acapulco<\/p>\n<p>En su \u00faltima ma\u00f1anera, AMLO se refiri\u00f3 a los da\u00f1os causados por la tormenta tropical John en los \u00faltimos d\u00edas y dijo que la presidenta electa, Claudia Sheinbaum, visitar\u00e1 la zona.<\/p>\n<p>&#171;Estamos atendiendo a damnificados de Acapulco, est\u00e1 la Secretar\u00eda de la Defensa, la Secretar\u00eda de Marina, la Guardia Nacional, Protecci\u00f3n Civil, Secretar\u00eda del Bienestar, ya est\u00e1 bajando el agua, mejor dicho ya baj\u00f3 el agua en las oclonias inundadas, estamos entregando comida caliente, estamos distribuyendo despensas, hay servicio m\u00e9dico, ya comenz\u00f3 el censo para entregar en 15 mil viviendas, afectadas, apoyos de manera directa&#187;, dijo L\u00f3pez Obrador.<\/p>\n<p>Qu\u00e9 dijo sobre su pol\u00edtica de austeridad republicana<\/p>\n<p>L\u00f3pez Obrador destac\u00f3 durante la presentaci\u00f3n de las cifras de su sexenio su pol\u00edtica de austeridad republicana.<\/p>\n<p>&#171;La austeridad no es un asunto solo administrativo, sino de principios, hay que practicar la austeridad republicana, juarista y tambi\u00e9n la pobreza franciscana, la felicidad no es acumular bienes materiales, riquezas, fama, t\u00edtulos, la felicidad es estar bien con uno mismo, con nuestra consciencia, con el pr\u00f3jimo.<br \/>\nEl poder tambi\u00e9n es humildad, hemos logrado avanzar porque no hemos permitido la corrupci\u00f3n y porque hemos hecho un gobierno austero&#187;, dijo AMLO.<\/p>\n<p>La \u00faltima ma\u00f1anera dur\u00f3 aproximadamente dos horas y, entre otros elementos de color, AMLO rif\u00f3 un reloj y se emiti\u00f3 una &#171;canci\u00f3n sorpresa&#187;.<\/p>\n<p>Con informaci\u00f3n de Mauricio Torres<\/p>\n<p>The-CNN-Wire<br \/>&trade; &amp; &copy; 2024 Cable News Network, Inc., a Warner Bros. Discovery Company. All rights reserved.<\/p>\n","protected":false},"excerpt":{"rendered":"<p>(CNN Espa\u00f1ol) &#8212; Este lunes, el presidente saliente, Andr\u00e9s Manuel L\u00f3pez Obrador (AMLO), brind\u00f3 su \u00faltima conferencia de prensa diaria. En sus seis a\u00f1os en el cargo, ha realizado m\u00e1s de mil sesiones informativas matutinas televisadas que duran un promedio de dos horas y media cada una. La llamada &#171;ma\u00f1anera&#187; ha sido su forma de [&hellip;]<\/p>\n","protected":false},"author":0,"featured_media":0,"comment_status":"open","ping_status":"open","sticky":false,"template":"","format":"standard","meta":{"_jetpack_memberships_contains_paid_content":false,"footnotes":""},"categories":[10],"tags":[],"class_list":["post-1453222","post","type-post","status-publish","format-standard","hentry","category-noticias-nacionales","market-global"],"yoast_head":"<!-- This site is optimized with the Yoast SEO plugin v24.4 - https:\/\/yoast.com\/wordpress\/plugins\/seo\/ -->\n<title>AMLO brinda su \u00faltima ma\u00f1anera: &quot;Me voy muy contento porque voy a entregar la banda presidencial a una mujer excepcional&quot; - Noticias<\/title>\n<meta name=\"robots\" content=\"index, follow, max-snippet:-1, max-image-preview:large, max-video-preview:-1\" \/>\n<link rel=\"canonical\" href=\"https:\/\/noticiasya.com\/2024\/09\/30\/amlo-ultima-mananera-mexico-orix\/\" \/>\n<meta property=\"og:locale\" content=\"es_ES\" \/>\n<meta property=\"og:type\" content=\"article\" \/>\n<meta property=\"og:title\" content=\"AMLO brinda su \u00faltima ma\u00f1anera: &quot;Me voy muy contento porque voy a entregar la banda presidencial a una mujer excepcional&quot; - Noticias\" \/>\n<meta property=\"og:description\" content=\"(CNN Espa\u00f1ol) &#8212; Este lunes, el presidente saliente, Andr\u00e9s Manuel L\u00f3pez Obrador (AMLO), brind\u00f3 su \u00faltima conferencia de prensa diaria. En sus seis a\u00f1os en el cargo, ha realizado m\u00e1s de mil sesiones informativas matutinas televisadas que duran un promedio de dos horas y media cada una. La llamada &#171;ma\u00f1anera&#187; ha sido su forma de [&hellip;]\" \/>\n<meta property=\"og:url\" content=\"https:\/\/noticiasya.com\/2024\/09\/30\/amlo-ultima-mananera-mexico-orix\/\" \/>\n<meta property=\"og:site_name\" content=\"Noticias\" \/>\n<meta property=\"article:published_time\" content=\"2024-09-30T17:03:41+00:00\" \/>\n<meta name=\"twitter:card\" content=\"summary_large_image\" \/>\n<meta name=\"twitter:label1\" content=\"Est. reading time\" \/>\n\t<meta name=\"twitter:data1\" content=\"3 minutos\" \/>\n<script type=\"application\/ld+json\" class=\"yoast-schema-graph\">{\"@context\":\"https:\/\/schema.org\",\"@graph\":[{\"@type\":\"Article\",\"@id\":\"https:\/\/noticiasya.com\/2024\/09\/30\/amlo-ultima-mananera-mexico-orix\/#article\",\"isPartOf\":{\"@id\":\"https:\/\/noticiasya.com\/2024\/09\/30\/amlo-ultima-mananera-mexico-orix\/\"},\"author\":{\"name\":\"\",\"@id\":\"\"},\"headline\":\"AMLO brinda su \u00faltima ma\u00f1anera: &#171;Me voy muy contento porque voy a entregar la banda presidencial a una mujer excepcional&#187;\",\"datePublished\":\"2024-09-30T17:03:41+00:00\",\"mainEntityOfPage\":{\"@id\":\"https:\/\/noticiasya.com\/2024\/09\/30\/amlo-ultima-mananera-mexico-orix\/\"},\"wordCount\":621,\"commentCount\":0,\"publisher\":{\"@id\":\"https:\/\/noticiasya.com\/#organization\"},\"articleSection\":[\"Noticias Nacionales\"],\"inLanguage\":\"es\",\"potentialAction\":[{\"@type\":\"CommentAction\",\"name\":\"Comment\",\"target\":[\"https:\/\/noticiasya.com\/2024\/09\/30\/amlo-ultima-mananera-mexico-orix\/#respond\"]}]},{\"@type\":\"WebPage\",\"@id\":\"https:\/\/noticiasya.com\/2024\/09\/30\/amlo-ultima-mananera-mexico-orix\/\",\"url\":\"https:\/\/noticiasya.com\/2024\/09\/30\/amlo-ultima-mananera-mexico-orix\/\",\"name\":\"AMLO brinda su \u00faltima ma\u00f1anera: \\\"Me voy muy contento porque voy a entregar la banda presidencial a una mujer excepcional\\\" - Noticias\",\"isPartOf\":{\"@id\":\"https:\/\/noticiasya.com\/#website\"},\"datePublished\":\"2024-09-30T17:03:41+00:00\",\"breadcrumb\":{\"@id\":\"https:\/\/noticiasya.com\/2024\/09\/30\/amlo-ultima-mananera-mexico-orix\/#breadcrumb\"},\"inLanguage\":\"es\",\"potentialAction\":[{\"@type\":\"ReadAction\",\"target\":[\"https:\/\/noticiasya.com\/2024\/09\/30\/amlo-ultima-mananera-mexico-orix\/\"]}]},{\"@type\":\"BreadcrumbList\",\"@id\":\"https:\/\/noticiasya.com\/2024\/09\/30\/amlo-ultima-mananera-mexico-orix\/#breadcrumb\",\"itemListElement\":[{\"@type\":\"ListItem\",\"position\":1,\"name\":\"Home\",\"item\":\"https:\/\/noticiasya.com\/\"},{\"@type\":\"ListItem\",\"position\":2,\"name\":\"AMLO brinda su \u00faltima ma\u00f1anera: &#171;Me voy muy contento porque voy a entregar la banda presidencial a una mujer excepcional&#187;\"}]},{\"@type\":\"WebSite\",\"@id\":\"https:\/\/noticiasya.com\/#website\",\"url\":\"https:\/\/noticiasya.com\/\",\"name\":\"Noticias\",\"description\":\"Lo que importa\",\"publisher\":{\"@id\":\"https:\/\/noticiasya.com\/#organization\"},\"potentialAction\":[{\"@type\":\"SearchAction\",\"target\":{\"@type\":\"EntryPoint\",\"urlTemplate\":\"https:\/\/noticiasya.com\/?s={search_term_string}\"},\"query-input\":{\"@type\":\"PropertyValueSpecification\",\"valueRequired\":true,\"valueName\":\"search_term_string\"}}],\"inLanguage\":\"es\"},{\"@type\":\"Organization\",\"@id\":\"https:\/\/noticiasya.com\/#organization\",\"name\":\"Noticias\",\"url\":\"https:\/\/noticiasya.com\/\",\"logo\":{\"@type\":\"ImageObject\",\"inLanguage\":\"es\",\"@id\":\"https:\/\/noticiasya.com\/#\/schema\/logo\/image\/\",\"url\":\"https:\/\/noticiasya.com\/wp-content\/uploads\/sites\/22\/2023\/12\/logo-nacional.png\",\"contentUrl\":\"https:\/\/noticiasya.com\/wp-content\/uploads\/sites\/22\/2023\/12\/logo-nacional.png\",\"width\":1801,\"height\":691,\"caption\":\"Noticias\"},\"image\":{\"@id\":\"https:\/\/noticiasya.com\/#\/schema\/logo\/image\/\"}}]}<\/script>\n<!-- \/ Yoast SEO plugin. -->","yoast_head_json":{"title":"AMLO brinda su \u00faltima ma\u00f1anera: \"Me voy muy contento porque voy a entregar la banda presidencial a una mujer excepcional\" - Noticias","robots":{"index":"index","follow":"follow","max-snippet":"max-snippet:-1","max-image-preview":"max-image-preview:large","max-video-preview":"max-video-preview:-1"},"canonical":"https:\/\/noticiasya.com\/2024\/09\/30\/amlo-ultima-mananera-mexico-orix\/","og_locale":"es_ES","og_type":"article","og_title":"AMLO brinda su \u00faltima ma\u00f1anera: \"Me voy muy contento porque voy a entregar la banda presidencial a una mujer excepcional\" - Noticias","og_description":"(CNN Espa\u00f1ol) &#8212; Este lunes, el presidente saliente, Andr\u00e9s Manuel L\u00f3pez Obrador (AMLO), brind\u00f3 su \u00faltima conferencia de prensa diaria. En sus seis a\u00f1os en el cargo, ha realizado m\u00e1s de mil sesiones informativas matutinas televisadas que duran un promedio de dos horas y media cada una. La llamada &#171;ma\u00f1anera&#187; ha sido su forma de [&hellip;]","og_url":"https:\/\/noticiasya.com\/2024\/09\/30\/amlo-ultima-mananera-mexico-orix\/","og_site_name":"Noticias","article_published_time":"2024-09-30T17:03:41+00:00","twitter_card":"summary_large_image","twitter_misc":{"Est. reading time":"3 minutos"},"schema":{"@context":"https:\/\/schema.org","@graph":[{"@type":"Article","@id":"https:\/\/noticiasya.com\/2024\/09\/30\/amlo-ultima-mananera-mexico-orix\/#article","isPartOf":{"@id":"https:\/\/noticiasya.com\/2024\/09\/30\/amlo-ultima-mananera-mexico-orix\/"},"author":{"name":"","@id":""},"headline":"AMLO brinda su \u00faltima ma\u00f1anera: &#171;Me voy muy contento porque voy a entregar la banda presidencial a una mujer excepcional&#187;","datePublished":"2024-09-30T17:03:41+00:00","mainEntityOfPage":{"@id":"https:\/\/noticiasya.com\/2024\/09\/30\/amlo-ultima-mananera-mexico-orix\/"},"wordCount":621,"commentCount":0,"publisher":{"@id":"https:\/\/noticiasya.com\/#organization"},"articleSection":["Noticias Nacionales"],"inLanguage":"es","potentialAction":[{"@type":"CommentAction","name":"Comment","target":["https:\/\/noticiasya.com\/2024\/09\/30\/amlo-ultima-mananera-mexico-orix\/#respond"]}]},{"@type":"WebPage","@id":"https:\/\/noticiasya.com\/2024\/09\/30\/amlo-ultima-mananera-mexico-orix\/","url":"https:\/\/noticiasya.com\/2024\/09\/30\/amlo-ultima-mananera-mexico-orix\/","name":"AMLO brinda su \u00faltima ma\u00f1anera: \"Me voy muy contento porque voy a entregar la banda presidencial a una mujer excepcional\" - Noticias","isPartOf":{"@id":"https:\/\/noticiasya.com\/#website"},"datePublished":"2024-09-30T17:03:41+00:00","breadcrumb":{"@id":"https:\/\/noticiasya.com\/2024\/09\/30\/amlo-ultima-mananera-mexico-orix\/#breadcrumb"},"inLanguage":"es","potentialAction":[{"@type":"ReadAction","target":["https:\/\/noticiasya.com\/2024\/09\/30\/amlo-ultima-mananera-mexico-orix\/"]}]},{"@type":"BreadcrumbList","@id":"https:\/\/noticiasya.com\/2024\/09\/30\/amlo-ultima-mananera-mexico-orix\/#breadcrumb","itemListElement":[{"@type":"ListItem","position":1,"name":"Home","item":"https:\/\/noticiasya.com\/"},{"@type":"ListItem","position":2,"name":"AMLO brinda su \u00faltima ma\u00f1anera: &#171;Me voy muy contento porque voy a entregar la banda presidencial a una mujer excepcional&#187;"}]},{"@type":"WebSite","@id":"https:\/\/noticiasya.com\/#website","url":"https:\/\/noticiasya.com\/","name":"Noticias","description":"Lo que importa","publisher":{"@id":"https:\/\/noticiasya.com\/#organization"},"potentialAction":[{"@type":"SearchAction","target":{"@type":"EntryPoint","urlTemplate":"https:\/\/noticiasya.com\/?s={search_term_string}"},"query-input":{"@type":"PropertyValueSpecification","valueRequired":true,"valueName":"search_term_string"}}],"inLanguage":"es"},{"@type":"Organization","@id":"https:\/\/noticiasya.com\/#organization","name":"Noticias","url":"https:\/\/noticiasya.com\/","logo":{"@type":"ImageObject","inLanguage":"es","@id":"https:\/\/noticiasya.com\/#\/schema\/logo\/image\/","url":"https:\/\/noticiasya.com\/wp-content\/uploads\/sites\/22\/2023\/12\/logo-nacional.png","contentUrl":"https:\/\/noticiasya.com\/wp-content\/uploads\/sites\/22\/2023\/12\/logo-nacional.png","width":1801,"height":691,"caption":"Noticias"},"image":{"@id":"https:\/\/noticiasya.com\/#\/schema\/logo\/image\/"}}]}},"parsely":{"version":"1.1.0","canonical_url":"https:\/\/noticiasya.com\/midland-odessa\/2024\/09\/30\/amlo-ultima-mananera-mexico-orix\/","smart_links":{"inbound":0,"outbound":0},"traffic_boost_suggestions_count":0,"meta":{"@context":"https:\/\/schema.org","@type":"NewsArticle","headline":"AMLO brinda su \u00faltima ma\u00f1anera: &#171;Me voy muy contento porque voy a entregar la banda presidencial a una mujer excepcional&#187;","url":"http:\/\/noticiasya.com\/midland-odessa\/2024\/09\/30\/amlo-ultima-mananera-mexico-orix\/","mainEntityOfPage":{"@type":"WebPage","@id":"http:\/\/noticiasya.com\/midland-odessa\/2024\/09\/30\/amlo-ultima-mananera-mexico-orix\/"},"thumbnailUrl":"","image":{"@type":"ImageObject","url":""},"articleSection":"Noticias Nacionales","author":[],"creator":[],"publisher":{"@type":"Organization","name":"Noticias","logo":""},"keywords":[],"dateCreated":"2024-09-30T17:03:41Z","datePublished":"2024-09-30T17:03:41Z","dateModified":"2024-09-30T17:03:41Z"},"rendered":"<script type=\"application\/ld+json\" class=\"wp-parsely-metadata\">{\"@context\":\"https:\\\/\\\/schema.org\",\"@type\":\"NewsArticle\",\"headline\":\"AMLO brinda su \\u00faltima ma\\u00f1anera: &#171;Me voy muy contento porque voy a entregar la banda presidencial a una mujer excepcional&#187;\",\"url\":\"http:\\\/\\\/noticiasya.com\\\/midland-odessa\\\/2024\\\/09\\\/30\\\/amlo-ultima-mananera-mexico-orix\\\/\",\"mainEntityOfPage\":{\"@type\":\"WebPage\",\"@id\":\"http:\\\/\\\/noticiasya.com\\\/midland-odessa\\\/2024\\\/09\\\/30\\\/amlo-ultima-mananera-mexico-orix\\\/\"},\"thumbnailUrl\":\"\",\"image\":{\"@type\":\"ImageObject\",\"url\":\"\"},\"articleSection\":\"Noticias Nacionales\",\"author\":[],\"creator\":[],\"publisher\":{\"@type\":\"Organization\",\"name\":\"Noticias\",\"logo\":\"\"},\"keywords\":[],\"dateCreated\":\"2024-09-30T17:03:41Z\",\"datePublished\":\"2024-09-30T17:03:41Z\",\"dateModified\":\"2024-09-30T17:03:41Z\"}<\/script>","tracker_url":"https:\/\/cdn.parsely.com\/keys\/noticiasya.com\/p.js"},"jetpack_featured_media_url":"","jetpack-related-posts":[{"id":1451267,"url":"https:\/\/noticiasya.com\/midland-odessa\/2024\/07\/19\/amlo-carta-trump-rebatirle-argumentos-migracion-orix\/","url_meta":{"origin":1453222,"position":0},"title":"L\u00f3pez Obrador enviar\u00e1 una carta a su \u201camigo\u201d Trump para rebatirle argumentos sobre migraci\u00f3n e integraci\u00f3n econ\u00f3mica","author":"","date":"julio 19, 2024","format":false,"excerpt":"(CNN Espa\u00f1ol) --\u00a0El presidente de M\u00e9xico, Andr\u00e9s Manuel L\u00f3pez Obrador, anunci\u00f3 este viernes que la semana pr\u00f3xima le escribir\u00e1 al candidato presidencial republicano Donald Trump para exponer sus argumentos sobre inmigraci\u00f3n.\u201cLe voy a enviar una carta, lo anuncio, a mi amigo Donald Trump, porque pienso que no le est\u00e1n informando\u2026","rel":"","context":"In &quot;Noticias Nacionales&quot;","block_context":{"text":"Noticias Nacionales","link":"https:\/\/noticiasya.com\/midland-odessa\/categoria\/noticias-nacionales"},"img":{"alt_text":"","src":"","width":0,"height":0},"classes":[]},{"id":1447643,"url":"https:\/\/noticiasya.com\/midland-odessa\/2024\/04\/02\/controversias-periodismo-amlo-arremete-presentador-cnn-entrevisto-milei-orix\/","url_meta":{"origin":1453222,"position":1},"title":"En medio de sus controversias con el periodismo, AMLO arremete contra presentador de CNN que entrevist\u00f3 a Milei","author":"","date":"abril 2, 2024","format":false,"excerpt":"(CNN Espa\u00f1ol) \u2013\u2013 Despu\u00e9s de las m\u00faltiples controversias y choques que tuvo con periodistas y medios, este lunes el presidente de M\u00e9xico, Andr\u00e9s Manuel L\u00f3pez Obrador, arremeti\u00f3 contra Andr\u00e9s Oppenheimer, presentador de CNN, por la pol\u00e9mica que se abri\u00f3 tras las cr\u00edticas que le dedic\u00f3 su par de Argentina, Javier\u2026","rel":"","context":"In &quot;Noticias Nacionales&quot;","block_context":{"text":"Noticias Nacionales","link":"https:\/\/noticiasya.com\/midland-odessa\/categoria\/noticias-nacionales"},"img":{"alt_text":"","src":"","width":0,"height":0},"classes":[]},{"id":1447498,"url":"https:\/\/noticiasya.com\/midland-odessa\/2024\/03\/28\/milei-amlo-xochitl-galvez-claudia-sheinbaum-orix\/","url_meta":{"origin":1453222,"position":2},"title":"X\u00f3chitl G\u00e1lvez y Claudia Sheinbaum responden a Milei luego de que llamara &#171;ignorante&#187; a AMLO","author":"","date":"marzo 28, 2024","format":false,"excerpt":"(CNN Espa\u00f1ol) -- El presidente de M\u00e9xico, Andr\u00e9s Manuel L\u00f3pez Obrador, fue objeto de duras palabras del mandatario de Argentina, Javier Milei. En entrevista con Andr\u00e9s Oppenheimer para CNN, el gobernante argentino llam\u00f3 a su hom\u00f3logo mexicano un \"ignorante\". El tema lleg\u00f3 a la campa\u00f1a presidencial: tanto la candidata oficialista\u2026","rel":"","context":"In &quot;Noticias Nacionales&quot;","block_context":{"text":"Noticias Nacionales","link":"https:\/\/noticiasya.com\/midland-odessa\/categoria\/noticias-nacionales"},"img":{"alt_text":"","src":"","width":0,"height":0},"classes":[]},{"id":1445846,"url":"https:\/\/noticiasya.com\/midland-odessa\/2024\/02\/21\/amlo-fiscala-mexico-capana-presidencal-lider-los-ardillos-orix\/","url_meta":{"origin":1453222,"position":3},"title":"Fiscal\u00eda de M\u00e9xico busca a presunto l\u00edder criminal por referirse a supuesto aporte a campa\u00f1a del presidente L\u00f3pez Obrador","author":"","date":"febrero 21, 2024","format":false,"excerpt":"(CNN) \u2013\u2013 La Fiscal\u00eda General de M\u00e9xico (FGR) busca al presunto l\u00edder de la organizaci\u00f3n criminal \"Los Ardillos\", Celso \"O\", para que \"ratifique y compruebe debidamente las afirmaciones que realiz\u00f3 ante un medio period\u00edstico\" en las que se\u00f1ala que el grupo criminal los Zetas habr\u00eda aportado dinero a la campa\u00f1a\u2026","rel":"","context":"In &quot;Noticias Nacionales&quot;","block_context":{"text":"Noticias Nacionales","link":"https:\/\/noticiasya.com\/midland-odessa\/categoria\/noticias-nacionales"},"img":{"alt_text":"","src":"","width":0,"height":0},"classes":[]},{"id":1472246,"url":"https:\/\/noticiasya.com\/midland-odessa\/2026\/03\/16\/sheinbaum-amlo-apoyo-cuba-aporte-personal-orix\/","url_meta":{"origin":1453222,"position":4},"title":"Sheinbaum reitera su respaldo al llamado de AMLO a apoyar a Cuba y dice que ella misma har\u00e1 un aporte personal","author":"","date":"marzo 16, 2026","format":false,"excerpt":"La presidenta de M\u00e9xico, Claudia Sheinbaum, volvi\u00f3 a respaldar este lunes el llamado del expresidente Andr\u00e9s Manuel L\u00f3pez Obrador (AMLO) a apoyar al pueblo de Cuba frente al bloqueo econ\u00f3mico y de combustible impuesto por Estados Unidos.\u201cM\u00e9xico fue el \u00fanico pa\u00eds, entre todas las presiones, que se opuso al bloqueo\u2026","rel":"","context":"In &quot;Noticias Nacionales&quot;","block_context":{"text":"Noticias Nacionales","link":"https:\/\/noticiasya.com\/midland-odessa\/categoria\/noticias-nacionales"},"img":{"alt_text":"","src":"","width":0,"height":0},"classes":[]},{"id":1449209,"url":"https:\/\/noticiasya.com\/midland-odessa\/2024\/05\/07\/seguir-juntos-amlo-rumores-divorcio-beatriz-gutierrez-orix\/","url_meta":{"origin":1453222,"position":5},"title":"\u201cVamos a seguir juntos\u201d, dice presidente de M\u00e9xico ante rumores sobre posible divorcio de la escritora Beatriz Guti\u00e9rrez","author":"","date":"mayo 7, 2024","format":false,"excerpt":"(CNN Espa\u00f1ol) -- El presidente de M\u00e9xico, Andr\u00e9s Manuel L\u00f3pez Obrador, rechaz\u00f3 este martes que vaya a separarse de su esposa, Beatriz Guti\u00e9rrez M\u00fcller, acallando as\u00ed rumores aparecidos en redes sociales sobre una presunta ruptura entre el mandatario y la escritora tras concluir su gobierno.\u201cNo s\u00e9 si sea cierto, pero\u2026","rel":"","context":"In &quot;Noticias Nacionales&quot;","block_context":{"text":"Noticias Nacionales","link":"https:\/\/noticiasya.com\/midland-odessa\/categoria\/noticias-nacionales"},"img":{"alt_text":"","src":"","width":0,"height":0},"classes":[]}],"jetpack_sharing_enabled":true,"_links":{"self":[{"href":"https:\/\/noticiasya.com\/midland-odessa\/wp-json\/wp\/v2\/posts\/1453222","targetHints":{"allow":["GET"]}}],"collection":[{"href":"https:\/\/noticiasya.com\/midland-odessa\/wp-json\/wp\/v2\/posts"}],"about":[{"href":"https:\/\/noticiasya.com\/midland-odessa\/wp-json\/wp\/v2\/types\/post"}],"replies":[{"embeddable":true,"href":"https:\/\/noticiasya.com\/midland-odessa\/wp-json\/wp\/v2\/comments?post=1453222"}],"version-history":[{"count":0,"href":"https:\/\/noticiasya.com\/midland-odessa\/wp-json\/wp\/v2\/posts\/1453222\/revisions"}],"wp:attachment":[{"href":"https:\/\/noticiasya.com\/midland-odessa\/wp-json\/wp\/v2\/media?parent=1453222"}],"wp:term":[{"taxonomy":"category","embeddable":true,"href":"https:\/\/noticiasya.com\/midland-odessa\/wp-json\/wp\/v2\/categories?post=1453222"},{"taxonomy":"post_tag","embeddable":true,"href":"https:\/\/noticiasya.com\/midland-odessa\/wp-json\/wp\/v2\/tags?post=1453222"}],"curies":[{"name":"wp","href":"https:\/\/api.w.org\/{rel}","templated":true}]}}