{"id":1453223,"date":"2024-09-30T10:03:41","date_gmt":"2024-09-30T17:03:41","guid":{"rendered":"https:\/\/noticiasya.com\/2024\/09\/30\/imagenes-antes-y-despues-revelan-dramatica-reduccion-principales-rios-amazonia-trax\/"},"modified":"2024-09-30T10:03:41","modified_gmt":"2024-09-30T17:03:41","slug":"imagenes-antes-y-despues-revelan-dramatica-reduccion-principales-rios-amazonia-trax","status":"publish","type":"post","link":"https:\/\/noticiasya.com\/midland-odessa\/2024\/09\/30\/imagenes-antes-y-despues-revelan-dramatica-reduccion-principales-rios-amazonia-trax\/","title":{"rendered":"Im\u00e1genes de antes y despu\u00e9s revelan una dr\u00e1stica reducci\u00f3n de los principales r\u00edos de la Amazonia"},"content":{"rendered":"<p>(CNN) &#8212; Enormes afluentes que alimentan el poderoso r\u00edo Amazonas \u2014el m\u00e1s grande del planeta\u2014 han ca\u00eddo a niveles hist\u00f3ricamente bajos, afectando vidas, varando barcos y amenazando a delfines en peligro de extinci\u00f3n mientras la sequ\u00eda azota Brasil.<\/p>\n<p>Seg\u00fan Cemaden, el centro de monitoreo de desastres naturales del pa\u00eds, el pa\u00eds est\u00e1 sufriendo actualmente su peor sequ\u00eda desde que se tienen registros en 1950. Es el segundo a\u00f1o consecutivo de sequ\u00eda extrema en Brasil. Casi el 60% del pa\u00eds est\u00e1 afectado y algunas ciudades, incluida la capital, Brasilia, sufren m\u00e1s de 140 d\u00edas consecutivos sin lluvia.<\/p>\n<p>En el coraz\u00f3n de la selva amaz\u00f3nica, el impacto sobre los r\u00edos es impactante y los expertos est\u00e1n haciendo sonar la alarma sobre lo que esto significa para la regi\u00f3n, un foco de biodiversidad y un amortiguador crucial del cambio clim\u00e1tico.<\/p>\n<p>El r\u00edo Negro, uno de los mayores afluentes del r\u00edo Amazonas, se encuentra en m\u00ednimos hist\u00f3ricos para esta \u00e9poca del a\u00f1o cerca de la ciudad de Manaus, en el estado de Amazonas. Sus niveles de agua est\u00e1n cayendo alrededor de 17 cent\u00edmetros por d\u00eda , seg\u00fan el servicio geol\u00f3gico de Brasil.<\/p>\n<p>Las caracter\u00edsticas aguas negras del r\u00edo suelen recorrer su espeso laberinto de canales, pero las im\u00e1genes satelitales muestran ahora que se ha reducido dr\u00e1sticamente y que grandes franjas de su lecho est\u00e1n expuestas.<\/p>\n<p>Im\u00e1genes satelitales del R\u00edo Negro del 12 de septiembre de 2021 versus el 16 de septiembre de 2024 Sat\u00e9lite Copernicus, (Cr\u00e9dito: Sentinel-2)<\/p>\n<p>Parte del R\u00edo Negro en Manaus el 19 de junio de 2024 y la misma parte La misma parte del R\u00edo Negro el 25 de septiembre de 2024. (Cr\u00e9dito: Edmar Barros\/AP)<\/p>\n<p>El R\u00edo Negro est\u00e1 experimentando \u201creducciones extremas\u201d a medida que las temperaturas se disparan y la regi\u00f3n lucha con una escasez de lluvias, dijo Lincoln Alves, cient\u00edfico investigador del Instituto Nacional de Investigaciones Espaciales de Brasil.<\/p>\n<p>Lo mismo ocurre con el r\u00edo Solim\u00f5es, cuyas aguas de color turbio convergen con el r\u00edo Negro en Manaus para formar el r\u00edo Amazonas.<\/p>\n<p>Este mes, el Solim\u00f5es cay\u00f3 a su nivel m\u00e1s bajo registrado para esta \u00e9poca del a\u00f1o en Tabatinga, una ciudad brasile\u00f1a en la frontera con Colombia y Per\u00fa.<\/p>\n<p>Los barcos quedaron varados y ahora se pueden ver grandes extensiones de arena donde antes flu\u00eda el agua.<\/p>\n<p>Una barcaza varada en un banco de arena en el r\u00edo Solim\u00f5es, cerca de Tef\u00e9, estado de Amazonas, Brasil, el 17 de septiembre de 2024. (Cr\u00e9dito: Jorge Silva\/Reuters)<\/p>\n<p>El lago Tef\u00e9, en la orilla norte del r\u00edo Solim\u00f5es, tambi\u00e9n est\u00e1 muy agotado.<\/p>\n<p>Las fotograf\u00edas del lago tomadas el mes pasado muestran que su tama\u00f1o se ha reducido dr\u00e1sticamente en comparaci\u00f3n con el mismo per\u00edodo del a\u00f1o pasado y que sigue disminuyendo. Esto \u201ccontribuye a una escasez cr\u00edtica de agua y afecta a los ecosistemas locales\u201d, dijo Alves.<\/p>\n<p>El a\u00f1o pasado, m\u00e1s de 200 delfines fueron encontrados muertos en el lago durante una sequ\u00eda hist\u00f3rica y temperaturas del agua r\u00e9cord, y los expertos temen que esto se repita este a\u00f1o.<\/p>\n<p>Ya se est\u00e1n produciendo muertes de delfines. \u201cLa semana pasada, encontramos uno por d\u00eda en promedio\u201d, dijo a Reuters Miriam Marmontel, directora del proyecto de delfines en el Instituto de Desarrollo Sostenible de Mamirau\u00e1, a principios de este mes.<\/p>\n<p>Los investigadores creen que a medida que el lago se reduce, hay menos espacio para los delfines, lo que los pone en mayor riesgo de colisi\u00f3n con barcos y transbordadores.<\/p>\n<p>Im\u00e1genes satelitales del lago Tef\u00e9 del 26 de agosto de 2023 frente al 25 de agosto de 2024 Copernicus, sat\u00e9lite Sentinel-2<\/p>\n<p>La investigadora Miriam Marmontel, del Instituto de Desarrollo Sostenible de Mamirau\u00e1, despu\u00e9s de encontrar un delf\u00edn muerto en el lago Tef\u00e9 el 18 de septiembre de 2024. (Cr\u00e9dito: Leonardo Benassatto\/Reuters)<\/p>\n<p>En muchas regiones de la Amazonia \u201cla sequ\u00eda ya es m\u00e1s intensa hoy que en el peor momento del a\u00f1o pasado\u201d, afirm\u00f3 R\u00f3mulo Batista, bi\u00f3logo y portavoz de Greenpeace Brasil.<\/p>\n<p>\u201cLos m\u00ednimos en estos r\u00edos\u2026 suelen darse a finales de octubre\u201d, dijo Adriana Cuartas, investigadora del Cemaden. Este a\u00f1o han ocurrido antes y los niveles de agua seguir\u00e1n bajando, dijo a CNN.<\/p>\n<p>Las consecuencias son duras para la poblaci\u00f3n local que depende de los r\u00edos para obtener alimentos, medicinas, medios de vida y transporte, dijo Andr\u00e9 Guimar\u00e3es, director ejecutivo del Instituto de Investigaci\u00f3n Ambiental de la Amazonia, una organizaci\u00f3n sin fines de lucro.<\/p>\n<p>\u201cEstamos sufriendo una situaci\u00f3n que nunca antes hab\u00eda sucedido\u201d, dijo a CNN, y agreg\u00f3: \u201cla reducci\u00f3n del caudal del r\u00edo es absolutamente enorme\u201d.<\/p>\n<p>La grave y prolongada sequ\u00eda que sufre Brasil ha sido alimentada por un conjunto de factores.<\/p>\n<p>Un intenso fen\u00f3meno de El Ni\u00f1o, un patr\u00f3n clim\u00e1tico natural, trajo consigo un clima m\u00e1s c\u00e1lido y seco a la regi\u00f3n el a\u00f1o pasado y hasta 2024. El Ni\u00f1o ya ha terminado, pero el calor y la sequ\u00eda est\u00e1n siendo influenciados por un Oc\u00e9ano Atl\u00e1ntico inusualmente caliente, dijo Cuartas de Cemaden.<\/p>\n<p>La deforestaci\u00f3n tambi\u00e9n es un factor, dijo Alves, que contribuye a elevar las temperaturas y cambiar los patrones de lluvia. \u201cLa degradaci\u00f3n continua del ecosistema est\u00e1 empujando a la regi\u00f3n hacia un posible punto de inflexi\u00f3n\u201d, dijo.<\/p>\n<p>Luego est\u00e1 el cambio clim\u00e1tico, impulsado por la quema de combustibles f\u00f3siles que calientan el planeta, lo que trae temperaturas m\u00e1s c\u00e1lidas y per\u00edodos m\u00e1s largos sin lluvia.<\/p>\n<p>La devastadora sequ\u00eda del a\u00f1o pasado en la cuenca del Amazonas fue 30 veces m\u00e1s probable debido al cambio clim\u00e1tico, seg\u00fan un informe de World Weather Attribution, una red de cient\u00edficos que analiza fen\u00f3menos clim\u00e1ticos extremos.<\/p>\n<p>Lo que est\u00e1 sucediendo en Brasil \u201ces un ejemplo tr\u00e1gico del impacto local del cambio clim\u00e1tico global\u201d, dijo Guimar\u00e3es, refiri\u00e9ndose al hecho de que a menudo son los pa\u00edses m\u00e1s pobres y menos desarrollados los que sienten el peso de los impactos del cambio clim\u00e1tico causados \u200b\u200bdesproporcionadamente por los pa\u00edses m\u00e1s ricos.<\/p>\n<p>A principios de este mes, el grupo ambientalista Greenpeace present\u00f3 una enorme pancarta con el mensaje \u201c\u00bfQui\u00e9n paga?\u201d en las reci\u00e9n expuestas orillas arenosas del Solim\u00f5es.<\/p>\n<p>The-CNN-Wire<br \/>&trade; &amp; &copy; 2024 Cable News Network, Inc., a Warner Bros. Discovery Company. All rights reserved.<\/p>\n","protected":false},"excerpt":{"rendered":"<p>(CNN) &#8212; Enormes afluentes que alimentan el poderoso r\u00edo Amazonas \u2014el m\u00e1s grande del planeta\u2014 han ca\u00eddo a niveles hist\u00f3ricamente bajos, afectando vidas, varando barcos y amenazando a delfines en peligro de extinci\u00f3n mientras la sequ\u00eda azota Brasil. Seg\u00fan Cemaden, el centro de monitoreo de desastres naturales del pa\u00eds, el pa\u00eds est\u00e1 sufriendo actualmente su [&hellip;]<\/p>\n","protected":false},"author":0,"featured_media":0,"comment_status":"open","ping_status":"open","sticky":false,"template":"","format":"standard","meta":{"_jetpack_memberships_contains_paid_content":false,"footnotes":""},"categories":[10],"tags":[],"class_list":["post-1453223","post","type-post","status-publish","format-standard","hentry","category-noticias-nacionales","market-global"],"yoast_head":"<!-- This site is optimized with the Yoast SEO plugin v24.4 - https:\/\/yoast.com\/wordpress\/plugins\/seo\/ -->\n<title>Im\u00e1genes de antes y despu\u00e9s revelan una dr\u00e1stica reducci\u00f3n de los principales r\u00edos de la Amazonia - Noticias<\/title>\n<meta name=\"robots\" content=\"index, follow, max-snippet:-1, max-image-preview:large, max-video-preview:-1\" \/>\n<link rel=\"canonical\" href=\"https:\/\/noticiasya.com\/2024\/09\/30\/imagenes-antes-y-despues-revelan-dramatica-reduccion-principales-rios-amazonia-trax\/\" \/>\n<meta property=\"og:locale\" content=\"es_ES\" \/>\n<meta property=\"og:type\" content=\"article\" \/>\n<meta property=\"og:title\" content=\"Im\u00e1genes de antes y despu\u00e9s revelan una dr\u00e1stica reducci\u00f3n de los principales r\u00edos de la Amazonia - Noticias\" \/>\n<meta property=\"og:description\" content=\"(CNN) &#8212; Enormes afluentes que alimentan el poderoso r\u00edo Amazonas \u2014el m\u00e1s grande del planeta\u2014 han ca\u00eddo a niveles hist\u00f3ricamente bajos, afectando vidas, varando barcos y amenazando a delfines en peligro de extinci\u00f3n mientras la sequ\u00eda azota Brasil. Seg\u00fan Cemaden, el centro de monitoreo de desastres naturales del pa\u00eds, el pa\u00eds est\u00e1 sufriendo actualmente su [&hellip;]\" \/>\n<meta property=\"og:url\" content=\"https:\/\/noticiasya.com\/2024\/09\/30\/imagenes-antes-y-despues-revelan-dramatica-reduccion-principales-rios-amazonia-trax\/\" \/>\n<meta property=\"og:site_name\" content=\"Noticias\" \/>\n<meta property=\"article:published_time\" content=\"2024-09-30T17:03:41+00:00\" \/>\n<meta name=\"twitter:card\" content=\"summary_large_image\" \/>\n<meta name=\"twitter:label1\" content=\"Est. reading time\" \/>\n\t<meta name=\"twitter:data1\" content=\"6 minutos\" \/>\n<script type=\"application\/ld+json\" class=\"yoast-schema-graph\">{\"@context\":\"https:\/\/schema.org\",\"@graph\":[{\"@type\":\"Article\",\"@id\":\"https:\/\/noticiasya.com\/2024\/09\/30\/imagenes-antes-y-despues-revelan-dramatica-reduccion-principales-rios-amazonia-trax\/#article\",\"isPartOf\":{\"@id\":\"https:\/\/noticiasya.com\/2024\/09\/30\/imagenes-antes-y-despues-revelan-dramatica-reduccion-principales-rios-amazonia-trax\/\"},\"author\":{\"name\":\"\",\"@id\":\"\"},\"headline\":\"Im\u00e1genes de antes y despu\u00e9s revelan una dr\u00e1stica reducci\u00f3n de los principales r\u00edos de la Amazonia\",\"datePublished\":\"2024-09-30T17:03:41+00:00\",\"mainEntityOfPage\":{\"@id\":\"https:\/\/noticiasya.com\/2024\/09\/30\/imagenes-antes-y-despues-revelan-dramatica-reduccion-principales-rios-amazonia-trax\/\"},\"wordCount\":1152,\"commentCount\":0,\"publisher\":{\"@id\":\"https:\/\/noticiasya.com\/#organization\"},\"articleSection\":[\"Noticias Nacionales\"],\"inLanguage\":\"es\",\"potentialAction\":[{\"@type\":\"CommentAction\",\"name\":\"Comment\",\"target\":[\"https:\/\/noticiasya.com\/2024\/09\/30\/imagenes-antes-y-despues-revelan-dramatica-reduccion-principales-rios-amazonia-trax\/#respond\"]}]},{\"@type\":\"WebPage\",\"@id\":\"https:\/\/noticiasya.com\/2024\/09\/30\/imagenes-antes-y-despues-revelan-dramatica-reduccion-principales-rios-amazonia-trax\/\",\"url\":\"https:\/\/noticiasya.com\/2024\/09\/30\/imagenes-antes-y-despues-revelan-dramatica-reduccion-principales-rios-amazonia-trax\/\",\"name\":\"Im\u00e1genes de antes y despu\u00e9s revelan una dr\u00e1stica reducci\u00f3n de los principales r\u00edos de la Amazonia - Noticias\",\"isPartOf\":{\"@id\":\"https:\/\/noticiasya.com\/#website\"},\"datePublished\":\"2024-09-30T17:03:41+00:00\",\"breadcrumb\":{\"@id\":\"https:\/\/noticiasya.com\/2024\/09\/30\/imagenes-antes-y-despues-revelan-dramatica-reduccion-principales-rios-amazonia-trax\/#breadcrumb\"},\"inLanguage\":\"es\",\"potentialAction\":[{\"@type\":\"ReadAction\",\"target\":[\"https:\/\/noticiasya.com\/2024\/09\/30\/imagenes-antes-y-despues-revelan-dramatica-reduccion-principales-rios-amazonia-trax\/\"]}]},{\"@type\":\"BreadcrumbList\",\"@id\":\"https:\/\/noticiasya.com\/2024\/09\/30\/imagenes-antes-y-despues-revelan-dramatica-reduccion-principales-rios-amazonia-trax\/#breadcrumb\",\"itemListElement\":[{\"@type\":\"ListItem\",\"position\":1,\"name\":\"Home\",\"item\":\"https:\/\/noticiasya.com\/\"},{\"@type\":\"ListItem\",\"position\":2,\"name\":\"Im\u00e1genes de antes y despu\u00e9s revelan una dr\u00e1stica reducci\u00f3n de los principales r\u00edos de la Amazonia\"}]},{\"@type\":\"WebSite\",\"@id\":\"https:\/\/noticiasya.com\/#website\",\"url\":\"https:\/\/noticiasya.com\/\",\"name\":\"Noticias\",\"description\":\"Lo que importa\",\"publisher\":{\"@id\":\"https:\/\/noticiasya.com\/#organization\"},\"potentialAction\":[{\"@type\":\"SearchAction\",\"target\":{\"@type\":\"EntryPoint\",\"urlTemplate\":\"https:\/\/noticiasya.com\/?s={search_term_string}\"},\"query-input\":{\"@type\":\"PropertyValueSpecification\",\"valueRequired\":true,\"valueName\":\"search_term_string\"}}],\"inLanguage\":\"es\"},{\"@type\":\"Organization\",\"@id\":\"https:\/\/noticiasya.com\/#organization\",\"name\":\"Noticias\",\"url\":\"https:\/\/noticiasya.com\/\",\"logo\":{\"@type\":\"ImageObject\",\"inLanguage\":\"es\",\"@id\":\"https:\/\/noticiasya.com\/#\/schema\/logo\/image\/\",\"url\":\"https:\/\/noticiasya.com\/wp-content\/uploads\/sites\/22\/2023\/12\/logo-nacional.png\",\"contentUrl\":\"https:\/\/noticiasya.com\/wp-content\/uploads\/sites\/22\/2023\/12\/logo-nacional.png\",\"width\":1801,\"height\":691,\"caption\":\"Noticias\"},\"image\":{\"@id\":\"https:\/\/noticiasya.com\/#\/schema\/logo\/image\/\"}}]}<\/script>\n<!-- \/ Yoast SEO plugin. -->","yoast_head_json":{"title":"Im\u00e1genes de antes y despu\u00e9s revelan una dr\u00e1stica reducci\u00f3n de los principales r\u00edos de la Amazonia - Noticias","robots":{"index":"index","follow":"follow","max-snippet":"max-snippet:-1","max-image-preview":"max-image-preview:large","max-video-preview":"max-video-preview:-1"},"canonical":"https:\/\/noticiasya.com\/2024\/09\/30\/imagenes-antes-y-despues-revelan-dramatica-reduccion-principales-rios-amazonia-trax\/","og_locale":"es_ES","og_type":"article","og_title":"Im\u00e1genes de antes y despu\u00e9s revelan una dr\u00e1stica reducci\u00f3n de los principales r\u00edos de la Amazonia - Noticias","og_description":"(CNN) &#8212; Enormes afluentes que alimentan el poderoso r\u00edo Amazonas \u2014el m\u00e1s grande del planeta\u2014 han ca\u00eddo a niveles hist\u00f3ricamente bajos, afectando vidas, varando barcos y amenazando a delfines en peligro de extinci\u00f3n mientras la sequ\u00eda azota Brasil. Seg\u00fan Cemaden, el centro de monitoreo de desastres naturales del pa\u00eds, el pa\u00eds est\u00e1 sufriendo actualmente su [&hellip;]","og_url":"https:\/\/noticiasya.com\/2024\/09\/30\/imagenes-antes-y-despues-revelan-dramatica-reduccion-principales-rios-amazonia-trax\/","og_site_name":"Noticias","article_published_time":"2024-09-30T17:03:41+00:00","twitter_card":"summary_large_image","twitter_misc":{"Est. reading time":"6 minutos"},"schema":{"@context":"https:\/\/schema.org","@graph":[{"@type":"Article","@id":"https:\/\/noticiasya.com\/2024\/09\/30\/imagenes-antes-y-despues-revelan-dramatica-reduccion-principales-rios-amazonia-trax\/#article","isPartOf":{"@id":"https:\/\/noticiasya.com\/2024\/09\/30\/imagenes-antes-y-despues-revelan-dramatica-reduccion-principales-rios-amazonia-trax\/"},"author":{"name":"","@id":""},"headline":"Im\u00e1genes de antes y despu\u00e9s revelan una dr\u00e1stica reducci\u00f3n de los principales r\u00edos de la Amazonia","datePublished":"2024-09-30T17:03:41+00:00","mainEntityOfPage":{"@id":"https:\/\/noticiasya.com\/2024\/09\/30\/imagenes-antes-y-despues-revelan-dramatica-reduccion-principales-rios-amazonia-trax\/"},"wordCount":1152,"commentCount":0,"publisher":{"@id":"https:\/\/noticiasya.com\/#organization"},"articleSection":["Noticias Nacionales"],"inLanguage":"es","potentialAction":[{"@type":"CommentAction","name":"Comment","target":["https:\/\/noticiasya.com\/2024\/09\/30\/imagenes-antes-y-despues-revelan-dramatica-reduccion-principales-rios-amazonia-trax\/#respond"]}]},{"@type":"WebPage","@id":"https:\/\/noticiasya.com\/2024\/09\/30\/imagenes-antes-y-despues-revelan-dramatica-reduccion-principales-rios-amazonia-trax\/","url":"https:\/\/noticiasya.com\/2024\/09\/30\/imagenes-antes-y-despues-revelan-dramatica-reduccion-principales-rios-amazonia-trax\/","name":"Im\u00e1genes de antes y despu\u00e9s revelan una dr\u00e1stica reducci\u00f3n de los principales r\u00edos de la Amazonia - Noticias","isPartOf":{"@id":"https:\/\/noticiasya.com\/#website"},"datePublished":"2024-09-30T17:03:41+00:00","breadcrumb":{"@id":"https:\/\/noticiasya.com\/2024\/09\/30\/imagenes-antes-y-despues-revelan-dramatica-reduccion-principales-rios-amazonia-trax\/#breadcrumb"},"inLanguage":"es","potentialAction":[{"@type":"ReadAction","target":["https:\/\/noticiasya.com\/2024\/09\/30\/imagenes-antes-y-despues-revelan-dramatica-reduccion-principales-rios-amazonia-trax\/"]}]},{"@type":"BreadcrumbList","@id":"https:\/\/noticiasya.com\/2024\/09\/30\/imagenes-antes-y-despues-revelan-dramatica-reduccion-principales-rios-amazonia-trax\/#breadcrumb","itemListElement":[{"@type":"ListItem","position":1,"name":"Home","item":"https:\/\/noticiasya.com\/"},{"@type":"ListItem","position":2,"name":"Im\u00e1genes de antes y despu\u00e9s revelan una dr\u00e1stica reducci\u00f3n de los principales r\u00edos de la Amazonia"}]},{"@type":"WebSite","@id":"https:\/\/noticiasya.com\/#website","url":"https:\/\/noticiasya.com\/","name":"Noticias","description":"Lo que importa","publisher":{"@id":"https:\/\/noticiasya.com\/#organization"},"potentialAction":[{"@type":"SearchAction","target":{"@type":"EntryPoint","urlTemplate":"https:\/\/noticiasya.com\/?s={search_term_string}"},"query-input":{"@type":"PropertyValueSpecification","valueRequired":true,"valueName":"search_term_string"}}],"inLanguage":"es"},{"@type":"Organization","@id":"https:\/\/noticiasya.com\/#organization","name":"Noticias","url":"https:\/\/noticiasya.com\/","logo":{"@type":"ImageObject","inLanguage":"es","@id":"https:\/\/noticiasya.com\/#\/schema\/logo\/image\/","url":"https:\/\/noticiasya.com\/wp-content\/uploads\/sites\/22\/2023\/12\/logo-nacional.png","contentUrl":"https:\/\/noticiasya.com\/wp-content\/uploads\/sites\/22\/2023\/12\/logo-nacional.png","width":1801,"height":691,"caption":"Noticias"},"image":{"@id":"https:\/\/noticiasya.com\/#\/schema\/logo\/image\/"}}]}},"parsely":{"version":"1.1.0","canonical_url":"https:\/\/noticiasya.com\/midland-odessa\/2024\/09\/30\/imagenes-antes-y-despues-revelan-dramatica-reduccion-principales-rios-amazonia-trax\/","smart_links":{"inbound":0,"outbound":0},"traffic_boost_suggestions_count":0,"meta":{"@context":"https:\/\/schema.org","@type":"NewsArticle","headline":"Im\u00e1genes de antes y despu\u00e9s revelan una dr\u00e1stica reducci\u00f3n de los principales r\u00edos de la Amazonia","url":"http:\/\/noticiasya.com\/midland-odessa\/2024\/09\/30\/imagenes-antes-y-despues-revelan-dramatica-reduccion-principales-rios-amazonia-trax\/","mainEntityOfPage":{"@type":"WebPage","@id":"http:\/\/noticiasya.com\/midland-odessa\/2024\/09\/30\/imagenes-antes-y-despues-revelan-dramatica-reduccion-principales-rios-amazonia-trax\/"},"thumbnailUrl":"","image":{"@type":"ImageObject","url":""},"articleSection":"Noticias Nacionales","author":[],"creator":[],"publisher":{"@type":"Organization","name":"Noticias","logo":""},"keywords":[],"dateCreated":"2024-09-30T17:03:41Z","datePublished":"2024-09-30T17:03:41Z","dateModified":"2024-09-30T17:03:41Z"},"rendered":"<script type=\"application\/ld+json\" class=\"wp-parsely-metadata\">{\"@context\":\"https:\\\/\\\/schema.org\",\"@type\":\"NewsArticle\",\"headline\":\"Im\\u00e1genes de antes y despu\\u00e9s revelan una dr\\u00e1stica reducci\\u00f3n de los principales r\\u00edos de la Amazonia\",\"url\":\"http:\\\/\\\/noticiasya.com\\\/midland-odessa\\\/2024\\\/09\\\/30\\\/imagenes-antes-y-despues-revelan-dramatica-reduccion-principales-rios-amazonia-trax\\\/\",\"mainEntityOfPage\":{\"@type\":\"WebPage\",\"@id\":\"http:\\\/\\\/noticiasya.com\\\/midland-odessa\\\/2024\\\/09\\\/30\\\/imagenes-antes-y-despues-revelan-dramatica-reduccion-principales-rios-amazonia-trax\\\/\"},\"thumbnailUrl\":\"\",\"image\":{\"@type\":\"ImageObject\",\"url\":\"\"},\"articleSection\":\"Noticias Nacionales\",\"author\":[],\"creator\":[],\"publisher\":{\"@type\":\"Organization\",\"name\":\"Noticias\",\"logo\":\"\"},\"keywords\":[],\"dateCreated\":\"2024-09-30T17:03:41Z\",\"datePublished\":\"2024-09-30T17:03:41Z\",\"dateModified\":\"2024-09-30T17:03:41Z\"}<\/script>","tracker_url":"https:\/\/cdn.parsely.com\/keys\/noticiasya.com\/p.js"},"jetpack_featured_media_url":"","jetpack-related-posts":[{"id":1467343,"url":"https:\/\/noticiasya.com\/midland-odessa\/2025\/10\/13\/sequias-lluvias-cambios-climaticos-mexico-orix\/","url_meta":{"origin":1453223,"position":0},"title":"De las sequ\u00edas prolongadas a las lluvias letales: qu\u00e9 hay detr\u00e1s de estos cambios clim\u00e1ticos extremos en M\u00e9xico","author":"","date":"octubre 13, 2025","format":false,"excerpt":"\u201cEst\u00e1bamos ya acostados y nada m\u00e1s se escuch\u00f3 el ruido de la gente el p\u00e1nico, acudimos para ayudar pero desgraciadamente, los ni\u00f1os fallecieron\u201d, dijo a CNN \u00c1ngel Zer\u00f3n, habitante de una comunidad en Hidalgo, que recuerda con dolor c\u00f3mo un deslave sepult\u00f3 viviendas y cobr\u00f3 la vida de un beb\u00e9\u2026","rel":"","context":"In &quot;Noticias Nacionales&quot;","block_context":{"text":"Noticias Nacionales","link":"https:\/\/noticiasya.com\/midland-odessa\/categoria\/noticias-nacionales"},"img":{"alt_text":"","src":"","width":0,"height":0},"classes":[]},{"id":1452236,"url":"https:\/\/noticiasya.com\/midland-odessa\/2024\/08\/28\/namibia-sacrificar-700-animales-elefantes-hambruna-sequia-trax\/","url_meta":{"origin":1453223,"position":1},"title":"Namibia planea sacrificar m\u00e1s de 700 animales, incluidos elefantes e hipop\u00f3tamos, y distribuir la carne","author":"","date":"agosto 28, 2024","format":false,"excerpt":"(CNN) -- Namibia planea sacrificar m\u00e1s de 700 animales salvajes, incluidos elefantes, cebras e hipop\u00f3tamos, y distribuir la carne entre la poblaci\u00f3n que lucha contra la inseguridad alimentaria mientras el pa\u00eds se enfrenta a su peor sequ\u00eda en 100 a\u00f1os.Los animales que ser\u00e1n sacrificados incluyen 83 elefantes, 30 hipop\u00f3tamos, 60\u2026","rel":"","context":"In &quot;Noticias Nacionales&quot;","block_context":{"text":"Noticias Nacionales","link":"https:\/\/noticiasya.com\/midland-odessa\/categoria\/noticias-nacionales"},"img":{"alt_text":"","src":"","width":0,"height":0},"classes":[]},{"id":1469475,"url":"https:\/\/noticiasya.com\/midland-odessa\/2025\/12\/21\/acuerdo-petroleo-agua-iraq-turquia-sequia-trax\/","url_meta":{"origin":1453223,"position":2},"title":"\u00bfEn qu\u00e9 consiste el controvertido acuerdo de petr\u00f3leo por agua de Iraq ante la peor sequ\u00eda en un siglo?","author":"","date":"diciembre 21, 2025","format":false,"excerpt":"Iraq, la hist\u00f3rica \u201ctierra entre dos r\u00edos\u201d, afronta una crisis que golpea su identidad mientras los r\u00edos Tigris y \u00c9ufrates se reducen dr\u00e1sticamente en medio de una sequ\u00eda severa y el creciente impacto de represas aguas arriba, lo que contribuye a crear una de las peores carencias de agua en\u2026","rel":"","context":"In &quot;Noticias Nacionales&quot;","block_context":{"text":"Noticias Nacionales","link":"https:\/\/noticiasya.com\/midland-odessa\/categoria\/noticias-nacionales"},"img":{"alt_text":"","src":"","width":0,"height":0},"classes":[]},{"id":1407675,"url":"https:\/\/noticiasya.com\/midland-odessa\/2022\/06\/21\/que-efecto-tiene-el-fenomeno-de-la-nina-en-el-verano-de-california\/","url_meta":{"origin":1453223,"position":3},"title":"\u00bfC\u00f3mo afectar\u00e1 el fen\u00f3meno de La Ni\u00f1a a los californianos este verano?","author":"agomez","date":"junio 21, 2022","format":false,"excerpt":"A partir de esta semana, alrededor del 12% del estado se encuentra en la peor categor\u00eda de sequ\u00eda, \"sequ\u00eda excepcional\"","rel":"","context":"In &quot;Comunidad&quot;","block_context":{"text":"Comunidad","link":"https:\/\/noticiasya.com\/midland-odessa\/categoria\/comunidad"},"img":{"alt_text":"","src":"","width":0,"height":0},"classes":[]},{"id":1450181,"url":"https:\/\/noticiasya.com\/midland-odessa\/2024\/06\/09\/varios-dias-de-fuertes-lluvias-en-el-sur-de-florida-aumentan-este-martes-trax\/","url_meta":{"origin":1453223,"position":4},"title":"Varios d\u00edas de fuertes lluvias en el sur de Florida aumentan este martes","author":"agomez","date":"junio 9, 2024","format":false,"excerpt":"(CNN) -- Se esperan varios d\u00edas de fuertes lluvias en el sur de Florida esta semana, y se espera que las peores precipitaciones comiencen este martes. Gracias a un frente fr\u00edo que se mueve lentamente hacia el sur a trav\u00e9s de Florida y a un flujo constante de humedad desde\u2026","rel":"","context":"In &quot;Noticias Nacionales&quot;","block_context":{"text":"Noticias Nacionales","link":"https:\/\/noticiasya.com\/midland-odessa\/categoria\/noticias-nacionales"},"img":{"alt_text":"","src":"","width":0,"height":0},"classes":[]},{"id":1450441,"url":"https:\/\/noticiasya.com\/midland-odessa\/2024\/06\/17\/guerra-agua-mexico-estados-unidos-trax\/","url_meta":{"origin":1453223,"position":5},"title":"Se avecina una guerra por el agua entre M\u00e9xico y Estados Unidos. Ninguno la ganar\u00e1","author":"","date":"junio 17, 2024","format":false,"excerpt":"(CNN) -- Las tensiones aumentan en una disputa fronteriza entre Estados Unidos y M\u00e9xico. Pero este conflicto no tiene que ver con la migraci\u00f3n, sino con el agua.En virtud de un tratado de 80 a\u00f1os de antig\u00fcedad, Estados Unidos y M\u00e9xico comparten las aguas del r\u00edo Colorado y del r\u00edo\u2026","rel":"","context":"In &quot;Noticias Nacionales&quot;","block_context":{"text":"Noticias Nacionales","link":"https:\/\/noticiasya.com\/midland-odessa\/categoria\/noticias-nacionales"},"img":{"alt_text":"","src":"","width":0,"height":0},"classes":[]}],"jetpack_sharing_enabled":true,"_links":{"self":[{"href":"https:\/\/noticiasya.com\/midland-odessa\/wp-json\/wp\/v2\/posts\/1453223","targetHints":{"allow":["GET"]}}],"collection":[{"href":"https:\/\/noticiasya.com\/midland-odessa\/wp-json\/wp\/v2\/posts"}],"about":[{"href":"https:\/\/noticiasya.com\/midland-odessa\/wp-json\/wp\/v2\/types\/post"}],"replies":[{"embeddable":true,"href":"https:\/\/noticiasya.com\/midland-odessa\/wp-json\/wp\/v2\/comments?post=1453223"}],"version-history":[{"count":0,"href":"https:\/\/noticiasya.com\/midland-odessa\/wp-json\/wp\/v2\/posts\/1453223\/revisions"}],"wp:attachment":[{"href":"https:\/\/noticiasya.com\/midland-odessa\/wp-json\/wp\/v2\/media?parent=1453223"}],"wp:term":[{"taxonomy":"category","embeddable":true,"href":"https:\/\/noticiasya.com\/midland-odessa\/wp-json\/wp\/v2\/categories?post=1453223"},{"taxonomy":"post_tag","embeddable":true,"href":"https:\/\/noticiasya.com\/midland-odessa\/wp-json\/wp\/v2\/tags?post=1453223"}],"curies":[{"name":"wp","href":"https:\/\/api.w.org\/{rel}","templated":true}]}}