{"id":1453226,"date":"2024-09-30T11:03:42","date_gmt":"2024-09-30T18:03:42","guid":{"rendered":"https:\/\/noticiasya.com\/2024\/09\/30\/deshielo-glaciares-suiza-italia-frontera-trax\/"},"modified":"2024-09-30T11:03:42","modified_gmt":"2024-09-30T18:03:42","slug":"deshielo-glaciares-suiza-italia-frontera-trax","status":"publish","type":"post","link":"https:\/\/noticiasya.com\/midland-odessa\/2024\/09\/30\/deshielo-glaciares-suiza-italia-frontera-trax\/","title":{"rendered":"El deshielo de los glaciares obliga a Suiza e Italia a redefinir parte de su frontera"},"content":{"rendered":"<p>(CNN) &#8212; Parte de la frontera entre Italia y Suiza se redibujar\u00e1 a medida que la crisis clim\u00e1tica provocada por el ser humano derrita los glaciares que marcan el l\u00edmite entre ambos pa\u00edses.<\/p>\n<p>Los pa\u00edses acordaron cambiar la frontera por debajo del pico Cervino, una de las cumbres m\u00e1s altas de los Alpes, que domina Zermatt, un popular destino de esqu\u00ed.<\/p>\n<p>Los turistas se apresuran a ver los glaciares antes de que desaparezcan, pero los viajes se est\u00e1n volviendo mortales<\/p>\n<p>Amplios tramos de la frontera suizo-italiana est\u00e1n definidos por glaciares y campos de nieve. &#171;Sin embargo, con el deshielo de los glaciares, estos elementos naturales evolucionan y redefinen la frontera nacional&#187;, declar\u00f3 el viernes el gobierno suizo en un comunicado, al firmar un acuerdo de ajuste fronterizo.<\/p>\n<p>El proceso de aprobaci\u00f3n est\u00e1 en marcha en Italia. En cuanto ambas partes hayan firmado, se publicar\u00e1 el acuerdo y se dar\u00e1n a conocer los detalles de la nueva frontera, seg\u00fan el gobierno de Suiza.<\/p>\n<p>Europa es el continente que m\u00e1s r\u00e1pido se calienta del mundo y el impacto en sus glaciares es contundente. En Suiza se est\u00e1n derritiendo a una tasa alarmante. Los glaciares del pa\u00eds perdieron un 4% de su volumen el a\u00f1o pasado, s\u00f3lo superados por el r\u00e9cord del 6% perdido en 2022.<\/p>\n<p>The-CNN-Wire<br \/>&trade; &amp; &copy; 2024 Cable News Network, Inc., a Warner Bros. Discovery Company. All rights reserved.<\/p>\n","protected":false},"excerpt":{"rendered":"<p>(CNN) &#8212; Parte de la frontera entre Italia y Suiza se redibujar\u00e1 a medida que la crisis clim\u00e1tica provocada por el ser humano derrita los glaciares que marcan el l\u00edmite entre ambos pa\u00edses. Los pa\u00edses acordaron cambiar la frontera por debajo del pico Cervino, una de las cumbres m\u00e1s altas de los Alpes, que domina [&hellip;]<\/p>\n","protected":false},"author":0,"featured_media":0,"comment_status":"open","ping_status":"open","sticky":false,"template":"","format":"standard","meta":{"_jetpack_memberships_contains_paid_content":false,"footnotes":""},"categories":[10],"tags":[],"class_list":["post-1453226","post","type-post","status-publish","format-standard","hentry","category-noticias-nacionales","market-global"],"yoast_head":"<!-- This site is optimized with the Yoast SEO plugin v24.4 - https:\/\/yoast.com\/wordpress\/plugins\/seo\/ -->\n<title>El deshielo de los glaciares obliga a Suiza e Italia a redefinir parte de su frontera - Noticias<\/title>\n<meta name=\"robots\" content=\"index, follow, max-snippet:-1, max-image-preview:large, max-video-preview:-1\" \/>\n<link rel=\"canonical\" href=\"https:\/\/noticiasya.com\/2024\/09\/30\/deshielo-glaciares-suiza-italia-frontera-trax\/\" \/>\n<meta property=\"og:locale\" content=\"es_ES\" \/>\n<meta property=\"og:type\" content=\"article\" \/>\n<meta property=\"og:title\" content=\"El deshielo de los glaciares obliga a Suiza e Italia a redefinir parte de su frontera - Noticias\" \/>\n<meta property=\"og:description\" content=\"(CNN) &#8212; Parte de la frontera entre Italia y Suiza se redibujar\u00e1 a medida que la crisis clim\u00e1tica provocada por el ser humano derrita los glaciares que marcan el l\u00edmite entre ambos pa\u00edses. Los pa\u00edses acordaron cambiar la frontera por debajo del pico Cervino, una de las cumbres m\u00e1s altas de los Alpes, que domina [&hellip;]\" \/>\n<meta property=\"og:url\" content=\"https:\/\/noticiasya.com\/2024\/09\/30\/deshielo-glaciares-suiza-italia-frontera-trax\/\" \/>\n<meta property=\"og:site_name\" content=\"Noticias\" \/>\n<meta property=\"article:published_time\" content=\"2024-09-30T18:03:42+00:00\" \/>\n<meta name=\"twitter:card\" content=\"summary_large_image\" \/>\n<meta name=\"twitter:label1\" content=\"Est. reading time\" \/>\n\t<meta name=\"twitter:data1\" content=\"1 minuto\" \/>\n<script type=\"application\/ld+json\" class=\"yoast-schema-graph\">{\"@context\":\"https:\/\/schema.org\",\"@graph\":[{\"@type\":\"Article\",\"@id\":\"https:\/\/noticiasya.com\/2024\/09\/30\/deshielo-glaciares-suiza-italia-frontera-trax\/#article\",\"isPartOf\":{\"@id\":\"https:\/\/noticiasya.com\/2024\/09\/30\/deshielo-glaciares-suiza-italia-frontera-trax\/\"},\"author\":{\"name\":\"\",\"@id\":\"\"},\"headline\":\"El deshielo de los glaciares obliga a Suiza e Italia a redefinir parte de su frontera\",\"datePublished\":\"2024-09-30T18:03:42+00:00\",\"mainEntityOfPage\":{\"@id\":\"https:\/\/noticiasya.com\/2024\/09\/30\/deshielo-glaciares-suiza-italia-frontera-trax\/\"},\"wordCount\":259,\"commentCount\":0,\"publisher\":{\"@id\":\"https:\/\/noticiasya.com\/#organization\"},\"articleSection\":[\"Noticias Nacionales\"],\"inLanguage\":\"es\",\"potentialAction\":[{\"@type\":\"CommentAction\",\"name\":\"Comment\",\"target\":[\"https:\/\/noticiasya.com\/2024\/09\/30\/deshielo-glaciares-suiza-italia-frontera-trax\/#respond\"]}]},{\"@type\":\"WebPage\",\"@id\":\"https:\/\/noticiasya.com\/2024\/09\/30\/deshielo-glaciares-suiza-italia-frontera-trax\/\",\"url\":\"https:\/\/noticiasya.com\/2024\/09\/30\/deshielo-glaciares-suiza-italia-frontera-trax\/\",\"name\":\"El deshielo de los glaciares obliga a Suiza e Italia a redefinir parte de su frontera - Noticias\",\"isPartOf\":{\"@id\":\"https:\/\/noticiasya.com\/#website\"},\"datePublished\":\"2024-09-30T18:03:42+00:00\",\"breadcrumb\":{\"@id\":\"https:\/\/noticiasya.com\/2024\/09\/30\/deshielo-glaciares-suiza-italia-frontera-trax\/#breadcrumb\"},\"inLanguage\":\"es\",\"potentialAction\":[{\"@type\":\"ReadAction\",\"target\":[\"https:\/\/noticiasya.com\/2024\/09\/30\/deshielo-glaciares-suiza-italia-frontera-trax\/\"]}]},{\"@type\":\"BreadcrumbList\",\"@id\":\"https:\/\/noticiasya.com\/2024\/09\/30\/deshielo-glaciares-suiza-italia-frontera-trax\/#breadcrumb\",\"itemListElement\":[{\"@type\":\"ListItem\",\"position\":1,\"name\":\"Home\",\"item\":\"https:\/\/noticiasya.com\/\"},{\"@type\":\"ListItem\",\"position\":2,\"name\":\"El deshielo de los glaciares obliga a Suiza e Italia a redefinir parte de su frontera\"}]},{\"@type\":\"WebSite\",\"@id\":\"https:\/\/noticiasya.com\/#website\",\"url\":\"https:\/\/noticiasya.com\/\",\"name\":\"Noticias\",\"description\":\"Lo que importa\",\"publisher\":{\"@id\":\"https:\/\/noticiasya.com\/#organization\"},\"potentialAction\":[{\"@type\":\"SearchAction\",\"target\":{\"@type\":\"EntryPoint\",\"urlTemplate\":\"https:\/\/noticiasya.com\/?s={search_term_string}\"},\"query-input\":{\"@type\":\"PropertyValueSpecification\",\"valueRequired\":true,\"valueName\":\"search_term_string\"}}],\"inLanguage\":\"es\"},{\"@type\":\"Organization\",\"@id\":\"https:\/\/noticiasya.com\/#organization\",\"name\":\"Noticias\",\"url\":\"https:\/\/noticiasya.com\/\",\"logo\":{\"@type\":\"ImageObject\",\"inLanguage\":\"es\",\"@id\":\"https:\/\/noticiasya.com\/#\/schema\/logo\/image\/\",\"url\":\"https:\/\/noticiasya.com\/wp-content\/uploads\/sites\/22\/2023\/12\/logo-nacional.png\",\"contentUrl\":\"https:\/\/noticiasya.com\/wp-content\/uploads\/sites\/22\/2023\/12\/logo-nacional.png\",\"width\":1801,\"height\":691,\"caption\":\"Noticias\"},\"image\":{\"@id\":\"https:\/\/noticiasya.com\/#\/schema\/logo\/image\/\"}}]}<\/script>\n<!-- \/ Yoast SEO plugin. -->","yoast_head_json":{"title":"El deshielo de los glaciares obliga a Suiza e Italia a redefinir parte de su frontera - Noticias","robots":{"index":"index","follow":"follow","max-snippet":"max-snippet:-1","max-image-preview":"max-image-preview:large","max-video-preview":"max-video-preview:-1"},"canonical":"https:\/\/noticiasya.com\/2024\/09\/30\/deshielo-glaciares-suiza-italia-frontera-trax\/","og_locale":"es_ES","og_type":"article","og_title":"El deshielo de los glaciares obliga a Suiza e Italia a redefinir parte de su frontera - Noticias","og_description":"(CNN) &#8212; Parte de la frontera entre Italia y Suiza se redibujar\u00e1 a medida que la crisis clim\u00e1tica provocada por el ser humano derrita los glaciares que marcan el l\u00edmite entre ambos pa\u00edses. Los pa\u00edses acordaron cambiar la frontera por debajo del pico Cervino, una de las cumbres m\u00e1s altas de los Alpes, que domina [&hellip;]","og_url":"https:\/\/noticiasya.com\/2024\/09\/30\/deshielo-glaciares-suiza-italia-frontera-trax\/","og_site_name":"Noticias","article_published_time":"2024-09-30T18:03:42+00:00","twitter_card":"summary_large_image","twitter_misc":{"Est. reading time":"1 minuto"},"schema":{"@context":"https:\/\/schema.org","@graph":[{"@type":"Article","@id":"https:\/\/noticiasya.com\/2024\/09\/30\/deshielo-glaciares-suiza-italia-frontera-trax\/#article","isPartOf":{"@id":"https:\/\/noticiasya.com\/2024\/09\/30\/deshielo-glaciares-suiza-italia-frontera-trax\/"},"author":{"name":"","@id":""},"headline":"El deshielo de los glaciares obliga a Suiza e Italia a redefinir parte de su frontera","datePublished":"2024-09-30T18:03:42+00:00","mainEntityOfPage":{"@id":"https:\/\/noticiasya.com\/2024\/09\/30\/deshielo-glaciares-suiza-italia-frontera-trax\/"},"wordCount":259,"commentCount":0,"publisher":{"@id":"https:\/\/noticiasya.com\/#organization"},"articleSection":["Noticias Nacionales"],"inLanguage":"es","potentialAction":[{"@type":"CommentAction","name":"Comment","target":["https:\/\/noticiasya.com\/2024\/09\/30\/deshielo-glaciares-suiza-italia-frontera-trax\/#respond"]}]},{"@type":"WebPage","@id":"https:\/\/noticiasya.com\/2024\/09\/30\/deshielo-glaciares-suiza-italia-frontera-trax\/","url":"https:\/\/noticiasya.com\/2024\/09\/30\/deshielo-glaciares-suiza-italia-frontera-trax\/","name":"El deshielo de los glaciares obliga a Suiza e Italia a redefinir parte de su frontera - Noticias","isPartOf":{"@id":"https:\/\/noticiasya.com\/#website"},"datePublished":"2024-09-30T18:03:42+00:00","breadcrumb":{"@id":"https:\/\/noticiasya.com\/2024\/09\/30\/deshielo-glaciares-suiza-italia-frontera-trax\/#breadcrumb"},"inLanguage":"es","potentialAction":[{"@type":"ReadAction","target":["https:\/\/noticiasya.com\/2024\/09\/30\/deshielo-glaciares-suiza-italia-frontera-trax\/"]}]},{"@type":"BreadcrumbList","@id":"https:\/\/noticiasya.com\/2024\/09\/30\/deshielo-glaciares-suiza-italia-frontera-trax\/#breadcrumb","itemListElement":[{"@type":"ListItem","position":1,"name":"Home","item":"https:\/\/noticiasya.com\/"},{"@type":"ListItem","position":2,"name":"El deshielo de los glaciares obliga a Suiza e Italia a redefinir parte de su frontera"}]},{"@type":"WebSite","@id":"https:\/\/noticiasya.com\/#website","url":"https:\/\/noticiasya.com\/","name":"Noticias","description":"Lo que importa","publisher":{"@id":"https:\/\/noticiasya.com\/#organization"},"potentialAction":[{"@type":"SearchAction","target":{"@type":"EntryPoint","urlTemplate":"https:\/\/noticiasya.com\/?s={search_term_string}"},"query-input":{"@type":"PropertyValueSpecification","valueRequired":true,"valueName":"search_term_string"}}],"inLanguage":"es"},{"@type":"Organization","@id":"https:\/\/noticiasya.com\/#organization","name":"Noticias","url":"https:\/\/noticiasya.com\/","logo":{"@type":"ImageObject","inLanguage":"es","@id":"https:\/\/noticiasya.com\/#\/schema\/logo\/image\/","url":"https:\/\/noticiasya.com\/wp-content\/uploads\/sites\/22\/2023\/12\/logo-nacional.png","contentUrl":"https:\/\/noticiasya.com\/wp-content\/uploads\/sites\/22\/2023\/12\/logo-nacional.png","width":1801,"height":691,"caption":"Noticias"},"image":{"@id":"https:\/\/noticiasya.com\/#\/schema\/logo\/image\/"}}]}},"parsely":{"version":"1.1.0","canonical_url":"https:\/\/noticiasya.com\/midland-odessa\/2024\/09\/30\/deshielo-glaciares-suiza-italia-frontera-trax\/","smart_links":{"inbound":0,"outbound":0},"traffic_boost_suggestions_count":0,"meta":{"@context":"https:\/\/schema.org","@type":"NewsArticle","headline":"El deshielo de los glaciares obliga a Suiza e Italia a redefinir parte de su frontera","url":"http:\/\/noticiasya.com\/midland-odessa\/2024\/09\/30\/deshielo-glaciares-suiza-italia-frontera-trax\/","mainEntityOfPage":{"@type":"WebPage","@id":"http:\/\/noticiasya.com\/midland-odessa\/2024\/09\/30\/deshielo-glaciares-suiza-italia-frontera-trax\/"},"thumbnailUrl":"","image":{"@type":"ImageObject","url":""},"articleSection":"Noticias Nacionales","author":[],"creator":[],"publisher":{"@type":"Organization","name":"Noticias","logo":""},"keywords":[],"dateCreated":"2024-09-30T18:03:42Z","datePublished":"2024-09-30T18:03:42Z","dateModified":"2024-09-30T18:03:42Z"},"rendered":"<script type=\"application\/ld+json\" class=\"wp-parsely-metadata\">{\"@context\":\"https:\\\/\\\/schema.org\",\"@type\":\"NewsArticle\",\"headline\":\"El deshielo de los glaciares obliga a Suiza e Italia a redefinir parte de su frontera\",\"url\":\"http:\\\/\\\/noticiasya.com\\\/midland-odessa\\\/2024\\\/09\\\/30\\\/deshielo-glaciares-suiza-italia-frontera-trax\\\/\",\"mainEntityOfPage\":{\"@type\":\"WebPage\",\"@id\":\"http:\\\/\\\/noticiasya.com\\\/midland-odessa\\\/2024\\\/09\\\/30\\\/deshielo-glaciares-suiza-italia-frontera-trax\\\/\"},\"thumbnailUrl\":\"\",\"image\":{\"@type\":\"ImageObject\",\"url\":\"\"},\"articleSection\":\"Noticias Nacionales\",\"author\":[],\"creator\":[],\"publisher\":{\"@type\":\"Organization\",\"name\":\"Noticias\",\"logo\":\"\"},\"keywords\":[],\"dateCreated\":\"2024-09-30T18:03:42Z\",\"datePublished\":\"2024-09-30T18:03:42Z\",\"dateModified\":\"2024-09-30T18:03:42Z\"}<\/script>","tracker_url":"https:\/\/cdn.parsely.com\/keys\/noticiasya.com\/p.js"},"jetpack_featured_media_url":"","jetpack-related-posts":[{"id":1463100,"url":"https:\/\/noticiasya.com\/midland-odessa\/2025\/06\/02\/glaciares-condenados-desaparecer-calentamiento-trax\/","url_meta":{"origin":1453226,"position":0},"title":"Casi el 40 % de los glaciares del mundo ya est\u00e1 condenado a desaparecer, dicen los cient\u00edficos","author":"","date":"junio 2, 2025","format":false,"excerpt":"Los glaciares del mundo se encuentran en un estado lamentable, con casi el 40 % de su masa total ya condenada a derretirse incluso si las temperaturas globales dejaran de aumentar inmediatamente, seg\u00fan un nuevo estudio.Los investigadores estiman que los glaciares eventualmente perder\u00e1n el 39 % de su masa en\u2026","rel":"","context":"In &quot;Noticias Nacionales&quot;","block_context":{"text":"Noticias Nacionales","link":"https:\/\/noticiasya.com\/midland-odessa\/categoria\/noticias-nacionales"},"img":{"alt_text":"","src":"","width":0,"height":0},"classes":[]},{"id":1469289,"url":"https:\/\/noticiasya.com\/midland-odessa\/2025\/12\/15\/cambio-climatico-extincion-4000-glaciares-trax\/","url_meta":{"origin":1453226,"position":1},"title":"La extinci\u00f3n de los glaciares se acelera: hasta 4.000 desaparecer\u00edan cada a\u00f1o en el mundo","author":"","date":"diciembre 15, 2025","format":false,"excerpt":"El funeral del glaciar Pizol en Suiza, celebrado en 2019, marc\u00f3 un momento simb\u00f3lico de la crisis clim\u00e1tica global. Cientos de personas se congregaron solemnemente para despedirse de esta masa de hielo, que hab\u00eda existido por 700 a\u00f1os. Los dolientes, vestidos de negro, depositaron flores mientras un sacerdote pronunciaba unas\u2026","rel":"","context":"In &quot;Noticias Nacionales&quot;","block_context":{"text":"Noticias Nacionales","link":"https:\/\/noticiasya.com\/midland-odessa\/categoria\/noticias-nacionales"},"img":{"alt_text":"","src":"","width":0,"height":0},"classes":[]},{"id":1463143,"url":"https:\/\/noticiasya.com\/midland-odessa\/2025\/06\/03\/nicki-becker-en-la-manana-de-cnn-con-el-cambio-climatico-los-glaciares-se-vuelven-mas-fragiles\/","url_meta":{"origin":1453226,"position":2},"title":"Nicki Becker en La Ma\u00f1ana de CNN: &#171;Con el cambio clim\u00e1tico, los glaciares se vuelven m\u00e1s fr\u00e1giles&#187;","author":"","date":"junio 3, 2025","format":false,"excerpt":"Nicki Becker, activista clim\u00e1tica argentina y cofundadora de J\u00f3venes por el Clima, habl\u00f3 este martes en CNN Radio sobre el avance del calentamiento global que afectan a los glaciares en el mundo y en Argentina: \u201cHay que cuidarlos porque son muy importantes\u201d.\u201cEn Suiza, en medio de los Alpes, se derrumb\u00f3\u2026","rel":"","context":"In &quot;Noticias Nacionales&quot;","block_context":{"text":"Noticias Nacionales","link":"https:\/\/noticiasya.com\/midland-odessa\/categoria\/noticias-nacionales"},"img":{"alt_text":"","src":"","width":0,"height":0},"classes":[]},{"id":1463391,"url":"https:\/\/noticiasya.com\/midland-odessa\/2025\/06\/10\/enrique-viale-la-modificacion-de-la-ley-de-glaciares-la-escribieron-los-abogados-de-la-barrick-gold\/","url_meta":{"origin":1453226,"position":3},"title":"Enrique Viale: &#171;La modificaci\u00f3n de la ley de glaciares la escribieron los abogados de la Barrick Gold&#187;","author":"","date":"junio 10, 2025","format":false,"excerpt":"Enrique Viale, abogado ambientalista, se refiri\u00f3 a la decisi\u00f3n del gobierno nacional de modificar por decreto la Ley de Glaciares, que permitir\u00e1 la miner\u00eda en regiones del ambiente periglaciar, reduciendo las zonas protegidas.En CNN Primera Ma\u00f1ana, afirm\u00f3 que \u201ces muy preocupante, es un claro ejemplo de regresi\u00f3n ambiental. La actual\u2026","rel":"","context":"In &quot;Noticias Nacionales&quot;","block_context":{"text":"Noticias Nacionales","link":"https:\/\/noticiasya.com\/midland-odessa\/categoria\/noticias-nacionales"},"img":{"alt_text":"","src":"","width":0,"height":0},"classes":[]},{"id":1463404,"url":"https:\/\/noticiasya.com\/midland-odessa\/2025\/06\/10\/la-columna-de-nicki-becker-el-decreto-que-prepara-el-gobierno-para-modifcar-la-ley-de-glaciares\/","url_meta":{"origin":1453226,"position":4},"title":"La columna de Nicki Becker: el decreto que prepara el gobierno para modifcar la Ley de Glaciares","author":"","date":"junio 10, 2025","format":false,"excerpt":"Nicki Becker, activista clim\u00e1tica argentina y cofundadora de J\u00f3venes por el Clima, habl\u00f3 este martes en CNN Radio sobre la importancia de la Ley de Glaciares y el decreto que prepara el gobierno para modificarla: cu\u00e1les son los riesgos y el impacto en el medioambiente.En La Ma\u00f1ana de CNN, el\u2026","rel":"","context":"In &quot;Noticias Nacionales&quot;","block_context":{"text":"Noticias Nacionales","link":"https:\/\/noticiasya.com\/midland-odessa\/categoria\/noticias-nacionales"},"img":{"alt_text":"","src":"","width":0,"height":0},"classes":[]},{"id":1460217,"url":"https:\/\/noticiasya.com\/midland-odessa\/2025\/03\/21\/5-cosas-21-marzo-buques-departamento-educacion-deportados-orix\/","url_meta":{"origin":1453226,"position":5},"title":"Las 5 cosas que debes saber este 21 de marzo: Buques de EE.UU., Departamento de Educaci\u00f3n y deportados a El Salvador","author":"","date":"marzo 21, 2025","format":false,"excerpt":"Empieza el desmantelamiento del Departamento de Educaci\u00f3n. Trump sopesa la situaci\u00f3n de Chevron en Venezuela. El pa\u00eds m\u00e1s feliz del mundo mantiene su puesto por octavo a\u00f1o consecutivo. \u00bfQu\u00e9 ganan El Salvador y Bukele recibiendo deportados de EE.UU.? Esto es lo que debes saber para comenzar el d\u00eda. Primero la\u2026","rel":"","context":"In &quot;Noticias Nacionales&quot;","block_context":{"text":"Noticias Nacionales","link":"https:\/\/noticiasya.com\/midland-odessa\/categoria\/noticias-nacionales"},"img":{"alt_text":"","src":"","width":0,"height":0},"classes":[]}],"jetpack_sharing_enabled":true,"_links":{"self":[{"href":"https:\/\/noticiasya.com\/midland-odessa\/wp-json\/wp\/v2\/posts\/1453226","targetHints":{"allow":["GET"]}}],"collection":[{"href":"https:\/\/noticiasya.com\/midland-odessa\/wp-json\/wp\/v2\/posts"}],"about":[{"href":"https:\/\/noticiasya.com\/midland-odessa\/wp-json\/wp\/v2\/types\/post"}],"replies":[{"embeddable":true,"href":"https:\/\/noticiasya.com\/midland-odessa\/wp-json\/wp\/v2\/comments?post=1453226"}],"version-history":[{"count":0,"href":"https:\/\/noticiasya.com\/midland-odessa\/wp-json\/wp\/v2\/posts\/1453226\/revisions"}],"wp:attachment":[{"href":"https:\/\/noticiasya.com\/midland-odessa\/wp-json\/wp\/v2\/media?parent=1453226"}],"wp:term":[{"taxonomy":"category","embeddable":true,"href":"https:\/\/noticiasya.com\/midland-odessa\/wp-json\/wp\/v2\/categories?post=1453226"},{"taxonomy":"post_tag","embeddable":true,"href":"https:\/\/noticiasya.com\/midland-odessa\/wp-json\/wp\/v2\/tags?post=1453226"}],"curies":[{"name":"wp","href":"https:\/\/api.w.org\/{rel}","templated":true}]}}