{"id":1453228,"date":"2024-09-30T14:04:02","date_gmt":"2024-09-30T21:04:02","guid":{"rendered":"https:\/\/noticiasya.com\/2024\/09\/30\/opinion-eduardo-suarez-de-la-habana-a-times-square-orix\/"},"modified":"2024-09-30T14:04:02","modified_gmt":"2024-09-30T21:04:02","slug":"opinion-eduardo-suarez-de-la-habana-a-times-square-orix","status":"publish","type":"post","link":"https:\/\/noticiasya.com\/midland-odessa\/2024\/09\/30\/opinion-eduardo-suarez-de-la-habana-a-times-square-orix\/","title":{"rendered":"OPINION | Eduardo Su\u00e1rez, de La Habana a Times Square"},"content":{"rendered":"<p>Jorge D\u00e1vila Miguel es licenciado en Periodismo desde 1973 y ha mantenido una carrera continuada en su profesi\u00f3n hasta la fecha. Ostenta posgrados en Ciencias de la Informaci\u00f3n Social y Medios de Comunicaci\u00f3n Sociales, as\u00ed como estudios superiores posuniversitarios en Relaciones Internacionales, Econom\u00eda Pol\u00edtica e Historia Latinoamericana. Es de nacionalidad cubana y ha recorrido casi todos los niveles y labores de su profesi\u00f3n, desde reportero hasta corresponsal extranjero en prensa plana y radial, as\u00ed como productor ejecutivo en medios televisivos. Como columnista, Davila Miguel ha sido premiado por la Asociaci\u00f3n de Periodistas Hispanoamericanos y la Sociedad Interamericana de Prensa. Actualmente D\u00e1vila Miguel es columnista del Nuevo Herald, en la cadena McClatchy y analista pol\u00edtico y columnista en CNN en Espa\u00f1ol.<\/p>\n<p>\u201cLa primera vez que entr\u00e9 a un estudio de televisi\u00f3n ten\u00eda 5 a\u00f1os, nunca lo olvidar\u00e9. Las luces, el aire acondicionado, aquel olor a pintura; las c\u00e1maras y el fr\u00edo que me llegaba hasta los huesos. Mi primera inquietud la desarroll\u00e9 como animador en el programa infantil \u2018A jugar\u2019, hasta que un buen d\u00eda le pregunt\u00e9 a un ni\u00f1o que iba a concursar: \u2018\u00bfT\u00fa eres pionero?\u2019 El ni\u00f1o me contest\u00f3 apenado: \u2018No\u2019; y yo de imb\u00e9cil le repliqu\u00e9: \u2018Eh \u00bfy eso por qu\u00e9? El ni\u00f1o me respondi\u00f3: \u2018Porque mi mam\u00e1 es cat\u00f3lica y no me deja\u2019\u201d.<\/p>\n<p>\u201cDe m\u00e1s est\u00e1 decirte, Jorge\u201d \u2013me sigue contando Eduardo Su\u00e1rez, veterano productor de televisi\u00f3n- \u201cque el ni\u00f1o fue vetado por los compa\u00f1eros del partido, quienes me aconsejaron: \u2018Solo preg\u00fantale a los que veas con la pa\u00f1oleta puesta \u00bfok?\u2019,\u202fy me dijeron unos d\u00edas despu\u00e9s: \u2018\u00bfNo te gusta la parte t\u00e9cnica de la televisi\u00f3n?\u2019 Ah\u00ed mismo me dije\u2026 \u00a1\u2018Esta es la m\u00eda, \u00a1de la que me salv\u00e9\u2019! As\u00ed me hice camar\u00f3grafo, eso fue en 1978. Jam\u00e1s abandon\u00e9 la televisi\u00f3n, ni el olor de un estudio, todos huelen igual. Tampoco la pasi\u00f3n que me ha llenado toda mi vida: la televisi\u00f3n\u201d.<\/p>\n<p>Eduardo me lo cuenta en la sala de su casa en Miami, junto a Betty, su esposa desde hace 47 a\u00f1os. He ido a visitarlo. Le deb\u00eda llamadas desde hace tiempo y ahora estoy aqu\u00ed. Conversamos de lo usual, mencionamos a amigos, la salud, la inevitable pol\u00edtica nacional, sucesos recientes y pasados, como cuando tuvo que enfrentar con toda valent\u00eda, durante dos a\u00f1os, a las bandadas de auras ti\u00f1osas que quer\u00edan hacer sus nidos precisamente en el patio de su casa, junto al lago que lo bordea. Durante aquella lucha ecol\u00f3gica, Su\u00e1rez ya era vicepresidente de Programaci\u00f3n en CNN en Espa\u00f1ol bajo el liderazgo de Cynthia Hudson,\u202fvicepresidenta s\u00e9nior y directora general de CNN en Espa\u00f1ol y de estrategia hispana para CNN EE.UU.\u202fHab\u00eda comenzado en ese puesto en 2010 y vivi\u00f3 a caballo entre Atlanta y Miami hasta diciembre de 2016, cuando culmin\u00f3 su v\u00ednculo con la compa\u00f1\u00eda.<\/p>\n<p>Suarez lleg\u00f3 a Estados Unidos con el \u00e9xodo mar\u00edtimo del Mariel, que trajo a m\u00e1s de 125.000 refugiados desde Cuba. All\u00ed hab\u00eda sido, adem\u00e1s de camar\u00f3grafo, actor, animador y presentador. \u00bfQu\u00e9 esperanza se le cumplir\u00eda? \u00bfQu\u00e9 har\u00eda en Miami? \u00bfObrero de la construcci\u00f3n, camarero, mensajero? La esperanza lo trat\u00f3 mucho mejor. A los 30 d\u00edas de llegar pas\u00f3 de ser refugiado a camar\u00f3grafo: el canal 23 lo contrat\u00f3 para que -como conoc\u00eda aquel \u00e9xodo en carne propia- informara a sus televidentes c\u00f3mo viv\u00edan las decenas de miles de reci\u00e9n llegados. Cubri\u00f3 las noticias del \u00e9xodo en Cayo Hueso, por donde desembarcaban y en la Ciudad de las Carpas de Miami, bajo los elevados de la autopista estatal 836, donde los manten\u00edan.<\/p>\n<p>Eduardo recuerda aquellos momentos como el primer d\u00eda que entr\u00f3 a un estudio de televisi\u00f3n. Se hab\u00eda iniciado su carrera en EE.UU. El canal 23 no lo dej\u00f3 ir. Y con raz\u00f3n.<\/p>\n<p>Tres a\u00f1os despu\u00e9s, en 1983, el presidente \u202fRonald Reagan felicit\u00f3 p\u00fablicamente a Eduardo Su\u00e1rez \u202fen su discurso en Miami. Su\u00e1rez hab\u00eda ganado su primer Emmy, el m\u00e1s prestigioso\u202f de la televisi\u00f3n\u00a0\u00a0estadounidense. Ganar\u00eda otros 20 a lo largo de su carrera.<\/p>\n<p>Se acercaban las tres horas de mi visita a casa de los Suarez y despu\u00e9s de hablar sobre los temas usuales, simp\u00e1ticos, nost\u00e1lgicos y profesionales, Eduardo me mir\u00f3 con una cara que esbozaba satisfacci\u00f3n, perfil\u00f3 una sonrisa y me lo dijo: \u201cJorge, me he ganado un nuevo Emmy\u201d. \u201cPero \u00a1c\u00f3mo!\u201d -le pregunt\u00e9. \u201c\u00bfHas estado haciendo televisi\u00f3n desde tu casa?\u201d Fue Betty la que me respondi\u00f3: \u201cNo, no es un Emmy, es un reconocimiento por toda la televisi\u00f3n que ha hecho en su vida\u201d. Entonces me explicaron: se trata de su admisi\u00f3n al C\u00edrculo de Plata, un reconocimiento de la\u202fAcademia Nacional de las Artes y las Ciencias de la Televisi\u00f3n (NATAS) en Estados Unidos a profesionales excepcionales del sector.<\/p>\n<p>\u201cEstas personas se encuentran entre los profesionales m\u00e1s prestigiosos de nuestro campo. Cada uno de ellos ha prestado un servicio distinguido, y no solo en su trabajo, sino a la industria de la televisi\u00f3n y a las personas que trabajan en ella cada d\u00eda&#187;, dijo\u202fAdam Sharp, presidente y CEO de NATAS, al hacer p\u00fablicos los galardonados. El acto ser\u00e1 el mi\u00e9rcoles 25 de septiembre en el Palladium Time Square de Nueva York.<\/p>\n<p>Eduardo mantuvo su sonrisa de satisfacci\u00f3n mientras me enteraba de todo aquello. Y le dije: \u201cPero Eduardo, esto no es un simple Emmy\u2026 es el Emmy de los Emmy, por tu vida y la ilusi\u00f3n que empezaste a los cinco a\u00f1os de edad. \u201cEs verdad\u201d, musit\u00f3 en voz baja, y yo dir\u00eda que se le aguaron los ojos. Conozco a Eduardo Su\u00e1rez desde hace muchos a\u00f1os. Ha sido mi jefe, mi editor de proyectos, mi consejero profesional, pero, sobre todo, mi amigo. La verdadera amistad que permanece cuando termina la relaci\u00f3n laboral. Me alegro por la justicia moral de ese galard\u00f3n y celebro a todos aquellos que lo hicieron posible.<\/p>\n<p>Eduardo Su\u00e1rez sabe que este premio de NATAS es importante, pero considera que su principal logro fue haber podido reunir a toda su familia, sus hijos y nietos en Estados Unidos, cerca de \u00e9l. Eso es lo m\u00e1s importante, me asegura. Y yo le digo, felicidades, Eduardo, por ser merecedor de tal premio, y por saber distinguir, adem\u00e1s, qu\u00e9 es lo verdaderamente importante en esta vida.<\/p>\n<p>The-CNN-Wire<br \/>&trade; &amp; &copy; 2024 Cable News Network, Inc., a Warner Bros. Discovery Company. All rights reserved.<\/p>\n","protected":false},"excerpt":{"rendered":"<p>Jorge D\u00e1vila Miguel es licenciado en Periodismo desde 1973 y ha mantenido una carrera continuada en su profesi\u00f3n hasta la fecha. Ostenta posgrados en Ciencias de la Informaci\u00f3n Social y Medios de Comunicaci\u00f3n Sociales, as\u00ed como estudios superiores posuniversitarios en Relaciones Internacionales, Econom\u00eda Pol\u00edtica e Historia Latinoamericana. Es de nacionalidad cubana y ha recorrido casi [&hellip;]<\/p>\n","protected":false},"author":0,"featured_media":0,"comment_status":"open","ping_status":"open","sticky":false,"template":"","format":"standard","meta":{"_jetpack_memberships_contains_paid_content":false,"footnotes":""},"categories":[10],"tags":[],"class_list":["post-1453228","post","type-post","status-publish","format-standard","hentry","category-noticias-nacionales","market-global"],"yoast_head":"<!-- This site is optimized with the Yoast SEO plugin v24.4 - https:\/\/yoast.com\/wordpress\/plugins\/seo\/ -->\n<title>OPINION | Eduardo Su\u00e1rez, de La Habana a Times Square - Noticias<\/title>\n<meta name=\"robots\" content=\"index, follow, max-snippet:-1, max-image-preview:large, max-video-preview:-1\" \/>\n<link rel=\"canonical\" href=\"https:\/\/noticiasya.com\/2024\/09\/30\/opinion-eduardo-suarez-de-la-habana-a-times-square-orix\/\" \/>\n<meta property=\"og:locale\" content=\"es_ES\" \/>\n<meta property=\"og:type\" content=\"article\" \/>\n<meta property=\"og:title\" content=\"OPINION | Eduardo Su\u00e1rez, de La Habana a Times Square - Noticias\" \/>\n<meta property=\"og:description\" content=\"Jorge D\u00e1vila Miguel es licenciado en Periodismo desde 1973 y ha mantenido una carrera continuada en su profesi\u00f3n hasta la fecha. Ostenta posgrados en Ciencias de la Informaci\u00f3n Social y Medios de Comunicaci\u00f3n Sociales, as\u00ed como estudios superiores posuniversitarios en Relaciones Internacionales, Econom\u00eda Pol\u00edtica e Historia Latinoamericana. Es de nacionalidad cubana y ha recorrido casi [&hellip;]\" \/>\n<meta property=\"og:url\" content=\"https:\/\/noticiasya.com\/2024\/09\/30\/opinion-eduardo-suarez-de-la-habana-a-times-square-orix\/\" \/>\n<meta property=\"og:site_name\" content=\"Noticias\" \/>\n<meta property=\"article:published_time\" content=\"2024-09-30T21:04:02+00:00\" \/>\n<meta name=\"twitter:card\" content=\"summary_large_image\" \/>\n<meta name=\"twitter:label1\" content=\"Est. reading time\" \/>\n\t<meta name=\"twitter:data1\" content=\"6 minutos\" \/>\n<script type=\"application\/ld+json\" class=\"yoast-schema-graph\">{\"@context\":\"https:\/\/schema.org\",\"@graph\":[{\"@type\":\"Article\",\"@id\":\"https:\/\/noticiasya.com\/2024\/09\/30\/opinion-eduardo-suarez-de-la-habana-a-times-square-orix\/#article\",\"isPartOf\":{\"@id\":\"https:\/\/noticiasya.com\/2024\/09\/30\/opinion-eduardo-suarez-de-la-habana-a-times-square-orix\/\"},\"author\":{\"name\":\"\",\"@id\":\"\"},\"headline\":\"OPINION | Eduardo Su\u00e1rez, de La Habana a Times Square\",\"datePublished\":\"2024-09-30T21:04:02+00:00\",\"mainEntityOfPage\":{\"@id\":\"https:\/\/noticiasya.com\/2024\/09\/30\/opinion-eduardo-suarez-de-la-habana-a-times-square-orix\/\"},\"wordCount\":1149,\"commentCount\":0,\"publisher\":{\"@id\":\"https:\/\/noticiasya.com\/#organization\"},\"articleSection\":[\"Noticias Nacionales\"],\"inLanguage\":\"es\",\"potentialAction\":[{\"@type\":\"CommentAction\",\"name\":\"Comment\",\"target\":[\"https:\/\/noticiasya.com\/2024\/09\/30\/opinion-eduardo-suarez-de-la-habana-a-times-square-orix\/#respond\"]}]},{\"@type\":\"WebPage\",\"@id\":\"https:\/\/noticiasya.com\/2024\/09\/30\/opinion-eduardo-suarez-de-la-habana-a-times-square-orix\/\",\"url\":\"https:\/\/noticiasya.com\/2024\/09\/30\/opinion-eduardo-suarez-de-la-habana-a-times-square-orix\/\",\"name\":\"OPINION | Eduardo Su\u00e1rez, de La Habana a Times Square - Noticias\",\"isPartOf\":{\"@id\":\"https:\/\/noticiasya.com\/#website\"},\"datePublished\":\"2024-09-30T21:04:02+00:00\",\"breadcrumb\":{\"@id\":\"https:\/\/noticiasya.com\/2024\/09\/30\/opinion-eduardo-suarez-de-la-habana-a-times-square-orix\/#breadcrumb\"},\"inLanguage\":\"es\",\"potentialAction\":[{\"@type\":\"ReadAction\",\"target\":[\"https:\/\/noticiasya.com\/2024\/09\/30\/opinion-eduardo-suarez-de-la-habana-a-times-square-orix\/\"]}]},{\"@type\":\"BreadcrumbList\",\"@id\":\"https:\/\/noticiasya.com\/2024\/09\/30\/opinion-eduardo-suarez-de-la-habana-a-times-square-orix\/#breadcrumb\",\"itemListElement\":[{\"@type\":\"ListItem\",\"position\":1,\"name\":\"Home\",\"item\":\"https:\/\/noticiasya.com\/\"},{\"@type\":\"ListItem\",\"position\":2,\"name\":\"OPINION | Eduardo Su\u00e1rez, de La Habana a Times Square\"}]},{\"@type\":\"WebSite\",\"@id\":\"https:\/\/noticiasya.com\/#website\",\"url\":\"https:\/\/noticiasya.com\/\",\"name\":\"Noticias\",\"description\":\"Lo que importa\",\"publisher\":{\"@id\":\"https:\/\/noticiasya.com\/#organization\"},\"potentialAction\":[{\"@type\":\"SearchAction\",\"target\":{\"@type\":\"EntryPoint\",\"urlTemplate\":\"https:\/\/noticiasya.com\/?s={search_term_string}\"},\"query-input\":{\"@type\":\"PropertyValueSpecification\",\"valueRequired\":true,\"valueName\":\"search_term_string\"}}],\"inLanguage\":\"es\"},{\"@type\":\"Organization\",\"@id\":\"https:\/\/noticiasya.com\/#organization\",\"name\":\"Noticias\",\"url\":\"https:\/\/noticiasya.com\/\",\"logo\":{\"@type\":\"ImageObject\",\"inLanguage\":\"es\",\"@id\":\"https:\/\/noticiasya.com\/#\/schema\/logo\/image\/\",\"url\":\"https:\/\/noticiasya.com\/wp-content\/uploads\/sites\/22\/2023\/12\/logo-nacional.png\",\"contentUrl\":\"https:\/\/noticiasya.com\/wp-content\/uploads\/sites\/22\/2023\/12\/logo-nacional.png\",\"width\":1801,\"height\":691,\"caption\":\"Noticias\"},\"image\":{\"@id\":\"https:\/\/noticiasya.com\/#\/schema\/logo\/image\/\"}}]}<\/script>\n<!-- \/ Yoast SEO plugin. -->","yoast_head_json":{"title":"OPINION | Eduardo Su\u00e1rez, de La Habana a Times Square - Noticias","robots":{"index":"index","follow":"follow","max-snippet":"max-snippet:-1","max-image-preview":"max-image-preview:large","max-video-preview":"max-video-preview:-1"},"canonical":"https:\/\/noticiasya.com\/2024\/09\/30\/opinion-eduardo-suarez-de-la-habana-a-times-square-orix\/","og_locale":"es_ES","og_type":"article","og_title":"OPINION | Eduardo Su\u00e1rez, de La Habana a Times Square - Noticias","og_description":"Jorge D\u00e1vila Miguel es licenciado en Periodismo desde 1973 y ha mantenido una carrera continuada en su profesi\u00f3n hasta la fecha. Ostenta posgrados en Ciencias de la Informaci\u00f3n Social y Medios de Comunicaci\u00f3n Sociales, as\u00ed como estudios superiores posuniversitarios en Relaciones Internacionales, Econom\u00eda Pol\u00edtica e Historia Latinoamericana. Es de nacionalidad cubana y ha recorrido casi [&hellip;]","og_url":"https:\/\/noticiasya.com\/2024\/09\/30\/opinion-eduardo-suarez-de-la-habana-a-times-square-orix\/","og_site_name":"Noticias","article_published_time":"2024-09-30T21:04:02+00:00","twitter_card":"summary_large_image","twitter_misc":{"Est. reading time":"6 minutos"},"schema":{"@context":"https:\/\/schema.org","@graph":[{"@type":"Article","@id":"https:\/\/noticiasya.com\/2024\/09\/30\/opinion-eduardo-suarez-de-la-habana-a-times-square-orix\/#article","isPartOf":{"@id":"https:\/\/noticiasya.com\/2024\/09\/30\/opinion-eduardo-suarez-de-la-habana-a-times-square-orix\/"},"author":{"name":"","@id":""},"headline":"OPINION | Eduardo Su\u00e1rez, de La Habana a Times Square","datePublished":"2024-09-30T21:04:02+00:00","mainEntityOfPage":{"@id":"https:\/\/noticiasya.com\/2024\/09\/30\/opinion-eduardo-suarez-de-la-habana-a-times-square-orix\/"},"wordCount":1149,"commentCount":0,"publisher":{"@id":"https:\/\/noticiasya.com\/#organization"},"articleSection":["Noticias Nacionales"],"inLanguage":"es","potentialAction":[{"@type":"CommentAction","name":"Comment","target":["https:\/\/noticiasya.com\/2024\/09\/30\/opinion-eduardo-suarez-de-la-habana-a-times-square-orix\/#respond"]}]},{"@type":"WebPage","@id":"https:\/\/noticiasya.com\/2024\/09\/30\/opinion-eduardo-suarez-de-la-habana-a-times-square-orix\/","url":"https:\/\/noticiasya.com\/2024\/09\/30\/opinion-eduardo-suarez-de-la-habana-a-times-square-orix\/","name":"OPINION | Eduardo Su\u00e1rez, de La Habana a Times Square - Noticias","isPartOf":{"@id":"https:\/\/noticiasya.com\/#website"},"datePublished":"2024-09-30T21:04:02+00:00","breadcrumb":{"@id":"https:\/\/noticiasya.com\/2024\/09\/30\/opinion-eduardo-suarez-de-la-habana-a-times-square-orix\/#breadcrumb"},"inLanguage":"es","potentialAction":[{"@type":"ReadAction","target":["https:\/\/noticiasya.com\/2024\/09\/30\/opinion-eduardo-suarez-de-la-habana-a-times-square-orix\/"]}]},{"@type":"BreadcrumbList","@id":"https:\/\/noticiasya.com\/2024\/09\/30\/opinion-eduardo-suarez-de-la-habana-a-times-square-orix\/#breadcrumb","itemListElement":[{"@type":"ListItem","position":1,"name":"Home","item":"https:\/\/noticiasya.com\/"},{"@type":"ListItem","position":2,"name":"OPINION | Eduardo Su\u00e1rez, de La Habana a Times Square"}]},{"@type":"WebSite","@id":"https:\/\/noticiasya.com\/#website","url":"https:\/\/noticiasya.com\/","name":"Noticias","description":"Lo que importa","publisher":{"@id":"https:\/\/noticiasya.com\/#organization"},"potentialAction":[{"@type":"SearchAction","target":{"@type":"EntryPoint","urlTemplate":"https:\/\/noticiasya.com\/?s={search_term_string}"},"query-input":{"@type":"PropertyValueSpecification","valueRequired":true,"valueName":"search_term_string"}}],"inLanguage":"es"},{"@type":"Organization","@id":"https:\/\/noticiasya.com\/#organization","name":"Noticias","url":"https:\/\/noticiasya.com\/","logo":{"@type":"ImageObject","inLanguage":"es","@id":"https:\/\/noticiasya.com\/#\/schema\/logo\/image\/","url":"https:\/\/noticiasya.com\/wp-content\/uploads\/sites\/22\/2023\/12\/logo-nacional.png","contentUrl":"https:\/\/noticiasya.com\/wp-content\/uploads\/sites\/22\/2023\/12\/logo-nacional.png","width":1801,"height":691,"caption":"Noticias"},"image":{"@id":"https:\/\/noticiasya.com\/#\/schema\/logo\/image\/"}}]}},"parsely":{"version":"1.1.0","canonical_url":"https:\/\/noticiasya.com\/midland-odessa\/2024\/09\/30\/opinion-eduardo-suarez-de-la-habana-a-times-square-orix\/","smart_links":{"inbound":0,"outbound":0},"traffic_boost_suggestions_count":0,"meta":{"@context":"https:\/\/schema.org","@type":"NewsArticle","headline":"OPINION | Eduardo Su\u00e1rez, de La Habana a Times Square","url":"http:\/\/noticiasya.com\/midland-odessa\/2024\/09\/30\/opinion-eduardo-suarez-de-la-habana-a-times-square-orix\/","mainEntityOfPage":{"@type":"WebPage","@id":"http:\/\/noticiasya.com\/midland-odessa\/2024\/09\/30\/opinion-eduardo-suarez-de-la-habana-a-times-square-orix\/"},"thumbnailUrl":"","image":{"@type":"ImageObject","url":""},"articleSection":"Noticias Nacionales","author":[],"creator":[],"publisher":{"@type":"Organization","name":"Noticias","logo":""},"keywords":[],"dateCreated":"2024-09-30T21:04:02Z","datePublished":"2024-09-30T21:04:02Z","dateModified":"2024-09-30T21:04:02Z"},"rendered":"<script type=\"application\/ld+json\" class=\"wp-parsely-metadata\">{\"@context\":\"https:\\\/\\\/schema.org\",\"@type\":\"NewsArticle\",\"headline\":\"OPINION | Eduardo Su\\u00e1rez, de La Habana a Times Square\",\"url\":\"http:\\\/\\\/noticiasya.com\\\/midland-odessa\\\/2024\\\/09\\\/30\\\/opinion-eduardo-suarez-de-la-habana-a-times-square-orix\\\/\",\"mainEntityOfPage\":{\"@type\":\"WebPage\",\"@id\":\"http:\\\/\\\/noticiasya.com\\\/midland-odessa\\\/2024\\\/09\\\/30\\\/opinion-eduardo-suarez-de-la-habana-a-times-square-orix\\\/\"},\"thumbnailUrl\":\"\",\"image\":{\"@type\":\"ImageObject\",\"url\":\"\"},\"articleSection\":\"Noticias Nacionales\",\"author\":[],\"creator\":[],\"publisher\":{\"@type\":\"Organization\",\"name\":\"Noticias\",\"logo\":\"\"},\"keywords\":[],\"dateCreated\":\"2024-09-30T21:04:02Z\",\"datePublished\":\"2024-09-30T21:04:02Z\",\"dateModified\":\"2024-09-30T21:04:02Z\"}<\/script>","tracker_url":"https:\/\/cdn.parsely.com\/keys\/noticiasya.com\/p.js"},"jetpack_featured_media_url":"","jetpack-related-posts":[{"id":1451853,"url":"https:\/\/noticiasya.com\/midland-odessa\/2024\/08\/14\/opinion-davila-izquierda-maduro-venezuela-orix\/","url_meta":{"origin":1453228,"position":0},"title":"OPINI\u00d3N | Anuncian la victoria de Maduro, \u00bfproblema para la izquierda latinoamericana?","author":"","date":"agosto 14, 2024","format":false,"excerpt":"Nota del editor: Jorge D\u00e1vila Miguel es Licenciado en Periodismo desde 1973 y ha mantenido una carrera continuada en su profesi\u00f3n hasta la fecha. Ostenta posgrados en Ciencias de la Informaci\u00f3n Social y Medios de Comunicaci\u00f3n Sociales, as\u00ed como estudios superiores posuniversitarios en Relaciones Internacionales, Econom\u00eda Pol\u00edtica e Historia Latinoamericana.\u2026","rel":"","context":"In &quot;Noticias Nacionales&quot;","block_context":{"text":"Noticias Nacionales","link":"https:\/\/noticiasya.com\/midland-odessa\/categoria\/noticias-nacionales"},"img":{"alt_text":"","src":"","width":0,"height":0},"classes":[]},{"id":1443753,"url":"https:\/\/noticiasya.com\/midland-odessa\/2024\/01\/15\/opinion-iowa-es-el-faro-del-camino\/","url_meta":{"origin":1453228,"position":1},"title":"OPINI\u00d3N | Iowa es el faro del camino","author":"","date":"enero 15, 2024","format":false,"excerpt":"Nota del editor: Jorge D\u00e1vila Miguel es Licenciado en Periodismo desde 1973 y ha mantenido una carrera continuada en su profesi\u00f3n hasta la fecha. Ostenta posgrados en Ciencias de la Informaci\u00f3n Social y Medios de Comunicaci\u00f3n Sociales, as\u00ed como estudios superiores posuniversitarios en Relaciones Internacionales, Econom\u00eda Pol\u00edtica e Historia Latinoamericana.\u2026","rel":"","context":"In &quot;Noticias Nacionales&quot;","block_context":{"text":"Noticias Nacionales","link":"https:\/\/noticiasya.com\/midland-odessa\/categoria\/noticias-nacionales"},"img":{"alt_text":"","src":"","width":0,"height":0},"classes":[]},{"id":1444338,"url":"https:\/\/noticiasya.com\/midland-odessa\/2024\/01\/23\/opinion-ecuador-en-guerra\/","url_meta":{"origin":1453228,"position":2},"title":"OPINI\u00d3N | Ecuador, en guerra\u2026","author":"","date":"enero 23, 2024","format":false,"excerpt":"Nota del editor:\u202fJorge D\u00e1vila Miguel es Licenciado en Periodismo desde 1973 y ha mantenido una carrera continuada en su profesi\u00f3n hasta la fecha. Ostenta posgrados en Ciencias de la Informaci\u00f3n Social y Medios de Comunicaci\u00f3n Sociales, as\u00ed como estudios superiores posuniversitarios en Relaciones Internacionales, Econom\u00eda Pol\u00edtica e Historia Latinoamericana. Es\u2026","rel":"","context":"In &quot;Noticias Nacionales&quot;","block_context":{"text":"Noticias Nacionales","link":"https:\/\/noticiasya.com\/midland-odessa\/categoria\/noticias-nacionales"},"img":{"alt_text":"","src":"","width":0,"height":0},"classes":[]},{"id":1445966,"url":"https:\/\/noticiasya.com\/midland-odessa\/2024\/02\/23\/opinion-los-ninos-sin-piernas-de-gaza\/","url_meta":{"origin":1453228,"position":3},"title":"OPINI\u00d3N | Los ni\u00f1os sin piernas de Gaza","author":"","date":"febrero 23, 2024","format":false,"excerpt":"Nota del editor: Jorge D\u00e1vila Miguel es Licenciado en Periodismo desde 1973 y ha mantenido una carrera continuada en su profesi\u00f3n hasta la fecha. Ostenta posgrados en Ciencias de la Informaci\u00f3n Social y Medios de Comunicaci\u00f3n Sociales, as\u00ed como estudios superiores posuniversitarios en Relaciones Internacionales, Econom\u00eda Pol\u00edtica e Historia Latinoamericana.\u2026","rel":"","context":"In &quot;Noticias Nacionales&quot;","block_context":{"text":"Noticias Nacionales","link":"https:\/\/noticiasya.com\/midland-odessa\/categoria\/noticias-nacionales"},"img":{"alt_text":"","src":"","width":0,"height":0},"classes":[]},{"id":1450894,"url":"https:\/\/noticiasya.com\/midland-odessa\/2024\/07\/05\/opinion-biden-firme-partido-problemas-orix\/","url_meta":{"origin":1453228,"position":4},"title":"OPINI\u00d3N | Biden firme, el partido en problemas, pero \u00bfpor qu\u00e9?","author":"","date":"julio 5, 2024","format":false,"excerpt":"(CNN Espa\u00f1ol) --\u00a0S\u00ed, el debate presidencial fue un total desastre para Joe Biden. Dos d\u00edas m\u00e1s tarde Stephen A. Smith se preguntaba, perplejo y airado, en su podcast con millones de seguidores: \u201cPartido Dem\u00f3crata: \u00bfc\u00f3mo es posible que hayan puesto a uno de sus colegas, a uno de sus contempor\u00e1neos\u2026","rel":"","context":"In &quot;Noticias Nacionales&quot;","block_context":{"text":"Noticias Nacionales","link":"https:\/\/noticiasya.com\/midland-odessa\/categoria\/noticias-nacionales"},"img":{"alt_text":"","src":"","width":0,"height":0},"classes":[]},{"id":1449865,"url":"https:\/\/noticiasya.com\/midland-odessa\/2024\/05\/30\/opinion-estados-unidos-cuba-la-negociacion-imposible-orix\/","url_meta":{"origin":1453228,"position":5},"title":"OPINI\u00d3N | Estados Unidos-Cuba: la negociaci\u00f3n imposible","author":"","date":"mayo 30, 2024","format":false,"excerpt":"Nota del editor: Jorge D\u00e1vila Miguel es Licenciado en Periodismo desde 1973 y ha mantenido una carrera continuada en su profesi\u00f3n hasta la fecha. Ostenta posgrados en Ciencias de la Informaci\u00f3n Social y Medios de Comunicaci\u00f3n Sociales, as\u00ed como estudios superiores posuniversitarios en Relaciones Internacionales, Econom\u00eda Pol\u00edtica e Historia Latinoamericana.\u2026","rel":"","context":"In &quot;Noticias Nacionales&quot;","block_context":{"text":"Noticias Nacionales","link":"https:\/\/noticiasya.com\/midland-odessa\/categoria\/noticias-nacionales"},"img":{"alt_text":"","src":"","width":0,"height":0},"classes":[]}],"jetpack_sharing_enabled":true,"_links":{"self":[{"href":"https:\/\/noticiasya.com\/midland-odessa\/wp-json\/wp\/v2\/posts\/1453228","targetHints":{"allow":["GET"]}}],"collection":[{"href":"https:\/\/noticiasya.com\/midland-odessa\/wp-json\/wp\/v2\/posts"}],"about":[{"href":"https:\/\/noticiasya.com\/midland-odessa\/wp-json\/wp\/v2\/types\/post"}],"replies":[{"embeddable":true,"href":"https:\/\/noticiasya.com\/midland-odessa\/wp-json\/wp\/v2\/comments?post=1453228"}],"version-history":[{"count":0,"href":"https:\/\/noticiasya.com\/midland-odessa\/wp-json\/wp\/v2\/posts\/1453228\/revisions"}],"wp:attachment":[{"href":"https:\/\/noticiasya.com\/midland-odessa\/wp-json\/wp\/v2\/media?parent=1453228"}],"wp:term":[{"taxonomy":"category","embeddable":true,"href":"https:\/\/noticiasya.com\/midland-odessa\/wp-json\/wp\/v2\/categories?post=1453228"},{"taxonomy":"post_tag","embeddable":true,"href":"https:\/\/noticiasya.com\/midland-odessa\/wp-json\/wp\/v2\/tags?post=1453228"}],"curies":[{"name":"wp","href":"https:\/\/api.w.org\/{rel}","templated":true}]}}