{"id":1453229,"date":"2024-09-30T14:04:02","date_gmt":"2024-09-30T21:04:02","guid":{"rendered":"https:\/\/noticiasya.com\/2024\/09\/30\/fiscalia-venezuela-arresto-funcionarios-argentinos-trax\/"},"modified":"2024-09-30T14:04:02","modified_gmt":"2024-09-30T21:04:02","slug":"fiscalia-venezuela-arresto-funcionarios-argentinos-trax","status":"publish","type":"post","link":"https:\/\/noticiasya.com\/midland-odessa\/2024\/09\/30\/fiscalia-venezuela-arresto-funcionarios-argentinos-trax\/","title":{"rendered":"Fiscal\u00eda de Venezuela pide el arresto de m\u00e1s funcionarios argentinos, aunque no puedan ser detenidos fuera del territorio venezolano"},"content":{"rendered":"<p>(CNN Espa\u00f1ol) &#8212; El Ministerio P\u00fablico de Venezuela pidi\u00f3 ampliar este lunes una orden de aprehensi\u00f3n a varios ministros, jueces, fiscales y diputados argentinos por haber retenido un avi\u00f3n de la estatal venezolana Emtrasur y haber ordenado la captura del presidente Nicol\u00e1s Maduro y el ministro de Interior, Diosdado Cabello, en el marco de una investigaci\u00f3n por posibles delitos de lesa humanidad.<\/p>\n<p>En un mensaje emitido en cadena nacional, el fiscal general, Tarek William Saab, dijo que las solicitudes de aprehensi\u00f3n se basan en presunto robo agravado, legitimaci\u00f3n de capitales, privaci\u00f3n ileg\u00edtima de libertad, simulaci\u00f3n de hecho punible, interferencia il\u00edcita, inutilizaci\u00f3n de aeronave y asociaci\u00f3n para delinquir. En la pr\u00e1ctica, las autoridades venezolanas no tienen facultad alguna para detener a ning\u00fan ciudadano extranjero fuera del territorio.<\/p>\n<p>Uno de los se\u00f1alados, el ministro de Seguridad de Buenos Aires y presidente del Foro Argentino para la Defensa de la Democracia, Waldo Wolff, reaccion\u00f3 en su cuenta de X a la solicitud y la calific\u00f3 del \u201chalago m\u00e1s grande que recib\u00ed en mi vida dedicada a la defensa de la democracia&#187;.<\/p>\n<p>Venezuela ordena la captura de Javier Milei, y Argentina la de Maduro<\/p>\n<p>El juez federal Federico Villena, tambi\u00e9n mencionado por Saab y quien autoriz\u00f3 la incautaci\u00f3n del avi\u00f3n, dijo a CNN, que &#171;los jueces debemos estar preparados para tolerar todo tipo de presiones y sobreponernos a todo tipo de ataques de poderes pol\u00edticos, econ\u00f3micos, etc\u00e9tera, internos y externos. Es parte de nuestra funci\u00f3n. Sin perjuicio de ello, es realmente preocupante el ataque al Poder Judicial argentino por parte del Estado venezolano&#187;. A\u00f1adi\u00f3 que &#171;la independencia de la justicia es una bandera que, toda la Argentina en particular y Latinoam\u00e9rica en general, deben defender a ultranza y en cualquier escenario, porque una justicia independiente es la base de toda rep\u00fablica moderna y es quien garantiza la libertad de los pueblos&#187;.<\/p>\n<p>CNN intenta comunicarse con el Ministerio de Justicia de Argentina para obtener su reacci\u00f3n al pedido.<\/p>\n<p>El Tribunal Supremo de Venezuela ratific\u00f3 la semana pasada \u00f3rdenes de aprehensi\u00f3n contra el presidente de Argentina, Javier Milei; su hermana y secretaria general de la Presidencia, Karina Milei; y la ministra de Seguridad, Patricia Bullrich.<\/p>\n<p>En ese momento, la Canciller\u00eda de Argentina critic\u00f3 en un comunicado las acusaciones de la Fiscal\u00eda y dijo que el env\u00edo del avi\u00f3n a EE.UU. fue un caso resuelto por el Poder Judicial, no por el Gobierno.<\/p>\n<p>Manuel Cobela y Federico Jofre colaboraron con este reporte.<\/p>\n<p>The-CNN-Wire<br \/>&trade; &amp; &copy; 2024 Cable News Network, Inc., a Warner Bros. Discovery Company. All rights reserved.<\/p>\n","protected":false},"excerpt":{"rendered":"<p>(CNN Espa\u00f1ol) &#8212; El Ministerio P\u00fablico de Venezuela pidi\u00f3 ampliar este lunes una orden de aprehensi\u00f3n a varios ministros, jueces, fiscales y diputados argentinos por haber retenido un avi\u00f3n de la estatal venezolana Emtrasur y haber ordenado la captura del presidente Nicol\u00e1s Maduro y el ministro de Interior, Diosdado Cabello, en el marco de una [&hellip;]<\/p>\n","protected":false},"author":0,"featured_media":0,"comment_status":"open","ping_status":"open","sticky":false,"template":"","format":"standard","meta":{"_jetpack_memberships_contains_paid_content":false,"footnotes":""},"categories":[10],"tags":[],"class_list":["post-1453229","post","type-post","status-publish","format-standard","hentry","category-noticias-nacionales","market-global"],"yoast_head":"<!-- This site is optimized with the Yoast SEO plugin v24.4 - https:\/\/yoast.com\/wordpress\/plugins\/seo\/ -->\n<title>Fiscal\u00eda de Venezuela pide el arresto de m\u00e1s funcionarios argentinos, aunque no puedan ser detenidos fuera del territorio venezolano - Noticias<\/title>\n<meta name=\"robots\" content=\"index, follow, max-snippet:-1, max-image-preview:large, max-video-preview:-1\" \/>\n<link rel=\"canonical\" href=\"https:\/\/noticiasya.com\/2024\/09\/30\/fiscalia-venezuela-arresto-funcionarios-argentinos-trax\/\" \/>\n<meta property=\"og:locale\" content=\"es_ES\" \/>\n<meta property=\"og:type\" content=\"article\" \/>\n<meta property=\"og:title\" content=\"Fiscal\u00eda de Venezuela pide el arresto de m\u00e1s funcionarios argentinos, aunque no puedan ser detenidos fuera del territorio venezolano - Noticias\" \/>\n<meta property=\"og:description\" content=\"(CNN Espa\u00f1ol) &#8212; El Ministerio P\u00fablico de Venezuela pidi\u00f3 ampliar este lunes una orden de aprehensi\u00f3n a varios ministros, jueces, fiscales y diputados argentinos por haber retenido un avi\u00f3n de la estatal venezolana Emtrasur y haber ordenado la captura del presidente Nicol\u00e1s Maduro y el ministro de Interior, Diosdado Cabello, en el marco de una [&hellip;]\" \/>\n<meta property=\"og:url\" content=\"https:\/\/noticiasya.com\/2024\/09\/30\/fiscalia-venezuela-arresto-funcionarios-argentinos-trax\/\" \/>\n<meta property=\"og:site_name\" content=\"Noticias\" \/>\n<meta property=\"article:published_time\" content=\"2024-09-30T21:04:02+00:00\" \/>\n<meta name=\"twitter:card\" content=\"summary_large_image\" \/>\n<meta name=\"twitter:label1\" content=\"Est. reading time\" \/>\n\t<meta name=\"twitter:data1\" content=\"2 minutos\" \/>\n<script type=\"application\/ld+json\" class=\"yoast-schema-graph\">{\"@context\":\"https:\/\/schema.org\",\"@graph\":[{\"@type\":\"Article\",\"@id\":\"https:\/\/noticiasya.com\/2024\/09\/30\/fiscalia-venezuela-arresto-funcionarios-argentinos-trax\/#article\",\"isPartOf\":{\"@id\":\"https:\/\/noticiasya.com\/2024\/09\/30\/fiscalia-venezuela-arresto-funcionarios-argentinos-trax\/\"},\"author\":{\"name\":\"\",\"@id\":\"\"},\"headline\":\"Fiscal\u00eda de Venezuela pide el arresto de m\u00e1s funcionarios argentinos, aunque no puedan ser detenidos fuera del territorio venezolano\",\"datePublished\":\"2024-09-30T21:04:02+00:00\",\"mainEntityOfPage\":{\"@id\":\"https:\/\/noticiasya.com\/2024\/09\/30\/fiscalia-venezuela-arresto-funcionarios-argentinos-trax\/\"},\"wordCount\":477,\"commentCount\":0,\"publisher\":{\"@id\":\"https:\/\/noticiasya.com\/#organization\"},\"articleSection\":[\"Noticias Nacionales\"],\"inLanguage\":\"es\",\"potentialAction\":[{\"@type\":\"CommentAction\",\"name\":\"Comment\",\"target\":[\"https:\/\/noticiasya.com\/2024\/09\/30\/fiscalia-venezuela-arresto-funcionarios-argentinos-trax\/#respond\"]}]},{\"@type\":\"WebPage\",\"@id\":\"https:\/\/noticiasya.com\/2024\/09\/30\/fiscalia-venezuela-arresto-funcionarios-argentinos-trax\/\",\"url\":\"https:\/\/noticiasya.com\/2024\/09\/30\/fiscalia-venezuela-arresto-funcionarios-argentinos-trax\/\",\"name\":\"Fiscal\u00eda de Venezuela pide el arresto de m\u00e1s funcionarios argentinos, aunque no puedan ser detenidos fuera del territorio venezolano - Noticias\",\"isPartOf\":{\"@id\":\"https:\/\/noticiasya.com\/#website\"},\"datePublished\":\"2024-09-30T21:04:02+00:00\",\"breadcrumb\":{\"@id\":\"https:\/\/noticiasya.com\/2024\/09\/30\/fiscalia-venezuela-arresto-funcionarios-argentinos-trax\/#breadcrumb\"},\"inLanguage\":\"es\",\"potentialAction\":[{\"@type\":\"ReadAction\",\"target\":[\"https:\/\/noticiasya.com\/2024\/09\/30\/fiscalia-venezuela-arresto-funcionarios-argentinos-trax\/\"]}]},{\"@type\":\"BreadcrumbList\",\"@id\":\"https:\/\/noticiasya.com\/2024\/09\/30\/fiscalia-venezuela-arresto-funcionarios-argentinos-trax\/#breadcrumb\",\"itemListElement\":[{\"@type\":\"ListItem\",\"position\":1,\"name\":\"Home\",\"item\":\"https:\/\/noticiasya.com\/\"},{\"@type\":\"ListItem\",\"position\":2,\"name\":\"Fiscal\u00eda de Venezuela pide el arresto de m\u00e1s funcionarios argentinos, aunque no puedan ser detenidos fuera del territorio venezolano\"}]},{\"@type\":\"WebSite\",\"@id\":\"https:\/\/noticiasya.com\/#website\",\"url\":\"https:\/\/noticiasya.com\/\",\"name\":\"Noticias\",\"description\":\"Lo que importa\",\"publisher\":{\"@id\":\"https:\/\/noticiasya.com\/#organization\"},\"potentialAction\":[{\"@type\":\"SearchAction\",\"target\":{\"@type\":\"EntryPoint\",\"urlTemplate\":\"https:\/\/noticiasya.com\/?s={search_term_string}\"},\"query-input\":{\"@type\":\"PropertyValueSpecification\",\"valueRequired\":true,\"valueName\":\"search_term_string\"}}],\"inLanguage\":\"es\"},{\"@type\":\"Organization\",\"@id\":\"https:\/\/noticiasya.com\/#organization\",\"name\":\"Noticias\",\"url\":\"https:\/\/noticiasya.com\/\",\"logo\":{\"@type\":\"ImageObject\",\"inLanguage\":\"es\",\"@id\":\"https:\/\/noticiasya.com\/#\/schema\/logo\/image\/\",\"url\":\"https:\/\/noticiasya.com\/wp-content\/uploads\/sites\/22\/2023\/12\/logo-nacional.png\",\"contentUrl\":\"https:\/\/noticiasya.com\/wp-content\/uploads\/sites\/22\/2023\/12\/logo-nacional.png\",\"width\":1801,\"height\":691,\"caption\":\"Noticias\"},\"image\":{\"@id\":\"https:\/\/noticiasya.com\/#\/schema\/logo\/image\/\"}}]}<\/script>\n<!-- \/ Yoast SEO plugin. -->","yoast_head_json":{"title":"Fiscal\u00eda de Venezuela pide el arresto de m\u00e1s funcionarios argentinos, aunque no puedan ser detenidos fuera del territorio venezolano - Noticias","robots":{"index":"index","follow":"follow","max-snippet":"max-snippet:-1","max-image-preview":"max-image-preview:large","max-video-preview":"max-video-preview:-1"},"canonical":"https:\/\/noticiasya.com\/2024\/09\/30\/fiscalia-venezuela-arresto-funcionarios-argentinos-trax\/","og_locale":"es_ES","og_type":"article","og_title":"Fiscal\u00eda de Venezuela pide el arresto de m\u00e1s funcionarios argentinos, aunque no puedan ser detenidos fuera del territorio venezolano - Noticias","og_description":"(CNN Espa\u00f1ol) &#8212; El Ministerio P\u00fablico de Venezuela pidi\u00f3 ampliar este lunes una orden de aprehensi\u00f3n a varios ministros, jueces, fiscales y diputados argentinos por haber retenido un avi\u00f3n de la estatal venezolana Emtrasur y haber ordenado la captura del presidente Nicol\u00e1s Maduro y el ministro de Interior, Diosdado Cabello, en el marco de una [&hellip;]","og_url":"https:\/\/noticiasya.com\/2024\/09\/30\/fiscalia-venezuela-arresto-funcionarios-argentinos-trax\/","og_site_name":"Noticias","article_published_time":"2024-09-30T21:04:02+00:00","twitter_card":"summary_large_image","twitter_misc":{"Est. reading time":"2 minutos"},"schema":{"@context":"https:\/\/schema.org","@graph":[{"@type":"Article","@id":"https:\/\/noticiasya.com\/2024\/09\/30\/fiscalia-venezuela-arresto-funcionarios-argentinos-trax\/#article","isPartOf":{"@id":"https:\/\/noticiasya.com\/2024\/09\/30\/fiscalia-venezuela-arresto-funcionarios-argentinos-trax\/"},"author":{"name":"","@id":""},"headline":"Fiscal\u00eda de Venezuela pide el arresto de m\u00e1s funcionarios argentinos, aunque no puedan ser detenidos fuera del territorio venezolano","datePublished":"2024-09-30T21:04:02+00:00","mainEntityOfPage":{"@id":"https:\/\/noticiasya.com\/2024\/09\/30\/fiscalia-venezuela-arresto-funcionarios-argentinos-trax\/"},"wordCount":477,"commentCount":0,"publisher":{"@id":"https:\/\/noticiasya.com\/#organization"},"articleSection":["Noticias Nacionales"],"inLanguage":"es","potentialAction":[{"@type":"CommentAction","name":"Comment","target":["https:\/\/noticiasya.com\/2024\/09\/30\/fiscalia-venezuela-arresto-funcionarios-argentinos-trax\/#respond"]}]},{"@type":"WebPage","@id":"https:\/\/noticiasya.com\/2024\/09\/30\/fiscalia-venezuela-arresto-funcionarios-argentinos-trax\/","url":"https:\/\/noticiasya.com\/2024\/09\/30\/fiscalia-venezuela-arresto-funcionarios-argentinos-trax\/","name":"Fiscal\u00eda de Venezuela pide el arresto de m\u00e1s funcionarios argentinos, aunque no puedan ser detenidos fuera del territorio venezolano - Noticias","isPartOf":{"@id":"https:\/\/noticiasya.com\/#website"},"datePublished":"2024-09-30T21:04:02+00:00","breadcrumb":{"@id":"https:\/\/noticiasya.com\/2024\/09\/30\/fiscalia-venezuela-arresto-funcionarios-argentinos-trax\/#breadcrumb"},"inLanguage":"es","potentialAction":[{"@type":"ReadAction","target":["https:\/\/noticiasya.com\/2024\/09\/30\/fiscalia-venezuela-arresto-funcionarios-argentinos-trax\/"]}]},{"@type":"BreadcrumbList","@id":"https:\/\/noticiasya.com\/2024\/09\/30\/fiscalia-venezuela-arresto-funcionarios-argentinos-trax\/#breadcrumb","itemListElement":[{"@type":"ListItem","position":1,"name":"Home","item":"https:\/\/noticiasya.com\/"},{"@type":"ListItem","position":2,"name":"Fiscal\u00eda de Venezuela pide el arresto de m\u00e1s funcionarios argentinos, aunque no puedan ser detenidos fuera del territorio venezolano"}]},{"@type":"WebSite","@id":"https:\/\/noticiasya.com\/#website","url":"https:\/\/noticiasya.com\/","name":"Noticias","description":"Lo que importa","publisher":{"@id":"https:\/\/noticiasya.com\/#organization"},"potentialAction":[{"@type":"SearchAction","target":{"@type":"EntryPoint","urlTemplate":"https:\/\/noticiasya.com\/?s={search_term_string}"},"query-input":{"@type":"PropertyValueSpecification","valueRequired":true,"valueName":"search_term_string"}}],"inLanguage":"es"},{"@type":"Organization","@id":"https:\/\/noticiasya.com\/#organization","name":"Noticias","url":"https:\/\/noticiasya.com\/","logo":{"@type":"ImageObject","inLanguage":"es","@id":"https:\/\/noticiasya.com\/#\/schema\/logo\/image\/","url":"https:\/\/noticiasya.com\/wp-content\/uploads\/sites\/22\/2023\/12\/logo-nacional.png","contentUrl":"https:\/\/noticiasya.com\/wp-content\/uploads\/sites\/22\/2023\/12\/logo-nacional.png","width":1801,"height":691,"caption":"Noticias"},"image":{"@id":"https:\/\/noticiasya.com\/#\/schema\/logo\/image\/"}}]}},"parsely":{"version":"1.1.0","canonical_url":"https:\/\/noticiasya.com\/midland-odessa\/2024\/09\/30\/fiscalia-venezuela-arresto-funcionarios-argentinos-trax\/","smart_links":{"inbound":0,"outbound":0},"traffic_boost_suggestions_count":0,"meta":{"@context":"https:\/\/schema.org","@type":"NewsArticle","headline":"Fiscal\u00eda de Venezuela pide el arresto de m\u00e1s funcionarios argentinos, aunque no puedan ser detenidos fuera del territorio venezolano","url":"http:\/\/noticiasya.com\/midland-odessa\/2024\/09\/30\/fiscalia-venezuela-arresto-funcionarios-argentinos-trax\/","mainEntityOfPage":{"@type":"WebPage","@id":"http:\/\/noticiasya.com\/midland-odessa\/2024\/09\/30\/fiscalia-venezuela-arresto-funcionarios-argentinos-trax\/"},"thumbnailUrl":"","image":{"@type":"ImageObject","url":""},"articleSection":"Noticias Nacionales","author":[],"creator":[],"publisher":{"@type":"Organization","name":"Noticias","logo":""},"keywords":[],"dateCreated":"2024-09-30T21:04:02Z","datePublished":"2024-09-30T21:04:02Z","dateModified":"2024-09-30T21:04:02Z"},"rendered":"<script type=\"application\/ld+json\" class=\"wp-parsely-metadata\">{\"@context\":\"https:\\\/\\\/schema.org\",\"@type\":\"NewsArticle\",\"headline\":\"Fiscal\\u00eda de Venezuela pide el arresto de m\\u00e1s funcionarios argentinos, aunque no puedan ser detenidos fuera del territorio venezolano\",\"url\":\"http:\\\/\\\/noticiasya.com\\\/midland-odessa\\\/2024\\\/09\\\/30\\\/fiscalia-venezuela-arresto-funcionarios-argentinos-trax\\\/\",\"mainEntityOfPage\":{\"@type\":\"WebPage\",\"@id\":\"http:\\\/\\\/noticiasya.com\\\/midland-odessa\\\/2024\\\/09\\\/30\\\/fiscalia-venezuela-arresto-funcionarios-argentinos-trax\\\/\"},\"thumbnailUrl\":\"\",\"image\":{\"@type\":\"ImageObject\",\"url\":\"\"},\"articleSection\":\"Noticias Nacionales\",\"author\":[],\"creator\":[],\"publisher\":{\"@type\":\"Organization\",\"name\":\"Noticias\",\"logo\":\"\"},\"keywords\":[],\"dateCreated\":\"2024-09-30T21:04:02Z\",\"datePublished\":\"2024-09-30T21:04:02Z\",\"dateModified\":\"2024-09-30T21:04:02Z\"}<\/script>","tracker_url":"https:\/\/cdn.parsely.com\/keys\/noticiasya.com\/p.js"},"jetpack_featured_media_url":"","jetpack-related-posts":[{"id":1452973,"url":"https:\/\/noticiasya.com\/midland-odessa\/2024\/09\/23\/justicia-argentina-ordena-detencion-nicolas-maduro-venezuela-orix\/","url_meta":{"origin":1453229,"position":0},"title":"La Justicia de Argentina ordena la detenci\u00f3n del presidente de Venezuela, Nicol\u00e1s Maduro, en una causa por delitos de lesa humanidad","author":"","date":"septiembre 23, 2024","format":false,"excerpt":"(CNN Espa\u00f1ol) -- La Sala 1 de la C\u00e1mara Criminal y Correccional Federal de Argentina orden\u00f3 este lunes a un juzgado federal de ese pa\u00eds que ordene la inmediata detenci\u00f3n del presidente de Venezuela, Nicol\u00e1s Maduro y del ministro del Interior, Justicia y Paz, Diosdado Cabello, en el marco de\u2026","rel":"","context":"In &quot;Noticias Nacionales&quot;","block_context":{"text":"Noticias Nacionales","link":"https:\/\/noticiasya.com\/midland-odessa\/categoria\/noticias-nacionales"},"img":{"alt_text":"","src":"","width":0,"height":0},"classes":[]},{"id":1448028,"url":"https:\/\/noticiasya.com\/midland-odessa\/2024\/04\/12\/tareck-el-aissami-simon-zerpa-samark-lopez-detenidos-venezuela-orix\/","url_meta":{"origin":1453229,"position":1},"title":"Tareck El Aissami, Sim\u00f3n Zerpa y Samark L\u00f3pez seguir\u00e1n detenidos por orden de tribunal","author":"","date":"abril 12, 2024","format":false,"excerpt":"(CNN Espa\u00f1ol) \u2013\u2013 Un tribunal contra el terrorismo en Venezuela orden\u00f3 que los exfuncionarios Tareck El Aissami y Sim\u00f3n Zerpa y el empresario Samark L\u00f3pez permanezcan detenidos mientras son enjuiciados por cargos de traici\u00f3n a la patria y apropiaci\u00f3n del patrimonio p\u00fablico, inform\u00f3 el jueves el fiscal general Tarek William\u2026","rel":"","context":"In &quot;Noticias Nacionales&quot;","block_context":{"text":"Noticias Nacionales","link":"https:\/\/noticiasya.com\/midland-odessa\/categoria\/noticias-nacionales"},"img":{"alt_text":"","src":"","width":0,"height":0},"classes":[]},{"id":1469415,"url":"https:\/\/noticiasya.com\/midland-odessa\/2025\/12\/19\/lideres-opositores-venezuela-apoyo-politico-exilio-orix\/","url_meta":{"origin":1453229,"position":2},"title":"Estos l\u00edderes opositores tuvieron que dejar Venezuela: \u00bfqu\u00e9 pas\u00f3 con su apoyo pol\u00edtico despu\u00e9s?","author":"","date":"diciembre 19, 2025","format":false,"excerpt":"Desde su llegada a Oslo, donde fue galardonada con el Premio Nobel de la Paz 2025, Mar\u00eda Corina Machado insisti\u00f3 en que regresar\u00eda \u201cen el momento oportuno\u201d a Venezuela, pa\u00eds que dej\u00f3 la semana pasada, tras meses de vivir en la clandestinidad, en un viaje arriesgado en el que sufri\u00f3\u2026","rel":"","context":"In &quot;Noticias Nacionales&quot;","block_context":{"text":"Noticias Nacionales","link":"https:\/\/noticiasya.com\/midland-odessa\/categoria\/noticias-nacionales"},"img":{"alt_text":"","src":"","width":0,"height":0},"classes":[]},{"id":1444644,"url":"https:\/\/noticiasya.com\/midland-odessa\/2024\/01\/30\/la-fiscalia-de-mexico-dice-que-apelara-decision-de-juez-que-nego-la-detencion-de-aprehension-de-supuesto-implicado-en-el-asesinato-de-colosio-en-1994\/","url_meta":{"origin":1453229,"position":3},"title":"La Fiscal\u00eda de M\u00e9xico dice que apelar\u00e1 decisi\u00f3n de juez que neg\u00f3 la detenci\u00f3n de aprehensi\u00f3n de supuesto implicado en el asesinato de Colosio en 1994","author":"","date":"enero 30, 2024","format":false,"excerpt":"(CNN Espa\u00f1ol) -- La Fiscal\u00eda General de la Rep\u00fablica (FGR) inform\u00f3 este lunes que apelar\u00e1 la decisi\u00f3n de un juez que hace 20 d\u00edas desestim\u00f3 una orden de aprehensi\u00f3n solicitada contra un exintegrante de la entonces agencia de inteligencia de M\u00e9xico, que es se\u00f1alado como segundo atacante en el asesinato\u2026","rel":"","context":"In &quot;Noticias Nacionales&quot;","block_context":{"text":"Noticias Nacionales","link":"https:\/\/noticiasya.com\/midland-odessa\/categoria\/noticias-nacionales"},"img":{"alt_text":"","src":"","width":0,"height":0},"classes":[]},{"id":1451512,"url":"https:\/\/noticiasya.com\/midland-odessa\/2024\/07\/30\/costa-rica-ofrece-asilo-politico-lideres-opositores-venezuela-orix\/","url_meta":{"origin":1453229,"position":4},"title":"Costa Rica ofrece asilo pol\u00edtico a l\u00edderes opositores de Venezuela","author":"","date":"julio 30, 2024","format":false,"excerpt":"(CNN Espa\u00f1ol) --\u00a0El Gobierno de Costa Rica anunci\u00f3 este martes su disposici\u00f3n a ofrecer asilo pol\u00edtico a Mar\u00eda Corina Machado y a Edmundo Gonz\u00e1lez Urrutia, as\u00ed como a otros l\u00edderes de la oposici\u00f3n venezolana.El ministro de Relaciones Exteriores, Arnoldo Andr\u00e9 Tinoco, dijo que han sido informados de que existen \u00f3rdenes\u2026","rel":"","context":"In &quot;Noticias Nacionales&quot;","block_context":{"text":"Noticias Nacionales","link":"https:\/\/noticiasya.com\/midland-odessa\/categoria\/noticias-nacionales"},"img":{"alt_text":"","src":"","width":0,"height":0},"classes":[]},{"id":1467761,"url":"https:\/\/noticiasya.com\/midland-odessa\/2025\/10\/26\/javier-milei-trinfo-trump-temor-argentinos-desafio-analisis-orix\/","url_meta":{"origin":1453229,"position":5},"title":"Las claves del rotundo triunfo de Milei: la ayuda de Trump, el miedo de los argentinos \u00bfy un desaf\u00edo imposible?","author":"","date":"octubre 26, 2025","format":false,"excerpt":"Ni el propio Gobierno de Javier Milei supon\u00eda que festejar\u00eda tanto en la noche del domingo. La victoria en las elecciones legislativas en casi todas las provincias argentinas, incluida la determinante Buenos Aires, y el avance de su partido, La Libertad Avanza (LLA), en el Congreso fueron contundentes\u2026 mucho m\u00e1s\u2026","rel":"","context":"In &quot;Noticias Nacionales&quot;","block_context":{"text":"Noticias Nacionales","link":"https:\/\/noticiasya.com\/midland-odessa\/categoria\/noticias-nacionales"},"img":{"alt_text":"","src":"","width":0,"height":0},"classes":[]}],"jetpack_sharing_enabled":true,"_links":{"self":[{"href":"https:\/\/noticiasya.com\/midland-odessa\/wp-json\/wp\/v2\/posts\/1453229","targetHints":{"allow":["GET"]}}],"collection":[{"href":"https:\/\/noticiasya.com\/midland-odessa\/wp-json\/wp\/v2\/posts"}],"about":[{"href":"https:\/\/noticiasya.com\/midland-odessa\/wp-json\/wp\/v2\/types\/post"}],"replies":[{"embeddable":true,"href":"https:\/\/noticiasya.com\/midland-odessa\/wp-json\/wp\/v2\/comments?post=1453229"}],"version-history":[{"count":0,"href":"https:\/\/noticiasya.com\/midland-odessa\/wp-json\/wp\/v2\/posts\/1453229\/revisions"}],"wp:attachment":[{"href":"https:\/\/noticiasya.com\/midland-odessa\/wp-json\/wp\/v2\/media?parent=1453229"}],"wp:term":[{"taxonomy":"category","embeddable":true,"href":"https:\/\/noticiasya.com\/midland-odessa\/wp-json\/wp\/v2\/categories?post=1453229"},{"taxonomy":"post_tag","embeddable":true,"href":"https:\/\/noticiasya.com\/midland-odessa\/wp-json\/wp\/v2\/tags?post=1453229"}],"curies":[{"name":"wp","href":"https:\/\/api.w.org\/{rel}","templated":true}]}}