{"id":1453233,"date":"2024-09-30T16:03:47","date_gmt":"2024-09-30T23:03:47","guid":{"rendered":"https:\/\/noticiasya.com\/2024\/09\/30\/espana-identidad-cargos-ciudadanos-detenidos-venezuela-orix\/"},"modified":"2024-09-30T16:03:47","modified_gmt":"2024-09-30T23:03:47","slug":"espana-identidad-cargos-ciudadanos-detenidos-venezuela-orix","status":"publish","type":"post","link":"https:\/\/noticiasya.com\/midland-odessa\/2024\/09\/30\/espana-identidad-cargos-ciudadanos-detenidos-venezuela-orix\/","title":{"rendered":"Canciller de Espa\u00f1a asegura que lograron confirmar identidad y cargos contra dos ciudadanos del pa\u00eds detenidos en Venezuela"},"content":{"rendered":"<p>(CNN Espa\u00f1ol) \u2013\u2013 El Gobierno de Venezuela confirm\u00f3 la identidad y los cargos formulados contra dos ciudadanos espa\u00f1oles detenidos en el pa\u00eds sudamericano y que, seg\u00fan ha se\u00f1alado el Ministro de Interior y Justicia, Diosdado Cabello, presuntamente realizaban labores de espionaje en el marco de un plan conspirativo que habr\u00eda tenido como objetivo desestabilizar al Gobierno de Maduro e incluso cometer un magnicidio, afirm\u00f3 el canciller del Gobierno de Espa\u00f1a, Jos\u00e9 Manuel Albares, en una entrevista concedida este lunes a Cayalunya Radio.<\/p>\n<p>Los detenidos espa\u00f1oles son Jos\u00e9 Mar\u00eda Basoa Valdovinos y Andr\u00e9s Mart\u00ednez, quienes, seg\u00fan sus familiares, hab\u00edan viajado a Venezuela como turistas y han desestimado las acusaciones. CNN solicit\u00f3 mayores detalles al Ministerio de Relaciones Exteriores de Espa\u00f1a, sin hasta ahora haber recibido respuesta.<\/p>\n<p>Detienen a un cuarto estadounidense vinculado por el Gobierno de Maduro a supuesto \u201cplan contra Venezuela\u201d<\/p>\n<p>Sin ofrecer mayores detalles, el jefe de la diplomacia espa\u00f1ola detall\u00f3 que obtuvo la respuesta oficial de Venezuela a finales de la semana pasada y asegur\u00f3 que desde entonces comenzaron a ejercer la protecci\u00f3n diplom\u00e1tica y consular de Basoa Valdovinos y Mart\u00ednez Adasme para que ambos puedan regresar con sus familiares<\/p>\n<p>CNN se comunic\u00f3 con la Fiscal\u00eda General de Venezuela y con el Ministerio de Comunicaci\u00f3n para conocer mayores detalles y saber si cuentan con representaci\u00f3n legal, pero hasta ahora sin haber obtenido respuesta.<\/p>\n<p>Tanto Cabello como Maduro aseguraron que Basoa Valdovinos y Mart\u00ednez Adasme hab\u00edan sido presentados en tribunales, pero no precisaron la fecha y los cargos imputados.<\/p>\n<p>Ante la pregunta de los cargos que la habr\u00edan sido imputados, Albares evit\u00f3 responder por considerar que estas personas tienen derecho a la intimidad y el Ministerio de Exteriores a trabajar con tranquilidad. Eso s\u00ed, Albares insisti\u00f3 en que Basoa y Mart\u00ednez nada tienen que ver con el Gobierno espa\u00f1ol y mucho menos con el Centro Nacional de Inteligencia, como ha se\u00f1alado el ministro Cabello. Afirm\u00f3 adem\u00e1s que no deben quedar dudas de que ni su despacho ni \u00e9l personalmente escatimar\u00e1n en esfuerzos para liberarlos y lograr que se re\u00fanan pronto con sus familias.<\/p>\n<p>Estas tensiones se dan en el contexto del cuestionamiento que varios gobiernos hacen de los resultados de las elecciones presidenciales del 28 de julio en Venezuela, cuando el Consejo Nacional Electoral (CNE) declar\u00f3 ganador a Maduro en medio de se\u00f1alamientos de fraude. EE.UU., Espa\u00f1a y otras naciones han dicho que hay elementos que indican que el verdadero vencedor fue el opositor Edmundo Gonz\u00e1lez, y han exigido a las autoridades venezolanas que publiquen los resultados detallados de los comicios por centros y mesas de votaci\u00f3n.<\/p>\n<p>The-CNN-Wire<br \/>&trade; &amp; &copy; 2024 Cable News Network, Inc., a Warner Bros. Discovery Company. All rights reserved.<\/p>\n","protected":false},"excerpt":{"rendered":"<p>(CNN Espa\u00f1ol) \u2013\u2013 El Gobierno de Venezuela confirm\u00f3 la identidad y los cargos formulados contra dos ciudadanos espa\u00f1oles detenidos en el pa\u00eds sudamericano y que, seg\u00fan ha se\u00f1alado el Ministro de Interior y Justicia, Diosdado Cabello, presuntamente realizaban labores de espionaje en el marco de un plan conspirativo que habr\u00eda tenido como objetivo desestabilizar al [&hellip;]<\/p>\n","protected":false},"author":0,"featured_media":0,"comment_status":"open","ping_status":"open","sticky":false,"template":"","format":"standard","meta":{"_jetpack_memberships_contains_paid_content":false,"footnotes":""},"categories":[10],"tags":[],"class_list":["post-1453233","post","type-post","status-publish","format-standard","hentry","category-noticias-nacionales","market-global"],"yoast_head":"<!-- This site is optimized with the Yoast SEO plugin v24.4 - https:\/\/yoast.com\/wordpress\/plugins\/seo\/ -->\n<title>Canciller de Espa\u00f1a asegura que lograron confirmar identidad y cargos contra dos ciudadanos del pa\u00eds detenidos en Venezuela - Noticias<\/title>\n<meta name=\"robots\" content=\"index, follow, max-snippet:-1, max-image-preview:large, max-video-preview:-1\" \/>\n<link rel=\"canonical\" href=\"https:\/\/noticiasya.com\/2024\/09\/30\/espana-identidad-cargos-ciudadanos-detenidos-venezuela-orix\/\" \/>\n<meta property=\"og:locale\" content=\"es_ES\" \/>\n<meta property=\"og:type\" content=\"article\" \/>\n<meta property=\"og:title\" content=\"Canciller de Espa\u00f1a asegura que lograron confirmar identidad y cargos contra dos ciudadanos del pa\u00eds detenidos en Venezuela - Noticias\" \/>\n<meta property=\"og:description\" content=\"(CNN Espa\u00f1ol) \u2013\u2013 El Gobierno de Venezuela confirm\u00f3 la identidad y los cargos formulados contra dos ciudadanos espa\u00f1oles detenidos en el pa\u00eds sudamericano y que, seg\u00fan ha se\u00f1alado el Ministro de Interior y Justicia, Diosdado Cabello, presuntamente realizaban labores de espionaje en el marco de un plan conspirativo que habr\u00eda tenido como objetivo desestabilizar al [&hellip;]\" \/>\n<meta property=\"og:url\" content=\"https:\/\/noticiasya.com\/2024\/09\/30\/espana-identidad-cargos-ciudadanos-detenidos-venezuela-orix\/\" \/>\n<meta property=\"og:site_name\" content=\"Noticias\" \/>\n<meta property=\"article:published_time\" content=\"2024-09-30T23:03:47+00:00\" \/>\n<meta name=\"twitter:card\" content=\"summary_large_image\" \/>\n<meta name=\"twitter:label1\" content=\"Est. reading time\" \/>\n\t<meta name=\"twitter:data1\" content=\"2 minutos\" \/>\n<script type=\"application\/ld+json\" class=\"yoast-schema-graph\">{\"@context\":\"https:\/\/schema.org\",\"@graph\":[{\"@type\":\"Article\",\"@id\":\"https:\/\/noticiasya.com\/2024\/09\/30\/espana-identidad-cargos-ciudadanos-detenidos-venezuela-orix\/#article\",\"isPartOf\":{\"@id\":\"https:\/\/noticiasya.com\/2024\/09\/30\/espana-identidad-cargos-ciudadanos-detenidos-venezuela-orix\/\"},\"author\":{\"name\":\"\",\"@id\":\"\"},\"headline\":\"Canciller de Espa\u00f1a asegura que lograron confirmar identidad y cargos contra dos ciudadanos del pa\u00eds detenidos en Venezuela\",\"datePublished\":\"2024-09-30T23:03:47+00:00\",\"mainEntityOfPage\":{\"@id\":\"https:\/\/noticiasya.com\/2024\/09\/30\/espana-identidad-cargos-ciudadanos-detenidos-venezuela-orix\/\"},\"wordCount\":497,\"commentCount\":0,\"publisher\":{\"@id\":\"https:\/\/noticiasya.com\/#organization\"},\"articleSection\":[\"Noticias Nacionales\"],\"inLanguage\":\"es\",\"potentialAction\":[{\"@type\":\"CommentAction\",\"name\":\"Comment\",\"target\":[\"https:\/\/noticiasya.com\/2024\/09\/30\/espana-identidad-cargos-ciudadanos-detenidos-venezuela-orix\/#respond\"]}]},{\"@type\":\"WebPage\",\"@id\":\"https:\/\/noticiasya.com\/2024\/09\/30\/espana-identidad-cargos-ciudadanos-detenidos-venezuela-orix\/\",\"url\":\"https:\/\/noticiasya.com\/2024\/09\/30\/espana-identidad-cargos-ciudadanos-detenidos-venezuela-orix\/\",\"name\":\"Canciller de Espa\u00f1a asegura que lograron confirmar identidad y cargos contra dos ciudadanos del pa\u00eds detenidos en Venezuela - Noticias\",\"isPartOf\":{\"@id\":\"https:\/\/noticiasya.com\/#website\"},\"datePublished\":\"2024-09-30T23:03:47+00:00\",\"breadcrumb\":{\"@id\":\"https:\/\/noticiasya.com\/2024\/09\/30\/espana-identidad-cargos-ciudadanos-detenidos-venezuela-orix\/#breadcrumb\"},\"inLanguage\":\"es\",\"potentialAction\":[{\"@type\":\"ReadAction\",\"target\":[\"https:\/\/noticiasya.com\/2024\/09\/30\/espana-identidad-cargos-ciudadanos-detenidos-venezuela-orix\/\"]}]},{\"@type\":\"BreadcrumbList\",\"@id\":\"https:\/\/noticiasya.com\/2024\/09\/30\/espana-identidad-cargos-ciudadanos-detenidos-venezuela-orix\/#breadcrumb\",\"itemListElement\":[{\"@type\":\"ListItem\",\"position\":1,\"name\":\"Home\",\"item\":\"https:\/\/noticiasya.com\/\"},{\"@type\":\"ListItem\",\"position\":2,\"name\":\"Canciller de Espa\u00f1a asegura que lograron confirmar identidad y cargos contra dos ciudadanos del pa\u00eds detenidos en Venezuela\"}]},{\"@type\":\"WebSite\",\"@id\":\"https:\/\/noticiasya.com\/#website\",\"url\":\"https:\/\/noticiasya.com\/\",\"name\":\"Noticias\",\"description\":\"Lo que importa\",\"publisher\":{\"@id\":\"https:\/\/noticiasya.com\/#organization\"},\"potentialAction\":[{\"@type\":\"SearchAction\",\"target\":{\"@type\":\"EntryPoint\",\"urlTemplate\":\"https:\/\/noticiasya.com\/?s={search_term_string}\"},\"query-input\":{\"@type\":\"PropertyValueSpecification\",\"valueRequired\":true,\"valueName\":\"search_term_string\"}}],\"inLanguage\":\"es\"},{\"@type\":\"Organization\",\"@id\":\"https:\/\/noticiasya.com\/#organization\",\"name\":\"Noticias\",\"url\":\"https:\/\/noticiasya.com\/\",\"logo\":{\"@type\":\"ImageObject\",\"inLanguage\":\"es\",\"@id\":\"https:\/\/noticiasya.com\/#\/schema\/logo\/image\/\",\"url\":\"https:\/\/noticiasya.com\/wp-content\/uploads\/sites\/22\/2023\/12\/logo-nacional.png\",\"contentUrl\":\"https:\/\/noticiasya.com\/wp-content\/uploads\/sites\/22\/2023\/12\/logo-nacional.png\",\"width\":1801,\"height\":691,\"caption\":\"Noticias\"},\"image\":{\"@id\":\"https:\/\/noticiasya.com\/#\/schema\/logo\/image\/\"}}]}<\/script>\n<!-- \/ Yoast SEO plugin. -->","yoast_head_json":{"title":"Canciller de Espa\u00f1a asegura que lograron confirmar identidad y cargos contra dos ciudadanos del pa\u00eds detenidos en Venezuela - Noticias","robots":{"index":"index","follow":"follow","max-snippet":"max-snippet:-1","max-image-preview":"max-image-preview:large","max-video-preview":"max-video-preview:-1"},"canonical":"https:\/\/noticiasya.com\/2024\/09\/30\/espana-identidad-cargos-ciudadanos-detenidos-venezuela-orix\/","og_locale":"es_ES","og_type":"article","og_title":"Canciller de Espa\u00f1a asegura que lograron confirmar identidad y cargos contra dos ciudadanos del pa\u00eds detenidos en Venezuela - Noticias","og_description":"(CNN Espa\u00f1ol) \u2013\u2013 El Gobierno de Venezuela confirm\u00f3 la identidad y los cargos formulados contra dos ciudadanos espa\u00f1oles detenidos en el pa\u00eds sudamericano y que, seg\u00fan ha se\u00f1alado el Ministro de Interior y Justicia, Diosdado Cabello, presuntamente realizaban labores de espionaje en el marco de un plan conspirativo que habr\u00eda tenido como objetivo desestabilizar al [&hellip;]","og_url":"https:\/\/noticiasya.com\/2024\/09\/30\/espana-identidad-cargos-ciudadanos-detenidos-venezuela-orix\/","og_site_name":"Noticias","article_published_time":"2024-09-30T23:03:47+00:00","twitter_card":"summary_large_image","twitter_misc":{"Est. reading time":"2 minutos"},"schema":{"@context":"https:\/\/schema.org","@graph":[{"@type":"Article","@id":"https:\/\/noticiasya.com\/2024\/09\/30\/espana-identidad-cargos-ciudadanos-detenidos-venezuela-orix\/#article","isPartOf":{"@id":"https:\/\/noticiasya.com\/2024\/09\/30\/espana-identidad-cargos-ciudadanos-detenidos-venezuela-orix\/"},"author":{"name":"","@id":""},"headline":"Canciller de Espa\u00f1a asegura que lograron confirmar identidad y cargos contra dos ciudadanos del pa\u00eds detenidos en Venezuela","datePublished":"2024-09-30T23:03:47+00:00","mainEntityOfPage":{"@id":"https:\/\/noticiasya.com\/2024\/09\/30\/espana-identidad-cargos-ciudadanos-detenidos-venezuela-orix\/"},"wordCount":497,"commentCount":0,"publisher":{"@id":"https:\/\/noticiasya.com\/#organization"},"articleSection":["Noticias Nacionales"],"inLanguage":"es","potentialAction":[{"@type":"CommentAction","name":"Comment","target":["https:\/\/noticiasya.com\/2024\/09\/30\/espana-identidad-cargos-ciudadanos-detenidos-venezuela-orix\/#respond"]}]},{"@type":"WebPage","@id":"https:\/\/noticiasya.com\/2024\/09\/30\/espana-identidad-cargos-ciudadanos-detenidos-venezuela-orix\/","url":"https:\/\/noticiasya.com\/2024\/09\/30\/espana-identidad-cargos-ciudadanos-detenidos-venezuela-orix\/","name":"Canciller de Espa\u00f1a asegura que lograron confirmar identidad y cargos contra dos ciudadanos del pa\u00eds detenidos en Venezuela - Noticias","isPartOf":{"@id":"https:\/\/noticiasya.com\/#website"},"datePublished":"2024-09-30T23:03:47+00:00","breadcrumb":{"@id":"https:\/\/noticiasya.com\/2024\/09\/30\/espana-identidad-cargos-ciudadanos-detenidos-venezuela-orix\/#breadcrumb"},"inLanguage":"es","potentialAction":[{"@type":"ReadAction","target":["https:\/\/noticiasya.com\/2024\/09\/30\/espana-identidad-cargos-ciudadanos-detenidos-venezuela-orix\/"]}]},{"@type":"BreadcrumbList","@id":"https:\/\/noticiasya.com\/2024\/09\/30\/espana-identidad-cargos-ciudadanos-detenidos-venezuela-orix\/#breadcrumb","itemListElement":[{"@type":"ListItem","position":1,"name":"Home","item":"https:\/\/noticiasya.com\/"},{"@type":"ListItem","position":2,"name":"Canciller de Espa\u00f1a asegura que lograron confirmar identidad y cargos contra dos ciudadanos del pa\u00eds detenidos en Venezuela"}]},{"@type":"WebSite","@id":"https:\/\/noticiasya.com\/#website","url":"https:\/\/noticiasya.com\/","name":"Noticias","description":"Lo que importa","publisher":{"@id":"https:\/\/noticiasya.com\/#organization"},"potentialAction":[{"@type":"SearchAction","target":{"@type":"EntryPoint","urlTemplate":"https:\/\/noticiasya.com\/?s={search_term_string}"},"query-input":{"@type":"PropertyValueSpecification","valueRequired":true,"valueName":"search_term_string"}}],"inLanguage":"es"},{"@type":"Organization","@id":"https:\/\/noticiasya.com\/#organization","name":"Noticias","url":"https:\/\/noticiasya.com\/","logo":{"@type":"ImageObject","inLanguage":"es","@id":"https:\/\/noticiasya.com\/#\/schema\/logo\/image\/","url":"https:\/\/noticiasya.com\/wp-content\/uploads\/sites\/22\/2023\/12\/logo-nacional.png","contentUrl":"https:\/\/noticiasya.com\/wp-content\/uploads\/sites\/22\/2023\/12\/logo-nacional.png","width":1801,"height":691,"caption":"Noticias"},"image":{"@id":"https:\/\/noticiasya.com\/#\/schema\/logo\/image\/"}}]}},"parsely":{"version":"1.1.0","canonical_url":"https:\/\/noticiasya.com\/midland-odessa\/2024\/09\/30\/espana-identidad-cargos-ciudadanos-detenidos-venezuela-orix\/","smart_links":{"inbound":0,"outbound":0},"traffic_boost_suggestions_count":0,"meta":{"@context":"https:\/\/schema.org","@type":"NewsArticle","headline":"Canciller de Espa\u00f1a asegura que lograron confirmar identidad y cargos contra dos ciudadanos del pa\u00eds detenidos en Venezuela","url":"http:\/\/noticiasya.com\/midland-odessa\/2024\/09\/30\/espana-identidad-cargos-ciudadanos-detenidos-venezuela-orix\/","mainEntityOfPage":{"@type":"WebPage","@id":"http:\/\/noticiasya.com\/midland-odessa\/2024\/09\/30\/espana-identidad-cargos-ciudadanos-detenidos-venezuela-orix\/"},"thumbnailUrl":"","image":{"@type":"ImageObject","url":""},"articleSection":"Noticias Nacionales","author":[],"creator":[],"publisher":{"@type":"Organization","name":"Noticias","logo":""},"keywords":[],"dateCreated":"2024-09-30T23:03:47Z","datePublished":"2024-09-30T23:03:47Z","dateModified":"2024-09-30T23:03:47Z"},"rendered":"<script type=\"application\/ld+json\" class=\"wp-parsely-metadata\">{\"@context\":\"https:\\\/\\\/schema.org\",\"@type\":\"NewsArticle\",\"headline\":\"Canciller de Espa\\u00f1a asegura que lograron confirmar identidad y cargos contra dos ciudadanos del pa\\u00eds detenidos en Venezuela\",\"url\":\"http:\\\/\\\/noticiasya.com\\\/midland-odessa\\\/2024\\\/09\\\/30\\\/espana-identidad-cargos-ciudadanos-detenidos-venezuela-orix\\\/\",\"mainEntityOfPage\":{\"@type\":\"WebPage\",\"@id\":\"http:\\\/\\\/noticiasya.com\\\/midland-odessa\\\/2024\\\/09\\\/30\\\/espana-identidad-cargos-ciudadanos-detenidos-venezuela-orix\\\/\"},\"thumbnailUrl\":\"\",\"image\":{\"@type\":\"ImageObject\",\"url\":\"\"},\"articleSection\":\"Noticias Nacionales\",\"author\":[],\"creator\":[],\"publisher\":{\"@type\":\"Organization\",\"name\":\"Noticias\",\"logo\":\"\"},\"keywords\":[],\"dateCreated\":\"2024-09-30T23:03:47Z\",\"datePublished\":\"2024-09-30T23:03:47Z\",\"dateModified\":\"2024-09-30T23:03:47Z\"}<\/script>","tracker_url":"https:\/\/cdn.parsely.com\/keys\/noticiasya.com\/p.js"},"jetpack_featured_media_url":"","jetpack-related-posts":[{"id":1454937,"url":"https:\/\/noticiasya.com\/midland-odessa\/2024\/10\/04\/espana-ofrecera-proteccion-consular-ciudadanos-detenidos-venezuela-orix\/","url_meta":{"origin":1453233,"position":0},"title":"Espa\u00f1a ofrecer\u00e1 protecci\u00f3n consular a dos ciudadanos detenidos en Venezuela","author":"","date":"octubre 4, 2024","format":false,"excerpt":"(CNN Espa\u00f1ol) -- El canciller espa\u00f1ol, Jos\u00e9 Manuel Albares, inform\u00f3 este viernes en la Comisi\u00f3n de Asuntos Exteriores del Congreso de los Diputados que recibi\u00f3 en horas de la ma\u00f1ana una notificaci\u00f3n verbal de Venezuela por la que se permite a Espa\u00f1a ejercer \u201cprotecci\u00f3n consular\u201d a los dos connacionales detenidos\u2026","rel":"","context":"In &quot;Noticias Nacionales&quot;","block_context":{"text":"Noticias Nacionales","link":"https:\/\/noticiasya.com\/midland-odessa\/categoria\/noticias-nacionales"},"img":{"alt_text":"","src":"","width":0,"height":0},"classes":[]},{"id":1469908,"url":"https:\/\/noticiasya.com\/midland-odessa\/2026\/01\/08\/quien-son-presos-politicos-liberados-venezuela-orix\/","url_meta":{"origin":1453233,"position":1},"title":"Qui\u00e9n es qui\u00e9n entre los presos pol\u00edticos liberados en Venezuela","author":"","date":"enero 8, 2026","format":false,"excerpt":"El Gobierno de la presidenta encargada de Venezuela, Delcy Rodr\u00edguez, anunci\u00f3 este jueves la excarcelaci\u00f3n de \u201cun n\u00famero importante\u201d de presos pol\u00edticos, tanto venezolanos como extranjeros, cinco d\u00edas despu\u00e9s de la captura de Nicol\u00e1s Maduro y su esposa, Cilia Flores, en un operativo militar de Estados Unidos.El anuncio lo hizo\u2026","rel":"","context":"In &quot;Noticias Nacionales&quot;","block_context":{"text":"Noticias Nacionales","link":"https:\/\/noticiasya.com\/midland-odessa\/categoria\/noticias-nacionales"},"img":{"alt_text":"","src":"","width":0,"height":0},"classes":[]},{"id":1452693,"url":"https:\/\/noticiasya.com\/midland-odessa\/2024\/09\/14\/venezuela-dice-que-un-infante-de-marina-de-ee-uu-esta-entre-los-extranjeros-detenidos-por-una-supuesta-operacion-de-la-cia-para-matar-a-maduro\/","url_meta":{"origin":1453233,"position":2},"title":"Venezuela afirma que un infante de Marina de EE.UU. est\u00e1 entre los extranjeros detenidos por una supuesta &#171;operaci\u00f3n&#187; de la CIA para matar a Maduro","author":"","date":"septiembre 14, 2024","format":false,"excerpt":"(CNN) -- Venezuela inform\u00f3 que detuvo a seis extranjeros, incluido un infante de Marina de Estados Unidos, por un supuesto complot para \u201cdesestabilizar\u201d el pa\u00eds que ha estado en crisis desde las elecciones disputadas a principios de este a\u00f1o.El ministro del Interior de Venezuela, Diosdado Cabello, afirm\u00f3 que el supuesto\u2026","rel":"","context":"In &quot;Noticias Nacionales&quot;","block_context":{"text":"Noticias Nacionales","link":"https:\/\/noticiasya.com\/midland-odessa\/categoria\/noticias-nacionales"},"img":{"alt_text":"","src":"","width":0,"height":0},"classes":[]},{"id":1458095,"url":"https:\/\/noticiasya.com\/midland-odessa\/2025\/01\/31\/liberan-estadounidenses-detenidos-venezuela-orix\/","url_meta":{"origin":1453233,"position":3},"title":"Liberan a seis estadounidenses que estaban detenidos en Venezuela","author":"","date":"enero 31, 2025","format":false,"excerpt":"Seis ciudadanos estadounidenses que estaban detenidos en Venezuela fueron liberados este viernes tras la reuni\u00f3n que sostuvieron Richard Grenell, enviado especial del presidente de Estados Unidos, Donald Trump, y el mandatario Nicol\u00e1s Maduro en el palacio presidencial de Miraflores en Caracas, inform\u00f3 el propio Trump en una publicaci\u00f3n de X.Poco\u2026","rel":"","context":"In &quot;Noticias Nacionales&quot;","block_context":{"text":"Noticias Nacionales","link":"https:\/\/noticiasya.com\/midland-odessa\/categoria\/noticias-nacionales"},"img":{"alt_text":"","src":"","width":0,"height":0},"classes":[]},{"id":1452862,"url":"https:\/\/noticiasya.com\/midland-odessa\/2024\/09\/19\/edmundo-gonzalez-niega-coaccionado-espana-venezuela-orix\/","url_meta":{"origin":1453233,"position":4},"title":"Edmundo Gonz\u00e1lez niega haber sido coaccionado por funcionarios de Espa\u00f1a y agradece las gestiones para su salida de Venezuela","author":"","date":"septiembre 19, 2024","format":false,"excerpt":"(CNN Espa\u00f1ol) --\u00a0El candidato presidencial de la mayor\u00eda opositora venezolana, Edmundo Gonz\u00e1lez Urrutia, neg\u00f3 este jueves haber sido coaccionado por funcionarios de Espa\u00f1a cuando estuvo en la embajada de ese pa\u00eds en Caracas, como se\u00f1al\u00f3 el l\u00edder del opositor Partido Popular espa\u00f1ol (PP), Alberto N\u00fa\u00f1ez Feij\u00f3o.\u201cNo he sido coaccionado ni\u2026","rel":"","context":"In &quot;Noticias Nacionales&quot;","block_context":{"text":"Noticias Nacionales","link":"https:\/\/noticiasya.com\/midland-odessa\/categoria\/noticias-nacionales"},"img":{"alt_text":"","src":"","width":0,"height":0},"classes":[]},{"id":1451823,"url":"https:\/\/noticiasya.com\/midland-odessa\/2024\/08\/13\/espana-intereses-republica-dominicana-en-venezuela-orix\/","url_meta":{"origin":1453233,"position":5},"title":"Espa\u00f1a asume intereses internacionales de Rep\u00fablica Dominicana en Venezuela","author":"","date":"agosto 13, 2024","format":false,"excerpt":"(CNN Espa\u00f1ol) -- Espa\u00f1a asume los intereses internacionales de Rep\u00fablica Dominicana a partir del lunes, anunci\u00f3 este martes el ministro de Asuntos Exteriores, Jos\u00e9 Manuel Albares, tras la decisi\u00f3n de Nicol\u00e1s Maduro de expulsar al personal diplom\u00e1tico dominicano de Caracas. \"Espa\u00f1a siempre estar\u00e1 al lado de los pa\u00edses y los\u2026","rel":"","context":"In &quot;Noticias Nacionales&quot;","block_context":{"text":"Noticias Nacionales","link":"https:\/\/noticiasya.com\/midland-odessa\/categoria\/noticias-nacionales"},"img":{"alt_text":"","src":"","width":0,"height":0},"classes":[]}],"jetpack_sharing_enabled":true,"_links":{"self":[{"href":"https:\/\/noticiasya.com\/midland-odessa\/wp-json\/wp\/v2\/posts\/1453233","targetHints":{"allow":["GET"]}}],"collection":[{"href":"https:\/\/noticiasya.com\/midland-odessa\/wp-json\/wp\/v2\/posts"}],"about":[{"href":"https:\/\/noticiasya.com\/midland-odessa\/wp-json\/wp\/v2\/types\/post"}],"replies":[{"embeddable":true,"href":"https:\/\/noticiasya.com\/midland-odessa\/wp-json\/wp\/v2\/comments?post=1453233"}],"version-history":[{"count":0,"href":"https:\/\/noticiasya.com\/midland-odessa\/wp-json\/wp\/v2\/posts\/1453233\/revisions"}],"wp:attachment":[{"href":"https:\/\/noticiasya.com\/midland-odessa\/wp-json\/wp\/v2\/media?parent=1453233"}],"wp:term":[{"taxonomy":"category","embeddable":true,"href":"https:\/\/noticiasya.com\/midland-odessa\/wp-json\/wp\/v2\/categories?post=1453233"},{"taxonomy":"post_tag","embeddable":true,"href":"https:\/\/noticiasya.com\/midland-odessa\/wp-json\/wp\/v2\/tags?post=1453233"}],"curies":[{"name":"wp","href":"https:\/\/api.w.org\/{rel}","templated":true}]}}