{"id":1453234,"date":"2024-09-30T16:03:47","date_gmt":"2024-09-30T23:03:47","guid":{"rendered":"https:\/\/noticiasya.com\/2024\/09\/30\/rwanda-primer-brote-enfermedad-virus-marburgo-trax\/"},"modified":"2024-09-30T16:03:47","modified_gmt":"2024-09-30T23:03:47","slug":"rwanda-primer-brote-enfermedad-virus-marburgo-trax","status":"publish","type":"post","link":"https:\/\/noticiasya.com\/midland-odessa\/2024\/09\/30\/rwanda-primer-brote-enfermedad-virus-marburgo-trax\/","title":{"rendered":"Rwanda se enfrenta a su primer brote de la mortal enfermedad por el virus de Marburgo"},"content":{"rendered":"<p>(CNN) &#8212; Las autoridades sanitarias de Rwanda est\u00e1n haciendo frente por primera vez en su historia a un brote de la enfermedad por el virus de Marburgo, una enfermedad hemorr\u00e1gica poco frecuente pero mortal, similar al \u00e9bola, pero que, a diferencia de \u00e9ste, no tiene tratamiento ni vacunas y presenta una tasa de letalidad del 88%.<\/p>\n<p>Hasta ahora, 26 personas han enfermado, 18 est\u00e1n en tratamiento y ocho han muerto en el brote, seg\u00fan el Ministerio de Sanidad.<\/p>\n<p>La Organizaci\u00f3n Mundial de la Salud, adem\u00e1s de enviar suministros m\u00e9dicos, declar\u00f3 durante el fin de semana que desplegar\u00e1 en Rwanda un equipo de siete expertos mundiales en enfermedades hemorr\u00e1gicas que podr\u00e1n orientar a los expertos en salud p\u00fablica sobre el terreno. Los Centros para el Control y la Prevenci\u00f3n de Enfermedades de EE.UU. (CDC, por sus siglas en ingl\u00e9s) dijeron el lunes que tambi\u00e9n enviar\u00e1n expertos a Rwanda para ayudar en los esfuerzos de pruebas y rastreo de contactos.<\/p>\n<p>\u00bfQu\u00e9 debes saber sobre el virus de Marburgo? La explicaci\u00f3n de nuestra analista m\u00e9dica<\/p>\n<p>No hay casos de Marburgo en Estados Unidos, y el riesgo para los estadounidenses con este brote es bajo.<\/p>\n<p>Los CDC afirmaron que est\u00e1n presentes en Rwanda desde 2002 y que han colaborado estrechamente para ayudar al pa\u00eds a reforzar su sistema sanitario.<\/p>\n<p>A diferencia de otros pa\u00edses del \u00c1frica subsahariana que se han enfrentado a la enfermedad por el virus de Marburgo, Rwanda cuenta con un s\u00f3lido sistema de salud p\u00fablica, seg\u00fan la OMS.<\/p>\n<p>&#171;Teniendo en cuenta que el pa\u00eds ya cuenta con un s\u00f3lido sistema de respuesta a las emergencias de salud p\u00fablica, la OMS est\u00e1 colaborando estrechamente con las autoridades nacionales para proporcionar el apoyo necesario para mejorar a\u00fan m\u00e1s los esfuerzos en curso&#187;, declar\u00f3 el Dr. Matshidiso Moeti, director regional de la OMS para \u00c1frica.<\/p>\n<p>El Dr. Brian Chirombo, representante de la OMS en Rwanda, dijo el domingo que cree que el pa\u00eds tiene &#171;la capacidad y la habilidad para detener este brote muy r\u00e1pidamente&#187;.<\/p>\n<p>El Ministerio de Sanidad de Rwanda dijo el domingo que se permite a la gente continuar con sus actividades cotidianas, y el gobierno est\u00e1 animando a la poblaci\u00f3n a no dejarse llevar por el p\u00e1nico, ya que los funcionarios creen que han identificado todos los focos de la enfermedad y est\u00e1n tomando las medidas pertinentes para evitar que se propague.<\/p>\n<p>El virus se ha extendido a siete de los 30 distritos del pa\u00eds. M\u00e1s de 100 personas que han estado en contacto con personas infectadas est\u00e1n siendo vigiladas o en aislamiento, seg\u00fan el ministerio. Muchos de los que se han enfermado son trabajadores sanitarios.<\/p>\n<p>El virus de Marburgo pertenece al g\u00e9nero orthomarburgvirus, un virus que se da de forma natural en los murci\u00e9lagos frug\u00edvoros. Es de la misma familia que el virus del \u00c9bola.<\/p>\n<p>El virus puede propagarse de humano a humano cuando alguien entra en contacto con fluidos corporales de una persona infectada. Las personas tambi\u00e9n pueden enfermarse tras manipular la ropa o la ropa de cama de un paciente.<\/p>\n<p>Los CDC advierten a los m\u00e9dicos que est\u00e9n alerta ante el virus de Marburgo, tras brotes en dos pa\u00edses africanos<\/p>\n<p>No es un virus que se transmita por el aire como el coronavirus que causa el covid-19, por lo que resulta un poco m\u00e1s f\u00e1cil de controlar, dicen los expertos.<\/p>\n<p>Los s\u00edntomas pueden tardar hasta tres semanas en desarrollarse despu\u00e9s de que alguien haya estado expuesto al virus.<\/p>\n<p>La enfermedad suele comenzar con una erupci\u00f3n cut\u00e1nea y fiebre. Las personas pueden vomitar y tener fuertes dolores de cabeza y musculares. En los casos graves, las personas infectadas pueden sangrar por la nariz, las enc\u00edas y los ojos, y las hemorragias internas se manifiestan como sangre en el v\u00f3mito, la orina y las heces. La p\u00e9rdida grave de sangre puede causar shock y la muerte.<\/p>\n<p>Los cient\u00edficos est\u00e1n trabajando para desarrollar vacunas y tratamientos, pero actualmente los cuidados de apoyo consisten en reposo y l\u00edquidos.<\/p>\n<p>The-CNN-Wire<br \/>&trade; &amp; &copy; 2024 Cable News Network, Inc., a Warner Bros. Discovery Company. All rights reserved.<\/p>\n","protected":false},"excerpt":{"rendered":"<p>(CNN) &#8212; Las autoridades sanitarias de Rwanda est\u00e1n haciendo frente por primera vez en su historia a un brote de la enfermedad por el virus de Marburgo, una enfermedad hemorr\u00e1gica poco frecuente pero mortal, similar al \u00e9bola, pero que, a diferencia de \u00e9ste, no tiene tratamiento ni vacunas y presenta una tasa de letalidad del [&hellip;]<\/p>\n","protected":false},"author":0,"featured_media":0,"comment_status":"open","ping_status":"open","sticky":false,"template":"","format":"standard","meta":{"_jetpack_memberships_contains_paid_content":false,"footnotes":""},"categories":[10],"tags":[],"class_list":["post-1453234","post","type-post","status-publish","format-standard","hentry","category-noticias-nacionales","market-global"],"yoast_head":"<!-- This site is optimized with the Yoast SEO plugin v24.4 - https:\/\/yoast.com\/wordpress\/plugins\/seo\/ -->\n<title>Rwanda se enfrenta a su primer brote de la mortal enfermedad por el virus de Marburgo - Noticias<\/title>\n<meta name=\"robots\" content=\"index, follow, max-snippet:-1, max-image-preview:large, max-video-preview:-1\" \/>\n<link rel=\"canonical\" href=\"https:\/\/noticiasya.com\/2024\/09\/30\/rwanda-primer-brote-enfermedad-virus-marburgo-trax\/\" \/>\n<meta property=\"og:locale\" content=\"es_ES\" \/>\n<meta property=\"og:type\" content=\"article\" \/>\n<meta property=\"og:title\" content=\"Rwanda se enfrenta a su primer brote de la mortal enfermedad por el virus de Marburgo - Noticias\" \/>\n<meta property=\"og:description\" content=\"(CNN) &#8212; Las autoridades sanitarias de Rwanda est\u00e1n haciendo frente por primera vez en su historia a un brote de la enfermedad por el virus de Marburgo, una enfermedad hemorr\u00e1gica poco frecuente pero mortal, similar al \u00e9bola, pero que, a diferencia de \u00e9ste, no tiene tratamiento ni vacunas y presenta una tasa de letalidad del [&hellip;]\" \/>\n<meta property=\"og:url\" content=\"https:\/\/noticiasya.com\/2024\/09\/30\/rwanda-primer-brote-enfermedad-virus-marburgo-trax\/\" \/>\n<meta property=\"og:site_name\" content=\"Noticias\" \/>\n<meta property=\"article:published_time\" content=\"2024-09-30T23:03:47+00:00\" \/>\n<meta name=\"twitter:card\" content=\"summary_large_image\" \/>\n<meta name=\"twitter:label1\" content=\"Est. reading time\" \/>\n\t<meta name=\"twitter:data1\" content=\"4 minutos\" \/>\n<script type=\"application\/ld+json\" class=\"yoast-schema-graph\">{\"@context\":\"https:\/\/schema.org\",\"@graph\":[{\"@type\":\"Article\",\"@id\":\"https:\/\/noticiasya.com\/2024\/09\/30\/rwanda-primer-brote-enfermedad-virus-marburgo-trax\/#article\",\"isPartOf\":{\"@id\":\"https:\/\/noticiasya.com\/2024\/09\/30\/rwanda-primer-brote-enfermedad-virus-marburgo-trax\/\"},\"author\":{\"name\":\"\",\"@id\":\"\"},\"headline\":\"Rwanda se enfrenta a su primer brote de la mortal enfermedad por el virus de Marburgo\",\"datePublished\":\"2024-09-30T23:03:47+00:00\",\"mainEntityOfPage\":{\"@id\":\"https:\/\/noticiasya.com\/2024\/09\/30\/rwanda-primer-brote-enfermedad-virus-marburgo-trax\/\"},\"wordCount\":738,\"commentCount\":0,\"publisher\":{\"@id\":\"https:\/\/noticiasya.com\/#organization\"},\"articleSection\":[\"Noticias Nacionales\"],\"inLanguage\":\"es\",\"potentialAction\":[{\"@type\":\"CommentAction\",\"name\":\"Comment\",\"target\":[\"https:\/\/noticiasya.com\/2024\/09\/30\/rwanda-primer-brote-enfermedad-virus-marburgo-trax\/#respond\"]}]},{\"@type\":\"WebPage\",\"@id\":\"https:\/\/noticiasya.com\/2024\/09\/30\/rwanda-primer-brote-enfermedad-virus-marburgo-trax\/\",\"url\":\"https:\/\/noticiasya.com\/2024\/09\/30\/rwanda-primer-brote-enfermedad-virus-marburgo-trax\/\",\"name\":\"Rwanda se enfrenta a su primer brote de la mortal enfermedad por el virus de Marburgo - Noticias\",\"isPartOf\":{\"@id\":\"https:\/\/noticiasya.com\/#website\"},\"datePublished\":\"2024-09-30T23:03:47+00:00\",\"breadcrumb\":{\"@id\":\"https:\/\/noticiasya.com\/2024\/09\/30\/rwanda-primer-brote-enfermedad-virus-marburgo-trax\/#breadcrumb\"},\"inLanguage\":\"es\",\"potentialAction\":[{\"@type\":\"ReadAction\",\"target\":[\"https:\/\/noticiasya.com\/2024\/09\/30\/rwanda-primer-brote-enfermedad-virus-marburgo-trax\/\"]}]},{\"@type\":\"BreadcrumbList\",\"@id\":\"https:\/\/noticiasya.com\/2024\/09\/30\/rwanda-primer-brote-enfermedad-virus-marburgo-trax\/#breadcrumb\",\"itemListElement\":[{\"@type\":\"ListItem\",\"position\":1,\"name\":\"Home\",\"item\":\"https:\/\/noticiasya.com\/\"},{\"@type\":\"ListItem\",\"position\":2,\"name\":\"Rwanda se enfrenta a su primer brote de la mortal enfermedad por el virus de Marburgo\"}]},{\"@type\":\"WebSite\",\"@id\":\"https:\/\/noticiasya.com\/#website\",\"url\":\"https:\/\/noticiasya.com\/\",\"name\":\"Noticias\",\"description\":\"Lo que importa\",\"publisher\":{\"@id\":\"https:\/\/noticiasya.com\/#organization\"},\"potentialAction\":[{\"@type\":\"SearchAction\",\"target\":{\"@type\":\"EntryPoint\",\"urlTemplate\":\"https:\/\/noticiasya.com\/?s={search_term_string}\"},\"query-input\":{\"@type\":\"PropertyValueSpecification\",\"valueRequired\":true,\"valueName\":\"search_term_string\"}}],\"inLanguage\":\"es\"},{\"@type\":\"Organization\",\"@id\":\"https:\/\/noticiasya.com\/#organization\",\"name\":\"Noticias\",\"url\":\"https:\/\/noticiasya.com\/\",\"logo\":{\"@type\":\"ImageObject\",\"inLanguage\":\"es\",\"@id\":\"https:\/\/noticiasya.com\/#\/schema\/logo\/image\/\",\"url\":\"https:\/\/noticiasya.com\/wp-content\/uploads\/sites\/22\/2023\/12\/logo-nacional.png\",\"contentUrl\":\"https:\/\/noticiasya.com\/wp-content\/uploads\/sites\/22\/2023\/12\/logo-nacional.png\",\"width\":1801,\"height\":691,\"caption\":\"Noticias\"},\"image\":{\"@id\":\"https:\/\/noticiasya.com\/#\/schema\/logo\/image\/\"}}]}<\/script>\n<!-- \/ Yoast SEO plugin. -->","yoast_head_json":{"title":"Rwanda se enfrenta a su primer brote de la mortal enfermedad por el virus de Marburgo - Noticias","robots":{"index":"index","follow":"follow","max-snippet":"max-snippet:-1","max-image-preview":"max-image-preview:large","max-video-preview":"max-video-preview:-1"},"canonical":"https:\/\/noticiasya.com\/2024\/09\/30\/rwanda-primer-brote-enfermedad-virus-marburgo-trax\/","og_locale":"es_ES","og_type":"article","og_title":"Rwanda se enfrenta a su primer brote de la mortal enfermedad por el virus de Marburgo - Noticias","og_description":"(CNN) &#8212; Las autoridades sanitarias de Rwanda est\u00e1n haciendo frente por primera vez en su historia a un brote de la enfermedad por el virus de Marburgo, una enfermedad hemorr\u00e1gica poco frecuente pero mortal, similar al \u00e9bola, pero que, a diferencia de \u00e9ste, no tiene tratamiento ni vacunas y presenta una tasa de letalidad del [&hellip;]","og_url":"https:\/\/noticiasya.com\/2024\/09\/30\/rwanda-primer-brote-enfermedad-virus-marburgo-trax\/","og_site_name":"Noticias","article_published_time":"2024-09-30T23:03:47+00:00","twitter_card":"summary_large_image","twitter_misc":{"Est. reading time":"4 minutos"},"schema":{"@context":"https:\/\/schema.org","@graph":[{"@type":"Article","@id":"https:\/\/noticiasya.com\/2024\/09\/30\/rwanda-primer-brote-enfermedad-virus-marburgo-trax\/#article","isPartOf":{"@id":"https:\/\/noticiasya.com\/2024\/09\/30\/rwanda-primer-brote-enfermedad-virus-marburgo-trax\/"},"author":{"name":"","@id":""},"headline":"Rwanda se enfrenta a su primer brote de la mortal enfermedad por el virus de Marburgo","datePublished":"2024-09-30T23:03:47+00:00","mainEntityOfPage":{"@id":"https:\/\/noticiasya.com\/2024\/09\/30\/rwanda-primer-brote-enfermedad-virus-marburgo-trax\/"},"wordCount":738,"commentCount":0,"publisher":{"@id":"https:\/\/noticiasya.com\/#organization"},"articleSection":["Noticias Nacionales"],"inLanguage":"es","potentialAction":[{"@type":"CommentAction","name":"Comment","target":["https:\/\/noticiasya.com\/2024\/09\/30\/rwanda-primer-brote-enfermedad-virus-marburgo-trax\/#respond"]}]},{"@type":"WebPage","@id":"https:\/\/noticiasya.com\/2024\/09\/30\/rwanda-primer-brote-enfermedad-virus-marburgo-trax\/","url":"https:\/\/noticiasya.com\/2024\/09\/30\/rwanda-primer-brote-enfermedad-virus-marburgo-trax\/","name":"Rwanda se enfrenta a su primer brote de la mortal enfermedad por el virus de Marburgo - Noticias","isPartOf":{"@id":"https:\/\/noticiasya.com\/#website"},"datePublished":"2024-09-30T23:03:47+00:00","breadcrumb":{"@id":"https:\/\/noticiasya.com\/2024\/09\/30\/rwanda-primer-brote-enfermedad-virus-marburgo-trax\/#breadcrumb"},"inLanguage":"es","potentialAction":[{"@type":"ReadAction","target":["https:\/\/noticiasya.com\/2024\/09\/30\/rwanda-primer-brote-enfermedad-virus-marburgo-trax\/"]}]},{"@type":"BreadcrumbList","@id":"https:\/\/noticiasya.com\/2024\/09\/30\/rwanda-primer-brote-enfermedad-virus-marburgo-trax\/#breadcrumb","itemListElement":[{"@type":"ListItem","position":1,"name":"Home","item":"https:\/\/noticiasya.com\/"},{"@type":"ListItem","position":2,"name":"Rwanda se enfrenta a su primer brote de la mortal enfermedad por el virus de Marburgo"}]},{"@type":"WebSite","@id":"https:\/\/noticiasya.com\/#website","url":"https:\/\/noticiasya.com\/","name":"Noticias","description":"Lo que importa","publisher":{"@id":"https:\/\/noticiasya.com\/#organization"},"potentialAction":[{"@type":"SearchAction","target":{"@type":"EntryPoint","urlTemplate":"https:\/\/noticiasya.com\/?s={search_term_string}"},"query-input":{"@type":"PropertyValueSpecification","valueRequired":true,"valueName":"search_term_string"}}],"inLanguage":"es"},{"@type":"Organization","@id":"https:\/\/noticiasya.com\/#organization","name":"Noticias","url":"https:\/\/noticiasya.com\/","logo":{"@type":"ImageObject","inLanguage":"es","@id":"https:\/\/noticiasya.com\/#\/schema\/logo\/image\/","url":"https:\/\/noticiasya.com\/wp-content\/uploads\/sites\/22\/2023\/12\/logo-nacional.png","contentUrl":"https:\/\/noticiasya.com\/wp-content\/uploads\/sites\/22\/2023\/12\/logo-nacional.png","width":1801,"height":691,"caption":"Noticias"},"image":{"@id":"https:\/\/noticiasya.com\/#\/schema\/logo\/image\/"}}]}},"parsely":{"version":"1.1.0","canonical_url":"https:\/\/noticiasya.com\/midland-odessa\/2024\/09\/30\/rwanda-primer-brote-enfermedad-virus-marburgo-trax\/","smart_links":{"inbound":0,"outbound":0},"traffic_boost_suggestions_count":0,"meta":{"@context":"https:\/\/schema.org","@type":"NewsArticle","headline":"Rwanda se enfrenta a su primer brote de la mortal enfermedad por el virus de Marburgo","url":"http:\/\/noticiasya.com\/midland-odessa\/2024\/09\/30\/rwanda-primer-brote-enfermedad-virus-marburgo-trax\/","mainEntityOfPage":{"@type":"WebPage","@id":"http:\/\/noticiasya.com\/midland-odessa\/2024\/09\/30\/rwanda-primer-brote-enfermedad-virus-marburgo-trax\/"},"thumbnailUrl":"","image":{"@type":"ImageObject","url":""},"articleSection":"Noticias Nacionales","author":[],"creator":[],"publisher":{"@type":"Organization","name":"Noticias","logo":""},"keywords":[],"dateCreated":"2024-09-30T23:03:47Z","datePublished":"2024-09-30T23:03:47Z","dateModified":"2024-09-30T23:03:47Z"},"rendered":"<script type=\"application\/ld+json\" class=\"wp-parsely-metadata\">{\"@context\":\"https:\\\/\\\/schema.org\",\"@type\":\"NewsArticle\",\"headline\":\"Rwanda se enfrenta a su primer brote de la mortal enfermedad por el virus de Marburgo\",\"url\":\"http:\\\/\\\/noticiasya.com\\\/midland-odessa\\\/2024\\\/09\\\/30\\\/rwanda-primer-brote-enfermedad-virus-marburgo-trax\\\/\",\"mainEntityOfPage\":{\"@type\":\"WebPage\",\"@id\":\"http:\\\/\\\/noticiasya.com\\\/midland-odessa\\\/2024\\\/09\\\/30\\\/rwanda-primer-brote-enfermedad-virus-marburgo-trax\\\/\"},\"thumbnailUrl\":\"\",\"image\":{\"@type\":\"ImageObject\",\"url\":\"\"},\"articleSection\":\"Noticias Nacionales\",\"author\":[],\"creator\":[],\"publisher\":{\"@type\":\"Organization\",\"name\":\"Noticias\",\"logo\":\"\"},\"keywords\":[],\"dateCreated\":\"2024-09-30T23:03:47Z\",\"datePublished\":\"2024-09-30T23:03:47Z\",\"dateModified\":\"2024-09-30T23:03:47Z\"}<\/script>","tracker_url":"https:\/\/cdn.parsely.com\/keys\/noticiasya.com\/p.js"},"jetpack_featured_media_url":"","jetpack-related-posts":[{"id":1459275,"url":"https:\/\/noticiasya.com\/midland-odessa\/2025\/02\/27\/nino-texas-primera-muerte-sarampion-decada-trax\/","url_meta":{"origin":1453234,"position":0},"title":"Un ni\u00f1o del oeste de Texas muere por sarampi\u00f3n. Es el primero en EE.UU. en una d\u00e9cada","author":"","date":"febrero 27, 2025","format":false,"excerpt":"La primera muerte por sarampi\u00f3n en el creciente brote registrado en el oeste de Texas fue la de un ni\u00f1o en edad escolar.El ni\u00f1o no estaba vacunado y hab\u00eda sido hospitalizado en Lubbock, Texas, dijo Lauren Adams, portavoz de la ciudad de Lubbock. Las autoridades no respondieron a preguntas sobre\u2026","rel":"","context":"In &quot;Noticias Nacionales&quot;","block_context":{"text":"Noticias Nacionales","link":"https:\/\/noticiasya.com\/midland-odessa\/categoria\/noticias-nacionales"},"img":{"alt_text":"","src":"","width":0,"height":0},"classes":[]},{"id":1459283,"url":"https:\/\/noticiasya.com\/midland-odessa\/2025\/02\/27\/sarampion-brote-texas-casos-aumentar-trax\/","url_meta":{"origin":1453234,"position":1},"title":"Qu\u00e9 llev\u00f3 al brote de sarampi\u00f3n en Texas y por qu\u00e9 los casos probablemente aumenten","author":"","date":"febrero 27, 2025","format":false,"excerpt":"El brote de sarampi\u00f3n no solo ha causado el contagio de decenas de personas en el oeste de Texas, sino que ahora se cuenta la muerte de un ni\u00f1o. La mayor\u00eda de los casos del brote actual se centran en el condado de Gaines, donde la cobertura de la vacuna\u2026","rel":"","context":"In &quot;Noticias Nacionales&quot;","block_context":{"text":"Noticias Nacionales","link":"https:\/\/noticiasya.com\/midland-odessa\/categoria\/noticias-nacionales"},"img":{"alt_text":"","src":"","width":0,"height":0},"classes":[]},{"id":1455530,"url":"https:\/\/noticiasya.com\/midland-odessa\/2024\/11\/03\/detectives-rastreo-brote-mortal-de-e-coli-hasta-los-cuarto-de-libra-mcdonalds-trax\/","url_meta":{"origin":1453234,"position":2},"title":"C\u00f3mo el r\u00e1pido trabajo de los detectives de enfermedades rastre\u00f3 el brote mortal de E. coli hasta los Cuarto de Libra de McDonald&#8217;s","author":"","date":"noviembre 3, 2024","format":false,"excerpt":"(CNN) -- Silas Mayes lleg\u00f3 al auto-servicio de su McDonald's local a la hora del almuerzo el lunes 7 de octubre y pidi\u00f3 su pedido habitual: un Quarter Pounder (Cuarto de libra), papas fritas y un Sprite.El jueves por la ma\u00f1ana, ten\u00eda oleadas de calambres estomacales tan intensos que apenas\u2026","rel":"","context":"In &quot;Noticias Nacionales&quot;","block_context":{"text":"Noticias Nacionales","link":"https:\/\/noticiasya.com\/midland-odessa\/categoria\/noticias-nacionales"},"img":{"alt_text":"","src":"","width":0,"height":0},"classes":[]},{"id":1451917,"url":"https:\/\/noticiasya.com\/midland-odessa\/2024\/08\/16\/que-es-la-viruela-del-mono-o-mpox-y-por-que-es-preocupante-el-brote-actual\/","url_meta":{"origin":1453234,"position":3},"title":"\u00bfQu\u00e9 es la viruela del mono o mpox y por qu\u00e9 es preocupante el brote actual?","author":"","date":"agosto 16, 2024","format":false,"excerpt":"(CNN) -- La Organizaci\u00f3n Mundial de la Salud declar\u00f3 el mi\u00e9rcoles que el brote de viruela del mono o mpox que se est\u00e1 produciendo en \u00c1frica es una emergencia sanitaria mundial, el nivel m\u00e1s alto de alarma seg\u00fan la legislaci\u00f3n sanitaria internacional. Es la continuaci\u00f3n de una declaraci\u00f3n de emergencia\u2026","rel":"","context":"In &quot;Noticias Nacionales&quot;","block_context":{"text":"Noticias Nacionales","link":"https:\/\/noticiasya.com\/midland-odessa\/categoria\/noticias-nacionales"},"img":{"alt_text":"","src":"","width":0,"height":0},"classes":[]},{"id":1471722,"url":"https:\/\/noticiasya.com\/midland-odessa\/2026\/02\/27\/sarampion-eeuu-1100-casos-dos-meses-trax\/","url_meta":{"origin":1453234,"position":4},"title":"EE.UU. sobrepas\u00f3 los 1.100 casos de sarampi\u00f3n en dos meses, y los expertos prev\u00e9n que habr\u00e1 m\u00e1s muertes","author":"","date":"febrero 27, 2026","format":false,"excerpt":"Estados Unidos ha registrado m\u00e1s de 1.100 casos de sarampi\u00f3n en lo que va de a\u00f1o, seg\u00fan datos publicados el viernes por los Centros para el Control y la Prevenci\u00f3n de Enfermedades (CDC). Se trata de un hito preocupante que ha preparado a muchos profesionales de la salud p\u00fablica para\u2026","rel":"","context":"In &quot;Noticias Nacionales&quot;","block_context":{"text":"Noticias Nacionales","link":"https:\/\/noticiasya.com\/midland-odessa\/categoria\/noticias-nacionales"},"img":{"alt_text":"","src":"","width":0,"height":0},"classes":[]},{"id":1468606,"url":"https:\/\/noticiasya.com\/midland-odessa\/2025\/11\/22\/residente-washington-fallece-gripe-aviar-trax\/","url_meta":{"origin":1453234,"position":5},"title":"Un residente de Washington muere por complicaciones derivadas de una cepa de gripe aviar nunca antes detectada en humanos","author":"","date":"noviembre 22, 2025","format":false,"excerpt":"Un residente de Washington falleci\u00f3 a causa de complicaciones derivadas de una infecci\u00f3n por una cepa de gripe aviar nunca antes detectada en humanos, inform\u00f3 el viernes el Departamento de Salud estatal.El paciente era un adulto mayor con afecciones de salud subyacentes que hab\u00eda sido hospitalizado y estaba recibiendo tratamiento\u2026","rel":"","context":"In &quot;Noticias Nacionales&quot;","block_context":{"text":"Noticias Nacionales","link":"https:\/\/noticiasya.com\/midland-odessa\/categoria\/noticias-nacionales"},"img":{"alt_text":"","src":"","width":0,"height":0},"classes":[]}],"jetpack_sharing_enabled":true,"_links":{"self":[{"href":"https:\/\/noticiasya.com\/midland-odessa\/wp-json\/wp\/v2\/posts\/1453234","targetHints":{"allow":["GET"]}}],"collection":[{"href":"https:\/\/noticiasya.com\/midland-odessa\/wp-json\/wp\/v2\/posts"}],"about":[{"href":"https:\/\/noticiasya.com\/midland-odessa\/wp-json\/wp\/v2\/types\/post"}],"replies":[{"embeddable":true,"href":"https:\/\/noticiasya.com\/midland-odessa\/wp-json\/wp\/v2\/comments?post=1453234"}],"version-history":[{"count":0,"href":"https:\/\/noticiasya.com\/midland-odessa\/wp-json\/wp\/v2\/posts\/1453234\/revisions"}],"wp:attachment":[{"href":"https:\/\/noticiasya.com\/midland-odessa\/wp-json\/wp\/v2\/media?parent=1453234"}],"wp:term":[{"taxonomy":"category","embeddable":true,"href":"https:\/\/noticiasya.com\/midland-odessa\/wp-json\/wp\/v2\/categories?post=1453234"},{"taxonomy":"post_tag","embeddable":true,"href":"https:\/\/noticiasya.com\/midland-odessa\/wp-json\/wp\/v2\/tags?post=1453234"}],"curies":[{"name":"wp","href":"https:\/\/api.w.org\/{rel}","templated":true}]}}