{"id":1453237,"date":"2024-09-30T18:03:38","date_gmt":"2024-10-01T01:03:38","guid":{"rendered":"https:\/\/noticiasya.com\/2024\/09\/30\/san-marino-peor-seleccion-futbol-mundo-trax\/"},"modified":"2024-09-30T18:03:38","modified_gmt":"2024-10-01T01:03:38","slug":"san-marino-peor-seleccion-futbol-mundo-trax","status":"publish","type":"post","link":"https:\/\/noticiasya.com\/midland-odessa\/2024\/09\/30\/san-marino-peor-seleccion-futbol-mundo-trax\/","title":{"rendered":"\u201cSomos San Marino, siempre tenemos que sufrir\u201d: c\u00f3mo es jugar para la peor selecci\u00f3n nacional de f\u00fatbol del mundo"},"content":{"rendered":"<p>(CNN) \u2013\u2013 Perder 2-1 contra Dinamarca. Caer 2-1 ante Finlandia. Empatar 1-1 con Letonia. Para la mayor\u00eda de los equipos de f\u00fatbol, \u200b\u200besto ser\u00eda un indicio de una mala racha, momentos dif\u00edciles que los hinchas intentan olvidar y probablemente una se\u00f1al de que el equipo est\u00e1 buscando un nuevo entrenador.<\/p>\n<p>Para San Marino, no obstante, estos son algunos de los mejores resultados en la historia de la naci\u00f3n. Esto se debe a que San Marino pierde demasiado: desde el primer partido del pa\u00eds el 28 de marzo de 1986, gan\u00f3 solo 2 de los 212 partidos que jug\u00f3 la selecci\u00f3n nacional, empat\u00f3 10, y perdi\u00f3 el resto.<\/p>\n<p>Desde San Marino a M\u00f3naco, estos son los pa\u00edses m\u00e1s peque\u00f1os del mundo. \u00bfSabes cu\u00e1les son sus superficies?<\/p>\n<p>La posici\u00f3n m\u00e1s alta que ha ocupado La Serenissima en el ranking mundial de la FIFA fue la n\u00famero 11\u00aa en septiembre de 1993 y desde entonces ha ido descendiendo de forma constante (con algunas ca\u00eddas abruptas). La \u00faltima vez que el equipo no estuvo en el \u00faltimo puesto de la clasificaci\u00f3n fue hace m\u00e1s de tres a\u00f1os, cuando durante 35 d\u00edas ocup\u00f3 el puesto 209 en lugar del 210. Es, estad\u00edsticamente, la peor selecci\u00f3n nacional masculina de f\u00fatbol del mundo.<\/p>\n<p>\u201cIntentas hacer lo mejor que puedes donde sea, pero si el rival est\u00e1 teniendo un buen d\u00eda, entonces pueden hacerte lo que quieran\u201d, le dijo el defensa Dante Rossi a CNN Sport.<\/p>\n<p>San Marino, un peque\u00f1o microestado dentro de Italia, tiene 33.600 habitantes. Si fuera una ciudad de EE.UU., ser\u00eda la ciudad n\u00famero 1.400 m\u00e1s grande del pa\u00eds en t\u00e9rminos de poblaci\u00f3n.<\/p>\n<p>Es conocida por sus hermosas vistas, sus pasteles tradicionales y por ser la rep\u00fablica m\u00e1s antigua del mundo que a\u00fan sigue en pie. Sin embargo, no es conocida por su destreza futbol\u00edstica.<\/p>\n<p>San Marino es un peque\u00f1o enclave dentro de Italia. Cr\u00e9dito: taratata\/iStockphoto\/Getty Images.<\/p>\n<p>Una doble vida<\/p>\n<p>Marcello Mularoni es uno de los jugadores m\u00e1s importantes de San Marino. Disput\u00f3 45 partidos con su pa\u00eds, jug\u00f3 partidos importantes contra selecciones como Inglaterra e Italia y fue el capit\u00e1n del equipo en su \u00faltimo partido.<\/p>\n<p>Pero la mayor parte del tiempo, Mularoni es consultor de empresas.<\/p>\n<p>El centrocampista es semiprofesional, como casi todos sus compa\u00f1eros de selecci\u00f3n. El plantel de San Marino est\u00e1 formado por empleados de oficina, entrenadores personales, estudiantes, un dise\u00f1ador gr\u00e1fico y un solo profesional a tiempo completo que es Nicola Nanni, quien juega en el club Torres de la Serie C, la tercera divisi\u00f3n de Italia.<\/p>\n<p>\u201cEs extra\u00f1o. Durante el d\u00eda te concentras en tu trabajo y luego tienes que pasar al entrenamiento\u201d, le dijo Mularoni a CNN Sport. \u201cSi est\u00e1s cansado, igualmente tienes que entrenar. Lo hacemos por nuestra pasi\u00f3n. Pero tambi\u00e9n se trata de la gran oportunidad que tenemos de enfrentarnos a jugadores como (Jude) Bellingham, nuestros \u00eddolos que vemos en la televisi\u00f3n, como si fueran personas normales o amigos.<\/p>\n<p>\u201cEs curioso, pero tenemos que trabajar. Jugamos muchos partidos durante el a\u00f1o, lo que significa que estamos fuera del trabajo, as\u00ed que hay que mostrarle respeto al due\u00f1o del negocio\u201d.<\/p>\n<p>Marcello Mularoni (de azul) en acci\u00f3n contra Liechtenstein durante un partido de la Liga de Naciones de la UEFA. Cr\u00e9dito: Giuseppe Maffia\/DeFodi Images\/Getty Images.<\/p>\n<p>Seg\u00fan Rossi, esta doble vida es una de las razones por las que San Marino ha pasado por momentos dif\u00edciles a lo largo de los a\u00f1os.<\/p>\n<p>\u201cTenemos mucha gente en el equipo que trabaja o estudia. Eso requiere mucho tiempo y, sin duda, mucha concentraci\u00f3n\u201d, afirm\u00f3.<\/p>\n<p>&#171;En 2021, jugamos en Wembley contra Inglaterra y perdimos 5-0. 5-0 es obviamente un resultado malo, pero para nosotros en Wembley casi que fue bueno. Tal vez no bueno, pero definitivamente aceptable\u201d, coment\u00f3.<\/p>\n<p>Argentina lidera el ranking de la FIFA, segundo Francia<\/p>\n<p>\u201cNo somos profesionales que podamos dedicarle nuestro tiempo, contar con un bienestar econ\u00f3mico para toda la vida y tener la mente puesta \u00fanicamente en el f\u00fatbol. Tenemos muchos problemas, tenemos familia, tenemos muchas cosas en las que pensar adem\u00e1s del f\u00fatbol. Se vuelve muy complicado porque (los otros equipos) est\u00e1n dedicados al 100% a esto\u201d.<\/p>\n<p>Seg\u00fan Rossi, no es f\u00e1cil perder tanto y con tanta frecuencia. Entre 2006 y 2023, San Marino ostentaba el indeseable r\u00e9cord de haber sufrido la mayor derrota en la historia de la clasificaci\u00f3n para la Eurocopa: una goleada por 13-0 a manos de Alemania.<\/p>\n<p>Bernd Schneider marca el 13-0, tras anotar un penalti imposible para el portero de San Marino, Aldo Simoncini. Cr\u00e9dito: Giampiero Sposito\/Reuters.<\/p>\n<p>El 7 de septiembre de 2006 sigue siendo un d\u00eda oscuro para todos los que siguen a San Marino. Dos meses antes, Alemania hab\u00eda sido derrotada por Italia en el \u00faltimo minuto de una semifinal del Mundial en Dortmund.<\/p>\n<p>Die Mannschaft, que cre\u00eda que San Marino era un pa\u00eds esencialmente italiano, se veng\u00f3. Los jugadores de San Marino, que ya perd\u00edan 12-0, ya hab\u00edan sufrido suficiente humillaci\u00f3n, tuvieron que convencer al portero alem\u00e1n Jens Lehmann de que no pateara un penalti.<\/p>\n<p>Rossi no jug\u00f3 en ese partido, pero s\u00ed particip\u00f3 en otro d\u00eda infame en la historia del f\u00fatbol del pa\u00eds, una derrota por 10-0 ante Inglaterra en noviembre de 2021.<\/p>\n<p>\u201cEse partido fue el m\u00e1s dif\u00edcil, a nivel personal y grupal, que nos ha tocado afrontar\u201d, record\u00f3 Rossi. \u201cFue doloroso. Sufrimos despu\u00e9s de ese partido, la verdad. Sufrimos mucho. Pero bueno, esto pasa. As\u00ed es el f\u00fatbol\u201d.<\/p>\n<p>\u201cSomos San Marino, \u00a1siempre tenemos que sufrir!\u201d<\/p>\n<p>Tan frecuentes son las derrotas que Rossi aprendi\u00f3 a sacar lo positivo de cada cosa que puede, incluso de otro partido que jugaron contra Inglaterra ese a\u00f1o.<\/p>\n<p>El defensor se muestra filos\u00f3fico sobre lo que significa jugar para un equipo que solo gan\u00f3 uno de sus primeros 210 partidos, una victoria por 1-0 sobre Liechtenstein en un partido de exhibici\u00f3n en 2004.<\/p>\n<p>\u201cEs muy dif\u00edcil de entender porque el f\u00fatbol es un deporte en el que lo m\u00e1s importante \u2013lo \u00fanico, a veces\u2013 es ganar y ser campe\u00f3n\u201d, explic\u00f3. \u201cPero no creo que sea un extremo o el otro. Cada uno tiene que mirar su propia realidad y lo que puede hacer con ella, incluso las cosas peque\u00f1as\u201d.<\/p>\n<p>Bukayo Saka marca el d\u00e9cimo gol de Inglaterra durante el partido de clasificaci\u00f3n para la Copa Mundial de la FIFA 2022 contra San Marino. Cr\u00e9dito: Alessandro Sabattini\/Getty Images.<\/p>\n<p>Mirar el lado positivo<\/p>\n<p>Los hinchas de San Marino tambi\u00e9n aprendieron a mantener el \u00e1nimo, aunque pueden permitirse el lujo de ser un poco m\u00e1s autocr\u00edticos. La cuenta de fans @SanMarino_FA consigui\u00f3 178.000 seguidores (m\u00e1s de cinco veces la poblaci\u00f3n del propio pa\u00eds) en X, antes conocida como Twitter, con un relato humor\u00edstico sobre c\u00f3mo es apoyar al equipo.<\/p>\n<p>\u201c\u00a1Es una cosa de locos!\u201d, se rio su administrador, que usa el seud\u00f3nimo de Martino Bastianelli, en una entrevista con CNN Sport. \u201cSiempre pienso: \u2018Quiz\u00e1s hoy sea el d\u00eda\u2019. Pero luego empiezan a jugar\u201d.<\/p>\n<p>A\u00fan m\u00e1s ir\u00f3nico es el grupo de seguidores principal del equipo nacional, la Brigata Mai 1 Gioia, o \u201cBrigada de la Alegr\u00eda Nunca Inexistente\u201d.<\/p>\n<p>\u00bfQui\u00e9nes son los equipos con m\u00e1s t\u00edtulos de la Conmebol Sudamericana?<\/p>\n<p>\u201cEstamos enfermos porque apoyamos a San Marino\u201d, le dijo a CNN Sport Christian Santini, miembro de la Brigata desde 2018. \u201cApoyamos a un equipo que nunca gana\u201d.<\/p>\n<p>\u201cNo soy de San Marino\u201d, continu\u00f3. \u201cVivo cerca de la costa oeste de Italia. Me lleva casi tres horas llegar a San Marino. Nosotros (la Brigata) tenemos un hombre b\u00e1varo que conduce a San Marino desde M\u00fanich. Tenemos gente de Austria, dos irlandeses y un franc\u00e9s.<\/p>\n<p>\u201cEsta gente est\u00e1 enferma. As\u00ed de simple\u201d.<\/p>\n<p>Una pancarta de Brigata Mai 1 Gioia en el partido de San Marino contra Liechtenstein el 5 de septiembre. Cr\u00e9dito: Pierini\/FSGC.<\/p>\n<p>Rossi a\u00f1adi\u00f3: \u201cQuiz\u00e1s sea un poco de humor, pero conocemos a la gente de la Brigata y sabemos que nos respetan mucho. Sabemos que probablemente se les ocurri\u00f3 el nombre como una broma, pero hay m\u00e1s. Siempre les agradecemos porque nos siguen a todas partes, ya sean tres, diez, veinte, treinta, lo que sea\u201d.<\/p>\n<p>Bastianelli comparte este sentimiento. \u201cEs bueno tener esa visi\u00f3n humor\u00edstica de: \u2018Aqu\u00ed vamos de nuevo, vamos a perder\u2019\u201d, le dijo a CNN. \u201cPero tambi\u00e9n es bueno intentar seguir creyendo, aunque sepas que vas a perder\u201d.<\/p>\n<p>A pesar de su tono l\u00fadico, Santini explic\u00f3 que la Brigata tambi\u00e9n tiene un aprecio genuino por los jugadores.<\/p>\n<p>\u201cSi quiero ver un partido de f\u00fatbol profesional, vivo a dos kil\u00f3metros de un equipo de la Serie A, el Empoli\u201d, explic\u00f3. \u201cAqu\u00ed en Toscana, tambi\u00e9n tengo a la Fiorentina y al Pisa. \u00bfPor qu\u00e9 viajar tres horas e ir a San Marino para ver un partido de f\u00fatbol?<\/p>\n<p>\u201cLos apoyamos por la \u00fanica raz\u00f3n de que son como nosotros. Son personas que trabajan duro durante la semana. Pero tambi\u00e9n nos hacen so\u00f1ar\u201d.<\/p>\n<p>Durante los 38 a\u00f1os transcurridos desde el primer partido del pa\u00eds a mediados de los a\u00f1os 80, personas como Santini y Bastianelli han so\u00f1ado con ver a San Marino ganar un partido oficial. Muchos probablemente hab\u00edan aceptado que eso nunca suceder\u00eda.<\/p>\n<p>Sin embargo, el 5 de septiembre, ese sue\u00f1o se hizo realidad.<\/p>\n<p>Victoria al fin<\/p>\n<p>Mientras La Serenissima se preparaba para un partido de la Liga de Naciones de la UEFA contra Liechtenstein \u2013el equipo al que hab\u00eda vencido en un amistoso hace 20 a\u00f1os\u2013 el centrocampista Mularoni sinti\u00f3 algo diferente a la expectativa habitual de una derrota.<\/p>\n<p>\u201cAntes del partido contra Liechtenstein, pude ver en los ojos de mis compa\u00f1eros que cre\u00edan\u201d, dijo. \u201cPens\u00e1bamos: \u2018S\u00ed, hoy es el d\u00eda\u2019\u201d.<\/p>\n<p>Rossi celebra con el entrenador de San Marino, Roberto Cevoli, tras la victoria por 1-0 sobre Liechtenstein. Cr\u00e9dito: Pruccoli\/FSGC.<\/p>\n<p>Las oportunidades de jugar contra equipos de un nivel similar no se presentan muy a menudo, explic\u00f3 Mularoni.<\/p>\n<p>\u201cHace unos cuatro a\u00f1os, nos enfrentamos a Gibraltar y a Liechtenstein y hab\u00eda presi\u00f3n, como si dij\u00e9ramos: \u2018\u00a1Guau! Tenemos que ganar\u2019\u201d, dijo. \u201cPero esta vez contra Liechtenstein, no ten\u00edamos ese tipo de pensamientos. Era como si dij\u00e9ramos: \u2018Podemos ganar\u2019, no \u2018Tenemos que ganar\u2019\u201d.<\/p>\n<p>Sin embargo, el equipo era consciente de que ten\u00eda que dar lo mejor de s\u00ed. \u201cSab\u00edamos que para ganar el partido, o para tener la posibilidad de ganarlo, tendr\u00edamos que hacerlo todo a la perfecci\u00f3n\u201d, dijo Rossi. \u201cNo hab\u00eda otra manera: si comet\u00edamos errores, perder\u00edamos\u201d.<\/p>\n<p>Fue una emoci\u00f3n que no olvidar\u00e9 nunca en mi vida. Cuando el \u00e1rbitro pit\u00f3 el final del partido, todo se par\u00f3, como en una pel\u00edcula\u201d, relat\u00f3 Dante Rossi.<\/p>\n<p>El partido en s\u00ed no fue nada cl\u00e1sico. Un gol al comienzo del segundo tiempo de Nicko Sensoli, de 19 a\u00f1os (que a\u00fan no hab\u00eda nacido cuando San Marino gan\u00f3 por \u00faltima vez) fue suficiente. Pero la calidad del juego era lo \u00faltimo en lo que pensaba Rossi.<\/p>\n<p>\u201cEsa descarga de adrenalina en la que no sabes qu\u00e9 hacer contigo mismo. Creo que abrac\u00e9 a mis compa\u00f1eros, fui al autob\u00fas, mir\u00e9 a las gradas para encontrar a mi hija y simplemente lo disfrut\u00e9\u201d.<\/p>\n<p>Los jugadores de San Marino celebran la victoria sobre Liechtenstein, la primera victoria competitiva en la historia del equipo. Cr\u00e9dito: Pierini\/FSGC.<\/p>\n<p>De vuelta al vestuario, Rossi no solo vio lo que significaba para sus compa\u00f1eros de equipo, sino tambi\u00e9n para la gente de San Marino.<\/p>\n<p>\u201cEmoci\u00f3n, l\u00e1grimas, alegr\u00eda, abrazos, fotos, mensajes, \u00a1miles de mensajes!\u201d, afirm\u00f3. \u201cNo uso redes sociales, pero en WhatsApp recib\u00ed llamadas y mensajes de todos mis compa\u00f1eros\u201d.<\/p>\n<p>La experiencia de Mularoni fue muy similar: \u201cAl d\u00eda siguiente, cuando llegu\u00e9 al trabajo, todo el mundo me felicitaba\u201d, dijo.<\/p>\n<p>\u201cMe siento muy orgulloso del personal y de mis compa\u00f1eros de equipo, no solo de los compa\u00f1eros que estaban en el campo o en el banco ese d\u00eda, sino tambi\u00e9n de todos los compa\u00f1eros de equipo con los que he entrenado durante mis a\u00f1os en la selecci\u00f3n nacional\u201d.<\/p>\n<p>A los 176 minutos, San Marino hab\u00eda ganado un partido oficial. Solo falta, brome\u00f3 Mularoni, que el grupo de aficionados reconozca el logro.<\/p>\n<p>\u201cLa Brigata Mai 1 Gioia \u2013 \u2018Nunca Una Alegr\u00eda\u2019\u201d, reflexion\u00f3. \u201c\u00a1Deber\u00edan cambiar el nombre!\u201d<\/p>\n<p>The-CNN-Wire<br \/>&trade; &amp; &copy; 2024 Cable News Network, Inc., a Warner Bros. Discovery Company. All rights reserved.<\/p>\n","protected":false},"excerpt":{"rendered":"<p>(CNN) \u2013\u2013 Perder 2-1 contra Dinamarca. Caer 2-1 ante Finlandia. Empatar 1-1 con Letonia. Para la mayor\u00eda de los equipos de f\u00fatbol, \u200b\u200besto ser\u00eda un indicio de una mala racha, momentos dif\u00edciles que los hinchas intentan olvidar y probablemente una se\u00f1al de que el equipo est\u00e1 buscando un nuevo entrenador. Para San Marino, no obstante, [&hellip;]<\/p>\n","protected":false},"author":0,"featured_media":0,"comment_status":"open","ping_status":"open","sticky":false,"template":"","format":"standard","meta":{"_jetpack_memberships_contains_paid_content":false,"footnotes":""},"categories":[10],"tags":[],"class_list":["post-1453237","post","type-post","status-publish","format-standard","hentry","category-noticias-nacionales","market-global"],"yoast_head":"<!-- This site is optimized with the Yoast SEO plugin v24.4 - https:\/\/yoast.com\/wordpress\/plugins\/seo\/ -->\n<title>\u201cSomos San Marino, siempre tenemos que sufrir\u201d: c\u00f3mo es jugar para la peor selecci\u00f3n nacional de f\u00fatbol del mundo - Noticias<\/title>\n<meta name=\"robots\" content=\"index, follow, max-snippet:-1, max-image-preview:large, max-video-preview:-1\" \/>\n<link rel=\"canonical\" href=\"https:\/\/noticiasya.com\/2024\/09\/30\/san-marino-peor-seleccion-futbol-mundo-trax\/\" \/>\n<meta property=\"og:locale\" content=\"es_ES\" \/>\n<meta property=\"og:type\" content=\"article\" \/>\n<meta property=\"og:title\" content=\"\u201cSomos San Marino, siempre tenemos que sufrir\u201d: c\u00f3mo es jugar para la peor selecci\u00f3n nacional de f\u00fatbol del mundo - Noticias\" \/>\n<meta property=\"og:description\" content=\"(CNN) \u2013\u2013 Perder 2-1 contra Dinamarca. Caer 2-1 ante Finlandia. Empatar 1-1 con Letonia. Para la mayor\u00eda de los equipos de f\u00fatbol, \u200b\u200besto ser\u00eda un indicio de una mala racha, momentos dif\u00edciles que los hinchas intentan olvidar y probablemente una se\u00f1al de que el equipo est\u00e1 buscando un nuevo entrenador. Para San Marino, no obstante, [&hellip;]\" \/>\n<meta property=\"og:url\" content=\"https:\/\/noticiasya.com\/2024\/09\/30\/san-marino-peor-seleccion-futbol-mundo-trax\/\" \/>\n<meta property=\"og:site_name\" content=\"Noticias\" \/>\n<meta property=\"article:published_time\" content=\"2024-10-01T01:03:38+00:00\" \/>\n<meta name=\"twitter:card\" content=\"summary_large_image\" \/>\n<meta name=\"twitter:label1\" content=\"Est. reading time\" \/>\n\t<meta name=\"twitter:data1\" content=\"11 minutos\" \/>\n<script type=\"application\/ld+json\" class=\"yoast-schema-graph\">{\"@context\":\"https:\/\/schema.org\",\"@graph\":[{\"@type\":\"Article\",\"@id\":\"https:\/\/noticiasya.com\/2024\/09\/30\/san-marino-peor-seleccion-futbol-mundo-trax\/#article\",\"isPartOf\":{\"@id\":\"https:\/\/noticiasya.com\/2024\/09\/30\/san-marino-peor-seleccion-futbol-mundo-trax\/\"},\"author\":{\"name\":\"\",\"@id\":\"\"},\"headline\":\"\u201cSomos San Marino, siempre tenemos que sufrir\u201d: c\u00f3mo es jugar para la peor selecci\u00f3n nacional de f\u00fatbol del mundo\",\"datePublished\":\"2024-10-01T01:03:38+00:00\",\"mainEntityOfPage\":{\"@id\":\"https:\/\/noticiasya.com\/2024\/09\/30\/san-marino-peor-seleccion-futbol-mundo-trax\/\"},\"wordCount\":2185,\"commentCount\":0,\"publisher\":{\"@id\":\"https:\/\/noticiasya.com\/#organization\"},\"articleSection\":[\"Noticias Nacionales\"],\"inLanguage\":\"es\",\"potentialAction\":[{\"@type\":\"CommentAction\",\"name\":\"Comment\",\"target\":[\"https:\/\/noticiasya.com\/2024\/09\/30\/san-marino-peor-seleccion-futbol-mundo-trax\/#respond\"]}]},{\"@type\":\"WebPage\",\"@id\":\"https:\/\/noticiasya.com\/2024\/09\/30\/san-marino-peor-seleccion-futbol-mundo-trax\/\",\"url\":\"https:\/\/noticiasya.com\/2024\/09\/30\/san-marino-peor-seleccion-futbol-mundo-trax\/\",\"name\":\"\u201cSomos San Marino, siempre tenemos que sufrir\u201d: c\u00f3mo es jugar para la peor selecci\u00f3n nacional de f\u00fatbol del mundo - Noticias\",\"isPartOf\":{\"@id\":\"https:\/\/noticiasya.com\/#website\"},\"datePublished\":\"2024-10-01T01:03:38+00:00\",\"breadcrumb\":{\"@id\":\"https:\/\/noticiasya.com\/2024\/09\/30\/san-marino-peor-seleccion-futbol-mundo-trax\/#breadcrumb\"},\"inLanguage\":\"es\",\"potentialAction\":[{\"@type\":\"ReadAction\",\"target\":[\"https:\/\/noticiasya.com\/2024\/09\/30\/san-marino-peor-seleccion-futbol-mundo-trax\/\"]}]},{\"@type\":\"BreadcrumbList\",\"@id\":\"https:\/\/noticiasya.com\/2024\/09\/30\/san-marino-peor-seleccion-futbol-mundo-trax\/#breadcrumb\",\"itemListElement\":[{\"@type\":\"ListItem\",\"position\":1,\"name\":\"Home\",\"item\":\"https:\/\/noticiasya.com\/\"},{\"@type\":\"ListItem\",\"position\":2,\"name\":\"\u201cSomos San Marino, siempre tenemos que sufrir\u201d: c\u00f3mo es jugar para la peor selecci\u00f3n nacional de f\u00fatbol del mundo\"}]},{\"@type\":\"WebSite\",\"@id\":\"https:\/\/noticiasya.com\/#website\",\"url\":\"https:\/\/noticiasya.com\/\",\"name\":\"Noticias\",\"description\":\"Lo que importa\",\"publisher\":{\"@id\":\"https:\/\/noticiasya.com\/#organization\"},\"potentialAction\":[{\"@type\":\"SearchAction\",\"target\":{\"@type\":\"EntryPoint\",\"urlTemplate\":\"https:\/\/noticiasya.com\/?s={search_term_string}\"},\"query-input\":{\"@type\":\"PropertyValueSpecification\",\"valueRequired\":true,\"valueName\":\"search_term_string\"}}],\"inLanguage\":\"es\"},{\"@type\":\"Organization\",\"@id\":\"https:\/\/noticiasya.com\/#organization\",\"name\":\"Noticias\",\"url\":\"https:\/\/noticiasya.com\/\",\"logo\":{\"@type\":\"ImageObject\",\"inLanguage\":\"es\",\"@id\":\"https:\/\/noticiasya.com\/#\/schema\/logo\/image\/\",\"url\":\"https:\/\/noticiasya.com\/wp-content\/uploads\/sites\/22\/2023\/12\/logo-nacional.png\",\"contentUrl\":\"https:\/\/noticiasya.com\/wp-content\/uploads\/sites\/22\/2023\/12\/logo-nacional.png\",\"width\":1801,\"height\":691,\"caption\":\"Noticias\"},\"image\":{\"@id\":\"https:\/\/noticiasya.com\/#\/schema\/logo\/image\/\"}}]}<\/script>\n<!-- \/ Yoast SEO plugin. -->","yoast_head_json":{"title":"\u201cSomos San Marino, siempre tenemos que sufrir\u201d: c\u00f3mo es jugar para la peor selecci\u00f3n nacional de f\u00fatbol del mundo - Noticias","robots":{"index":"index","follow":"follow","max-snippet":"max-snippet:-1","max-image-preview":"max-image-preview:large","max-video-preview":"max-video-preview:-1"},"canonical":"https:\/\/noticiasya.com\/2024\/09\/30\/san-marino-peor-seleccion-futbol-mundo-trax\/","og_locale":"es_ES","og_type":"article","og_title":"\u201cSomos San Marino, siempre tenemos que sufrir\u201d: c\u00f3mo es jugar para la peor selecci\u00f3n nacional de f\u00fatbol del mundo - Noticias","og_description":"(CNN) \u2013\u2013 Perder 2-1 contra Dinamarca. Caer 2-1 ante Finlandia. Empatar 1-1 con Letonia. Para la mayor\u00eda de los equipos de f\u00fatbol, \u200b\u200besto ser\u00eda un indicio de una mala racha, momentos dif\u00edciles que los hinchas intentan olvidar y probablemente una se\u00f1al de que el equipo est\u00e1 buscando un nuevo entrenador. Para San Marino, no obstante, [&hellip;]","og_url":"https:\/\/noticiasya.com\/2024\/09\/30\/san-marino-peor-seleccion-futbol-mundo-trax\/","og_site_name":"Noticias","article_published_time":"2024-10-01T01:03:38+00:00","twitter_card":"summary_large_image","twitter_misc":{"Est. reading time":"11 minutos"},"schema":{"@context":"https:\/\/schema.org","@graph":[{"@type":"Article","@id":"https:\/\/noticiasya.com\/2024\/09\/30\/san-marino-peor-seleccion-futbol-mundo-trax\/#article","isPartOf":{"@id":"https:\/\/noticiasya.com\/2024\/09\/30\/san-marino-peor-seleccion-futbol-mundo-trax\/"},"author":{"name":"","@id":""},"headline":"\u201cSomos San Marino, siempre tenemos que sufrir\u201d: c\u00f3mo es jugar para la peor selecci\u00f3n nacional de f\u00fatbol del mundo","datePublished":"2024-10-01T01:03:38+00:00","mainEntityOfPage":{"@id":"https:\/\/noticiasya.com\/2024\/09\/30\/san-marino-peor-seleccion-futbol-mundo-trax\/"},"wordCount":2185,"commentCount":0,"publisher":{"@id":"https:\/\/noticiasya.com\/#organization"},"articleSection":["Noticias Nacionales"],"inLanguage":"es","potentialAction":[{"@type":"CommentAction","name":"Comment","target":["https:\/\/noticiasya.com\/2024\/09\/30\/san-marino-peor-seleccion-futbol-mundo-trax\/#respond"]}]},{"@type":"WebPage","@id":"https:\/\/noticiasya.com\/2024\/09\/30\/san-marino-peor-seleccion-futbol-mundo-trax\/","url":"https:\/\/noticiasya.com\/2024\/09\/30\/san-marino-peor-seleccion-futbol-mundo-trax\/","name":"\u201cSomos San Marino, siempre tenemos que sufrir\u201d: c\u00f3mo es jugar para la peor selecci\u00f3n nacional de f\u00fatbol del mundo - Noticias","isPartOf":{"@id":"https:\/\/noticiasya.com\/#website"},"datePublished":"2024-10-01T01:03:38+00:00","breadcrumb":{"@id":"https:\/\/noticiasya.com\/2024\/09\/30\/san-marino-peor-seleccion-futbol-mundo-trax\/#breadcrumb"},"inLanguage":"es","potentialAction":[{"@type":"ReadAction","target":["https:\/\/noticiasya.com\/2024\/09\/30\/san-marino-peor-seleccion-futbol-mundo-trax\/"]}]},{"@type":"BreadcrumbList","@id":"https:\/\/noticiasya.com\/2024\/09\/30\/san-marino-peor-seleccion-futbol-mundo-trax\/#breadcrumb","itemListElement":[{"@type":"ListItem","position":1,"name":"Home","item":"https:\/\/noticiasya.com\/"},{"@type":"ListItem","position":2,"name":"\u201cSomos San Marino, siempre tenemos que sufrir\u201d: c\u00f3mo es jugar para la peor selecci\u00f3n nacional de f\u00fatbol del mundo"}]},{"@type":"WebSite","@id":"https:\/\/noticiasya.com\/#website","url":"https:\/\/noticiasya.com\/","name":"Noticias","description":"Lo que importa","publisher":{"@id":"https:\/\/noticiasya.com\/#organization"},"potentialAction":[{"@type":"SearchAction","target":{"@type":"EntryPoint","urlTemplate":"https:\/\/noticiasya.com\/?s={search_term_string}"},"query-input":{"@type":"PropertyValueSpecification","valueRequired":true,"valueName":"search_term_string"}}],"inLanguage":"es"},{"@type":"Organization","@id":"https:\/\/noticiasya.com\/#organization","name":"Noticias","url":"https:\/\/noticiasya.com\/","logo":{"@type":"ImageObject","inLanguage":"es","@id":"https:\/\/noticiasya.com\/#\/schema\/logo\/image\/","url":"https:\/\/noticiasya.com\/wp-content\/uploads\/sites\/22\/2023\/12\/logo-nacional.png","contentUrl":"https:\/\/noticiasya.com\/wp-content\/uploads\/sites\/22\/2023\/12\/logo-nacional.png","width":1801,"height":691,"caption":"Noticias"},"image":{"@id":"https:\/\/noticiasya.com\/#\/schema\/logo\/image\/"}}]}},"parsely":{"version":"1.1.0","canonical_url":"https:\/\/noticiasya.com\/midland-odessa\/2024\/09\/30\/san-marino-peor-seleccion-futbol-mundo-trax\/","smart_links":{"inbound":0,"outbound":0},"traffic_boost_suggestions_count":0,"meta":{"@context":"https:\/\/schema.org","@type":"NewsArticle","headline":"\u201cSomos San Marino, siempre tenemos que sufrir\u201d: c\u00f3mo es jugar para la peor selecci\u00f3n nacional de f\u00fatbol del mundo","url":"http:\/\/noticiasya.com\/midland-odessa\/2024\/09\/30\/san-marino-peor-seleccion-futbol-mundo-trax\/","mainEntityOfPage":{"@type":"WebPage","@id":"http:\/\/noticiasya.com\/midland-odessa\/2024\/09\/30\/san-marino-peor-seleccion-futbol-mundo-trax\/"},"thumbnailUrl":"","image":{"@type":"ImageObject","url":""},"articleSection":"Noticias Nacionales","author":[],"creator":[],"publisher":{"@type":"Organization","name":"Noticias","logo":""},"keywords":[],"dateCreated":"2024-10-01T01:03:38Z","datePublished":"2024-10-01T01:03:38Z","dateModified":"2024-10-01T01:03:38Z"},"rendered":"<script type=\"application\/ld+json\" class=\"wp-parsely-metadata\">{\"@context\":\"https:\\\/\\\/schema.org\",\"@type\":\"NewsArticle\",\"headline\":\"\\u201cSomos San Marino, siempre tenemos que sufrir\\u201d: c\\u00f3mo es jugar para la peor selecci\\u00f3n nacional de f\\u00fatbol del mundo\",\"url\":\"http:\\\/\\\/noticiasya.com\\\/midland-odessa\\\/2024\\\/09\\\/30\\\/san-marino-peor-seleccion-futbol-mundo-trax\\\/\",\"mainEntityOfPage\":{\"@type\":\"WebPage\",\"@id\":\"http:\\\/\\\/noticiasya.com\\\/midland-odessa\\\/2024\\\/09\\\/30\\\/san-marino-peor-seleccion-futbol-mundo-trax\\\/\"},\"thumbnailUrl\":\"\",\"image\":{\"@type\":\"ImageObject\",\"url\":\"\"},\"articleSection\":\"Noticias Nacionales\",\"author\":[],\"creator\":[],\"publisher\":{\"@type\":\"Organization\",\"name\":\"Noticias\",\"logo\":\"\"},\"keywords\":[],\"dateCreated\":\"2024-10-01T01:03:38Z\",\"datePublished\":\"2024-10-01T01:03:38Z\",\"dateModified\":\"2024-10-01T01:03:38Z\"}<\/script>","tracker_url":"https:\/\/cdn.parsely.com\/keys\/noticiasya.com\/p.js"},"jetpack_featured_media_url":"","jetpack-related-posts":[{"id":1408512,"url":"https:\/\/noticiasya.com\/midland-odessa\/2022\/06\/24\/video-regresan-a-lobo-marino-al-mar-para-dar-a-luz-tras-llegar-a-campo-de-golf\/","url_meta":{"origin":1453237,"position":0},"title":"VIDEO: Regresan a lobo marino al mar para dar a luz tras llegar a campo de golf","author":"agomez","date":"junio 24, 2022","format":"video","excerpt":"Tras revisar al animal marino, los especialistas determinaron que gozaba de una buena salud.","rel":"","context":"In &quot;Comunidad&quot;","block_context":{"text":"Comunidad","link":"https:\/\/noticiasya.com\/midland-odessa\/categoria\/comunidad"},"img":{"alt_text":"","src":"","width":0,"height":0},"classes":[]},{"id":1449614,"url":"https:\/\/noticiasya.com\/midland-odessa\/2024\/05\/20\/oceano-glaciar-fin-mundo-impacto-grave-nivel-mar-trax\/","url_meta":{"origin":1453237,"position":1},"title":"El agua del oc\u00e9ano corre metros por debajo del &#171;glaciar del fin del mundo&#187;, con impactos potencialmente graves en el aumento del nivel del mar","author":"agomez","date":"mayo 20, 2024","format":false,"excerpt":"(CNN) -- El agua del oc\u00e9ano est\u00e1 empujando metros por debajo del \"glaciar del fin del mundo\" de la Ant\u00e1rtida, haci\u00e9ndolo m\u00e1s vulnerable al derretimiento de lo que se pensaba anteriormente, seg\u00fan una nueva investigaci\u00f3n que utiliz\u00f3 datos de radar desde el espacio para realizar una radiograf\u00eda del crucial glaciar.A\u2026","rel":"","context":"In &quot;Noticias Nacionales&quot;","block_context":{"text":"Noticias Nacionales","link":"https:\/\/noticiasya.com\/midland-odessa\/categoria\/noticias-nacionales"},"img":{"alt_text":"","src":"","width":0,"height":0},"classes":[]},{"id":1463344,"url":"https:\/\/noticiasya.com\/midland-odessa\/2025\/06\/08\/seleccion-bolivia-retrasada-venezuela-eliminatorias-orix\/","url_meta":{"origin":1453237,"position":2},"title":"Selecci\u00f3n de f\u00fatbol de Bolivia estuvo retrasada en Venezuela tras el partido de eliminatorias, asegura portavoz del equipo","author":"","date":"junio 8, 2025","format":false,"excerpt":"La selecci\u00f3n de f\u00fatbol de Bolivia estuvo retrasada durante varias horas este s\u00e1bado en el aeropuerto de Matur\u00edn, Venezuela, seg\u00fan dijo a CNN la portavoz del equipo boliviano, Gabriela Su\u00e1rez.\u201cA pesar de que en estos momentos nuestra delegaci\u00f3n ya est\u00e1 a punto de despegar, fueron ilegalmente retenidos por el gobierno\u2026","rel":"","context":"In &quot;Noticias Nacionales&quot;","block_context":{"text":"Noticias Nacionales","link":"https:\/\/noticiasya.com\/midland-odessa\/categoria\/noticias-nacionales"},"img":{"alt_text":"","src":"","width":0,"height":0},"classes":[]},{"id":1408936,"url":"https:\/\/noticiasya.com\/midland-odessa\/2022\/06\/27\/localizan-a-leon-marino-en-acera-de-la-jolla\/","url_meta":{"origin":1453237,"position":3},"title":"Localizan a le\u00f3n marino en acera de La Jolla","author":"agomez","date":"junio 27, 2022","format":false,"excerpt":"Los funcionarios acordonaron el \u00e1rea donde se encontraba el animal para mantenerlo seguro y al p\u00fablico.","rel":"","context":"In &quot;Comunidad&quot;","block_context":{"text":"Comunidad","link":"https:\/\/noticiasya.com\/midland-odessa\/categoria\/comunidad"},"img":{"alt_text":"","src":"","width":0,"height":0},"classes":[]},{"id":1472772,"url":"https:\/\/noticiasya.com\/midland-odessa\/2026\/04\/01\/seleccion-italia-eliminada-mundial-2026-trax\/","url_meta":{"origin":1453237,"position":4},"title":"&#171;El tercer apocalipsis&#187;: el f\u00fatbol italiano no despierta de su ya larga pesadilla","author":"agomez","date":"abril 1, 2026","format":false,"excerpt":"Tras ver c\u00f3mo el \u00faltimo penal bosnio se le escapaba por debajo de las manos el martes, el portero italiano Gianluigi Donnarumma permaneci\u00f3 de rodillas, llev\u00e1ndose las manos a la cabeza en un estado de total incredulidad.El resto de sus compa\u00f1eros, alineados cerca de la l\u00ednea de medio campo, cayeron\u2026","rel":"","context":"In &quot;Noticias Nacionales&quot;","block_context":{"text":"Noticias Nacionales","link":"https:\/\/noticiasya.com\/midland-odessa\/categoria\/noticias-nacionales"},"img":{"alt_text":"","src":"","width":0,"height":0},"classes":[]},{"id":1468005,"url":"https:\/\/noticiasya.com\/midland-odessa\/2025\/11\/03\/hektoria-glaciar-antartida-retroceso-rapido-trax\/","url_meta":{"origin":1453237,"position":5},"title":"Glaciar ant\u00e1rtico sufri\u00f3 el retroceso m\u00e1s r\u00e1pido de la historia moderna, seg\u00fan informe, y estas ser\u00edan algunas consecuencias","author":"","date":"noviembre 3, 2025","format":false,"excerpt":"Un glaciar ant\u00e1rtico se redujo en casi un 50 % en solo dos meses, el retroceso m\u00e1s r\u00e1pido registrado en la historia moderna, seg\u00fan un nuevo estudio \u2014 y la manera en que retrocedi\u00f3 podr\u00eda tener grandes implicaciones para el aumento global del nivel del mar.El glaciar Hektoria, de un\u2026","rel":"","context":"In &quot;Noticias Nacionales&quot;","block_context":{"text":"Noticias Nacionales","link":"https:\/\/noticiasya.com\/midland-odessa\/categoria\/noticias-nacionales"},"img":{"alt_text":"","src":"","width":0,"height":0},"classes":[]}],"jetpack_sharing_enabled":true,"_links":{"self":[{"href":"https:\/\/noticiasya.com\/midland-odessa\/wp-json\/wp\/v2\/posts\/1453237","targetHints":{"allow":["GET"]}}],"collection":[{"href":"https:\/\/noticiasya.com\/midland-odessa\/wp-json\/wp\/v2\/posts"}],"about":[{"href":"https:\/\/noticiasya.com\/midland-odessa\/wp-json\/wp\/v2\/types\/post"}],"replies":[{"embeddable":true,"href":"https:\/\/noticiasya.com\/midland-odessa\/wp-json\/wp\/v2\/comments?post=1453237"}],"version-history":[{"count":0,"href":"https:\/\/noticiasya.com\/midland-odessa\/wp-json\/wp\/v2\/posts\/1453237\/revisions"}],"wp:attachment":[{"href":"https:\/\/noticiasya.com\/midland-odessa\/wp-json\/wp\/v2\/media?parent=1453237"}],"wp:term":[{"taxonomy":"category","embeddable":true,"href":"https:\/\/noticiasya.com\/midland-odessa\/wp-json\/wp\/v2\/categories?post=1453237"},{"taxonomy":"post_tag","embeddable":true,"href":"https:\/\/noticiasya.com\/midland-odessa\/wp-json\/wp\/v2\/tags?post=1453237"}],"curies":[{"name":"wp","href":"https:\/\/api.w.org\/{rel}","templated":true}]}}