{"id":1453245,"date":"2024-10-01T01:03:49","date_gmt":"2024-10-01T08:03:49","guid":{"rendered":"https:\/\/noticiasya.com\/2024\/10\/01\/assange-habla-primera-vez-desde-salida-carcel-periodismo-no-es-delito-trax\/"},"modified":"2024-10-01T01:03:49","modified_gmt":"2024-10-01T08:03:49","slug":"assange-habla-primera-vez-desde-salida-carcel-periodismo-no-es-delito-trax","status":"publish","type":"post","link":"https:\/\/noticiasya.com\/midland-odessa\/2024\/10\/01\/assange-habla-primera-vez-desde-salida-carcel-periodismo-no-es-delito-trax\/","title":{"rendered":"Assange habla por primera vez en p\u00fablico desde su salida de la c\u00e1rcel: &#171;El periodismo no es un delito&#187;"},"content":{"rendered":"<p>(CNN) &#8212; El fundador de Wikileaks, Julian Assange, hace su primer discurso p\u00fablico desde su liberaci\u00f3n de una prisi\u00f3n brit\u00e1nica, hablando sobre su detenci\u00f3n en el organismo de derechos del Consejo de Europa.<\/p>\n<p>&#171;El periodismo no es un delito&#187;, dice Assange, fundador de Wikileaks, en su primer discurso desde su salida de prisi\u00f3n<\/p>\n<p>&#171;La cuesti\u00f3n fundamental es simple, los periodistas no deben ser perseguidos por hacer su trabajo. El periodismo no es un delito, es un pilar de una sociedad libre e informada&#187;, complet\u00f3.<\/p>\n<p>Sobre la libertad, el fundador de Wikileaks tambi\u00e9n dijo: &#171;Compromet\u00e1monos todos a poner de nuestra parte para garantizar que la luz de la libertad nunca se apague, que la b\u00fasqueda de la verdad siga viva y que las voces de muchos no sean silenciadas por los intereses de unos pocos&#187;.<\/p>\n<p>Noticia en desarrollo.<\/p>\n<p>The-CNN-Wire<br \/>&trade; &amp; &copy; 2024 Cable News Network, Inc., a Warner Bros. Discovery Company. All rights reserved.<\/p>\n","protected":false},"excerpt":{"rendered":"<p>(CNN) &#8212; El fundador de Wikileaks, Julian Assange, hace su primer discurso p\u00fablico desde su liberaci\u00f3n de una prisi\u00f3n brit\u00e1nica, hablando sobre su detenci\u00f3n en el organismo de derechos del Consejo de Europa. &#171;El periodismo no es un delito&#187;, dice Assange, fundador de Wikileaks, en su primer discurso desde su salida de prisi\u00f3n &#171;La cuesti\u00f3n [&hellip;]<\/p>\n","protected":false},"author":0,"featured_media":0,"comment_status":"open","ping_status":"open","sticky":false,"template":"","format":"standard","meta":{"_jetpack_memberships_contains_paid_content":false,"footnotes":""},"categories":[10],"tags":[],"class_list":["post-1453245","post","type-post","status-publish","format-standard","hentry","category-noticias-nacionales","market-global"],"yoast_head":"<!-- This site is optimized with the Yoast SEO plugin v24.4 - https:\/\/yoast.com\/wordpress\/plugins\/seo\/ -->\n<title>Assange habla por primera vez en p\u00fablico desde su salida de la c\u00e1rcel: &quot;El periodismo no es un delito&quot; - Noticias<\/title>\n<meta name=\"robots\" content=\"index, follow, max-snippet:-1, max-image-preview:large, max-video-preview:-1\" \/>\n<link rel=\"canonical\" href=\"https:\/\/noticiasya.com\/2024\/10\/01\/assange-habla-primera-vez-desde-salida-carcel-periodismo-no-es-delito-trax\/\" \/>\n<meta property=\"og:locale\" content=\"es_ES\" \/>\n<meta property=\"og:type\" content=\"article\" \/>\n<meta property=\"og:title\" content=\"Assange habla por primera vez en p\u00fablico desde su salida de la c\u00e1rcel: &quot;El periodismo no es un delito&quot; - Noticias\" \/>\n<meta property=\"og:description\" content=\"(CNN) &#8212; El fundador de Wikileaks, Julian Assange, hace su primer discurso p\u00fablico desde su liberaci\u00f3n de una prisi\u00f3n brit\u00e1nica, hablando sobre su detenci\u00f3n en el organismo de derechos del Consejo de Europa. &#171;El periodismo no es un delito&#187;, dice Assange, fundador de Wikileaks, en su primer discurso desde su salida de prisi\u00f3n &#171;La cuesti\u00f3n [&hellip;]\" \/>\n<meta property=\"og:url\" content=\"https:\/\/noticiasya.com\/2024\/10\/01\/assange-habla-primera-vez-desde-salida-carcel-periodismo-no-es-delito-trax\/\" \/>\n<meta property=\"og:site_name\" content=\"Noticias\" \/>\n<meta property=\"article:published_time\" content=\"2024-10-01T08:03:49+00:00\" \/>\n<meta name=\"twitter:card\" content=\"summary_large_image\" \/>\n<meta name=\"twitter:label1\" content=\"Est. reading time\" \/>\n\t<meta name=\"twitter:data1\" content=\"1 minuto\" \/>\n<script type=\"application\/ld+json\" class=\"yoast-schema-graph\">{\"@context\":\"https:\/\/schema.org\",\"@graph\":[{\"@type\":\"Article\",\"@id\":\"https:\/\/noticiasya.com\/2024\/10\/01\/assange-habla-primera-vez-desde-salida-carcel-periodismo-no-es-delito-trax\/#article\",\"isPartOf\":{\"@id\":\"https:\/\/noticiasya.com\/2024\/10\/01\/assange-habla-primera-vez-desde-salida-carcel-periodismo-no-es-delito-trax\/\"},\"author\":{\"name\":\"\",\"@id\":\"\"},\"headline\":\"Assange habla por primera vez en p\u00fablico desde su salida de la c\u00e1rcel: &#171;El periodismo no es un delito&#187;\",\"datePublished\":\"2024-10-01T08:03:49+00:00\",\"mainEntityOfPage\":{\"@id\":\"https:\/\/noticiasya.com\/2024\/10\/01\/assange-habla-primera-vez-desde-salida-carcel-periodismo-no-es-delito-trax\/\"},\"wordCount\":184,\"commentCount\":0,\"publisher\":{\"@id\":\"https:\/\/noticiasya.com\/#organization\"},\"articleSection\":[\"Noticias Nacionales\"],\"inLanguage\":\"es\",\"potentialAction\":[{\"@type\":\"CommentAction\",\"name\":\"Comment\",\"target\":[\"https:\/\/noticiasya.com\/2024\/10\/01\/assange-habla-primera-vez-desde-salida-carcel-periodismo-no-es-delito-trax\/#respond\"]}]},{\"@type\":\"WebPage\",\"@id\":\"https:\/\/noticiasya.com\/2024\/10\/01\/assange-habla-primera-vez-desde-salida-carcel-periodismo-no-es-delito-trax\/\",\"url\":\"https:\/\/noticiasya.com\/2024\/10\/01\/assange-habla-primera-vez-desde-salida-carcel-periodismo-no-es-delito-trax\/\",\"name\":\"Assange habla por primera vez en p\u00fablico desde su salida de la c\u00e1rcel: \\\"El periodismo no es un delito\\\" - Noticias\",\"isPartOf\":{\"@id\":\"https:\/\/noticiasya.com\/#website\"},\"datePublished\":\"2024-10-01T08:03:49+00:00\",\"breadcrumb\":{\"@id\":\"https:\/\/noticiasya.com\/2024\/10\/01\/assange-habla-primera-vez-desde-salida-carcel-periodismo-no-es-delito-trax\/#breadcrumb\"},\"inLanguage\":\"es\",\"potentialAction\":[{\"@type\":\"ReadAction\",\"target\":[\"https:\/\/noticiasya.com\/2024\/10\/01\/assange-habla-primera-vez-desde-salida-carcel-periodismo-no-es-delito-trax\/\"]}]},{\"@type\":\"BreadcrumbList\",\"@id\":\"https:\/\/noticiasya.com\/2024\/10\/01\/assange-habla-primera-vez-desde-salida-carcel-periodismo-no-es-delito-trax\/#breadcrumb\",\"itemListElement\":[{\"@type\":\"ListItem\",\"position\":1,\"name\":\"Home\",\"item\":\"https:\/\/noticiasya.com\/\"},{\"@type\":\"ListItem\",\"position\":2,\"name\":\"Assange habla por primera vez en p\u00fablico desde su salida de la c\u00e1rcel: &#171;El periodismo no es un delito&#187;\"}]},{\"@type\":\"WebSite\",\"@id\":\"https:\/\/noticiasya.com\/#website\",\"url\":\"https:\/\/noticiasya.com\/\",\"name\":\"Noticias\",\"description\":\"Lo que importa\",\"publisher\":{\"@id\":\"https:\/\/noticiasya.com\/#organization\"},\"potentialAction\":[{\"@type\":\"SearchAction\",\"target\":{\"@type\":\"EntryPoint\",\"urlTemplate\":\"https:\/\/noticiasya.com\/?s={search_term_string}\"},\"query-input\":{\"@type\":\"PropertyValueSpecification\",\"valueRequired\":true,\"valueName\":\"search_term_string\"}}],\"inLanguage\":\"es\"},{\"@type\":\"Organization\",\"@id\":\"https:\/\/noticiasya.com\/#organization\",\"name\":\"Noticias\",\"url\":\"https:\/\/noticiasya.com\/\",\"logo\":{\"@type\":\"ImageObject\",\"inLanguage\":\"es\",\"@id\":\"https:\/\/noticiasya.com\/#\/schema\/logo\/image\/\",\"url\":\"https:\/\/noticiasya.com\/wp-content\/uploads\/sites\/22\/2023\/12\/logo-nacional.png\",\"contentUrl\":\"https:\/\/noticiasya.com\/wp-content\/uploads\/sites\/22\/2023\/12\/logo-nacional.png\",\"width\":1801,\"height\":691,\"caption\":\"Noticias\"},\"image\":{\"@id\":\"https:\/\/noticiasya.com\/#\/schema\/logo\/image\/\"}}]}<\/script>\n<!-- \/ Yoast SEO plugin. -->","yoast_head_json":{"title":"Assange habla por primera vez en p\u00fablico desde su salida de la c\u00e1rcel: \"El periodismo no es un delito\" - Noticias","robots":{"index":"index","follow":"follow","max-snippet":"max-snippet:-1","max-image-preview":"max-image-preview:large","max-video-preview":"max-video-preview:-1"},"canonical":"https:\/\/noticiasya.com\/2024\/10\/01\/assange-habla-primera-vez-desde-salida-carcel-periodismo-no-es-delito-trax\/","og_locale":"es_ES","og_type":"article","og_title":"Assange habla por primera vez en p\u00fablico desde su salida de la c\u00e1rcel: \"El periodismo no es un delito\" - Noticias","og_description":"(CNN) &#8212; El fundador de Wikileaks, Julian Assange, hace su primer discurso p\u00fablico desde su liberaci\u00f3n de una prisi\u00f3n brit\u00e1nica, hablando sobre su detenci\u00f3n en el organismo de derechos del Consejo de Europa. &#171;El periodismo no es un delito&#187;, dice Assange, fundador de Wikileaks, en su primer discurso desde su salida de prisi\u00f3n &#171;La cuesti\u00f3n [&hellip;]","og_url":"https:\/\/noticiasya.com\/2024\/10\/01\/assange-habla-primera-vez-desde-salida-carcel-periodismo-no-es-delito-trax\/","og_site_name":"Noticias","article_published_time":"2024-10-01T08:03:49+00:00","twitter_card":"summary_large_image","twitter_misc":{"Est. reading time":"1 minuto"},"schema":{"@context":"https:\/\/schema.org","@graph":[{"@type":"Article","@id":"https:\/\/noticiasya.com\/2024\/10\/01\/assange-habla-primera-vez-desde-salida-carcel-periodismo-no-es-delito-trax\/#article","isPartOf":{"@id":"https:\/\/noticiasya.com\/2024\/10\/01\/assange-habla-primera-vez-desde-salida-carcel-periodismo-no-es-delito-trax\/"},"author":{"name":"","@id":""},"headline":"Assange habla por primera vez en p\u00fablico desde su salida de la c\u00e1rcel: &#171;El periodismo no es un delito&#187;","datePublished":"2024-10-01T08:03:49+00:00","mainEntityOfPage":{"@id":"https:\/\/noticiasya.com\/2024\/10\/01\/assange-habla-primera-vez-desde-salida-carcel-periodismo-no-es-delito-trax\/"},"wordCount":184,"commentCount":0,"publisher":{"@id":"https:\/\/noticiasya.com\/#organization"},"articleSection":["Noticias Nacionales"],"inLanguage":"es","potentialAction":[{"@type":"CommentAction","name":"Comment","target":["https:\/\/noticiasya.com\/2024\/10\/01\/assange-habla-primera-vez-desde-salida-carcel-periodismo-no-es-delito-trax\/#respond"]}]},{"@type":"WebPage","@id":"https:\/\/noticiasya.com\/2024\/10\/01\/assange-habla-primera-vez-desde-salida-carcel-periodismo-no-es-delito-trax\/","url":"https:\/\/noticiasya.com\/2024\/10\/01\/assange-habla-primera-vez-desde-salida-carcel-periodismo-no-es-delito-trax\/","name":"Assange habla por primera vez en p\u00fablico desde su salida de la c\u00e1rcel: \"El periodismo no es un delito\" - Noticias","isPartOf":{"@id":"https:\/\/noticiasya.com\/#website"},"datePublished":"2024-10-01T08:03:49+00:00","breadcrumb":{"@id":"https:\/\/noticiasya.com\/2024\/10\/01\/assange-habla-primera-vez-desde-salida-carcel-periodismo-no-es-delito-trax\/#breadcrumb"},"inLanguage":"es","potentialAction":[{"@type":"ReadAction","target":["https:\/\/noticiasya.com\/2024\/10\/01\/assange-habla-primera-vez-desde-salida-carcel-periodismo-no-es-delito-trax\/"]}]},{"@type":"BreadcrumbList","@id":"https:\/\/noticiasya.com\/2024\/10\/01\/assange-habla-primera-vez-desde-salida-carcel-periodismo-no-es-delito-trax\/#breadcrumb","itemListElement":[{"@type":"ListItem","position":1,"name":"Home","item":"https:\/\/noticiasya.com\/"},{"@type":"ListItem","position":2,"name":"Assange habla por primera vez en p\u00fablico desde su salida de la c\u00e1rcel: &#171;El periodismo no es un delito&#187;"}]},{"@type":"WebSite","@id":"https:\/\/noticiasya.com\/#website","url":"https:\/\/noticiasya.com\/","name":"Noticias","description":"Lo que importa","publisher":{"@id":"https:\/\/noticiasya.com\/#organization"},"potentialAction":[{"@type":"SearchAction","target":{"@type":"EntryPoint","urlTemplate":"https:\/\/noticiasya.com\/?s={search_term_string}"},"query-input":{"@type":"PropertyValueSpecification","valueRequired":true,"valueName":"search_term_string"}}],"inLanguage":"es"},{"@type":"Organization","@id":"https:\/\/noticiasya.com\/#organization","name":"Noticias","url":"https:\/\/noticiasya.com\/","logo":{"@type":"ImageObject","inLanguage":"es","@id":"https:\/\/noticiasya.com\/#\/schema\/logo\/image\/","url":"https:\/\/noticiasya.com\/wp-content\/uploads\/sites\/22\/2023\/12\/logo-nacional.png","contentUrl":"https:\/\/noticiasya.com\/wp-content\/uploads\/sites\/22\/2023\/12\/logo-nacional.png","width":1801,"height":691,"caption":"Noticias"},"image":{"@id":"https:\/\/noticiasya.com\/#\/schema\/logo\/image\/"}}]}},"parsely":{"version":"1.1.0","canonical_url":"https:\/\/noticiasya.com\/midland-odessa\/2024\/10\/01\/assange-habla-primera-vez-desde-salida-carcel-periodismo-no-es-delito-trax\/","smart_links":{"inbound":0,"outbound":0},"traffic_boost_suggestions_count":0,"meta":{"@context":"https:\/\/schema.org","@type":"NewsArticle","headline":"Assange habla por primera vez en p\u00fablico desde su salida de la c\u00e1rcel: &#171;El periodismo no es un delito&#187;","url":"http:\/\/noticiasya.com\/midland-odessa\/2024\/10\/01\/assange-habla-primera-vez-desde-salida-carcel-periodismo-no-es-delito-trax\/","mainEntityOfPage":{"@type":"WebPage","@id":"http:\/\/noticiasya.com\/midland-odessa\/2024\/10\/01\/assange-habla-primera-vez-desde-salida-carcel-periodismo-no-es-delito-trax\/"},"thumbnailUrl":"","image":{"@type":"ImageObject","url":""},"articleSection":"Noticias Nacionales","author":[],"creator":[],"publisher":{"@type":"Organization","name":"Noticias","logo":""},"keywords":[],"dateCreated":"2024-10-01T08:03:49Z","datePublished":"2024-10-01T08:03:49Z","dateModified":"2024-10-01T08:03:49Z"},"rendered":"<script type=\"application\/ld+json\" class=\"wp-parsely-metadata\">{\"@context\":\"https:\\\/\\\/schema.org\",\"@type\":\"NewsArticle\",\"headline\":\"Assange habla por primera vez en p\\u00fablico desde su salida de la c\\u00e1rcel: &#171;El periodismo no es un delito&#187;\",\"url\":\"http:\\\/\\\/noticiasya.com\\\/midland-odessa\\\/2024\\\/10\\\/01\\\/assange-habla-primera-vez-desde-salida-carcel-periodismo-no-es-delito-trax\\\/\",\"mainEntityOfPage\":{\"@type\":\"WebPage\",\"@id\":\"http:\\\/\\\/noticiasya.com\\\/midland-odessa\\\/2024\\\/10\\\/01\\\/assange-habla-primera-vez-desde-salida-carcel-periodismo-no-es-delito-trax\\\/\"},\"thumbnailUrl\":\"\",\"image\":{\"@type\":\"ImageObject\",\"url\":\"\"},\"articleSection\":\"Noticias Nacionales\",\"author\":[],\"creator\":[],\"publisher\":{\"@type\":\"Organization\",\"name\":\"Noticias\",\"logo\":\"\"},\"keywords\":[],\"dateCreated\":\"2024-10-01T08:03:49Z\",\"datePublished\":\"2024-10-01T08:03:49Z\",\"dateModified\":\"2024-10-01T08:03:49Z\"}<\/script>","tracker_url":"https:\/\/cdn.parsely.com\/keys\/noticiasya.com\/p.js"},"jetpack_featured_media_url":"","jetpack-related-posts":[{"id":1450677,"url":"https:\/\/noticiasya.com\/midland-odessa\/2024\/06\/25\/julian-assange-regresa-australia-12-anos-batalla-legal-acuerdo-trax\/","url_meta":{"origin":1453245,"position":0},"title":"Julian Assange regresa a Australia tras 12 a\u00f1os de batalla legal. Esto es lo que sabemos sobre su acuerdo con EE.UU.","author":"","date":"junio 25, 2024","format":false,"excerpt":"(CNN) -- El fundador de WikiLeaks, Julian Assange, sali\u00f3 este lunes de una prisi\u00f3n brit\u00e1nica y emprendi\u00f3 el camino de regreso a su pa\u00eds de origen, Australia, despu\u00e9s de que su batalla de 12 a\u00f1os contra la extradici\u00f3n a Estados Unidos concluyera con un acuerdo de culpabilidad.El controvertido personaje ha\u2026","rel":"","context":"In &quot;Noticias Nacionales&quot;","block_context":{"text":"Noticias Nacionales","link":"https:\/\/noticiasya.com\/midland-odessa\/categoria\/noticias-nacionales"},"img":{"alt_text":"","src":"","width":0,"height":0},"classes":[]},{"id":1449570,"url":"https:\/\/noticiasya.com\/midland-odessa\/2024\/05\/18\/julian-assange-analisis-cambiar-el-mundo-trax\/","url_meta":{"origin":1453245,"position":1},"title":"AN\u00c1LISIS | La misi\u00f3n de Julian Assange era cambiar el mundo, pero \u00bfa qu\u00e9 precio?","author":"","date":"mayo 18, 2024","format":false,"excerpt":"(CNN) -- Julian Assange inici\u00f3 su sitio web de denuncia de irregularidades WikiLeaks en una b\u00fasqueda de \u201ctransparencia y verdad radical\u201d, una misi\u00f3n que convirti\u00f3 una personalidad ya polarizadora en un personaje notorio y que le vali\u00f3 defensores y cr\u00edticos en igual medida.La larga batalla por su extradici\u00f3n a Estados\u2026","rel":"","context":"In &quot;Noticias Nacionales&quot;","block_context":{"text":"Noticias Nacionales","link":"https:\/\/noticiasya.com\/midland-odessa\/categoria\/noticias-nacionales"},"img":{"alt_text":"","src":"","width":0,"height":0},"classes":[]},{"id":1450672,"url":"https:\/\/noticiasya.com\/midland-odessa\/2024\/06\/24\/julian-assange-acuerdo-gobierno-biden-evitar-carcel-estados-unidos-trax\/","url_meta":{"origin":1453245,"position":2},"title":"Julian Assange logra un acuerdo con el Gobierno de Biden que le permitir\u00eda evitar la c\u00e1rcel en EE.UU.","author":"","date":"junio 24, 2024","format":false,"excerpt":"(CNN) --\u00a0El fundador de WikiLeaks, Julian Assange, acept\u00f3 declararse culpable de un delito grave relacionado con su presunta participaci\u00f3n en una de las mayores filtraciones de material clasificado del Gobierno estadounidense, como parte de un acuerdo con el Departamento de Justicia que le permitir\u00eda evitar la c\u00e1rcel en Estados Unidos,\u2026","rel":"","context":"In &quot;Noticias Nacionales&quot;","block_context":{"text":"Noticias Nacionales","link":"https:\/\/noticiasya.com\/midland-odessa\/categoria\/noticias-nacionales"},"img":{"alt_text":"","src":"","width":0,"height":0},"classes":[]},{"id":1447872,"url":"https:\/\/noticiasya.com\/midland-odessa\/2024\/04\/08\/libertad-condicionada-ola-bini-assange-sistema-informatico-orix\/","url_meta":{"origin":1453245,"position":3},"title":"Otorgan libertad condicionada a Ola Bini, amigo de Julian Assange y condenado por acceso ilegal a sistema inform\u00e1tico en Ecuador","author":"","date":"abril 8, 2024","format":false,"excerpt":"(CNN Espa\u00f1ol) \u2013\u2013\u00a0Un tribunal de Ecuador acept\u00f3 este lunes un pedido de suspensi\u00f3n condicional de la pena de un a\u00f1o de prisi\u00f3n que se le hab\u00eda impuesto al programador de origen sueco Ola Bini, amigo del cofundador de Wikileaks Julian Assange, por el delito de acceso no consentido a un\u2026","rel":"","context":"In &quot;Noticias Nacionales&quot;","block_context":{"text":"Noticias Nacionales","link":"https:\/\/noticiasya.com\/midland-odessa\/categoria\/noticias-nacionales"},"img":{"alt_text":"","src":"","width":0,"height":0},"classes":[]},{"id":1450701,"url":"https:\/\/noticiasya.com\/midland-odessa\/2024\/06\/25\/assange-culpable-conspiracion-tribunal-estadounidense-trax\/","url_meta":{"origin":1453245,"position":4},"title":"Julian Assange pone fin al estancamiento con Estados Unidos e intercambia una declaraci\u00f3n de culpabilidad por su libertad","author":"","date":"junio 25, 2024","format":false,"excerpt":"(CNN) -- El fundador de WikiLeaks, Julian Assange, saldr\u00e1 libre por primera vez en 12 a\u00f1os despu\u00e9s de que un juez estadounidense aprobara su inesperado acuerdo de culpabilidad este mi\u00e9rcoles por la ma\u00f1ana.En un sorprendente giro de los acontecimientos, el australiano de 52 a\u00f1os fue liberado de una prisi\u00f3n de\u2026","rel":"","context":"In &quot;Noticias Nacionales&quot;","block_context":{"text":"Noticias Nacionales","link":"https:\/\/noticiasya.com\/midland-odessa\/categoria\/noticias-nacionales"},"img":{"alt_text":"","src":"","width":0,"height":0},"classes":[]},{"id":1449615,"url":"https:\/\/noticiasya.com\/midland-odessa\/2024\/05\/20\/assange-apelar-extradicion-estados-unidos-trax\/","url_meta":{"origin":1453245,"position":5},"title":"Julian Assange puede apelar la extradici\u00f3n a Estados Unidos, dictamina un tribunal del Reino Unido","author":"","date":"mayo 20, 2024","format":false,"excerpt":"(CNN) -- El Tribunal Superior de Londres dictamin\u00f3 que Julian Assange tiene derecho a apelar en su \u00faltimo desaf\u00edo contra la extradici\u00f3n a Estados Unidos.La victoria legal para el fundador de WikiLeaks fue celebrada por decenas de sus seguidores mientras se manifestaban fuera del tribunal en la capital brit\u00e1nica.El equipo\u2026","rel":"","context":"In &quot;Noticias Nacionales&quot;","block_context":{"text":"Noticias Nacionales","link":"https:\/\/noticiasya.com\/midland-odessa\/categoria\/noticias-nacionales"},"img":{"alt_text":"","src":"","width":0,"height":0},"classes":[]}],"jetpack_sharing_enabled":true,"_links":{"self":[{"href":"https:\/\/noticiasya.com\/midland-odessa\/wp-json\/wp\/v2\/posts\/1453245","targetHints":{"allow":["GET"]}}],"collection":[{"href":"https:\/\/noticiasya.com\/midland-odessa\/wp-json\/wp\/v2\/posts"}],"about":[{"href":"https:\/\/noticiasya.com\/midland-odessa\/wp-json\/wp\/v2\/types\/post"}],"replies":[{"embeddable":true,"href":"https:\/\/noticiasya.com\/midland-odessa\/wp-json\/wp\/v2\/comments?post=1453245"}],"version-history":[{"count":0,"href":"https:\/\/noticiasya.com\/midland-odessa\/wp-json\/wp\/v2\/posts\/1453245\/revisions"}],"wp:attachment":[{"href":"https:\/\/noticiasya.com\/midland-odessa\/wp-json\/wp\/v2\/media?parent=1453245"}],"wp:term":[{"taxonomy":"category","embeddable":true,"href":"https:\/\/noticiasya.com\/midland-odessa\/wp-json\/wp\/v2\/categories?post=1453245"},{"taxonomy":"post_tag","embeddable":true,"href":"https:\/\/noticiasya.com\/midland-odessa\/wp-json\/wp\/v2\/tags?post=1453245"}],"curies":[{"name":"wp","href":"https:\/\/api.w.org\/{rel}","templated":true}]}}