{"id":1453248,"date":"2024-10-01T04:03:41","date_gmt":"2024-10-01T11:03:41","guid":{"rendered":"https:\/\/noticiasya.com\/2024\/10\/01\/quien-es-octavio-romero-oropeza-titular-del-infonavit-orix\/"},"modified":"2024-10-01T04:03:41","modified_gmt":"2024-10-01T11:03:41","slug":"quien-es-octavio-romero-oropeza-titular-del-infonavit-orix","status":"publish","type":"post","link":"https:\/\/noticiasya.com\/midland-odessa\/2024\/10\/01\/quien-es-octavio-romero-oropeza-titular-del-infonavit-orix\/","title":{"rendered":"Qui\u00e9n es Octavio Romero Oropeza, titular del INFONAVIT"},"content":{"rendered":"<p>(CNN Espa\u00f1ol) &#8212; Octavio Romero Oropeza asumir\u00e1 el cargo de director general del Instituto del Fondo Nacional de la Vivienda para los Trabajadores (INFONAVIT). Este ingeniero agr\u00f3nomo, egresado del Colegio Superior de Agricultura Tropical de Tabasco, continuar\u00e1 en el servicio p\u00fablico, aunque ya no en su rol de director de Pemex, puesto que dejar\u00e1 este puesto para asumir como titular de este fondo de vivienda.<\/p>\n<p>Romero Oropeza es un compa\u00f1ero pol\u00edtico de larga data del expresidente Andr\u00e9s Manuel L\u00f3pez Obrador, ya que fue presidente del comit\u00e9 ejecutivo estatal del PRD en Tabasco de 1998 a 2000, a\u00f1os en los que coincide con L\u00f3pez Obrador como dirigente nacional del partido (1996-1999).<\/p>\n<p>Luego trabajaron juntos cuando el ahora exmandatario fue jefe de Gobierno de la Ciudad de M\u00e9xico, pues Romero Oropeza fue su oficial mayor de 2000 a 2005.<\/p>\n<p>Su trayectoria pol\u00edtica en la izquierda<\/p>\n<p>Fue miembro del Partido de la Revoluci\u00f3n Democr\u00e1tica y consejero nacional y oficial mayor del partido durante el liderazgo de L\u00f3pez Obrador; tambi\u00e9n fue diputado federal de 1994 a 1997 de la LVI Legislatura, de acuerdo con datos biogr\u00e1ficos publicados por la Fundaci\u00f3n Euroam\u00e9rica y el equipo de Claudia Sheinbaum.<\/p>\n<p>Tras la fundaci\u00f3n de Morena en 2014, Romero deja el PRD y se suma al movimiento de L\u00f3pez Obrador. Luego de las elecciones presidenciales de 2006, en las que fue proclamado ganador Felipe Calder\u00f3n, L\u00f3pez Obrador denunci\u00f3 que hubo fraude, por lo que form\u00f3 un gobierno alterno en el que particip\u00f3 Octavio Romero como secretario para la Honestidad y Austeridad Republicana.<\/p>\n<p>Ya en 2018, cuando L\u00f3pez Obrador gan\u00f3 la presidencia de M\u00e9xico, Romero fue designado director general de Petr\u00f3leos Mexicanos (Pemex). Desde ese puesto, seg\u00fan el perfil publicado por el nuevo gobierno, trabaj\u00f3 para &#171;alcanzar la autosuficiencia petrolera, erradicar la corrupci\u00f3n y rescatar la soberan\u00eda de la mayor empresa mexicana&#187;.<\/p>\n<p>Octavio Romero tambi\u00e9n ha sido profesor de Matem\u00e1ticas en el Colegio de Ciencias y Humanidades de Tabasco, y catedr\u00e1tico de \u00c1lgebra y Estad\u00edstica en la Universidad Ju\u00e1rez Aut\u00f3noma de Tabasco.<\/p>\n<p>The-CNN-Wire<br \/>&trade; &amp; &copy; 2024 Cable News Network, Inc., a Warner Bros. Discovery Company. All rights reserved.<\/p>\n","protected":false},"excerpt":{"rendered":"<p>(CNN Espa\u00f1ol) &#8212; Octavio Romero Oropeza asumir\u00e1 el cargo de director general del Instituto del Fondo Nacional de la Vivienda para los Trabajadores (INFONAVIT). Este ingeniero agr\u00f3nomo, egresado del Colegio Superior de Agricultura Tropical de Tabasco, continuar\u00e1 en el servicio p\u00fablico, aunque ya no en su rol de director de Pemex, puesto que dejar\u00e1 este [&hellip;]<\/p>\n","protected":false},"author":0,"featured_media":0,"comment_status":"open","ping_status":"open","sticky":false,"template":"","format":"standard","meta":{"_jetpack_memberships_contains_paid_content":false,"footnotes":""},"categories":[10],"tags":[],"class_list":["post-1453248","post","type-post","status-publish","format-standard","hentry","category-noticias-nacionales","market-global"],"yoast_head":"<!-- This site is optimized with the Yoast SEO plugin v24.4 - https:\/\/yoast.com\/wordpress\/plugins\/seo\/ -->\n<title>Qui\u00e9n es Octavio Romero Oropeza, titular del INFONAVIT - Noticias<\/title>\n<meta name=\"robots\" content=\"index, follow, max-snippet:-1, max-image-preview:large, max-video-preview:-1\" \/>\n<link rel=\"canonical\" href=\"https:\/\/noticiasya.com\/2024\/10\/01\/quien-es-octavio-romero-oropeza-titular-del-infonavit-orix\/\" \/>\n<meta property=\"og:locale\" content=\"es_ES\" \/>\n<meta property=\"og:type\" content=\"article\" \/>\n<meta property=\"og:title\" content=\"Qui\u00e9n es Octavio Romero Oropeza, titular del INFONAVIT - Noticias\" \/>\n<meta property=\"og:description\" content=\"(CNN Espa\u00f1ol) &#8212; Octavio Romero Oropeza asumir\u00e1 el cargo de director general del Instituto del Fondo Nacional de la Vivienda para los Trabajadores (INFONAVIT). Este ingeniero agr\u00f3nomo, egresado del Colegio Superior de Agricultura Tropical de Tabasco, continuar\u00e1 en el servicio p\u00fablico, aunque ya no en su rol de director de Pemex, puesto que dejar\u00e1 este [&hellip;]\" \/>\n<meta property=\"og:url\" content=\"https:\/\/noticiasya.com\/2024\/10\/01\/quien-es-octavio-romero-oropeza-titular-del-infonavit-orix\/\" \/>\n<meta property=\"og:site_name\" content=\"Noticias\" \/>\n<meta property=\"article:published_time\" content=\"2024-10-01T11:03:41+00:00\" \/>\n<meta name=\"twitter:card\" content=\"summary_large_image\" \/>\n<meta name=\"twitter:label1\" content=\"Est. reading time\" \/>\n\t<meta name=\"twitter:data1\" content=\"2 minutos\" \/>\n<script type=\"application\/ld+json\" class=\"yoast-schema-graph\">{\"@context\":\"https:\/\/schema.org\",\"@graph\":[{\"@type\":\"Article\",\"@id\":\"https:\/\/noticiasya.com\/2024\/10\/01\/quien-es-octavio-romero-oropeza-titular-del-infonavit-orix\/#article\",\"isPartOf\":{\"@id\":\"https:\/\/noticiasya.com\/2024\/10\/01\/quien-es-octavio-romero-oropeza-titular-del-infonavit-orix\/\"},\"author\":{\"name\":\"\",\"@id\":\"\"},\"headline\":\"Qui\u00e9n es Octavio Romero Oropeza, titular del INFONAVIT\",\"datePublished\":\"2024-10-01T11:03:41+00:00\",\"mainEntityOfPage\":{\"@id\":\"https:\/\/noticiasya.com\/2024\/10\/01\/quien-es-octavio-romero-oropeza-titular-del-infonavit-orix\/\"},\"wordCount\":383,\"commentCount\":0,\"publisher\":{\"@id\":\"https:\/\/noticiasya.com\/#organization\"},\"articleSection\":[\"Noticias Nacionales\"],\"inLanguage\":\"es\",\"potentialAction\":[{\"@type\":\"CommentAction\",\"name\":\"Comment\",\"target\":[\"https:\/\/noticiasya.com\/2024\/10\/01\/quien-es-octavio-romero-oropeza-titular-del-infonavit-orix\/#respond\"]}]},{\"@type\":\"WebPage\",\"@id\":\"https:\/\/noticiasya.com\/2024\/10\/01\/quien-es-octavio-romero-oropeza-titular-del-infonavit-orix\/\",\"url\":\"https:\/\/noticiasya.com\/2024\/10\/01\/quien-es-octavio-romero-oropeza-titular-del-infonavit-orix\/\",\"name\":\"Qui\u00e9n es Octavio Romero Oropeza, titular del INFONAVIT - Noticias\",\"isPartOf\":{\"@id\":\"https:\/\/noticiasya.com\/#website\"},\"datePublished\":\"2024-10-01T11:03:41+00:00\",\"breadcrumb\":{\"@id\":\"https:\/\/noticiasya.com\/2024\/10\/01\/quien-es-octavio-romero-oropeza-titular-del-infonavit-orix\/#breadcrumb\"},\"inLanguage\":\"es\",\"potentialAction\":[{\"@type\":\"ReadAction\",\"target\":[\"https:\/\/noticiasya.com\/2024\/10\/01\/quien-es-octavio-romero-oropeza-titular-del-infonavit-orix\/\"]}]},{\"@type\":\"BreadcrumbList\",\"@id\":\"https:\/\/noticiasya.com\/2024\/10\/01\/quien-es-octavio-romero-oropeza-titular-del-infonavit-orix\/#breadcrumb\",\"itemListElement\":[{\"@type\":\"ListItem\",\"position\":1,\"name\":\"Home\",\"item\":\"https:\/\/noticiasya.com\/\"},{\"@type\":\"ListItem\",\"position\":2,\"name\":\"Qui\u00e9n es Octavio Romero Oropeza, titular del INFONAVIT\"}]},{\"@type\":\"WebSite\",\"@id\":\"https:\/\/noticiasya.com\/#website\",\"url\":\"https:\/\/noticiasya.com\/\",\"name\":\"Noticias\",\"description\":\"Lo que importa\",\"publisher\":{\"@id\":\"https:\/\/noticiasya.com\/#organization\"},\"potentialAction\":[{\"@type\":\"SearchAction\",\"target\":{\"@type\":\"EntryPoint\",\"urlTemplate\":\"https:\/\/noticiasya.com\/?s={search_term_string}\"},\"query-input\":{\"@type\":\"PropertyValueSpecification\",\"valueRequired\":true,\"valueName\":\"search_term_string\"}}],\"inLanguage\":\"es\"},{\"@type\":\"Organization\",\"@id\":\"https:\/\/noticiasya.com\/#organization\",\"name\":\"Noticias\",\"url\":\"https:\/\/noticiasya.com\/\",\"logo\":{\"@type\":\"ImageObject\",\"inLanguage\":\"es\",\"@id\":\"https:\/\/noticiasya.com\/#\/schema\/logo\/image\/\",\"url\":\"https:\/\/noticiasya.com\/wp-content\/uploads\/sites\/22\/2023\/12\/logo-nacional.png\",\"contentUrl\":\"https:\/\/noticiasya.com\/wp-content\/uploads\/sites\/22\/2023\/12\/logo-nacional.png\",\"width\":1801,\"height\":691,\"caption\":\"Noticias\"},\"image\":{\"@id\":\"https:\/\/noticiasya.com\/#\/schema\/logo\/image\/\"}}]}<\/script>\n<!-- \/ Yoast SEO plugin. -->","yoast_head_json":{"title":"Qui\u00e9n es Octavio Romero Oropeza, titular del INFONAVIT - Noticias","robots":{"index":"index","follow":"follow","max-snippet":"max-snippet:-1","max-image-preview":"max-image-preview:large","max-video-preview":"max-video-preview:-1"},"canonical":"https:\/\/noticiasya.com\/2024\/10\/01\/quien-es-octavio-romero-oropeza-titular-del-infonavit-orix\/","og_locale":"es_ES","og_type":"article","og_title":"Qui\u00e9n es Octavio Romero Oropeza, titular del INFONAVIT - Noticias","og_description":"(CNN Espa\u00f1ol) &#8212; Octavio Romero Oropeza asumir\u00e1 el cargo de director general del Instituto del Fondo Nacional de la Vivienda para los Trabajadores (INFONAVIT). Este ingeniero agr\u00f3nomo, egresado del Colegio Superior de Agricultura Tropical de Tabasco, continuar\u00e1 en el servicio p\u00fablico, aunque ya no en su rol de director de Pemex, puesto que dejar\u00e1 este [&hellip;]","og_url":"https:\/\/noticiasya.com\/2024\/10\/01\/quien-es-octavio-romero-oropeza-titular-del-infonavit-orix\/","og_site_name":"Noticias","article_published_time":"2024-10-01T11:03:41+00:00","twitter_card":"summary_large_image","twitter_misc":{"Est. reading time":"2 minutos"},"schema":{"@context":"https:\/\/schema.org","@graph":[{"@type":"Article","@id":"https:\/\/noticiasya.com\/2024\/10\/01\/quien-es-octavio-romero-oropeza-titular-del-infonavit-orix\/#article","isPartOf":{"@id":"https:\/\/noticiasya.com\/2024\/10\/01\/quien-es-octavio-romero-oropeza-titular-del-infonavit-orix\/"},"author":{"name":"","@id":""},"headline":"Qui\u00e9n es Octavio Romero Oropeza, titular del INFONAVIT","datePublished":"2024-10-01T11:03:41+00:00","mainEntityOfPage":{"@id":"https:\/\/noticiasya.com\/2024\/10\/01\/quien-es-octavio-romero-oropeza-titular-del-infonavit-orix\/"},"wordCount":383,"commentCount":0,"publisher":{"@id":"https:\/\/noticiasya.com\/#organization"},"articleSection":["Noticias Nacionales"],"inLanguage":"es","potentialAction":[{"@type":"CommentAction","name":"Comment","target":["https:\/\/noticiasya.com\/2024\/10\/01\/quien-es-octavio-romero-oropeza-titular-del-infonavit-orix\/#respond"]}]},{"@type":"WebPage","@id":"https:\/\/noticiasya.com\/2024\/10\/01\/quien-es-octavio-romero-oropeza-titular-del-infonavit-orix\/","url":"https:\/\/noticiasya.com\/2024\/10\/01\/quien-es-octavio-romero-oropeza-titular-del-infonavit-orix\/","name":"Qui\u00e9n es Octavio Romero Oropeza, titular del INFONAVIT - Noticias","isPartOf":{"@id":"https:\/\/noticiasya.com\/#website"},"datePublished":"2024-10-01T11:03:41+00:00","breadcrumb":{"@id":"https:\/\/noticiasya.com\/2024\/10\/01\/quien-es-octavio-romero-oropeza-titular-del-infonavit-orix\/#breadcrumb"},"inLanguage":"es","potentialAction":[{"@type":"ReadAction","target":["https:\/\/noticiasya.com\/2024\/10\/01\/quien-es-octavio-romero-oropeza-titular-del-infonavit-orix\/"]}]},{"@type":"BreadcrumbList","@id":"https:\/\/noticiasya.com\/2024\/10\/01\/quien-es-octavio-romero-oropeza-titular-del-infonavit-orix\/#breadcrumb","itemListElement":[{"@type":"ListItem","position":1,"name":"Home","item":"https:\/\/noticiasya.com\/"},{"@type":"ListItem","position":2,"name":"Qui\u00e9n es Octavio Romero Oropeza, titular del INFONAVIT"}]},{"@type":"WebSite","@id":"https:\/\/noticiasya.com\/#website","url":"https:\/\/noticiasya.com\/","name":"Noticias","description":"Lo que importa","publisher":{"@id":"https:\/\/noticiasya.com\/#organization"},"potentialAction":[{"@type":"SearchAction","target":{"@type":"EntryPoint","urlTemplate":"https:\/\/noticiasya.com\/?s={search_term_string}"},"query-input":{"@type":"PropertyValueSpecification","valueRequired":true,"valueName":"search_term_string"}}],"inLanguage":"es"},{"@type":"Organization","@id":"https:\/\/noticiasya.com\/#organization","name":"Noticias","url":"https:\/\/noticiasya.com\/","logo":{"@type":"ImageObject","inLanguage":"es","@id":"https:\/\/noticiasya.com\/#\/schema\/logo\/image\/","url":"https:\/\/noticiasya.com\/wp-content\/uploads\/sites\/22\/2023\/12\/logo-nacional.png","contentUrl":"https:\/\/noticiasya.com\/wp-content\/uploads\/sites\/22\/2023\/12\/logo-nacional.png","width":1801,"height":691,"caption":"Noticias"},"image":{"@id":"https:\/\/noticiasya.com\/#\/schema\/logo\/image\/"}}]}},"parsely":{"version":"1.1.0","canonical_url":"https:\/\/noticiasya.com\/midland-odessa\/2024\/10\/01\/quien-es-octavio-romero-oropeza-titular-del-infonavit-orix\/","smart_links":{"inbound":0,"outbound":0},"traffic_boost_suggestions_count":0,"meta":{"@context":"https:\/\/schema.org","@type":"NewsArticle","headline":"Qui\u00e9n es Octavio Romero Oropeza, titular del INFONAVIT","url":"http:\/\/noticiasya.com\/midland-odessa\/2024\/10\/01\/quien-es-octavio-romero-oropeza-titular-del-infonavit-orix\/","mainEntityOfPage":{"@type":"WebPage","@id":"http:\/\/noticiasya.com\/midland-odessa\/2024\/10\/01\/quien-es-octavio-romero-oropeza-titular-del-infonavit-orix\/"},"thumbnailUrl":"","image":{"@type":"ImageObject","url":""},"articleSection":"Noticias Nacionales","author":[],"creator":[],"publisher":{"@type":"Organization","name":"Noticias","logo":""},"keywords":[],"dateCreated":"2024-10-01T11:03:41Z","datePublished":"2024-10-01T11:03:41Z","dateModified":"2024-10-01T11:03:41Z"},"rendered":"<script type=\"application\/ld+json\" class=\"wp-parsely-metadata\">{\"@context\":\"https:\\\/\\\/schema.org\",\"@type\":\"NewsArticle\",\"headline\":\"Qui\\u00e9n es Octavio Romero Oropeza, titular del INFONAVIT\",\"url\":\"http:\\\/\\\/noticiasya.com\\\/midland-odessa\\\/2024\\\/10\\\/01\\\/quien-es-octavio-romero-oropeza-titular-del-infonavit-orix\\\/\",\"mainEntityOfPage\":{\"@type\":\"WebPage\",\"@id\":\"http:\\\/\\\/noticiasya.com\\\/midland-odessa\\\/2024\\\/10\\\/01\\\/quien-es-octavio-romero-oropeza-titular-del-infonavit-orix\\\/\"},\"thumbnailUrl\":\"\",\"image\":{\"@type\":\"ImageObject\",\"url\":\"\"},\"articleSection\":\"Noticias Nacionales\",\"author\":[],\"creator\":[],\"publisher\":{\"@type\":\"Organization\",\"name\":\"Noticias\",\"logo\":\"\"},\"keywords\":[],\"dateCreated\":\"2024-10-01T11:03:41Z\",\"datePublished\":\"2024-10-01T11:03:41Z\",\"dateModified\":\"2024-10-01T11:03:41Z\"}<\/script>","tracker_url":"https:\/\/cdn.parsely.com\/keys\/noticiasya.com\/p.js"},"jetpack_featured_media_url":"","jetpack-related-posts":[{"id":1446160,"url":"https:\/\/noticiasya.com\/midland-odessa\/2024\/03\/01\/elecciones-presidenciales-mexico-2024-candidatos-presidenciales-orix\/","url_meta":{"origin":1453248,"position":0},"title":"Elecciones presidenciales de M\u00e9xico 2024: estos son los candidatos","author":"","date":"marzo 1, 2024","format":false,"excerpt":"(CNN Espa\u00f1ol) --\u00a0 Las elecciones generales del 2 de junio de 2024 en M\u00e9xico ser\u00e1n las m\u00e1s grandes de la historia, seg\u00fan el Instituto Nacional Electoral (INE), debido a que se espera la afluencia de unos 98 millones de posibles votantes, lo que representa entre 8 y 9 millones de\u2026","rel":"","context":"In &quot;Noticias Nacionales&quot;","block_context":{"text":"Noticias Nacionales","link":"https:\/\/noticiasya.com\/midland-odessa\/categoria\/noticias-nacionales"},"img":{"alt_text":"","src":"","width":0,"height":0},"classes":[]},{"id":1446463,"url":"https:\/\/noticiasya.com\/midland-odessa\/2024\/03\/04\/elecciones-presidenciales-mexico-2024-candidatos-presidenciales-orix-2\/","url_meta":{"origin":1453248,"position":1},"title":"Elecciones presidenciales de M\u00e9xico 2024: estos son los candidatos","author":"","date":"marzo 4, 2024","format":false,"excerpt":"(CNN Espa\u00f1ol) --\u00a0 Las elecciones generales del 2 de junio de 2024 en M\u00e9xico ser\u00e1n las m\u00e1s grandes de la historia, seg\u00fan el Instituto Nacional Electoral (INE), debido a que se espera la afluencia de unos 98 millones de posibles votantes, lo que representa entre 8 y 9 millones de\u2026","rel":"","context":"In &quot;Noticias Nacionales&quot;","block_context":{"text":"Noticias Nacionales","link":"https:\/\/noticiasya.com\/midland-odessa\/categoria\/noticias-nacionales"},"img":{"alt_text":"","src":"","width":0,"height":0},"classes":[]},{"id":1451660,"url":"https:\/\/noticiasya.com\/midland-odessa\/2024\/08\/07\/comando-venezuela-detencion-lider-portugesa-orix\/","url_meta":{"origin":1453248,"position":2},"title":"Comando con Venezuela denuncia detenci\u00f3n de l\u00edder local en el estado Portuguesa","author":"","date":"agosto 7, 2024","format":false,"excerpt":"(CNN Espa\u00f1ol) -- Una l\u00edder estatal de la oposici\u00f3n venezolana fue detenida el martes por la noche por funcionarios de contrainteligencia, seg\u00fan report\u00f3 en X Comando con Venezuela. El grupo, tambi\u00e9n conocido como el comando nacional de campa\u00f1a de la Plataforma Unitaria Democr\u00e1tica, public\u00f3 un video que mostraba c\u00f3mo detuvieron\u2026","rel":"","context":"In &quot;Noticias Nacionales&quot;","block_context":{"text":"Noticias Nacionales","link":"https:\/\/noticiasya.com\/midland-odessa\/categoria\/noticias-nacionales"},"img":{"alt_text":"","src":"","width":0,"height":0},"classes":[]},{"id":1456682,"url":"https:\/\/noticiasya.com\/midland-odessa\/2024\/12\/17\/reforma-vivienda-mexico-cambios-a-quien-beneficiara-orix\/","url_meta":{"origin":1453248,"position":3},"title":"\u00bfC\u00f3mo es la reforma al Infonavit en M\u00e9xico, qu\u00e9 cambios presenta y por qu\u00e9 es pol\u00e9mica?","author":"","date":"diciembre 17, 2024","format":false,"excerpt":"(CNN Espa\u00f1ol) \u2013 El Gobierno de Claudia Sheinbaum busca construir un mill\u00f3n de viviendas a bajo costo para garantizar el derecho a un techo de familias mexicanas. Para lograr ese objetivo, el Senado de M\u00e9xico aprob\u00f3 en lo general una reforma constitucional en materia de vivienda. A continuaci\u00f3n, te contamos\u2026","rel":"","context":"In &quot;Noticias Nacionales&quot;","block_context":{"text":"Noticias Nacionales","link":"https:\/\/noticiasya.com\/midland-odessa\/categoria\/noticias-nacionales"},"img":{"alt_text":"","src":"","width":0,"height":0},"classes":[]},{"id":1471494,"url":"https:\/\/noticiasya.com\/midland-odessa\/2026\/02\/20\/poder-sombra-sheinbaum-morena-orix\/","url_meta":{"origin":1453248,"position":4},"title":"El poder en la sombra: Sheinbaum y la lucha por el control de su presidencia y de Morena","author":"","date":"febrero 20, 2026","format":false,"excerpt":"La presidenta de M\u00e9xico, Claudia Sheinbaum, libra una lucha por el control de su propio mandato. Son muchos frentes de batalla al interior de su gobierno y su movimiento \u2014el de la autollamada \u201ccuarta transformaci\u00f3n\u201d\u2014, que van desde dominio territorial del partido Morena y los poderes f\u00e1cticos a las posiciones\u2026","rel":"","context":"In &quot;Noticias Nacionales&quot;","block_context":{"text":"Noticias Nacionales","link":"https:\/\/noticiasya.com\/midland-odessa\/categoria\/noticias-nacionales"},"img":{"alt_text":"","src":"","width":0,"height":0},"classes":[]},{"id":1464655,"url":"https:\/\/noticiasya.com\/midland-odessa\/2025\/07\/18\/interpol-notificacion-roja-hernan-bermudez-exsecretario-seguridad-tabasco-orix\/","url_meta":{"origin":1453248,"position":5},"title":"Interpol emite notificaci\u00f3n roja contra Hern\u00e1n Berm\u00fadez, exsecretario de Seguridad de Tabasco","author":"","date":"julio 18, 2025","format":false,"excerpt":"La Organizaci\u00f3n Internacional de Polic\u00eda Criminal (Interpol) emiti\u00f3 una alerta roja \u2015de localizaci\u00f3n y detenci\u00f3n provisional\u2015 contra Hern\u00e1n Berm\u00fadez Requena, exsecretario de Seguridad de Tabasco, quien, seg\u00fan las autoridades federales, est\u00e1 acusado de presuntamente fundar un grupo criminal en ese estado del sureste de M\u00e9xico, confirm\u00f3 este viernes la Secretar\u00eda\u2026","rel":"","context":"In &quot;Noticias Nacionales&quot;","block_context":{"text":"Noticias Nacionales","link":"https:\/\/noticiasya.com\/midland-odessa\/categoria\/noticias-nacionales"},"img":{"alt_text":"","src":"","width":0,"height":0},"classes":[]}],"jetpack_sharing_enabled":true,"_links":{"self":[{"href":"https:\/\/noticiasya.com\/midland-odessa\/wp-json\/wp\/v2\/posts\/1453248","targetHints":{"allow":["GET"]}}],"collection":[{"href":"https:\/\/noticiasya.com\/midland-odessa\/wp-json\/wp\/v2\/posts"}],"about":[{"href":"https:\/\/noticiasya.com\/midland-odessa\/wp-json\/wp\/v2\/types\/post"}],"replies":[{"embeddable":true,"href":"https:\/\/noticiasya.com\/midland-odessa\/wp-json\/wp\/v2\/comments?post=1453248"}],"version-history":[{"count":0,"href":"https:\/\/noticiasya.com\/midland-odessa\/wp-json\/wp\/v2\/posts\/1453248\/revisions"}],"wp:attachment":[{"href":"https:\/\/noticiasya.com\/midland-odessa\/wp-json\/wp\/v2\/media?parent=1453248"}],"wp:term":[{"taxonomy":"category","embeddable":true,"href":"https:\/\/noticiasya.com\/midland-odessa\/wp-json\/wp\/v2\/categories?post=1453248"},{"taxonomy":"post_tag","embeddable":true,"href":"https:\/\/noticiasya.com\/midland-odessa\/wp-json\/wp\/v2\/tags?post=1453248"}],"curies":[{"name":"wp","href":"https:\/\/api.w.org\/{rel}","templated":true}]}}