{"id":1453249,"date":"2024-10-01T08:04:01","date_gmt":"2024-10-01T15:04:01","guid":{"rendered":"https:\/\/noticiasya.com\/2024\/10\/01\/boris-johnson-memorias-reina-isabel-ii-cancer-huesos-trax\/"},"modified":"2024-10-01T08:04:01","modified_gmt":"2024-10-01T15:04:01","slug":"boris-johnson-memorias-reina-isabel-ii-cancer-huesos-trax","status":"publish","type":"post","link":"https:\/\/noticiasya.com\/midland-odessa\/2024\/10\/01\/boris-johnson-memorias-reina-isabel-ii-cancer-huesos-trax\/","title":{"rendered":"Boris Johnson dice en sus memorias que la reina Isabel II sufr\u00eda c\u00e1ncer de huesos"},"content":{"rendered":"<p>(CNN) &#8212;\u00a0El ex primer ministro brit\u00e1nico Boris Johnson ha roto controvertidamente el protocolo real y ha afirmado en sus memorias que est\u00e1n pr\u00f3ximas a ser publicadas que la reina Isabel II sufr\u00eda de c\u00e1ncer de huesos antes de su muerte.<\/p>\n<p>En el libro, que saldr\u00e1 a la venta el 10 de octubre y ha sido serializado esta semana en el peri\u00f3dico Daily Mail, para el cual Johnson tambi\u00e9n escribe, el ex primer ministro record\u00f3 los \u00faltimos d\u00edas de la monarca en Balmoral, Escocia.<\/p>\n<p>Johnson renunci\u00f3 formalmente solo dos d\u00edas antes de la muerte de Isabel II en septiembre de 2022, y en los a\u00f1os transcurridos desde entonces, ha habido una feroz especulaci\u00f3n sobre por qu\u00e9 falleci\u00f3 exactamente.<\/p>\n<p>Este retrato de la reina Isabel II con sus nietos tomado por la princesa Kate tambi\u00e9n fue editado, seg\u00fan Getty Images<\/p>\n<p>&#171;Sab\u00eda desde hac\u00eda un a\u00f1o o m\u00e1s que ten\u00eda una forma de c\u00e1ncer de huesos, y sus m\u00e9dicos estaban preocupados de que en cualquier momento pudiera entrar en un declive agudo&#187;, escribi\u00f3 en el extracto.<\/p>\n<p>El relato de Johnson es la primera indicaci\u00f3n p\u00fablica de un ex alto funcionario del gobierno sobre cu\u00e1l podr\u00eda haber sido la causa de la muerte de la reina. En su certificado de defunci\u00f3n se indica &#171;vejez&#187; como causa de muerte.<\/p>\n<p>Johnson no es el primer primer ministro en recordar su vida, tiempo en el cargo e interacciones con la difunta reina en una autobiograf\u00eda. Los ex l\u00edderes brit\u00e1nicos Tony Blair, Gordon Brown y David Cameron tambi\u00e9n lo hicieron, pero con generalidades y sin el mismo nivel de detalle que Johnson.<\/p>\n<p>El Palacio de Buckingham tiene una pol\u00edtica de no comentar sobre libros publicados sobre la familia real y, como tal, no ha confirmado ni negado las afirmaciones de Johnson.<\/p>\n<p>Johnson, quien se desempe\u00f1\u00f3 como primer ministro entre 2019 y 2022, recuerda haber viajado a la residencia real de Balmoral para la audiencia de despedida y renuncia. A su llegada, recuerda haber sido recibido por el secretario privado de la reina, Edward Young, quien le sugiri\u00f3 que ella hab\u00eda empeorado significativamente durante el verano.<\/p>\n<p>Al recordar la \u00faltima vez que se sentaron juntos en la sala de dibujo de la reina, Johnson dijo que entendi\u00f3 la advertencia de Young.<\/p>\n<p>&#171;Parec\u00eda p\u00e1lida y m\u00e1s encorvada, y ten\u00eda moretones oscuros en las manos y mu\u00f1ecas, probablemente por goteos o inyecciones&#187;, escribi\u00f3.<\/p>\n<p>&#171;Pero su mente, como tambi\u00e9n hab\u00eda dicho Edward, no estaba en absoluto afectada por su enfermedad, y de vez en cuando en nuestra conversaci\u00f3n todav\u00eda mostraba esa gran sonrisa blanca con su belleza repentina que levantaba el \u00e1nimo&#187;.<\/p>\n<p>Johnson describi\u00f3 las audiencias semanales con la monarca como &#171;un privilegio&#187; y &#171;un b\u00e1lsamo&#187;.<\/p>\n<p>&#171;Radiaba una \u00e9tica de servicio, paciencia y liderazgo que realmente sent\u00edas que, si fuera necesario, morir\u00edas por ella&#187;, continu\u00f3. &#171;Eso puede sonar disparatado para algunas personas (y totalmente obvio para muchas m\u00e1s), pero esa lealtad, por primitiva que parezca, sigue estando en el coraz\u00f3n de nuestro sistema&#187;.<\/p>\n<p>&#171;Necesitas a alguien amable y sabio, y por encima de la pol\u00edtica, para personificar lo que es bueno en nuestro pa\u00eds. Ella hizo ese trabajo brillantemente&#187;, a\u00f1adi\u00f3.<\/p>\n<p>La difunta reina nunca comparti\u00f3 detalles m\u00e9dicos privados con el p\u00fablico. Dentro de la casa real a\u00fan mantienen que los miembros de la familia tienen el mismo derecho a la privacidad m\u00e9dica que cualquier otra persona.<\/p>\n<p>El rey Carlos III y Kate, princesa de Gales, han roto la tendencia y han sido m\u00e1s abiertos sobre su salud. Ambos han compartido detalles sobre sus propios diagn\u00f3sticos y recuperaciones de c\u00e1ncer.<\/p>\n<p>Sin embargo, en ambos casos, optaron por no divulgar la forma espec\u00edfica de c\u00e1ncer que cada uno ha estado combatiendo. Cuando se les presion\u00f3 a respecto, los asistentes dijeron que quer\u00edan compartir sus experiencias para crear conciencia sobre la enfermedad.<\/p>\n<p>The-CNN-Wire<br \/>&trade; &amp; &copy; 2024 Cable News Network, Inc., a Warner Bros. Discovery Company. All rights reserved.<\/p>\n","protected":false},"excerpt":{"rendered":"<p>(CNN) &#8212;\u00a0El ex primer ministro brit\u00e1nico Boris Johnson ha roto controvertidamente el protocolo real y ha afirmado en sus memorias que est\u00e1n pr\u00f3ximas a ser publicadas que la reina Isabel II sufr\u00eda de c\u00e1ncer de huesos antes de su muerte. En el libro, que saldr\u00e1 a la venta el 10 de octubre y ha sido [&hellip;]<\/p>\n","protected":false},"author":0,"featured_media":0,"comment_status":"open","ping_status":"open","sticky":false,"template":"","format":"standard","meta":{"_jetpack_memberships_contains_paid_content":false,"footnotes":""},"categories":[10],"tags":[],"class_list":["post-1453249","post","type-post","status-publish","format-standard","hentry","category-noticias-nacionales","market-global"],"yoast_head":"<!-- This site is optimized with the Yoast SEO plugin v24.4 - https:\/\/yoast.com\/wordpress\/plugins\/seo\/ -->\n<title>Boris Johnson dice en sus memorias que la reina Isabel II sufr\u00eda c\u00e1ncer de huesos - Noticias<\/title>\n<meta name=\"robots\" content=\"index, follow, max-snippet:-1, max-image-preview:large, max-video-preview:-1\" \/>\n<link rel=\"canonical\" href=\"https:\/\/noticiasya.com\/2024\/10\/01\/boris-johnson-memorias-reina-isabel-ii-cancer-huesos-trax\/\" \/>\n<meta property=\"og:locale\" content=\"es_ES\" \/>\n<meta property=\"og:type\" content=\"article\" \/>\n<meta property=\"og:title\" content=\"Boris Johnson dice en sus memorias que la reina Isabel II sufr\u00eda c\u00e1ncer de huesos - Noticias\" \/>\n<meta property=\"og:description\" content=\"(CNN) &#8212;\u00a0El ex primer ministro brit\u00e1nico Boris Johnson ha roto controvertidamente el protocolo real y ha afirmado en sus memorias que est\u00e1n pr\u00f3ximas a ser publicadas que la reina Isabel II sufr\u00eda de c\u00e1ncer de huesos antes de su muerte. En el libro, que saldr\u00e1 a la venta el 10 de octubre y ha sido [&hellip;]\" \/>\n<meta property=\"og:url\" content=\"https:\/\/noticiasya.com\/2024\/10\/01\/boris-johnson-memorias-reina-isabel-ii-cancer-huesos-trax\/\" \/>\n<meta property=\"og:site_name\" content=\"Noticias\" \/>\n<meta property=\"article:published_time\" content=\"2024-10-01T15:04:01+00:00\" \/>\n<meta name=\"twitter:card\" content=\"summary_large_image\" \/>\n<meta name=\"twitter:label1\" content=\"Est. reading time\" \/>\n\t<meta name=\"twitter:data1\" content=\"3 minutos\" \/>\n<script type=\"application\/ld+json\" class=\"yoast-schema-graph\">{\"@context\":\"https:\/\/schema.org\",\"@graph\":[{\"@type\":\"Article\",\"@id\":\"https:\/\/noticiasya.com\/2024\/10\/01\/boris-johnson-memorias-reina-isabel-ii-cancer-huesos-trax\/#article\",\"isPartOf\":{\"@id\":\"https:\/\/noticiasya.com\/2024\/10\/01\/boris-johnson-memorias-reina-isabel-ii-cancer-huesos-trax\/\"},\"author\":{\"name\":\"\",\"@id\":\"\"},\"headline\":\"Boris Johnson dice en sus memorias que la reina Isabel II sufr\u00eda c\u00e1ncer de huesos\",\"datePublished\":\"2024-10-01T15:04:01+00:00\",\"mainEntityOfPage\":{\"@id\":\"https:\/\/noticiasya.com\/2024\/10\/01\/boris-johnson-memorias-reina-isabel-ii-cancer-huesos-trax\/\"},\"wordCount\":715,\"commentCount\":0,\"publisher\":{\"@id\":\"https:\/\/noticiasya.com\/#organization\"},\"articleSection\":[\"Noticias Nacionales\"],\"inLanguage\":\"es\",\"potentialAction\":[{\"@type\":\"CommentAction\",\"name\":\"Comment\",\"target\":[\"https:\/\/noticiasya.com\/2024\/10\/01\/boris-johnson-memorias-reina-isabel-ii-cancer-huesos-trax\/#respond\"]}]},{\"@type\":\"WebPage\",\"@id\":\"https:\/\/noticiasya.com\/2024\/10\/01\/boris-johnson-memorias-reina-isabel-ii-cancer-huesos-trax\/\",\"url\":\"https:\/\/noticiasya.com\/2024\/10\/01\/boris-johnson-memorias-reina-isabel-ii-cancer-huesos-trax\/\",\"name\":\"Boris Johnson dice en sus memorias que la reina Isabel II sufr\u00eda c\u00e1ncer de huesos - Noticias\",\"isPartOf\":{\"@id\":\"https:\/\/noticiasya.com\/#website\"},\"datePublished\":\"2024-10-01T15:04:01+00:00\",\"breadcrumb\":{\"@id\":\"https:\/\/noticiasya.com\/2024\/10\/01\/boris-johnson-memorias-reina-isabel-ii-cancer-huesos-trax\/#breadcrumb\"},\"inLanguage\":\"es\",\"potentialAction\":[{\"@type\":\"ReadAction\",\"target\":[\"https:\/\/noticiasya.com\/2024\/10\/01\/boris-johnson-memorias-reina-isabel-ii-cancer-huesos-trax\/\"]}]},{\"@type\":\"BreadcrumbList\",\"@id\":\"https:\/\/noticiasya.com\/2024\/10\/01\/boris-johnson-memorias-reina-isabel-ii-cancer-huesos-trax\/#breadcrumb\",\"itemListElement\":[{\"@type\":\"ListItem\",\"position\":1,\"name\":\"Home\",\"item\":\"https:\/\/noticiasya.com\/\"},{\"@type\":\"ListItem\",\"position\":2,\"name\":\"Boris Johnson dice en sus memorias que la reina Isabel II sufr\u00eda c\u00e1ncer de huesos\"}]},{\"@type\":\"WebSite\",\"@id\":\"https:\/\/noticiasya.com\/#website\",\"url\":\"https:\/\/noticiasya.com\/\",\"name\":\"Noticias\",\"description\":\"Lo que importa\",\"publisher\":{\"@id\":\"https:\/\/noticiasya.com\/#organization\"},\"potentialAction\":[{\"@type\":\"SearchAction\",\"target\":{\"@type\":\"EntryPoint\",\"urlTemplate\":\"https:\/\/noticiasya.com\/?s={search_term_string}\"},\"query-input\":{\"@type\":\"PropertyValueSpecification\",\"valueRequired\":true,\"valueName\":\"search_term_string\"}}],\"inLanguage\":\"es\"},{\"@type\":\"Organization\",\"@id\":\"https:\/\/noticiasya.com\/#organization\",\"name\":\"Noticias\",\"url\":\"https:\/\/noticiasya.com\/\",\"logo\":{\"@type\":\"ImageObject\",\"inLanguage\":\"es\",\"@id\":\"https:\/\/noticiasya.com\/#\/schema\/logo\/image\/\",\"url\":\"https:\/\/noticiasya.com\/wp-content\/uploads\/sites\/22\/2023\/12\/logo-nacional.png\",\"contentUrl\":\"https:\/\/noticiasya.com\/wp-content\/uploads\/sites\/22\/2023\/12\/logo-nacional.png\",\"width\":1801,\"height\":691,\"caption\":\"Noticias\"},\"image\":{\"@id\":\"https:\/\/noticiasya.com\/#\/schema\/logo\/image\/\"}}]}<\/script>\n<!-- \/ Yoast SEO plugin. -->","yoast_head_json":{"title":"Boris Johnson dice en sus memorias que la reina Isabel II sufr\u00eda c\u00e1ncer de huesos - Noticias","robots":{"index":"index","follow":"follow","max-snippet":"max-snippet:-1","max-image-preview":"max-image-preview:large","max-video-preview":"max-video-preview:-1"},"canonical":"https:\/\/noticiasya.com\/2024\/10\/01\/boris-johnson-memorias-reina-isabel-ii-cancer-huesos-trax\/","og_locale":"es_ES","og_type":"article","og_title":"Boris Johnson dice en sus memorias que la reina Isabel II sufr\u00eda c\u00e1ncer de huesos - Noticias","og_description":"(CNN) &#8212;\u00a0El ex primer ministro brit\u00e1nico Boris Johnson ha roto controvertidamente el protocolo real y ha afirmado en sus memorias que est\u00e1n pr\u00f3ximas a ser publicadas que la reina Isabel II sufr\u00eda de c\u00e1ncer de huesos antes de su muerte. En el libro, que saldr\u00e1 a la venta el 10 de octubre y ha sido [&hellip;]","og_url":"https:\/\/noticiasya.com\/2024\/10\/01\/boris-johnson-memorias-reina-isabel-ii-cancer-huesos-trax\/","og_site_name":"Noticias","article_published_time":"2024-10-01T15:04:01+00:00","twitter_card":"summary_large_image","twitter_misc":{"Est. reading time":"3 minutos"},"schema":{"@context":"https:\/\/schema.org","@graph":[{"@type":"Article","@id":"https:\/\/noticiasya.com\/2024\/10\/01\/boris-johnson-memorias-reina-isabel-ii-cancer-huesos-trax\/#article","isPartOf":{"@id":"https:\/\/noticiasya.com\/2024\/10\/01\/boris-johnson-memorias-reina-isabel-ii-cancer-huesos-trax\/"},"author":{"name":"","@id":""},"headline":"Boris Johnson dice en sus memorias que la reina Isabel II sufr\u00eda c\u00e1ncer de huesos","datePublished":"2024-10-01T15:04:01+00:00","mainEntityOfPage":{"@id":"https:\/\/noticiasya.com\/2024\/10\/01\/boris-johnson-memorias-reina-isabel-ii-cancer-huesos-trax\/"},"wordCount":715,"commentCount":0,"publisher":{"@id":"https:\/\/noticiasya.com\/#organization"},"articleSection":["Noticias Nacionales"],"inLanguage":"es","potentialAction":[{"@type":"CommentAction","name":"Comment","target":["https:\/\/noticiasya.com\/2024\/10\/01\/boris-johnson-memorias-reina-isabel-ii-cancer-huesos-trax\/#respond"]}]},{"@type":"WebPage","@id":"https:\/\/noticiasya.com\/2024\/10\/01\/boris-johnson-memorias-reina-isabel-ii-cancer-huesos-trax\/","url":"https:\/\/noticiasya.com\/2024\/10\/01\/boris-johnson-memorias-reina-isabel-ii-cancer-huesos-trax\/","name":"Boris Johnson dice en sus memorias que la reina Isabel II sufr\u00eda c\u00e1ncer de huesos - Noticias","isPartOf":{"@id":"https:\/\/noticiasya.com\/#website"},"datePublished":"2024-10-01T15:04:01+00:00","breadcrumb":{"@id":"https:\/\/noticiasya.com\/2024\/10\/01\/boris-johnson-memorias-reina-isabel-ii-cancer-huesos-trax\/#breadcrumb"},"inLanguage":"es","potentialAction":[{"@type":"ReadAction","target":["https:\/\/noticiasya.com\/2024\/10\/01\/boris-johnson-memorias-reina-isabel-ii-cancer-huesos-trax\/"]}]},{"@type":"BreadcrumbList","@id":"https:\/\/noticiasya.com\/2024\/10\/01\/boris-johnson-memorias-reina-isabel-ii-cancer-huesos-trax\/#breadcrumb","itemListElement":[{"@type":"ListItem","position":1,"name":"Home","item":"https:\/\/noticiasya.com\/"},{"@type":"ListItem","position":2,"name":"Boris Johnson dice en sus memorias que la reina Isabel II sufr\u00eda c\u00e1ncer de huesos"}]},{"@type":"WebSite","@id":"https:\/\/noticiasya.com\/#website","url":"https:\/\/noticiasya.com\/","name":"Noticias","description":"Lo que importa","publisher":{"@id":"https:\/\/noticiasya.com\/#organization"},"potentialAction":[{"@type":"SearchAction","target":{"@type":"EntryPoint","urlTemplate":"https:\/\/noticiasya.com\/?s={search_term_string}"},"query-input":{"@type":"PropertyValueSpecification","valueRequired":true,"valueName":"search_term_string"}}],"inLanguage":"es"},{"@type":"Organization","@id":"https:\/\/noticiasya.com\/#organization","name":"Noticias","url":"https:\/\/noticiasya.com\/","logo":{"@type":"ImageObject","inLanguage":"es","@id":"https:\/\/noticiasya.com\/#\/schema\/logo\/image\/","url":"https:\/\/noticiasya.com\/wp-content\/uploads\/sites\/22\/2023\/12\/logo-nacional.png","contentUrl":"https:\/\/noticiasya.com\/wp-content\/uploads\/sites\/22\/2023\/12\/logo-nacional.png","width":1801,"height":691,"caption":"Noticias"},"image":{"@id":"https:\/\/noticiasya.com\/#\/schema\/logo\/image\/"}}]}},"parsely":{"version":"1.1.0","canonical_url":"https:\/\/noticiasya.com\/midland-odessa\/2024\/10\/01\/boris-johnson-memorias-reina-isabel-ii-cancer-huesos-trax\/","smart_links":{"inbound":0,"outbound":0},"traffic_boost_suggestions_count":0,"meta":{"@context":"https:\/\/schema.org","@type":"NewsArticle","headline":"Boris Johnson dice en sus memorias que la reina Isabel II sufr\u00eda c\u00e1ncer de huesos","url":"http:\/\/noticiasya.com\/midland-odessa\/2024\/10\/01\/boris-johnson-memorias-reina-isabel-ii-cancer-huesos-trax\/","mainEntityOfPage":{"@type":"WebPage","@id":"http:\/\/noticiasya.com\/midland-odessa\/2024\/10\/01\/boris-johnson-memorias-reina-isabel-ii-cancer-huesos-trax\/"},"thumbnailUrl":"","image":{"@type":"ImageObject","url":""},"articleSection":"Noticias Nacionales","author":[],"creator":[],"publisher":{"@type":"Organization","name":"Noticias","logo":""},"keywords":[],"dateCreated":"2024-10-01T15:04:01Z","datePublished":"2024-10-01T15:04:01Z","dateModified":"2024-10-01T15:04:01Z"},"rendered":"<script type=\"application\/ld+json\" class=\"wp-parsely-metadata\">{\"@context\":\"https:\\\/\\\/schema.org\",\"@type\":\"NewsArticle\",\"headline\":\"Boris Johnson dice en sus memorias que la reina Isabel II sufr\\u00eda c\\u00e1ncer de huesos\",\"url\":\"http:\\\/\\\/noticiasya.com\\\/midland-odessa\\\/2024\\\/10\\\/01\\\/boris-johnson-memorias-reina-isabel-ii-cancer-huesos-trax\\\/\",\"mainEntityOfPage\":{\"@type\":\"WebPage\",\"@id\":\"http:\\\/\\\/noticiasya.com\\\/midland-odessa\\\/2024\\\/10\\\/01\\\/boris-johnson-memorias-reina-isabel-ii-cancer-huesos-trax\\\/\"},\"thumbnailUrl\":\"\",\"image\":{\"@type\":\"ImageObject\",\"url\":\"\"},\"articleSection\":\"Noticias Nacionales\",\"author\":[],\"creator\":[],\"publisher\":{\"@type\":\"Organization\",\"name\":\"Noticias\",\"logo\":\"\"},\"keywords\":[],\"dateCreated\":\"2024-10-01T15:04:01Z\",\"datePublished\":\"2024-10-01T15:04:01Z\",\"dateModified\":\"2024-10-01T15:04:01Z\"}<\/script>","tracker_url":"https:\/\/cdn.parsely.com\/keys\/noticiasya.com\/p.js"},"jetpack_featured_media_url":"","jetpack-related-posts":[{"id":1447765,"url":"https:\/\/noticiasya.com\/midland-odessa\/2024\/04\/05\/rey-carlos-castillo-balmoral-trax\/","url_meta":{"origin":1453249,"position":0},"title":"El rey Carlos abrir\u00e1 las puertas del castillo de Balmoral al p\u00fablico por primera vez","author":"","date":"abril 5, 2024","format":false,"excerpt":"(CNN) -- El rey Carlos III abrir\u00e1 las puertas del castillo de Balmoral este verano boreal en lo que ser\u00e1n las visitas m\u00e1s \u00edntimas jam\u00e1s permitidas a la residencia privada de la familia real brit\u00e1nica en Escocia.Las visitas se realizar\u00e1n a diario del 4 de julio al 11 de agosto,\u2026","rel":"","context":"In &quot;Noticias Nacionales&quot;","block_context":{"text":"Noticias Nacionales","link":"https:\/\/noticiasya.com\/midland-odessa\/categoria\/noticias-nacionales"},"img":{"alt_text":"","src":"","width":0,"height":0},"classes":[]},{"id":1444995,"url":"https:\/\/noticiasya.com\/midland-odessa\/2024\/02\/06\/el-cancer-del-rey-carlos-fue-detectado-temprano-dice-el-primer-ministro-britanico\/","url_meta":{"origin":1453249,"position":1},"title":"El c\u00e1ncer del rey Carlos fue &#171;detectado temprano&#187;, dice el primer ministro brit\u00e1nico","author":"","date":"febrero 6, 2024","format":false,"excerpt":"Londres (CNN) -- El impactante diagn\u00f3stico de c\u00e1ncer del rey Carlos III fue \u201cdetectado temprano\u201d, dijo este martes el primer ministro brit\u00e1nico, Rishi Sunak.\"Afortunadamente, esto se ha detectado a tiempo y ahora todos le desear\u00e1n que reciba el tratamiento que necesita y se recupere por completo\", dijo Sunak en lo\u2026","rel":"","context":"In &quot;Noticias Nacionales&quot;","block_context":{"text":"Noticias Nacionales","link":"https:\/\/noticiasya.com\/midland-odessa\/categoria\/noticias-nacionales"},"img":{"alt_text":"","src":"","width":0,"height":0},"classes":[]},{"id":1445239,"url":"https:\/\/noticiasya.com\/midland-odessa\/2024\/02\/10\/el-rey-carlos-agradece-al-publico-en-su-primer-mensaje-desde-el-diagnostico-de-cancer\/","url_meta":{"origin":1453249,"position":2},"title":"El rey Carlos agradece al p\u00fablico en su primer mensaje desde el diagn\u00f3stico de c\u00e1ncer","author":"","date":"febrero 10, 2024","format":false,"excerpt":"(CNN) --\u00a0En sus primeros comentarios p\u00fablicos desde su diagn\u00f3stico de c\u00e1ncer, el rey Carlos III expres\u00f3 su gratitud al p\u00fablico por su apoyo, diciendo que le brindaba \u201cel mayor consuelo y aliento\u201d, de acuerdo con un comunicado.\u201cMe gustar\u00eda agradecer de todo coraz\u00f3n los numerosos mensajes de apoyo y buenos deseos\u2026","rel":"","context":"In &quot;Noticias Nacionales&quot;","block_context":{"text":"Noticias Nacionales","link":"https:\/\/noticiasya.com\/midland-odessa\/categoria\/noticias-nacionales"},"img":{"alt_text":"","src":"","width":0,"height":0},"classes":[]},{"id":1467950,"url":"https:\/\/noticiasya.com\/midland-odessa\/2025\/11\/01\/finca-sandringham-hogar-andres-trax\/","url_meta":{"origin":1453249,"position":3},"title":"\u00bfC\u00f3mo es la gran finca Sandringham, el nuevo hogar de Andr\u00e9s tras ser despojado de sus t\u00edtulos?","author":"","date":"noviembre 1, 2025","format":false,"excerpt":"La r\u00e1pida ca\u00edda en desgracia del ahora expr\u00edncipe Andr\u00e9s, que culmin\u00f3 con su humillante exilio por parte del rey Carlos III a la finca de Sandringham, ha sido nada menos que asombrosa.Sus t\u00edtulos y honores est\u00e1n en proceso de ser despojados formalmente \u2014de ahora en adelante ser\u00e1 conocido como Andr\u00e9s\u2026","rel":"","context":"In &quot;Noticias Nacionales&quot;","block_context":{"text":"Noticias Nacionales","link":"https:\/\/noticiasya.com\/midland-odessa\/categoria\/noticias-nacionales"},"img":{"alt_text":"","src":"","width":0,"height":0},"classes":[]},{"id":1425694,"url":"https:\/\/noticiasya.com\/midland-odessa\/2022\/09\/12\/el-rey-carlos-iii-jura-dedicarle-el-resto-de-su-vida-a-la-monarquia-al-ser-proclamado-rey\/","url_meta":{"origin":1453249,"position":4},"title":"El rey Carlos III jura dedicarle el resto de su vida a la monarqu\u00eda al ser proclamado rey","author":"agomez","date":"septiembre 12, 2022","format":false,"excerpt":"Despu\u00e9s de ser proclamado rey de la corona brit\u00e1nica oficialmente se comprometi\u00f3 a trabajar para beneficio de todos.","rel":"","context":"In &quot;Comunidad&quot;","block_context":{"text":"Comunidad","link":"https:\/\/noticiasya.com\/midland-odessa\/categoria\/comunidad"},"img":{"alt_text":"","src":"","width":0,"height":0},"classes":[]},{"id":1449546,"url":"https:\/\/noticiasya.com\/midland-odessa\/2024\/05\/17\/coleccion-fotos-familia-real-reino-unido-como-nunca-trax\/","url_meta":{"origin":1453249,"position":5},"title":"Esta exhibici\u00f3n de fotos muestra a la familia real del Reino Unido como nunca antes","author":"agomez","date":"mayo 17, 2024","format":false,"excerpt":"(CNN) -- Como reina durante 70 a\u00f1os, Isabel II fue probablemente una de las mujeres m\u00e1s fotografiadas de la historia.Sin embargo, casi dos a\u00f1os despu\u00e9s de su muerte, han aparecido nuevas im\u00e1genes de la monarca que m\u00e1s tiempo ha reinado en Gran Breta\u00f1a con motivo de una exposici\u00f3n que se\u2026","rel":"","context":"In &quot;Noticias Nacionales&quot;","block_context":{"text":"Noticias Nacionales","link":"https:\/\/noticiasya.com\/midland-odessa\/categoria\/noticias-nacionales"},"img":{"alt_text":"","src":"","width":0,"height":0},"classes":[]}],"jetpack_sharing_enabled":true,"_links":{"self":[{"href":"https:\/\/noticiasya.com\/midland-odessa\/wp-json\/wp\/v2\/posts\/1453249","targetHints":{"allow":["GET"]}}],"collection":[{"href":"https:\/\/noticiasya.com\/midland-odessa\/wp-json\/wp\/v2\/posts"}],"about":[{"href":"https:\/\/noticiasya.com\/midland-odessa\/wp-json\/wp\/v2\/types\/post"}],"replies":[{"embeddable":true,"href":"https:\/\/noticiasya.com\/midland-odessa\/wp-json\/wp\/v2\/comments?post=1453249"}],"version-history":[{"count":0,"href":"https:\/\/noticiasya.com\/midland-odessa\/wp-json\/wp\/v2\/posts\/1453249\/revisions"}],"wp:attachment":[{"href":"https:\/\/noticiasya.com\/midland-odessa\/wp-json\/wp\/v2\/media?parent=1453249"}],"wp:term":[{"taxonomy":"category","embeddable":true,"href":"https:\/\/noticiasya.com\/midland-odessa\/wp-json\/wp\/v2\/categories?post=1453249"},{"taxonomy":"post_tag","embeddable":true,"href":"https:\/\/noticiasya.com\/midland-odessa\/wp-json\/wp\/v2\/tags?post=1453249"}],"curies":[{"name":"wp","href":"https:\/\/api.w.org\/{rel}","templated":true}]}}