{"id":1453251,"date":"2024-10-01T09:03:51","date_gmt":"2024-10-01T16:03:51","guid":{"rendered":"https:\/\/noticiasya.com\/2024\/10\/01\/5-cosas-a-tener-en-cuenta-durante-el-debate-de-los-candidatos-a-vicepresidente\/"},"modified":"2024-10-01T09:03:51","modified_gmt":"2024-10-01T16:03:51","slug":"5-cosas-a-tener-en-cuenta-durante-el-debate-de-los-candidatos-a-vicepresidente","status":"publish","type":"post","link":"https:\/\/noticiasya.com\/midland-odessa\/2024\/10\/01\/5-cosas-a-tener-en-cuenta-durante-el-debate-de-los-candidatos-a-vicepresidente\/","title":{"rendered":"5 cosas a tener en cuenta durante el debate de los candidatos a vicepresidente"},"content":{"rendered":"<p>(CNN) &#8212; El dem\u00f3crata Tim Walz y el republicano J.D. Vance se enfrentar\u00e1n en la noche de este martes en el \u00fanico debate vicepresidencial de las elecciones de 2024, y en lo que podr\u00eda ser la \u00faltima vez que los dos equipos de campa\u00f1a se enfrenten en un escenario.<\/p>\n<p>Ahora puedes seguirnos en\u00a0WhatsApp Channel<\/p>\n<p>El enfrentamiento entre Walz, el gobernador de Minnesota de 60 a\u00f1os, y Vance, el senador de Ohio de 40 a\u00f1os, est\u00e1 siendo organizado por CBS News y se llevar\u00e1 a cabo en Nueva York, sin p\u00fablico en vivo.<\/p>\n<p>El debate coincide con grandes noticias que se desarrollan en el pa\u00eds y en el extranjero, incluidas las labores de recuperaci\u00f3n del hurac\u00e1n Helene en el sureste de Estados Unidos y Medio Oriente al borde de un conflicto m\u00e1s amplio por la intensificaci\u00f3n de la campa\u00f1a de Israel contra los grupos militantes respaldados por Ir\u00e1n en L\u00edbano.<\/p>\n<p>Los nominados a la vicepresidencia tradicionalmente desempe\u00f1an el papel de atacantes en nombre de sus candidatos principales, en este caso, la vicepresidenta dem\u00f3crata Kamala Harris y el expresidente republicano Donald Trump.<\/p>\n<p>CNN en Espa\u00f1ol transmitir\u00e1 el debate entre los candidatos a la vicepresidencia de Estados Unidos, organizado por CBS<\/p>\n<p>Pero Walz y Vance ya se han estado atacado mutuamente durante meses. Walz obtuvo la nominaci\u00f3n vicepresidencial dem\u00f3crata en parte debido a su caracterizaci\u00f3n de la candidatura republicana como &#171;extra\u00f1a&#187; en entrevistas televisivas que sirvieron como semi-audiciones para el puesto. Vance, un veterano militar, ha cuestionado el historial de servicio de Walz.<\/p>\n<p>El debate ser\u00e1 moderado por Norah O&#8217;Donnell y Margaret Brennan de CBS. Comienza a las 9 p.m. hora del Este y se transmitir\u00e1 simult\u00e1neamente en CNN.<\/p>\n<p>Aqu\u00ed hay cinco cosas a observar en el debate vicepresidencial:<\/p>\n<p>El entrenador vs. el excomentarista<\/p>\n<p>Las ra\u00edces del Medio Oeste que est\u00e1n en el coraz\u00f3n de las identidades pol\u00edticas bien cultivadas de Walz y Vance ser\u00e1n exhibidas este martes mientras los dos hombres que compiten por estar a un paso de la presidencia presentan sus biograf\u00edas a la audiencia m\u00e1s grande de votantes que probablemente hayan tenido hasta la fecha.<\/p>\n<p>Walz, un gobernador de dos mandatos y excongresista, fue elegido por primera vez a la C\u00e1mara de Representantes de EE.UU. en 2006. Pero se espera que se apoye en los roles que ocup\u00f3 antes de entrar en la pol\u00edtica: maestro de secundaria y entrenador asistente de f\u00fatbol americano.<\/p>\n<p>Vance, por su parte, es un veterano de la Marina y autor de un libro de memorias supervendido sobre los valores familiares de su familia en los Apalaches y los problemas socioecon\u00f3micos de su ciudad natal. Es probable que destaque c\u00f3mo cambi\u00f3 de opini\u00f3n sobre el expresidente en los \u00faltimos a\u00f1os, sin mencionar demasiado su pasado como comentarista pol\u00edtico que fue un cr\u00edtico estridente de Trump.<\/p>\n<p>Los discursos biogr\u00e1ficos de ambos candidatos nacen de un intento por mostrar su autenticidad, una valiosa mercanc\u00eda pol\u00edtica, particularmente en una carrera en la que los votantes indecisos en Michigan, Pensilvania y Wisconsin podr\u00edan determinar el resultado.<\/p>\n<p>Las decisiones de los votantes est\u00e1n abrumadoramente influenciadas por los candidatos principales de los partidos, y es probable que Walz y Vance dediquen gran parte de su tiempo a atacar a Trump y a Harris respectivamente. Pero tambi\u00e9n podr\u00edan pasar tiempo enfatizando partes de sus propias biograf\u00edas e intentando socavar las de sus rivales, todo en un esfuerzo por establecer su credibilidad con los votantes.<\/p>\n<p>Aborto y temas familiares<\/p>\n<p>Las dos candidaturas est\u00e1n divididas en cuanto al derecho al aborto, un tema que los dem\u00f3cratas consideran crucial para motivar a las mujeres y a los j\u00f3venes y ganar a los votantes indecisos.<\/p>\n<p>Walz ha discutido el tema dentro del marco m\u00e1s amplio del apoyo de Harris a la &#171;libertad,&#187; en contraste con Trump, quien nombr\u00f3 a tres de los jueces de la Corte Suprema que votaron con la mayor\u00eda en 2022 para anular las protecciones federales del derecho al aborto que daba el fallo Roe v. Wade.<\/p>\n<p>El dem\u00f3crata ambi\u00e9n ha revelado aspectos m\u00e1s vulnerables de su propia historia, incluidas las luchas de fertilidad que \u00e9l y su esposa, Gwen, enfrentaron. Y los dem\u00f3cratas han destacado el comentario de Vance en 2021 sobre las &#171;mujeres sin hijos con gatos&#187; en un esfuerzo por retratarlo como cr\u00edtico de las decisiones reproductivas de las mujeres.<\/p>\n<p>Vance y Trump, por su parte, han tenido dificultades para ponerse de acuerdo en el tema del aborto. Pero Vance ha apoyado pol\u00edticas que, seg\u00fan \u00e9l, incentivar\u00edan el nacimiento de ni\u00f1os.<\/p>\n<p>Tambi\u00e9n ha intentado retratar a Walz como extremo en el tema del aborto. La semana pasada, en un evento de campa\u00f1a en Charlotte, Carolina del Norte, dijo que Walz, como gobernador de Minnesota, apoy\u00f3 una medida que permitir\u00eda el aborto &#171;hasta el momento del nacimiento, incluso hasta el punto en que los m\u00e9dicos no estar\u00edan obligados a proporcionar atenci\u00f3n que salve la vida a un beb\u00e9 que sobrevivi\u00f3 a un aborto fallido&#187;.<\/p>\n<p>&#171;Es simplemente enfermizo&#187;, dijo.<\/p>\n<p>Walz lo convirti\u00f3 en ley a principios de 2023. Los defensores en ese momento dijeron que estaba destinado a mantener las decisiones sobre el cuidado reproductivo en manos de las mujeres y sus m\u00e9dicos, en lugar de los pol\u00edticos y jueces.<\/p>\n<p>\u00bfQu\u00e9 Walz veremos?<\/p>\n<p>Walz emergi\u00f3 del relativo desconocimiento nacional para convertirse en el compa\u00f1ero de f\u00f3rmula de Harris en agosto, despu\u00e9s de uno de los procesos de selecci\u00f3n m\u00e1s r\u00e1pidos de una generaci\u00f3n, en gran parte debido a sus comentarios dulces y picantes en la televisi\u00f3n.<\/p>\n<p>Su insistencia directa en que Trump, Vance y sus aliados eran &#171;extra\u00f1os&#187; cautiv\u00f3 a los dem\u00f3cratas, desesperados por un golpe f\u00e1cil contra los republicanos MAGA, y lo dej\u00f3 a un paso de la vicepresidencia.<\/p>\n<p>Desde entonces, sin embargo, Walz ha sido bastante moderado.<\/p>\n<p>Las apariciones en las noticias por cable disminuyeron, no dijo mucho durante la entrevista en CNN que dio junto a Harris, y sus discursos no han producido muchos titulares. Estuvo alg\u00fan tiempo a la defensiva por su historial militar, pero en gran medida ha pasado a un segundo plano.<\/p>\n<p>El martes por la noche, eso cambiar\u00e1. Lo que no est\u00e1 claro es, \u00bfcon qu\u00e9 efecto?<\/p>\n<p>Walz podr\u00eda desempe\u00f1ar el papel que Biden una vez tuvo en un debate contra otro joven conservador en ascenso, cuando el entonces vicepresidente frustr\u00f3 al compa\u00f1ero de f\u00f3rmula de Mitt Romney, Paul Ryan, en un debate crucial de 2012.<\/p>\n<p>\u00bfO hay otra raz\u00f3n por la que Walz ha sido mantenido en segundo plano durante las \u00faltimas seis semanas? La respuesta deber\u00eda estar clara en los primeros minutos del debate.<\/p>\n<p>El historial militar de Walz podr\u00eda ser objeto de ataques<\/p>\n<p>Si el rendimiento pasado funciona como un indicio, Vance atacar\u00e1 a Walz por su historial militar.<\/p>\n<p>Los republicanos, en particular Vance, han acusado al gobernador de exagerar su curr\u00edculum y retirarse antes del despliegue de su unidad a Irak, afirmando que Walz intent\u00f3 activamente evitar servir en combate. Una revisi\u00f3n de los registros encontr\u00f3 que Walz present\u00f3 su candidatura al Congreso en febrero de 2005, antes de que su unidad fuera notificada de que podr\u00eda desplegarse en Irak. Se retir\u00f3 en mayo de 2005, seg\u00fan la Guardia Nacional de Minnesota.<\/p>\n<p>Walz tambi\u00e9n ha reconocido haber hablado incorrectamente sobre su experiencia sobre cargar un &#171;arma de guerra&#187;. A\u00fan as\u00ed, nunca afirm\u00f3 expl\u00edcitamente, seg\u00fan una revisi\u00f3n de KFILE de su primera campa\u00f1a, haber estado en combate.<\/p>\n<p>La historia es lo suficientemente matizada como para que Vance no retroceda. En agosto, dijo que Walz era el &#171;compa\u00f1ero de f\u00f3rmula de valor robado&#187; de Harris y calific\u00f3 los comentarios pasados del gobernador como &#171;vergonzosos&#187;.<\/p>\n<p>Parece poco probable que Walz quiera litigar esto en el escenario, pero Vance podr\u00eda obligarlo a intentarlo.<\/p>\n<p>Sobre Springfield, Ohio&#8230;<\/p>\n<p>Desde hace semanas, Vance y Trump han estado duplicando y triplicando afirmaciones falsas de que los haitianos en la ciudad de Ohio est\u00e1n secuestrando y comiendo las mascotas de sus vecinos.<\/p>\n<p>El gobernador republicano Mike DeWine y muchos otros han calificado las afirmaciones de extravagantes, y nadie ha proporcionado ninguna evidencia en contrario. A\u00fan as\u00ed, Trump y Vance quieren que la inmigraci\u00f3n sea el tema central y, aunque los migrantes est\u00e1n en el pa\u00eds legalmente, la candidatura republicana ha buscado utilizar el rumor desacreditado para generar enojo sobre el manejo de la administraci\u00f3n Biden de la frontera.<\/p>\n<p>Cuando Trump mencion\u00f3 Springfield durante el debate presidencial del mes pasado, los moderadores lo verificaron en tiempo real.<\/p>\n<p>Presionado sobre las afirmaciones por Dana Bash de CNN en septiembre, Vance dijo: &#171;Si tengo que crear historias para que los medios estadounidenses presten atenci\u00f3n al sufrimiento del pueblo estadounidense, entonces eso es lo que voy a hacer&#187;.<\/p>\n<p>No ser\u00eda sorprendente escuchar a Walz hacer un comentario de ese tipo, en particular, al atacar la ret\u00f3rica de los republicanos.<\/p>\n<p>The-CNN-Wire<br \/>&trade; &amp; &copy; 2024 Cable News Network, Inc., a Warner Bros. Discovery Company. All rights reserved.<\/p>\n","protected":false},"excerpt":{"rendered":"<p>(CNN) &#8212; El dem\u00f3crata Tim Walz y el republicano J.D. Vance se enfrentar\u00e1n en la noche de este martes en el \u00fanico debate vicepresidencial de las elecciones de 2024, y en lo que podr\u00eda ser la \u00faltima vez que los dos equipos de campa\u00f1a se enfrenten en un escenario. Ahora puedes seguirnos en\u00a0WhatsApp Channel El [&hellip;]<\/p>\n","protected":false},"author":0,"featured_media":0,"comment_status":"open","ping_status":"open","sticky":false,"template":"","format":"standard","meta":{"_jetpack_memberships_contains_paid_content":false,"footnotes":""},"categories":[10],"tags":[],"class_list":["post-1453251","post","type-post","status-publish","format-standard","hentry","category-noticias-nacionales","market-global"],"yoast_head":"<!-- This site is optimized with the Yoast SEO plugin v24.4 - https:\/\/yoast.com\/wordpress\/plugins\/seo\/ -->\n<title>5 cosas a tener en cuenta durante el debate de los candidatos a vicepresidente - Noticias<\/title>\n<meta name=\"robots\" content=\"index, follow, max-snippet:-1, max-image-preview:large, max-video-preview:-1\" \/>\n<link rel=\"canonical\" href=\"https:\/\/noticiasya.com\/2024\/10\/01\/5-cosas-a-tener-en-cuenta-durante-el-debate-de-los-candidatos-a-vicepresidente\/\" \/>\n<meta property=\"og:locale\" content=\"es_ES\" \/>\n<meta property=\"og:type\" content=\"article\" \/>\n<meta property=\"og:title\" content=\"5 cosas a tener en cuenta durante el debate de los candidatos a vicepresidente - Noticias\" \/>\n<meta property=\"og:description\" content=\"(CNN) &#8212; El dem\u00f3crata Tim Walz y el republicano J.D. Vance se enfrentar\u00e1n en la noche de este martes en el \u00fanico debate vicepresidencial de las elecciones de 2024, y en lo que podr\u00eda ser la \u00faltima vez que los dos equipos de campa\u00f1a se enfrenten en un escenario. Ahora puedes seguirnos en\u00a0WhatsApp Channel El [&hellip;]\" \/>\n<meta property=\"og:url\" content=\"https:\/\/noticiasya.com\/2024\/10\/01\/5-cosas-a-tener-en-cuenta-durante-el-debate-de-los-candidatos-a-vicepresidente\/\" \/>\n<meta property=\"og:site_name\" content=\"Noticias\" \/>\n<meta property=\"article:published_time\" content=\"2024-10-01T16:03:51+00:00\" \/>\n<meta name=\"twitter:card\" content=\"summary_large_image\" \/>\n<meta name=\"twitter:label1\" content=\"Est. reading time\" \/>\n\t<meta name=\"twitter:data1\" content=\"8 minutos\" \/>\n<script type=\"application\/ld+json\" class=\"yoast-schema-graph\">{\"@context\":\"https:\/\/schema.org\",\"@graph\":[{\"@type\":\"Article\",\"@id\":\"https:\/\/noticiasya.com\/2024\/10\/01\/5-cosas-a-tener-en-cuenta-durante-el-debate-de-los-candidatos-a-vicepresidente\/#article\",\"isPartOf\":{\"@id\":\"https:\/\/noticiasya.com\/2024\/10\/01\/5-cosas-a-tener-en-cuenta-durante-el-debate-de-los-candidatos-a-vicepresidente\/\"},\"author\":{\"name\":\"\",\"@id\":\"\"},\"headline\":\"5 cosas a tener en cuenta durante el debate de los candidatos a vicepresidente\",\"datePublished\":\"2024-10-01T16:03:51+00:00\",\"mainEntityOfPage\":{\"@id\":\"https:\/\/noticiasya.com\/2024\/10\/01\/5-cosas-a-tener-en-cuenta-durante-el-debate-de-los-candidatos-a-vicepresidente\/\"},\"wordCount\":1578,\"commentCount\":0,\"publisher\":{\"@id\":\"https:\/\/noticiasya.com\/#organization\"},\"articleSection\":[\"Noticias Nacionales\"],\"inLanguage\":\"es\",\"potentialAction\":[{\"@type\":\"CommentAction\",\"name\":\"Comment\",\"target\":[\"https:\/\/noticiasya.com\/2024\/10\/01\/5-cosas-a-tener-en-cuenta-durante-el-debate-de-los-candidatos-a-vicepresidente\/#respond\"]}]},{\"@type\":\"WebPage\",\"@id\":\"https:\/\/noticiasya.com\/2024\/10\/01\/5-cosas-a-tener-en-cuenta-durante-el-debate-de-los-candidatos-a-vicepresidente\/\",\"url\":\"https:\/\/noticiasya.com\/2024\/10\/01\/5-cosas-a-tener-en-cuenta-durante-el-debate-de-los-candidatos-a-vicepresidente\/\",\"name\":\"5 cosas a tener en cuenta durante el debate de los candidatos a vicepresidente - Noticias\",\"isPartOf\":{\"@id\":\"https:\/\/noticiasya.com\/#website\"},\"datePublished\":\"2024-10-01T16:03:51+00:00\",\"breadcrumb\":{\"@id\":\"https:\/\/noticiasya.com\/2024\/10\/01\/5-cosas-a-tener-en-cuenta-durante-el-debate-de-los-candidatos-a-vicepresidente\/#breadcrumb\"},\"inLanguage\":\"es\",\"potentialAction\":[{\"@type\":\"ReadAction\",\"target\":[\"https:\/\/noticiasya.com\/2024\/10\/01\/5-cosas-a-tener-en-cuenta-durante-el-debate-de-los-candidatos-a-vicepresidente\/\"]}]},{\"@type\":\"BreadcrumbList\",\"@id\":\"https:\/\/noticiasya.com\/2024\/10\/01\/5-cosas-a-tener-en-cuenta-durante-el-debate-de-los-candidatos-a-vicepresidente\/#breadcrumb\",\"itemListElement\":[{\"@type\":\"ListItem\",\"position\":1,\"name\":\"Home\",\"item\":\"https:\/\/noticiasya.com\/\"},{\"@type\":\"ListItem\",\"position\":2,\"name\":\"5 cosas a tener en cuenta durante el debate de los candidatos a vicepresidente\"}]},{\"@type\":\"WebSite\",\"@id\":\"https:\/\/noticiasya.com\/#website\",\"url\":\"https:\/\/noticiasya.com\/\",\"name\":\"Noticias\",\"description\":\"Lo que importa\",\"publisher\":{\"@id\":\"https:\/\/noticiasya.com\/#organization\"},\"potentialAction\":[{\"@type\":\"SearchAction\",\"target\":{\"@type\":\"EntryPoint\",\"urlTemplate\":\"https:\/\/noticiasya.com\/?s={search_term_string}\"},\"query-input\":{\"@type\":\"PropertyValueSpecification\",\"valueRequired\":true,\"valueName\":\"search_term_string\"}}],\"inLanguage\":\"es\"},{\"@type\":\"Organization\",\"@id\":\"https:\/\/noticiasya.com\/#organization\",\"name\":\"Noticias\",\"url\":\"https:\/\/noticiasya.com\/\",\"logo\":{\"@type\":\"ImageObject\",\"inLanguage\":\"es\",\"@id\":\"https:\/\/noticiasya.com\/#\/schema\/logo\/image\/\",\"url\":\"https:\/\/noticiasya.com\/wp-content\/uploads\/sites\/22\/2023\/12\/logo-nacional.png\",\"contentUrl\":\"https:\/\/noticiasya.com\/wp-content\/uploads\/sites\/22\/2023\/12\/logo-nacional.png\",\"width\":1801,\"height\":691,\"caption\":\"Noticias\"},\"image\":{\"@id\":\"https:\/\/noticiasya.com\/#\/schema\/logo\/image\/\"}}]}<\/script>\n<!-- \/ Yoast SEO plugin. -->","yoast_head_json":{"title":"5 cosas a tener en cuenta durante el debate de los candidatos a vicepresidente - Noticias","robots":{"index":"index","follow":"follow","max-snippet":"max-snippet:-1","max-image-preview":"max-image-preview:large","max-video-preview":"max-video-preview:-1"},"canonical":"https:\/\/noticiasya.com\/2024\/10\/01\/5-cosas-a-tener-en-cuenta-durante-el-debate-de-los-candidatos-a-vicepresidente\/","og_locale":"es_ES","og_type":"article","og_title":"5 cosas a tener en cuenta durante el debate de los candidatos a vicepresidente - Noticias","og_description":"(CNN) &#8212; El dem\u00f3crata Tim Walz y el republicano J.D. Vance se enfrentar\u00e1n en la noche de este martes en el \u00fanico debate vicepresidencial de las elecciones de 2024, y en lo que podr\u00eda ser la \u00faltima vez que los dos equipos de campa\u00f1a se enfrenten en un escenario. Ahora puedes seguirnos en\u00a0WhatsApp Channel El [&hellip;]","og_url":"https:\/\/noticiasya.com\/2024\/10\/01\/5-cosas-a-tener-en-cuenta-durante-el-debate-de-los-candidatos-a-vicepresidente\/","og_site_name":"Noticias","article_published_time":"2024-10-01T16:03:51+00:00","twitter_card":"summary_large_image","twitter_misc":{"Est. reading time":"8 minutos"},"schema":{"@context":"https:\/\/schema.org","@graph":[{"@type":"Article","@id":"https:\/\/noticiasya.com\/2024\/10\/01\/5-cosas-a-tener-en-cuenta-durante-el-debate-de-los-candidatos-a-vicepresidente\/#article","isPartOf":{"@id":"https:\/\/noticiasya.com\/2024\/10\/01\/5-cosas-a-tener-en-cuenta-durante-el-debate-de-los-candidatos-a-vicepresidente\/"},"author":{"name":"","@id":""},"headline":"5 cosas a tener en cuenta durante el debate de los candidatos a vicepresidente","datePublished":"2024-10-01T16:03:51+00:00","mainEntityOfPage":{"@id":"https:\/\/noticiasya.com\/2024\/10\/01\/5-cosas-a-tener-en-cuenta-durante-el-debate-de-los-candidatos-a-vicepresidente\/"},"wordCount":1578,"commentCount":0,"publisher":{"@id":"https:\/\/noticiasya.com\/#organization"},"articleSection":["Noticias Nacionales"],"inLanguage":"es","potentialAction":[{"@type":"CommentAction","name":"Comment","target":["https:\/\/noticiasya.com\/2024\/10\/01\/5-cosas-a-tener-en-cuenta-durante-el-debate-de-los-candidatos-a-vicepresidente\/#respond"]}]},{"@type":"WebPage","@id":"https:\/\/noticiasya.com\/2024\/10\/01\/5-cosas-a-tener-en-cuenta-durante-el-debate-de-los-candidatos-a-vicepresidente\/","url":"https:\/\/noticiasya.com\/2024\/10\/01\/5-cosas-a-tener-en-cuenta-durante-el-debate-de-los-candidatos-a-vicepresidente\/","name":"5 cosas a tener en cuenta durante el debate de los candidatos a vicepresidente - Noticias","isPartOf":{"@id":"https:\/\/noticiasya.com\/#website"},"datePublished":"2024-10-01T16:03:51+00:00","breadcrumb":{"@id":"https:\/\/noticiasya.com\/2024\/10\/01\/5-cosas-a-tener-en-cuenta-durante-el-debate-de-los-candidatos-a-vicepresidente\/#breadcrumb"},"inLanguage":"es","potentialAction":[{"@type":"ReadAction","target":["https:\/\/noticiasya.com\/2024\/10\/01\/5-cosas-a-tener-en-cuenta-durante-el-debate-de-los-candidatos-a-vicepresidente\/"]}]},{"@type":"BreadcrumbList","@id":"https:\/\/noticiasya.com\/2024\/10\/01\/5-cosas-a-tener-en-cuenta-durante-el-debate-de-los-candidatos-a-vicepresidente\/#breadcrumb","itemListElement":[{"@type":"ListItem","position":1,"name":"Home","item":"https:\/\/noticiasya.com\/"},{"@type":"ListItem","position":2,"name":"5 cosas a tener en cuenta durante el debate de los candidatos a vicepresidente"}]},{"@type":"WebSite","@id":"https:\/\/noticiasya.com\/#website","url":"https:\/\/noticiasya.com\/","name":"Noticias","description":"Lo que importa","publisher":{"@id":"https:\/\/noticiasya.com\/#organization"},"potentialAction":[{"@type":"SearchAction","target":{"@type":"EntryPoint","urlTemplate":"https:\/\/noticiasya.com\/?s={search_term_string}"},"query-input":{"@type":"PropertyValueSpecification","valueRequired":true,"valueName":"search_term_string"}}],"inLanguage":"es"},{"@type":"Organization","@id":"https:\/\/noticiasya.com\/#organization","name":"Noticias","url":"https:\/\/noticiasya.com\/","logo":{"@type":"ImageObject","inLanguage":"es","@id":"https:\/\/noticiasya.com\/#\/schema\/logo\/image\/","url":"https:\/\/noticiasya.com\/wp-content\/uploads\/sites\/22\/2023\/12\/logo-nacional.png","contentUrl":"https:\/\/noticiasya.com\/wp-content\/uploads\/sites\/22\/2023\/12\/logo-nacional.png","width":1801,"height":691,"caption":"Noticias"},"image":{"@id":"https:\/\/noticiasya.com\/#\/schema\/logo\/image\/"}}]}},"parsely":{"version":"1.1.0","canonical_url":"https:\/\/noticiasya.com\/midland-odessa\/2024\/10\/01\/5-cosas-a-tener-en-cuenta-durante-el-debate-de-los-candidatos-a-vicepresidente\/","smart_links":{"inbound":0,"outbound":0},"traffic_boost_suggestions_count":0,"meta":{"@context":"https:\/\/schema.org","@type":"NewsArticle","headline":"5 cosas a tener en cuenta durante el debate de los candidatos a vicepresidente","url":"http:\/\/noticiasya.com\/midland-odessa\/2024\/10\/01\/5-cosas-a-tener-en-cuenta-durante-el-debate-de-los-candidatos-a-vicepresidente\/","mainEntityOfPage":{"@type":"WebPage","@id":"http:\/\/noticiasya.com\/midland-odessa\/2024\/10\/01\/5-cosas-a-tener-en-cuenta-durante-el-debate-de-los-candidatos-a-vicepresidente\/"},"thumbnailUrl":"","image":{"@type":"ImageObject","url":""},"articleSection":"Noticias Nacionales","author":[],"creator":[],"publisher":{"@type":"Organization","name":"Noticias","logo":""},"keywords":[],"dateCreated":"2024-10-01T16:03:51Z","datePublished":"2024-10-01T16:03:51Z","dateModified":"2024-10-01T16:03:51Z"},"rendered":"<script type=\"application\/ld+json\" class=\"wp-parsely-metadata\">{\"@context\":\"https:\\\/\\\/schema.org\",\"@type\":\"NewsArticle\",\"headline\":\"5 cosas a tener en cuenta durante el debate de los candidatos a vicepresidente\",\"url\":\"http:\\\/\\\/noticiasya.com\\\/midland-odessa\\\/2024\\\/10\\\/01\\\/5-cosas-a-tener-en-cuenta-durante-el-debate-de-los-candidatos-a-vicepresidente\\\/\",\"mainEntityOfPage\":{\"@type\":\"WebPage\",\"@id\":\"http:\\\/\\\/noticiasya.com\\\/midland-odessa\\\/2024\\\/10\\\/01\\\/5-cosas-a-tener-en-cuenta-durante-el-debate-de-los-candidatos-a-vicepresidente\\\/\"},\"thumbnailUrl\":\"\",\"image\":{\"@type\":\"ImageObject\",\"url\":\"\"},\"articleSection\":\"Noticias Nacionales\",\"author\":[],\"creator\":[],\"publisher\":{\"@type\":\"Organization\",\"name\":\"Noticias\",\"logo\":\"\"},\"keywords\":[],\"dateCreated\":\"2024-10-01T16:03:51Z\",\"datePublished\":\"2024-10-01T16:03:51Z\",\"dateModified\":\"2024-10-01T16:03:51Z\"}<\/script>","tracker_url":"https:\/\/cdn.parsely.com\/keys\/noticiasya.com\/p.js"},"jetpack_featured_media_url":"","jetpack-related-posts":[{"id":1453275,"url":"https:\/\/noticiasya.com\/midland-odessa\/2024\/10\/02\/conclusiones-debate-candidatos-vicepresidencia-estados-unidos-trax\/","url_meta":{"origin":1453251,"position":0},"title":"Conclusiones del debate de candidatos a la vicepresidencia entre Vance y Walz","author":"","date":"octubre 2, 2024","format":false,"excerpt":"(CNN) --\u00a0El debate de candidatos a la vicepresidencia entre el senador de Ohio, J. D. Vance, y el gobernador de Minnesota, Tim Walz, fue algo que se ha vuelto cada vez m\u00e1s raro en la pol\u00edtica estadounidense moderna: normal.En un evento que es poco probable que cambie la trayectoria de\u2026","rel":"","context":"In &quot;Noticias Nacionales&quot;","block_context":{"text":"Noticias Nacionales","link":"https:\/\/noticiasya.com\/midland-odessa\/categoria\/noticias-nacionales"},"img":{"alt_text":"","src":"","width":0,"height":0},"classes":[]},{"id":1453278,"url":"https:\/\/noticiasya.com\/midland-odessa\/2024\/10\/02\/encuesta-instantanea-debate-walz-vance-vicepresidencia-trax\/","url_meta":{"origin":1453251,"position":1},"title":"Encuesta instant\u00e1nea de CNN: No hay un claro vencedor en el debate entre Tim Walz y JD Vance sobre la vicepresidencia","author":"","date":"octubre 2, 2024","format":false,"excerpt":"(CNN) -- Los votantes registrados que vieron el debate de este martes entre los candidatos a la vicepresidencia Tim Walz y J.D. Vance estaban muy divididos sobre qu\u00e9 candidato lo hizo mejor, seg\u00fan una encuesta instant\u00e1nea de CNN realizada por SSRS. El evento dej\u00f3 a los espectadores con opiniones m\u00e1s\u2026","rel":"","context":"In &quot;Noticias Nacionales&quot;","block_context":{"text":"Noticias Nacionales","link":"https:\/\/noticiasya.com\/midland-odessa\/categoria\/noticias-nacionales"},"img":{"alt_text":"","src":"","width":0,"height":0},"classes":[]},{"id":1451679,"url":"https:\/\/noticiasya.com\/midland-odessa\/2024\/08\/08\/analisis-harris-vance-medio-oeste-trump-trax\/","url_meta":{"origin":1453251,"position":2},"title":"AN\u00c1LISIS | Trump se queda en casa, dejando que Vance desaf\u00ede a Harris y Walz en el Medio Oeste de EE.UU.","author":"","date":"agosto 8, 2024","format":false,"excerpt":"(CNN) -- Era el primer gran d\u00eda de la lucha por el Medio Oeste de Estados Unidos que probablemente decida las elecciones de 2024, y faltaba alguien importante: el expresidente Donald Trump.El candidato republicano dej\u00f3 en manos de su compa\u00f1ero de f\u00f3rmula vicepresidencial, el senador de Ohio J.D. Vance, la\u2026","rel":"","context":"In &quot;Noticias Nacionales&quot;","block_context":{"text":"Noticias Nacionales","link":"https:\/\/noticiasya.com\/midland-odessa\/categoria\/noticias-nacionales"},"img":{"alt_text":"","src":"","width":0,"height":0},"classes":[]},{"id":1453272,"url":"https:\/\/noticiasya.com\/midland-odessa\/2024\/10\/01\/quien-es-tim-walz-vicepresidente-kamala-perfil-orix\/","url_meta":{"origin":1453251,"position":3},"title":"\u00bfQui\u00e9n es Tim Walz, el aspirante dem\u00f3crata a vicepresidente de Kamala Harris?","author":"","date":"octubre 1, 2024","format":false,"excerpt":"(CNN Espa\u00f1ol) -- El gobernador de Minnesota, Tim Walz, elegido como compa\u00f1ero de f\u00f3rmula de Kamala Harris, pas\u00f3 m\u00e1s de dos d\u00e9cadas en la Guardia Nacional del Ej\u00e9rcito \u2014tuvo un despliegue en el extranjero despu\u00e9s de los ataques del 11 de septiembre\u2014, trabaj\u00f3 como educador y entrenador y derrot\u00f3 sorprendentemente\u2026","rel":"","context":"In &quot;Noticias Nacionales&quot;","block_context":{"text":"Noticias Nacionales","link":"https:\/\/noticiasya.com\/midland-odessa\/categoria\/noticias-nacionales"},"img":{"alt_text":"","src":"","width":0,"height":0},"classes":[]},{"id":1451740,"url":"https:\/\/noticiasya.com\/midland-odessa\/2024\/08\/12\/campana-2024-dependera-trump-frenar-comienzo-harris-trax\/","url_meta":{"origin":1453251,"position":4},"title":"La campa\u00f1a de 2024 ahora depender\u00e1 de si Trump puede frenar el gran comienzo de Harris","author":"","date":"agosto 12, 2024","format":false,"excerpt":"(CNN)\u00a0-- La campa\u00f1a de Donald Trump, que ha fallado en sus primeros ataques a la nueva campa\u00f1a presidencial de Kamala Harris, luchar\u00e1 esta semana por lograr un punto de apoyo m\u00e1s efectivo despu\u00e9s de que la vicepresidenta transformara una elecci\u00f3n de impresionantes sorpresas.El expresidente ha utilizado algunas de sus herramientas\u2026","rel":"","context":"In &quot;Noticias Nacionales&quot;","block_context":{"text":"Noticias Nacionales","link":"https:\/\/noticiasya.com\/midland-odessa\/categoria\/noticias-nacionales"},"img":{"alt_text":"","src":"","width":0,"height":0},"classes":[]},{"id":1451634,"url":"https:\/\/noticiasya.com\/midland-odessa\/2024\/08\/06\/analisis-kamala-harris-tim-walz-companero-formula-trax\/","url_meta":{"origin":1453251,"position":5},"title":"AN\u00c1LISIS | Por qu\u00e9 Kamala Harris eligi\u00f3 a Tim Walz como su compa\u00f1ero de f\u00f3rmula","author":"","date":"agosto 6, 2024","format":false,"excerpt":"(CNN) --\u00a0El gobernador de Minnesota, Tim Walz, no figuraba entre los principales posibles compa\u00f1eros de f\u00f3rmula de Kamala Harris hasta las \u00faltimas semanas. Pero su elecci\u00f3n para acompa\u00f1ar a la vicepresidenta en la candidatura dem\u00f3crata subraya tanto el poder de las redes sociales como el de ser relativamente afable y\u2026","rel":"","context":"In &quot;Noticias Nacionales&quot;","block_context":{"text":"Noticias Nacionales","link":"https:\/\/noticiasya.com\/midland-odessa\/categoria\/noticias-nacionales"},"img":{"alt_text":"","src":"","width":0,"height":0},"classes":[]}],"jetpack_sharing_enabled":true,"_links":{"self":[{"href":"https:\/\/noticiasya.com\/midland-odessa\/wp-json\/wp\/v2\/posts\/1453251","targetHints":{"allow":["GET"]}}],"collection":[{"href":"https:\/\/noticiasya.com\/midland-odessa\/wp-json\/wp\/v2\/posts"}],"about":[{"href":"https:\/\/noticiasya.com\/midland-odessa\/wp-json\/wp\/v2\/types\/post"}],"replies":[{"embeddable":true,"href":"https:\/\/noticiasya.com\/midland-odessa\/wp-json\/wp\/v2\/comments?post=1453251"}],"version-history":[{"count":0,"href":"https:\/\/noticiasya.com\/midland-odessa\/wp-json\/wp\/v2\/posts\/1453251\/revisions"}],"wp:attachment":[{"href":"https:\/\/noticiasya.com\/midland-odessa\/wp-json\/wp\/v2\/media?parent=1453251"}],"wp:term":[{"taxonomy":"category","embeddable":true,"href":"https:\/\/noticiasya.com\/midland-odessa\/wp-json\/wp\/v2\/categories?post=1453251"},{"taxonomy":"post_tag","embeddable":true,"href":"https:\/\/noticiasya.com\/midland-odessa\/wp-json\/wp\/v2\/tags?post=1453251"}],"curies":[{"name":"wp","href":"https:\/\/api.w.org\/{rel}","templated":true}]}}