{"id":1453255,"date":"2024-10-01T11:03:42","date_gmt":"2024-10-01T18:03:42","guid":{"rendered":"https:\/\/noticiasya.com\/2024\/10\/01\/ministro-de-seguridad-de-el-salvador-no-matamos-pandilleros-orix\/"},"modified":"2024-10-01T11:03:42","modified_gmt":"2024-10-01T18:03:42","slug":"ministro-de-seguridad-de-el-salvador-no-matamos-pandilleros-orix","status":"publish","type":"post","link":"https:\/\/noticiasya.com\/midland-odessa\/2024\/10\/01\/ministro-de-seguridad-de-el-salvador-no-matamos-pandilleros-orix\/","title":{"rendered":"Ministro de Seguridad de El Salvador dice que los DD.HH. son una preocupaci\u00f3n para el Gobierno: \u201cNosotros no matamos pandilleros\u201d"},"content":{"rendered":"<p>(CNN Espa\u00f1ol) &#8212; Gustavo Villatoro es uno de los hombres fuertes de El Salvador. Es el ministro de Justicia y Seguridad en el pa\u00eds donde el combate contra las pandillas y el crimen organizado es el caballito de batalla del presidente Nayib Bukele no solo en la pol\u00edtica local sino en su proyecci\u00f3n internacional. Por ese motivo, no sorprendi\u00f3 que en la Asamblea de Naciones Unidas el mandatario dedicara gran parte de su discurso a ponderar la baja en la criminalidad en su pa\u00eds, un hecho que le vali\u00f3 denuncias por parte de organizaciones internacionales por violaciones a los derechos humanos y detenciones arbitrarias.<\/p>\n<p>Desde 2022 rige en El Salvador un r\u00e9gimen de excepci\u00f3n que suspende garant\u00edas constitucionales, incluidas la libertad de asociaci\u00f3n, el derecho a la defensa y extiende de 72 horas a 15 d\u00edas la detenci\u00f3n provisional. A partir de esta pol\u00edtica, la tasa de homicidios que en 2015 -el a\u00f1o m\u00e1s violento de la historia del pa\u00eds centroamericano- era de 106,3 por cada 100.000 habitantes, en 2023 baj\u00f3 a 2,4 y para 2024 Bukele proyecta que baje a 1,8 homicidios por cada 100.000 habitantes.<\/p>\n<p>Bukele: \u201cMientras El Salvador se volvi\u00f3 m\u00e1s seguro, el mundo se volvi\u00f3 m\u00e1s inseguro\u201d<\/p>\n<p>En esta entrevista con CNN desde Buenos Aires, en donde se encuentra como parte de la comitiva de la visita oficial del presidente de El Salvador, Villatoro, uniformado en negro -su nombre bordado en la solapa y un parche con la bandera del pa\u00eds centroamericano en el brazo izquierdo-, responder\u00e1 que al Gobierno de El Salvador le importan los derechos humanos y las detenciones de inocentes, pero tambi\u00e9n, que ning\u00fan sistema penal es perfecto.<\/p>\n<p>ESTAMOS YENDO A FONDO EN LA LUCHA CONTRA EL NARCOTERRORISMO<br \/>\nHoy me reun\u00ed con Gustavo Villatoro, Ministro de Justicia y Seguridad de El Salvador. En Argentina estamos aplicando medidas firmes y decididas contra el crimen organizado y las bandas narcos, inspirados por el exitoso\u2026 pic.twitter.com\/BFyEkeTfDq<br \/>\n\u2014 Patricia Bullrich (@PatoBullrich) September 30, 2024<\/p>\n<p>CNN: \u00bfPor qu\u00e9 contin\u00faa el r\u00e9gimen de excepci\u00f3n en El Salvador siendo que la problem\u00e1tica de las pandillas ya est\u00e1 controlada? \u00bfHasta cu\u00e1ndo tienen pensado sostenerlo?<\/p>\n<p>Gustavo Villatoro: El r\u00e9gimen de excepci\u00f3n es una herramienta, que lo hemos dicho p\u00fablicamente, por el mismo conocimiento y estudio del fen\u00f3meno de las pandillas que nacen en Los \u00c1ngeles, California, cuando empiezan a mandarnos, sin decirnos qu\u00e9 tipo de asesinos seriales nos estaban mandando, en 1993, y con un deportado pandillero empez\u00f3 todo este estado criminal de asesino serial. Entonces, va a acabar hasta que capturemos al \u00faltimo de esos asesinos seriales en territorio salvadore\u00f1o.<\/p>\n<p>*La MS-13, tambi\u00e9n conocida como Mara Salvatrucha, es una pandilla que se origin\u00f3 en Los \u00c1ngeles en la d\u00e9cada de 1980 integrada mayormente por salvadore\u00f1os (m\u00e1s tarde se unir\u00edan hondure\u00f1os y guatemaltecos) y cuyos integrantes empezaron a ser deportados a mediados de los 90 a sus pa\u00edses de origen ocasionando un aumento en los \u00edndices de violencia de los pa\u00edses centroamericanos.<\/p>\n<p>CNN: Hay se\u00f1alamientos por parte de organizaciones internacionales que denuncian violaciones a los derechos humanos de los detenidos y detenciones arbitrarias. Incluso, el propio presidente Bukele admiti\u00f3 que durante este proceso se encarcel\u00f3 a personas inocentes, \u00bfde qu\u00e9 manera piensan regularizar esa situaci\u00f3n? \u00bfc\u00f3mo trabajan para que no haya ning\u00fan pandillero en la calle, pero tampoco inocentes detenidos?<\/p>\n<p>GV: Esto es parte de ese Estado de derecho en el que creemos y por el cual, para rescatarlo, activamos el \u00faltimo recurso que ten\u00edamos como Estado, como sociedad, como pa\u00eds, para rescatar lo que llamamos Estado de Derecho. Un Estado de Derecho donde existe un \u00f3rgano judicial, donde existe un sistema de justicia penal. Nosotros no estamos matando pandilleros, no estamos matando terroristas, los estamos sometiendo a un proceso. De todas esas capturas, tambi\u00e9n hay un buen n\u00famero de personas que est\u00e1n en su casa, que estaban en la c\u00e1rcel y que ahora est\u00e1n en su casa. Eso demuestra que hay un sistema de justicia penal que est\u00e1 funcionando. Ahora, querer decir que nosotros bajo el r\u00e9gimen de excepci\u00f3n capturamos inocentes o de los derechos humanos es quedarse bien corto con el an\u00e1lisis, porque yo te puedo preguntar a ti, \u00bfdime qu\u00e9 pa\u00eds tiene el sistema de justicia penal perfecto? No existe, no hay. Aqu\u00ed el tema es: \u00bfnosotros en qu\u00e9 no pasamos? Somos fieles creyentes del Estado de derecho que tiene un sistema de justicia y es el sistema de justicia el que se va a encargar de determinar si esa persona es inocente o es culpable, no es bajo la cantaleta de los derechos humanos. Yo s\u00e9 que les molesta que hayamos movido el punto de gravedad y que ahora nosotros hagamos recaer el concepto de derechos humanos sobre millones de salvadore\u00f1os en lugar de sobre miles de criminales.<\/p>\n<p>*Una de las principales cr\u00edticas del proceso penal en El Salvador son los juicios masivos en el que se dictaminan sentencias grupales. Reportes de Estados Unidos y la OEA se\u00f1alan que esta modalidad desconoce el debido proceso.<\/p>\n<p>CNN: M\u00e1s all\u00e1 de que sean o no pandilleros e incluso de quienes efectivamente lo son, \u00bfles preocupan los derechos humanos de los detenidos?<\/p>\n<p>GV: Claro que nos preocupan los derechos humanos. Claro que s\u00ed, ellos tienen derechos humanos, lo que pasa es que los tienen reducidos porque no tienen libertad de movimiento como puede tener un buen salvadore\u00f1o. Nosotros cuando combatimos terroristas salimos a atentar contra el principal derecho humano, incluso de los delincuentes, como es la vida o lo sometimos al proceso judicial. M\u00e1s de 82.000 registros de detenci\u00f3n y solo 115 letalidades, terroristas que atentaron con nuestra con nuestras fuerzas del orden, y que nuestras fuerzas del orden repelieron.<\/p>\n<p>*La organizaci\u00f3n humanitaria Cristosal se\u00f1al\u00f3 en un informe publicado este a\u00f1o que entre marzo de 2022 y abril de 2024 hubo al menos 265 muertes en situaci\u00f3n de detenci\u00f3n en El Salvador. Cuatro de los fallecidos eran menores de edad.<\/p>\n<p>CNN: El expresidente de Estados Unidos y actual candidato republicano, Donald Trump, dijo que El Salvador enviaba delincuentes y asesinos a Estados Unidos. \u00bfQu\u00e9 opini\u00f3n le merece esta declaraci\u00f3n?<\/p>\n<p>GV: Soy ministro de El Salvador. Creo que los datos y la historia est\u00e1n. No puedo pronunciarme sobre temas de campa\u00f1as pol\u00edticas de otro pa\u00eds por lo mismo, porque si nosotros estamos luchando por que nos dejen ser soberanos e independientes, pues mal har\u00eda en meterme. Lo que s\u00ed te puedo decir es que est\u00e1 la realidad y la historia. Creo que no hay para d\u00f3nde perderse.<\/p>\n<p>CNN: En conferencia de prensa coment\u00f3 que cada 15 d\u00edas tienen reuniones con el equipo de la ministra de Seguridad de Argentina, Patricia Bullrich, para intercambiar informaci\u00f3n y cooperar en la materia. En ese aspecto, \u00bfcu\u00e1les son los puntos espec\u00edficos que pueden aplicarse en ese pa\u00eds y cu\u00e1les son las problem\u00e1ticas principales?<\/p>\n<p>GV: Lo que hacemos es compartir estrategias, experiencias, no siempre es un tr\u00e1nsito a un sentido de El Salvador hacia Argentina. Hay muchas herramientas tecnol\u00f3gicas que pueden utilizarse para fortalecer la capacidad de la polic\u00eda para enfrentar el crimen, las leyes, la reducci\u00f3n de la edad de imputabilidad para un menor, fueron parte de todas estas pl\u00e1ticas que hemos tenido, el hecho del ADN para criminales. Por lo que se ve y por lo que s\u00e9 de d\u00f3nde se han aplicado estas estrategias\u2026 Reci\u00e9n vi que Rosario (una ciudad argentina con alta tasa de criminalidad y problem\u00e1ticas relacionadas al narcotr\u00e1fico) hab\u00eda tenido un mes sin homicidios. Es algo muy bueno, positivo, que no es m\u00e1s que el reflejo de esas pol\u00edticas en materia de seguridad p\u00fablica efectiva que tienen un impacto para la poblaci\u00f3n. Nosotros somos ese amigo confiable y, por los millones de argentinos y tambi\u00e9n por los millones de salvadore\u00f1os, vamos a seguir trabajando de la mano y aspiramos a convertirnos en ese faro de esperanza para el continente americano, que curiosamente el mundo y los globalistas van transitando hacia pol\u00edticas que van en contra del sentido com\u00fan. Nuestra gobernanza, nuestras pol\u00edticas son de sentido com\u00fan y creen en los valores de la sociedad en los valores de la familia y sobre eso vamos a seguir transitando.<\/p>\n<p>*Si bien en Argentina el gobierno impuls\u00f3 recientemente un proyecto para modificar la ley de seguridad interior, que a\u00fan se encuentra en tr\u00e1mite legislativo y prev\u00e9n trabajar en una ley antimafias con juicios grupales, no hay evidencias de que el plan aplicado en Rosario tenga relaci\u00f3n con las reuniones entre los funcionarios de los gobiernos de Milei y Bukele.<\/p>\n<p>The-CNN-Wire<br \/>&trade; &amp; &copy; 2024 Cable News Network, Inc., a Warner Bros. Discovery Company. All rights reserved.<\/p>\n","protected":false},"excerpt":{"rendered":"<p>(CNN Espa\u00f1ol) &#8212; Gustavo Villatoro es uno de los hombres fuertes de El Salvador. Es el ministro de Justicia y Seguridad en el pa\u00eds donde el combate contra las pandillas y el crimen organizado es el caballito de batalla del presidente Nayib Bukele no solo en la pol\u00edtica local sino en su proyecci\u00f3n internacional. Por [&hellip;]<\/p>\n","protected":false},"author":0,"featured_media":0,"comment_status":"open","ping_status":"open","sticky":false,"template":"","format":"standard","meta":{"_jetpack_memberships_contains_paid_content":false,"footnotes":""},"categories":[10],"tags":[],"class_list":["post-1453255","post","type-post","status-publish","format-standard","hentry","category-noticias-nacionales","market-global"],"yoast_head":"<!-- This site is optimized with the Yoast SEO plugin v24.4 - https:\/\/yoast.com\/wordpress\/plugins\/seo\/ -->\n<title>Ministro de Seguridad de El Salvador dice que los DD.HH. son una preocupaci\u00f3n para el Gobierno: \u201cNosotros no matamos pandilleros\u201d - Noticias<\/title>\n<meta name=\"robots\" content=\"index, follow, max-snippet:-1, max-image-preview:large, max-video-preview:-1\" \/>\n<link rel=\"canonical\" href=\"https:\/\/noticiasya.com\/2024\/10\/01\/ministro-de-seguridad-de-el-salvador-no-matamos-pandilleros-orix\/\" \/>\n<meta property=\"og:locale\" content=\"es_ES\" \/>\n<meta property=\"og:type\" content=\"article\" \/>\n<meta property=\"og:title\" content=\"Ministro de Seguridad de El Salvador dice que los DD.HH. son una preocupaci\u00f3n para el Gobierno: \u201cNosotros no matamos pandilleros\u201d - Noticias\" \/>\n<meta property=\"og:description\" content=\"(CNN Espa\u00f1ol) &#8212; Gustavo Villatoro es uno de los hombres fuertes de El Salvador. Es el ministro de Justicia y Seguridad en el pa\u00eds donde el combate contra las pandillas y el crimen organizado es el caballito de batalla del presidente Nayib Bukele no solo en la pol\u00edtica local sino en su proyecci\u00f3n internacional. Por [&hellip;]\" \/>\n<meta property=\"og:url\" content=\"https:\/\/noticiasya.com\/2024\/10\/01\/ministro-de-seguridad-de-el-salvador-no-matamos-pandilleros-orix\/\" \/>\n<meta property=\"og:site_name\" content=\"Noticias\" \/>\n<meta property=\"article:published_time\" content=\"2024-10-01T18:03:42+00:00\" \/>\n<meta name=\"twitter:card\" content=\"summary_large_image\" \/>\n<meta name=\"twitter:label1\" content=\"Est. reading time\" \/>\n\t<meta name=\"twitter:data1\" content=\"8 minutos\" \/>\n<script type=\"application\/ld+json\" class=\"yoast-schema-graph\">{\"@context\":\"https:\/\/schema.org\",\"@graph\":[{\"@type\":\"Article\",\"@id\":\"https:\/\/noticiasya.com\/2024\/10\/01\/ministro-de-seguridad-de-el-salvador-no-matamos-pandilleros-orix\/#article\",\"isPartOf\":{\"@id\":\"https:\/\/noticiasya.com\/2024\/10\/01\/ministro-de-seguridad-de-el-salvador-no-matamos-pandilleros-orix\/\"},\"author\":{\"name\":\"\",\"@id\":\"\"},\"headline\":\"Ministro de Seguridad de El Salvador dice que los DD.HH. son una preocupaci\u00f3n para el Gobierno: \u201cNosotros no matamos pandilleros\u201d\",\"datePublished\":\"2024-10-01T18:03:42+00:00\",\"mainEntityOfPage\":{\"@id\":\"https:\/\/noticiasya.com\/2024\/10\/01\/ministro-de-seguridad-de-el-salvador-no-matamos-pandilleros-orix\/\"},\"wordCount\":1527,\"commentCount\":0,\"publisher\":{\"@id\":\"https:\/\/noticiasya.com\/#organization\"},\"articleSection\":[\"Noticias Nacionales\"],\"inLanguage\":\"es\",\"potentialAction\":[{\"@type\":\"CommentAction\",\"name\":\"Comment\",\"target\":[\"https:\/\/noticiasya.com\/2024\/10\/01\/ministro-de-seguridad-de-el-salvador-no-matamos-pandilleros-orix\/#respond\"]}]},{\"@type\":\"WebPage\",\"@id\":\"https:\/\/noticiasya.com\/2024\/10\/01\/ministro-de-seguridad-de-el-salvador-no-matamos-pandilleros-orix\/\",\"url\":\"https:\/\/noticiasya.com\/2024\/10\/01\/ministro-de-seguridad-de-el-salvador-no-matamos-pandilleros-orix\/\",\"name\":\"Ministro de Seguridad de El Salvador dice que los DD.HH. son una preocupaci\u00f3n para el Gobierno: \u201cNosotros no matamos pandilleros\u201d - Noticias\",\"isPartOf\":{\"@id\":\"https:\/\/noticiasya.com\/#website\"},\"datePublished\":\"2024-10-01T18:03:42+00:00\",\"breadcrumb\":{\"@id\":\"https:\/\/noticiasya.com\/2024\/10\/01\/ministro-de-seguridad-de-el-salvador-no-matamos-pandilleros-orix\/#breadcrumb\"},\"inLanguage\":\"es\",\"potentialAction\":[{\"@type\":\"ReadAction\",\"target\":[\"https:\/\/noticiasya.com\/2024\/10\/01\/ministro-de-seguridad-de-el-salvador-no-matamos-pandilleros-orix\/\"]}]},{\"@type\":\"BreadcrumbList\",\"@id\":\"https:\/\/noticiasya.com\/2024\/10\/01\/ministro-de-seguridad-de-el-salvador-no-matamos-pandilleros-orix\/#breadcrumb\",\"itemListElement\":[{\"@type\":\"ListItem\",\"position\":1,\"name\":\"Home\",\"item\":\"https:\/\/noticiasya.com\/\"},{\"@type\":\"ListItem\",\"position\":2,\"name\":\"Ministro de Seguridad de El Salvador dice que los DD.HH. son una preocupaci\u00f3n para el Gobierno: \u201cNosotros no matamos pandilleros\u201d\"}]},{\"@type\":\"WebSite\",\"@id\":\"https:\/\/noticiasya.com\/#website\",\"url\":\"https:\/\/noticiasya.com\/\",\"name\":\"Noticias\",\"description\":\"Lo que importa\",\"publisher\":{\"@id\":\"https:\/\/noticiasya.com\/#organization\"},\"potentialAction\":[{\"@type\":\"SearchAction\",\"target\":{\"@type\":\"EntryPoint\",\"urlTemplate\":\"https:\/\/noticiasya.com\/?s={search_term_string}\"},\"query-input\":{\"@type\":\"PropertyValueSpecification\",\"valueRequired\":true,\"valueName\":\"search_term_string\"}}],\"inLanguage\":\"es\"},{\"@type\":\"Organization\",\"@id\":\"https:\/\/noticiasya.com\/#organization\",\"name\":\"Noticias\",\"url\":\"https:\/\/noticiasya.com\/\",\"logo\":{\"@type\":\"ImageObject\",\"inLanguage\":\"es\",\"@id\":\"https:\/\/noticiasya.com\/#\/schema\/logo\/image\/\",\"url\":\"https:\/\/noticiasya.com\/wp-content\/uploads\/sites\/22\/2023\/12\/logo-nacional.png\",\"contentUrl\":\"https:\/\/noticiasya.com\/wp-content\/uploads\/sites\/22\/2023\/12\/logo-nacional.png\",\"width\":1801,\"height\":691,\"caption\":\"Noticias\"},\"image\":{\"@id\":\"https:\/\/noticiasya.com\/#\/schema\/logo\/image\/\"}}]}<\/script>\n<!-- \/ Yoast SEO plugin. -->","yoast_head_json":{"title":"Ministro de Seguridad de El Salvador dice que los DD.HH. son una preocupaci\u00f3n para el Gobierno: \u201cNosotros no matamos pandilleros\u201d - Noticias","robots":{"index":"index","follow":"follow","max-snippet":"max-snippet:-1","max-image-preview":"max-image-preview:large","max-video-preview":"max-video-preview:-1"},"canonical":"https:\/\/noticiasya.com\/2024\/10\/01\/ministro-de-seguridad-de-el-salvador-no-matamos-pandilleros-orix\/","og_locale":"es_ES","og_type":"article","og_title":"Ministro de Seguridad de El Salvador dice que los DD.HH. son una preocupaci\u00f3n para el Gobierno: \u201cNosotros no matamos pandilleros\u201d - Noticias","og_description":"(CNN Espa\u00f1ol) &#8212; Gustavo Villatoro es uno de los hombres fuertes de El Salvador. Es el ministro de Justicia y Seguridad en el pa\u00eds donde el combate contra las pandillas y el crimen organizado es el caballito de batalla del presidente Nayib Bukele no solo en la pol\u00edtica local sino en su proyecci\u00f3n internacional. Por [&hellip;]","og_url":"https:\/\/noticiasya.com\/2024\/10\/01\/ministro-de-seguridad-de-el-salvador-no-matamos-pandilleros-orix\/","og_site_name":"Noticias","article_published_time":"2024-10-01T18:03:42+00:00","twitter_card":"summary_large_image","twitter_misc":{"Est. reading time":"8 minutos"},"schema":{"@context":"https:\/\/schema.org","@graph":[{"@type":"Article","@id":"https:\/\/noticiasya.com\/2024\/10\/01\/ministro-de-seguridad-de-el-salvador-no-matamos-pandilleros-orix\/#article","isPartOf":{"@id":"https:\/\/noticiasya.com\/2024\/10\/01\/ministro-de-seguridad-de-el-salvador-no-matamos-pandilleros-orix\/"},"author":{"name":"","@id":""},"headline":"Ministro de Seguridad de El Salvador dice que los DD.HH. son una preocupaci\u00f3n para el Gobierno: \u201cNosotros no matamos pandilleros\u201d","datePublished":"2024-10-01T18:03:42+00:00","mainEntityOfPage":{"@id":"https:\/\/noticiasya.com\/2024\/10\/01\/ministro-de-seguridad-de-el-salvador-no-matamos-pandilleros-orix\/"},"wordCount":1527,"commentCount":0,"publisher":{"@id":"https:\/\/noticiasya.com\/#organization"},"articleSection":["Noticias Nacionales"],"inLanguage":"es","potentialAction":[{"@type":"CommentAction","name":"Comment","target":["https:\/\/noticiasya.com\/2024\/10\/01\/ministro-de-seguridad-de-el-salvador-no-matamos-pandilleros-orix\/#respond"]}]},{"@type":"WebPage","@id":"https:\/\/noticiasya.com\/2024\/10\/01\/ministro-de-seguridad-de-el-salvador-no-matamos-pandilleros-orix\/","url":"https:\/\/noticiasya.com\/2024\/10\/01\/ministro-de-seguridad-de-el-salvador-no-matamos-pandilleros-orix\/","name":"Ministro de Seguridad de El Salvador dice que los DD.HH. son una preocupaci\u00f3n para el Gobierno: \u201cNosotros no matamos pandilleros\u201d - Noticias","isPartOf":{"@id":"https:\/\/noticiasya.com\/#website"},"datePublished":"2024-10-01T18:03:42+00:00","breadcrumb":{"@id":"https:\/\/noticiasya.com\/2024\/10\/01\/ministro-de-seguridad-de-el-salvador-no-matamos-pandilleros-orix\/#breadcrumb"},"inLanguage":"es","potentialAction":[{"@type":"ReadAction","target":["https:\/\/noticiasya.com\/2024\/10\/01\/ministro-de-seguridad-de-el-salvador-no-matamos-pandilleros-orix\/"]}]},{"@type":"BreadcrumbList","@id":"https:\/\/noticiasya.com\/2024\/10\/01\/ministro-de-seguridad-de-el-salvador-no-matamos-pandilleros-orix\/#breadcrumb","itemListElement":[{"@type":"ListItem","position":1,"name":"Home","item":"https:\/\/noticiasya.com\/"},{"@type":"ListItem","position":2,"name":"Ministro de Seguridad de El Salvador dice que los DD.HH. son una preocupaci\u00f3n para el Gobierno: \u201cNosotros no matamos pandilleros\u201d"}]},{"@type":"WebSite","@id":"https:\/\/noticiasya.com\/#website","url":"https:\/\/noticiasya.com\/","name":"Noticias","description":"Lo que importa","publisher":{"@id":"https:\/\/noticiasya.com\/#organization"},"potentialAction":[{"@type":"SearchAction","target":{"@type":"EntryPoint","urlTemplate":"https:\/\/noticiasya.com\/?s={search_term_string}"},"query-input":{"@type":"PropertyValueSpecification","valueRequired":true,"valueName":"search_term_string"}}],"inLanguage":"es"},{"@type":"Organization","@id":"https:\/\/noticiasya.com\/#organization","name":"Noticias","url":"https:\/\/noticiasya.com\/","logo":{"@type":"ImageObject","inLanguage":"es","@id":"https:\/\/noticiasya.com\/#\/schema\/logo\/image\/","url":"https:\/\/noticiasya.com\/wp-content\/uploads\/sites\/22\/2023\/12\/logo-nacional.png","contentUrl":"https:\/\/noticiasya.com\/wp-content\/uploads\/sites\/22\/2023\/12\/logo-nacional.png","width":1801,"height":691,"caption":"Noticias"},"image":{"@id":"https:\/\/noticiasya.com\/#\/schema\/logo\/image\/"}}]}},"parsely":{"version":"1.1.0","canonical_url":"https:\/\/noticiasya.com\/midland-odessa\/2024\/10\/01\/ministro-de-seguridad-de-el-salvador-no-matamos-pandilleros-orix\/","smart_links":{"inbound":0,"outbound":0},"traffic_boost_suggestions_count":0,"meta":{"@context":"https:\/\/schema.org","@type":"NewsArticle","headline":"Ministro de Seguridad de El Salvador dice que los DD.HH. son una preocupaci\u00f3n para el Gobierno: \u201cNosotros no matamos pandilleros\u201d","url":"http:\/\/noticiasya.com\/midland-odessa\/2024\/10\/01\/ministro-de-seguridad-de-el-salvador-no-matamos-pandilleros-orix\/","mainEntityOfPage":{"@type":"WebPage","@id":"http:\/\/noticiasya.com\/midland-odessa\/2024\/10\/01\/ministro-de-seguridad-de-el-salvador-no-matamos-pandilleros-orix\/"},"thumbnailUrl":"","image":{"@type":"ImageObject","url":""},"articleSection":"Noticias Nacionales","author":[],"creator":[],"publisher":{"@type":"Organization","name":"Noticias","logo":""},"keywords":[],"dateCreated":"2024-10-01T18:03:42Z","datePublished":"2024-10-01T18:03:42Z","dateModified":"2024-10-01T18:03:42Z"},"rendered":"<script type=\"application\/ld+json\" class=\"wp-parsely-metadata\">{\"@context\":\"https:\\\/\\\/schema.org\",\"@type\":\"NewsArticle\",\"headline\":\"Ministro de Seguridad de El Salvador dice que los DD.HH. son una preocupaci\\u00f3n para el Gobierno: \\u201cNosotros no matamos pandilleros\\u201d\",\"url\":\"http:\\\/\\\/noticiasya.com\\\/midland-odessa\\\/2024\\\/10\\\/01\\\/ministro-de-seguridad-de-el-salvador-no-matamos-pandilleros-orix\\\/\",\"mainEntityOfPage\":{\"@type\":\"WebPage\",\"@id\":\"http:\\\/\\\/noticiasya.com\\\/midland-odessa\\\/2024\\\/10\\\/01\\\/ministro-de-seguridad-de-el-salvador-no-matamos-pandilleros-orix\\\/\"},\"thumbnailUrl\":\"\",\"image\":{\"@type\":\"ImageObject\",\"url\":\"\"},\"articleSection\":\"Noticias Nacionales\",\"author\":[],\"creator\":[],\"publisher\":{\"@type\":\"Organization\",\"name\":\"Noticias\",\"logo\":\"\"},\"keywords\":[],\"dateCreated\":\"2024-10-01T18:03:42Z\",\"datePublished\":\"2024-10-01T18:03:42Z\",\"dateModified\":\"2024-10-01T18:03:42Z\"}<\/script>","tracker_url":"https:\/\/cdn.parsely.com\/keys\/noticiasya.com\/p.js"},"jetpack_featured_media_url":"","jetpack-related-posts":[{"id":1452607,"url":"https:\/\/noticiasya.com\/midland-odessa\/2024\/09\/12\/nayiv-bukele-criticos-dictadura-libres-trax\/","url_meta":{"origin":1453255,"position":0},"title":"Los cr\u00edticos denuncian que el gobierno de Nayib Bukele es una dictadura. Pero estas personas dicen que nunca se han sentido tan libres.","author":"","date":"septiembre 12, 2024","format":false,"excerpt":"San Salvador, El Salvador (CNN)--Durante d\u00e9cadas, las opciones de vida para muchos en El Salvador fueron sombr\u00edas: irse o morir. Apodada la \u201ccapital mundial del asesinato\u201d, hubo un promedio de un homicidio por hora a principios de 2016, en este pa\u00eds de solo 6 millones de habitantes, dos millones menos\u2026","rel":"","context":"In &quot;Noticias Nacionales&quot;","block_context":{"text":"Noticias Nacionales","link":"https:\/\/noticiasya.com\/midland-odessa\/categoria\/noticias-nacionales"},"img":{"alt_text":"","src":"","width":0,"height":0},"classes":[]},{"id":1461018,"url":"https:\/\/noticiasya.com\/midland-odessa\/2025\/04\/09\/el-salvador-comparte-informacion-eeuu-deportados-cecot-trax\/","url_meta":{"origin":1453255,"position":1},"title":"&#171;No es al azar&#187;: El Salvador asegura que comparte informaci\u00f3n con EE.UU. sobre qu\u00e9 individuos deportar","author":"","date":"abril 9, 2025","format":false,"excerpt":"El Salvador afirma que comparte inteligencia con Estados Unidos sobre miembros de pandillas buscados por la naci\u00f3n centroamericana y proporciona \u201cregistros completos\u201d sobre ellos antes de solicitar formalmente su deportaci\u00f3n.\u201cLevantamos la mano y decimos, \u2018Miren, este tipo\u2019\u201d, dijo el ministro de Seguridad y Justicia del pa\u00eds, Gustavo Villatoro, en una\u2026","rel":"","context":"In &quot;Noticias Nacionales&quot;","block_context":{"text":"Noticias Nacionales","link":"https:\/\/noticiasya.com\/midland-odessa\/categoria\/noticias-nacionales"},"img":{"alt_text":"","src":"","width":0,"height":0},"classes":[]},{"id":1460467,"url":"https:\/\/noticiasya.com\/midland-odessa\/2025\/03\/26\/ee-uu-aumentar-deportaciones-salvador-kristi-noem-orix\/","url_meta":{"origin":1453255,"position":2},"title":"EE.UU. busca aumentar deportaciones a El Salvador, dice secretaria de Seguridad Nacional Kristi Noem","author":"","date":"marzo 26, 2025","format":false,"excerpt":"La secretaria de Seguridad Nacional de EE.UU., Kristi Noem, arrib\u00f3 este mi\u00e9rcoles a El Salvador para sostener una reuni\u00f3n con el presidente Nayib Bukele. La funcionaria adelant\u00f3 en una publicaci\u00f3n en la red social X que busca un aumento de vuelos con deportados y de expulsiones de personas de otras\u2026","rel":"","context":"In &quot;Noticias Nacionales&quot;","block_context":{"text":"Noticias Nacionales","link":"https:\/\/noticiasya.com\/midland-odessa\/categoria\/noticias-nacionales"},"img":{"alt_text":"","src":"","width":0,"height":0},"classes":[]},{"id":1461592,"url":"https:\/\/noticiasya.com\/midland-odessa\/2025\/04\/24\/modelo-bukele-simpatizantes-replicarlo-no-facil-orix\/","url_meta":{"origin":1453255,"position":3},"title":"El modelo Bukele tiene simpatizantes, pero replicarlo no es tan f\u00e1cil","author":"","date":"abril 24, 2025","format":false,"excerpt":"El presidente de El Salvador, Nayib Bukele, ha publicado en X que su modelo de seguridad es f\u00e1cil de replicar, incluso en pa\u00edses como M\u00e9xico.\u201c28 de los 32 estados de M\u00e9xico tienen una poblaci\u00f3n igual o menor a la de El Salvador.\u00bfPor qu\u00e9, entonces, no pueden resolver el tema de\u2026","rel":"","context":"In &quot;Noticias Nacionales&quot;","block_context":{"text":"Noticias Nacionales","link":"https:\/\/noticiasya.com\/midland-odessa\/categoria\/noticias-nacionales"},"img":{"alt_text":"","src":"","width":0,"height":0},"classes":[]},{"id":1453260,"url":"https:\/\/noticiasya.com\/midland-odessa\/2024\/10\/01\/milei-recibe-bukele-el-salvador-argentina-orix\/","url_meta":{"origin":1453255,"position":4},"title":"AN\u00c1LISIS | Milei recibe a Bukele: \u00bfqu\u00e9 busca el presidente de El Salvador en Argentina?","author":"","date":"octubre 1, 2024","format":false,"excerpt":"(CNN Espa\u00f1ol) \u2013\u2013 El presidente de Argentina, Javier Milei, recibi\u00f3 este lunes a su par salvadore\u00f1o Nayib Bukele en la Casa Rosada, donde mantuvieron un encuentro a puertas cerradas, sin declaraci\u00f3n conjunta.Anteriormente, el mandatario salvadore\u00f1o hab\u00eda expresado que Buenos Aires es su ciudad favorita en el mundo y que en\u2026","rel":"","context":"In &quot;Noticias Nacionales&quot;","block_context":{"text":"Noticias Nacionales","link":"https:\/\/noticiasya.com\/midland-odessa\/categoria\/noticias-nacionales"},"img":{"alt_text":"","src":"","width":0,"height":0},"classes":[]},{"id":1450517,"url":"https:\/\/noticiasya.com\/midland-odessa\/2024\/06\/19\/argentina-modelo-bukele-seguridad-analisis-orix\/","url_meta":{"origin":1453255,"position":5},"title":"An\u00e1lisis | \u00bfQu\u00e9 busca Argentina en el &#171;modelo Bukele&#187; de seguridad?","author":"","date":"junio 19, 2024","format":false,"excerpt":"(CNN Espa\u00f1ol) -- En sus redes sociales, en las \u00faltimas 48 horas, la ministra de Seguridad de Argentina, Patricia Bullrich, ha promovido desde El Salvador las pol\u00edticas de ese pa\u00eds para combatir el crimen organizado, mientras recorre el Centro de Confinamiento del Terrorismo (Cecot) y celebra reuniones con funcionarios del\u2026","rel":"","context":"In &quot;Noticias Nacionales&quot;","block_context":{"text":"Noticias Nacionales","link":"https:\/\/noticiasya.com\/midland-odessa\/categoria\/noticias-nacionales"},"img":{"alt_text":"","src":"","width":0,"height":0},"classes":[]}],"jetpack_sharing_enabled":true,"_links":{"self":[{"href":"https:\/\/noticiasya.com\/midland-odessa\/wp-json\/wp\/v2\/posts\/1453255","targetHints":{"allow":["GET"]}}],"collection":[{"href":"https:\/\/noticiasya.com\/midland-odessa\/wp-json\/wp\/v2\/posts"}],"about":[{"href":"https:\/\/noticiasya.com\/midland-odessa\/wp-json\/wp\/v2\/types\/post"}],"replies":[{"embeddable":true,"href":"https:\/\/noticiasya.com\/midland-odessa\/wp-json\/wp\/v2\/comments?post=1453255"}],"version-history":[{"count":0,"href":"https:\/\/noticiasya.com\/midland-odessa\/wp-json\/wp\/v2\/posts\/1453255\/revisions"}],"wp:attachment":[{"href":"https:\/\/noticiasya.com\/midland-odessa\/wp-json\/wp\/v2\/media?parent=1453255"}],"wp:term":[{"taxonomy":"category","embeddable":true,"href":"https:\/\/noticiasya.com\/midland-odessa\/wp-json\/wp\/v2\/categories?post=1453255"},{"taxonomy":"post_tag","embeddable":true,"href":"https:\/\/noticiasya.com\/midland-odessa\/wp-json\/wp\/v2\/tags?post=1453255"}],"curies":[{"name":"wp","href":"https:\/\/api.w.org\/{rel}","templated":true}]}}