{"id":1453256,"date":"2024-10-01T11:03:42","date_gmt":"2024-10-01T18:03:42","guid":{"rendered":"https:\/\/noticiasya.com\/2024\/10\/01\/paso-7-anos-vuelta-mundo-mayor-reto-volver-casa-trax\/"},"modified":"2024-10-01T11:03:42","modified_gmt":"2024-10-01T18:03:42","slug":"paso-7-anos-vuelta-mundo-mayor-reto-volver-casa-trax","status":"publish","type":"post","link":"https:\/\/noticiasya.com\/midland-odessa\/2024\/10\/01\/paso-7-anos-vuelta-mundo-mayor-reto-volver-casa-trax\/","title":{"rendered":"Pas\u00f3 7 a\u00f1os dando la vuelta al mundo con su perra. Pero su mayor reto fue volver a casa"},"content":{"rendered":"<p>(CNN) &#8212; Mientras caminaba de vuelta a su ciudad natal junto a su querida perra Savannah tras siete a\u00f1os de viaje, el aventurero Tom Turcich, de Nueva Jersey, no pod\u00eda estar m\u00e1s esperanzado sobre el futuro.<\/p>\n<p>El 21 de mayo de 2022, Turcich y su compa\u00f1era de cuatro patas fueron recibidos con una gran fiesta de bienvenida en Haddon Township. Turcich se convirti\u00f3 oficialmente en la d\u00e9cima persona de la que se tiene constancia que ha dado la vuelta al mundo a pie, y Savannah se adjudic\u00f3 el t\u00edtulo de primera perra en hacerlo.<\/p>\n<p>Durante el viaje, la pareja recorri\u00f3 junta seis continentes y 38 pa\u00edses, entre ellos Chile, Panam\u00e1 y Kazajst\u00e1n.<\/p>\n<p>Compa\u00f1era constante<\/p>\n<p>El aventurero Tom Turcich pas\u00f3 siete a\u00f1os dando la vuelta al mundo con su perra Savannah. Pero su vida cambi\u00f3 para siempre tras su regreso. Cr\u00e9dito: Tom Turcich<\/p>\n<p>&#171;El final fue incre\u00edble&#187;, cuenta Turcich a CNN Travel, relatando c\u00f3mo amigos, familiares y personas de buena voluntad acudieron a recibirlos.<\/p>\n<p>&#171;Porque b\u00e1sicamente era la mitad de mi vida dedicada a esa idea de dar la vuelta al mundo y por fin realizarla&#8230; Cruzar la l\u00ednea de meta, fue como el para\u00edso&#187;.<\/p>\n<p>Turcich cont\u00f3 anteriormente que las muertes de sus amigas, Anne Marie, que falleci\u00f3 en un accidente de moto acu\u00e1tica, y Shannon, que muri\u00f3 en un accidente automovil\u00edstico, hab\u00edan sido un catalizador para su viaje, y se sinti\u00f3 emocionado al ver a sus padres entre las personas que le deseaban lo mejor.<\/p>\n<p>&#171;Tener all\u00ed a los padres de Anne Marie y Shannon fue realmente especial&#187;, a\u00f1ade.<\/p>\n<p>Turcich se sinti\u00f3 realizado durante los tres meses siguientes, mientras asimilaba su incre\u00edble logro. &#171;Era como si estuviera en un resplandor&#187;, dice. &#171;Y todo era perfecto&#187;.<\/p>\n<p>Pero cuando ese incre\u00edble momento empez\u00f3 a desvanecerse, Turcich empez\u00f3 a darse cuenta de que una parte tan importante de su vida hab\u00eda terminado, y r\u00e1pidamente se encontr\u00f3 en su punto m\u00e1s bajo.<\/p>\n<p>&#171;Me di cuenta cuando caminaba hacia el parque con Savannah&#187;, dice. &#171;De que todo sigue adelante. La vida. Esto que hab\u00eda sido mi vida para siempre se hab\u00eda acabado. Pero entonces la vida sigui\u00f3 adelante, y puedes simplemente vivir la vida sin este prop\u00f3sito mayor. Y entonces se hizo realmente dif\u00edcil&#187;.<\/p>\n<p>Turcich, a quien se ha comparado con Forrest Gump, el personaje interpretado por Tom Hanks en la pel\u00edcula de 1994, comprendi\u00f3 que tendr\u00eda que seguir adelante y continuar haciendo &#171;cosas que no significan tanto como lo hizo para m\u00ed la caminata por el mundo&#187;.<\/p>\n<p>&#171;Es realmente desafiante pasar de tener este punto singular en el que centrar todos tus esfuerzos, y luego no tenerlo&#187;, a\u00f1ade.<\/p>\n<p>Seg\u00fan Turcich, las cosas llegaron a un punto cr\u00edtico cuando se traslad\u00f3 a Seattle para estar con su compa\u00f1era Bonnie Snyder, a quien hab\u00eda conocido al final de su viaje, el pasado noviembre.<\/p>\n<p>&#171;Ca\u00ed probablemente en la primera depresi\u00f3n de mi vida&#187;, dice, describiendo lo perdido que se sent\u00eda sin tener un prop\u00f3sito tan claro.<\/p>\n<p>Una p\u00e9rdida desgarradora<\/p>\n<p>Turcich y su prometida Bonnie con sus perros Savannah y Cleo, que ya han fallecido. Cr\u00e9dito: Cortes\u00eda de Tom Turcich<\/p>\n<p>Y justo cuando hab\u00eda conseguido salir de la oscuridad, falleci\u00f3 su querida Savannah.<\/p>\n<p>Turcich recuerda que acababa de volver de unas vacaciones con Snyder, que lloraba la p\u00e9rdida de su propia perra, Cleo, cuando se enter\u00f3 de que Savannah estaba gravemente enferma.<\/p>\n<p>Aunque llevaba unos meses sufriendo \u00abataques\u00bb de mala salud, Turcich no estaba preparado para la noticia.<\/p>\n<p>&#171;Sus ri\u00f1ones estaban fallando&#187;, dice. &#171;No pod\u00edan hacer nada&#8230; Tuvieron que sacrificarla&#187;.<\/p>\n<p>Savannah era &#171;la mejor amiga&#187; de Tom Turcich, tras siete a\u00f1os caminando juntos por el mundo. Cr\u00e9dito: Tom Turcich<\/p>\n<p>Turcich a\u00fan est\u00e1 asimilando la p\u00e9rdida, que siente como el cierre definitivo de un cap\u00edtulo que ya le costaba dejar atr\u00e1s.<\/p>\n<p>&#171;Todav\u00eda me siento un poco culpable&#187;, dice. &#171;Estuve muy mal el primer mes despu\u00e9s. En cierto modo, era mi mejor amiga. Ella es la \u00fanica otra cosa viva que vivi\u00f3 aquello. Creo que gran parte del dolor es&#8230; Pasamos tanto tiempo juntos y pasamos por tantas cosas&#187;.<\/p>\n<p>Despu\u00e9s de haber sido el &#171;protector&#187; de Savannah durante el mal tiempo y los &#171;lugares extra\u00f1os&#187; mientras estaban de viaje, a Turcich le ha resultado dif\u00edcil aceptar que esta vez no pudo protegerla.<\/p>\n<p>&#171;Pero vivi\u00f3 nueve a\u00f1os estupendos. Estoy agradecido por ello&#187;, a\u00f1ade, recordando c\u00f3mo Savannah lo anim\u00f3 una y otra vez durante el viaje.<\/p>\n<p>Turcich decidi\u00f3 inicialmente aceptar el reto de dar la vuelta al mundo a pie despu\u00e9s de leer sobre Steven Newman, incluido en la lista de Guinness World Records como la primera persona en dar la vuelta al mundo a pie, y el aventurero a pie Karl Bushby, que lleva circunnavegando el globo a pie desde 1998.<\/p>\n<p>Se puso en marcha el 2 de abril de 2015, justo antes de cumplir 26 a\u00f1os, con s\u00f3lo una carriola de beb\u00e9 que conten\u00eda equipo de senderismo, un saco de dormir, una computadora port\u00e1til, una c\u00e1mara DSLR y un caj\u00f3n de pl\u00e1stico que utiliz\u00f3 para guardar su comida.<\/p>\n<p>Aunque empez\u00f3 el viaje solo, Turcich adopt\u00f3 a Savannah, que entonces era una cachorrita, de un refugio de animales de Austin, Texas, durante la primera etapa de su viaje, en la que camin\u00f3 desde Nueva Jersey hasta Panam\u00e1.<\/p>\n<p>Turcich explica que pens\u00f3 que tener un compa\u00f1ero canino a su lado que pudiera &#171;vigilar&#187; durante la noche har\u00eda toda la diferencia, y sin duda as\u00ed fue.<\/p>\n<p>Historia de aventuras<\/p>\n<p>Despu\u00e9s de haber sido el &#171;protector&#187; de Savannah mientras estaban de viaje, a Turcich le ha costado aceptar que esta vez no pod\u00eda protegerla. Cr\u00e9dito: Cortes\u00eda de Tom Turcich<\/p>\n<p>En un d\u00eda normal, la pareja caminaba entre unos 29 a 38 kil\u00f3metros.<\/p>\n<p>Los requisitos de los R\u00e9cords Mundiales Guinness para una circunnavegaci\u00f3n a pie son recorrer 18.000 millas (unos 30.000 kil\u00f3metros) y cruzar cuatro continentes, que Turcich super\u00f3.<\/p>\n<p>Cuando se le pregunta si cree que habr\u00eda conseguido completar el viaje sin Savannah, Turcich dice que no est\u00e1 seguro.<\/p>\n<p>&#171;No habr\u00eda sido tan bueno&#187;, dice. &#171;No habr\u00eda sido tan divertido. No habr\u00eda podido asimilar tantos momentos&#8230; Definitivamente, ella era como la incondicional de la marcha. En retrospectiva, no puedo imaginarme hacerlo sin ella&#187;.<\/p>\n<p>Turcich, al que se ve con Savannah en Pag (Croacia), inici\u00f3 el viaje solo, pero en la primera parte del viaje la adopt\u00f3 de un refugio de animales de Austin (Texas). Cr\u00e9dito: Tom Turcich<\/p>\n<p>Turcich escribi\u00f3 un libro de memorias &#171;The World Walk&#187; sobre sus experiencias durante el incre\u00edble viaje.<\/p>\n<p>&#171;The World Walk&#187; de Tom Turcich se publicar\u00e1 el 8 de octubre. Cr\u00e9dito: Cortes\u00eda de Tom Turcich<\/p>\n<p>Aunque escribir el libro, publicado este mes, fue una experiencia cat\u00e1rtica para \u00e9l, Turcich afirma que su principal objetivo era animar a la gente a ser &#171;un poco m\u00e1s curiosa sobre los lugares y un poco m\u00e1s confiada en el mundo&#187;, y lo m\u00e1s importante, producir una lectura entretenida.<\/p>\n<p>&#171;Quer\u00eda quitarme el ego de encima y crear un libro que gustara a los lectores&#187;, dice. &#171;Simplemente contar una buena historia de aventuras sobre un tipo y su perro dando la vuelta al mundo&#187;.<\/p>\n<p>Aunque visit\u00f3 muchos pa\u00edses, hay dos en particular a los que Turcich tiene muchas ganas de volver: Turqu\u00eda y Georgia.<br \/>\n&#171;Me encantan esos dos pa\u00edses&#187;, dice. &#171;Y creo que las capitales, Tiflis y Estambul, son ambas muy interesantes&#187;.<\/p>\n<p>Turcich afirma que le impresion\u00f3 enormemente la &#171;joven y vibrante democracia&#187; de Georgia.<br \/>\n&#171;Tienes la sensaci\u00f3n de que la gente se preocupa de verdad por su pa\u00eds, y eso proporciona una especie de electricidad&#187;, afirma.<\/p>\n<p>&#171;Esta corriente que lo recorre todo y que no existe en todos los pa\u00edses&#187;.<\/p>\n<p>En cuanto a Turqu\u00eda, Turcich dice que le encanta el clima, la &#171;confluencia de todas estas culturas&#187; y la comida. &#171;Bonnie nunca ha estado all\u00ed&#187;, a\u00f1ade. &#171;Y es una gran aficionada a la comida, as\u00ed que s\u00e9 que lo apreciar\u00eda&#187;.<\/p>\n<p>La mejor lecci\u00f3n<\/p>\n<p>Las pr\u00f3ximas memorias de Turcich, &#171;The World Walk&#187;, que salen a la venta el 7 de octubre, incluyen un mensaje especial para Savannah. Cr\u00e9dito: Tom Turcich<\/p>\n<p>Seg\u00fan Turcich, una de las mayores lecciones que sac\u00f3 de su aventura fue &#171;lo peque\u00f1os e inconsecuentes&#187; que somos todos en el gran esquema de las cosas.<\/p>\n<p>&#171;Creo que antes lo sab\u00eda intelectualmente&#187;, dice. &#171;Pero luego sales ah\u00ed fuera y ves lo grande que es el mundo. Y c\u00f3mo estas fuerzas realmente mucho mayores que la fuerza de voluntad y el deseo de cualquiera influyen en la vida de alguien. Cu\u00e1nto influyen la geograf\u00eda y la cultura en la vida de alguien. Y te ves reflejado en todos esos lugares y personas diferentes, y te das cuenta de que no eres m\u00e1s que una persona entre todas esas personas&#187;.<\/p>\n<p>Aunque est\u00e1 encantado de haber conseguido el t\u00edtulo de d\u00e9cimo hombre en dar la vuelta al mundo a pie, Turcich subraya que \u00e9se nunca fue realmente su objetivo.<\/p>\n<p>&#171;Mi caminata por el mundo nunca tuvo que ver con ning\u00fan r\u00e9cord ni nada parecido&#187;, afirma. &#171;Era puramente ego\u00edsta en el sentido de: &#8216;Quiero ir a ver el mundo. Quiero experimentar el mundo. \u00bfCu\u00e1l es la mejor forma de hacerlo? Y fue caminando&#187;.<\/p>\n<p>Desde que complet\u00f3 el reto hace m\u00e1s de dos a\u00f1os, se han puesto en contacto con \u00e9l otras personas que esperan conseguir la misma haza\u00f1a.<\/p>\n<p>&#171;Les digo: &#8216;De acuerdo, es una idea descabellada, pero si realmente est\u00e1s decidido a ello&#8230;'&#187;, dice. &#171;Creo que dar la vuelta al mundo a pie, si realmente quieres hacerlo, es una forma incre\u00edble de vivir la vida. Y estoy muy, muy satisfecho con ello. Es una forma estupenda de experimentar el mundo y de cambiar. Si tienes ese fuego dentro de ti para hacerlo, creo que es fant\u00e1stico. (Pero) definitivamente no es para todo el mundo&#187;.<\/p>\n<p>Turcich ha estado de vacaciones unas cuantas veces desde que regres\u00f3, incluidas visitas a Sicilia y Malta con Bonnie, y admite que a\u00fan se est\u00e1 acostumbrando a la idea de pasar por destinos durante cortos periodos de tiempo.<\/p>\n<p>&#171;No es tan inmersivo&#187;, dice. &#171;Y tengo la sensaci\u00f3n de que me llevo de un sitio m\u00e1s que cuando iba por mi cuenta&#187;.<\/p>\n<p>La vuelta al mundo en 80 d\u00edas y a los 80 a\u00f1os: la historia de dos abuelas que decidieron hacer el viaje de sus vidas<\/p>\n<p>&#171;Da la sensaci\u00f3n de que est\u00e1s all\u00ed con la intenci\u00f3n de conseguir algo. &#8216;Estoy aqu\u00ed para viajar y experimentar Sicilia, y tengo que tomar el aceite de oliva y la pizza&#8217;. Sientes que tienes que sacar algo de all\u00ed. Es una forma muy distinta de viajar&#187;.<\/p>\n<p>&#171;Creo que si no has viajado de la otra forma, no te das cuenta&#187;.<\/p>\n<p>Aunque cree que &#171;viajar de cualquier forma&#187; es beneficioso, Turcich est\u00e1 muy agradecido por haber podido viajar despacio y asimilar realmente los destinos que visit\u00f3 junto a Savannah.<\/p>\n<p>&#171;Creo que viajar despacio es la mejor manera de entender el mundo y de que el mundo te cambie&#187;, afirma, reconociendo que viajar de esta manera puede &#171;no ser alcanzable y realista para todo el mundo&#187;.<\/p>\n<p>La muerte de Savannah conmocion\u00f3 profundamente a Turcich. Cr\u00e9dito: Tom Turcich<\/p>\n<p>Aunque est\u00e1 claro que la muerte de Savannah lo conmocion\u00f3 profundamente, tras experimentar tanto dolor y tristeza en un espacio de tiempo relativamente corto, Turcich est\u00e1 ansioso por seguir adelante, y espera poder &#171;dejarlo atr\u00e1s inmediatamente&#187;.<\/p>\n<p>&#171;Estar\u00eda bien no tener que lamentarse en cierto modo&#187;, dice. &#171;Y ser simplemente como: &#8216;Vale, voy a pasar a lo que sigue&#8217;.Pero la profundidad del sentimiento que tengo hacia la caminata, hacia Savannah, hacia mis amigos que fallecieron, creo que es lo que me ha impulsado&#187;.<\/p>\n<p>&#171;Y muchas veces, ha sido una gran ayuda para m\u00ed. Reflexionar realmente sobre estas cosas, creo que me ha servido de mucho. As\u00ed que, aunque no sea especialmente agradable, creo que tambi\u00e9n habla de lo mucho que me importaban estas cosas cuando estaban cerca&#187;, dijo.<\/p>\n<p>Turcich, que ahora tiene 35 a\u00f1os, y Snyder viven actualmente juntos en Kentucky.<\/p>\n<p>La pareja, que se comprometi\u00f3 recientemente, ha hablado de tener otro perro, y Turcich vuelve a estar entusiasmado con el futuro.<br \/>\n&#171;Es estupenda&#187;, dice Turcich de Snyder. &#171;Realmente formamos una buena pareja&#187;.<\/p>\n<p>Aunque no tiene planes de afrontar un reto tan grande como dar la vuelta al mundo a pie en un futuro pr\u00f3ximo, Turcich se ve embarcado en una nueva aventura.<\/p>\n<p>&#171;No s\u00e9 qu\u00e9 ser\u00e1 lo pr\u00f3ximo&#187;, dice. &#171;Quiz\u00e1 sea llevar a un perro, un cachorro nuevo, por el Sendero de los Apalaches para adiestrarlo.<br \/>\nQuiz\u00e1 sea escribir otra cosa. Ya veremos qu\u00e9 pasa&#187;.<\/p>\n<p>The-CNN-Wire<br \/>&trade; &amp; &copy; 2024 Cable News Network, Inc., a Warner Bros. Discovery Company. All rights reserved.<\/p>\n","protected":false},"excerpt":{"rendered":"<p>(CNN) &#8212; Mientras caminaba de vuelta a su ciudad natal junto a su querida perra Savannah tras siete a\u00f1os de viaje, el aventurero Tom Turcich, de Nueva Jersey, no pod\u00eda estar m\u00e1s esperanzado sobre el futuro. El 21 de mayo de 2022, Turcich y su compa\u00f1era de cuatro patas fueron recibidos con una gran fiesta [&hellip;]<\/p>\n","protected":false},"author":0,"featured_media":0,"comment_status":"open","ping_status":"open","sticky":false,"template":"","format":"standard","meta":{"_jetpack_memberships_contains_paid_content":false,"footnotes":""},"categories":[10],"tags":[],"class_list":["post-1453256","post","type-post","status-publish","format-standard","hentry","category-noticias-nacionales","market-global"],"yoast_head":"<!-- This site is optimized with the Yoast SEO plugin v24.4 - https:\/\/yoast.com\/wordpress\/plugins\/seo\/ -->\n<title>Pas\u00f3 7 a\u00f1os dando la vuelta al mundo con su perra. Pero su mayor reto fue volver a casa - Noticias<\/title>\n<meta name=\"robots\" content=\"index, follow, max-snippet:-1, max-image-preview:large, max-video-preview:-1\" \/>\n<link rel=\"canonical\" href=\"https:\/\/noticiasya.com\/2024\/10\/01\/paso-7-anos-vuelta-mundo-mayor-reto-volver-casa-trax\/\" \/>\n<meta property=\"og:locale\" content=\"es_ES\" \/>\n<meta property=\"og:type\" content=\"article\" \/>\n<meta property=\"og:title\" content=\"Pas\u00f3 7 a\u00f1os dando la vuelta al mundo con su perra. Pero su mayor reto fue volver a casa - Noticias\" \/>\n<meta property=\"og:description\" content=\"(CNN) &#8212; Mientras caminaba de vuelta a su ciudad natal junto a su querida perra Savannah tras siete a\u00f1os de viaje, el aventurero Tom Turcich, de Nueva Jersey, no pod\u00eda estar m\u00e1s esperanzado sobre el futuro. El 21 de mayo de 2022, Turcich y su compa\u00f1era de cuatro patas fueron recibidos con una gran fiesta [&hellip;]\" \/>\n<meta property=\"og:url\" content=\"https:\/\/noticiasya.com\/2024\/10\/01\/paso-7-anos-vuelta-mundo-mayor-reto-volver-casa-trax\/\" \/>\n<meta property=\"og:site_name\" content=\"Noticias\" \/>\n<meta property=\"article:published_time\" content=\"2024-10-01T18:03:42+00:00\" \/>\n<meta name=\"twitter:card\" content=\"summary_large_image\" \/>\n<meta name=\"twitter:label1\" content=\"Est. reading time\" \/>\n\t<meta name=\"twitter:data1\" content=\"11 minutos\" \/>\n<script type=\"application\/ld+json\" class=\"yoast-schema-graph\">{\"@context\":\"https:\/\/schema.org\",\"@graph\":[{\"@type\":\"Article\",\"@id\":\"https:\/\/noticiasya.com\/2024\/10\/01\/paso-7-anos-vuelta-mundo-mayor-reto-volver-casa-trax\/#article\",\"isPartOf\":{\"@id\":\"https:\/\/noticiasya.com\/2024\/10\/01\/paso-7-anos-vuelta-mundo-mayor-reto-volver-casa-trax\/\"},\"author\":{\"name\":\"\",\"@id\":\"\"},\"headline\":\"Pas\u00f3 7 a\u00f1os dando la vuelta al mundo con su perra. Pero su mayor reto fue volver a casa\",\"datePublished\":\"2024-10-01T18:03:42+00:00\",\"mainEntityOfPage\":{\"@id\":\"https:\/\/noticiasya.com\/2024\/10\/01\/paso-7-anos-vuelta-mundo-mayor-reto-volver-casa-trax\/\"},\"wordCount\":2218,\"commentCount\":0,\"publisher\":{\"@id\":\"https:\/\/noticiasya.com\/#organization\"},\"articleSection\":[\"Noticias Nacionales\"],\"inLanguage\":\"es\",\"potentialAction\":[{\"@type\":\"CommentAction\",\"name\":\"Comment\",\"target\":[\"https:\/\/noticiasya.com\/2024\/10\/01\/paso-7-anos-vuelta-mundo-mayor-reto-volver-casa-trax\/#respond\"]}]},{\"@type\":\"WebPage\",\"@id\":\"https:\/\/noticiasya.com\/2024\/10\/01\/paso-7-anos-vuelta-mundo-mayor-reto-volver-casa-trax\/\",\"url\":\"https:\/\/noticiasya.com\/2024\/10\/01\/paso-7-anos-vuelta-mundo-mayor-reto-volver-casa-trax\/\",\"name\":\"Pas\u00f3 7 a\u00f1os dando la vuelta al mundo con su perra. Pero su mayor reto fue volver a casa - Noticias\",\"isPartOf\":{\"@id\":\"https:\/\/noticiasya.com\/#website\"},\"datePublished\":\"2024-10-01T18:03:42+00:00\",\"breadcrumb\":{\"@id\":\"https:\/\/noticiasya.com\/2024\/10\/01\/paso-7-anos-vuelta-mundo-mayor-reto-volver-casa-trax\/#breadcrumb\"},\"inLanguage\":\"es\",\"potentialAction\":[{\"@type\":\"ReadAction\",\"target\":[\"https:\/\/noticiasya.com\/2024\/10\/01\/paso-7-anos-vuelta-mundo-mayor-reto-volver-casa-trax\/\"]}]},{\"@type\":\"BreadcrumbList\",\"@id\":\"https:\/\/noticiasya.com\/2024\/10\/01\/paso-7-anos-vuelta-mundo-mayor-reto-volver-casa-trax\/#breadcrumb\",\"itemListElement\":[{\"@type\":\"ListItem\",\"position\":1,\"name\":\"Home\",\"item\":\"https:\/\/noticiasya.com\/\"},{\"@type\":\"ListItem\",\"position\":2,\"name\":\"Pas\u00f3 7 a\u00f1os dando la vuelta al mundo con su perra. Pero su mayor reto fue volver a casa\"}]},{\"@type\":\"WebSite\",\"@id\":\"https:\/\/noticiasya.com\/#website\",\"url\":\"https:\/\/noticiasya.com\/\",\"name\":\"Noticias\",\"description\":\"Lo que importa\",\"publisher\":{\"@id\":\"https:\/\/noticiasya.com\/#organization\"},\"potentialAction\":[{\"@type\":\"SearchAction\",\"target\":{\"@type\":\"EntryPoint\",\"urlTemplate\":\"https:\/\/noticiasya.com\/?s={search_term_string}\"},\"query-input\":{\"@type\":\"PropertyValueSpecification\",\"valueRequired\":true,\"valueName\":\"search_term_string\"}}],\"inLanguage\":\"es\"},{\"@type\":\"Organization\",\"@id\":\"https:\/\/noticiasya.com\/#organization\",\"name\":\"Noticias\",\"url\":\"https:\/\/noticiasya.com\/\",\"logo\":{\"@type\":\"ImageObject\",\"inLanguage\":\"es\",\"@id\":\"https:\/\/noticiasya.com\/#\/schema\/logo\/image\/\",\"url\":\"https:\/\/noticiasya.com\/wp-content\/uploads\/sites\/22\/2023\/12\/logo-nacional.png\",\"contentUrl\":\"https:\/\/noticiasya.com\/wp-content\/uploads\/sites\/22\/2023\/12\/logo-nacional.png\",\"width\":1801,\"height\":691,\"caption\":\"Noticias\"},\"image\":{\"@id\":\"https:\/\/noticiasya.com\/#\/schema\/logo\/image\/\"}}]}<\/script>\n<!-- \/ Yoast SEO plugin. -->","yoast_head_json":{"title":"Pas\u00f3 7 a\u00f1os dando la vuelta al mundo con su perra. Pero su mayor reto fue volver a casa - Noticias","robots":{"index":"index","follow":"follow","max-snippet":"max-snippet:-1","max-image-preview":"max-image-preview:large","max-video-preview":"max-video-preview:-1"},"canonical":"https:\/\/noticiasya.com\/2024\/10\/01\/paso-7-anos-vuelta-mundo-mayor-reto-volver-casa-trax\/","og_locale":"es_ES","og_type":"article","og_title":"Pas\u00f3 7 a\u00f1os dando la vuelta al mundo con su perra. Pero su mayor reto fue volver a casa - Noticias","og_description":"(CNN) &#8212; Mientras caminaba de vuelta a su ciudad natal junto a su querida perra Savannah tras siete a\u00f1os de viaje, el aventurero Tom Turcich, de Nueva Jersey, no pod\u00eda estar m\u00e1s esperanzado sobre el futuro. El 21 de mayo de 2022, Turcich y su compa\u00f1era de cuatro patas fueron recibidos con una gran fiesta [&hellip;]","og_url":"https:\/\/noticiasya.com\/2024\/10\/01\/paso-7-anos-vuelta-mundo-mayor-reto-volver-casa-trax\/","og_site_name":"Noticias","article_published_time":"2024-10-01T18:03:42+00:00","twitter_card":"summary_large_image","twitter_misc":{"Est. reading time":"11 minutos"},"schema":{"@context":"https:\/\/schema.org","@graph":[{"@type":"Article","@id":"https:\/\/noticiasya.com\/2024\/10\/01\/paso-7-anos-vuelta-mundo-mayor-reto-volver-casa-trax\/#article","isPartOf":{"@id":"https:\/\/noticiasya.com\/2024\/10\/01\/paso-7-anos-vuelta-mundo-mayor-reto-volver-casa-trax\/"},"author":{"name":"","@id":""},"headline":"Pas\u00f3 7 a\u00f1os dando la vuelta al mundo con su perra. Pero su mayor reto fue volver a casa","datePublished":"2024-10-01T18:03:42+00:00","mainEntityOfPage":{"@id":"https:\/\/noticiasya.com\/2024\/10\/01\/paso-7-anos-vuelta-mundo-mayor-reto-volver-casa-trax\/"},"wordCount":2218,"commentCount":0,"publisher":{"@id":"https:\/\/noticiasya.com\/#organization"},"articleSection":["Noticias Nacionales"],"inLanguage":"es","potentialAction":[{"@type":"CommentAction","name":"Comment","target":["https:\/\/noticiasya.com\/2024\/10\/01\/paso-7-anos-vuelta-mundo-mayor-reto-volver-casa-trax\/#respond"]}]},{"@type":"WebPage","@id":"https:\/\/noticiasya.com\/2024\/10\/01\/paso-7-anos-vuelta-mundo-mayor-reto-volver-casa-trax\/","url":"https:\/\/noticiasya.com\/2024\/10\/01\/paso-7-anos-vuelta-mundo-mayor-reto-volver-casa-trax\/","name":"Pas\u00f3 7 a\u00f1os dando la vuelta al mundo con su perra. Pero su mayor reto fue volver a casa - Noticias","isPartOf":{"@id":"https:\/\/noticiasya.com\/#website"},"datePublished":"2024-10-01T18:03:42+00:00","breadcrumb":{"@id":"https:\/\/noticiasya.com\/2024\/10\/01\/paso-7-anos-vuelta-mundo-mayor-reto-volver-casa-trax\/#breadcrumb"},"inLanguage":"es","potentialAction":[{"@type":"ReadAction","target":["https:\/\/noticiasya.com\/2024\/10\/01\/paso-7-anos-vuelta-mundo-mayor-reto-volver-casa-trax\/"]}]},{"@type":"BreadcrumbList","@id":"https:\/\/noticiasya.com\/2024\/10\/01\/paso-7-anos-vuelta-mundo-mayor-reto-volver-casa-trax\/#breadcrumb","itemListElement":[{"@type":"ListItem","position":1,"name":"Home","item":"https:\/\/noticiasya.com\/"},{"@type":"ListItem","position":2,"name":"Pas\u00f3 7 a\u00f1os dando la vuelta al mundo con su perra. Pero su mayor reto fue volver a casa"}]},{"@type":"WebSite","@id":"https:\/\/noticiasya.com\/#website","url":"https:\/\/noticiasya.com\/","name":"Noticias","description":"Lo que importa","publisher":{"@id":"https:\/\/noticiasya.com\/#organization"},"potentialAction":[{"@type":"SearchAction","target":{"@type":"EntryPoint","urlTemplate":"https:\/\/noticiasya.com\/?s={search_term_string}"},"query-input":{"@type":"PropertyValueSpecification","valueRequired":true,"valueName":"search_term_string"}}],"inLanguage":"es"},{"@type":"Organization","@id":"https:\/\/noticiasya.com\/#organization","name":"Noticias","url":"https:\/\/noticiasya.com\/","logo":{"@type":"ImageObject","inLanguage":"es","@id":"https:\/\/noticiasya.com\/#\/schema\/logo\/image\/","url":"https:\/\/noticiasya.com\/wp-content\/uploads\/sites\/22\/2023\/12\/logo-nacional.png","contentUrl":"https:\/\/noticiasya.com\/wp-content\/uploads\/sites\/22\/2023\/12\/logo-nacional.png","width":1801,"height":691,"caption":"Noticias"},"image":{"@id":"https:\/\/noticiasya.com\/#\/schema\/logo\/image\/"}}]}},"parsely":{"version":"1.1.0","canonical_url":"https:\/\/noticiasya.com\/midland-odessa\/2024\/10\/01\/paso-7-anos-vuelta-mundo-mayor-reto-volver-casa-trax\/","smart_links":{"inbound":0,"outbound":0},"traffic_boost_suggestions_count":0,"meta":{"@context":"https:\/\/schema.org","@type":"NewsArticle","headline":"Pas\u00f3 7 a\u00f1os dando la vuelta al mundo con su perra. Pero su mayor reto fue volver a casa","url":"http:\/\/noticiasya.com\/midland-odessa\/2024\/10\/01\/paso-7-anos-vuelta-mundo-mayor-reto-volver-casa-trax\/","mainEntityOfPage":{"@type":"WebPage","@id":"http:\/\/noticiasya.com\/midland-odessa\/2024\/10\/01\/paso-7-anos-vuelta-mundo-mayor-reto-volver-casa-trax\/"},"thumbnailUrl":"","image":{"@type":"ImageObject","url":""},"articleSection":"Noticias Nacionales","author":[],"creator":[],"publisher":{"@type":"Organization","name":"Noticias","logo":""},"keywords":[],"dateCreated":"2024-10-01T18:03:42Z","datePublished":"2024-10-01T18:03:42Z","dateModified":"2024-10-01T18:03:42Z"},"rendered":"<script type=\"application\/ld+json\" class=\"wp-parsely-metadata\">{\"@context\":\"https:\\\/\\\/schema.org\",\"@type\":\"NewsArticle\",\"headline\":\"Pas\\u00f3 7 a\\u00f1os dando la vuelta al mundo con su perra. Pero su mayor reto fue volver a casa\",\"url\":\"http:\\\/\\\/noticiasya.com\\\/midland-odessa\\\/2024\\\/10\\\/01\\\/paso-7-anos-vuelta-mundo-mayor-reto-volver-casa-trax\\\/\",\"mainEntityOfPage\":{\"@type\":\"WebPage\",\"@id\":\"http:\\\/\\\/noticiasya.com\\\/midland-odessa\\\/2024\\\/10\\\/01\\\/paso-7-anos-vuelta-mundo-mayor-reto-volver-casa-trax\\\/\"},\"thumbnailUrl\":\"\",\"image\":{\"@type\":\"ImageObject\",\"url\":\"\"},\"articleSection\":\"Noticias Nacionales\",\"author\":[],\"creator\":[],\"publisher\":{\"@type\":\"Organization\",\"name\":\"Noticias\",\"logo\":\"\"},\"keywords\":[],\"dateCreated\":\"2024-10-01T18:03:42Z\",\"datePublished\":\"2024-10-01T18:03:42Z\",\"dateModified\":\"2024-10-01T18:03:42Z\"}<\/script>","tracker_url":"https:\/\/cdn.parsely.com\/keys\/noticiasya.com\/p.js"},"jetpack_featured_media_url":"","jetpack-related-posts":[{"id":1443702,"url":"https:\/\/noticiasya.com\/midland-odessa\/2024\/01\/14\/rescatan-a-una-perra-tras-caer-desde-un-acantilado-cerca-de-la-costa-del-lago-superior-de-michigan\/","url_meta":{"origin":1453256,"position":0},"title":"Rescatan a una perra tras caer desde un acantilado cerca de la costa del lago Superior de Michigan","author":"","date":"enero 14, 2024","format":false,"excerpt":"(CNN) -- La visita de una familia a uno de los lugares pintorescos de Michigan casi termin\u00f3 en tragedia cuando su aventurero perro cay\u00f3 de un acantilado de 60 pies cerca del Lago Superior durante una caminata.Dancer y sus due\u00f1os estaban en Pictured Rocks National Lakeshore cerca de Miners Castle,\u2026","rel":"","context":"In &quot;Noticias Nacionales&quot;","block_context":{"text":"Noticias Nacionales","link":"https:\/\/noticiasya.com\/midland-odessa\/categoria\/noticias-nacionales"},"img":{"alt_text":"","src":"","width":0,"height":0},"classes":[]},{"id":1443677,"url":"https:\/\/noticiasya.com\/midland-odessa\/2024\/01\/14\/rescatan-a-una-perra-tras-caer-desde-un-acantilado-de-1-8-metros-cerca-de-la-costa-del-lago-superior-de-michigan\/","url_meta":{"origin":1453256,"position":1},"title":"Rescatan a una perra tras caer desde un acantilado de 1.8 metros cerca de la costa del lago Superior de Michigan","author":"","date":"enero 14, 2024","format":false,"excerpt":"(CNN) -- La visita de una familia a uno de los lugares pintorescos de Michigan casi termin\u00f3 en tragedia cuando su aventurero perro cay\u00f3 de un acantilado de 60 pies cerca del Lago Superior durante una caminata.Dancer y sus due\u00f1os estaban en Pictured Rocks National Lakeshore cerca de Miners Castle,\u2026","rel":"","context":"In &quot;Noticias Nacionales&quot;","block_context":{"text":"Noticias Nacionales","link":"https:\/\/noticiasya.com\/midland-odessa\/categoria\/noticias-nacionales"},"img":{"alt_text":"","src":"","width":0,"height":0},"classes":[]},{"id":1460472,"url":"https:\/\/noticiasya.com\/midland-odessa\/2025\/03\/26\/mara-la-perra-adiestrada-que-acompana-a-pacientes-en-terapia-intensiva\/","url_meta":{"origin":1453256,"position":2},"title":"Mara, la perra adiestrada que visita a pacientes en terapia intensiva","author":"","date":"marzo 26, 2025","format":false,"excerpt":"(CNN Radio Argentina) \u2013 Liz Gonz\u00e1lez, entrenadora de la escuela de perros gu\u00eda, dialog\u00f3 este mi\u00e9rcoles con Al Fin y Al Cabo de Mar\u00eda Areces sobre la labor de \u2018Mara\u2019, una perra adiestrada que acompa\u00f1a a ni\u00f1os internados en el Hospital Garrahan.Por primera vez, un animal entrenado fue autorizado para\u2026","rel":"","context":"In &quot;Noticias Nacionales&quot;","block_context":{"text":"Noticias Nacionales","link":"https:\/\/noticiasya.com\/midland-odessa\/categoria\/noticias-nacionales"},"img":{"alt_text":"","src":"","width":0,"height":0},"classes":[]},{"id":1463162,"url":"https:\/\/noticiasya.com\/midland-odessa\/2025\/06\/03\/perrita-perdida-regreso-viaje-160-kilometros-nadar-isla-trax\/","url_meta":{"origin":1453256,"position":3},"title":"Perrita perdida regres\u00f3 a casa tras un viaje de 160 kil\u00f3metros que incluy\u00f3 nadar hasta una isla","author":"","date":"junio 3, 2025","format":false,"excerpt":"Una perrita que estuvo desaparecida por m\u00e1s de un mes y recorri\u00f3 cerca de 160 kil\u00f3metros andando y una traves\u00eda a nado de m\u00e1s de un kil\u00f3metro finalmente fue devuelta a su hogar temporal tras ser rescatada en el mar.Amber, una mestiza de cinco a\u00f1os, se escap\u00f3 a finales de\u2026","rel":"","context":"In &quot;Noticias Nacionales&quot;","block_context":{"text":"Noticias Nacionales","link":"https:\/\/noticiasya.com\/midland-odessa\/categoria\/noticias-nacionales"},"img":{"alt_text":"","src":"","width":0,"height":0},"classes":[]},{"id":1468648,"url":"https:\/\/noticiasya.com\/midland-odessa\/2025\/11\/24\/muere-udo-kier-actor-hollywood-81-anos-trax\/","url_meta":{"origin":1453256,"position":4},"title":"Muere Udo Kier, c\u00e9lebre actor alem\u00e1n del cine de autor europeo y de Hollywood, a los 81 a\u00f1os","author":"","date":"noviembre 24, 2025","format":false,"excerpt":"Udo Kier, el actor alem\u00e1n que trabaj\u00f3 tanto en el cine de autor europeo como en pel\u00edculas de Hollywood, colaborando con algunos de los artistas m\u00e1s importantes de su \u00e9poca, muri\u00f3 el domingo a los 81 a\u00f1os, dijo su pareja, Delbert McBride, a Variety.CNN contact\u00f3 al representante de Kier para\u2026","rel":"","context":"In &quot;Noticias Nacionales&quot;","block_context":{"text":"Noticias Nacionales","link":"https:\/\/noticiasya.com\/midland-odessa\/categoria\/noticias-nacionales"},"img":{"alt_text":"","src":"","width":0,"height":0},"classes":[]},{"id":1470842,"url":"https:\/\/noticiasya.com\/midland-odessa\/2026\/02\/04\/casa-nancy-guthrie-arizona-escape-pacifico-escena-crimen-trax\/","url_meta":{"origin":1453256,"position":5},"title":"La casa de Nancy Guthrie en Arizona fue un escape pac\u00edfico. Ahora ha sido declarada &#171;escena del crimen&#187;","author":"","date":"febrero 4, 2026","format":false,"excerpt":"Rodeado por un vasto desierto, el largo y sinuoso camino que conduce a la casa de Nancy Guthrie en Catalina Foothills est\u00e1 salpicado de cactus espinosos y atractivas casas.Al caer la noche, la comunidad no incorporada al norte de Tucson, Arizona, se sume en una oscuridad aislada. Esa quietud fue\u2026","rel":"","context":"In &quot;Noticias Nacionales&quot;","block_context":{"text":"Noticias Nacionales","link":"https:\/\/noticiasya.com\/midland-odessa\/categoria\/noticias-nacionales"},"img":{"alt_text":"","src":"","width":0,"height":0},"classes":[]}],"jetpack_sharing_enabled":true,"_links":{"self":[{"href":"https:\/\/noticiasya.com\/midland-odessa\/wp-json\/wp\/v2\/posts\/1453256","targetHints":{"allow":["GET"]}}],"collection":[{"href":"https:\/\/noticiasya.com\/midland-odessa\/wp-json\/wp\/v2\/posts"}],"about":[{"href":"https:\/\/noticiasya.com\/midland-odessa\/wp-json\/wp\/v2\/types\/post"}],"replies":[{"embeddable":true,"href":"https:\/\/noticiasya.com\/midland-odessa\/wp-json\/wp\/v2\/comments?post=1453256"}],"version-history":[{"count":0,"href":"https:\/\/noticiasya.com\/midland-odessa\/wp-json\/wp\/v2\/posts\/1453256\/revisions"}],"wp:attachment":[{"href":"https:\/\/noticiasya.com\/midland-odessa\/wp-json\/wp\/v2\/media?parent=1453256"}],"wp:term":[{"taxonomy":"category","embeddable":true,"href":"https:\/\/noticiasya.com\/midland-odessa\/wp-json\/wp\/v2\/categories?post=1453256"},{"taxonomy":"post_tag","embeddable":true,"href":"https:\/\/noticiasya.com\/midland-odessa\/wp-json\/wp\/v2\/tags?post=1453256"}],"curies":[{"name":"wp","href":"https:\/\/api.w.org\/{rel}","templated":true}]}}