{"id":1453260,"date":"2024-10-01T13:03:56","date_gmt":"2024-10-01T20:03:56","guid":{"rendered":"https:\/\/noticiasya.com\/2024\/10\/01\/milei-recibe-bukele-el-salvador-argentina-orix\/"},"modified":"2024-10-01T13:03:56","modified_gmt":"2024-10-01T20:03:56","slug":"milei-recibe-bukele-el-salvador-argentina-orix","status":"publish","type":"post","link":"https:\/\/noticiasya.com\/midland-odessa\/2024\/10\/01\/milei-recibe-bukele-el-salvador-argentina-orix\/","title":{"rendered":"AN\u00c1LISIS | Milei recibe a Bukele: \u00bfqu\u00e9 busca el presidente de El Salvador en Argentina?"},"content":{"rendered":"<p>(CNN Espa\u00f1ol) \u2013\u2013 El presidente de Argentina, Javier Milei, recibi\u00f3 este lunes a su par salvadore\u00f1o Nayib Bukele en la Casa Rosada, donde mantuvieron un encuentro a puertas cerradas, sin declaraci\u00f3n conjunta.<\/p>\n<p>Anteriormente, el mandatario salvadore\u00f1o hab\u00eda expresado que Buenos Aires es su ciudad favorita en el mundo y que en una \u00e9poca acostumbraba a ir de visita seguido porque su esposa, Gabriela Rodr\u00edguez, hizo parte de su maestr\u00eda all\u00ed.<\/p>\n<p>Experto analiza la relaci\u00f3n de Argentina con El Salvador y lo que busca Javier Milei al acercarse a Nayib Bukele<\/p>\n<p>Este lunes, adem\u00e1s del encuentro bilateral que tuvo lugar por la tarde, su agenda involucr\u00f3 una reuni\u00f3n con funcionarios y equipos t\u00e9cnicos de ambos pa\u00edses. Por la noche, Bukele y Rodr\u00edguez fueron recibidos por Milei y su hermana en la residencia presidencial en Olivos.<\/p>\n<p>Previamente, Bukele fue honrado por la canciller Diana Mondino, en una ceremonia de colocaci\u00f3n de ofrenda floral que tuvo lugar en el Monumento General San Mart\u00edn, en la hist\u00f3rica plaza de San Mart\u00edn.<\/p>\n<p>Desde la llegada de Milei al poder, el v\u00ednculo entre los mandatarios se viene afianzando. Este es su segundo encuentro bilateral. El primero fue en junio, cuando Milei asisti\u00f3 junto a su hermana Karina Milei a la asunci\u00f3n presidencial del pol\u00edtico salvadore\u00f1o, tras su reelecci\u00f3n.<\/p>\n<p>La canciller Alexandra Hill, que forma parte de la delegaci\u00f3n que acompa\u00f1a al presidente, dijo en una conferencia de prensa que la conversaci\u00f3n entre los mandatarios fue \u201cmuy franca y honesta\u201d y que buscan oportunidades de desarrollo conjunto para \u201cfortalecer la relaci\u00f3n entre los pa\u00edses\u201d.<\/p>\n<p>Hill anunci\u00f3 que est\u00e1 prevista la firma de siete convenios en materia econ\u00f3mica, de energ\u00eda nuclear, formaci\u00f3n diplom\u00e1tica, gesti\u00f3n sostenible del agua, cultura y deportiva: entre ellos, la formaci\u00f3n de un hub aeroportuario entre ambos pa\u00edses, un Memor\u00e1ndum sobre cooperaci\u00f3n para la formaci\u00f3n de recursos humanos entre la Comisi\u00f3n Nacional de Energ\u00eda At\u00f3mica (CNEA) y el Organismo para la Implementaci\u00f3n del Programa de Energ\u00eda Nuclear de El Salvador (OIPEN), convenios de cooperaci\u00f3n en la industria audiovisual, as\u00ed como tambi\u00e9n la b\u00fasqueda de inversores.<\/p>\n<p>L\u00edderes \u201coutsiders\u201d: agenda antiglobalista, ataques a periodistas y pol\u00edticas econ\u00f3micas opuestas<\/p>\n<p>Hace una semana, Milei y Bukele coincidieron en la Asamblea General de las Naciones Unidas y pronunciaron discursos en el que postularon su visi\u00f3n antiglobalista.<\/p>\n<p>Mientras que el l\u00edder argentino acus\u00f3 a la ONU de promover \u201cpol\u00edticas colectivistas (&#8230;) bajo el mandato de la Agenda 2030\u201d, el salvadore\u00f1o dijo que el mundo \u201cest\u00e1 dividido, preocupado, hostil y sin esperanza\u201d.<\/p>\n<p>Petro, Milei, Lula y Bukele hablaron en la Asamblea General de las Naciones Unidas<\/p>\n<p>Adem\u00e1s, Argentina y El Salvador fueron dos de los 15 pa\u00edses que se abstuvieron de apoyar el Pacto para el Futuro.<\/p>\n<p>Milei y Bukele son dos l\u00edderes de alto perfil internacional que se venden como \u201coutsiders\u201d, es decir, pol\u00edticos que no vienen del establecimiento. Si bien sus recorridos son muy diferentes, ambos llegaron al poder con un discurso contra las \u00e9lites: Milei, apuntando a la que llama la casta pol\u00edtica \u2014los pol\u00edticos tradicionales que, seg\u00fan \u00e9l, son culpables de la decadencia argentina\u2014; Bukele, con una frase como bandera: \u201cEl dinero alcanza, cuando nadie est\u00e1 robando\u201d.<\/p>\n<p>Ambos se manejan en redes sociales como peces en el agua, que son parte central de su comunicaci\u00f3n de Gobierno. La contracara es su v\u00ednculo con la prensa: en uno y otro pa\u00eds, numerosas organizaciones de derechos humanos y de periodistas denuncian ataques a la libertad de expresi\u00f3n y restricci\u00f3n a la informaci\u00f3n p\u00fablica.<\/p>\n<p>En cuanto a la econom\u00eda, sus pol\u00edticas son pr\u00e1cticamente opuestas. Mientras que Milei apuesta a la reducci\u00f3n del Estado y el ajuste fiscal, Bukele sostiene pol\u00edticas sociales como subsidios tarifarios y control de precios en distintas industrias.<\/p>\n<p>El \u201cm\u00e9todo Bukele\u201d como modelo de pol\u00edtica de seguridad<\/p>\n<p>A la par del encuentro entre Milei y Bukele, la ministra de Seguridad argentina, Patricia Bullrich, comparti\u00f3 actividades con su par, Gustavo Villatoro.<\/p>\n<p>Villatoro dijo que sus equipos t\u00e9cnicos mantienen reuniones quincenales para intercambiar conocimiento en la materia.<\/p>\n<p>En junio de este a\u00f1o, Bullrich viaj\u00f3 a El Salvador para saber m\u00e1s del modelo aplicado en la lucha contra las pandillas y el crimen organizado, que tuvo como resultado la firma de un convenio de cooperaci\u00f3n con \u201ccapacitaciones conjuntas entre las fuerzas de seguridad\u201d y la creaci\u00f3n de \u201cun laboratorio de pol\u00edticas de seguridad para llevar n\u00fameros actualizados de Argentina, El Salvador y cualquier otro pa\u00eds que decida adherir al mismo\u201d.<\/p>\n<p>AN\u00c1LISIS | Las similitudes y diferencias entre Milei y Bukele, los l\u00edderes &#171;influencers&#187; que se elogian y buscan mutuamente<\/p>\n<p>Sin embargo, cuesta encontrar puntos en com\u00fan entre la problem\u00e1tica de la inseguridad en Argentina respecto a la de El Salvador que, al momento de la llegada al poder de Bukele, ten\u00eda un \u00edndice de 53 homicidios por cada 100.000 habitantes al a\u00f1o, seg\u00fan datos del gobierno, coincidentes con reportes de las Naciones Unidas, mientras que en Argentina desde ese a\u00f1o a la actualidad la tasa promedia en 5 cada 100.000 habitantes, con un descenso sostenido a la actualidad.<\/p>\n<p>Las pol\u00edticas de seguridad del \u201cm\u00e9todo Bukele\u201d fueron denunciadas por la prensa, analistas y observadores internacionales por detenciones arbitrarias, invasi\u00f3n de viviendas, procedimientos judiciales injustos y muerte de detenidos.<\/p>\n<p>En este sentido, Villatoro le dijo a CNN que en El Salvador existe un estado de derecho con un sistema de justicia penal. \u201cNo estamos matando pandilleros ni terroristas, los estamos sometiendo a un proceso\u201d, explic\u00f3 sin dar un informe sobre los se\u00f1alamientos.<\/p>\n<p>Adem\u00e1s de la canciller y de Villatoro, acompa\u00f1an al mandatario salvadore\u00f1o en la delegaci\u00f3n la secretaria de la Presidencia, Sof\u00eda Medina; el embajador de El Salvador en Argentina, Eduardo Cardoza; el presidente de la Comisi\u00f3n Ejecutiva Hidroel\u00e9ctrica del R\u00edo Lempa, Daniel \u00c1lvarez; el presidente de la Comisi\u00f3n Ejecutiva Portuaria Aut\u00f3noma (CEPA), Federico Anliker; el ministro de Cultura, Ra\u00fal Castillo; el jefe del Estado Mayor Presidencial, Manuel Acevedo L\u00f3pez, y el presidente de la Agencia de Inversi\u00f3n y Exportaciones (INVEST), Rodrigo Ayala.<\/p>\n<p>Este martes, Bukele visitar\u00e1 el Palacio Legislativo, donde se reunir\u00e1 con la vicepresidenta de la Naci\u00f3n y presidenta del Senado, Victoria Villarruel, y con el presidente de la C\u00e1mara de Diputados, Mart\u00edn Menem.<\/p>\n<p>Por \u00faltimo, seg\u00fan informaci\u00f3n oficial, Bukele y su comitiva se reunir\u00e1n con un grupo de inversionistas argentinos.<\/p>\n<p>The-CNN-Wire<br \/>&trade; &amp; &copy; 2024 Cable News Network, Inc., a Warner Bros. Discovery Company. All rights reserved.<\/p>\n","protected":false},"excerpt":{"rendered":"<p>(CNN Espa\u00f1ol) \u2013\u2013 El presidente de Argentina, Javier Milei, recibi\u00f3 este lunes a su par salvadore\u00f1o Nayib Bukele en la Casa Rosada, donde mantuvieron un encuentro a puertas cerradas, sin declaraci\u00f3n conjunta. Anteriormente, el mandatario salvadore\u00f1o hab\u00eda expresado que Buenos Aires es su ciudad favorita en el mundo y que en una \u00e9poca acostumbraba a [&hellip;]<\/p>\n","protected":false},"author":0,"featured_media":0,"comment_status":"open","ping_status":"open","sticky":false,"template":"","format":"standard","meta":{"_jetpack_memberships_contains_paid_content":false,"footnotes":""},"categories":[10],"tags":[],"class_list":["post-1453260","post","type-post","status-publish","format-standard","hentry","category-noticias-nacionales","market-global"],"yoast_head":"<!-- This site is optimized with the Yoast SEO plugin v24.4 - https:\/\/yoast.com\/wordpress\/plugins\/seo\/ -->\n<title>AN\u00c1LISIS | Milei recibe a Bukele: \u00bfqu\u00e9 busca el presidente de El Salvador en Argentina? - Noticias<\/title>\n<meta name=\"robots\" content=\"index, follow, max-snippet:-1, max-image-preview:large, max-video-preview:-1\" \/>\n<link rel=\"canonical\" href=\"https:\/\/noticiasya.com\/2024\/10\/01\/milei-recibe-bukele-el-salvador-argentina-orix\/\" \/>\n<meta property=\"og:locale\" content=\"es_ES\" \/>\n<meta property=\"og:type\" content=\"article\" \/>\n<meta property=\"og:title\" content=\"AN\u00c1LISIS | Milei recibe a Bukele: \u00bfqu\u00e9 busca el presidente de El Salvador en Argentina? - Noticias\" \/>\n<meta property=\"og:description\" content=\"(CNN Espa\u00f1ol) \u2013\u2013 El presidente de Argentina, Javier Milei, recibi\u00f3 este lunes a su par salvadore\u00f1o Nayib Bukele en la Casa Rosada, donde mantuvieron un encuentro a puertas cerradas, sin declaraci\u00f3n conjunta. Anteriormente, el mandatario salvadore\u00f1o hab\u00eda expresado que Buenos Aires es su ciudad favorita en el mundo y que en una \u00e9poca acostumbraba a [&hellip;]\" \/>\n<meta property=\"og:url\" content=\"https:\/\/noticiasya.com\/2024\/10\/01\/milei-recibe-bukele-el-salvador-argentina-orix\/\" \/>\n<meta property=\"og:site_name\" content=\"Noticias\" \/>\n<meta property=\"article:published_time\" content=\"2024-10-01T20:03:56+00:00\" \/>\n<meta name=\"twitter:card\" content=\"summary_large_image\" \/>\n<meta name=\"twitter:label1\" content=\"Est. reading time\" \/>\n\t<meta name=\"twitter:data1\" content=\"6 minutos\" \/>\n<script type=\"application\/ld+json\" class=\"yoast-schema-graph\">{\"@context\":\"https:\/\/schema.org\",\"@graph\":[{\"@type\":\"Article\",\"@id\":\"https:\/\/noticiasya.com\/2024\/10\/01\/milei-recibe-bukele-el-salvador-argentina-orix\/#article\",\"isPartOf\":{\"@id\":\"https:\/\/noticiasya.com\/2024\/10\/01\/milei-recibe-bukele-el-salvador-argentina-orix\/\"},\"author\":{\"name\":\"\",\"@id\":\"\"},\"headline\":\"AN\u00c1LISIS | Milei recibe a Bukele: \u00bfqu\u00e9 busca el presidente de El Salvador en Argentina?\",\"datePublished\":\"2024-10-01T20:03:56+00:00\",\"mainEntityOfPage\":{\"@id\":\"https:\/\/noticiasya.com\/2024\/10\/01\/milei-recibe-bukele-el-salvador-argentina-orix\/\"},\"wordCount\":1164,\"commentCount\":0,\"publisher\":{\"@id\":\"https:\/\/noticiasya.com\/#organization\"},\"articleSection\":[\"Noticias Nacionales\"],\"inLanguage\":\"es\",\"potentialAction\":[{\"@type\":\"CommentAction\",\"name\":\"Comment\",\"target\":[\"https:\/\/noticiasya.com\/2024\/10\/01\/milei-recibe-bukele-el-salvador-argentina-orix\/#respond\"]}]},{\"@type\":\"WebPage\",\"@id\":\"https:\/\/noticiasya.com\/2024\/10\/01\/milei-recibe-bukele-el-salvador-argentina-orix\/\",\"url\":\"https:\/\/noticiasya.com\/2024\/10\/01\/milei-recibe-bukele-el-salvador-argentina-orix\/\",\"name\":\"AN\u00c1LISIS | Milei recibe a Bukele: \u00bfqu\u00e9 busca el presidente de El Salvador en Argentina? - Noticias\",\"isPartOf\":{\"@id\":\"https:\/\/noticiasya.com\/#website\"},\"datePublished\":\"2024-10-01T20:03:56+00:00\",\"breadcrumb\":{\"@id\":\"https:\/\/noticiasya.com\/2024\/10\/01\/milei-recibe-bukele-el-salvador-argentina-orix\/#breadcrumb\"},\"inLanguage\":\"es\",\"potentialAction\":[{\"@type\":\"ReadAction\",\"target\":[\"https:\/\/noticiasya.com\/2024\/10\/01\/milei-recibe-bukele-el-salvador-argentina-orix\/\"]}]},{\"@type\":\"BreadcrumbList\",\"@id\":\"https:\/\/noticiasya.com\/2024\/10\/01\/milei-recibe-bukele-el-salvador-argentina-orix\/#breadcrumb\",\"itemListElement\":[{\"@type\":\"ListItem\",\"position\":1,\"name\":\"Home\",\"item\":\"https:\/\/noticiasya.com\/\"},{\"@type\":\"ListItem\",\"position\":2,\"name\":\"AN\u00c1LISIS | Milei recibe a Bukele: \u00bfqu\u00e9 busca el presidente de El Salvador en Argentina?\"}]},{\"@type\":\"WebSite\",\"@id\":\"https:\/\/noticiasya.com\/#website\",\"url\":\"https:\/\/noticiasya.com\/\",\"name\":\"Noticias\",\"description\":\"Lo que importa\",\"publisher\":{\"@id\":\"https:\/\/noticiasya.com\/#organization\"},\"potentialAction\":[{\"@type\":\"SearchAction\",\"target\":{\"@type\":\"EntryPoint\",\"urlTemplate\":\"https:\/\/noticiasya.com\/?s={search_term_string}\"},\"query-input\":{\"@type\":\"PropertyValueSpecification\",\"valueRequired\":true,\"valueName\":\"search_term_string\"}}],\"inLanguage\":\"es\"},{\"@type\":\"Organization\",\"@id\":\"https:\/\/noticiasya.com\/#organization\",\"name\":\"Noticias\",\"url\":\"https:\/\/noticiasya.com\/\",\"logo\":{\"@type\":\"ImageObject\",\"inLanguage\":\"es\",\"@id\":\"https:\/\/noticiasya.com\/#\/schema\/logo\/image\/\",\"url\":\"https:\/\/noticiasya.com\/wp-content\/uploads\/sites\/22\/2023\/12\/logo-nacional.png\",\"contentUrl\":\"https:\/\/noticiasya.com\/wp-content\/uploads\/sites\/22\/2023\/12\/logo-nacional.png\",\"width\":1801,\"height\":691,\"caption\":\"Noticias\"},\"image\":{\"@id\":\"https:\/\/noticiasya.com\/#\/schema\/logo\/image\/\"}}]}<\/script>\n<!-- \/ Yoast SEO plugin. -->","yoast_head_json":{"title":"AN\u00c1LISIS | Milei recibe a Bukele: \u00bfqu\u00e9 busca el presidente de El Salvador en Argentina? - Noticias","robots":{"index":"index","follow":"follow","max-snippet":"max-snippet:-1","max-image-preview":"max-image-preview:large","max-video-preview":"max-video-preview:-1"},"canonical":"https:\/\/noticiasya.com\/2024\/10\/01\/milei-recibe-bukele-el-salvador-argentina-orix\/","og_locale":"es_ES","og_type":"article","og_title":"AN\u00c1LISIS | Milei recibe a Bukele: \u00bfqu\u00e9 busca el presidente de El Salvador en Argentina? - Noticias","og_description":"(CNN Espa\u00f1ol) \u2013\u2013 El presidente de Argentina, Javier Milei, recibi\u00f3 este lunes a su par salvadore\u00f1o Nayib Bukele en la Casa Rosada, donde mantuvieron un encuentro a puertas cerradas, sin declaraci\u00f3n conjunta. Anteriormente, el mandatario salvadore\u00f1o hab\u00eda expresado que Buenos Aires es su ciudad favorita en el mundo y que en una \u00e9poca acostumbraba a [&hellip;]","og_url":"https:\/\/noticiasya.com\/2024\/10\/01\/milei-recibe-bukele-el-salvador-argentina-orix\/","og_site_name":"Noticias","article_published_time":"2024-10-01T20:03:56+00:00","twitter_card":"summary_large_image","twitter_misc":{"Est. reading time":"6 minutos"},"schema":{"@context":"https:\/\/schema.org","@graph":[{"@type":"Article","@id":"https:\/\/noticiasya.com\/2024\/10\/01\/milei-recibe-bukele-el-salvador-argentina-orix\/#article","isPartOf":{"@id":"https:\/\/noticiasya.com\/2024\/10\/01\/milei-recibe-bukele-el-salvador-argentina-orix\/"},"author":{"name":"","@id":""},"headline":"AN\u00c1LISIS | Milei recibe a Bukele: \u00bfqu\u00e9 busca el presidente de El Salvador en Argentina?","datePublished":"2024-10-01T20:03:56+00:00","mainEntityOfPage":{"@id":"https:\/\/noticiasya.com\/2024\/10\/01\/milei-recibe-bukele-el-salvador-argentina-orix\/"},"wordCount":1164,"commentCount":0,"publisher":{"@id":"https:\/\/noticiasya.com\/#organization"},"articleSection":["Noticias Nacionales"],"inLanguage":"es","potentialAction":[{"@type":"CommentAction","name":"Comment","target":["https:\/\/noticiasya.com\/2024\/10\/01\/milei-recibe-bukele-el-salvador-argentina-orix\/#respond"]}]},{"@type":"WebPage","@id":"https:\/\/noticiasya.com\/2024\/10\/01\/milei-recibe-bukele-el-salvador-argentina-orix\/","url":"https:\/\/noticiasya.com\/2024\/10\/01\/milei-recibe-bukele-el-salvador-argentina-orix\/","name":"AN\u00c1LISIS | Milei recibe a Bukele: \u00bfqu\u00e9 busca el presidente de El Salvador en Argentina? - Noticias","isPartOf":{"@id":"https:\/\/noticiasya.com\/#website"},"datePublished":"2024-10-01T20:03:56+00:00","breadcrumb":{"@id":"https:\/\/noticiasya.com\/2024\/10\/01\/milei-recibe-bukele-el-salvador-argentina-orix\/#breadcrumb"},"inLanguage":"es","potentialAction":[{"@type":"ReadAction","target":["https:\/\/noticiasya.com\/2024\/10\/01\/milei-recibe-bukele-el-salvador-argentina-orix\/"]}]},{"@type":"BreadcrumbList","@id":"https:\/\/noticiasya.com\/2024\/10\/01\/milei-recibe-bukele-el-salvador-argentina-orix\/#breadcrumb","itemListElement":[{"@type":"ListItem","position":1,"name":"Home","item":"https:\/\/noticiasya.com\/"},{"@type":"ListItem","position":2,"name":"AN\u00c1LISIS | Milei recibe a Bukele: \u00bfqu\u00e9 busca el presidente de El Salvador en Argentina?"}]},{"@type":"WebSite","@id":"https:\/\/noticiasya.com\/#website","url":"https:\/\/noticiasya.com\/","name":"Noticias","description":"Lo que importa","publisher":{"@id":"https:\/\/noticiasya.com\/#organization"},"potentialAction":[{"@type":"SearchAction","target":{"@type":"EntryPoint","urlTemplate":"https:\/\/noticiasya.com\/?s={search_term_string}"},"query-input":{"@type":"PropertyValueSpecification","valueRequired":true,"valueName":"search_term_string"}}],"inLanguage":"es"},{"@type":"Organization","@id":"https:\/\/noticiasya.com\/#organization","name":"Noticias","url":"https:\/\/noticiasya.com\/","logo":{"@type":"ImageObject","inLanguage":"es","@id":"https:\/\/noticiasya.com\/#\/schema\/logo\/image\/","url":"https:\/\/noticiasya.com\/wp-content\/uploads\/sites\/22\/2023\/12\/logo-nacional.png","contentUrl":"https:\/\/noticiasya.com\/wp-content\/uploads\/sites\/22\/2023\/12\/logo-nacional.png","width":1801,"height":691,"caption":"Noticias"},"image":{"@id":"https:\/\/noticiasya.com\/#\/schema\/logo\/image\/"}}]}},"parsely":{"version":"1.1.0","canonical_url":"https:\/\/noticiasya.com\/midland-odessa\/2024\/10\/01\/milei-recibe-bukele-el-salvador-argentina-orix\/","smart_links":{"inbound":0,"outbound":0},"traffic_boost_suggestions_count":0,"meta":{"@context":"https:\/\/schema.org","@type":"NewsArticle","headline":"AN\u00c1LISIS | Milei recibe a Bukele: \u00bfqu\u00e9 busca el presidente de El Salvador en Argentina?","url":"http:\/\/noticiasya.com\/midland-odessa\/2024\/10\/01\/milei-recibe-bukele-el-salvador-argentina-orix\/","mainEntityOfPage":{"@type":"WebPage","@id":"http:\/\/noticiasya.com\/midland-odessa\/2024\/10\/01\/milei-recibe-bukele-el-salvador-argentina-orix\/"},"thumbnailUrl":"","image":{"@type":"ImageObject","url":""},"articleSection":"Noticias Nacionales","author":[],"creator":[],"publisher":{"@type":"Organization","name":"Noticias","logo":""},"keywords":[],"dateCreated":"2024-10-01T20:03:56Z","datePublished":"2024-10-01T20:03:56Z","dateModified":"2024-10-01T20:03:56Z"},"rendered":"<script type=\"application\/ld+json\" class=\"wp-parsely-metadata\">{\"@context\":\"https:\\\/\\\/schema.org\",\"@type\":\"NewsArticle\",\"headline\":\"AN\\u00c1LISIS | Milei recibe a Bukele: \\u00bfqu\\u00e9 busca el presidente de El Salvador en Argentina?\",\"url\":\"http:\\\/\\\/noticiasya.com\\\/midland-odessa\\\/2024\\\/10\\\/01\\\/milei-recibe-bukele-el-salvador-argentina-orix\\\/\",\"mainEntityOfPage\":{\"@type\":\"WebPage\",\"@id\":\"http:\\\/\\\/noticiasya.com\\\/midland-odessa\\\/2024\\\/10\\\/01\\\/milei-recibe-bukele-el-salvador-argentina-orix\\\/\"},\"thumbnailUrl\":\"\",\"image\":{\"@type\":\"ImageObject\",\"url\":\"\"},\"articleSection\":\"Noticias Nacionales\",\"author\":[],\"creator\":[],\"publisher\":{\"@type\":\"Organization\",\"name\":\"Noticias\",\"logo\":\"\"},\"keywords\":[],\"dateCreated\":\"2024-10-01T20:03:56Z\",\"datePublished\":\"2024-10-01T20:03:56Z\",\"dateModified\":\"2024-10-01T20:03:56Z\"}<\/script>","tracker_url":"https:\/\/cdn.parsely.com\/keys\/noticiasya.com\/p.js"},"jetpack_featured_media_url":"","jetpack-related-posts":[{"id":1449922,"url":"https:\/\/noticiasya.com\/midland-odessa\/2024\/06\/01\/analisis-similitudes-diferencias-milei-bukele-lideres-influencers-orix\/","url_meta":{"origin":1453260,"position":0},"title":"AN\u00c1LISIS | Las similitudes y diferencias entre Milei y Bukele, los l\u00edderes &#171;influencers&#187; que se elogian y buscan mutuamente","author":"","date":"junio 1, 2024","format":false,"excerpt":"(CNN Espa\u00f1ol) -- Una imagen vale m\u00e1s que mil palabras. O al menos eso podr\u00edan creen Javier Milei y Nayib Bukele que se vieron cara a cara este s\u00e1bado en la segunda asunci\u00f3n del presidente de El Salvador a ese cargo.Es que, si de im\u00e1genes se trata, ambos saben mucho.\u2026","rel":"","context":"In &quot;Noticias Nacionales&quot;","block_context":{"text":"Noticias Nacionales","link":"https:\/\/noticiasya.com\/midland-odessa\/categoria\/noticias-nacionales"},"img":{"alt_text":"","src":"","width":0,"height":0},"classes":[]},{"id":1471182,"url":"https:\/\/noticiasya.com\/midland-odessa\/2026\/02\/12\/trump-cumbre-miami-lideres-latinoamericanos-marzo-trax\/","url_meta":{"origin":1453260,"position":1},"title":"Trump recibir\u00e1 en Miami a l\u00edderes latinoamericanos el 7 de marzo","author":"","date":"febrero 12, 2026","format":false,"excerpt":"El presidente de Estados Unidos, Donald Trump, recibir\u00e1 el 7 de marzo en Miami a un grupo de l\u00edderes de Am\u00e9rica Latina y el Caribe para una cumbre de alto nivel, seg\u00fan inform\u00f3 un funcionario de la Casa Blanca a CNN.El encuentro tendr\u00e1 lugar en el hotel y campo de\u2026","rel":"","context":"In &quot;Noticias Nacionales&quot;","block_context":{"text":"Noticias Nacionales","link":"https:\/\/noticiasya.com\/midland-odessa\/categoria\/noticias-nacionales"},"img":{"alt_text":"","src":"","width":0,"height":0},"classes":[]},{"id":1449827,"url":"https:\/\/noticiasya.com\/midland-odessa\/2024\/05\/29\/milei-openai-encuentros-gigantes-tecnologicas-ee-uu-orix\/","url_meta":{"origin":1453260,"position":2},"title":"Milei inaugura con OpenAI una serie de encuentros con gigantes tecnol\u00f3gicas de EE.UU.","author":"","date":"mayo 29, 2024","format":false,"excerpt":"(CNN Espa\u00f1ol) -- El presidente de Argentina, Javier Milei, inici\u00f3 este martes durante su viaje a Estados Unidos una serie de encuentros que esta semana sostendr\u00e1 con directivos de gigantes tecnol\u00f3gicas.La primera reuni\u00f3n fue con el CEO de OpenAI, Sam Altman, con quien Milei dijo en su cuenta de X\u2026","rel":"","context":"In &quot;Noticias Nacionales&quot;","block_context":{"text":"Noticias Nacionales","link":"https:\/\/noticiasya.com\/midland-odessa\/categoria\/noticias-nacionales"},"img":{"alt_text":"","src":"","width":0,"height":0},"classes":[]},{"id":1444485,"url":"https:\/\/noticiasya.com\/midland-odessa\/2024\/01\/26\/colombia-llama-a-consultas-a-su-embajador-en-argentina-en-protesta-por-declaraciones-de-milei-sobre-petro\/","url_meta":{"origin":1453260,"position":3},"title":"Colombia llama a consultas a su embajador en Argentina en protesta por declaraciones de Milei sobre Petro","author":"","date":"enero 26, 2024","format":false,"excerpt":"(CNN Espa\u00f1ol) --\u00a0El Gobierno de Colombia llam\u00f3 este viernes a consultas a su embajador en Argentina, Camilo Romero, en protesta por declaraciones que el presidente de Argentina, Javier Milei, hizo el jueves sobre su hom\u00f3logo colombiano, Gustavo Petro, a quien llam\u00f3 \u201ccomunista asesino\u201d.La canciller\u00eda de Colombia dijo en un comunicado\u2026","rel":"","context":"In &quot;Noticias Nacionales&quot;","block_context":{"text":"Noticias Nacionales","link":"https:\/\/noticiasya.com\/midland-odessa\/categoria\/noticias-nacionales"},"img":{"alt_text":"","src":"","width":0,"height":0},"classes":[]},{"id":1444496,"url":"https:\/\/noticiasya.com\/midland-odessa\/2024\/01\/27\/colombia-llama-a-consultas-a-su-embajador-en-argentina-en-protesta-por-declaraciones-de-milei-sobre-petro-2\/","url_meta":{"origin":1453260,"position":4},"title":"Colombia llama a consultas a su embajador en Argentina en protesta por declaraciones de Milei sobre Petro","author":"","date":"enero 27, 2024","format":false,"excerpt":"(CNN Espa\u00f1ol) --\u00a0El Gobierno de Colombia llam\u00f3 este viernes a consultas a su embajador en Argentina, Camilo Romero, en protesta por declaraciones que el presidente de Argentina, Javier Milei, hizo el jueves sobre su hom\u00f3logo colombiano, Gustavo Petro, a quien llam\u00f3 \u201ccomunista asesino\u201d.La canciller\u00eda de Colombia dijo en un comunicado\u2026","rel":"","context":"In &quot;Noticias Nacionales&quot;","block_context":{"text":"Noticias Nacionales","link":"https:\/\/noticiasya.com\/midland-odessa\/categoria\/noticias-nacionales"},"img":{"alt_text":"","src":"","width":0,"height":0},"classes":[]},{"id":1461127,"url":"https:\/\/noticiasya.com\/midland-odessa\/2025\/04\/12\/bukele-llega-eeuu-reunion-trump-lunes-orix\/","url_meta":{"origin":1453260,"position":5},"title":"Bukele llega a EE.UU. para visita oficial; prev\u00e9 reunirse con Trump el lunes","author":"","date":"abril 12, 2025","format":false,"excerpt":"El presidente de El Salvador, Nayib Bukele, lleg\u00f3 a Washington este s\u00e1bado para una visita oficial que incluir\u00e1 una reuni\u00f3n con su hom\u00f3logo de Estados Unidos, Donald Trump, inform\u00f3 la presidencia del pa\u00eds centroamericano en un comunicado.Bukele, quien aterriz\u00f3 en la Base Militar Andrews, busca \u201cafianzar a\u00fan m\u00e1s la alianza\u2026","rel":"","context":"In &quot;Noticias Nacionales&quot;","block_context":{"text":"Noticias Nacionales","link":"https:\/\/noticiasya.com\/midland-odessa\/categoria\/noticias-nacionales"},"img":{"alt_text":"","src":"","width":0,"height":0},"classes":[]}],"jetpack_sharing_enabled":true,"_links":{"self":[{"href":"https:\/\/noticiasya.com\/midland-odessa\/wp-json\/wp\/v2\/posts\/1453260","targetHints":{"allow":["GET"]}}],"collection":[{"href":"https:\/\/noticiasya.com\/midland-odessa\/wp-json\/wp\/v2\/posts"}],"about":[{"href":"https:\/\/noticiasya.com\/midland-odessa\/wp-json\/wp\/v2\/types\/post"}],"replies":[{"embeddable":true,"href":"https:\/\/noticiasya.com\/midland-odessa\/wp-json\/wp\/v2\/comments?post=1453260"}],"version-history":[{"count":0,"href":"https:\/\/noticiasya.com\/midland-odessa\/wp-json\/wp\/v2\/posts\/1453260\/revisions"}],"wp:attachment":[{"href":"https:\/\/noticiasya.com\/midland-odessa\/wp-json\/wp\/v2\/media?parent=1453260"}],"wp:term":[{"taxonomy":"category","embeddable":true,"href":"https:\/\/noticiasya.com\/midland-odessa\/wp-json\/wp\/v2\/categories?post=1453260"},{"taxonomy":"post_tag","embeddable":true,"href":"https:\/\/noticiasya.com\/midland-odessa\/wp-json\/wp\/v2\/tags?post=1453260"}],"curies":[{"name":"wp","href":"https:\/\/api.w.org\/{rel}","templated":true}]}}