{"id":1453268,"date":"2024-10-01T17:03:45","date_gmt":"2024-10-02T00:03:45","guid":{"rendered":"https:\/\/noticiasya.com\/2024\/10\/01\/robin-le-normand-atletico-madrid-traumatismo-craneoencefalico-real-madrid-trax\/"},"modified":"2024-10-01T17:03:45","modified_gmt":"2024-10-02T00:03:45","slug":"robin-le-normand-atletico-madrid-traumatismo-craneoencefalico-real-madrid-trax","status":"publish","type":"post","link":"https:\/\/noticiasya.com\/midland-odessa\/2024\/10\/01\/robin-le-normand-atletico-madrid-traumatismo-craneoencefalico-real-madrid-trax\/","title":{"rendered":"Diagnostican a Robin Le Normand del Atl\u00e9tico de Madrid de traumatismo craneoencef\u00e1lico tras incidente en partido contra el Real Madrid"},"content":{"rendered":"<p>(CNN) &#8212;\u00a0Dos d\u00edas despu\u00e9s del partido de LaLiga entre el Atl\u00e9tico de Madrid y su rival local, el Real Madrid, el Atl\u00e9tico anunci\u00f3 que el defensa Robin Le Normand sufri\u00f3 un &#171;traumatismo craneoencef\u00e1lico&#187; al chocar con el mediocampista del Madrid Aur\u00e9lien Tchouam\u00e9ni al final del partido del domingo (1-1).<\/p>\n<p>A escasos instantes del final del partido, Tchouam\u00e9ni, mediocampista del Real Madrid, se elev\u00f3 para rematar de cabeza un centro de Lucas V\u00e1zquez cuando Le Normand salt\u00f3 para salir en defensa de la ocasi\u00f3n de gol. Tchouam\u00e9ni conect\u00f3 con el bal\u00f3n justo antes de que \u00e9l y Le Normand chocaran accidentalmente sus cabezas.<\/p>\n<p>\u00bfQu\u00e9 es un traumatismo craneoencef\u00e1lico y qu\u00e9 consecuencias tiene? Desde mareos y letargos hasta la muerte<\/p>\n<p>Le Normand, habitual en la defensa del Atl\u00e9tico e internacional espa\u00f1ol, cay\u00f3 directamente al suelo e inmediatamente se retorci\u00f3 de dolor. Tchouam\u00e9ni tambi\u00e9n se fue al suelo, sujet\u00e1ndose la cabeza.<\/p>\n<p>Robin Le Normand, del Atl\u00e9tico de Madrid, cae al suelo tras un choque de cabezas involuntario con Aur\u00e9lien Tchouam\u00e9ni. Cr\u00e9dito: Gonzalo Arroyo Moreno\/Getty Images<\/p>\n<p>El partido no tard\u00f3 en detenerse. La transmisi\u00f3n mostr\u00f3 a Le Normand abandonando lentamente el terreno de juego del estadio Metropolitano con dos miembros del personal m\u00e9dico del Atl\u00e9tico caminando junto a la ex estrella de la Real Sociedad.<\/p>\n<p>El martes, el Atl\u00e9tico emiti\u00f3 un comunicado en el que se\u00f1alaba que el incidente del jugador de 27 a\u00f1os era mucho m\u00e1s grave de lo que se pensaba en un principio.<\/p>\n<p>&#171;Robin Le Normand sufri\u00f3 un fuerte golpe en la cabeza en los minutos finales del derbi madrile\u00f1o, por el que se le han realizado una serie de pruebas y una valoraci\u00f3n por parte de especialistas que han determinado que sufre un traumatismo craneoencef\u00e1lico (TCE) con hematoma subdural&#187;, dijo el club.<\/p>\n<p>Atl\u00e9tico de Madrid empata en el \u00faltimo suspiro ante el Real Madrid en un derbi madrile\u00f1o que se suspendi\u00f3 m\u00e1s de 20 minutos<\/p>\n<p>Un hematoma subdural se produce cuando se acumula sangre entre el cerebro y el cr\u00e1neo.<\/p>\n<p>El escueto comunicado conclu\u00eda: &#171;En el proceso de vuelta a la competici\u00f3n de nuestro jugador se seguir\u00e1n las pautas contempladas en el protocolo establecido para este tipo de traumatismos&#187;.<\/p>\n<p>El Atl\u00e9tico se enfrentar\u00e1 el mi\u00e9rcoles al Benfica en un partido de la Liga de Campeones en el Estadio da Luz de Portugal.<\/p>\n<p>The-CNN-Wire<br \/>&trade; &amp; &copy; 2024 Cable News Network, Inc., a Warner Bros. Discovery Company. All rights reserved.<\/p>\n","protected":false},"excerpt":{"rendered":"<p>(CNN) &#8212;\u00a0Dos d\u00edas despu\u00e9s del partido de LaLiga entre el Atl\u00e9tico de Madrid y su rival local, el Real Madrid, el Atl\u00e9tico anunci\u00f3 que el defensa Robin Le Normand sufri\u00f3 un &#171;traumatismo craneoencef\u00e1lico&#187; al chocar con el mediocampista del Madrid Aur\u00e9lien Tchouam\u00e9ni al final del partido del domingo (1-1). A escasos instantes del final del [&hellip;]<\/p>\n","protected":false},"author":0,"featured_media":0,"comment_status":"open","ping_status":"open","sticky":false,"template":"","format":"standard","meta":{"_jetpack_memberships_contains_paid_content":false,"footnotes":""},"categories":[10],"tags":[],"class_list":["post-1453268","post","type-post","status-publish","format-standard","hentry","category-noticias-nacionales","market-global"],"yoast_head":"<!-- This site is optimized with the Yoast SEO plugin v24.4 - https:\/\/yoast.com\/wordpress\/plugins\/seo\/ -->\n<title>Diagnostican a Robin Le Normand del Atl\u00e9tico de Madrid de traumatismo craneoencef\u00e1lico tras incidente en partido contra el Real Madrid - Noticias<\/title>\n<meta name=\"robots\" content=\"index, follow, max-snippet:-1, max-image-preview:large, max-video-preview:-1\" \/>\n<link rel=\"canonical\" href=\"https:\/\/noticiasya.com\/2024\/10\/01\/robin-le-normand-atletico-madrid-traumatismo-craneoencefalico-real-madrid-trax\/\" \/>\n<meta property=\"og:locale\" content=\"es_ES\" \/>\n<meta property=\"og:type\" content=\"article\" \/>\n<meta property=\"og:title\" content=\"Diagnostican a Robin Le Normand del Atl\u00e9tico de Madrid de traumatismo craneoencef\u00e1lico tras incidente en partido contra el Real Madrid - Noticias\" \/>\n<meta property=\"og:description\" content=\"(CNN) &#8212;\u00a0Dos d\u00edas despu\u00e9s del partido de LaLiga entre el Atl\u00e9tico de Madrid y su rival local, el Real Madrid, el Atl\u00e9tico anunci\u00f3 que el defensa Robin Le Normand sufri\u00f3 un &#171;traumatismo craneoencef\u00e1lico&#187; al chocar con el mediocampista del Madrid Aur\u00e9lien Tchouam\u00e9ni al final del partido del domingo (1-1). A escasos instantes del final del [&hellip;]\" \/>\n<meta property=\"og:url\" content=\"https:\/\/noticiasya.com\/2024\/10\/01\/robin-le-normand-atletico-madrid-traumatismo-craneoencefalico-real-madrid-trax\/\" \/>\n<meta property=\"og:site_name\" content=\"Noticias\" \/>\n<meta property=\"article:published_time\" content=\"2024-10-02T00:03:45+00:00\" \/>\n<meta name=\"twitter:card\" content=\"summary_large_image\" \/>\n<meta name=\"twitter:label1\" content=\"Est. reading time\" \/>\n\t<meta name=\"twitter:data1\" content=\"2 minutos\" \/>\n<script type=\"application\/ld+json\" class=\"yoast-schema-graph\">{\"@context\":\"https:\/\/schema.org\",\"@graph\":[{\"@type\":\"Article\",\"@id\":\"https:\/\/noticiasya.com\/2024\/10\/01\/robin-le-normand-atletico-madrid-traumatismo-craneoencefalico-real-madrid-trax\/#article\",\"isPartOf\":{\"@id\":\"https:\/\/noticiasya.com\/2024\/10\/01\/robin-le-normand-atletico-madrid-traumatismo-craneoencefalico-real-madrid-trax\/\"},\"author\":{\"name\":\"\",\"@id\":\"\"},\"headline\":\"Diagnostican a Robin Le Normand del Atl\u00e9tico de Madrid de traumatismo craneoencef\u00e1lico tras incidente en partido contra el Real Madrid\",\"datePublished\":\"2024-10-02T00:03:45+00:00\",\"mainEntityOfPage\":{\"@id\":\"https:\/\/noticiasya.com\/2024\/10\/01\/robin-le-normand-atletico-madrid-traumatismo-craneoencefalico-real-madrid-trax\/\"},\"wordCount\":461,\"commentCount\":0,\"publisher\":{\"@id\":\"https:\/\/noticiasya.com\/#organization\"},\"articleSection\":[\"Noticias Nacionales\"],\"inLanguage\":\"es\",\"potentialAction\":[{\"@type\":\"CommentAction\",\"name\":\"Comment\",\"target\":[\"https:\/\/noticiasya.com\/2024\/10\/01\/robin-le-normand-atletico-madrid-traumatismo-craneoencefalico-real-madrid-trax\/#respond\"]}]},{\"@type\":\"WebPage\",\"@id\":\"https:\/\/noticiasya.com\/2024\/10\/01\/robin-le-normand-atletico-madrid-traumatismo-craneoencefalico-real-madrid-trax\/\",\"url\":\"https:\/\/noticiasya.com\/2024\/10\/01\/robin-le-normand-atletico-madrid-traumatismo-craneoencefalico-real-madrid-trax\/\",\"name\":\"Diagnostican a Robin Le Normand del Atl\u00e9tico de Madrid de traumatismo craneoencef\u00e1lico tras incidente en partido contra el Real Madrid - Noticias\",\"isPartOf\":{\"@id\":\"https:\/\/noticiasya.com\/#website\"},\"datePublished\":\"2024-10-02T00:03:45+00:00\",\"breadcrumb\":{\"@id\":\"https:\/\/noticiasya.com\/2024\/10\/01\/robin-le-normand-atletico-madrid-traumatismo-craneoencefalico-real-madrid-trax\/#breadcrumb\"},\"inLanguage\":\"es\",\"potentialAction\":[{\"@type\":\"ReadAction\",\"target\":[\"https:\/\/noticiasya.com\/2024\/10\/01\/robin-le-normand-atletico-madrid-traumatismo-craneoencefalico-real-madrid-trax\/\"]}]},{\"@type\":\"BreadcrumbList\",\"@id\":\"https:\/\/noticiasya.com\/2024\/10\/01\/robin-le-normand-atletico-madrid-traumatismo-craneoencefalico-real-madrid-trax\/#breadcrumb\",\"itemListElement\":[{\"@type\":\"ListItem\",\"position\":1,\"name\":\"Home\",\"item\":\"https:\/\/noticiasya.com\/\"},{\"@type\":\"ListItem\",\"position\":2,\"name\":\"Diagnostican a Robin Le Normand del Atl\u00e9tico de Madrid de traumatismo craneoencef\u00e1lico tras incidente en partido contra el Real Madrid\"}]},{\"@type\":\"WebSite\",\"@id\":\"https:\/\/noticiasya.com\/#website\",\"url\":\"https:\/\/noticiasya.com\/\",\"name\":\"Noticias\",\"description\":\"Lo que importa\",\"publisher\":{\"@id\":\"https:\/\/noticiasya.com\/#organization\"},\"potentialAction\":[{\"@type\":\"SearchAction\",\"target\":{\"@type\":\"EntryPoint\",\"urlTemplate\":\"https:\/\/noticiasya.com\/?s={search_term_string}\"},\"query-input\":{\"@type\":\"PropertyValueSpecification\",\"valueRequired\":true,\"valueName\":\"search_term_string\"}}],\"inLanguage\":\"es\"},{\"@type\":\"Organization\",\"@id\":\"https:\/\/noticiasya.com\/#organization\",\"name\":\"Noticias\",\"url\":\"https:\/\/noticiasya.com\/\",\"logo\":{\"@type\":\"ImageObject\",\"inLanguage\":\"es\",\"@id\":\"https:\/\/noticiasya.com\/#\/schema\/logo\/image\/\",\"url\":\"https:\/\/noticiasya.com\/wp-content\/uploads\/sites\/22\/2023\/12\/logo-nacional.png\",\"contentUrl\":\"https:\/\/noticiasya.com\/wp-content\/uploads\/sites\/22\/2023\/12\/logo-nacional.png\",\"width\":1801,\"height\":691,\"caption\":\"Noticias\"},\"image\":{\"@id\":\"https:\/\/noticiasya.com\/#\/schema\/logo\/image\/\"}}]}<\/script>\n<!-- \/ Yoast SEO plugin. -->","yoast_head_json":{"title":"Diagnostican a Robin Le Normand del Atl\u00e9tico de Madrid de traumatismo craneoencef\u00e1lico tras incidente en partido contra el Real Madrid - Noticias","robots":{"index":"index","follow":"follow","max-snippet":"max-snippet:-1","max-image-preview":"max-image-preview:large","max-video-preview":"max-video-preview:-1"},"canonical":"https:\/\/noticiasya.com\/2024\/10\/01\/robin-le-normand-atletico-madrid-traumatismo-craneoencefalico-real-madrid-trax\/","og_locale":"es_ES","og_type":"article","og_title":"Diagnostican a Robin Le Normand del Atl\u00e9tico de Madrid de traumatismo craneoencef\u00e1lico tras incidente en partido contra el Real Madrid - Noticias","og_description":"(CNN) &#8212;\u00a0Dos d\u00edas despu\u00e9s del partido de LaLiga entre el Atl\u00e9tico de Madrid y su rival local, el Real Madrid, el Atl\u00e9tico anunci\u00f3 que el defensa Robin Le Normand sufri\u00f3 un &#171;traumatismo craneoencef\u00e1lico&#187; al chocar con el mediocampista del Madrid Aur\u00e9lien Tchouam\u00e9ni al final del partido del domingo (1-1). A escasos instantes del final del [&hellip;]","og_url":"https:\/\/noticiasya.com\/2024\/10\/01\/robin-le-normand-atletico-madrid-traumatismo-craneoencefalico-real-madrid-trax\/","og_site_name":"Noticias","article_published_time":"2024-10-02T00:03:45+00:00","twitter_card":"summary_large_image","twitter_misc":{"Est. reading time":"2 minutos"},"schema":{"@context":"https:\/\/schema.org","@graph":[{"@type":"Article","@id":"https:\/\/noticiasya.com\/2024\/10\/01\/robin-le-normand-atletico-madrid-traumatismo-craneoencefalico-real-madrid-trax\/#article","isPartOf":{"@id":"https:\/\/noticiasya.com\/2024\/10\/01\/robin-le-normand-atletico-madrid-traumatismo-craneoencefalico-real-madrid-trax\/"},"author":{"name":"","@id":""},"headline":"Diagnostican a Robin Le Normand del Atl\u00e9tico de Madrid de traumatismo craneoencef\u00e1lico tras incidente en partido contra el Real Madrid","datePublished":"2024-10-02T00:03:45+00:00","mainEntityOfPage":{"@id":"https:\/\/noticiasya.com\/2024\/10\/01\/robin-le-normand-atletico-madrid-traumatismo-craneoencefalico-real-madrid-trax\/"},"wordCount":461,"commentCount":0,"publisher":{"@id":"https:\/\/noticiasya.com\/#organization"},"articleSection":["Noticias Nacionales"],"inLanguage":"es","potentialAction":[{"@type":"CommentAction","name":"Comment","target":["https:\/\/noticiasya.com\/2024\/10\/01\/robin-le-normand-atletico-madrid-traumatismo-craneoencefalico-real-madrid-trax\/#respond"]}]},{"@type":"WebPage","@id":"https:\/\/noticiasya.com\/2024\/10\/01\/robin-le-normand-atletico-madrid-traumatismo-craneoencefalico-real-madrid-trax\/","url":"https:\/\/noticiasya.com\/2024\/10\/01\/robin-le-normand-atletico-madrid-traumatismo-craneoencefalico-real-madrid-trax\/","name":"Diagnostican a Robin Le Normand del Atl\u00e9tico de Madrid de traumatismo craneoencef\u00e1lico tras incidente en partido contra el Real Madrid - Noticias","isPartOf":{"@id":"https:\/\/noticiasya.com\/#website"},"datePublished":"2024-10-02T00:03:45+00:00","breadcrumb":{"@id":"https:\/\/noticiasya.com\/2024\/10\/01\/robin-le-normand-atletico-madrid-traumatismo-craneoencefalico-real-madrid-trax\/#breadcrumb"},"inLanguage":"es","potentialAction":[{"@type":"ReadAction","target":["https:\/\/noticiasya.com\/2024\/10\/01\/robin-le-normand-atletico-madrid-traumatismo-craneoencefalico-real-madrid-trax\/"]}]},{"@type":"BreadcrumbList","@id":"https:\/\/noticiasya.com\/2024\/10\/01\/robin-le-normand-atletico-madrid-traumatismo-craneoencefalico-real-madrid-trax\/#breadcrumb","itemListElement":[{"@type":"ListItem","position":1,"name":"Home","item":"https:\/\/noticiasya.com\/"},{"@type":"ListItem","position":2,"name":"Diagnostican a Robin Le Normand del Atl\u00e9tico de Madrid de traumatismo craneoencef\u00e1lico tras incidente en partido contra el Real Madrid"}]},{"@type":"WebSite","@id":"https:\/\/noticiasya.com\/#website","url":"https:\/\/noticiasya.com\/","name":"Noticias","description":"Lo que importa","publisher":{"@id":"https:\/\/noticiasya.com\/#organization"},"potentialAction":[{"@type":"SearchAction","target":{"@type":"EntryPoint","urlTemplate":"https:\/\/noticiasya.com\/?s={search_term_string}"},"query-input":{"@type":"PropertyValueSpecification","valueRequired":true,"valueName":"search_term_string"}}],"inLanguage":"es"},{"@type":"Organization","@id":"https:\/\/noticiasya.com\/#organization","name":"Noticias","url":"https:\/\/noticiasya.com\/","logo":{"@type":"ImageObject","inLanguage":"es","@id":"https:\/\/noticiasya.com\/#\/schema\/logo\/image\/","url":"https:\/\/noticiasya.com\/wp-content\/uploads\/sites\/22\/2023\/12\/logo-nacional.png","contentUrl":"https:\/\/noticiasya.com\/wp-content\/uploads\/sites\/22\/2023\/12\/logo-nacional.png","width":1801,"height":691,"caption":"Noticias"},"image":{"@id":"https:\/\/noticiasya.com\/#\/schema\/logo\/image\/"}}]}},"parsely":{"version":"1.1.0","canonical_url":"https:\/\/noticiasya.com\/midland-odessa\/2024\/10\/01\/robin-le-normand-atletico-madrid-traumatismo-craneoencefalico-real-madrid-trax\/","smart_links":{"inbound":0,"outbound":0},"traffic_boost_suggestions_count":0,"meta":{"@context":"https:\/\/schema.org","@type":"NewsArticle","headline":"Diagnostican a Robin Le Normand del Atl\u00e9tico de Madrid de traumatismo craneoencef\u00e1lico tras incidente en partido contra el Real Madrid","url":"http:\/\/noticiasya.com\/midland-odessa\/2024\/10\/01\/robin-le-normand-atletico-madrid-traumatismo-craneoencefalico-real-madrid-trax\/","mainEntityOfPage":{"@type":"WebPage","@id":"http:\/\/noticiasya.com\/midland-odessa\/2024\/10\/01\/robin-le-normand-atletico-madrid-traumatismo-craneoencefalico-real-madrid-trax\/"},"thumbnailUrl":"","image":{"@type":"ImageObject","url":""},"articleSection":"Noticias Nacionales","author":[],"creator":[],"publisher":{"@type":"Organization","name":"Noticias","logo":""},"keywords":[],"dateCreated":"2024-10-02T00:03:45Z","datePublished":"2024-10-02T00:03:45Z","dateModified":"2024-10-02T00:03:45Z"},"rendered":"<script type=\"application\/ld+json\" class=\"wp-parsely-metadata\">{\"@context\":\"https:\\\/\\\/schema.org\",\"@type\":\"NewsArticle\",\"headline\":\"Diagnostican a Robin Le Normand del Atl\\u00e9tico de Madrid de traumatismo craneoencef\\u00e1lico tras incidente en partido contra el Real Madrid\",\"url\":\"http:\\\/\\\/noticiasya.com\\\/midland-odessa\\\/2024\\\/10\\\/01\\\/robin-le-normand-atletico-madrid-traumatismo-craneoencefalico-real-madrid-trax\\\/\",\"mainEntityOfPage\":{\"@type\":\"WebPage\",\"@id\":\"http:\\\/\\\/noticiasya.com\\\/midland-odessa\\\/2024\\\/10\\\/01\\\/robin-le-normand-atletico-madrid-traumatismo-craneoencefalico-real-madrid-trax\\\/\"},\"thumbnailUrl\":\"\",\"image\":{\"@type\":\"ImageObject\",\"url\":\"\"},\"articleSection\":\"Noticias Nacionales\",\"author\":[],\"creator\":[],\"publisher\":{\"@type\":\"Organization\",\"name\":\"Noticias\",\"logo\":\"\"},\"keywords\":[],\"dateCreated\":\"2024-10-02T00:03:45Z\",\"datePublished\":\"2024-10-02T00:03:45Z\",\"dateModified\":\"2024-10-02T00:03:45Z\"}<\/script>","tracker_url":"https:\/\/cdn.parsely.com\/keys\/noticiasya.com\/p.js"},"jetpack_featured_media_url":"","jetpack-related-posts":[{"id":1466902,"url":"https:\/\/noticiasya.com\/midland-odessa\/2025\/09\/27\/atletico-de-madrid-golea-real-madrid-efe\/","url_meta":{"origin":1453268,"position":0},"title":"El Atl\u00e9tico de Madrid corta la racha triunfal del Real Madrid con una goleada","author":"","date":"septiembre 27, 2025","format":false,"excerpt":"El Atl\u00e9tico de Madrid recuper\u00f3 la mejor de sus im\u00e1genes para golear 5-2 al Real Madrid en el derbi del Metropolitano, fulminando la racha de siete triunfos en la temporada de Xabi Alonso, con un doblete de Juli\u00e1n \u00c1lvarez m\u00e1s los goles de Robin Le Normand, Alexander Sorloth y Antoine\u2026","rel":"","context":"In &quot;Noticias Nacionales&quot;","block_context":{"text":"Noticias Nacionales","link":"https:\/\/noticiasya.com\/midland-odessa\/categoria\/noticias-nacionales"},"img":{"alt_text":"","src":"","width":0,"height":0},"classes":[]},{"id":1463578,"url":"https:\/\/noticiasya.com\/midland-odessa\/2025\/06\/15\/psg-atletico-madrid-mundial-clubes-efe\/","url_meta":{"origin":1453268,"position":1},"title":"El PSG comienza su marcha triunfal en el Mundial de Clubes: derrot\u00f3 4-0 al Atl\u00e9tico de Madrid","author":"","date":"junio 15, 2025","format":false,"excerpt":"El Atl\u00e9tico de Madrid no pudo este domingo con el campe\u00f3n de Europa, el Paris Saint-Germain, en su debut en el Mundial de Clubes. Los rojiblancos cayeron por 4-0 con goles de Fabi\u00e1n, Vitinha -mejor jugador del partido-, Senny Mayulu y Lee Kang-in de penalti en un duelo disputado en\u2026","rel":"","context":"In &quot;Noticias Nacionales&quot;","block_context":{"text":"Noticias Nacionales","link":"https:\/\/noticiasya.com\/midland-odessa\/categoria\/noticias-nacionales"},"img":{"alt_text":"","src":"","width":0,"height":0},"classes":[]},{"id":1473120,"url":"https:\/\/noticiasya.com\/midland-odessa\/2026\/04\/13\/atletico-madrid-barcelona-revancha-cuartos-champions-orix\/","url_meta":{"origin":1453268,"position":2},"title":"Atl\u00e9tico de Madrid vs. Barcelona, por los cuartos de la Champions: previa, alineaciones hora y c\u00f3mo ver por TV e internet","author":"","date":"abril 13, 2026","format":false,"excerpt":"No est\u00e1 dicha la \u00faltima palabra en la serie de cuartos de final entre el Atl\u00e9tico de Madrid y el FC Barcelona. Es cierto que el Colchonero sac\u00f3 una buena ventaja y lejos de casa, pero el Blaugrana ya sabe lo que es ganar en el Metropolitano, y en la\u2026","rel":"","context":"In &quot;Noticias Nacionales&quot;","block_context":{"text":"Noticias Nacionales","link":"https:\/\/noticiasya.com\/midland-odessa\/categoria\/noticias-nacionales"},"img":{"alt_text":"","src":"","width":0,"height":0},"classes":[]},{"id":1466872,"url":"https:\/\/noticiasya.com\/midland-odessa\/2025\/09\/26\/atletico-madrid-real-madrid-clasico-laliga-orix\/","url_meta":{"origin":1453268,"position":3},"title":"Atl\u00e9tico de Madrid vs. Real Madrid, por LaLiga: previa, horarios, posibles formaciones y c\u00f3mo ver por TV e internet","author":"","date":"septiembre 26, 2025","format":false,"excerpt":"La capital de Espa\u00f1a se paraliza este s\u00e1bado con el cl\u00e1sico entre el Atl\u00e9tico de Madrid y el Real Madrid, v\u00e1lido por la s\u00e9ptima fecha de LaLiga. Ser\u00e1 un duelo entre equipos que pasan por momentos opuestos: la confianza de un \u201cMerengue\u201d que arrasa en el comienzo de la temporada\u2026","rel":"","context":"In &quot;Noticias Nacionales&quot;","block_context":{"text":"Noticias Nacionales","link":"https:\/\/noticiasya.com\/midland-odessa\/categoria\/noticias-nacionales"},"img":{"alt_text":"","src":"","width":0,"height":0},"classes":[]},{"id":1467759,"url":"https:\/\/noticiasya.com\/midland-odessa\/2025\/10\/26\/real-madrid-laliga-clasico-alonso-bellingham-orix\/","url_meta":{"origin":1453268,"position":4},"title":"&#171;Llev\u00e1bamos mucho tiempo perdiendo&#187;: \u00bfqu\u00e9 dijeron los protagonistas del Real Madrid vs. Barcelona tras el cl\u00e1sico?","author":"","date":"octubre 26, 2025","format":false,"excerpt":"Real Madrid le gan\u00f3 un cl\u00e1sico caliente al Barcelona en el Santiago Bernab\u00e9u y se escap\u00f3 en la punta de LaLiga, tomando una distancia de cinco puntos frente a su ac\u00e9rrimo rival, que a\u00fan es escolta en el torneo.Xabi Alonso, el t\u00e9cnico de este Real Madrid l\u00edder, dijo que el\u2026","rel":"","context":"In &quot;Noticias Nacionales&quot;","block_context":{"text":"Noticias Nacionales","link":"https:\/\/noticiasya.com\/midland-odessa\/categoria\/noticias-nacionales"},"img":{"alt_text":"","src":"","width":0,"height":0},"classes":[]},{"id":1459490,"url":"https:\/\/noticiasya.com\/midland-odessa\/2025\/03\/04\/champions-league-octavos-de-final-real-madrid-gana-atletico-de-madrid-bernabeu-efe\/","url_meta":{"origin":1453268,"position":5},"title":"Champions League: el Real Madrid se impone por la m\u00ednima diferencia al Atl\u00e9tico de Madrid en el Bernab\u00e9u","author":"","date":"marzo 4, 2025","format":false,"excerpt":"Desde la calidad individual en dos zarpazos, en acciones decisivas de Rodrygo y Brahim, el Real Madrid castig\u00f3 a un Atl\u00e9tico de Madrid superior como bloque, que empat\u00f3 con un gol para enmarcar de Juli\u00e1n \u00c1lvarez pero no sostuvo su racha de diez partidos sin perder, en una eliminatoria que\u2026","rel":"","context":"In &quot;Noticias Nacionales&quot;","block_context":{"text":"Noticias Nacionales","link":"https:\/\/noticiasya.com\/midland-odessa\/categoria\/noticias-nacionales"},"img":{"alt_text":"","src":"","width":0,"height":0},"classes":[]}],"jetpack_sharing_enabled":true,"_links":{"self":[{"href":"https:\/\/noticiasya.com\/midland-odessa\/wp-json\/wp\/v2\/posts\/1453268","targetHints":{"allow":["GET"]}}],"collection":[{"href":"https:\/\/noticiasya.com\/midland-odessa\/wp-json\/wp\/v2\/posts"}],"about":[{"href":"https:\/\/noticiasya.com\/midland-odessa\/wp-json\/wp\/v2\/types\/post"}],"replies":[{"embeddable":true,"href":"https:\/\/noticiasya.com\/midland-odessa\/wp-json\/wp\/v2\/comments?post=1453268"}],"version-history":[{"count":0,"href":"https:\/\/noticiasya.com\/midland-odessa\/wp-json\/wp\/v2\/posts\/1453268\/revisions"}],"wp:attachment":[{"href":"https:\/\/noticiasya.com\/midland-odessa\/wp-json\/wp\/v2\/media?parent=1453268"}],"wp:term":[{"taxonomy":"category","embeddable":true,"href":"https:\/\/noticiasya.com\/midland-odessa\/wp-json\/wp\/v2\/categories?post=1453268"},{"taxonomy":"post_tag","embeddable":true,"href":"https:\/\/noticiasya.com\/midland-odessa\/wp-json\/wp\/v2\/tags?post=1453268"}],"curies":[{"name":"wp","href":"https:\/\/api.w.org\/{rel}","templated":true}]}}