{"id":1453272,"date":"2024-10-01T18:03:39","date_gmt":"2024-10-02T01:03:39","guid":{"rendered":"https:\/\/noticiasya.com\/2024\/10\/01\/quien-es-tim-walz-vicepresidente-kamala-perfil-orix\/"},"modified":"2024-10-01T18:03:39","modified_gmt":"2024-10-02T01:03:39","slug":"quien-es-tim-walz-vicepresidente-kamala-perfil-orix","status":"publish","type":"post","link":"https:\/\/noticiasya.com\/midland-odessa\/2024\/10\/01\/quien-es-tim-walz-vicepresidente-kamala-perfil-orix\/","title":{"rendered":"\u00bfQui\u00e9n es Tim Walz, el aspirante dem\u00f3crata a vicepresidente de Kamala Harris?"},"content":{"rendered":"<p>(CNN Espa\u00f1ol) &#8212; El gobernador de Minnesota, Tim Walz, elegido como compa\u00f1ero de f\u00f3rmula de Kamala Harris, pas\u00f3 m\u00e1s de dos d\u00e9cadas en la Guardia Nacional del Ej\u00e9rcito \u2014tuvo un despliegue en el extranjero despu\u00e9s de los ataques del 11 de septiembre\u2014, trabaj\u00f3 como educador y entrenador y derrot\u00f3 sorprendentemente a un congresista republicano que llevaba seis mandatos en 2006. \u00bfQui\u00e9n es Walz, cu\u00e1l ha sido su trayectoria y por qu\u00e9 lo escogi\u00f3 Harris?<\/p>\n<p>Tim Walz, un educador y exmilitar que consigui\u00f3 la &#8216;trifecta&#8217; dem\u00f3crata en Minnesota<\/p>\n<p>Walz est\u00e1 actualmente en su segundo mandato como gobernador de Minnesota y preside la Asociaci\u00f3n de Gobernadores Dem\u00f3cratas. Anteriormente trabaj\u00f3 12 a\u00f1os en el Congreso, representando a un distrito rural de tendencia conservadora que, tanto antes como despu\u00e9s de su mandato, ha estado mayoritariamente dominado por los republicanos.<\/p>\n<p>En vivo: debate de los candidatos a vicepresidentes en EE.UU.<\/p>\n<p>En el periodo previo a su elecci\u00f3n como compa\u00f1ero de f\u00f3rmula de Harris, Walz hab\u00eda sido primero un abierto defensor de Joe Biden tras su desastrosa actuaci\u00f3n en el debate, mientras aumentaban los llamamientos para que el presidente abandonara su carrera a la reelecci\u00f3n. Cuando Biden abandon\u00f3, Walz apoy\u00f3 a Harris al d\u00eda siguiente y desde entonces se ha revelado como un defensor fiable, en\u00e9rgico y cortante de la aspirante dem\u00f3crata.<\/p>\n<p>Antes de trabajar en el Congreso, Tim Walz fue profesor de instituto y entrenador de f\u00fatbol, y sirvi\u00f3 en la Guardia Nacional del Ej\u00e9rcito. Durante m\u00e1s de una d\u00e9cada en el Congreso, consigui\u00f3 un historial de voto bastante centrista. En su primera campa\u00f1a, se opuso a la prohibici\u00f3n del matrimonio entre personas del mismo sexo y apoy\u00f3 el derecho al aborto. Y una vez en el Congreso, equilibr\u00f3 esa postura con otras comparativamente m\u00e1s conservadoras sobre el derecho a las armas, lo que le vali\u00f3 el respaldo de la Asociaci\u00f3n Nacional del Rifle. Desde entonces, Walz ha ca\u00eddo en desgracia con el lobby de las armas por su apoyo a las medidas de seguridad de las armas como gobernador.<\/p>\n<p>Walz se present\u00f3 a gobernador en 2018, saliendo victorioso por un margen de dos d\u00edgitos. Fue reelegido en 2022 con el 52% de los votos. Como gobernador, Walz tuvo que lidiar con un gobierno dividido y mayor\u00edas escasas en la Legislatura estatal. Pero en 2022, el Partido Dem\u00f3crata-Campesino-Laboral (como se conoce al Partido Dem\u00f3crata del estado) se hizo con el control tanto de la C\u00e1mara de Representantes como del Senado, lo que dio al partido de Walz una &#171;trifecta&#187; de control legislativo.<\/p>\n<p>Esto permiti\u00f3 a Walz promulgar una serie de amplios programas de bienestar social, como el almuerzo gratuito para los alumnos de las escuelas p\u00fablicas, un mayor acceso a Medicaid, mayores protecciones que permiten a los trabajadores sindicarse y la ampliaci\u00f3n de los permisos m\u00e9dicos y familiares remunerados.<\/p>\n<p>A trav\u00e9s de esta trifecta, los dem\u00f3cratas de Minnesota tambi\u00e9n lograron codificar el derecho al aborto en la ley, aumentar la protecci\u00f3n de los derechos de los transexuales, aprobar un proyecto de ley de legalizaci\u00f3n de la marihuana e implantar nuevas leyes de seguridad de las armas. Los progresistas elogiaron el trabajo como un ejemplo de todo lo que los dem\u00f3cratas pueden lograr. El expresidente Barack Obama escribi\u00f3 en un tuit elogiando la \u00faltima sesi\u00f3n legislativa que era un &#171;recordatorio de que las elecciones tienen consecuencias&#187;.<\/p>\n<p>C\u00f3mo fue el paso de Vance y Walz, candidatos a la vicepresidencia, en las Fuerzas Armadas de EE.UU.<\/p>\n<p>Los seis a\u00f1os de Walz a cargo de Minnesota han sido testigos de una notable serie de agitaci\u00f3n pol\u00edtica y social. Primero vino la pandemia de covid-19 y luego, en medio de ella, el asesinato de George Floyd por un oficial de polic\u00eda blanco, que desencaden\u00f3 manifestaciones antirracistas globales. Walz se las arregl\u00f3 para sortear todos estos obst\u00e1culos (adem\u00e1s de las quejas m\u00e1s habituales sobre el despilfarro) lo suficientemente bien como para que, a principios de 2023, liderara esa trifecta dem\u00f3crata en el gobierno estatal.<\/p>\n<p>Tim Walz, el elegido de Kamala Harris y el Partido Dem\u00f3crata 1:29<\/p>\n<p>Por qu\u00e9 Harris escogi\u00f3 a Walz<\/p>\n<p>La selecci\u00f3n culmina el corto pero r\u00e1pido ascenso de la dem\u00f3crata del Medio Oeste de EE.UU., que pas\u00f3 de ser una figura relativa desconocida a uno de los principales impulsores de los ataques del partido contra Donald Trump y la agenda MAGA.<\/p>\n<p>La elecci\u00f3n de Tim Walz tambi\u00e9n subraya el enfoque de la campa\u00f1a de Harris en un camino hacia la victoria que prima los estados del &#171;muro azul&#187; (color asociados con los dem\u00f3cratas) del Medio Oeste estadounidense. Minnesota est\u00e1 ligeramente fuera de esa esfera, pero Walz, que fue entrenador de f\u00fatbol en un instituto, se ha convertido durante su mandato en una especie de h\u00e9roe popular populista progresista, el tipo exacto de voz que los dem\u00f3cratas que se enfrentan a Trump est\u00e1n dispuestos a destacar.<\/p>\n<p>En la \u00faltima semana ha pronunciado un pu\u00f1ado de memorables ataques contra los republicanos, aunque su contribuci\u00f3n m\u00e1s notable ha sido su determinaci\u00f3n de etiquetar al Partido Republicano y a sus candidatos a presidente y vicepresidente, Trump y J.D. Vance. Walz se ha referido al d\u00fao como \u201ctipos raros\u201d (weird), antes de abordar su agenda pol\u00edtica.<\/p>\n<p>La frase ha calado, convirti\u00e9ndose en un meme central de la nueva versi\u00f3n de la campa\u00f1a posterior a Biden, un hecho que est\u00e1 encantando a los dem\u00f3cratas y, al parecer, frustrando a muchos en la derecha.<\/p>\n<p>En una reciente intervenci\u00f3n en un acto de recaudaci\u00f3n de fondos de &#171;White Dudes for Harris&#187;, Walz defendi\u00f3 a grandes rasgos a la vicepresidenta ante posibles donantes.<\/p>\n<p>El gobernador de Minnesota, Tim Walz, habla en una rueda de prensa de la campa\u00f1a dem\u00f3crata en Milwaukee, Wisconsin, el 17 de julio de 2024. (Cr\u00e9dito: Jim Vondruska\/Getty Images)<br \/>\n&#171;\u00bfCu\u00e1ntas veces en 100 d\u00edas se puede cambiar la trayectoria del mundo? \u00bfCu\u00e1ntas veces en 100 d\u00edas puedes hacer algo que tendr\u00e1 un impacto en las generaciones venideras?&#187;, pregunt\u00f3 Walz. &#171;\u00bfY cu\u00e1ntas veces en el mundo consigues que ese bastardo se despierte despu\u00e9s y sepa que una mujer negra le pate\u00f3 el trasero y lo mand\u00f3 a pasear?&#187;<\/p>\n<p>La frase fue bien recibida y acapar\u00f3 titulares casi de inmediato. Para muchos dem\u00f3cratas, al menos, la viralidad en internet\u00a0fue del tipo por el que han suspirado en los \u00faltimos a\u00f1os.<\/p>\n<p>Tim Walz tambi\u00e9n tiene una historia personal acorde con el esp\u00edritu de la \u00e9poca: una historia familiar, como coment\u00f3 el mes pasado, de problemas de infertilidad, con su mujer desde hace tres d\u00e9cadas, Gwen, que le permite hablar con cierta autoridad contra los opositores o esc\u00e9pticos de la fecundaci\u00f3n in vitro, o FIV.<\/p>\n<p>&#171;Mi hija mayor se llama Hope. Eso es porque mi esposa y yo pasamos siete a\u00f1os tratando de quedar embarazados, necesit\u00e1bamos tratamientos de fertilidad, cosas como la FIV, cosas que (los republicanos de MAGA) prohibir\u00edan&#187;, dijo Walz a los partidarios de Harris. &#171;Estos tipos son los antilibertades&#187;.<\/p>\n<p>Y para trazar una l\u00ednea brillante y descarada bajo su propia experiencia infantil, Walz \u2014no por \u00faltima vez\u2014 cont\u00f3 que &#171;creci\u00f3 en un pueblo peque\u00f1o: 400 personas, 24 ni\u00f1os en la clase, 12 primos&#187;.<\/p>\n<p>&#171;Creo que fue un s\u00f3lido miembro dem\u00f3crata de la C\u00e1mara de Representantes con algunos matices: centrado en la agricultura, los agricultores y las zonas rurales&#187;, dijo el estratega dem\u00f3crata Jeff Blodgett, exayudante del difunto senador Paul Wellstone. &#171;Creo que quer\u00eda proteger los rifles y cosas de esa naturaleza como congresista rural&#187;.<\/p>\n<p>Con informaci\u00f3n de John King, Jeff Zeleny, Jamie Gangel, MJ Lee, Daniel Strauss y Gregory Krieg de CNN<\/p>\n<p>The-CNN-Wire<br \/>&trade; &amp; &copy; 2024 Cable News Network, Inc., a Warner Bros. Discovery Company. All rights reserved.<\/p>\n","protected":false},"excerpt":{"rendered":"<p>(CNN Espa\u00f1ol) &#8212; El gobernador de Minnesota, Tim Walz, elegido como compa\u00f1ero de f\u00f3rmula de Kamala Harris, pas\u00f3 m\u00e1s de dos d\u00e9cadas en la Guardia Nacional del Ej\u00e9rcito \u2014tuvo un despliegue en el extranjero despu\u00e9s de los ataques del 11 de septiembre\u2014, trabaj\u00f3 como educador y entrenador y derrot\u00f3 sorprendentemente a un congresista republicano que [&hellip;]<\/p>\n","protected":false},"author":0,"featured_media":0,"comment_status":"open","ping_status":"open","sticky":false,"template":"","format":"standard","meta":{"_jetpack_memberships_contains_paid_content":false,"footnotes":""},"categories":[10],"tags":[],"class_list":["post-1453272","post","type-post","status-publish","format-standard","hentry","category-noticias-nacionales","market-global"],"yoast_head":"<!-- This site is optimized with the Yoast SEO plugin v24.4 - https:\/\/yoast.com\/wordpress\/plugins\/seo\/ -->\n<title>\u00bfQui\u00e9n es Tim Walz, el aspirante dem\u00f3crata a vicepresidente de Kamala Harris? - Noticias<\/title>\n<meta name=\"robots\" content=\"index, follow, max-snippet:-1, max-image-preview:large, max-video-preview:-1\" \/>\n<link rel=\"canonical\" href=\"https:\/\/noticiasya.com\/2024\/10\/01\/quien-es-tim-walz-vicepresidente-kamala-perfil-orix\/\" \/>\n<meta property=\"og:locale\" content=\"es_ES\" \/>\n<meta property=\"og:type\" content=\"article\" \/>\n<meta property=\"og:title\" content=\"\u00bfQui\u00e9n es Tim Walz, el aspirante dem\u00f3crata a vicepresidente de Kamala Harris? - Noticias\" \/>\n<meta property=\"og:description\" content=\"(CNN Espa\u00f1ol) &#8212; El gobernador de Minnesota, Tim Walz, elegido como compa\u00f1ero de f\u00f3rmula de Kamala Harris, pas\u00f3 m\u00e1s de dos d\u00e9cadas en la Guardia Nacional del Ej\u00e9rcito \u2014tuvo un despliegue en el extranjero despu\u00e9s de los ataques del 11 de septiembre\u2014, trabaj\u00f3 como educador y entrenador y derrot\u00f3 sorprendentemente a un congresista republicano que [&hellip;]\" \/>\n<meta property=\"og:url\" content=\"https:\/\/noticiasya.com\/2024\/10\/01\/quien-es-tim-walz-vicepresidente-kamala-perfil-orix\/\" \/>\n<meta property=\"og:site_name\" content=\"Noticias\" \/>\n<meta property=\"article:published_time\" content=\"2024-10-02T01:03:39+00:00\" \/>\n<meta name=\"twitter:card\" content=\"summary_large_image\" \/>\n<meta name=\"twitter:label1\" content=\"Est. reading time\" \/>\n\t<meta name=\"twitter:data1\" content=\"7 minutos\" \/>\n<script type=\"application\/ld+json\" class=\"yoast-schema-graph\">{\"@context\":\"https:\/\/schema.org\",\"@graph\":[{\"@type\":\"Article\",\"@id\":\"https:\/\/noticiasya.com\/2024\/10\/01\/quien-es-tim-walz-vicepresidente-kamala-perfil-orix\/#article\",\"isPartOf\":{\"@id\":\"https:\/\/noticiasya.com\/2024\/10\/01\/quien-es-tim-walz-vicepresidente-kamala-perfil-orix\/\"},\"author\":{\"name\":\"\",\"@id\":\"\"},\"headline\":\"\u00bfQui\u00e9n es Tim Walz, el aspirante dem\u00f3crata a vicepresidente de Kamala Harris?\",\"datePublished\":\"2024-10-02T01:03:39+00:00\",\"mainEntityOfPage\":{\"@id\":\"https:\/\/noticiasya.com\/2024\/10\/01\/quien-es-tim-walz-vicepresidente-kamala-perfil-orix\/\"},\"wordCount\":1365,\"commentCount\":0,\"publisher\":{\"@id\":\"https:\/\/noticiasya.com\/#organization\"},\"articleSection\":[\"Noticias Nacionales\"],\"inLanguage\":\"es\",\"potentialAction\":[{\"@type\":\"CommentAction\",\"name\":\"Comment\",\"target\":[\"https:\/\/noticiasya.com\/2024\/10\/01\/quien-es-tim-walz-vicepresidente-kamala-perfil-orix\/#respond\"]}]},{\"@type\":\"WebPage\",\"@id\":\"https:\/\/noticiasya.com\/2024\/10\/01\/quien-es-tim-walz-vicepresidente-kamala-perfil-orix\/\",\"url\":\"https:\/\/noticiasya.com\/2024\/10\/01\/quien-es-tim-walz-vicepresidente-kamala-perfil-orix\/\",\"name\":\"\u00bfQui\u00e9n es Tim Walz, el aspirante dem\u00f3crata a vicepresidente de Kamala Harris? - Noticias\",\"isPartOf\":{\"@id\":\"https:\/\/noticiasya.com\/#website\"},\"datePublished\":\"2024-10-02T01:03:39+00:00\",\"breadcrumb\":{\"@id\":\"https:\/\/noticiasya.com\/2024\/10\/01\/quien-es-tim-walz-vicepresidente-kamala-perfil-orix\/#breadcrumb\"},\"inLanguage\":\"es\",\"potentialAction\":[{\"@type\":\"ReadAction\",\"target\":[\"https:\/\/noticiasya.com\/2024\/10\/01\/quien-es-tim-walz-vicepresidente-kamala-perfil-orix\/\"]}]},{\"@type\":\"BreadcrumbList\",\"@id\":\"https:\/\/noticiasya.com\/2024\/10\/01\/quien-es-tim-walz-vicepresidente-kamala-perfil-orix\/#breadcrumb\",\"itemListElement\":[{\"@type\":\"ListItem\",\"position\":1,\"name\":\"Home\",\"item\":\"https:\/\/noticiasya.com\/\"},{\"@type\":\"ListItem\",\"position\":2,\"name\":\"\u00bfQui\u00e9n es Tim Walz, el aspirante dem\u00f3crata a vicepresidente de Kamala Harris?\"}]},{\"@type\":\"WebSite\",\"@id\":\"https:\/\/noticiasya.com\/#website\",\"url\":\"https:\/\/noticiasya.com\/\",\"name\":\"Noticias\",\"description\":\"Lo que importa\",\"publisher\":{\"@id\":\"https:\/\/noticiasya.com\/#organization\"},\"potentialAction\":[{\"@type\":\"SearchAction\",\"target\":{\"@type\":\"EntryPoint\",\"urlTemplate\":\"https:\/\/noticiasya.com\/?s={search_term_string}\"},\"query-input\":{\"@type\":\"PropertyValueSpecification\",\"valueRequired\":true,\"valueName\":\"search_term_string\"}}],\"inLanguage\":\"es\"},{\"@type\":\"Organization\",\"@id\":\"https:\/\/noticiasya.com\/#organization\",\"name\":\"Noticias\",\"url\":\"https:\/\/noticiasya.com\/\",\"logo\":{\"@type\":\"ImageObject\",\"inLanguage\":\"es\",\"@id\":\"https:\/\/noticiasya.com\/#\/schema\/logo\/image\/\",\"url\":\"https:\/\/noticiasya.com\/wp-content\/uploads\/sites\/22\/2023\/12\/logo-nacional.png\",\"contentUrl\":\"https:\/\/noticiasya.com\/wp-content\/uploads\/sites\/22\/2023\/12\/logo-nacional.png\",\"width\":1801,\"height\":691,\"caption\":\"Noticias\"},\"image\":{\"@id\":\"https:\/\/noticiasya.com\/#\/schema\/logo\/image\/\"}}]}<\/script>\n<!-- \/ Yoast SEO plugin. -->","yoast_head_json":{"title":"\u00bfQui\u00e9n es Tim Walz, el aspirante dem\u00f3crata a vicepresidente de Kamala Harris? - Noticias","robots":{"index":"index","follow":"follow","max-snippet":"max-snippet:-1","max-image-preview":"max-image-preview:large","max-video-preview":"max-video-preview:-1"},"canonical":"https:\/\/noticiasya.com\/2024\/10\/01\/quien-es-tim-walz-vicepresidente-kamala-perfil-orix\/","og_locale":"es_ES","og_type":"article","og_title":"\u00bfQui\u00e9n es Tim Walz, el aspirante dem\u00f3crata a vicepresidente de Kamala Harris? - Noticias","og_description":"(CNN Espa\u00f1ol) &#8212; El gobernador de Minnesota, Tim Walz, elegido como compa\u00f1ero de f\u00f3rmula de Kamala Harris, pas\u00f3 m\u00e1s de dos d\u00e9cadas en la Guardia Nacional del Ej\u00e9rcito \u2014tuvo un despliegue en el extranjero despu\u00e9s de los ataques del 11 de septiembre\u2014, trabaj\u00f3 como educador y entrenador y derrot\u00f3 sorprendentemente a un congresista republicano que [&hellip;]","og_url":"https:\/\/noticiasya.com\/2024\/10\/01\/quien-es-tim-walz-vicepresidente-kamala-perfil-orix\/","og_site_name":"Noticias","article_published_time":"2024-10-02T01:03:39+00:00","twitter_card":"summary_large_image","twitter_misc":{"Est. reading time":"7 minutos"},"schema":{"@context":"https:\/\/schema.org","@graph":[{"@type":"Article","@id":"https:\/\/noticiasya.com\/2024\/10\/01\/quien-es-tim-walz-vicepresidente-kamala-perfil-orix\/#article","isPartOf":{"@id":"https:\/\/noticiasya.com\/2024\/10\/01\/quien-es-tim-walz-vicepresidente-kamala-perfil-orix\/"},"author":{"name":"","@id":""},"headline":"\u00bfQui\u00e9n es Tim Walz, el aspirante dem\u00f3crata a vicepresidente de Kamala Harris?","datePublished":"2024-10-02T01:03:39+00:00","mainEntityOfPage":{"@id":"https:\/\/noticiasya.com\/2024\/10\/01\/quien-es-tim-walz-vicepresidente-kamala-perfil-orix\/"},"wordCount":1365,"commentCount":0,"publisher":{"@id":"https:\/\/noticiasya.com\/#organization"},"articleSection":["Noticias Nacionales"],"inLanguage":"es","potentialAction":[{"@type":"CommentAction","name":"Comment","target":["https:\/\/noticiasya.com\/2024\/10\/01\/quien-es-tim-walz-vicepresidente-kamala-perfil-orix\/#respond"]}]},{"@type":"WebPage","@id":"https:\/\/noticiasya.com\/2024\/10\/01\/quien-es-tim-walz-vicepresidente-kamala-perfil-orix\/","url":"https:\/\/noticiasya.com\/2024\/10\/01\/quien-es-tim-walz-vicepresidente-kamala-perfil-orix\/","name":"\u00bfQui\u00e9n es Tim Walz, el aspirante dem\u00f3crata a vicepresidente de Kamala Harris? - Noticias","isPartOf":{"@id":"https:\/\/noticiasya.com\/#website"},"datePublished":"2024-10-02T01:03:39+00:00","breadcrumb":{"@id":"https:\/\/noticiasya.com\/2024\/10\/01\/quien-es-tim-walz-vicepresidente-kamala-perfil-orix\/#breadcrumb"},"inLanguage":"es","potentialAction":[{"@type":"ReadAction","target":["https:\/\/noticiasya.com\/2024\/10\/01\/quien-es-tim-walz-vicepresidente-kamala-perfil-orix\/"]}]},{"@type":"BreadcrumbList","@id":"https:\/\/noticiasya.com\/2024\/10\/01\/quien-es-tim-walz-vicepresidente-kamala-perfil-orix\/#breadcrumb","itemListElement":[{"@type":"ListItem","position":1,"name":"Home","item":"https:\/\/noticiasya.com\/"},{"@type":"ListItem","position":2,"name":"\u00bfQui\u00e9n es Tim Walz, el aspirante dem\u00f3crata a vicepresidente de Kamala Harris?"}]},{"@type":"WebSite","@id":"https:\/\/noticiasya.com\/#website","url":"https:\/\/noticiasya.com\/","name":"Noticias","description":"Lo que importa","publisher":{"@id":"https:\/\/noticiasya.com\/#organization"},"potentialAction":[{"@type":"SearchAction","target":{"@type":"EntryPoint","urlTemplate":"https:\/\/noticiasya.com\/?s={search_term_string}"},"query-input":{"@type":"PropertyValueSpecification","valueRequired":true,"valueName":"search_term_string"}}],"inLanguage":"es"},{"@type":"Organization","@id":"https:\/\/noticiasya.com\/#organization","name":"Noticias","url":"https:\/\/noticiasya.com\/","logo":{"@type":"ImageObject","inLanguage":"es","@id":"https:\/\/noticiasya.com\/#\/schema\/logo\/image\/","url":"https:\/\/noticiasya.com\/wp-content\/uploads\/sites\/22\/2023\/12\/logo-nacional.png","contentUrl":"https:\/\/noticiasya.com\/wp-content\/uploads\/sites\/22\/2023\/12\/logo-nacional.png","width":1801,"height":691,"caption":"Noticias"},"image":{"@id":"https:\/\/noticiasya.com\/#\/schema\/logo\/image\/"}}]}},"parsely":{"version":"1.1.0","canonical_url":"https:\/\/noticiasya.com\/midland-odessa\/2024\/10\/01\/quien-es-tim-walz-vicepresidente-kamala-perfil-orix\/","smart_links":{"inbound":0,"outbound":0},"traffic_boost_suggestions_count":0,"meta":{"@context":"https:\/\/schema.org","@type":"NewsArticle","headline":"\u00bfQui\u00e9n es Tim Walz, el aspirante dem\u00f3crata a vicepresidente de Kamala Harris?","url":"http:\/\/noticiasya.com\/midland-odessa\/2024\/10\/01\/quien-es-tim-walz-vicepresidente-kamala-perfil-orix\/","mainEntityOfPage":{"@type":"WebPage","@id":"http:\/\/noticiasya.com\/midland-odessa\/2024\/10\/01\/quien-es-tim-walz-vicepresidente-kamala-perfil-orix\/"},"thumbnailUrl":"","image":{"@type":"ImageObject","url":""},"articleSection":"Noticias Nacionales","author":[],"creator":[],"publisher":{"@type":"Organization","name":"Noticias","logo":""},"keywords":[],"dateCreated":"2024-10-02T01:03:39Z","datePublished":"2024-10-02T01:03:39Z","dateModified":"2024-10-02T01:03:39Z"},"rendered":"<script type=\"application\/ld+json\" class=\"wp-parsely-metadata\">{\"@context\":\"https:\\\/\\\/schema.org\",\"@type\":\"NewsArticle\",\"headline\":\"\\u00bfQui\\u00e9n es Tim Walz, el aspirante dem\\u00f3crata a vicepresidente de Kamala Harris?\",\"url\":\"http:\\\/\\\/noticiasya.com\\\/midland-odessa\\\/2024\\\/10\\\/01\\\/quien-es-tim-walz-vicepresidente-kamala-perfil-orix\\\/\",\"mainEntityOfPage\":{\"@type\":\"WebPage\",\"@id\":\"http:\\\/\\\/noticiasya.com\\\/midland-odessa\\\/2024\\\/10\\\/01\\\/quien-es-tim-walz-vicepresidente-kamala-perfil-orix\\\/\"},\"thumbnailUrl\":\"\",\"image\":{\"@type\":\"ImageObject\",\"url\":\"\"},\"articleSection\":\"Noticias Nacionales\",\"author\":[],\"creator\":[],\"publisher\":{\"@type\":\"Organization\",\"name\":\"Noticias\",\"logo\":\"\"},\"keywords\":[],\"dateCreated\":\"2024-10-02T01:03:39Z\",\"datePublished\":\"2024-10-02T01:03:39Z\",\"dateModified\":\"2024-10-02T01:03:39Z\"}<\/script>","tracker_url":"https:\/\/cdn.parsely.com\/keys\/noticiasya.com\/p.js"},"jetpack_featured_media_url":"","jetpack-related-posts":[{"id":1451632,"url":"https:\/\/noticiasya.com\/midland-odessa\/2024\/08\/06\/kamala-harris-se-decide-por-tim-walz-como-companero-de-formula-segun-fuentes\/","url_meta":{"origin":1453272,"position":0},"title":"Kamala Harris elige a Tim Walz como aspirante dem\u00f3crata a vicepresidente, seg\u00fan fuentes","author":"","date":"agosto 6, 2024","format":false,"excerpt":"(CNN) --La vicepresidenta Kamala Harris eligi\u00f3 al gobernador Tim Walz de Minnesota como su compa\u00f1ero de f\u00f3rmula, invitando al exprofesor y veterano de la Guardia Nacional del Ej\u00e9rcito a unirse a la boleta dem\u00f3crata y ayudar a liderar la lucha del partido para derrotar a Donald Trump.La selecci\u00f3n \u2014que Harris\u2026","rel":"","context":"In &quot;Noticias Nacionales&quot;","block_context":{"text":"Noticias Nacionales","link":"https:\/\/noticiasya.com\/midland-odessa\/categoria\/noticias-nacionales"},"img":{"alt_text":"","src":"","width":0,"height":0},"classes":[]},{"id":1451649,"url":"https:\/\/noticiasya.com\/midland-odessa\/2024\/08\/07\/tim-walz-gobernador-medio-oeste-cima-vicepresidente-kamala-harris-trax\/","url_meta":{"origin":1453272,"position":1},"title":"C\u00f3mo Tim Walz, un discreto gobernador del Medio Oeste, lleg\u00f3 a la cima para ser el vicepresidente de Kamala Harris","author":"","date":"agosto 7, 2024","format":false,"excerpt":"Filadelfia, Pensilvania (CNN) -- Tim Walz estaba en medio de su entrevista con el equipo de selecci\u00f3n de la vicepresidenta Kamala Harris cuando les dijo que hab\u00eda algo importante que necesitaban saber.No utiliza un teleprompter, dijo el gobernador de Minnesota. De hecho, ni siquiera tiene uno. As\u00ed que, si era\u2026","rel":"","context":"In &quot;Noticias Nacionales&quot;","block_context":{"text":"Noticias Nacionales","link":"https:\/\/noticiasya.com\/midland-odessa\/categoria\/noticias-nacionales"},"img":{"alt_text":"","src":"","width":0,"height":0},"classes":[]},{"id":1451634,"url":"https:\/\/noticiasya.com\/midland-odessa\/2024\/08\/06\/analisis-kamala-harris-tim-walz-companero-formula-trax\/","url_meta":{"origin":1453272,"position":2},"title":"AN\u00c1LISIS | Por qu\u00e9 Kamala Harris eligi\u00f3 a Tim Walz como su compa\u00f1ero de f\u00f3rmula","author":"","date":"agosto 6, 2024","format":false,"excerpt":"(CNN) --\u00a0El gobernador de Minnesota, Tim Walz, no figuraba entre los principales posibles compa\u00f1eros de f\u00f3rmula de Kamala Harris hasta las \u00faltimas semanas. Pero su elecci\u00f3n para acompa\u00f1ar a la vicepresidenta en la candidatura dem\u00f3crata subraya tanto el poder de las redes sociales como el de ser relativamente afable y\u2026","rel":"","context":"In &quot;Noticias Nacionales&quot;","block_context":{"text":"Noticias Nacionales","link":"https:\/\/noticiasya.com\/midland-odessa\/categoria\/noticias-nacionales"},"img":{"alt_text":"","src":"","width":0,"height":0},"classes":[]},{"id":1451827,"url":"https:\/\/noticiasya.com\/midland-odessa\/2024\/08\/13\/tim-walz-vida-carrera-familia-estudios-trayectoria-trax\/","url_meta":{"origin":1453272,"position":3},"title":"As\u00ed es la vida y carrera de Tim Walz: familia, estudios y trayectoria","author":"","date":"agosto 13, 2024","format":false,"excerpt":"(CNN) -- Este es un vistazo a la vida de Tim Walz, gobernador de Minnesota y candidato dem\u00f3crata a vicepresidente de Estados Unidos.Datos personalesFecha de nacimiento: 6 de abril de 1964Lugar de nacimiento: West Point, NebraskaNombre de nacimiento: Timothy James WalzPadre: James WalzMadre: Darlene WalzMatrimonio: Gwen (Whipple) Walz (1994-presente)Hijos: Hope\u2026","rel":"","context":"In &quot;Noticias Nacionales&quot;","block_context":{"text":"Noticias Nacionales","link":"https:\/\/noticiasya.com\/midland-odessa\/categoria\/noticias-nacionales"},"img":{"alt_text":"","src":"","width":0,"height":0},"classes":[]},{"id":1452059,"url":"https:\/\/noticiasya.com\/midland-odessa\/2024\/08\/21\/walz-bajo-presion-demostrar-valor-trax\/","url_meta":{"origin":1453272,"position":4},"title":"AN\u00c1LISIS | Walz est\u00e1 bajo presi\u00f3n justo antes de tener que demostrar su valor en el escenario nacional","author":"","date":"agosto 21, 2024","format":false,"excerpt":"(CNN) -- Es hora de convertir la alegr\u00eda en votos.Los miembros del Sal\u00f3n de la Fama del Partido Dem\u00f3crata pasaron los primeros dos d\u00edas de la convenci\u00f3n de su partido redoblando su apuesta por su nueva y efervescente candidatura presidencial.Ahora todo depende de Kamala Harris y de Tim Walz.La vicepresidenta\u2026","rel":"","context":"In &quot;Noticias Nacionales&quot;","block_context":{"text":"Noticias Nacionales","link":"https:\/\/noticiasya.com\/midland-odessa\/categoria\/noticias-nacionales"},"img":{"alt_text":"","src":"","width":0,"height":0},"classes":[]},{"id":1451679,"url":"https:\/\/noticiasya.com\/midland-odessa\/2024\/08\/08\/analisis-harris-vance-medio-oeste-trump-trax\/","url_meta":{"origin":1453272,"position":5},"title":"AN\u00c1LISIS | Trump se queda en casa, dejando que Vance desaf\u00ede a Harris y Walz en el Medio Oeste de EE.UU.","author":"","date":"agosto 8, 2024","format":false,"excerpt":"(CNN) -- Era el primer gran d\u00eda de la lucha por el Medio Oeste de Estados Unidos que probablemente decida las elecciones de 2024, y faltaba alguien importante: el expresidente Donald Trump.El candidato republicano dej\u00f3 en manos de su compa\u00f1ero de f\u00f3rmula vicepresidencial, el senador de Ohio J.D. Vance, la\u2026","rel":"","context":"In &quot;Noticias Nacionales&quot;","block_context":{"text":"Noticias Nacionales","link":"https:\/\/noticiasya.com\/midland-odessa\/categoria\/noticias-nacionales"},"img":{"alt_text":"","src":"","width":0,"height":0},"classes":[]}],"jetpack_sharing_enabled":true,"_links":{"self":[{"href":"https:\/\/noticiasya.com\/midland-odessa\/wp-json\/wp\/v2\/posts\/1453272","targetHints":{"allow":["GET"]}}],"collection":[{"href":"https:\/\/noticiasya.com\/midland-odessa\/wp-json\/wp\/v2\/posts"}],"about":[{"href":"https:\/\/noticiasya.com\/midland-odessa\/wp-json\/wp\/v2\/types\/post"}],"replies":[{"embeddable":true,"href":"https:\/\/noticiasya.com\/midland-odessa\/wp-json\/wp\/v2\/comments?post=1453272"}],"version-history":[{"count":0,"href":"https:\/\/noticiasya.com\/midland-odessa\/wp-json\/wp\/v2\/posts\/1453272\/revisions"}],"wp:attachment":[{"href":"https:\/\/noticiasya.com\/midland-odessa\/wp-json\/wp\/v2\/media?parent=1453272"}],"wp:term":[{"taxonomy":"category","embeddable":true,"href":"https:\/\/noticiasya.com\/midland-odessa\/wp-json\/wp\/v2\/categories?post=1453272"},{"taxonomy":"post_tag","embeddable":true,"href":"https:\/\/noticiasya.com\/midland-odessa\/wp-json\/wp\/v2\/tags?post=1453272"}],"curies":[{"name":"wp","href":"https:\/\/api.w.org\/{rel}","templated":true}]}}