{"id":1454896,"date":"2024-10-02T22:03:55","date_gmt":"2024-10-03T05:03:55","guid":{"rendered":"https:\/\/noticiasya.com\/2024\/10\/02\/elecciones-presidenciales-ecuador-candidatos-orig\/"},"modified":"2024-10-02T22:03:55","modified_gmt":"2024-10-03T05:03:55","slug":"elecciones-presidenciales-ecuador-candidatos-orig","status":"publish","type":"post","link":"https:\/\/noticiasya.com\/midland-odessa\/2024\/10\/02\/elecciones-presidenciales-ecuador-candidatos-orig\/","title":{"rendered":"Estos son los 16 binomios presidenciales inscritos para las elecciones en Ecuador"},"content":{"rendered":"<p>(CNN)&#8211; Este mi\u00e9rcoles a las 6 p. m., hora local de Ecuador, concluy\u00f3 el plazo para la inscripci\u00f3n de candidaturas en el Consejo Nacional Electoral (CNE) para las elecciones presidenciales y legislativas previstas para febrero de 2025.<\/p>\n<p>El CNE inform\u00f3 que tras concluir el plazo se recibieron un total de 16 inscripciones de binomios presidenciales que estar\u00e1n sujetos en los pr\u00f3ximos d\u00edas a la etapa de impugnaciones y objeciones. Solo despu\u00e9s de que se resuelvan estos procesos el CNE informar\u00e1 las candidaturas que quedar\u00e1n en firme.<\/p>\n<p>\u00bfCu\u00e1les son los 16 binomios que pretenden llegar a Carondelet?<\/p>\n<p>El Consejo Electoral registr\u00f3 la inscripci\u00f3n de los siguientes precandidatos a presidente y vicepresidente de la Rep\u00fablica respectivamente:<\/p>\n<p>Francesco Tabacchi y Blanca Sacancela por el Movimiento Creando Oportunidades (CREO).<\/p>\n<p>Henry Cucal\u00f3n y Carla Larrea por el Movimiento Construye.<\/p>\n<p>Jorge Escala y Luc\u00eda Ter\u00e1n por el partido Unidad Popular.<\/p>\n<p>Carlos Rabascall y Mar\u00eda Rivas por el partido Izquierda Democr\u00e1tica.<\/p>\n<p>Jan Topic y Mishelle Calvache por el partido Sociedad Unida M\u00e1s Acci\u00f3n (SUMA)<\/p>\n<p>Daniel Noboa y Mar\u00eda Jos\u00e9 Pinto por el movimiento Acci\u00f3n Democr\u00e1tica Nacional (ADN).<\/p>\n<p>Luisa Gonz\u00e1lez y Diego Borja por los movimientos Revoluci\u00f3n Ciudadana y RETO.<\/p>\n<p>Henry Kronfle y Dallyana Passailaigue por el Partido Social Cristiano.<\/p>\n<p>Leonidas Iza y Katiuska Molina por el movimiento Pachacutik.<\/p>\n<p>Iv\u00e1n Saquicela y Mar\u00eda Luisa Coello por el movimiento Democracia S\u00ed.<\/p>\n<p>Andrea Gonz\u00e1lez y Galo Moncayo por el partido Sociedad Patri\u00f3tica.<\/p>\n<p>Juan Cueva y Cristina Reyes por el movimiento Amigo.<\/p>\n<p>Pedro Granja y Ver\u00f3nica Silva por el Partido Socialista Ecuatoriano.<\/p>\n<p>V\u00edctor Araus y Stephanie Carrera por el movimiento Pueblo Igualdad Democracia (PID)<\/p>\n<p>Luis Felipe Tiller\u00eda y Karla Rosero por el partido Avanza.<\/p>\n<p>Jimmy Jairala y Luc\u00eda Vallecilla por el movimiento Centro Democr\u00e1tico.<\/p>\n<p>Sin embargo, la inscripci\u00f3n de la precandidatura del binomio Jairala-Vallecilla fue negada por el Consejo Nacional Electoral y la presidenta del organismo Diana Atamaint explic\u00f3 que se debe a \u201cerrores en la declaraci\u00f3n juramentada y falta de firma del secretario en el formulario\u201d. Por esta raz\u00f3n se abri\u00f3 un plazo de 48 horas para subsanar las observaciones realizadas.<\/p>\n<p>Tambi\u00e9n se registraron inscripciones para asamble\u00edstas nacionales, provinciales, por el exterior y parlamentarios andinos.<\/p>\n<p>Las elecciones presidenciales y legislativas en Ecuador est\u00e1n previstas para el 9 de febrero y la segunda vuelta presidencial est\u00e1 contemplada para el 13 de abril, seg\u00fan el calendario oficial del CNE.<\/p>\n<p>The-CNN-Wire<br \/>&trade; &amp; &copy; 2024 Cable News Network, Inc., a Warner Bros. Discovery Company. All rights reserved.<\/p>\n","protected":false},"excerpt":{"rendered":"<p>(CNN)&#8211; Este mi\u00e9rcoles a las 6 p. m., hora local de Ecuador, concluy\u00f3 el plazo para la inscripci\u00f3n de candidaturas en el Consejo Nacional Electoral (CNE) para las elecciones presidenciales y legislativas previstas para febrero de 2025. El CNE inform\u00f3 que tras concluir el plazo se recibieron un total de 16 inscripciones de binomios presidenciales [&hellip;]<\/p>\n","protected":false},"author":0,"featured_media":0,"comment_status":"open","ping_status":"open","sticky":false,"template":"","format":"standard","meta":{"_jetpack_memberships_contains_paid_content":false,"footnotes":""},"categories":[10],"tags":[],"class_list":["post-1454896","post","type-post","status-publish","format-standard","hentry","category-noticias-nacionales","market-global"],"yoast_head":"<!-- This site is optimized with the Yoast SEO plugin v24.4 - https:\/\/yoast.com\/wordpress\/plugins\/seo\/ -->\n<title>Estos son los 16 binomios presidenciales inscritos para las elecciones en Ecuador - Noticias<\/title>\n<meta name=\"robots\" content=\"index, follow, max-snippet:-1, max-image-preview:large, max-video-preview:-1\" \/>\n<link rel=\"canonical\" href=\"https:\/\/noticiasya.com\/2024\/10\/02\/elecciones-presidenciales-ecuador-candidatos-orig\/\" \/>\n<meta property=\"og:locale\" content=\"es_ES\" \/>\n<meta property=\"og:type\" content=\"article\" \/>\n<meta property=\"og:title\" content=\"Estos son los 16 binomios presidenciales inscritos para las elecciones en Ecuador - Noticias\" \/>\n<meta property=\"og:description\" content=\"(CNN)&#8211; Este mi\u00e9rcoles a las 6 p. m., hora local de Ecuador, concluy\u00f3 el plazo para la inscripci\u00f3n de candidaturas en el Consejo Nacional Electoral (CNE) para las elecciones presidenciales y legislativas previstas para febrero de 2025. El CNE inform\u00f3 que tras concluir el plazo se recibieron un total de 16 inscripciones de binomios presidenciales [&hellip;]\" \/>\n<meta property=\"og:url\" content=\"https:\/\/noticiasya.com\/2024\/10\/02\/elecciones-presidenciales-ecuador-candidatos-orig\/\" \/>\n<meta property=\"og:site_name\" content=\"Noticias\" \/>\n<meta property=\"article:published_time\" content=\"2024-10-03T05:03:55+00:00\" \/>\n<meta name=\"twitter:card\" content=\"summary_large_image\" \/>\n<meta name=\"twitter:label1\" content=\"Est. reading time\" \/>\n\t<meta name=\"twitter:data1\" content=\"2 minutos\" \/>\n<script type=\"application\/ld+json\" class=\"yoast-schema-graph\">{\"@context\":\"https:\/\/schema.org\",\"@graph\":[{\"@type\":\"Article\",\"@id\":\"https:\/\/noticiasya.com\/2024\/10\/02\/elecciones-presidenciales-ecuador-candidatos-orig\/#article\",\"isPartOf\":{\"@id\":\"https:\/\/noticiasya.com\/2024\/10\/02\/elecciones-presidenciales-ecuador-candidatos-orig\/\"},\"author\":{\"name\":\"\",\"@id\":\"\"},\"headline\":\"Estos son los 16 binomios presidenciales inscritos para las elecciones en Ecuador\",\"datePublished\":\"2024-10-03T05:03:55+00:00\",\"mainEntityOfPage\":{\"@id\":\"https:\/\/noticiasya.com\/2024\/10\/02\/elecciones-presidenciales-ecuador-candidatos-orig\/\"},\"wordCount\":446,\"commentCount\":0,\"publisher\":{\"@id\":\"https:\/\/noticiasya.com\/#organization\"},\"articleSection\":[\"Noticias Nacionales\"],\"inLanguage\":\"es\",\"potentialAction\":[{\"@type\":\"CommentAction\",\"name\":\"Comment\",\"target\":[\"https:\/\/noticiasya.com\/2024\/10\/02\/elecciones-presidenciales-ecuador-candidatos-orig\/#respond\"]}]},{\"@type\":\"WebPage\",\"@id\":\"https:\/\/noticiasya.com\/2024\/10\/02\/elecciones-presidenciales-ecuador-candidatos-orig\/\",\"url\":\"https:\/\/noticiasya.com\/2024\/10\/02\/elecciones-presidenciales-ecuador-candidatos-orig\/\",\"name\":\"Estos son los 16 binomios presidenciales inscritos para las elecciones en Ecuador - Noticias\",\"isPartOf\":{\"@id\":\"https:\/\/noticiasya.com\/#website\"},\"datePublished\":\"2024-10-03T05:03:55+00:00\",\"breadcrumb\":{\"@id\":\"https:\/\/noticiasya.com\/2024\/10\/02\/elecciones-presidenciales-ecuador-candidatos-orig\/#breadcrumb\"},\"inLanguage\":\"es\",\"potentialAction\":[{\"@type\":\"ReadAction\",\"target\":[\"https:\/\/noticiasya.com\/2024\/10\/02\/elecciones-presidenciales-ecuador-candidatos-orig\/\"]}]},{\"@type\":\"BreadcrumbList\",\"@id\":\"https:\/\/noticiasya.com\/2024\/10\/02\/elecciones-presidenciales-ecuador-candidatos-orig\/#breadcrumb\",\"itemListElement\":[{\"@type\":\"ListItem\",\"position\":1,\"name\":\"Home\",\"item\":\"https:\/\/noticiasya.com\/\"},{\"@type\":\"ListItem\",\"position\":2,\"name\":\"Estos son los 16 binomios presidenciales inscritos para las elecciones en Ecuador\"}]},{\"@type\":\"WebSite\",\"@id\":\"https:\/\/noticiasya.com\/#website\",\"url\":\"https:\/\/noticiasya.com\/\",\"name\":\"Noticias\",\"description\":\"Lo que importa\",\"publisher\":{\"@id\":\"https:\/\/noticiasya.com\/#organization\"},\"potentialAction\":[{\"@type\":\"SearchAction\",\"target\":{\"@type\":\"EntryPoint\",\"urlTemplate\":\"https:\/\/noticiasya.com\/?s={search_term_string}\"},\"query-input\":{\"@type\":\"PropertyValueSpecification\",\"valueRequired\":true,\"valueName\":\"search_term_string\"}}],\"inLanguage\":\"es\"},{\"@type\":\"Organization\",\"@id\":\"https:\/\/noticiasya.com\/#organization\",\"name\":\"Noticias\",\"url\":\"https:\/\/noticiasya.com\/\",\"logo\":{\"@type\":\"ImageObject\",\"inLanguage\":\"es\",\"@id\":\"https:\/\/noticiasya.com\/#\/schema\/logo\/image\/\",\"url\":\"https:\/\/noticiasya.com\/wp-content\/uploads\/sites\/22\/2023\/12\/logo-nacional.png\",\"contentUrl\":\"https:\/\/noticiasya.com\/wp-content\/uploads\/sites\/22\/2023\/12\/logo-nacional.png\",\"width\":1801,\"height\":691,\"caption\":\"Noticias\"},\"image\":{\"@id\":\"https:\/\/noticiasya.com\/#\/schema\/logo\/image\/\"}}]}<\/script>\n<!-- \/ Yoast SEO plugin. -->","yoast_head_json":{"title":"Estos son los 16 binomios presidenciales inscritos para las elecciones en Ecuador - Noticias","robots":{"index":"index","follow":"follow","max-snippet":"max-snippet:-1","max-image-preview":"max-image-preview:large","max-video-preview":"max-video-preview:-1"},"canonical":"https:\/\/noticiasya.com\/2024\/10\/02\/elecciones-presidenciales-ecuador-candidatos-orig\/","og_locale":"es_ES","og_type":"article","og_title":"Estos son los 16 binomios presidenciales inscritos para las elecciones en Ecuador - Noticias","og_description":"(CNN)&#8211; Este mi\u00e9rcoles a las 6 p. m., hora local de Ecuador, concluy\u00f3 el plazo para la inscripci\u00f3n de candidaturas en el Consejo Nacional Electoral (CNE) para las elecciones presidenciales y legislativas previstas para febrero de 2025. El CNE inform\u00f3 que tras concluir el plazo se recibieron un total de 16 inscripciones de binomios presidenciales [&hellip;]","og_url":"https:\/\/noticiasya.com\/2024\/10\/02\/elecciones-presidenciales-ecuador-candidatos-orig\/","og_site_name":"Noticias","article_published_time":"2024-10-03T05:03:55+00:00","twitter_card":"summary_large_image","twitter_misc":{"Est. reading time":"2 minutos"},"schema":{"@context":"https:\/\/schema.org","@graph":[{"@type":"Article","@id":"https:\/\/noticiasya.com\/2024\/10\/02\/elecciones-presidenciales-ecuador-candidatos-orig\/#article","isPartOf":{"@id":"https:\/\/noticiasya.com\/2024\/10\/02\/elecciones-presidenciales-ecuador-candidatos-orig\/"},"author":{"name":"","@id":""},"headline":"Estos son los 16 binomios presidenciales inscritos para las elecciones en Ecuador","datePublished":"2024-10-03T05:03:55+00:00","mainEntityOfPage":{"@id":"https:\/\/noticiasya.com\/2024\/10\/02\/elecciones-presidenciales-ecuador-candidatos-orig\/"},"wordCount":446,"commentCount":0,"publisher":{"@id":"https:\/\/noticiasya.com\/#organization"},"articleSection":["Noticias Nacionales"],"inLanguage":"es","potentialAction":[{"@type":"CommentAction","name":"Comment","target":["https:\/\/noticiasya.com\/2024\/10\/02\/elecciones-presidenciales-ecuador-candidatos-orig\/#respond"]}]},{"@type":"WebPage","@id":"https:\/\/noticiasya.com\/2024\/10\/02\/elecciones-presidenciales-ecuador-candidatos-orig\/","url":"https:\/\/noticiasya.com\/2024\/10\/02\/elecciones-presidenciales-ecuador-candidatos-orig\/","name":"Estos son los 16 binomios presidenciales inscritos para las elecciones en Ecuador - Noticias","isPartOf":{"@id":"https:\/\/noticiasya.com\/#website"},"datePublished":"2024-10-03T05:03:55+00:00","breadcrumb":{"@id":"https:\/\/noticiasya.com\/2024\/10\/02\/elecciones-presidenciales-ecuador-candidatos-orig\/#breadcrumb"},"inLanguage":"es","potentialAction":[{"@type":"ReadAction","target":["https:\/\/noticiasya.com\/2024\/10\/02\/elecciones-presidenciales-ecuador-candidatos-orig\/"]}]},{"@type":"BreadcrumbList","@id":"https:\/\/noticiasya.com\/2024\/10\/02\/elecciones-presidenciales-ecuador-candidatos-orig\/#breadcrumb","itemListElement":[{"@type":"ListItem","position":1,"name":"Home","item":"https:\/\/noticiasya.com\/"},{"@type":"ListItem","position":2,"name":"Estos son los 16 binomios presidenciales inscritos para las elecciones en Ecuador"}]},{"@type":"WebSite","@id":"https:\/\/noticiasya.com\/#website","url":"https:\/\/noticiasya.com\/","name":"Noticias","description":"Lo que importa","publisher":{"@id":"https:\/\/noticiasya.com\/#organization"},"potentialAction":[{"@type":"SearchAction","target":{"@type":"EntryPoint","urlTemplate":"https:\/\/noticiasya.com\/?s={search_term_string}"},"query-input":{"@type":"PropertyValueSpecification","valueRequired":true,"valueName":"search_term_string"}}],"inLanguage":"es"},{"@type":"Organization","@id":"https:\/\/noticiasya.com\/#organization","name":"Noticias","url":"https:\/\/noticiasya.com\/","logo":{"@type":"ImageObject","inLanguage":"es","@id":"https:\/\/noticiasya.com\/#\/schema\/logo\/image\/","url":"https:\/\/noticiasya.com\/wp-content\/uploads\/sites\/22\/2023\/12\/logo-nacional.png","contentUrl":"https:\/\/noticiasya.com\/wp-content\/uploads\/sites\/22\/2023\/12\/logo-nacional.png","width":1801,"height":691,"caption":"Noticias"},"image":{"@id":"https:\/\/noticiasya.com\/#\/schema\/logo\/image\/"}}]}},"parsely":{"version":"1.1.0","canonical_url":"https:\/\/noticiasya.com\/midland-odessa\/2024\/10\/02\/elecciones-presidenciales-ecuador-candidatos-orig\/","smart_links":{"inbound":0,"outbound":0},"traffic_boost_suggestions_count":0,"meta":{"@context":"https:\/\/schema.org","@type":"NewsArticle","headline":"Estos son los 16 binomios presidenciales inscritos para las elecciones en Ecuador","url":"http:\/\/noticiasya.com\/midland-odessa\/2024\/10\/02\/elecciones-presidenciales-ecuador-candidatos-orig\/","mainEntityOfPage":{"@type":"WebPage","@id":"http:\/\/noticiasya.com\/midland-odessa\/2024\/10\/02\/elecciones-presidenciales-ecuador-candidatos-orig\/"},"thumbnailUrl":"","image":{"@type":"ImageObject","url":""},"articleSection":"Noticias Nacionales","author":[],"creator":[],"publisher":{"@type":"Organization","name":"Noticias","logo":""},"keywords":[],"dateCreated":"2024-10-03T05:03:55Z","datePublished":"2024-10-03T05:03:55Z","dateModified":"2024-10-03T05:03:55Z"},"rendered":"<script type=\"application\/ld+json\" class=\"wp-parsely-metadata\">{\"@context\":\"https:\\\/\\\/schema.org\",\"@type\":\"NewsArticle\",\"headline\":\"Estos son los 16 binomios presidenciales inscritos para las elecciones en Ecuador\",\"url\":\"http:\\\/\\\/noticiasya.com\\\/midland-odessa\\\/2024\\\/10\\\/02\\\/elecciones-presidenciales-ecuador-candidatos-orig\\\/\",\"mainEntityOfPage\":{\"@type\":\"WebPage\",\"@id\":\"http:\\\/\\\/noticiasya.com\\\/midland-odessa\\\/2024\\\/10\\\/02\\\/elecciones-presidenciales-ecuador-candidatos-orig\\\/\"},\"thumbnailUrl\":\"\",\"image\":{\"@type\":\"ImageObject\",\"url\":\"\"},\"articleSection\":\"Noticias Nacionales\",\"author\":[],\"creator\":[],\"publisher\":{\"@type\":\"Organization\",\"name\":\"Noticias\",\"logo\":\"\"},\"keywords\":[],\"dateCreated\":\"2024-10-03T05:03:55Z\",\"datePublished\":\"2024-10-03T05:03:55Z\",\"dateModified\":\"2024-10-03T05:03:55Z\"}<\/script>","tracker_url":"https:\/\/cdn.parsely.com\/keys\/noticiasya.com\/p.js"},"jetpack_featured_media_url":"","jetpack-related-posts":[{"id":1461150,"url":"https:\/\/noticiasya.com\/midland-odessa\/2025\/04\/13\/daniel-noboa-gana-presidencia-ecuador-segundo-mandato-orix\/","url_meta":{"origin":1454896,"position":0},"title":"Daniel Noboa gana la presidencia de Ecuador para un segundo mandato, anuncia el Consejo Nacional Electoral","author":"","date":"abril 13, 2025","format":false,"excerpt":"El presidente de Ecuador, Daniel Noboa, candidato del movimiento Acci\u00f3n Democr\u00e1tica Nacional (ADN), gan\u00f3 este domingo la segunda vuelta de las elecciones presidenciales, seg\u00fan los datos preliminares del Consejo Nacional Electoral (CNE).La presidenta del CNE, Diana Atamaint, dijo en rueda de prensa que, con el 90% de las actas computadas,\u2026","rel":"","context":"In &quot;Noticias Nacionales&quot;","block_context":{"text":"Noticias Nacionales","link":"https:\/\/noticiasya.com\/midland-odessa\/categoria\/noticias-nacionales"},"img":{"alt_text":"","src":"","width":0,"height":0},"classes":[]},{"id":1457920,"url":"https:\/\/noticiasya.com\/midland-odessa\/2025\/01\/27\/donde-como-votar-elecciones-ecuador-2025-documentos-horarios-requisitos-orix\/","url_meta":{"origin":1454896,"position":1},"title":"D\u00f3nde y c\u00f3mo votar en las elecciones de Ecuador en 2025: documentos, horarios y requisitos","author":"","date":"enero 27, 2025","format":false,"excerpt":"Ecuador se prepara para unas nuevas elecciones en medio de un clima pol\u00edtico y social tenso, marcado por la inseguridad, reactivaci\u00f3n econ\u00f3mica y la crisis energ\u00e9tica, temas que se discutieron en el primer \u201cdebate obligatorio\u201d organizado por el Consejo Nacional Electoral (CNE).En este contexto, los ecuatorianos deber\u00e1n acudir a las\u2026","rel":"","context":"In &quot;Noticias Nacionales&quot;","block_context":{"text":"Noticias Nacionales","link":"https:\/\/noticiasya.com\/midland-odessa\/categoria\/noticias-nacionales"},"img":{"alt_text":"","src":"","width":0,"height":0},"classes":[]},{"id":1451066,"url":"https:\/\/noticiasya.com\/midland-odessa\/2024\/07\/12\/como-votar-extranjero-elecciones-venezuela-2024-fecha-requisitos-orix\/","url_meta":{"origin":1454896,"position":2},"title":"C\u00f3mo votar desde el extranjero para las elecciones presidenciales de Venezuela: fecha y requisitos","author":"","date":"julio 12, 2024","format":false,"excerpt":"(CNN Espa\u00f1ol) \u2013 Miles de venezolanos en el extranjero participar\u00e1n en las elecciones presidenciales del 28 de julio para elegir, entre 10 candidatos, a quien ser\u00e1 su pr\u00f3ximo presidente.Para estos comicios solo pueden participar aquellos venezolanos que sean mayores de 18 a\u00f1os, que posean residencia o cualquier otro estatus que\u2026","rel":"","context":"In &quot;Noticias Nacionales&quot;","block_context":{"text":"Noticias Nacionales","link":"https:\/\/noticiasya.com\/midland-odessa\/categoria\/noticias-nacionales"},"img":{"alt_text":"","src":"","width":0,"height":0},"classes":[]},{"id":1447302,"url":"https:\/\/noticiasya.com\/midland-odessa\/2024\/03\/24\/oposicion-venezuela-elecciones-presidenciales-corina-yoris-maria-corina-machado-orix\/","url_meta":{"origin":1454896,"position":3},"title":"Oposici\u00f3n solicita pr\u00f3rroga de tres d\u00edas para postular candidaturas presidenciales; Plataforma Unitaria a\u00fan no ha logrado inscribir a Corina Yoris","author":"","date":"marzo 24, 2024","format":false,"excerpt":"(CNN Espa\u00f1ol) -- La Plataforma Unitaria Democr\u00e1tica, que integra a la mayor\u00eda de fuerzas de oposici\u00f3n de Venezuela, inform\u00f3 este domingo que solicit\u00f3 al Consejo Nacional Electoral (CNE) que publique de forma oficial el cronograma electoral de los comicios presidenciales del 28 de julio y que este contenga una pr\u00f3rroga\u2026","rel":"","context":"In &quot;Noticias Nacionales&quot;","block_context":{"text":"Noticias Nacionales","link":"https:\/\/noticiasya.com\/midland-odessa\/categoria\/noticias-nacionales"},"img":{"alt_text":"","src":"","width":0,"height":0},"classes":[]},{"id":1447354,"url":"https:\/\/noticiasya.com\/midland-odessa\/2024\/03\/25\/corina-yoris-conclusiones-entrevista-orix\/","url_meta":{"origin":1454896,"position":4},"title":"Corina Yoris no ha podido inscribir su candidatura: &#171;Est\u00e1n cercenando el derecho a millones de venezolanos; son horas muy oscuras&#187;","author":"","date":"marzo 25, 2024","format":false,"excerpt":"(CNN Espa\u00f1ol) -- La opositora venezolana Corina Yoris, quien denunci\u00f3 que no pudo inscribirse como candidata presidencial, dijo a CNN en Espa\u00f1ol que \u201cson horas oscuras, por no decir negras, en la realidad pol\u00edtica venezolana\u201d. Yoris fue la aspirante elegida para sustituir en la elecci\u00f3n presidencial a Mar\u00eda Corina Machado,\u2026","rel":"","context":"In &quot;Noticias Nacionales&quot;","block_context":{"text":"Noticias Nacionales","link":"https:\/\/noticiasya.com\/midland-odessa\/categoria\/noticias-nacionales"},"img":{"alt_text":"","src":"","width":0,"height":0},"classes":[]},{"id":1447277,"url":"https:\/\/noticiasya.com\/midland-odessa\/2024\/03\/23\/oposicion-venezolana-denuncia-problemas-inscribir-corina-yoris-orix\/","url_meta":{"origin":1454896,"position":5},"title":"Oposici\u00f3n venezolana denuncia problemas para inscribir a candidata presidencial Corina Yoris","author":"","date":"marzo 23, 2024","format":false,"excerpt":"(CNN Espa\u00f1ol) --\u00a0La oposici\u00f3n venezolana denunci\u00f3 este s\u00e1bado que a\u00fan no ha podido inscribir oficialmente a Corina Yoris como candidata presidencial para los comicios de julio, un plazo que oficialmente termina este lunes.\"Tras cerca de 72 horas del inicio del proceso postulaci\u00f3n de candidaturas presidenciales, denunciamos que el sistema del\u2026","rel":"","context":"In &quot;Noticias Nacionales&quot;","block_context":{"text":"Noticias Nacionales","link":"https:\/\/noticiasya.com\/midland-odessa\/categoria\/noticias-nacionales"},"img":{"alt_text":"","src":"","width":0,"height":0},"classes":[]}],"jetpack_sharing_enabled":true,"_links":{"self":[{"href":"https:\/\/noticiasya.com\/midland-odessa\/wp-json\/wp\/v2\/posts\/1454896","targetHints":{"allow":["GET"]}}],"collection":[{"href":"https:\/\/noticiasya.com\/midland-odessa\/wp-json\/wp\/v2\/posts"}],"about":[{"href":"https:\/\/noticiasya.com\/midland-odessa\/wp-json\/wp\/v2\/types\/post"}],"replies":[{"embeddable":true,"href":"https:\/\/noticiasya.com\/midland-odessa\/wp-json\/wp\/v2\/comments?post=1454896"}],"version-history":[{"count":0,"href":"https:\/\/noticiasya.com\/midland-odessa\/wp-json\/wp\/v2\/posts\/1454896\/revisions"}],"wp:attachment":[{"href":"https:\/\/noticiasya.com\/midland-odessa\/wp-json\/wp\/v2\/media?parent=1454896"}],"wp:term":[{"taxonomy":"category","embeddable":true,"href":"https:\/\/noticiasya.com\/midland-odessa\/wp-json\/wp\/v2\/categories?post=1454896"},{"taxonomy":"post_tag","embeddable":true,"href":"https:\/\/noticiasya.com\/midland-odessa\/wp-json\/wp\/v2\/tags?post=1454896"}],"curies":[{"name":"wp","href":"https:\/\/api.w.org\/{rel}","templated":true}]}}