{"id":1454898,"date":"2024-10-03T01:03:50","date_gmt":"2024-10-03T08:03:50","guid":{"rendered":"https:\/\/noticiasya.com\/2024\/10\/03\/tel-aviv-jaffa-ataque-heroe-superviviente-festival-nova-trax\/"},"modified":"2024-10-03T01:03:50","modified_gmt":"2024-10-03T08:03:50","slug":"tel-aviv-jaffa-ataque-heroe-superviviente-festival-nova-trax","status":"publish","type":"post","link":"https:\/\/noticiasya.com\/midland-odessa\/2024\/10\/03\/tel-aviv-jaffa-ataque-heroe-superviviente-festival-nova-trax\/","title":{"rendered":"Un superviviente del festival de m\u00fasica del 7 de octubre, reservista de las FDI, aclamado como &#171;h\u00e9roe&#187; tras enfrentarse a los autores del atentado de Tel Aviv"},"content":{"rendered":"<p>(CNN) &#8212; Un reservista israel\u00ed que sobrevivi\u00f3 a la masacre del festival Nova fue recibido como &#171;h\u00e9roe&#187; por el ministro de Seguridad de Israel, por enfrentarse a dos pistoleros responsables del tiroteo y apu\u00f1alamiento del martes en Tel Aviv.<\/p>\n<p>Siete personas murieron y 16 resultaron heridas en el ataque perpetrado en el bulevar Jerusal\u00e9n de Jaffa, un barrio portuario del sur de Tel Aviv, seg\u00fan la Polic\u00eda de Israel.<\/p>\n<p>El incidente se produjo minutos antes de que Ir\u00e1n lanzara un bombardeo de unos 200 misiles bal\u00edsticos contra Israel, el mayor ataque de este tipo de su historia, haciendo sonar las sirenas en todo el pa\u00eds y a los residentes corriendo a los refugios antia\u00e9reos.<\/p>\n<p>Un video publicado en Internet mostraba a Lev Kreitman, que sirvi\u00f3 seis meses como reservista de las Fuerzas de Defensa de Israel en Gaza, disparando un arma contra un objetivo desconocido antes de huir. Las im\u00e1genes fueron grabadas desde un edificio cercano en Jaffa y en ellas aparece Kreitman vestido con una camiseta rosa, pantalones cortos blancos y chanclas.<\/p>\n<p>En otro video, se ve a Kreitman caminando en segundo plano entre soldados israel\u00edes que se encontraban en el lugar del ataque.<\/p>\n<p>En declaraciones al Canal 11, afiliado a la CNN, Kreitman dijo que portaba consigo su pistola personal tras su paso por las Fuerzas de Defensa de Israel (FDI).<\/p>\n<p>Ir\u00e1n ataca con misiles a Israel<\/p>\n<p>Al recordar el incidente del martes, record\u00f3 c\u00f3mo divis\u00f3 a lo que describi\u00f3 como &#171;dos terroristas&#187;, uno de los cuales se dirig\u00eda hacia \u00e9l.<\/p>\n<p>&#171;El otro va hacia otro lado, corre hacia otro lado, y yo estoy aqu\u00ed, justo donde estamos parados, lo sorprendo de costado, disparo&#187;, dijo Kreitman, agregando que comprendi\u00f3 de inmediato que se trataba de un ataque.<\/p>\n<p>&#171;Intent\u00e9 hacerlo lo mejor que pude en una situaci\u00f3n muy loca, entre alarmas, misiles e interceptaciones (de misiles) en el cielo&#187;, dijo.<\/p>\n<p>Servicios de emergencia israel\u00edes tras un ataque a tiros en Jaffa, Israel, el 1 de octubre de 2024. (Cr\u00e9dito: Ammar Awad\/Reuters).<\/p>\n<p>Kreitman sobrevivi\u00f3 al ataque de Hamas contra el festival de m\u00fasica Nova el 7 de octubre. El festival de m\u00fasica trance del desierto del N\u00e9guev, en el sur de Israel, fue uno de los objetivos del ataque del grupo militante, en el que murieron unas 1.200 personas y otras 250 fueron secuestradas y trasladadas a Gaza.<\/p>\n<p>La consiguiente guerra de Israel contra Hamas ha dejado a m\u00e1s de 41.000 muertos en Gaza, gener\u00f3 una cat\u00e1strofe humanitaria y dej\u00f3 en ruinas gran parte del enclave palestino.<\/p>\n<p>Horror en el desierto: asistentes a un festival de m\u00fasica escucharon cohetes, luego militantes de Gaza les dispararon y tomaron rehenes<\/p>\n<p>Sobreviviente del festival de m\u00fasica en Israel cuenta c\u00f3mo se vivi\u00f3 el horror 3:43<\/p>\n<p>La Polic\u00eda dijo este mi\u00e9rcoles que dos hombres armados hab\u00edan comenzado su &#171;matanza&#187; abriendo fuego contra los pasajeros de un tren ligero que se hab\u00eda detenido en una estaci\u00f3n de Jaffa. Despu\u00e9s continuaron su ataque a pie por el bulevar de Jerusal\u00e9n, seg\u00fan la Polic\u00eda.<\/p>\n<p>Los atacantes fueron detenidos por las fuerzas de seguridad y por civiles que utilizaron armas personales, a\u00f1adi\u00f3 la Polic\u00eda. &#171;Ten\u00edan en su poder un arma de tipo M-16, cartuchos y un cuchillo&#187;, dijo la Polic\u00eda en un comunicado.<\/p>\n<p>Los m\u00e9dicos dijeron que atendieron a las v\u00edctimas en varios lugares del bulevar de Jerusal\u00e9n, entre ellos cerca de las v\u00edas del tren, en la calle, en una sinagoga y en una carnicer\u00eda. Los heridos fueron trasladados a hospitales mientras sonaban las alarmas antia\u00e9reas en la regi\u00f3n y en todo Israel.<\/p>\n<p>Ofrendas florales y velas para los fallecidos en un ataque con armas de fuego y cuchillos el 2 de octubre de 2024 en Tel Aviv, Israel. (Cr\u00e9dito: Leon Neal\/Getty Images).<\/p>\n<p>Las autoridades israel\u00edes identificaron a los pistoleros como Muhammad Mask, de 19 a\u00f1os, que muri\u00f3 en el lugar de los hechos, y Ahmed Himoni, de 25 a\u00f1os, que result\u00f3 gravemente herido. Seg\u00fan la Polic\u00eda, ambos eran vecinos de Hebr\u00f3n, ciudad palestina de la Ribera Occidental ocupada.<\/p>\n<p>Hamas reivindic\u00f3 posteriormente la autor\u00eda del atentado.<\/p>\n<p>Tras el incidente, la Agencia de Seguridad de Israel y las Fuerzas de Defensa de Israel detuvieron a varios sospechosos acusados de ayudar a los pistoleros a comprar armas y entrar en Israel, seg\u00fan la Polic\u00eda.<\/p>\n<p>AN\u00c1LISIS | La guerra regional ya est\u00e1 efectivamente en curso. El siguiente paso de Israel ser\u00e1 crucial<\/p>\n<p>En un post en X, el ministro de Seguridad Nacional de Israel, Itamar Ben-Gvir, calific\u00f3 a Kreitman de &#171;h\u00e9roe que neutraliz\u00f3 el ataque&#187; en Jaffa y actu\u00f3 con &#171;valent\u00eda&#187; en el atentado del 7 de octubre, ya que &#171;salv\u00f3 a mucha gente&#187;. Ben-Gvir hizo un llamamiento para que m\u00e1s israel\u00edes se armen.<\/p>\n<p>El primer ministro de Israel, Benjamin Netanyahu, conden\u00f3 el atentado del martes y envi\u00f3 sus condolencias a las familias de los fallecidos.<\/p>\n<p>&#8211;Abeer Salman y Lauren Izso, de CNN, contribuyeron a la informaci\u00f3n.<\/p>\n<p>The-CNN-Wire<br \/>&trade; &amp; &copy; 2024 Cable News Network, Inc., a Warner Bros. Discovery Company. All rights reserved.<\/p>\n","protected":false},"excerpt":{"rendered":"<p>(CNN) &#8212; Un reservista israel\u00ed que sobrevivi\u00f3 a la masacre del festival Nova fue recibido como &#171;h\u00e9roe&#187; por el ministro de Seguridad de Israel, por enfrentarse a dos pistoleros responsables del tiroteo y apu\u00f1alamiento del martes en Tel Aviv. Siete personas murieron y 16 resultaron heridas en el ataque perpetrado en el bulevar Jerusal\u00e9n de [&hellip;]<\/p>\n","protected":false},"author":0,"featured_media":0,"comment_status":"open","ping_status":"open","sticky":false,"template":"","format":"standard","meta":{"_jetpack_memberships_contains_paid_content":false,"footnotes":""},"categories":[10],"tags":[],"class_list":["post-1454898","post","type-post","status-publish","format-standard","hentry","category-noticias-nacionales","market-global"],"yoast_head":"<!-- This site is optimized with the Yoast SEO plugin v24.4 - https:\/\/yoast.com\/wordpress\/plugins\/seo\/ -->\n<title>Un superviviente del festival de m\u00fasica del 7 de octubre, reservista de las FDI, aclamado como &quot;h\u00e9roe&quot; tras enfrentarse a los autores del atentado de Tel Aviv - Noticias<\/title>\n<meta name=\"robots\" content=\"index, follow, max-snippet:-1, max-image-preview:large, max-video-preview:-1\" \/>\n<link rel=\"canonical\" href=\"https:\/\/noticiasya.com\/2024\/10\/03\/tel-aviv-jaffa-ataque-heroe-superviviente-festival-nova-trax\/\" \/>\n<meta property=\"og:locale\" content=\"es_ES\" \/>\n<meta property=\"og:type\" content=\"article\" \/>\n<meta property=\"og:title\" content=\"Un superviviente del festival de m\u00fasica del 7 de octubre, reservista de las FDI, aclamado como &quot;h\u00e9roe&quot; tras enfrentarse a los autores del atentado de Tel Aviv - Noticias\" \/>\n<meta property=\"og:description\" content=\"(CNN) &#8212; Un reservista israel\u00ed que sobrevivi\u00f3 a la masacre del festival Nova fue recibido como &#171;h\u00e9roe&#187; por el ministro de Seguridad de Israel, por enfrentarse a dos pistoleros responsables del tiroteo y apu\u00f1alamiento del martes en Tel Aviv. Siete personas murieron y 16 resultaron heridas en el ataque perpetrado en el bulevar Jerusal\u00e9n de [&hellip;]\" \/>\n<meta property=\"og:url\" content=\"https:\/\/noticiasya.com\/2024\/10\/03\/tel-aviv-jaffa-ataque-heroe-superviviente-festival-nova-trax\/\" \/>\n<meta property=\"og:site_name\" content=\"Noticias\" \/>\n<meta property=\"article:published_time\" content=\"2024-10-03T08:03:50+00:00\" \/>\n<meta name=\"twitter:card\" content=\"summary_large_image\" \/>\n<meta name=\"twitter:label1\" content=\"Est. reading time\" \/>\n\t<meta name=\"twitter:data1\" content=\"4 minutos\" \/>\n<script type=\"application\/ld+json\" class=\"yoast-schema-graph\">{\"@context\":\"https:\/\/schema.org\",\"@graph\":[{\"@type\":\"Article\",\"@id\":\"https:\/\/noticiasya.com\/2024\/10\/03\/tel-aviv-jaffa-ataque-heroe-superviviente-festival-nova-trax\/#article\",\"isPartOf\":{\"@id\":\"https:\/\/noticiasya.com\/2024\/10\/03\/tel-aviv-jaffa-ataque-heroe-superviviente-festival-nova-trax\/\"},\"author\":{\"name\":\"\",\"@id\":\"\"},\"headline\":\"Un superviviente del festival de m\u00fasica del 7 de octubre, reservista de las FDI, aclamado como &#171;h\u00e9roe&#187; tras enfrentarse a los autores del atentado de Tel Aviv\",\"datePublished\":\"2024-10-03T08:03:50+00:00\",\"mainEntityOfPage\":{\"@id\":\"https:\/\/noticiasya.com\/2024\/10\/03\/tel-aviv-jaffa-ataque-heroe-superviviente-festival-nova-trax\/\"},\"wordCount\":898,\"commentCount\":0,\"publisher\":{\"@id\":\"https:\/\/noticiasya.com\/#organization\"},\"articleSection\":[\"Noticias Nacionales\"],\"inLanguage\":\"es\",\"potentialAction\":[{\"@type\":\"CommentAction\",\"name\":\"Comment\",\"target\":[\"https:\/\/noticiasya.com\/2024\/10\/03\/tel-aviv-jaffa-ataque-heroe-superviviente-festival-nova-trax\/#respond\"]}]},{\"@type\":\"WebPage\",\"@id\":\"https:\/\/noticiasya.com\/2024\/10\/03\/tel-aviv-jaffa-ataque-heroe-superviviente-festival-nova-trax\/\",\"url\":\"https:\/\/noticiasya.com\/2024\/10\/03\/tel-aviv-jaffa-ataque-heroe-superviviente-festival-nova-trax\/\",\"name\":\"Un superviviente del festival de m\u00fasica del 7 de octubre, reservista de las FDI, aclamado como \\\"h\u00e9roe\\\" tras enfrentarse a los autores del atentado de Tel Aviv - Noticias\",\"isPartOf\":{\"@id\":\"https:\/\/noticiasya.com\/#website\"},\"datePublished\":\"2024-10-03T08:03:50+00:00\",\"breadcrumb\":{\"@id\":\"https:\/\/noticiasya.com\/2024\/10\/03\/tel-aviv-jaffa-ataque-heroe-superviviente-festival-nova-trax\/#breadcrumb\"},\"inLanguage\":\"es\",\"potentialAction\":[{\"@type\":\"ReadAction\",\"target\":[\"https:\/\/noticiasya.com\/2024\/10\/03\/tel-aviv-jaffa-ataque-heroe-superviviente-festival-nova-trax\/\"]}]},{\"@type\":\"BreadcrumbList\",\"@id\":\"https:\/\/noticiasya.com\/2024\/10\/03\/tel-aviv-jaffa-ataque-heroe-superviviente-festival-nova-trax\/#breadcrumb\",\"itemListElement\":[{\"@type\":\"ListItem\",\"position\":1,\"name\":\"Home\",\"item\":\"https:\/\/noticiasya.com\/\"},{\"@type\":\"ListItem\",\"position\":2,\"name\":\"Un superviviente del festival de m\u00fasica del 7 de octubre, reservista de las FDI, aclamado como &#171;h\u00e9roe&#187; tras enfrentarse a los autores del atentado de Tel Aviv\"}]},{\"@type\":\"WebSite\",\"@id\":\"https:\/\/noticiasya.com\/#website\",\"url\":\"https:\/\/noticiasya.com\/\",\"name\":\"Noticias\",\"description\":\"Lo que importa\",\"publisher\":{\"@id\":\"https:\/\/noticiasya.com\/#organization\"},\"potentialAction\":[{\"@type\":\"SearchAction\",\"target\":{\"@type\":\"EntryPoint\",\"urlTemplate\":\"https:\/\/noticiasya.com\/?s={search_term_string}\"},\"query-input\":{\"@type\":\"PropertyValueSpecification\",\"valueRequired\":true,\"valueName\":\"search_term_string\"}}],\"inLanguage\":\"es\"},{\"@type\":\"Organization\",\"@id\":\"https:\/\/noticiasya.com\/#organization\",\"name\":\"Noticias\",\"url\":\"https:\/\/noticiasya.com\/\",\"logo\":{\"@type\":\"ImageObject\",\"inLanguage\":\"es\",\"@id\":\"https:\/\/noticiasya.com\/#\/schema\/logo\/image\/\",\"url\":\"https:\/\/noticiasya.com\/wp-content\/uploads\/sites\/22\/2023\/12\/logo-nacional.png\",\"contentUrl\":\"https:\/\/noticiasya.com\/wp-content\/uploads\/sites\/22\/2023\/12\/logo-nacional.png\",\"width\":1801,\"height\":691,\"caption\":\"Noticias\"},\"image\":{\"@id\":\"https:\/\/noticiasya.com\/#\/schema\/logo\/image\/\"}}]}<\/script>\n<!-- \/ Yoast SEO plugin. -->","yoast_head_json":{"title":"Un superviviente del festival de m\u00fasica del 7 de octubre, reservista de las FDI, aclamado como \"h\u00e9roe\" tras enfrentarse a los autores del atentado de Tel Aviv - Noticias","robots":{"index":"index","follow":"follow","max-snippet":"max-snippet:-1","max-image-preview":"max-image-preview:large","max-video-preview":"max-video-preview:-1"},"canonical":"https:\/\/noticiasya.com\/2024\/10\/03\/tel-aviv-jaffa-ataque-heroe-superviviente-festival-nova-trax\/","og_locale":"es_ES","og_type":"article","og_title":"Un superviviente del festival de m\u00fasica del 7 de octubre, reservista de las FDI, aclamado como \"h\u00e9roe\" tras enfrentarse a los autores del atentado de Tel Aviv - Noticias","og_description":"(CNN) &#8212; Un reservista israel\u00ed que sobrevivi\u00f3 a la masacre del festival Nova fue recibido como &#171;h\u00e9roe&#187; por el ministro de Seguridad de Israel, por enfrentarse a dos pistoleros responsables del tiroteo y apu\u00f1alamiento del martes en Tel Aviv. Siete personas murieron y 16 resultaron heridas en el ataque perpetrado en el bulevar Jerusal\u00e9n de [&hellip;]","og_url":"https:\/\/noticiasya.com\/2024\/10\/03\/tel-aviv-jaffa-ataque-heroe-superviviente-festival-nova-trax\/","og_site_name":"Noticias","article_published_time":"2024-10-03T08:03:50+00:00","twitter_card":"summary_large_image","twitter_misc":{"Est. reading time":"4 minutos"},"schema":{"@context":"https:\/\/schema.org","@graph":[{"@type":"Article","@id":"https:\/\/noticiasya.com\/2024\/10\/03\/tel-aviv-jaffa-ataque-heroe-superviviente-festival-nova-trax\/#article","isPartOf":{"@id":"https:\/\/noticiasya.com\/2024\/10\/03\/tel-aviv-jaffa-ataque-heroe-superviviente-festival-nova-trax\/"},"author":{"name":"","@id":""},"headline":"Un superviviente del festival de m\u00fasica del 7 de octubre, reservista de las FDI, aclamado como &#171;h\u00e9roe&#187; tras enfrentarse a los autores del atentado de Tel Aviv","datePublished":"2024-10-03T08:03:50+00:00","mainEntityOfPage":{"@id":"https:\/\/noticiasya.com\/2024\/10\/03\/tel-aviv-jaffa-ataque-heroe-superviviente-festival-nova-trax\/"},"wordCount":898,"commentCount":0,"publisher":{"@id":"https:\/\/noticiasya.com\/#organization"},"articleSection":["Noticias Nacionales"],"inLanguage":"es","potentialAction":[{"@type":"CommentAction","name":"Comment","target":["https:\/\/noticiasya.com\/2024\/10\/03\/tel-aviv-jaffa-ataque-heroe-superviviente-festival-nova-trax\/#respond"]}]},{"@type":"WebPage","@id":"https:\/\/noticiasya.com\/2024\/10\/03\/tel-aviv-jaffa-ataque-heroe-superviviente-festival-nova-trax\/","url":"https:\/\/noticiasya.com\/2024\/10\/03\/tel-aviv-jaffa-ataque-heroe-superviviente-festival-nova-trax\/","name":"Un superviviente del festival de m\u00fasica del 7 de octubre, reservista de las FDI, aclamado como \"h\u00e9roe\" tras enfrentarse a los autores del atentado de Tel Aviv - Noticias","isPartOf":{"@id":"https:\/\/noticiasya.com\/#website"},"datePublished":"2024-10-03T08:03:50+00:00","breadcrumb":{"@id":"https:\/\/noticiasya.com\/2024\/10\/03\/tel-aviv-jaffa-ataque-heroe-superviviente-festival-nova-trax\/#breadcrumb"},"inLanguage":"es","potentialAction":[{"@type":"ReadAction","target":["https:\/\/noticiasya.com\/2024\/10\/03\/tel-aviv-jaffa-ataque-heroe-superviviente-festival-nova-trax\/"]}]},{"@type":"BreadcrumbList","@id":"https:\/\/noticiasya.com\/2024\/10\/03\/tel-aviv-jaffa-ataque-heroe-superviviente-festival-nova-trax\/#breadcrumb","itemListElement":[{"@type":"ListItem","position":1,"name":"Home","item":"https:\/\/noticiasya.com\/"},{"@type":"ListItem","position":2,"name":"Un superviviente del festival de m\u00fasica del 7 de octubre, reservista de las FDI, aclamado como &#171;h\u00e9roe&#187; tras enfrentarse a los autores del atentado de Tel Aviv"}]},{"@type":"WebSite","@id":"https:\/\/noticiasya.com\/#website","url":"https:\/\/noticiasya.com\/","name":"Noticias","description":"Lo que importa","publisher":{"@id":"https:\/\/noticiasya.com\/#organization"},"potentialAction":[{"@type":"SearchAction","target":{"@type":"EntryPoint","urlTemplate":"https:\/\/noticiasya.com\/?s={search_term_string}"},"query-input":{"@type":"PropertyValueSpecification","valueRequired":true,"valueName":"search_term_string"}}],"inLanguage":"es"},{"@type":"Organization","@id":"https:\/\/noticiasya.com\/#organization","name":"Noticias","url":"https:\/\/noticiasya.com\/","logo":{"@type":"ImageObject","inLanguage":"es","@id":"https:\/\/noticiasya.com\/#\/schema\/logo\/image\/","url":"https:\/\/noticiasya.com\/wp-content\/uploads\/sites\/22\/2023\/12\/logo-nacional.png","contentUrl":"https:\/\/noticiasya.com\/wp-content\/uploads\/sites\/22\/2023\/12\/logo-nacional.png","width":1801,"height":691,"caption":"Noticias"},"image":{"@id":"https:\/\/noticiasya.com\/#\/schema\/logo\/image\/"}}]}},"parsely":{"version":"1.1.0","canonical_url":"https:\/\/noticiasya.com\/midland-odessa\/2024\/10\/03\/tel-aviv-jaffa-ataque-heroe-superviviente-festival-nova-trax\/","smart_links":{"inbound":0,"outbound":0},"traffic_boost_suggestions_count":0,"meta":{"@context":"https:\/\/schema.org","@type":"NewsArticle","headline":"Un superviviente del festival de m\u00fasica del 7 de octubre, reservista de las FDI, aclamado como &#171;h\u00e9roe&#187; tras enfrentarse a los autores del atentado de Tel Aviv","url":"http:\/\/noticiasya.com\/midland-odessa\/2024\/10\/03\/tel-aviv-jaffa-ataque-heroe-superviviente-festival-nova-trax\/","mainEntityOfPage":{"@type":"WebPage","@id":"http:\/\/noticiasya.com\/midland-odessa\/2024\/10\/03\/tel-aviv-jaffa-ataque-heroe-superviviente-festival-nova-trax\/"},"thumbnailUrl":"","image":{"@type":"ImageObject","url":""},"articleSection":"Noticias Nacionales","author":[],"creator":[],"publisher":{"@type":"Organization","name":"Noticias","logo":""},"keywords":[],"dateCreated":"2024-10-03T08:03:50Z","datePublished":"2024-10-03T08:03:50Z","dateModified":"2024-10-03T08:03:50Z"},"rendered":"<script type=\"application\/ld+json\" class=\"wp-parsely-metadata\">{\"@context\":\"https:\\\/\\\/schema.org\",\"@type\":\"NewsArticle\",\"headline\":\"Un superviviente del festival de m\\u00fasica del 7 de octubre, reservista de las FDI, aclamado como &#171;h\\u00e9roe&#187; tras enfrentarse a los autores del atentado de Tel Aviv\",\"url\":\"http:\\\/\\\/noticiasya.com\\\/midland-odessa\\\/2024\\\/10\\\/03\\\/tel-aviv-jaffa-ataque-heroe-superviviente-festival-nova-trax\\\/\",\"mainEntityOfPage\":{\"@type\":\"WebPage\",\"@id\":\"http:\\\/\\\/noticiasya.com\\\/midland-odessa\\\/2024\\\/10\\\/03\\\/tel-aviv-jaffa-ataque-heroe-superviviente-festival-nova-trax\\\/\"},\"thumbnailUrl\":\"\",\"image\":{\"@type\":\"ImageObject\",\"url\":\"\"},\"articleSection\":\"Noticias Nacionales\",\"author\":[],\"creator\":[],\"publisher\":{\"@type\":\"Organization\",\"name\":\"Noticias\",\"logo\":\"\"},\"keywords\":[],\"dateCreated\":\"2024-10-03T08:03:50Z\",\"datePublished\":\"2024-10-03T08:03:50Z\",\"dateModified\":\"2024-10-03T08:03:50Z\"}<\/script>","tracker_url":"https:\/\/cdn.parsely.com\/keys\/noticiasya.com\/p.js"},"jetpack_featured_media_url":"","jetpack-related-posts":[{"id":1456827,"url":"https:\/\/noticiasya.com\/midland-odessa\/2024\/12\/21\/proyectil-lanzado-yemen-alcanza-tel-aviv-jaffa-trax\/","url_meta":{"origin":1454898,"position":0},"title":"Un proyectil disparado desde Yemen alcanza Tel Aviv, seg\u00fan las autoridades israel\u00edes","author":"","date":"diciembre 21, 2024","format":false,"excerpt":"Un proyectil disparado desde Yemen alcanz\u00f3 Tel Aviv durante la madrugada de este s\u00e1bado, seg\u00fan informaron las autoridades israel\u00edes, en un raro caso de interceptaci\u00f3n fallida sobre la ciudad.El proyectil cay\u00f3 en la zona de Jaffa, en el sur de Tel Aviv, informaron las Fuerzas de Defensa de Israel, que\u2026","rel":"","context":"In &quot;Noticias Nacionales&quot;","block_context":{"text":"Noticias Nacionales","link":"https:\/\/noticiasya.com\/midland-odessa\/categoria\/noticias-nacionales"},"img":{"alt_text":"","src":"","width":0,"height":0},"classes":[]},{"id":1451284,"url":"https:\/\/noticiasya.com\/midland-odessa\/2024\/07\/20\/ataques-aereos-israel-huties-hodeidah-yemen-trax\/","url_meta":{"origin":1454898,"position":1},"title":"Israel lanza ataques a\u00e9reos contra los hut\u00edes de Yemen, un d\u00eda despu\u00e9s del mortal ataque con aviones no tripulados en Tel Aviv","author":"","date":"julio 20, 2024","format":false,"excerpt":"(CNN) -- Una serie de ataques a\u00e9reos israel\u00edes tuvieron como objetivo a los rebeldes hut\u00edes en Yemen este s\u00e1bado, un d\u00eda despu\u00e9s de que el grupo respaldado por Ir\u00e1n reivindicara un ataque mortal contra la ciudad israel\u00ed de Tel Aviv.\"Hace poco, aviones de combate de las FDI atacaron objetivos militares\u2026","rel":"","context":"In &quot;Noticias Nacionales&quot;","block_context":{"text":"Noticias Nacionales","link":"https:\/\/noticiasya.com\/midland-odessa\/categoria\/noticias-nacionales"},"img":{"alt_text":"","src":"","width":0,"height":0},"classes":[]},{"id":1451970,"url":"https:\/\/noticiasya.com\/midland-odessa\/2024\/08\/19\/autoridades-israelies-declaran-ataque-terrorista-explosion-en-tel-aviv-trax\/","url_meta":{"origin":1454898,"position":2},"title":"Autoridades israel\u00edes declaran &#171;ataque terrorista&#187; explosi\u00f3n en Tel Aviv","author":"","date":"agosto 19, 2024","format":false,"excerpt":"(CNN) --La Polic\u00eda israel\u00ed y el Shin Bet, la agencia de seguridad interior de Israel, declararon como ataque terrorista una explosi\u00f3n ocurrida este domingo por la noche en Tel Aviv.\u201cEste fue un ataque terrorista que implic\u00f3 la explosi\u00f3n de un poderoso explosivo\u201d, dijeron el lunes la Unidad del Portavoz de\u2026","rel":"","context":"In &quot;Noticias Nacionales&quot;","block_context":{"text":"Noticias Nacionales","link":"https:\/\/noticiasya.com\/midland-odessa\/categoria\/noticias-nacionales"},"img":{"alt_text":"","src":"","width":0,"height":0},"classes":[]},{"id":1453039,"url":"https:\/\/noticiasya.com\/midland-odessa\/2024\/09\/25\/israel-misil-balistico-hezbolla-tel-aviv-trax\/","url_meta":{"origin":1454898,"position":3},"title":"Israel intercepta un misil bal\u00edstico de Hezbollah cerca de Tel Aviv en el primer ataque de este tipo","author":"","date":"septiembre 25, 2024","format":false,"excerpt":"(CNN) -- Israel intercept\u00f3 un misil disparado por Hezbollah cerca de Tel Aviv este mi\u00e9rcoles, un ataque sin precedentes del grupo militante que lleg\u00f3 profundamente a los centros comerciales del pa\u00eds y marc\u00f3 un nuevo paso en la escalada del conflicto entre las dos partes.Los habitantes de Tel Aviv y\u2026","rel":"","context":"In &quot;Noticias Nacionales&quot;","block_context":{"text":"Noticias Nacionales","link":"https:\/\/noticiasya.com\/midland-odessa\/categoria\/noticias-nacionales"},"img":{"alt_text":"","src":"","width":0,"height":0},"classes":[]},{"id":1461957,"url":"https:\/\/noticiasya.com\/midland-odessa\/2025\/05\/04\/israel-misil-huties-aeropuerto-estados-unidos-trax\/","url_meta":{"origin":1454898,"position":4},"title":"Israel no logra interceptar misil hut\u00ed lanzado al aeropuerto de Tel Aviv, revelando l\u00edmites de EE.UU. para debilitar al grupo","author":"","date":"mayo 4, 2025","format":false,"excerpt":"La intercepci\u00f3n fallida de un misil disparado desde Yemen oblig\u00f3 a Israel a cerrar brevemente su principal aeropuerto internacional este domingo, lo que expuso las vulnerabilidades del pa\u00eds y la continua capacidad de los rebeldes hut\u00edes para atacar objetivos distantes a pesar de la sostenida campa\u00f1a militar estadounidense.Los vuelos se\u2026","rel":"","context":"In &quot;Noticias Nacionales&quot;","block_context":{"text":"Noticias Nacionales","link":"https:\/\/noticiasya.com\/midland-odessa\/categoria\/noticias-nacionales"},"img":{"alt_text":"","src":"","width":0,"height":0},"classes":[]},{"id":1462005,"url":"https:\/\/noticiasya.com\/midland-odessa\/2025\/05\/05\/israel-ataca-yemen-dia-despues-ataque-aeropuerto-tel-aviv-trax\/","url_meta":{"origin":1454898,"position":5},"title":"Israel ataca objetivos en Yemen por primera vez en meses, un d\u00eda despu\u00e9s del ataque al aeropuerto de Tel Aviv","author":"","date":"mayo 5, 2025","format":false,"excerpt":"Israel atac\u00f3 objetivos en Yemen la noche del lunes, seg\u00fan informaron las Fuerzas Armadas israel\u00edes, un d\u00eda despu\u00e9s de que los hut\u00edes respaldados por Ir\u00e1n lanzaran un misil bal\u00edstico que impact\u00f3 el principal aeropuerto de Israel.El primer ministro israel\u00ed, Benjamin Netanyahu, hab\u00eda prometido tomar represalias en el momento y lugar\u2026","rel":"","context":"In &quot;Noticias Nacionales&quot;","block_context":{"text":"Noticias Nacionales","link":"https:\/\/noticiasya.com\/midland-odessa\/categoria\/noticias-nacionales"},"img":{"alt_text":"","src":"","width":0,"height":0},"classes":[]}],"jetpack_sharing_enabled":true,"_links":{"self":[{"href":"https:\/\/noticiasya.com\/midland-odessa\/wp-json\/wp\/v2\/posts\/1454898","targetHints":{"allow":["GET"]}}],"collection":[{"href":"https:\/\/noticiasya.com\/midland-odessa\/wp-json\/wp\/v2\/posts"}],"about":[{"href":"https:\/\/noticiasya.com\/midland-odessa\/wp-json\/wp\/v2\/types\/post"}],"replies":[{"embeddable":true,"href":"https:\/\/noticiasya.com\/midland-odessa\/wp-json\/wp\/v2\/comments?post=1454898"}],"version-history":[{"count":0,"href":"https:\/\/noticiasya.com\/midland-odessa\/wp-json\/wp\/v2\/posts\/1454898\/revisions"}],"wp:attachment":[{"href":"https:\/\/noticiasya.com\/midland-odessa\/wp-json\/wp\/v2\/media?parent=1454898"}],"wp:term":[{"taxonomy":"category","embeddable":true,"href":"https:\/\/noticiasya.com\/midland-odessa\/wp-json\/wp\/v2\/categories?post=1454898"},{"taxonomy":"post_tag","embeddable":true,"href":"https:\/\/noticiasya.com\/midland-odessa\/wp-json\/wp\/v2\/tags?post=1454898"}],"curies":[{"name":"wp","href":"https:\/\/api.w.org\/{rel}","templated":true}]}}