{"id":1454899,"date":"2024-10-03T01:03:50","date_gmt":"2024-10-03T08:03:50","guid":{"rendered":"https:\/\/noticiasya.com\/2024\/10\/03\/trump-revocaria-estatus-proteccion-temporal-inmigrantes-haitianos-springfield-si-es-elegido-trax\/"},"modified":"2024-10-03T01:03:50","modified_gmt":"2024-10-03T08:03:50","slug":"trump-revocaria-estatus-proteccion-temporal-inmigrantes-haitianos-springfield-si-es-elegido-trax","status":"publish","type":"post","link":"https:\/\/noticiasya.com\/midland-odessa\/2024\/10\/03\/trump-revocaria-estatus-proteccion-temporal-inmigrantes-haitianos-springfield-si-es-elegido-trax\/","title":{"rendered":"Trump dice que revocar\u00eda el Estatus de Protecci\u00f3n Temporal para inmigrantes haitianos en Springfield si es elegido"},"content":{"rendered":"<p>(CNN) &#8212; El expresidente Donald Trump dijo este mi\u00e9rcoles que revocar\u00eda el Estatus de Protecci\u00f3n Temporal para los inmigrantes haitianos en Springfield, Ohio, y los deportar\u00eda si es reelegido en noviembre.<\/p>\n<p>&#171;Hay que sacar a la gente y traerla de vuelta a su propio pa\u00eds. En mi opini\u00f3n, eso no es legal&#187;, dijo Trump en una entrevista con NewsNation.<\/p>\n<p>Cuando se le pregunt\u00f3 a Trump si revocar\u00eda el Estatus de Protecci\u00f3n Temporal de los inmigrantes, dijo: \u201cAbsolutamente. Lo revocar\u00eda y los traer\u00eda de regreso a su pa\u00eds\u201d.<\/p>\n<p>El expresidente y sus aliados siguieron difundiendo informaci\u00f3n err\u00f3nea sobre los migrantes haitianos en la ciudad de Springfield.<\/p>\n<p>Estatus de Protecci\u00f3n Temporal (TPS): qu\u00e9 es, qui\u00e9n es elegible, precio y c\u00f3mo solicitar<\/p>\n<p>Muchos haitianos llegaron al pa\u00eds bajo un programa de libertad condicional de la administraci\u00f3n Biden-Harris que otorga permiso de entrada a participantes examinados con patrocinadores estadounidenses. Y muchos tienen &#187; Estatus de Protecci\u00f3n Temporal &#171;, como inform\u00f3 anteriormente CNN , que los protege de la deportaci\u00f3n y les permite vivir y trabajar en el pa\u00eds durante un per\u00edodo de tiempo limitado.<\/p>\n<p>Algunos recibieron esa protecci\u00f3n despu\u00e9s de que la administraci\u00f3n Biden-Harris ampliara el n\u00famero de haitianos elegibles en junio. Otros han estado viviendo en Estados Unidos con el Estatus de Protecci\u00f3n Temporal desde antes de la administraci\u00f3n Biden-Harris .<\/p>\n<p>Trump, presionado en la entrevista este mi\u00e9rcoles sobre qu\u00e9 suceder\u00eda si Hait\u00ed se niega a recibirlos, dijo: \u201cLo har\u00e1n\u201d, sin proporcionar detalles adicionales.<\/p>\n<p>Cientos de haitianos huyeron de su pa\u00eds en busca de paz. Ahora, muchos la est\u00e1n viendo interrumpida en Springfield<\/p>\n<p>\u201cBueno, los van a recibir, los van a recibir. Si los traigo de vuelta, los van a recibir\u201d, dijo Trump.<\/p>\n<p>Durante la administraci\u00f3n Trump, el Departamento de Seguridad Nacional fue agresivo al poner fin a una serie de designaciones de estatus de protecci\u00f3n temporal que hab\u00edan estado vigentes, en algunos casos, durante d\u00e9cadas.<\/p>\n<p>En las \u00faltimas semanas, Trump ha difundido teor\u00edas conspirativas desacreditadas sobre inmigrantes haitianos que comen mascotas en Springfield, incluso en el debate presidencial del mes pasado , como parte de sus esfuerzos por avivar los temores sobre los inmigrantes e impulsar sus propuestas de pol\u00edtica migratoria de l\u00ednea dura, incluidas las deportaciones masivas.<\/p>\n<p>Desde el debate del 10 de septiembre hasta el 20 de septiembre, Springfield recibi\u00f3 m\u00e1s de 35 amenazas de violencia, incluidas amenazas de bomba, seg\u00fan el alcalde de Springfield, Rob Rue. Las amenazas provocaron evacuaciones de escuelas primarias y supermercados, cierres de hospitales y una transici\u00f3n al aprendizaje remoto en varias universidades locales.<\/p>\n<p>Tras dichos de Trump, alcalde de Springfield proclama poderes de emergencia por preocupaciones de seguridad p\u00fablica<\/p>\n<p>El gobernador republicano de Rue, Ohio, Mike DeWine, y otros funcionarios locales denunciaron los rumores como falsos y destructivos para la comunidad. A principios del mes pasado, el administrador de la ciudad de Springfield, Bryan Heck, le dijo a un miembro del personal del senador JD Vance, compa\u00f1ero de f\u00f3rmula de Trump que ayud\u00f3 a impulsar la desinformaci\u00f3n, que &#171;no hab\u00eda pruebas verificables ni informes que demostraran&#187; que los rumores fueran ciertos, inform\u00f3 CNN.<\/p>\n<p>La ciudad de Springfield se\u00f1ala en su sitio web que aproximadamente entre 12.000 y 15.000 inmigrantes viven en el condado de Clark, que tiene una poblaci\u00f3n de aproximadamente 136.000 habitantes, y que los inmigrantes haitianos est\u00e1n all\u00ed legalmente.<\/p>\n<p>Los trabajadores haitianos desempe\u00f1an un papel importante en la econom\u00eda de Springfield, ya que ocupan puestos de trabajo muy necesarios, seg\u00fan afirm\u00f3 la ciudad. DeWine reconoci\u00f3 que la ciudad tuvo algunos problemas para adaptarse a la afluencia de inmigrantes, en su mayor\u00eda haitianos, pero dijo en una entrevista el mes pasado que estaban trabajando para solucionar los problemas y calific\u00f3 a los inmigrantes haitianos como &#171;influencias positivas&#187; en la comunidad.<\/p>\n<p>&#8211;Jack Forrest, Daniel Dale, Danya Gainor, Catherine E. Shoichet , Elizabeth Wolfe, Melissa Alonso , Jeff Winter y Chelsea Bailey de CNN contribuyeron a este informe.<\/p>\n<p>The-CNN-Wire<br \/>&trade; &amp; &copy; 2024 Cable News Network, Inc., a Warner Bros. Discovery Company. All rights reserved.<\/p>\n","protected":false},"excerpt":{"rendered":"<p>(CNN) &#8212; El expresidente Donald Trump dijo este mi\u00e9rcoles que revocar\u00eda el Estatus de Protecci\u00f3n Temporal para los inmigrantes haitianos en Springfield, Ohio, y los deportar\u00eda si es reelegido en noviembre. &#171;Hay que sacar a la gente y traerla de vuelta a su propio pa\u00eds. En mi opini\u00f3n, eso no es legal&#187;, dijo Trump en [&hellip;]<\/p>\n","protected":false},"author":0,"featured_media":0,"comment_status":"open","ping_status":"open","sticky":false,"template":"","format":"standard","meta":{"_jetpack_memberships_contains_paid_content":false,"footnotes":""},"categories":[10],"tags":[],"class_list":["post-1454899","post","type-post","status-publish","format-standard","hentry","category-noticias-nacionales","market-global"],"yoast_head":"<!-- This site is optimized with the Yoast SEO plugin v24.4 - https:\/\/yoast.com\/wordpress\/plugins\/seo\/ -->\n<title>Trump dice que revocar\u00eda el Estatus de Protecci\u00f3n Temporal para inmigrantes haitianos en Springfield si es elegido - Noticias<\/title>\n<meta name=\"robots\" content=\"index, follow, max-snippet:-1, max-image-preview:large, max-video-preview:-1\" \/>\n<link rel=\"canonical\" href=\"https:\/\/noticiasya.com\/2024\/10\/03\/trump-revocaria-estatus-proteccion-temporal-inmigrantes-haitianos-springfield-si-es-elegido-trax\/\" \/>\n<meta property=\"og:locale\" content=\"es_ES\" \/>\n<meta property=\"og:type\" content=\"article\" \/>\n<meta property=\"og:title\" content=\"Trump dice que revocar\u00eda el Estatus de Protecci\u00f3n Temporal para inmigrantes haitianos en Springfield si es elegido - Noticias\" \/>\n<meta property=\"og:description\" content=\"(CNN) &#8212; El expresidente Donald Trump dijo este mi\u00e9rcoles que revocar\u00eda el Estatus de Protecci\u00f3n Temporal para los inmigrantes haitianos en Springfield, Ohio, y los deportar\u00eda si es reelegido en noviembre. &#171;Hay que sacar a la gente y traerla de vuelta a su propio pa\u00eds. En mi opini\u00f3n, eso no es legal&#187;, dijo Trump en [&hellip;]\" \/>\n<meta property=\"og:url\" content=\"https:\/\/noticiasya.com\/2024\/10\/03\/trump-revocaria-estatus-proteccion-temporal-inmigrantes-haitianos-springfield-si-es-elegido-trax\/\" \/>\n<meta property=\"og:site_name\" content=\"Noticias\" \/>\n<meta property=\"article:published_time\" content=\"2024-10-03T08:03:50+00:00\" \/>\n<meta name=\"twitter:card\" content=\"summary_large_image\" \/>\n<meta name=\"twitter:label1\" content=\"Est. reading time\" \/>\n\t<meta name=\"twitter:data1\" content=\"3 minutos\" \/>\n<script type=\"application\/ld+json\" class=\"yoast-schema-graph\">{\"@context\":\"https:\/\/schema.org\",\"@graph\":[{\"@type\":\"Article\",\"@id\":\"https:\/\/noticiasya.com\/2024\/10\/03\/trump-revocaria-estatus-proteccion-temporal-inmigrantes-haitianos-springfield-si-es-elegido-trax\/#article\",\"isPartOf\":{\"@id\":\"https:\/\/noticiasya.com\/2024\/10\/03\/trump-revocaria-estatus-proteccion-temporal-inmigrantes-haitianos-springfield-si-es-elegido-trax\/\"},\"author\":{\"name\":\"\",\"@id\":\"\"},\"headline\":\"Trump dice que revocar\u00eda el Estatus de Protecci\u00f3n Temporal para inmigrantes haitianos en Springfield si es elegido\",\"datePublished\":\"2024-10-03T08:03:50+00:00\",\"mainEntityOfPage\":{\"@id\":\"https:\/\/noticiasya.com\/2024\/10\/03\/trump-revocaria-estatus-proteccion-temporal-inmigrantes-haitianos-springfield-si-es-elegido-trax\/\"},\"wordCount\":720,\"commentCount\":0,\"publisher\":{\"@id\":\"https:\/\/noticiasya.com\/#organization\"},\"articleSection\":[\"Noticias Nacionales\"],\"inLanguage\":\"es\",\"potentialAction\":[{\"@type\":\"CommentAction\",\"name\":\"Comment\",\"target\":[\"https:\/\/noticiasya.com\/2024\/10\/03\/trump-revocaria-estatus-proteccion-temporal-inmigrantes-haitianos-springfield-si-es-elegido-trax\/#respond\"]}]},{\"@type\":\"WebPage\",\"@id\":\"https:\/\/noticiasya.com\/2024\/10\/03\/trump-revocaria-estatus-proteccion-temporal-inmigrantes-haitianos-springfield-si-es-elegido-trax\/\",\"url\":\"https:\/\/noticiasya.com\/2024\/10\/03\/trump-revocaria-estatus-proteccion-temporal-inmigrantes-haitianos-springfield-si-es-elegido-trax\/\",\"name\":\"Trump dice que revocar\u00eda el Estatus de Protecci\u00f3n Temporal para inmigrantes haitianos en Springfield si es elegido - Noticias\",\"isPartOf\":{\"@id\":\"https:\/\/noticiasya.com\/#website\"},\"datePublished\":\"2024-10-03T08:03:50+00:00\",\"breadcrumb\":{\"@id\":\"https:\/\/noticiasya.com\/2024\/10\/03\/trump-revocaria-estatus-proteccion-temporal-inmigrantes-haitianos-springfield-si-es-elegido-trax\/#breadcrumb\"},\"inLanguage\":\"es\",\"potentialAction\":[{\"@type\":\"ReadAction\",\"target\":[\"https:\/\/noticiasya.com\/2024\/10\/03\/trump-revocaria-estatus-proteccion-temporal-inmigrantes-haitianos-springfield-si-es-elegido-trax\/\"]}]},{\"@type\":\"BreadcrumbList\",\"@id\":\"https:\/\/noticiasya.com\/2024\/10\/03\/trump-revocaria-estatus-proteccion-temporal-inmigrantes-haitianos-springfield-si-es-elegido-trax\/#breadcrumb\",\"itemListElement\":[{\"@type\":\"ListItem\",\"position\":1,\"name\":\"Home\",\"item\":\"https:\/\/noticiasya.com\/\"},{\"@type\":\"ListItem\",\"position\":2,\"name\":\"Trump dice que revocar\u00eda el Estatus de Protecci\u00f3n Temporal para inmigrantes haitianos en Springfield si es elegido\"}]},{\"@type\":\"WebSite\",\"@id\":\"https:\/\/noticiasya.com\/#website\",\"url\":\"https:\/\/noticiasya.com\/\",\"name\":\"Noticias\",\"description\":\"Lo que importa\",\"publisher\":{\"@id\":\"https:\/\/noticiasya.com\/#organization\"},\"potentialAction\":[{\"@type\":\"SearchAction\",\"target\":{\"@type\":\"EntryPoint\",\"urlTemplate\":\"https:\/\/noticiasya.com\/?s={search_term_string}\"},\"query-input\":{\"@type\":\"PropertyValueSpecification\",\"valueRequired\":true,\"valueName\":\"search_term_string\"}}],\"inLanguage\":\"es\"},{\"@type\":\"Organization\",\"@id\":\"https:\/\/noticiasya.com\/#organization\",\"name\":\"Noticias\",\"url\":\"https:\/\/noticiasya.com\/\",\"logo\":{\"@type\":\"ImageObject\",\"inLanguage\":\"es\",\"@id\":\"https:\/\/noticiasya.com\/#\/schema\/logo\/image\/\",\"url\":\"https:\/\/noticiasya.com\/wp-content\/uploads\/sites\/22\/2023\/12\/logo-nacional.png\",\"contentUrl\":\"https:\/\/noticiasya.com\/wp-content\/uploads\/sites\/22\/2023\/12\/logo-nacional.png\",\"width\":1801,\"height\":691,\"caption\":\"Noticias\"},\"image\":{\"@id\":\"https:\/\/noticiasya.com\/#\/schema\/logo\/image\/\"}}]}<\/script>\n<!-- \/ Yoast SEO plugin. -->","yoast_head_json":{"title":"Trump dice que revocar\u00eda el Estatus de Protecci\u00f3n Temporal para inmigrantes haitianos en Springfield si es elegido - Noticias","robots":{"index":"index","follow":"follow","max-snippet":"max-snippet:-1","max-image-preview":"max-image-preview:large","max-video-preview":"max-video-preview:-1"},"canonical":"https:\/\/noticiasya.com\/2024\/10\/03\/trump-revocaria-estatus-proteccion-temporal-inmigrantes-haitianos-springfield-si-es-elegido-trax\/","og_locale":"es_ES","og_type":"article","og_title":"Trump dice que revocar\u00eda el Estatus de Protecci\u00f3n Temporal para inmigrantes haitianos en Springfield si es elegido - Noticias","og_description":"(CNN) &#8212; El expresidente Donald Trump dijo este mi\u00e9rcoles que revocar\u00eda el Estatus de Protecci\u00f3n Temporal para los inmigrantes haitianos en Springfield, Ohio, y los deportar\u00eda si es reelegido en noviembre. &#171;Hay que sacar a la gente y traerla de vuelta a su propio pa\u00eds. En mi opini\u00f3n, eso no es legal&#187;, dijo Trump en [&hellip;]","og_url":"https:\/\/noticiasya.com\/2024\/10\/03\/trump-revocaria-estatus-proteccion-temporal-inmigrantes-haitianos-springfield-si-es-elegido-trax\/","og_site_name":"Noticias","article_published_time":"2024-10-03T08:03:50+00:00","twitter_card":"summary_large_image","twitter_misc":{"Est. reading time":"3 minutos"},"schema":{"@context":"https:\/\/schema.org","@graph":[{"@type":"Article","@id":"https:\/\/noticiasya.com\/2024\/10\/03\/trump-revocaria-estatus-proteccion-temporal-inmigrantes-haitianos-springfield-si-es-elegido-trax\/#article","isPartOf":{"@id":"https:\/\/noticiasya.com\/2024\/10\/03\/trump-revocaria-estatus-proteccion-temporal-inmigrantes-haitianos-springfield-si-es-elegido-trax\/"},"author":{"name":"","@id":""},"headline":"Trump dice que revocar\u00eda el Estatus de Protecci\u00f3n Temporal para inmigrantes haitianos en Springfield si es elegido","datePublished":"2024-10-03T08:03:50+00:00","mainEntityOfPage":{"@id":"https:\/\/noticiasya.com\/2024\/10\/03\/trump-revocaria-estatus-proteccion-temporal-inmigrantes-haitianos-springfield-si-es-elegido-trax\/"},"wordCount":720,"commentCount":0,"publisher":{"@id":"https:\/\/noticiasya.com\/#organization"},"articleSection":["Noticias Nacionales"],"inLanguage":"es","potentialAction":[{"@type":"CommentAction","name":"Comment","target":["https:\/\/noticiasya.com\/2024\/10\/03\/trump-revocaria-estatus-proteccion-temporal-inmigrantes-haitianos-springfield-si-es-elegido-trax\/#respond"]}]},{"@type":"WebPage","@id":"https:\/\/noticiasya.com\/2024\/10\/03\/trump-revocaria-estatus-proteccion-temporal-inmigrantes-haitianos-springfield-si-es-elegido-trax\/","url":"https:\/\/noticiasya.com\/2024\/10\/03\/trump-revocaria-estatus-proteccion-temporal-inmigrantes-haitianos-springfield-si-es-elegido-trax\/","name":"Trump dice que revocar\u00eda el Estatus de Protecci\u00f3n Temporal para inmigrantes haitianos en Springfield si es elegido - Noticias","isPartOf":{"@id":"https:\/\/noticiasya.com\/#website"},"datePublished":"2024-10-03T08:03:50+00:00","breadcrumb":{"@id":"https:\/\/noticiasya.com\/2024\/10\/03\/trump-revocaria-estatus-proteccion-temporal-inmigrantes-haitianos-springfield-si-es-elegido-trax\/#breadcrumb"},"inLanguage":"es","potentialAction":[{"@type":"ReadAction","target":["https:\/\/noticiasya.com\/2024\/10\/03\/trump-revocaria-estatus-proteccion-temporal-inmigrantes-haitianos-springfield-si-es-elegido-trax\/"]}]},{"@type":"BreadcrumbList","@id":"https:\/\/noticiasya.com\/2024\/10\/03\/trump-revocaria-estatus-proteccion-temporal-inmigrantes-haitianos-springfield-si-es-elegido-trax\/#breadcrumb","itemListElement":[{"@type":"ListItem","position":1,"name":"Home","item":"https:\/\/noticiasya.com\/"},{"@type":"ListItem","position":2,"name":"Trump dice que revocar\u00eda el Estatus de Protecci\u00f3n Temporal para inmigrantes haitianos en Springfield si es elegido"}]},{"@type":"WebSite","@id":"https:\/\/noticiasya.com\/#website","url":"https:\/\/noticiasya.com\/","name":"Noticias","description":"Lo que importa","publisher":{"@id":"https:\/\/noticiasya.com\/#organization"},"potentialAction":[{"@type":"SearchAction","target":{"@type":"EntryPoint","urlTemplate":"https:\/\/noticiasya.com\/?s={search_term_string}"},"query-input":{"@type":"PropertyValueSpecification","valueRequired":true,"valueName":"search_term_string"}}],"inLanguage":"es"},{"@type":"Organization","@id":"https:\/\/noticiasya.com\/#organization","name":"Noticias","url":"https:\/\/noticiasya.com\/","logo":{"@type":"ImageObject","inLanguage":"es","@id":"https:\/\/noticiasya.com\/#\/schema\/logo\/image\/","url":"https:\/\/noticiasya.com\/wp-content\/uploads\/sites\/22\/2023\/12\/logo-nacional.png","contentUrl":"https:\/\/noticiasya.com\/wp-content\/uploads\/sites\/22\/2023\/12\/logo-nacional.png","width":1801,"height":691,"caption":"Noticias"},"image":{"@id":"https:\/\/noticiasya.com\/#\/schema\/logo\/image\/"}}]}},"parsely":{"version":"1.1.0","canonical_url":"https:\/\/noticiasya.com\/midland-odessa\/2024\/10\/03\/trump-revocaria-estatus-proteccion-temporal-inmigrantes-haitianos-springfield-si-es-elegido-trax\/","smart_links":{"inbound":0,"outbound":0},"traffic_boost_suggestions_count":0,"meta":{"@context":"https:\/\/schema.org","@type":"NewsArticle","headline":"Trump dice que revocar\u00eda el Estatus de Protecci\u00f3n Temporal para inmigrantes haitianos en Springfield si es elegido","url":"http:\/\/noticiasya.com\/midland-odessa\/2024\/10\/03\/trump-revocaria-estatus-proteccion-temporal-inmigrantes-haitianos-springfield-si-es-elegido-trax\/","mainEntityOfPage":{"@type":"WebPage","@id":"http:\/\/noticiasya.com\/midland-odessa\/2024\/10\/03\/trump-revocaria-estatus-proteccion-temporal-inmigrantes-haitianos-springfield-si-es-elegido-trax\/"},"thumbnailUrl":"","image":{"@type":"ImageObject","url":""},"articleSection":"Noticias Nacionales","author":[],"creator":[],"publisher":{"@type":"Organization","name":"Noticias","logo":""},"keywords":[],"dateCreated":"2024-10-03T08:03:50Z","datePublished":"2024-10-03T08:03:50Z","dateModified":"2024-10-03T08:03:50Z"},"rendered":"<script type=\"application\/ld+json\" class=\"wp-parsely-metadata\">{\"@context\":\"https:\\\/\\\/schema.org\",\"@type\":\"NewsArticle\",\"headline\":\"Trump dice que revocar\\u00eda el Estatus de Protecci\\u00f3n Temporal para inmigrantes haitianos en Springfield si es elegido\",\"url\":\"http:\\\/\\\/noticiasya.com\\\/midland-odessa\\\/2024\\\/10\\\/03\\\/trump-revocaria-estatus-proteccion-temporal-inmigrantes-haitianos-springfield-si-es-elegido-trax\\\/\",\"mainEntityOfPage\":{\"@type\":\"WebPage\",\"@id\":\"http:\\\/\\\/noticiasya.com\\\/midland-odessa\\\/2024\\\/10\\\/03\\\/trump-revocaria-estatus-proteccion-temporal-inmigrantes-haitianos-springfield-si-es-elegido-trax\\\/\"},\"thumbnailUrl\":\"\",\"image\":{\"@type\":\"ImageObject\",\"url\":\"\"},\"articleSection\":\"Noticias Nacionales\",\"author\":[],\"creator\":[],\"publisher\":{\"@type\":\"Organization\",\"name\":\"Noticias\",\"logo\":\"\"},\"keywords\":[],\"dateCreated\":\"2024-10-03T08:03:50Z\",\"datePublished\":\"2024-10-03T08:03:50Z\",\"dateModified\":\"2024-10-03T08:03:50Z\"}<\/script>","tracker_url":"https:\/\/cdn.parsely.com\/keys\/noticiasya.com\/p.js"},"jetpack_featured_media_url":"","jetpack-related-posts":[{"id":1464927,"url":"https:\/\/noticiasya.com\/midland-odessa\/2025\/07\/28\/inmigrantes-haitianos-temen-deportacion-trax\/","url_meta":{"origin":1454899,"position":0},"title":"&#171;Regresar es pr\u00e1cticamente la muerte&#187;: Inmigrantes haitianos temen los intentos de Trump por enviarlos de regreso a su pa\u00eds","author":"","date":"julio 28, 2025","format":false,"excerpt":"Con ocho meses de embarazo, Titi, una inmigrante haitiana de 28 a\u00f1os, teme ser deportada a su pa\u00eds natal.Titi, quien pidi\u00f3 ser identificada solo con un seud\u00f3nimo por temor a ser objeto de las autoridades migratorias, lleg\u00f3 a Estados Unidos con su hermana menor en 2024 tras huir de la\u2026","rel":"","context":"In &quot;Noticias Nacionales&quot;","block_context":{"text":"Noticias Nacionales","link":"https:\/\/noticiasya.com\/midland-odessa\/categoria\/noticias-nacionales"},"img":{"alt_text":"","src":"","width":0,"height":0},"classes":[]},{"id":1470803,"url":"https:\/\/noticiasya.com\/midland-odessa\/2026\/02\/03\/jueza-bloquea-temporalmente-fin-tps-haitianos-trax\/","url_meta":{"origin":1454899,"position":1},"title":"Jueza federal bloquea temporalmente el fin del TPS para los haitianos","author":"","date":"febrero 3, 2026","format":false,"excerpt":"Una jueza federal suspendi\u00f3 temporalmente la cancelaci\u00f3n del Estatus de Protecci\u00f3n Temporal (TPS) impuesta por la administraci\u00f3n Trump a m\u00e1s de 350.000 haitianos. El TPS permite a sus titulares vivir y trabajar en Estados Unidos y expiraba el martes.En un severo dictamen de 83 p\u00e1ginas, la jueza Ana Reyes, del\u2026","rel":"","context":"In &quot;Noticias Nacionales&quot;","block_context":{"text":"Noticias Nacionales","link":"https:\/\/noticiasya.com\/midland-odessa\/categoria\/noticias-nacionales"},"img":{"alt_text":"","src":"","width":0,"height":0},"classes":[]},{"id":1470724,"url":"https:\/\/noticiasya.com\/midland-odessa\/2026\/02\/01\/haitianos-trabajo-ee-uu-cuidado-ancianos-trax\/","url_meta":{"origin":1454899,"position":2},"title":"Muchos haitianos pronto podr\u00edan no poder trabajar en EE.UU. Eso dificultar\u00e1 mucho m\u00e1s el cuidado de los ancianos","author":"","date":"febrero 1, 2026","format":false,"excerpt":"Colin O\u2019Leary tuvo recientemente el d\u00eda m\u00e1s dif\u00edcil de su carrera.El director ejecutivo de Laurel Ridge Rehabilitation & Skilled Care Center, O\u2019Leary, tuvo que informar a 13 de sus mejores empleados \u2014todos haitianos con Estatus de Protecci\u00f3n Temporal, conocido como TPS\u2014 que perder\u00edan sus trabajos. Esto se debe a que\u2026","rel":"","context":"In &quot;Noticias Nacionales&quot;","block_context":{"text":"Noticias Nacionales","link":"https:\/\/noticiasya.com\/midland-odessa\/categoria\/noticias-nacionales"},"img":{"alt_text":"","src":"","width":0,"height":0},"classes":[]},{"id":1452845,"url":"https:\/\/noticiasya.com\/midland-odessa\/2024\/09\/19\/springfield-poderes-emergencia-seguridad-inmigrantes-trump-trax\/","url_meta":{"origin":1454899,"position":3},"title":"Tras dichos de Trump, alcalde de Springfield proclama poderes de emergencia por preocupaciones de seguridad p\u00fablica","author":"","date":"septiembre 19, 2024","format":false,"excerpt":"(CNN) \u2013\u2013 El alcalde de Springfield, Ohio, emiti\u00f3 este jueves una proclamaci\u00f3n en la que ped\u00eda poderes de emergencia temporales \u201cpara mitigar las preocupaciones de seguridad p\u00fablica\u201d mientras las afirmaciones falsas sobre los inmigrantes haitianos contin\u00faan alimentando las amenazas de bomba y el espectro de la violencia en la comunidad.La\u2026","rel":"","context":"In &quot;Noticias Nacionales&quot;","block_context":{"text":"Noticias Nacionales","link":"https:\/\/noticiasya.com\/midland-odessa\/categoria\/noticias-nacionales"},"img":{"alt_text":"","src":"","width":0,"height":0},"classes":[]},{"id":1452691,"url":"https:\/\/noticiasya.com\/midland-odessa\/2024\/09\/14\/trump-afirma-springfield-tomada-inmigrantes-trax\/","url_meta":{"origin":1454899,"position":4},"title":"Trump afirma que Springfield, Ohio, fue &#171;tomada&#187; por inmigrantes","author":"","date":"septiembre 14, 2024","format":false,"excerpt":"(CNN) -- Donald Trump dijo este s\u00e1bado que Springfield, Ohio, ha \"sido tomada por inmigrantes ilegales\" y que no sabe sobre las amenazas de bomba que la ciudad ha estado recibiendo desde que \u00e9l y otros republicanos difundieron afirmaciones falsas sobre inmigrantes haitianos comiendo mascotas all\u00ed.\"No s\u00e9 qu\u00e9 pas\u00f3 con\u2026","rel":"","context":"In &quot;Noticias Nacionales&quot;","block_context":{"text":"Noticias Nacionales","link":"https:\/\/noticiasya.com\/midland-odessa\/categoria\/noticias-nacionales"},"img":{"alt_text":"","src":"","width":0,"height":0},"classes":[]},{"id":1460362,"url":"https:\/\/noticiasya.com\/midland-odessa\/2025\/03\/24\/beneficiarios-tps-manifestacion-corte-cancelacion-orix\/","url_meta":{"origin":1454899,"position":5},"title":"Beneficiarios del Estatus de Protecci\u00f3n Temporal piden ante una corte frenar la cancelaci\u00f3n del programa","author":"","date":"marzo 24, 2025","format":false,"excerpt":"Beneficiarios del Estatus de Protecci\u00f3n Temporal (TPS, por sus siglas en ingl\u00e9s) y defensores de los derechos civiles se manifestaron este lunes en San Francisco, afuera de donde se llev\u00f3 a cabo la primera audiencia de un caso que impugna la terminaci\u00f3n del programa bajo la administraci\u00f3n del presidente Donald\u2026","rel":"","context":"In &quot;Noticias Nacionales&quot;","block_context":{"text":"Noticias Nacionales","link":"https:\/\/noticiasya.com\/midland-odessa\/categoria\/noticias-nacionales"},"img":{"alt_text":"","src":"","width":0,"height":0},"classes":[]}],"jetpack_sharing_enabled":true,"_links":{"self":[{"href":"https:\/\/noticiasya.com\/midland-odessa\/wp-json\/wp\/v2\/posts\/1454899","targetHints":{"allow":["GET"]}}],"collection":[{"href":"https:\/\/noticiasya.com\/midland-odessa\/wp-json\/wp\/v2\/posts"}],"about":[{"href":"https:\/\/noticiasya.com\/midland-odessa\/wp-json\/wp\/v2\/types\/post"}],"replies":[{"embeddable":true,"href":"https:\/\/noticiasya.com\/midland-odessa\/wp-json\/wp\/v2\/comments?post=1454899"}],"version-history":[{"count":0,"href":"https:\/\/noticiasya.com\/midland-odessa\/wp-json\/wp\/v2\/posts\/1454899\/revisions"}],"wp:attachment":[{"href":"https:\/\/noticiasya.com\/midland-odessa\/wp-json\/wp\/v2\/media?parent=1454899"}],"wp:term":[{"taxonomy":"category","embeddable":true,"href":"https:\/\/noticiasya.com\/midland-odessa\/wp-json\/wp\/v2\/categories?post=1454899"},{"taxonomy":"post_tag","embeddable":true,"href":"https:\/\/noticiasya.com\/midland-odessa\/wp-json\/wp\/v2\/tags?post=1454899"}],"curies":[{"name":"wp","href":"https:\/\/api.w.org\/{rel}","templated":true}]}}