{"id":1454915,"date":"2024-10-03T14:03:51","date_gmt":"2024-10-03T21:03:51","guid":{"rendered":"https:\/\/noticiasya.com\/2024\/10\/03\/noboa-decreta-cuarto-estado-excepcion-ecuador-orix\/"},"modified":"2024-10-03T14:03:51","modified_gmt":"2024-10-03T21:03:51","slug":"noboa-decreta-cuarto-estado-excepcion-ecuador-orix","status":"publish","type":"post","link":"https:\/\/noticiasya.com\/midland-odessa\/2024\/10\/03\/noboa-decreta-cuarto-estado-excepcion-ecuador-orix\/","title":{"rendered":"Por cuarta vez Daniel Noboa decreta estado de excepci\u00f3n focalizado en Ecuador"},"content":{"rendered":"<p>(CNN Espa\u00f1ol) \u2013\u2013 El presidente de Ecuador, Daniel Noboa, decret\u00f3 este jueves por cuarta vez un estado de excepci\u00f3n focalizado en el pa\u00eds con el fin de \u201creforzar acciones de seguridad\u201d argumentando nuevamente \u201cgrave conmoci\u00f3n interna y conflicto interno armado\u201d.<\/p>\n<p>El decreto de estado de excepci\u00f3n tendr\u00e1 una duraci\u00f3n de 60 d\u00edas y se aplicar\u00e1 en seis provincias: Guayas, Los R\u00edos, Manab\u00ed, Orellana, Santa Elena, El Oro; adem\u00e1s del cant\u00f3n Ponce Enr\u00edquez en Azuay y el Distrito Metropolitano de Quito en la provincia de Pichincha.<\/p>\n<p>Daniel Noboa, presidente de Ecuador, en conflicto con su vicepresidenta<\/p>\n<p>A trav\u00e9s de un comunicado el Gobierno justific\u00f3 la emisi\u00f3n de un nuevo decreto de estado de excepci\u00f3n.<\/p>\n<p>\u201cLa decisi\u00f3n presidencial se toma para fortalecer el trabajo de las Fuerzas Armadas y la Polic\u00eda Naci\u00f3 al en funci\u00f3n de defender la soberan\u00eda e integridad del Estado, seguridad ciudadana y orden p\u00fablico\u201d, puntualiz\u00f3 la Presidencia.<\/p>\n<p>Adicionalmente, el decreto dispone el toque de queda o restricci\u00f3n a la libertad de tr\u00e1nsito desde las 10 p.m. hasta las 5 a.m., hora local, en los cantones Camilo Ponce Enr\u00edquez (Azuay); Dur\u00e1n, Balao y parroquia Tenguel (Guayas); Babahoyo, Buena Fe, Quevedo, Pueblo Viejo, Vinces, Valencia, Ventanas, Mocache, Urdaneta, Baba, Palenque, Quinsaloma, Montalvo (Los R\u00edos); Joya de los Sachas, Puerto Francisco de Orellana y Loreto (Orellana).<\/p>\n<p>En enero Noboa decret\u00f3 el estado de conflicto interno armado en Ecuador debido al agravamiento de la situaci\u00f3n de inseguridad y violencia provocada por grupos de delincuencia organizada.<\/p>\n<p>The-CNN-Wire<br \/>&trade; &amp; &copy; 2024 Cable News Network, Inc., a Warner Bros. Discovery Company. All rights reserved.<\/p>\n","protected":false},"excerpt":{"rendered":"<p>(CNN Espa\u00f1ol) \u2013\u2013 El presidente de Ecuador, Daniel Noboa, decret\u00f3 este jueves por cuarta vez un estado de excepci\u00f3n focalizado en el pa\u00eds con el fin de \u201creforzar acciones de seguridad\u201d argumentando nuevamente \u201cgrave conmoci\u00f3n interna y conflicto interno armado\u201d. El decreto de estado de excepci\u00f3n tendr\u00e1 una duraci\u00f3n de 60 d\u00edas y se aplicar\u00e1 [&hellip;]<\/p>\n","protected":false},"author":0,"featured_media":0,"comment_status":"open","ping_status":"open","sticky":false,"template":"","format":"standard","meta":{"_jetpack_memberships_contains_paid_content":false,"footnotes":""},"categories":[10],"tags":[],"class_list":["post-1454915","post","type-post","status-publish","format-standard","hentry","category-noticias-nacionales","market-global"],"yoast_head":"<!-- This site is optimized with the Yoast SEO plugin v24.4 - https:\/\/yoast.com\/wordpress\/plugins\/seo\/ -->\n<title>Por cuarta vez Daniel Noboa decreta estado de excepci\u00f3n focalizado en Ecuador - Noticias<\/title>\n<meta name=\"robots\" content=\"index, follow, max-snippet:-1, max-image-preview:large, max-video-preview:-1\" \/>\n<link rel=\"canonical\" href=\"https:\/\/noticiasya.com\/2024\/10\/03\/noboa-decreta-cuarto-estado-excepcion-ecuador-orix\/\" \/>\n<meta property=\"og:locale\" content=\"es_ES\" \/>\n<meta property=\"og:type\" content=\"article\" \/>\n<meta property=\"og:title\" content=\"Por cuarta vez Daniel Noboa decreta estado de excepci\u00f3n focalizado en Ecuador - Noticias\" \/>\n<meta property=\"og:description\" content=\"(CNN Espa\u00f1ol) \u2013\u2013 El presidente de Ecuador, Daniel Noboa, decret\u00f3 este jueves por cuarta vez un estado de excepci\u00f3n focalizado en el pa\u00eds con el fin de \u201creforzar acciones de seguridad\u201d argumentando nuevamente \u201cgrave conmoci\u00f3n interna y conflicto interno armado\u201d. El decreto de estado de excepci\u00f3n tendr\u00e1 una duraci\u00f3n de 60 d\u00edas y se aplicar\u00e1 [&hellip;]\" \/>\n<meta property=\"og:url\" content=\"https:\/\/noticiasya.com\/2024\/10\/03\/noboa-decreta-cuarto-estado-excepcion-ecuador-orix\/\" \/>\n<meta property=\"og:site_name\" content=\"Noticias\" \/>\n<meta property=\"article:published_time\" content=\"2024-10-03T21:03:51+00:00\" \/>\n<meta name=\"twitter:card\" content=\"summary_large_image\" \/>\n<meta name=\"twitter:label1\" content=\"Est. reading time\" \/>\n\t<meta name=\"twitter:data1\" content=\"1 minuto\" \/>\n<script type=\"application\/ld+json\" class=\"yoast-schema-graph\">{\"@context\":\"https:\/\/schema.org\",\"@graph\":[{\"@type\":\"Article\",\"@id\":\"https:\/\/noticiasya.com\/2024\/10\/03\/noboa-decreta-cuarto-estado-excepcion-ecuador-orix\/#article\",\"isPartOf\":{\"@id\":\"https:\/\/noticiasya.com\/2024\/10\/03\/noboa-decreta-cuarto-estado-excepcion-ecuador-orix\/\"},\"author\":{\"name\":\"\",\"@id\":\"\"},\"headline\":\"Por cuarta vez Daniel Noboa decreta estado de excepci\u00f3n focalizado en Ecuador\",\"datePublished\":\"2024-10-03T21:03:51+00:00\",\"mainEntityOfPage\":{\"@id\":\"https:\/\/noticiasya.com\/2024\/10\/03\/noboa-decreta-cuarto-estado-excepcion-ecuador-orix\/\"},\"wordCount\":295,\"commentCount\":0,\"publisher\":{\"@id\":\"https:\/\/noticiasya.com\/#organization\"},\"articleSection\":[\"Noticias Nacionales\"],\"inLanguage\":\"es\",\"potentialAction\":[{\"@type\":\"CommentAction\",\"name\":\"Comment\",\"target\":[\"https:\/\/noticiasya.com\/2024\/10\/03\/noboa-decreta-cuarto-estado-excepcion-ecuador-orix\/#respond\"]}]},{\"@type\":\"WebPage\",\"@id\":\"https:\/\/noticiasya.com\/2024\/10\/03\/noboa-decreta-cuarto-estado-excepcion-ecuador-orix\/\",\"url\":\"https:\/\/noticiasya.com\/2024\/10\/03\/noboa-decreta-cuarto-estado-excepcion-ecuador-orix\/\",\"name\":\"Por cuarta vez Daniel Noboa decreta estado de excepci\u00f3n focalizado en Ecuador - Noticias\",\"isPartOf\":{\"@id\":\"https:\/\/noticiasya.com\/#website\"},\"datePublished\":\"2024-10-03T21:03:51+00:00\",\"breadcrumb\":{\"@id\":\"https:\/\/noticiasya.com\/2024\/10\/03\/noboa-decreta-cuarto-estado-excepcion-ecuador-orix\/#breadcrumb\"},\"inLanguage\":\"es\",\"potentialAction\":[{\"@type\":\"ReadAction\",\"target\":[\"https:\/\/noticiasya.com\/2024\/10\/03\/noboa-decreta-cuarto-estado-excepcion-ecuador-orix\/\"]}]},{\"@type\":\"BreadcrumbList\",\"@id\":\"https:\/\/noticiasya.com\/2024\/10\/03\/noboa-decreta-cuarto-estado-excepcion-ecuador-orix\/#breadcrumb\",\"itemListElement\":[{\"@type\":\"ListItem\",\"position\":1,\"name\":\"Home\",\"item\":\"https:\/\/noticiasya.com\/\"},{\"@type\":\"ListItem\",\"position\":2,\"name\":\"Por cuarta vez Daniel Noboa decreta estado de excepci\u00f3n focalizado en Ecuador\"}]},{\"@type\":\"WebSite\",\"@id\":\"https:\/\/noticiasya.com\/#website\",\"url\":\"https:\/\/noticiasya.com\/\",\"name\":\"Noticias\",\"description\":\"Lo que importa\",\"publisher\":{\"@id\":\"https:\/\/noticiasya.com\/#organization\"},\"potentialAction\":[{\"@type\":\"SearchAction\",\"target\":{\"@type\":\"EntryPoint\",\"urlTemplate\":\"https:\/\/noticiasya.com\/?s={search_term_string}\"},\"query-input\":{\"@type\":\"PropertyValueSpecification\",\"valueRequired\":true,\"valueName\":\"search_term_string\"}}],\"inLanguage\":\"es\"},{\"@type\":\"Organization\",\"@id\":\"https:\/\/noticiasya.com\/#organization\",\"name\":\"Noticias\",\"url\":\"https:\/\/noticiasya.com\/\",\"logo\":{\"@type\":\"ImageObject\",\"inLanguage\":\"es\",\"@id\":\"https:\/\/noticiasya.com\/#\/schema\/logo\/image\/\",\"url\":\"https:\/\/noticiasya.com\/wp-content\/uploads\/sites\/22\/2023\/12\/logo-nacional.png\",\"contentUrl\":\"https:\/\/noticiasya.com\/wp-content\/uploads\/sites\/22\/2023\/12\/logo-nacional.png\",\"width\":1801,\"height\":691,\"caption\":\"Noticias\"},\"image\":{\"@id\":\"https:\/\/noticiasya.com\/#\/schema\/logo\/image\/\"}}]}<\/script>\n<!-- \/ Yoast SEO plugin. -->","yoast_head_json":{"title":"Por cuarta vez Daniel Noboa decreta estado de excepci\u00f3n focalizado en Ecuador - Noticias","robots":{"index":"index","follow":"follow","max-snippet":"max-snippet:-1","max-image-preview":"max-image-preview:large","max-video-preview":"max-video-preview:-1"},"canonical":"https:\/\/noticiasya.com\/2024\/10\/03\/noboa-decreta-cuarto-estado-excepcion-ecuador-orix\/","og_locale":"es_ES","og_type":"article","og_title":"Por cuarta vez Daniel Noboa decreta estado de excepci\u00f3n focalizado en Ecuador - Noticias","og_description":"(CNN Espa\u00f1ol) \u2013\u2013 El presidente de Ecuador, Daniel Noboa, decret\u00f3 este jueves por cuarta vez un estado de excepci\u00f3n focalizado en el pa\u00eds con el fin de \u201creforzar acciones de seguridad\u201d argumentando nuevamente \u201cgrave conmoci\u00f3n interna y conflicto interno armado\u201d. El decreto de estado de excepci\u00f3n tendr\u00e1 una duraci\u00f3n de 60 d\u00edas y se aplicar\u00e1 [&hellip;]","og_url":"https:\/\/noticiasya.com\/2024\/10\/03\/noboa-decreta-cuarto-estado-excepcion-ecuador-orix\/","og_site_name":"Noticias","article_published_time":"2024-10-03T21:03:51+00:00","twitter_card":"summary_large_image","twitter_misc":{"Est. reading time":"1 minuto"},"schema":{"@context":"https:\/\/schema.org","@graph":[{"@type":"Article","@id":"https:\/\/noticiasya.com\/2024\/10\/03\/noboa-decreta-cuarto-estado-excepcion-ecuador-orix\/#article","isPartOf":{"@id":"https:\/\/noticiasya.com\/2024\/10\/03\/noboa-decreta-cuarto-estado-excepcion-ecuador-orix\/"},"author":{"name":"","@id":""},"headline":"Por cuarta vez Daniel Noboa decreta estado de excepci\u00f3n focalizado en Ecuador","datePublished":"2024-10-03T21:03:51+00:00","mainEntityOfPage":{"@id":"https:\/\/noticiasya.com\/2024\/10\/03\/noboa-decreta-cuarto-estado-excepcion-ecuador-orix\/"},"wordCount":295,"commentCount":0,"publisher":{"@id":"https:\/\/noticiasya.com\/#organization"},"articleSection":["Noticias Nacionales"],"inLanguage":"es","potentialAction":[{"@type":"CommentAction","name":"Comment","target":["https:\/\/noticiasya.com\/2024\/10\/03\/noboa-decreta-cuarto-estado-excepcion-ecuador-orix\/#respond"]}]},{"@type":"WebPage","@id":"https:\/\/noticiasya.com\/2024\/10\/03\/noboa-decreta-cuarto-estado-excepcion-ecuador-orix\/","url":"https:\/\/noticiasya.com\/2024\/10\/03\/noboa-decreta-cuarto-estado-excepcion-ecuador-orix\/","name":"Por cuarta vez Daniel Noboa decreta estado de excepci\u00f3n focalizado en Ecuador - Noticias","isPartOf":{"@id":"https:\/\/noticiasya.com\/#website"},"datePublished":"2024-10-03T21:03:51+00:00","breadcrumb":{"@id":"https:\/\/noticiasya.com\/2024\/10\/03\/noboa-decreta-cuarto-estado-excepcion-ecuador-orix\/#breadcrumb"},"inLanguage":"es","potentialAction":[{"@type":"ReadAction","target":["https:\/\/noticiasya.com\/2024\/10\/03\/noboa-decreta-cuarto-estado-excepcion-ecuador-orix\/"]}]},{"@type":"BreadcrumbList","@id":"https:\/\/noticiasya.com\/2024\/10\/03\/noboa-decreta-cuarto-estado-excepcion-ecuador-orix\/#breadcrumb","itemListElement":[{"@type":"ListItem","position":1,"name":"Home","item":"https:\/\/noticiasya.com\/"},{"@type":"ListItem","position":2,"name":"Por cuarta vez Daniel Noboa decreta estado de excepci\u00f3n focalizado en Ecuador"}]},{"@type":"WebSite","@id":"https:\/\/noticiasya.com\/#website","url":"https:\/\/noticiasya.com\/","name":"Noticias","description":"Lo que importa","publisher":{"@id":"https:\/\/noticiasya.com\/#organization"},"potentialAction":[{"@type":"SearchAction","target":{"@type":"EntryPoint","urlTemplate":"https:\/\/noticiasya.com\/?s={search_term_string}"},"query-input":{"@type":"PropertyValueSpecification","valueRequired":true,"valueName":"search_term_string"}}],"inLanguage":"es"},{"@type":"Organization","@id":"https:\/\/noticiasya.com\/#organization","name":"Noticias","url":"https:\/\/noticiasya.com\/","logo":{"@type":"ImageObject","inLanguage":"es","@id":"https:\/\/noticiasya.com\/#\/schema\/logo\/image\/","url":"https:\/\/noticiasya.com\/wp-content\/uploads\/sites\/22\/2023\/12\/logo-nacional.png","contentUrl":"https:\/\/noticiasya.com\/wp-content\/uploads\/sites\/22\/2023\/12\/logo-nacional.png","width":1801,"height":691,"caption":"Noticias"},"image":{"@id":"https:\/\/noticiasya.com\/#\/schema\/logo\/image\/"}}]}},"parsely":{"version":"1.1.0","canonical_url":"https:\/\/noticiasya.com\/midland-odessa\/2024\/10\/03\/noboa-decreta-cuarto-estado-excepcion-ecuador-orix\/","smart_links":{"inbound":0,"outbound":0},"traffic_boost_suggestions_count":0,"meta":{"@context":"https:\/\/schema.org","@type":"NewsArticle","headline":"Por cuarta vez Daniel Noboa decreta estado de excepci\u00f3n focalizado en Ecuador","url":"http:\/\/noticiasya.com\/midland-odessa\/2024\/10\/03\/noboa-decreta-cuarto-estado-excepcion-ecuador-orix\/","mainEntityOfPage":{"@type":"WebPage","@id":"http:\/\/noticiasya.com\/midland-odessa\/2024\/10\/03\/noboa-decreta-cuarto-estado-excepcion-ecuador-orix\/"},"thumbnailUrl":"","image":{"@type":"ImageObject","url":""},"articleSection":"Noticias Nacionales","author":[],"creator":[],"publisher":{"@type":"Organization","name":"Noticias","logo":""},"keywords":[],"dateCreated":"2024-10-03T21:03:51Z","datePublished":"2024-10-03T21:03:51Z","dateModified":"2024-10-03T21:03:51Z"},"rendered":"<script type=\"application\/ld+json\" class=\"wp-parsely-metadata\">{\"@context\":\"https:\\\/\\\/schema.org\",\"@type\":\"NewsArticle\",\"headline\":\"Por cuarta vez Daniel Noboa decreta estado de excepci\\u00f3n focalizado en Ecuador\",\"url\":\"http:\\\/\\\/noticiasya.com\\\/midland-odessa\\\/2024\\\/10\\\/03\\\/noboa-decreta-cuarto-estado-excepcion-ecuador-orix\\\/\",\"mainEntityOfPage\":{\"@type\":\"WebPage\",\"@id\":\"http:\\\/\\\/noticiasya.com\\\/midland-odessa\\\/2024\\\/10\\\/03\\\/noboa-decreta-cuarto-estado-excepcion-ecuador-orix\\\/\"},\"thumbnailUrl\":\"\",\"image\":{\"@type\":\"ImageObject\",\"url\":\"\"},\"articleSection\":\"Noticias Nacionales\",\"author\":[],\"creator\":[],\"publisher\":{\"@type\":\"Organization\",\"name\":\"Noticias\",\"logo\":\"\"},\"keywords\":[],\"dateCreated\":\"2024-10-03T21:03:51Z\",\"datePublished\":\"2024-10-03T21:03:51Z\",\"dateModified\":\"2024-10-03T21:03:51Z\"}<\/script>","tracker_url":"https:\/\/cdn.parsely.com\/keys\/noticiasya.com\/p.js"},"jetpack_featured_media_url":"","jetpack-related-posts":[{"id":1449694,"url":"https:\/\/noticiasya.com\/midland-odessa\/2024\/05\/22\/noboa-nuevo-estado-de-excepcion-segunda-fase-lucha-narcoterrorismo-orix\/","url_meta":{"origin":1454915,"position":0},"title":"Noboa decreta nuevo estado de excepci\u00f3n en 7 provincias de Ecuador y empieza segunda fase en la lucha contra el narcoterrorismo","author":"","date":"mayo 22, 2024","format":false,"excerpt":"(CNN Espa\u00f1ol) -- El Gobierno de Ecuador decret\u00f3 un nuevo estado de excepci\u00f3n en siete provincias y un cant\u00f3n porque se han agudizado los hechos de violencia perpetrados por el crimen organizado, de acuerdo con una resoluci\u00f3n publicada este mi\u00e9rcoles.El nuevo decreto de excepci\u00f3n rige en las provincias de Los\u2026","rel":"","context":"In &quot;Noticias Nacionales&quot;","block_context":{"text":"Noticias Nacionales","link":"https:\/\/noticiasya.com\/midland-odessa\/categoria\/noticias-nacionales"},"img":{"alt_text":"","src":"","width":0,"height":0},"classes":[]},{"id":1450376,"url":"https:\/\/noticiasya.com\/midland-odessa\/2024\/06\/14\/corte-constitucional-ecuador-inconstitucional-decreto-noboa-estado-de-excepcion-orix\/","url_meta":{"origin":1454915,"position":1},"title":"La Corte Constitucional de Ecuador declara inconstitucional el decreto de Noboa que declar\u00f3 estado de excepci\u00f3n en 7 provincias y un cant\u00f3n","author":"","date":"junio 14, 2024","format":false,"excerpt":"(CNN Espa\u00f1ol) -- La Corte Constitucional de Ecuador declar\u00f3 inconstitucional el decreto que el presidente Daniel Noboa emiti\u00f3 el 22 de mayo para declarar estado de excepci\u00f3n en siete provincias y un cant\u00f3n del pa\u00eds, debido a su situaci\u00f3n de inseguridad.Las provincias consideradas eran Guayas, El Oro, Santa Elena, Manab\u00ed,\u2026","rel":"","context":"In &quot;Noticias Nacionales&quot;","block_context":{"text":"Noticias Nacionales","link":"https:\/\/noticiasya.com\/midland-odessa\/categoria\/noticias-nacionales"},"img":{"alt_text":"","src":"","width":0,"height":0},"classes":[]},{"id":1450847,"url":"https:\/\/noticiasya.com\/midland-odessa\/2024\/07\/02\/tercera-vez-noboa-decreta-estado-excepcion-provincias-ecuador-orix\/","url_meta":{"origin":1454915,"position":2},"title":"Por tercera vez, Noboa decreta estado de excepci\u00f3n para algunas provincias de Ecuador para enfrentar la inseguridad","author":"","date":"julio 2, 2024","format":false,"excerpt":"(CNN Espa\u00f1ol) -- El presidente de Ecuador, Daniel Noboa, emiti\u00f3 este martes un decreto que, por tercera vez en lo que va del a\u00f1o, declara estado de excepci\u00f3n en algunas provincias del pa\u00eds, con el argumento de que es una medida necesaria ante la situaci\u00f3n de inseguridad que prevalece en\u2026","rel":"","context":"In &quot;Noticias Nacionales&quot;","block_context":{"text":"Noticias Nacionales","link":"https:\/\/noticiasya.com\/midland-odessa\/categoria\/noticias-nacionales"},"img":{"alt_text":"","src":"","width":0,"height":0},"classes":[]},{"id":1443451,"url":"https:\/\/noticiasya.com\/midland-odessa\/2024\/01\/10\/en-que-consiste-el-conflicto-armado-interno-que-noboa-decreto-en-ecuador-y-que-implica\/","url_meta":{"origin":1454915,"position":3},"title":"\u00bfEn qu\u00e9 consiste el &#171;conflicto armado interno&#187; que Noboa decret\u00f3 en Ecuador y qu\u00e9 implica?","author":"","date":"enero 10, 2024","format":false,"excerpt":"(CNN Espa\u00f1ol) -- El presidente de Ecuador, Daniel Noboa, decret\u00f3 este martes la existencia de un \"conflicto armado interno\" en el pa\u00eds tras la escalada de violencia que ha azotado al territorio durante las \u00faltimas horas. Pero \u00bfqu\u00e9 es y qu\u00e9 implica exactamente esa medida?Noboa public\u00f3 el decreto en su\u2026","rel":"","context":"In &quot;Noticias Nacionales&quot;","block_context":{"text":"Noticias Nacionales","link":"https:\/\/noticiasya.com\/midland-odessa\/categoria\/noticias-nacionales"},"img":{"alt_text":"","src":"","width":0,"height":0},"classes":[]},{"id":1443464,"url":"https:\/\/noticiasya.com\/midland-odessa\/2024\/01\/10\/en-que-consiste-el-conflicto-armado-interno-que-noboa-decreto-en-ecuador-y-que-implica-2\/","url_meta":{"origin":1454915,"position":4},"title":"\u00bfEn qu\u00e9 consiste el &#171;conflicto armado interno&#187; que Noboa decret\u00f3 en Ecuador y qu\u00e9 implica?","author":"","date":"enero 10, 2024","format":false,"excerpt":"(CNN Espa\u00f1ol) -- El presidente de Ecuador, Daniel Noboa, decret\u00f3 este martes la existencia de un \"conflicto armado interno\" en el pa\u00eds tras la escalada de violencia que ha azotado al territorio durante las \u00faltimas horas. Pero \u00bfqu\u00e9 es y qu\u00e9 implica exactamente esa medida?Noboa public\u00f3 el decreto en su\u2026","rel":"","context":"In &quot;Noticias Nacionales&quot;","block_context":{"text":"Noticias Nacionales","link":"https:\/\/noticiasya.com\/midland-odessa\/categoria\/noticias-nacionales"},"img":{"alt_text":"","src":"","width":0,"height":0},"classes":[]},{"id":1449678,"url":"https:\/\/noticiasya.com\/midland-odessa\/2024\/05\/22\/conflicto-interno-armado-ecuador-violaciones-derechos-humanos-orix\/","url_meta":{"origin":1454915,"position":5},"title":"Conflicto interno armado en Ecuador, \u201csin fundamento y ha contribuido a serias violaciones de los DD.HH.\u201d, asegura Human Rights Watch en un informe","author":"","date":"mayo 22, 2024","format":false,"excerpt":"(CNN Espa\u00f1ol) -- La declaraci\u00f3n de conflicto interno armado en Ecuador \u2015realizada por el presidente Daniel Noboa el 9 de enero, debido a la escalada de la criminalidad\u2015 es una decisi\u00f3n sin fundamento que pone en riesgo los derechos humanos y que no resuelve los problemas de violencia, seg\u00fan un\u2026","rel":"","context":"In &quot;Noticias Nacionales&quot;","block_context":{"text":"Noticias Nacionales","link":"https:\/\/noticiasya.com\/midland-odessa\/categoria\/noticias-nacionales"},"img":{"alt_text":"","src":"","width":0,"height":0},"classes":[]}],"jetpack_sharing_enabled":true,"_links":{"self":[{"href":"https:\/\/noticiasya.com\/midland-odessa\/wp-json\/wp\/v2\/posts\/1454915","targetHints":{"allow":["GET"]}}],"collection":[{"href":"https:\/\/noticiasya.com\/midland-odessa\/wp-json\/wp\/v2\/posts"}],"about":[{"href":"https:\/\/noticiasya.com\/midland-odessa\/wp-json\/wp\/v2\/types\/post"}],"replies":[{"embeddable":true,"href":"https:\/\/noticiasya.com\/midland-odessa\/wp-json\/wp\/v2\/comments?post=1454915"}],"version-history":[{"count":0,"href":"https:\/\/noticiasya.com\/midland-odessa\/wp-json\/wp\/v2\/posts\/1454915\/revisions"}],"wp:attachment":[{"href":"https:\/\/noticiasya.com\/midland-odessa\/wp-json\/wp\/v2\/media?parent=1454915"}],"wp:term":[{"taxonomy":"category","embeddable":true,"href":"https:\/\/noticiasya.com\/midland-odessa\/wp-json\/wp\/v2\/categories?post=1454915"},{"taxonomy":"post_tag","embeddable":true,"href":"https:\/\/noticiasya.com\/midland-odessa\/wp-json\/wp\/v2\/tags?post=1454915"}],"curies":[{"name":"wp","href":"https:\/\/api.w.org\/{rel}","templated":true}]}}