{"id":1454924,"date":"2024-10-03T18:03:47","date_gmt":"2024-10-04T01:03:47","guid":{"rendered":"https:\/\/noticiasya.com\/2024\/10\/03\/familiares-jovenes-detenidos-venezuela-exigen-liberacion-orix\/"},"modified":"2024-10-03T18:03:47","modified_gmt":"2024-10-04T01:03:47","slug":"familiares-jovenes-detenidos-venezuela-exigen-liberacion-orix","status":"publish","type":"post","link":"https:\/\/noticiasya.com\/midland-odessa\/2024\/10\/03\/familiares-jovenes-detenidos-venezuela-exigen-liberacion-orix\/","title":{"rendered":"Familiares de j\u00f3venes detenidos en Venezuela exigen su liberaci\u00f3n"},"content":{"rendered":"<p>(CNN Espa\u00f1ol) \u2013\u2013 Familiares de j\u00f3venes detenidos en el marco de las protestas poselectorales en Venezuela se manifestaron este jueves afuera del Tribunal Supremo de Justicia (TSJ) para exigir su liberaci\u00f3n y que pare el maltrato al que \u2015afirman\u2015 son sometidos.<\/p>\n<p>Moraima Urb\u00e1ez dijo que no ha podido ver a su hijo de 33 a\u00f1os en m\u00e1s de 50 d\u00edas, luego de que fuera arrestado durante un operativo al salir de casa de su abuela a cobrar su d\u00eda de trabajo.<\/p>\n<p>Asegur\u00f3 sentir &#171;impotencia y rabia&#187;, adem\u00e1s de preocupaci\u00f3n, al referir que familiares de otros detenidos les han contado que les proporcionan alimentos y agua insuficiente y en malas condiciones.<\/p>\n<p>&#171;\u00bfYo quiero a mi hijo sano, fuerte y libre, como quiero la libertad de todos los j\u00f3venes venezolanos&#187;, dijo a CNN otra de las madres durante la manifestaci\u00f3n.<\/p>\n<p>Familiares de menores detenidos en Venezuela protestan frente a la Fiscal\u00eda<\/p>\n<p>Este mismo grupo de personas se manifest\u00f3 en septiembre afuera de la sede del Ministerio P\u00fablico en Caracas para exigir la liberaci\u00f3n de sus familiares.<\/p>\n<p>Hasta el 30 de septiembre, la organizaci\u00f3n no gubernamental Foro Penal hab\u00eda registrado m\u00e1s de 1.900 personas detenidas. En los d\u00edas posteriores a la votaci\u00f3n del 28 de julio y la proclamaci\u00f3n del Consejo Nacional Electoral, que dio como ganador al presidente Nicol\u00e1s Maduro frente al candidato de la oposici\u00f3n Edmundo Gonz\u00e1lez Urrutia sin presentar los resultados por mesa, tuvieron lugar numerosas protestas.<\/p>\n<p>Ciudadanos en general y varios opositores fueron encarcelados en el marco de lo que se denomin\u00f3 informalmente \u201coperaci\u00f3n Tun Tun\u201d. El fiscal general Tarek William Saab ha afirmado en repetidas ocasiones que a todos los detenidos en el pa\u00eds se les respeta el debido proceso y el derecho a la defensa, sin refutar en detalle las acusaciones en contrario.<\/p>\n<p>CNN ha solicitado a la Fiscal\u00eda m\u00e1s informaci\u00f3n sobre las detenciones y est\u00e1 a la espera de una respuesta.<\/p>\n<p>The-CNN-Wire<br \/>&trade; &amp; &copy; 2024 Cable News Network, Inc., a Warner Bros. Discovery Company. All rights reserved.<\/p>\n","protected":false},"excerpt":{"rendered":"<p>(CNN Espa\u00f1ol) \u2013\u2013 Familiares de j\u00f3venes detenidos en el marco de las protestas poselectorales en Venezuela se manifestaron este jueves afuera del Tribunal Supremo de Justicia (TSJ) para exigir su liberaci\u00f3n y que pare el maltrato al que \u2015afirman\u2015 son sometidos. Moraima Urb\u00e1ez dijo que no ha podido ver a su hijo de 33 a\u00f1os [&hellip;]<\/p>\n","protected":false},"author":0,"featured_media":0,"comment_status":"open","ping_status":"open","sticky":false,"template":"","format":"standard","meta":{"_jetpack_memberships_contains_paid_content":false,"footnotes":""},"categories":[10],"tags":[],"class_list":["post-1454924","post","type-post","status-publish","format-standard","hentry","category-noticias-nacionales","market-global"],"yoast_head":"<!-- This site is optimized with the Yoast SEO plugin v24.4 - https:\/\/yoast.com\/wordpress\/plugins\/seo\/ -->\n<title>Familiares de j\u00f3venes detenidos en Venezuela exigen su liberaci\u00f3n - Noticias<\/title>\n<meta name=\"robots\" content=\"index, follow, max-snippet:-1, max-image-preview:large, max-video-preview:-1\" \/>\n<link rel=\"canonical\" href=\"https:\/\/noticiasya.com\/2024\/10\/03\/familiares-jovenes-detenidos-venezuela-exigen-liberacion-orix\/\" \/>\n<meta property=\"og:locale\" content=\"es_ES\" \/>\n<meta property=\"og:type\" content=\"article\" \/>\n<meta property=\"og:title\" content=\"Familiares de j\u00f3venes detenidos en Venezuela exigen su liberaci\u00f3n - Noticias\" \/>\n<meta property=\"og:description\" content=\"(CNN Espa\u00f1ol) \u2013\u2013 Familiares de j\u00f3venes detenidos en el marco de las protestas poselectorales en Venezuela se manifestaron este jueves afuera del Tribunal Supremo de Justicia (TSJ) para exigir su liberaci\u00f3n y que pare el maltrato al que \u2015afirman\u2015 son sometidos. Moraima Urb\u00e1ez dijo que no ha podido ver a su hijo de 33 a\u00f1os [&hellip;]\" \/>\n<meta property=\"og:url\" content=\"https:\/\/noticiasya.com\/2024\/10\/03\/familiares-jovenes-detenidos-venezuela-exigen-liberacion-orix\/\" \/>\n<meta property=\"og:site_name\" content=\"Noticias\" \/>\n<meta property=\"article:published_time\" content=\"2024-10-04T01:03:47+00:00\" \/>\n<meta name=\"twitter:card\" content=\"summary_large_image\" \/>\n<meta name=\"twitter:label1\" content=\"Est. reading time\" \/>\n\t<meta name=\"twitter:data1\" content=\"2 minutos\" \/>\n<script type=\"application\/ld+json\" class=\"yoast-schema-graph\">{\"@context\":\"https:\/\/schema.org\",\"@graph\":[{\"@type\":\"Article\",\"@id\":\"https:\/\/noticiasya.com\/2024\/10\/03\/familiares-jovenes-detenidos-venezuela-exigen-liberacion-orix\/#article\",\"isPartOf\":{\"@id\":\"https:\/\/noticiasya.com\/2024\/10\/03\/familiares-jovenes-detenidos-venezuela-exigen-liberacion-orix\/\"},\"author\":{\"name\":\"\",\"@id\":\"\"},\"headline\":\"Familiares de j\u00f3venes detenidos en Venezuela exigen su liberaci\u00f3n\",\"datePublished\":\"2024-10-04T01:03:47+00:00\",\"mainEntityOfPage\":{\"@id\":\"https:\/\/noticiasya.com\/2024\/10\/03\/familiares-jovenes-detenidos-venezuela-exigen-liberacion-orix\/\"},\"wordCount\":365,\"commentCount\":0,\"publisher\":{\"@id\":\"https:\/\/noticiasya.com\/#organization\"},\"articleSection\":[\"Noticias Nacionales\"],\"inLanguage\":\"es\",\"potentialAction\":[{\"@type\":\"CommentAction\",\"name\":\"Comment\",\"target\":[\"https:\/\/noticiasya.com\/2024\/10\/03\/familiares-jovenes-detenidos-venezuela-exigen-liberacion-orix\/#respond\"]}]},{\"@type\":\"WebPage\",\"@id\":\"https:\/\/noticiasya.com\/2024\/10\/03\/familiares-jovenes-detenidos-venezuela-exigen-liberacion-orix\/\",\"url\":\"https:\/\/noticiasya.com\/2024\/10\/03\/familiares-jovenes-detenidos-venezuela-exigen-liberacion-orix\/\",\"name\":\"Familiares de j\u00f3venes detenidos en Venezuela exigen su liberaci\u00f3n - Noticias\",\"isPartOf\":{\"@id\":\"https:\/\/noticiasya.com\/#website\"},\"datePublished\":\"2024-10-04T01:03:47+00:00\",\"breadcrumb\":{\"@id\":\"https:\/\/noticiasya.com\/2024\/10\/03\/familiares-jovenes-detenidos-venezuela-exigen-liberacion-orix\/#breadcrumb\"},\"inLanguage\":\"es\",\"potentialAction\":[{\"@type\":\"ReadAction\",\"target\":[\"https:\/\/noticiasya.com\/2024\/10\/03\/familiares-jovenes-detenidos-venezuela-exigen-liberacion-orix\/\"]}]},{\"@type\":\"BreadcrumbList\",\"@id\":\"https:\/\/noticiasya.com\/2024\/10\/03\/familiares-jovenes-detenidos-venezuela-exigen-liberacion-orix\/#breadcrumb\",\"itemListElement\":[{\"@type\":\"ListItem\",\"position\":1,\"name\":\"Home\",\"item\":\"https:\/\/noticiasya.com\/\"},{\"@type\":\"ListItem\",\"position\":2,\"name\":\"Familiares de j\u00f3venes detenidos en Venezuela exigen su liberaci\u00f3n\"}]},{\"@type\":\"WebSite\",\"@id\":\"https:\/\/noticiasya.com\/#website\",\"url\":\"https:\/\/noticiasya.com\/\",\"name\":\"Noticias\",\"description\":\"Lo que importa\",\"publisher\":{\"@id\":\"https:\/\/noticiasya.com\/#organization\"},\"potentialAction\":[{\"@type\":\"SearchAction\",\"target\":{\"@type\":\"EntryPoint\",\"urlTemplate\":\"https:\/\/noticiasya.com\/?s={search_term_string}\"},\"query-input\":{\"@type\":\"PropertyValueSpecification\",\"valueRequired\":true,\"valueName\":\"search_term_string\"}}],\"inLanguage\":\"es\"},{\"@type\":\"Organization\",\"@id\":\"https:\/\/noticiasya.com\/#organization\",\"name\":\"Noticias\",\"url\":\"https:\/\/noticiasya.com\/\",\"logo\":{\"@type\":\"ImageObject\",\"inLanguage\":\"es\",\"@id\":\"https:\/\/noticiasya.com\/#\/schema\/logo\/image\/\",\"url\":\"https:\/\/noticiasya.com\/wp-content\/uploads\/sites\/22\/2023\/12\/logo-nacional.png\",\"contentUrl\":\"https:\/\/noticiasya.com\/wp-content\/uploads\/sites\/22\/2023\/12\/logo-nacional.png\",\"width\":1801,\"height\":691,\"caption\":\"Noticias\"},\"image\":{\"@id\":\"https:\/\/noticiasya.com\/#\/schema\/logo\/image\/\"}}]}<\/script>\n<!-- \/ Yoast SEO plugin. -->","yoast_head_json":{"title":"Familiares de j\u00f3venes detenidos en Venezuela exigen su liberaci\u00f3n - Noticias","robots":{"index":"index","follow":"follow","max-snippet":"max-snippet:-1","max-image-preview":"max-image-preview:large","max-video-preview":"max-video-preview:-1"},"canonical":"https:\/\/noticiasya.com\/2024\/10\/03\/familiares-jovenes-detenidos-venezuela-exigen-liberacion-orix\/","og_locale":"es_ES","og_type":"article","og_title":"Familiares de j\u00f3venes detenidos en Venezuela exigen su liberaci\u00f3n - Noticias","og_description":"(CNN Espa\u00f1ol) \u2013\u2013 Familiares de j\u00f3venes detenidos en el marco de las protestas poselectorales en Venezuela se manifestaron este jueves afuera del Tribunal Supremo de Justicia (TSJ) para exigir su liberaci\u00f3n y que pare el maltrato al que \u2015afirman\u2015 son sometidos. Moraima Urb\u00e1ez dijo que no ha podido ver a su hijo de 33 a\u00f1os [&hellip;]","og_url":"https:\/\/noticiasya.com\/2024\/10\/03\/familiares-jovenes-detenidos-venezuela-exigen-liberacion-orix\/","og_site_name":"Noticias","article_published_time":"2024-10-04T01:03:47+00:00","twitter_card":"summary_large_image","twitter_misc":{"Est. reading time":"2 minutos"},"schema":{"@context":"https:\/\/schema.org","@graph":[{"@type":"Article","@id":"https:\/\/noticiasya.com\/2024\/10\/03\/familiares-jovenes-detenidos-venezuela-exigen-liberacion-orix\/#article","isPartOf":{"@id":"https:\/\/noticiasya.com\/2024\/10\/03\/familiares-jovenes-detenidos-venezuela-exigen-liberacion-orix\/"},"author":{"name":"","@id":""},"headline":"Familiares de j\u00f3venes detenidos en Venezuela exigen su liberaci\u00f3n","datePublished":"2024-10-04T01:03:47+00:00","mainEntityOfPage":{"@id":"https:\/\/noticiasya.com\/2024\/10\/03\/familiares-jovenes-detenidos-venezuela-exigen-liberacion-orix\/"},"wordCount":365,"commentCount":0,"publisher":{"@id":"https:\/\/noticiasya.com\/#organization"},"articleSection":["Noticias Nacionales"],"inLanguage":"es","potentialAction":[{"@type":"CommentAction","name":"Comment","target":["https:\/\/noticiasya.com\/2024\/10\/03\/familiares-jovenes-detenidos-venezuela-exigen-liberacion-orix\/#respond"]}]},{"@type":"WebPage","@id":"https:\/\/noticiasya.com\/2024\/10\/03\/familiares-jovenes-detenidos-venezuela-exigen-liberacion-orix\/","url":"https:\/\/noticiasya.com\/2024\/10\/03\/familiares-jovenes-detenidos-venezuela-exigen-liberacion-orix\/","name":"Familiares de j\u00f3venes detenidos en Venezuela exigen su liberaci\u00f3n - Noticias","isPartOf":{"@id":"https:\/\/noticiasya.com\/#website"},"datePublished":"2024-10-04T01:03:47+00:00","breadcrumb":{"@id":"https:\/\/noticiasya.com\/2024\/10\/03\/familiares-jovenes-detenidos-venezuela-exigen-liberacion-orix\/#breadcrumb"},"inLanguage":"es","potentialAction":[{"@type":"ReadAction","target":["https:\/\/noticiasya.com\/2024\/10\/03\/familiares-jovenes-detenidos-venezuela-exigen-liberacion-orix\/"]}]},{"@type":"BreadcrumbList","@id":"https:\/\/noticiasya.com\/2024\/10\/03\/familiares-jovenes-detenidos-venezuela-exigen-liberacion-orix\/#breadcrumb","itemListElement":[{"@type":"ListItem","position":1,"name":"Home","item":"https:\/\/noticiasya.com\/"},{"@type":"ListItem","position":2,"name":"Familiares de j\u00f3venes detenidos en Venezuela exigen su liberaci\u00f3n"}]},{"@type":"WebSite","@id":"https:\/\/noticiasya.com\/#website","url":"https:\/\/noticiasya.com\/","name":"Noticias","description":"Lo que importa","publisher":{"@id":"https:\/\/noticiasya.com\/#organization"},"potentialAction":[{"@type":"SearchAction","target":{"@type":"EntryPoint","urlTemplate":"https:\/\/noticiasya.com\/?s={search_term_string}"},"query-input":{"@type":"PropertyValueSpecification","valueRequired":true,"valueName":"search_term_string"}}],"inLanguage":"es"},{"@type":"Organization","@id":"https:\/\/noticiasya.com\/#organization","name":"Noticias","url":"https:\/\/noticiasya.com\/","logo":{"@type":"ImageObject","inLanguage":"es","@id":"https:\/\/noticiasya.com\/#\/schema\/logo\/image\/","url":"https:\/\/noticiasya.com\/wp-content\/uploads\/sites\/22\/2023\/12\/logo-nacional.png","contentUrl":"https:\/\/noticiasya.com\/wp-content\/uploads\/sites\/22\/2023\/12\/logo-nacional.png","width":1801,"height":691,"caption":"Noticias"},"image":{"@id":"https:\/\/noticiasya.com\/#\/schema\/logo\/image\/"}}]}},"parsely":{"version":"1.1.0","canonical_url":"https:\/\/noticiasya.com\/midland-odessa\/2024\/10\/03\/familiares-jovenes-detenidos-venezuela-exigen-liberacion-orix\/","smart_links":{"inbound":0,"outbound":0},"traffic_boost_suggestions_count":0,"meta":{"@context":"https:\/\/schema.org","@type":"NewsArticle","headline":"Familiares de j\u00f3venes detenidos en Venezuela exigen su liberaci\u00f3n","url":"http:\/\/noticiasya.com\/midland-odessa\/2024\/10\/03\/familiares-jovenes-detenidos-venezuela-exigen-liberacion-orix\/","mainEntityOfPage":{"@type":"WebPage","@id":"http:\/\/noticiasya.com\/midland-odessa\/2024\/10\/03\/familiares-jovenes-detenidos-venezuela-exigen-liberacion-orix\/"},"thumbnailUrl":"","image":{"@type":"ImageObject","url":""},"articleSection":"Noticias Nacionales","author":[],"creator":[],"publisher":{"@type":"Organization","name":"Noticias","logo":""},"keywords":[],"dateCreated":"2024-10-04T01:03:47Z","datePublished":"2024-10-04T01:03:47Z","dateModified":"2024-10-04T01:03:47Z"},"rendered":"<script type=\"application\/ld+json\" class=\"wp-parsely-metadata\">{\"@context\":\"https:\\\/\\\/schema.org\",\"@type\":\"NewsArticle\",\"headline\":\"Familiares de j\\u00f3venes detenidos en Venezuela exigen su liberaci\\u00f3n\",\"url\":\"http:\\\/\\\/noticiasya.com\\\/midland-odessa\\\/2024\\\/10\\\/03\\\/familiares-jovenes-detenidos-venezuela-exigen-liberacion-orix\\\/\",\"mainEntityOfPage\":{\"@type\":\"WebPage\",\"@id\":\"http:\\\/\\\/noticiasya.com\\\/midland-odessa\\\/2024\\\/10\\\/03\\\/familiares-jovenes-detenidos-venezuela-exigen-liberacion-orix\\\/\"},\"thumbnailUrl\":\"\",\"image\":{\"@type\":\"ImageObject\",\"url\":\"\"},\"articleSection\":\"Noticias Nacionales\",\"author\":[],\"creator\":[],\"publisher\":{\"@type\":\"Organization\",\"name\":\"Noticias\",\"logo\":\"\"},\"keywords\":[],\"dateCreated\":\"2024-10-04T01:03:47Z\",\"datePublished\":\"2024-10-04T01:03:47Z\",\"dateModified\":\"2024-10-04T01:03:47Z\"}<\/script>","tracker_url":"https:\/\/cdn.parsely.com\/keys\/noticiasya.com\/p.js"},"jetpack_featured_media_url":"","jetpack-related-posts":[{"id":1453101,"url":"https:\/\/noticiasya.com\/midland-odessa\/2024\/09\/26\/familiares-menores-detenidos-venezuela-fiscalia-orix\/","url_meta":{"origin":1454924,"position":0},"title":"Familiares de menores detenidos en Venezuela protestan frente a la Fiscal\u00eda","author":"","date":"septiembre 26, 2024","format":false,"excerpt":"(CNN Espa\u00f1ol) --\u00a0Madres y padres de adolescentes detenidos en el contexto de las protestas postelectorales realizaron este jueves un plant\u00f3n en el Parque Carabobo en Caracas, frente a la sede de la Fiscal\u00eda General de Venezuela, para exigir la liberaci\u00f3n de sus familiares.\"Son inocentes\", gritaron los asistentes a la concentraci\u00f3n\u2026","rel":"","context":"In &quot;Noticias Nacionales&quot;","block_context":{"text":"Noticias Nacionales","link":"https:\/\/noticiasya.com\/midland-odessa\/categoria\/noticias-nacionales"},"img":{"alt_text":"","src":"","width":0,"height":0},"classes":[]},{"id":1455757,"url":"https:\/\/noticiasya.com\/midland-odessa\/2024\/11\/11\/fiscal-general-venezuela-ninos-detenidos-elecciones-adolescentes-orix\/","url_meta":{"origin":1454924,"position":1},"title":"El fiscal general de Venezuela rechaza que haya ni\u00f1os detenidos tras las elecciones, pero admite que hay adolescentes","author":"","date":"noviembre 11, 2024","format":false,"excerpt":"(CNN Espa\u00f1ol) -- El fiscal general de Venezuela, Tarek William Saab, afirm\u00f3 este lunes a la prensa que en Venezuela no hay ni\u00f1os detenidos tras las protestas postelectorales, pero a la vez reconoci\u00f3 que los menores tras las rejas son \u201cunos pocos\u201d adolescentes cuyas edades oscilan entre los 16 y\u2026","rel":"","context":"In &quot;Noticias Nacionales&quot;","block_context":{"text":"Noticias Nacionales","link":"https:\/\/noticiasya.com\/midland-odessa\/categoria\/noticias-nacionales"},"img":{"alt_text":"","src":"","width":0,"height":0},"classes":[]},{"id":1464629,"url":"https:\/\/noticiasya.com\/midland-odessa\/2025\/07\/17\/familiares-detenidos-protestas-elecciones-vigilia-fiscalia-liberacion-orix\/","url_meta":{"origin":1454924,"position":2},"title":"Con fotos, pancartas y velas, familiares de detenidos en Venezuela realizan vigilia frente a Fiscal\u00eda y piden su liberaci\u00f3n","author":"","date":"julio 17, 2025","format":false,"excerpt":"Con una vela y una pancarta que mostraba la foto y el nombre de su hijo Roberto Alvarado, Jesusa Jansasoy particip\u00f3 este mi\u00e9rcoles de una vigilia frente a la Fiscal\u00eda de Venezuela. Ella y decenas de personas m\u00e1s exigieron la liberaci\u00f3n de sus familiares detenidos en medio de las protestas\u2026","rel":"","context":"In &quot;Noticias Nacionales&quot;","block_context":{"text":"Noticias Nacionales","link":"https:\/\/noticiasya.com\/midland-odessa\/categoria\/noticias-nacionales"},"img":{"alt_text":"","src":"","width":0,"height":0},"classes":[]},{"id":1455659,"url":"https:\/\/noticiasya.com\/midland-odessa\/2024\/11\/07\/familiares-detenidos-elecciones-venezuela-piden-liberacion-marchar-1-diciembre-orix\/","url_meta":{"origin":1454924,"position":3},"title":"Familiares de detenidos tras elecciones en Venezuela piden liberaciones. Advierten que marchar\u00e1n al Palacio de Miraflores el 1 de diciembre","author":"","date":"noviembre 7, 2024","format":false,"excerpt":"(CNN Espa\u00f1ol) -- De rodillas, entre oraciones y l\u00e1grimas, familiares de los detenidos tras las controversiales elecciones en Venezuela se concentraron frente al Palacio de Justicia, sede de los tribunales en el centro de Caracas, para leer una carta dirigida al presidente Nicol\u00e1s Maduro en la cual denuncian que sus\u2026","rel":"","context":"In &quot;Noticias Nacionales&quot;","block_context":{"text":"Noticias Nacionales","link":"https:\/\/noticiasya.com\/midland-odessa\/categoria\/noticias-nacionales"},"img":{"alt_text":"","src":"","width":0,"height":0},"classes":[]},{"id":1461968,"url":"https:\/\/noticiasya.com\/midland-odessa\/2025\/05\/04\/familias-estadounidenses-detenidos-extranjero-trax\/","url_meta":{"origin":1454924,"position":4},"title":"Familias de estadounidenses detenidos piden que no se les olvide","author":"","date":"mayo 4, 2025","format":false,"excerpt":"\u201cUno de los aspectos m\u00e1s dif\u00edciles\u201d de estar encarcelado en Rusia, record\u00f3 Marc Fogel, \u201cera sentir que me podr\u00edan olvidar\u201d.Fogel, profesor, estuvo detenido durante tres a\u00f1os y medio antes de ser liberado a mediados de febrero, convirti\u00e9ndose en uno de los primeros detenidos estadounidenses en ser liberados durante el segundo\u2026","rel":"","context":"In &quot;Noticias Nacionales&quot;","block_context":{"text":"Noticias Nacionales","link":"https:\/\/noticiasya.com\/midland-odessa\/categoria\/noticias-nacionales"},"img":{"alt_text":"","src":"","width":0,"height":0},"classes":[]},{"id":1462362,"url":"https:\/\/noticiasya.com\/midland-odessa\/2025\/05\/14\/familiares-venezolanos-cecot-reaccionan-video-detenidos-salvador-orix\/","url_meta":{"origin":1454924,"position":5},"title":"&#171;Nos duele el alma&#187;: familiares de venezolanos en Cecot reaccionan al primer video difundido de los detenidos en El Salvador","author":"","date":"mayo 14, 2025","format":false,"excerpt":"Sentada en un sill\u00f3n en su casa en Maracay, estado Aragua, Mirelis Cacique L\u00f3pez ve en su celular a su hijo, Francisco Javier Garc\u00eda Cacique, en el primer video difundido del grupo de venezolanos enviados por Estados Unidos y detenidos en la prisi\u00f3n de m\u00e1xima seguridad de El Salvador denominada\u2026","rel":"","context":"In &quot;Noticias Nacionales&quot;","block_context":{"text":"Noticias Nacionales","link":"https:\/\/noticiasya.com\/midland-odessa\/categoria\/noticias-nacionales"},"img":{"alt_text":"","src":"","width":0,"height":0},"classes":[]}],"jetpack_sharing_enabled":true,"_links":{"self":[{"href":"https:\/\/noticiasya.com\/midland-odessa\/wp-json\/wp\/v2\/posts\/1454924","targetHints":{"allow":["GET"]}}],"collection":[{"href":"https:\/\/noticiasya.com\/midland-odessa\/wp-json\/wp\/v2\/posts"}],"about":[{"href":"https:\/\/noticiasya.com\/midland-odessa\/wp-json\/wp\/v2\/types\/post"}],"replies":[{"embeddable":true,"href":"https:\/\/noticiasya.com\/midland-odessa\/wp-json\/wp\/v2\/comments?post=1454924"}],"version-history":[{"count":0,"href":"https:\/\/noticiasya.com\/midland-odessa\/wp-json\/wp\/v2\/posts\/1454924\/revisions"}],"wp:attachment":[{"href":"https:\/\/noticiasya.com\/midland-odessa\/wp-json\/wp\/v2\/media?parent=1454924"}],"wp:term":[{"taxonomy":"category","embeddable":true,"href":"https:\/\/noticiasya.com\/midland-odessa\/wp-json\/wp\/v2\/categories?post=1454924"},{"taxonomy":"post_tag","embeddable":true,"href":"https:\/\/noticiasya.com\/midland-odessa\/wp-json\/wp\/v2\/tags?post=1454924"}],"curies":[{"name":"wp","href":"https:\/\/api.w.org\/{rel}","templated":true}]}}