{"id":1454927,"date":"2024-10-03T19:03:38","date_gmt":"2024-10-04T02:03:38","guid":{"rendered":"https:\/\/noticiasya.com\/2024\/10\/03\/depresion-tropical-once-e-se-degrada-baja-presion-orix\/"},"modified":"2024-10-03T19:03:38","modified_gmt":"2024-10-04T02:03:38","slug":"depresion-tropical-once-e-se-degrada-baja-presion-orix","status":"publish","type":"post","link":"https:\/\/noticiasya.com\/midland-odessa\/2024\/10\/03\/depresion-tropical-once-e-se-degrada-baja-presion-orix\/","title":{"rendered":"Depresi\u00f3n tropical Once-E se degrada a baja presi\u00f3n frente a las costas del Pac\u00edfico mexicano"},"content":{"rendered":"<p>(CNN Espa\u00f1ol) &#8212; La Comisi\u00f3n Nacional del Agua de M\u00e9xico (Conagua) anunci\u00f3 este jueves que la depresi\u00f3n tropical Once-E se hab\u00eda degradado a un sistema de baja presi\u00f3n.<\/p>\n<p>No obstante, Conagua a\u00f1adi\u00f3 que el sistema mantendr\u00e1 lluvias intensas en el sur y sureste del pa\u00eds.<\/p>\n<p>\u201cSe prev\u00e9n vientos con rachas de 60 a 80 km\/h en costas de Oaxaca; rachas de 40 a 60 km\/h en costas de Guerrero y Chiapas, as\u00ed como oleaje de 1 a 3 metros de altura en costas de los estados mencionados\u201d, indica el comunicado, que se\u00f1ala que debido al debilitamiento del sistema, ser\u00e1 el \u00faltimo que se emite.<\/p>\n<p>The-CNN-Wire<br \/>&trade; &amp; &copy; 2024 Cable News Network, Inc., a Warner Bros. Discovery Company. All rights reserved.<\/p>\n","protected":false},"excerpt":{"rendered":"<p>(CNN Espa\u00f1ol) &#8212; La Comisi\u00f3n Nacional del Agua de M\u00e9xico (Conagua) anunci\u00f3 este jueves que la depresi\u00f3n tropical Once-E se hab\u00eda degradado a un sistema de baja presi\u00f3n. No obstante, Conagua a\u00f1adi\u00f3 que el sistema mantendr\u00e1 lluvias intensas en el sur y sureste del pa\u00eds. \u201cSe prev\u00e9n vientos con rachas de 60 a 80 km\/h [&hellip;]<\/p>\n","protected":false},"author":0,"featured_media":0,"comment_status":"open","ping_status":"open","sticky":false,"template":"","format":"standard","meta":{"_jetpack_memberships_contains_paid_content":false,"footnotes":""},"categories":[10],"tags":[],"class_list":["post-1454927","post","type-post","status-publish","format-standard","hentry","category-noticias-nacionales","market-global"],"yoast_head":"<!-- This site is optimized with the Yoast SEO plugin v24.4 - https:\/\/yoast.com\/wordpress\/plugins\/seo\/ -->\n<title>Depresi\u00f3n tropical Once-E se degrada a baja presi\u00f3n frente a las costas del Pac\u00edfico mexicano - Noticias<\/title>\n<meta name=\"robots\" content=\"index, follow, max-snippet:-1, max-image-preview:large, max-video-preview:-1\" \/>\n<link rel=\"canonical\" href=\"https:\/\/noticiasya.com\/2024\/10\/03\/depresion-tropical-once-e-se-degrada-baja-presion-orix\/\" \/>\n<meta property=\"og:locale\" content=\"es_ES\" \/>\n<meta property=\"og:type\" content=\"article\" \/>\n<meta property=\"og:title\" content=\"Depresi\u00f3n tropical Once-E se degrada a baja presi\u00f3n frente a las costas del Pac\u00edfico mexicano - Noticias\" \/>\n<meta property=\"og:description\" content=\"(CNN Espa\u00f1ol) &#8212; La Comisi\u00f3n Nacional del Agua de M\u00e9xico (Conagua) anunci\u00f3 este jueves que la depresi\u00f3n tropical Once-E se hab\u00eda degradado a un sistema de baja presi\u00f3n. No obstante, Conagua a\u00f1adi\u00f3 que el sistema mantendr\u00e1 lluvias intensas en el sur y sureste del pa\u00eds. \u201cSe prev\u00e9n vientos con rachas de 60 a 80 km\/h [&hellip;]\" \/>\n<meta property=\"og:url\" content=\"https:\/\/noticiasya.com\/2024\/10\/03\/depresion-tropical-once-e-se-degrada-baja-presion-orix\/\" \/>\n<meta property=\"og:site_name\" content=\"Noticias\" \/>\n<meta property=\"article:published_time\" content=\"2024-10-04T02:03:38+00:00\" \/>\n<meta name=\"twitter:card\" content=\"summary_large_image\" \/>\n<meta name=\"twitter:label1\" content=\"Est. reading time\" \/>\n\t<meta name=\"twitter:data1\" content=\"1 minuto\" \/>\n<script type=\"application\/ld+json\" class=\"yoast-schema-graph\">{\"@context\":\"https:\/\/schema.org\",\"@graph\":[{\"@type\":\"Article\",\"@id\":\"https:\/\/noticiasya.com\/2024\/10\/03\/depresion-tropical-once-e-se-degrada-baja-presion-orix\/#article\",\"isPartOf\":{\"@id\":\"https:\/\/noticiasya.com\/2024\/10\/03\/depresion-tropical-once-e-se-degrada-baja-presion-orix\/\"},\"author\":{\"name\":\"\",\"@id\":\"\"},\"headline\":\"Depresi\u00f3n tropical Once-E se degrada a baja presi\u00f3n frente a las costas del Pac\u00edfico mexicano\",\"datePublished\":\"2024-10-04T02:03:38+00:00\",\"mainEntityOfPage\":{\"@id\":\"https:\/\/noticiasya.com\/2024\/10\/03\/depresion-tropical-once-e-se-degrada-baja-presion-orix\/\"},\"wordCount\":144,\"commentCount\":0,\"publisher\":{\"@id\":\"https:\/\/noticiasya.com\/#organization\"},\"articleSection\":[\"Noticias Nacionales\"],\"inLanguage\":\"es\",\"potentialAction\":[{\"@type\":\"CommentAction\",\"name\":\"Comment\",\"target\":[\"https:\/\/noticiasya.com\/2024\/10\/03\/depresion-tropical-once-e-se-degrada-baja-presion-orix\/#respond\"]}]},{\"@type\":\"WebPage\",\"@id\":\"https:\/\/noticiasya.com\/2024\/10\/03\/depresion-tropical-once-e-se-degrada-baja-presion-orix\/\",\"url\":\"https:\/\/noticiasya.com\/2024\/10\/03\/depresion-tropical-once-e-se-degrada-baja-presion-orix\/\",\"name\":\"Depresi\u00f3n tropical Once-E se degrada a baja presi\u00f3n frente a las costas del Pac\u00edfico mexicano - Noticias\",\"isPartOf\":{\"@id\":\"https:\/\/noticiasya.com\/#website\"},\"datePublished\":\"2024-10-04T02:03:38+00:00\",\"breadcrumb\":{\"@id\":\"https:\/\/noticiasya.com\/2024\/10\/03\/depresion-tropical-once-e-se-degrada-baja-presion-orix\/#breadcrumb\"},\"inLanguage\":\"es\",\"potentialAction\":[{\"@type\":\"ReadAction\",\"target\":[\"https:\/\/noticiasya.com\/2024\/10\/03\/depresion-tropical-once-e-se-degrada-baja-presion-orix\/\"]}]},{\"@type\":\"BreadcrumbList\",\"@id\":\"https:\/\/noticiasya.com\/2024\/10\/03\/depresion-tropical-once-e-se-degrada-baja-presion-orix\/#breadcrumb\",\"itemListElement\":[{\"@type\":\"ListItem\",\"position\":1,\"name\":\"Home\",\"item\":\"https:\/\/noticiasya.com\/\"},{\"@type\":\"ListItem\",\"position\":2,\"name\":\"Depresi\u00f3n tropical Once-E se degrada a baja presi\u00f3n frente a las costas del Pac\u00edfico mexicano\"}]},{\"@type\":\"WebSite\",\"@id\":\"https:\/\/noticiasya.com\/#website\",\"url\":\"https:\/\/noticiasya.com\/\",\"name\":\"Noticias\",\"description\":\"Lo que importa\",\"publisher\":{\"@id\":\"https:\/\/noticiasya.com\/#organization\"},\"potentialAction\":[{\"@type\":\"SearchAction\",\"target\":{\"@type\":\"EntryPoint\",\"urlTemplate\":\"https:\/\/noticiasya.com\/?s={search_term_string}\"},\"query-input\":{\"@type\":\"PropertyValueSpecification\",\"valueRequired\":true,\"valueName\":\"search_term_string\"}}],\"inLanguage\":\"es\"},{\"@type\":\"Organization\",\"@id\":\"https:\/\/noticiasya.com\/#organization\",\"name\":\"Noticias\",\"url\":\"https:\/\/noticiasya.com\/\",\"logo\":{\"@type\":\"ImageObject\",\"inLanguage\":\"es\",\"@id\":\"https:\/\/noticiasya.com\/#\/schema\/logo\/image\/\",\"url\":\"https:\/\/noticiasya.com\/wp-content\/uploads\/sites\/22\/2023\/12\/logo-nacional.png\",\"contentUrl\":\"https:\/\/noticiasya.com\/wp-content\/uploads\/sites\/22\/2023\/12\/logo-nacional.png\",\"width\":1801,\"height\":691,\"caption\":\"Noticias\"},\"image\":{\"@id\":\"https:\/\/noticiasya.com\/#\/schema\/logo\/image\/\"}}]}<\/script>\n<!-- \/ Yoast SEO plugin. -->","yoast_head_json":{"title":"Depresi\u00f3n tropical Once-E se degrada a baja presi\u00f3n frente a las costas del Pac\u00edfico mexicano - Noticias","robots":{"index":"index","follow":"follow","max-snippet":"max-snippet:-1","max-image-preview":"max-image-preview:large","max-video-preview":"max-video-preview:-1"},"canonical":"https:\/\/noticiasya.com\/2024\/10\/03\/depresion-tropical-once-e-se-degrada-baja-presion-orix\/","og_locale":"es_ES","og_type":"article","og_title":"Depresi\u00f3n tropical Once-E se degrada a baja presi\u00f3n frente a las costas del Pac\u00edfico mexicano - Noticias","og_description":"(CNN Espa\u00f1ol) &#8212; La Comisi\u00f3n Nacional del Agua de M\u00e9xico (Conagua) anunci\u00f3 este jueves que la depresi\u00f3n tropical Once-E se hab\u00eda degradado a un sistema de baja presi\u00f3n. No obstante, Conagua a\u00f1adi\u00f3 que el sistema mantendr\u00e1 lluvias intensas en el sur y sureste del pa\u00eds. \u201cSe prev\u00e9n vientos con rachas de 60 a 80 km\/h [&hellip;]","og_url":"https:\/\/noticiasya.com\/2024\/10\/03\/depresion-tropical-once-e-se-degrada-baja-presion-orix\/","og_site_name":"Noticias","article_published_time":"2024-10-04T02:03:38+00:00","twitter_card":"summary_large_image","twitter_misc":{"Est. reading time":"1 minuto"},"schema":{"@context":"https:\/\/schema.org","@graph":[{"@type":"Article","@id":"https:\/\/noticiasya.com\/2024\/10\/03\/depresion-tropical-once-e-se-degrada-baja-presion-orix\/#article","isPartOf":{"@id":"https:\/\/noticiasya.com\/2024\/10\/03\/depresion-tropical-once-e-se-degrada-baja-presion-orix\/"},"author":{"name":"","@id":""},"headline":"Depresi\u00f3n tropical Once-E se degrada a baja presi\u00f3n frente a las costas del Pac\u00edfico mexicano","datePublished":"2024-10-04T02:03:38+00:00","mainEntityOfPage":{"@id":"https:\/\/noticiasya.com\/2024\/10\/03\/depresion-tropical-once-e-se-degrada-baja-presion-orix\/"},"wordCount":144,"commentCount":0,"publisher":{"@id":"https:\/\/noticiasya.com\/#organization"},"articleSection":["Noticias Nacionales"],"inLanguage":"es","potentialAction":[{"@type":"CommentAction","name":"Comment","target":["https:\/\/noticiasya.com\/2024\/10\/03\/depresion-tropical-once-e-se-degrada-baja-presion-orix\/#respond"]}]},{"@type":"WebPage","@id":"https:\/\/noticiasya.com\/2024\/10\/03\/depresion-tropical-once-e-se-degrada-baja-presion-orix\/","url":"https:\/\/noticiasya.com\/2024\/10\/03\/depresion-tropical-once-e-se-degrada-baja-presion-orix\/","name":"Depresi\u00f3n tropical Once-E se degrada a baja presi\u00f3n frente a las costas del Pac\u00edfico mexicano - Noticias","isPartOf":{"@id":"https:\/\/noticiasya.com\/#website"},"datePublished":"2024-10-04T02:03:38+00:00","breadcrumb":{"@id":"https:\/\/noticiasya.com\/2024\/10\/03\/depresion-tropical-once-e-se-degrada-baja-presion-orix\/#breadcrumb"},"inLanguage":"es","potentialAction":[{"@type":"ReadAction","target":["https:\/\/noticiasya.com\/2024\/10\/03\/depresion-tropical-once-e-se-degrada-baja-presion-orix\/"]}]},{"@type":"BreadcrumbList","@id":"https:\/\/noticiasya.com\/2024\/10\/03\/depresion-tropical-once-e-se-degrada-baja-presion-orix\/#breadcrumb","itemListElement":[{"@type":"ListItem","position":1,"name":"Home","item":"https:\/\/noticiasya.com\/"},{"@type":"ListItem","position":2,"name":"Depresi\u00f3n tropical Once-E se degrada a baja presi\u00f3n frente a las costas del Pac\u00edfico mexicano"}]},{"@type":"WebSite","@id":"https:\/\/noticiasya.com\/#website","url":"https:\/\/noticiasya.com\/","name":"Noticias","description":"Lo que importa","publisher":{"@id":"https:\/\/noticiasya.com\/#organization"},"potentialAction":[{"@type":"SearchAction","target":{"@type":"EntryPoint","urlTemplate":"https:\/\/noticiasya.com\/?s={search_term_string}"},"query-input":{"@type":"PropertyValueSpecification","valueRequired":true,"valueName":"search_term_string"}}],"inLanguage":"es"},{"@type":"Organization","@id":"https:\/\/noticiasya.com\/#organization","name":"Noticias","url":"https:\/\/noticiasya.com\/","logo":{"@type":"ImageObject","inLanguage":"es","@id":"https:\/\/noticiasya.com\/#\/schema\/logo\/image\/","url":"https:\/\/noticiasya.com\/wp-content\/uploads\/sites\/22\/2023\/12\/logo-nacional.png","contentUrl":"https:\/\/noticiasya.com\/wp-content\/uploads\/sites\/22\/2023\/12\/logo-nacional.png","width":1801,"height":691,"caption":"Noticias"},"image":{"@id":"https:\/\/noticiasya.com\/#\/schema\/logo\/image\/"}}]}},"parsely":{"version":"1.1.0","canonical_url":"https:\/\/noticiasya.com\/midland-odessa\/2024\/10\/03\/depresion-tropical-once-e-se-degrada-baja-presion-orix\/","smart_links":{"inbound":0,"outbound":0},"traffic_boost_suggestions_count":0,"meta":{"@context":"https:\/\/schema.org","@type":"NewsArticle","headline":"Depresi\u00f3n tropical Once-E se degrada a baja presi\u00f3n frente a las costas del Pac\u00edfico mexicano","url":"http:\/\/noticiasya.com\/midland-odessa\/2024\/10\/03\/depresion-tropical-once-e-se-degrada-baja-presion-orix\/","mainEntityOfPage":{"@type":"WebPage","@id":"http:\/\/noticiasya.com\/midland-odessa\/2024\/10\/03\/depresion-tropical-once-e-se-degrada-baja-presion-orix\/"},"thumbnailUrl":"","image":{"@type":"ImageObject","url":""},"articleSection":"Noticias Nacionales","author":[],"creator":[],"publisher":{"@type":"Organization","name":"Noticias","logo":""},"keywords":[],"dateCreated":"2024-10-04T02:03:38Z","datePublished":"2024-10-04T02:03:38Z","dateModified":"2024-10-04T02:03:38Z"},"rendered":"<script type=\"application\/ld+json\" class=\"wp-parsely-metadata\">{\"@context\":\"https:\\\/\\\/schema.org\",\"@type\":\"NewsArticle\",\"headline\":\"Depresi\\u00f3n tropical Once-E se degrada a baja presi\\u00f3n frente a las costas del Pac\\u00edfico mexicano\",\"url\":\"http:\\\/\\\/noticiasya.com\\\/midland-odessa\\\/2024\\\/10\\\/03\\\/depresion-tropical-once-e-se-degrada-baja-presion-orix\\\/\",\"mainEntityOfPage\":{\"@type\":\"WebPage\",\"@id\":\"http:\\\/\\\/noticiasya.com\\\/midland-odessa\\\/2024\\\/10\\\/03\\\/depresion-tropical-once-e-se-degrada-baja-presion-orix\\\/\"},\"thumbnailUrl\":\"\",\"image\":{\"@type\":\"ImageObject\",\"url\":\"\"},\"articleSection\":\"Noticias Nacionales\",\"author\":[],\"creator\":[],\"publisher\":{\"@type\":\"Organization\",\"name\":\"Noticias\",\"logo\":\"\"},\"keywords\":[],\"dateCreated\":\"2024-10-04T02:03:38Z\",\"datePublished\":\"2024-10-04T02:03:38Z\",\"dateModified\":\"2024-10-04T02:03:38Z\"}<\/script>","tracker_url":"https:\/\/cdn.parsely.com\/keys\/noticiasya.com\/p.js"},"jetpack_featured_media_url":"","jetpack-related-posts":[{"id":1452672,"url":"https:\/\/noticiasya.com\/midland-odessa\/2024\/09\/14\/trayectoria-tormenta-tropical-ileana-donde-esta-y-hacia-donde-dirige-orix\/","url_meta":{"origin":1454927,"position":0},"title":"Trayectoria de la tormenta tropical Ileana: d\u00f3nde est\u00e1 y hacia d\u00f3nde se dirige","author":"","date":"septiembre 14, 2024","format":false,"excerpt":"(CNN Espa\u00f1ol) --\u00a0Ileana se desplaza en la zona cercana a las costas de Baja California Sur, M\u00e9xico, a una velocidad de 11 kil\u00f3metros por hora, con vientos sostenidos de 65 kil\u00f3metros por hora, de acuerdo con un reporte de este s\u00e1bado del Centro Nacional de Huracanes de EE.UU. (National Hurricane\u2026","rel":"","context":"In &quot;Noticias Nacionales&quot;","block_context":{"text":"Noticias Nacionales","link":"https:\/\/noticiasya.com\/midland-odessa\/categoria\/noticias-nacionales"},"img":{"alt_text":"","src":"","width":0,"height":0},"classes":[]},{"id":1455257,"url":"https:\/\/noticiasya.com\/midland-odessa\/2024\/10\/19\/trayectoria-tormenta-tropical-nadine-orix\/","url_meta":{"origin":1454927,"position":1},"title":"Trayectoria de la depresi\u00f3n tropical Nadine: d\u00f3nde est\u00e1 y hacia d\u00f3nde se dirige","author":"","date":"octubre 19, 2024","format":false,"excerpt":"(CNN Espa\u00f1ol) --\u00a0La tormenta tropical Nadine se degrad\u00f3 a depresi\u00f3n tropical este s\u00e1bado sobre el norte de Guatemala, inform\u00f3 la Comisi\u00f3n Nacional del Agua (Conagua) de M\u00e9xico en su reporte de las 8:00 p.m. ET.El centro de Nadine toc\u00f3 tierra a las 12 p.m. ET en las inmediaciones de Belice,\u2026","rel":"","context":"In &quot;Noticias Nacionales&quot;","block_context":{"text":"Noticias Nacionales","link":"https:\/\/noticiasya.com\/midland-odessa\/categoria\/noticias-nacionales"},"img":{"alt_text":"","src":"","width":0,"height":0},"classes":[]},{"id":1453288,"url":"https:\/\/noticiasya.com\/midland-odessa\/2024\/10\/02\/trayectoria-tormenta-tropical-kristy-donde-esta-donde-se-dirige-orix\/","url_meta":{"origin":1454927,"position":2},"title":"Trayectoria de la depresi\u00f3n tropical Once-E, que podr\u00eda convertirse en la tormenta Kristy","author":"","date":"octubre 2, 2024","format":false,"excerpt":"(CNN Espa\u00f1ol) -- La depresi\u00f3n tropical Once-E que se desplaza frente a las costas de Oaxaca, M\u00e9xico, cobrar\u00e1 fuerza en las pr\u00f3ximas horas y se prev\u00e9 que se convierta en la tormenta tropical Kristy entre la noche del mi\u00e9rcoles 2 y jueves 3 de octubre, seg\u00fan el Sistema Meteorol\u00f3gico Nacional\u2026","rel":"","context":"In &quot;Noticias Nacionales&quot;","block_context":{"text":"Noticias Nacionales","link":"https:\/\/noticiasya.com\/midland-odessa\/categoria\/noticias-nacionales"},"img":{"alt_text":"","src":"","width":0,"height":0},"classes":[]},{"id":1463034,"url":"https:\/\/noticiasya.com\/midland-odessa\/2025\/05\/30\/trayectoria-tormenta-tropical-alvin-donde-esta-amenaza-orix\/","url_meta":{"origin":1454927,"position":3},"title":"Trayectoria de la tormenta tropical Alvin: d\u00f3nde est\u00e1 y qu\u00e9 pa\u00edses amenaza","author":"","date":"mayo 30, 2025","format":false,"excerpt":"La tormenta tropical Alvin, que se form\u00f3 el jueves, se encuentra la noche de este viernes a 420 km de Cabo Corrientes, Jalisco, y avanza por el oc\u00e9ano Pac\u00edfico hacia el noroeste, en direcci\u00f3n hacia Baja California Sur, seg\u00fan inform\u00f3 el Servicio Meteorol\u00f3gico Nacional de M\u00e9xico (SMN).Alvin es el primer\u2026","rel":"","context":"In &quot;Noticias Nacionales&quot;","block_context":{"text":"Noticias Nacionales","link":"https:\/\/noticiasya.com\/midland-odessa\/categoria\/noticias-nacionales"},"img":{"alt_text":"","src":"","width":0,"height":0},"classes":[]},{"id":1450485,"url":"https:\/\/noticiasya.com\/midland-odessa\/2024\/06\/18\/cuando-se-convertira-ciclon-golfo-mexico-tormenta-tropical-alberto-cuando-tocara-tierra-orix\/","url_meta":{"origin":1454927,"position":4},"title":"\u00bfCu\u00e1ndo se convertir\u00e1 el cicl\u00f3n del golfo de M\u00e9xico en la tormenta tropical Alberto y cu\u00e1ndo tocar\u00e1 tierra?","author":"","date":"junio 18, 2024","format":false,"excerpt":"(CNN Espa\u00f1ol) -- El Cicl\u00f3n Tropical Potencial Uno que actualmente se desarrolla en el golfo de M\u00e9xico se convertir\u00e1 en la tormenta tropical Alberto el mi\u00e9rcoles, seg\u00fan las \u00faltimas previsiones del Centro Nacional de Huracanes (NHC, por sus siglas en ingl\u00e9s) y del Servicio Meteorol\u00f3gico Nacional (SMN) de M\u00e9xico.Hasta la\u2026","rel":"","context":"In &quot;Noticias Nacionales&quot;","block_context":{"text":"Noticias Nacionales","link":"https:\/\/noticiasya.com\/midland-odessa\/categoria\/noticias-nacionales"},"img":{"alt_text":"","src":"","width":0,"height":0},"classes":[]},{"id":1467147,"url":"https:\/\/noticiasya.com\/midland-odessa\/2025\/10\/06\/huracan-priscilla-que-estados-amenaza-orix\/","url_meta":{"origin":1454927,"position":5},"title":"\u00bfQu\u00e9 estados de M\u00e9xico amenaza el hurac\u00e1n Priscilla?","author":"","date":"octubre 6, 2025","format":false,"excerpt":"El hurac\u00e1n Priscilla contin\u00faa fortaleci\u00e9ndose frente a las costas del Pac\u00edfico mexicano y mantiene bajo amenaza a varios estados del suroeste del pa\u00eds, con lluvias intensas, fuertes rachas de viento y oleaje elevado.Priscilla podr\u00eda alcanzar la categor\u00eda 2 en la escala Saffir-Simpson en las pr\u00f3ximas horas e incluso acercarse a\u2026","rel":"","context":"In &quot;Noticias Nacionales&quot;","block_context":{"text":"Noticias Nacionales","link":"https:\/\/noticiasya.com\/midland-odessa\/categoria\/noticias-nacionales"},"img":{"alt_text":"","src":"","width":0,"height":0},"classes":[]}],"jetpack_sharing_enabled":true,"_links":{"self":[{"href":"https:\/\/noticiasya.com\/midland-odessa\/wp-json\/wp\/v2\/posts\/1454927","targetHints":{"allow":["GET"]}}],"collection":[{"href":"https:\/\/noticiasya.com\/midland-odessa\/wp-json\/wp\/v2\/posts"}],"about":[{"href":"https:\/\/noticiasya.com\/midland-odessa\/wp-json\/wp\/v2\/types\/post"}],"replies":[{"embeddable":true,"href":"https:\/\/noticiasya.com\/midland-odessa\/wp-json\/wp\/v2\/comments?post=1454927"}],"version-history":[{"count":0,"href":"https:\/\/noticiasya.com\/midland-odessa\/wp-json\/wp\/v2\/posts\/1454927\/revisions"}],"wp:attachment":[{"href":"https:\/\/noticiasya.com\/midland-odessa\/wp-json\/wp\/v2\/media?parent=1454927"}],"wp:term":[{"taxonomy":"category","embeddable":true,"href":"https:\/\/noticiasya.com\/midland-odessa\/wp-json\/wp\/v2\/categories?post=1454927"},{"taxonomy":"post_tag","embeddable":true,"href":"https:\/\/noticiasya.com\/midland-odessa\/wp-json\/wp\/v2\/tags?post=1454927"}],"curies":[{"name":"wp","href":"https:\/\/api.w.org\/{rel}","templated":true}]}}