{"id":1454928,"date":"2024-10-03T20:03:44","date_gmt":"2024-10-04T03:03:44","guid":{"rendered":"https:\/\/noticiasya.com\/2024\/10\/03\/orden-de-arresto-evo-morales-queda-sin-efecto-bolivia-orix\/"},"modified":"2024-10-03T20:03:44","modified_gmt":"2024-10-04T03:03:44","slug":"orden-de-arresto-evo-morales-queda-sin-efecto-bolivia-orix","status":"publish","type":"post","link":"https:\/\/noticiasya.com\/midland-odessa\/2024\/10\/03\/orden-de-arresto-evo-morales-queda-sin-efecto-bolivia-orix\/","title":{"rendered":"Exfiscal de Tarija en Bolivia dice que fue destituida por emitir orden de arresto contra Evo Morales"},"content":{"rendered":"<p>(CNN Espa\u00f1ol) &#8212; La exfiscal departamental de Tarija, Sandra Guti\u00e9rrez, dijo este mi\u00e9rcoles que fue destituida por emitir una orden de arresto contra el expresidente de Bolivia Evo Morales y que este mandamiento judicial ya qued\u00f3 sin efecto.<\/p>\n<p>En declaraciones a los medios a las puertas de la Fiscal\u00eda de Tarija, Guti\u00e9rrez dijo que orden\u00f3 el arresto contra Morales porque se le considera responsable de trata y tr\u00e1fico de personas. Agreg\u00f3 que al menos una de las posibles v\u00edctimas es una menor de edad y que por esa raz\u00f3n no puede dar m\u00e1s detalles del caso.<\/p>\n<p>CNN contact\u00f3 a Morales este jueves para obtener su respuesta a esas acusaciones y est\u00e1 en espera de respuesta.<\/p>\n<p>El exmandatario \u2014quien quiere volver a ser candidato presidencial en 2025\u2014 public\u00f3 un mensaje en sus cuentas de X y Facebook en el que rechaz\u00f3 los se\u00f1alamientos y los atribuy\u00f3 a un supuesto intento por silenciarlo.<\/p>\n<p>\u201c\u00a1No me extra\u00f1a ni me preocupa! Todos los gobiernos neoliberales, incluido el actual, me amenazaron, me persiguieron, me encarcelaron, intentaron matarme. \u00a1No tengo miedo! \u00a1No me callar\u00e1n! Seguir\u00e9 luchando junto a nuestro pueblo, junto a mis hermanas y hermanos que nunca me abandonaron. Junto al poncho y la pollera\u201d, dijo.<\/p>\n<p>La orden de arresto, seg\u00fan Guti\u00e9rrez, qued\u00f3 sin efecto este mismo mi\u00e9rcoles a ra\u00edz de un recurso legal conocido como acci\u00f3n de libertad, promovido en la ciudad de Santa Cruz.<\/p>\n<p>A la par \u2014agreg\u00f3 la exfiscal\u2014, ella recibi\u00f3 reclamos por parte del fiscal general de Bolivia, Juan Lanchipa.<\/p>\n<p>Seg\u00fan Guti\u00e9rrez, cuando Lanchipa supo que la Fiscal\u00eda de Tarija trabajaba en este caso, le asegur\u00f3 que otra \u00e1rea especializada se encargar\u00eda de \u00e9l, y en represalia este mi\u00e9rcoles le pidi\u00f3 renunciar al cargo. Despu\u00e9s de que ella se neg\u00f3 a dimitir, \u00e9l orden\u00f3 su destituci\u00f3n.<\/p>\n<p>\u201cTen\u00edamos un mandamiento de aprehensi\u00f3n contra el se\u00f1or Juan Evo Morales Ayma, ten\u00edamos aprehensi\u00f3n tambi\u00e9n hacia otras personas, lo han dejado sin efecto, absolutamente nada\u201d, dijo Guti\u00e9rrez.<\/p>\n<p>Exfiscal Guti\u00e9rrez: Seguir\u00eda en el cargo si hubiera dejado el caso Morales 2:53<\/p>\n<p>\u201cYo en su momento voy a demostrar con pruebas lo que el se\u00f1or Juan Lanchipa Ponce me habl\u00f3, de la forma tan grosera en que me ha hablado a m\u00ed el fiscal general, indic\u00e1ndome \u2018que te he dicho que dejes ese caso\u2019\u201d, insisti\u00f3.<\/p>\n<p>Gobierno de Bolivia denuncia presunta agresi\u00f3n de simpatizantes de Evo Morales en El Alto; el expresidente dice que su movilizaci\u00f3n es pac\u00edfica<\/p>\n<p>La Fiscal\u00eda General de Bolivia respondi\u00f3 a los se\u00f1alamientos este jueves. En un comunicado, Lanchipa dijo que la orden de arresto se deriv\u00f3 de un informe de inteligencia policial y que, por lo complejo del caso, orden\u00f3 crear una comisi\u00f3n de fiscales especializados. Tambi\u00e9n neg\u00f3 haber frenado acciones del Ministerio P\u00fablico y agreg\u00f3 que el mandamiento judicial contra Morales qued\u00f3 sin efecto por decisi\u00f3n de una jueza de garant\u00edas constitucionales, que consider\u00f3 que se hab\u00edan violado derechos fundamentales.<\/p>\n<p>\u201cEl suscrito fiscal general del Estado en ning\u00fan momento dio instrucci\u00f3n alguna de paralizar el proceso indicado\u201d, asegur\u00f3 Lanchipa y agreg\u00f3 que Guti\u00e9rrez fue destituida por deficiencias en su \u201cidoneidad profesional\u201d que \u2014seg\u00fan el funcionario\u2014 quedaron expuestas en este y otros casos.<\/p>\n<p>\u201cNo se puede avalar actuaciones irregulares por respeto al principio de objetividad, m\u00e1s all\u00e1 del presunto sujeto activo de un posible hecho delictivo\u201d, concluy\u00f3.<\/p>\n<p>Con informaci\u00f3n de Ivonne Vald\u00e9s y Karina Maciel<\/p>\n<p>The-CNN-Wire<br \/>&trade; &amp; &copy; 2024 Cable News Network, Inc., a Warner Bros. Discovery Company. All rights reserved.<\/p>\n","protected":false},"excerpt":{"rendered":"<p>(CNN Espa\u00f1ol) &#8212; La exfiscal departamental de Tarija, Sandra Guti\u00e9rrez, dijo este mi\u00e9rcoles que fue destituida por emitir una orden de arresto contra el expresidente de Bolivia Evo Morales y que este mandamiento judicial ya qued\u00f3 sin efecto. En declaraciones a los medios a las puertas de la Fiscal\u00eda de Tarija, Guti\u00e9rrez dijo que orden\u00f3 [&hellip;]<\/p>\n","protected":false},"author":0,"featured_media":0,"comment_status":"open","ping_status":"open","sticky":false,"template":"","format":"standard","meta":{"_jetpack_memberships_contains_paid_content":false,"footnotes":""},"categories":[10],"tags":[],"class_list":["post-1454928","post","type-post","status-publish","format-standard","hentry","category-noticias-nacionales","market-global"],"yoast_head":"<!-- This site is optimized with the Yoast SEO plugin v24.4 - https:\/\/yoast.com\/wordpress\/plugins\/seo\/ -->\n<title>Exfiscal de Tarija en Bolivia dice que fue destituida por emitir orden de arresto contra Evo Morales - Noticias<\/title>\n<meta name=\"robots\" content=\"index, follow, max-snippet:-1, max-image-preview:large, max-video-preview:-1\" \/>\n<link rel=\"canonical\" href=\"https:\/\/noticiasya.com\/2024\/10\/03\/orden-de-arresto-evo-morales-queda-sin-efecto-bolivia-orix\/\" \/>\n<meta property=\"og:locale\" content=\"es_ES\" \/>\n<meta property=\"og:type\" content=\"article\" \/>\n<meta property=\"og:title\" content=\"Exfiscal de Tarija en Bolivia dice que fue destituida por emitir orden de arresto contra Evo Morales - Noticias\" \/>\n<meta property=\"og:description\" content=\"(CNN Espa\u00f1ol) &#8212; La exfiscal departamental de Tarija, Sandra Guti\u00e9rrez, dijo este mi\u00e9rcoles que fue destituida por emitir una orden de arresto contra el expresidente de Bolivia Evo Morales y que este mandamiento judicial ya qued\u00f3 sin efecto. En declaraciones a los medios a las puertas de la Fiscal\u00eda de Tarija, Guti\u00e9rrez dijo que orden\u00f3 [&hellip;]\" \/>\n<meta property=\"og:url\" content=\"https:\/\/noticiasya.com\/2024\/10\/03\/orden-de-arresto-evo-morales-queda-sin-efecto-bolivia-orix\/\" \/>\n<meta property=\"og:site_name\" content=\"Noticias\" \/>\n<meta property=\"article:published_time\" content=\"2024-10-04T03:03:44+00:00\" \/>\n<meta name=\"twitter:card\" content=\"summary_large_image\" \/>\n<meta name=\"twitter:label1\" content=\"Est. reading time\" \/>\n\t<meta name=\"twitter:data1\" content=\"3 minutos\" \/>\n<script type=\"application\/ld+json\" class=\"yoast-schema-graph\">{\"@context\":\"https:\/\/schema.org\",\"@graph\":[{\"@type\":\"Article\",\"@id\":\"https:\/\/noticiasya.com\/2024\/10\/03\/orden-de-arresto-evo-morales-queda-sin-efecto-bolivia-orix\/#article\",\"isPartOf\":{\"@id\":\"https:\/\/noticiasya.com\/2024\/10\/03\/orden-de-arresto-evo-morales-queda-sin-efecto-bolivia-orix\/\"},\"author\":{\"name\":\"\",\"@id\":\"\"},\"headline\":\"Exfiscal de Tarija en Bolivia dice que fue destituida por emitir orden de arresto contra Evo Morales\",\"datePublished\":\"2024-10-04T03:03:44+00:00\",\"mainEntityOfPage\":{\"@id\":\"https:\/\/noticiasya.com\/2024\/10\/03\/orden-de-arresto-evo-morales-queda-sin-efecto-bolivia-orix\/\"},\"wordCount\":636,\"commentCount\":0,\"publisher\":{\"@id\":\"https:\/\/noticiasya.com\/#organization\"},\"articleSection\":[\"Noticias Nacionales\"],\"inLanguage\":\"es\",\"potentialAction\":[{\"@type\":\"CommentAction\",\"name\":\"Comment\",\"target\":[\"https:\/\/noticiasya.com\/2024\/10\/03\/orden-de-arresto-evo-morales-queda-sin-efecto-bolivia-orix\/#respond\"]}]},{\"@type\":\"WebPage\",\"@id\":\"https:\/\/noticiasya.com\/2024\/10\/03\/orden-de-arresto-evo-morales-queda-sin-efecto-bolivia-orix\/\",\"url\":\"https:\/\/noticiasya.com\/2024\/10\/03\/orden-de-arresto-evo-morales-queda-sin-efecto-bolivia-orix\/\",\"name\":\"Exfiscal de Tarija en Bolivia dice que fue destituida por emitir orden de arresto contra Evo Morales - Noticias\",\"isPartOf\":{\"@id\":\"https:\/\/noticiasya.com\/#website\"},\"datePublished\":\"2024-10-04T03:03:44+00:00\",\"breadcrumb\":{\"@id\":\"https:\/\/noticiasya.com\/2024\/10\/03\/orden-de-arresto-evo-morales-queda-sin-efecto-bolivia-orix\/#breadcrumb\"},\"inLanguage\":\"es\",\"potentialAction\":[{\"@type\":\"ReadAction\",\"target\":[\"https:\/\/noticiasya.com\/2024\/10\/03\/orden-de-arresto-evo-morales-queda-sin-efecto-bolivia-orix\/\"]}]},{\"@type\":\"BreadcrumbList\",\"@id\":\"https:\/\/noticiasya.com\/2024\/10\/03\/orden-de-arresto-evo-morales-queda-sin-efecto-bolivia-orix\/#breadcrumb\",\"itemListElement\":[{\"@type\":\"ListItem\",\"position\":1,\"name\":\"Home\",\"item\":\"https:\/\/noticiasya.com\/\"},{\"@type\":\"ListItem\",\"position\":2,\"name\":\"Exfiscal de Tarija en Bolivia dice que fue destituida por emitir orden de arresto contra Evo Morales\"}]},{\"@type\":\"WebSite\",\"@id\":\"https:\/\/noticiasya.com\/#website\",\"url\":\"https:\/\/noticiasya.com\/\",\"name\":\"Noticias\",\"description\":\"Lo que importa\",\"publisher\":{\"@id\":\"https:\/\/noticiasya.com\/#organization\"},\"potentialAction\":[{\"@type\":\"SearchAction\",\"target\":{\"@type\":\"EntryPoint\",\"urlTemplate\":\"https:\/\/noticiasya.com\/?s={search_term_string}\"},\"query-input\":{\"@type\":\"PropertyValueSpecification\",\"valueRequired\":true,\"valueName\":\"search_term_string\"}}],\"inLanguage\":\"es\"},{\"@type\":\"Organization\",\"@id\":\"https:\/\/noticiasya.com\/#organization\",\"name\":\"Noticias\",\"url\":\"https:\/\/noticiasya.com\/\",\"logo\":{\"@type\":\"ImageObject\",\"inLanguage\":\"es\",\"@id\":\"https:\/\/noticiasya.com\/#\/schema\/logo\/image\/\",\"url\":\"https:\/\/noticiasya.com\/wp-content\/uploads\/sites\/22\/2023\/12\/logo-nacional.png\",\"contentUrl\":\"https:\/\/noticiasya.com\/wp-content\/uploads\/sites\/22\/2023\/12\/logo-nacional.png\",\"width\":1801,\"height\":691,\"caption\":\"Noticias\"},\"image\":{\"@id\":\"https:\/\/noticiasya.com\/#\/schema\/logo\/image\/\"}}]}<\/script>\n<!-- \/ Yoast SEO plugin. -->","yoast_head_json":{"title":"Exfiscal de Tarija en Bolivia dice que fue destituida por emitir orden de arresto contra Evo Morales - Noticias","robots":{"index":"index","follow":"follow","max-snippet":"max-snippet:-1","max-image-preview":"max-image-preview:large","max-video-preview":"max-video-preview:-1"},"canonical":"https:\/\/noticiasya.com\/2024\/10\/03\/orden-de-arresto-evo-morales-queda-sin-efecto-bolivia-orix\/","og_locale":"es_ES","og_type":"article","og_title":"Exfiscal de Tarija en Bolivia dice que fue destituida por emitir orden de arresto contra Evo Morales - Noticias","og_description":"(CNN Espa\u00f1ol) &#8212; La exfiscal departamental de Tarija, Sandra Guti\u00e9rrez, dijo este mi\u00e9rcoles que fue destituida por emitir una orden de arresto contra el expresidente de Bolivia Evo Morales y que este mandamiento judicial ya qued\u00f3 sin efecto. En declaraciones a los medios a las puertas de la Fiscal\u00eda de Tarija, Guti\u00e9rrez dijo que orden\u00f3 [&hellip;]","og_url":"https:\/\/noticiasya.com\/2024\/10\/03\/orden-de-arresto-evo-morales-queda-sin-efecto-bolivia-orix\/","og_site_name":"Noticias","article_published_time":"2024-10-04T03:03:44+00:00","twitter_card":"summary_large_image","twitter_misc":{"Est. reading time":"3 minutos"},"schema":{"@context":"https:\/\/schema.org","@graph":[{"@type":"Article","@id":"https:\/\/noticiasya.com\/2024\/10\/03\/orden-de-arresto-evo-morales-queda-sin-efecto-bolivia-orix\/#article","isPartOf":{"@id":"https:\/\/noticiasya.com\/2024\/10\/03\/orden-de-arresto-evo-morales-queda-sin-efecto-bolivia-orix\/"},"author":{"name":"","@id":""},"headline":"Exfiscal de Tarija en Bolivia dice que fue destituida por emitir orden de arresto contra Evo Morales","datePublished":"2024-10-04T03:03:44+00:00","mainEntityOfPage":{"@id":"https:\/\/noticiasya.com\/2024\/10\/03\/orden-de-arresto-evo-morales-queda-sin-efecto-bolivia-orix\/"},"wordCount":636,"commentCount":0,"publisher":{"@id":"https:\/\/noticiasya.com\/#organization"},"articleSection":["Noticias Nacionales"],"inLanguage":"es","potentialAction":[{"@type":"CommentAction","name":"Comment","target":["https:\/\/noticiasya.com\/2024\/10\/03\/orden-de-arresto-evo-morales-queda-sin-efecto-bolivia-orix\/#respond"]}]},{"@type":"WebPage","@id":"https:\/\/noticiasya.com\/2024\/10\/03\/orden-de-arresto-evo-morales-queda-sin-efecto-bolivia-orix\/","url":"https:\/\/noticiasya.com\/2024\/10\/03\/orden-de-arresto-evo-morales-queda-sin-efecto-bolivia-orix\/","name":"Exfiscal de Tarija en Bolivia dice que fue destituida por emitir orden de arresto contra Evo Morales - Noticias","isPartOf":{"@id":"https:\/\/noticiasya.com\/#website"},"datePublished":"2024-10-04T03:03:44+00:00","breadcrumb":{"@id":"https:\/\/noticiasya.com\/2024\/10\/03\/orden-de-arresto-evo-morales-queda-sin-efecto-bolivia-orix\/#breadcrumb"},"inLanguage":"es","potentialAction":[{"@type":"ReadAction","target":["https:\/\/noticiasya.com\/2024\/10\/03\/orden-de-arresto-evo-morales-queda-sin-efecto-bolivia-orix\/"]}]},{"@type":"BreadcrumbList","@id":"https:\/\/noticiasya.com\/2024\/10\/03\/orden-de-arresto-evo-morales-queda-sin-efecto-bolivia-orix\/#breadcrumb","itemListElement":[{"@type":"ListItem","position":1,"name":"Home","item":"https:\/\/noticiasya.com\/"},{"@type":"ListItem","position":2,"name":"Exfiscal de Tarija en Bolivia dice que fue destituida por emitir orden de arresto contra Evo Morales"}]},{"@type":"WebSite","@id":"https:\/\/noticiasya.com\/#website","url":"https:\/\/noticiasya.com\/","name":"Noticias","description":"Lo que importa","publisher":{"@id":"https:\/\/noticiasya.com\/#organization"},"potentialAction":[{"@type":"SearchAction","target":{"@type":"EntryPoint","urlTemplate":"https:\/\/noticiasya.com\/?s={search_term_string}"},"query-input":{"@type":"PropertyValueSpecification","valueRequired":true,"valueName":"search_term_string"}}],"inLanguage":"es"},{"@type":"Organization","@id":"https:\/\/noticiasya.com\/#organization","name":"Noticias","url":"https:\/\/noticiasya.com\/","logo":{"@type":"ImageObject","inLanguage":"es","@id":"https:\/\/noticiasya.com\/#\/schema\/logo\/image\/","url":"https:\/\/noticiasya.com\/wp-content\/uploads\/sites\/22\/2023\/12\/logo-nacional.png","contentUrl":"https:\/\/noticiasya.com\/wp-content\/uploads\/sites\/22\/2023\/12\/logo-nacional.png","width":1801,"height":691,"caption":"Noticias"},"image":{"@id":"https:\/\/noticiasya.com\/#\/schema\/logo\/image\/"}}]}},"parsely":{"version":"1.1.0","canonical_url":"https:\/\/noticiasya.com\/midland-odessa\/2024\/10\/03\/orden-de-arresto-evo-morales-queda-sin-efecto-bolivia-orix\/","smart_links":{"inbound":0,"outbound":0},"traffic_boost_suggestions_count":0,"meta":{"@context":"https:\/\/schema.org","@type":"NewsArticle","headline":"Exfiscal de Tarija en Bolivia dice que fue destituida por emitir orden de arresto contra Evo Morales","url":"http:\/\/noticiasya.com\/midland-odessa\/2024\/10\/03\/orden-de-arresto-evo-morales-queda-sin-efecto-bolivia-orix\/","mainEntityOfPage":{"@type":"WebPage","@id":"http:\/\/noticiasya.com\/midland-odessa\/2024\/10\/03\/orden-de-arresto-evo-morales-queda-sin-efecto-bolivia-orix\/"},"thumbnailUrl":"","image":{"@type":"ImageObject","url":""},"articleSection":"Noticias Nacionales","author":[],"creator":[],"publisher":{"@type":"Organization","name":"Noticias","logo":""},"keywords":[],"dateCreated":"2024-10-04T03:03:44Z","datePublished":"2024-10-04T03:03:44Z","dateModified":"2024-10-04T03:03:44Z"},"rendered":"<script type=\"application\/ld+json\" class=\"wp-parsely-metadata\">{\"@context\":\"https:\\\/\\\/schema.org\",\"@type\":\"NewsArticle\",\"headline\":\"Exfiscal de Tarija en Bolivia dice que fue destituida por emitir orden de arresto contra Evo Morales\",\"url\":\"http:\\\/\\\/noticiasya.com\\\/midland-odessa\\\/2024\\\/10\\\/03\\\/orden-de-arresto-evo-morales-queda-sin-efecto-bolivia-orix\\\/\",\"mainEntityOfPage\":{\"@type\":\"WebPage\",\"@id\":\"http:\\\/\\\/noticiasya.com\\\/midland-odessa\\\/2024\\\/10\\\/03\\\/orden-de-arresto-evo-morales-queda-sin-efecto-bolivia-orix\\\/\"},\"thumbnailUrl\":\"\",\"image\":{\"@type\":\"ImageObject\",\"url\":\"\"},\"articleSection\":\"Noticias Nacionales\",\"author\":[],\"creator\":[],\"publisher\":{\"@type\":\"Organization\",\"name\":\"Noticias\",\"logo\":\"\"},\"keywords\":[],\"dateCreated\":\"2024-10-04T03:03:44Z\",\"datePublished\":\"2024-10-04T03:03:44Z\",\"dateModified\":\"2024-10-04T03:03:44Z\"}<\/script>","tracker_url":"https:\/\/cdn.parsely.com\/keys\/noticiasya.com\/p.js"},"jetpack_featured_media_url":"","jetpack-related-posts":[{"id":1461837,"url":"https:\/\/noticiasya.com\/midland-odessa\/2025\/05\/01\/anulan-orden-arresto-evo-morales-bolivia-orix\/","url_meta":{"origin":1454928,"position":0},"title":"Anulan orden de arresto contra Evo Morales, expresidente de Bolivia","author":"","date":"mayo 1, 2025","format":false,"excerpt":"Una jueza de Santa Cruz anul\u00f3 este mi\u00e9rcoles la orden de arresto que pesaba contra el expresidente de Bolivia Evo Morales, quien desde el a\u00f1o pasado enfrenta una investigaci\u00f3n por presunta trata de personas, inform\u00f3 el Consejo de la Magistratura de ese pa\u00eds.La resoluci\u00f3n \u2014que no cierra el caso contra\u2026","rel":"","context":"In &quot;Noticias Nacionales&quot;","block_context":{"text":"Noticias Nacionales","link":"https:\/\/noticiasya.com\/midland-odessa\/categoria\/noticias-nacionales"},"img":{"alt_text":"","src":"","width":0,"height":0},"classes":[]},{"id":1454948,"url":"https:\/\/noticiasya.com\/midland-odessa\/2024\/10\/04\/evo-morales-acusa-luis-arce-de-promover-proceso-penales-orix\/","url_meta":{"origin":1454928,"position":1},"title":"Evo Morales acusa a Luis Arce de promover procesos penales en su contra \u201ccon cualquier calumnia\u201d","author":"","date":"octubre 4, 2024","format":false,"excerpt":"(CNN Espa\u00f1ol) --\u00a0El expresidente de Bolivia Evo Morales acus\u00f3 este viernes al presidente Luis Arce de promover procesos penales en su contra con el fin \u2014seg\u00fan dijo\u2014 de inhabilitarlo para impedir que compita en las elecciones presidenciales de 2025.Morales hizo estas declaraciones durante una rueda de prensa en Cochabamba, dos\u2026","rel":"","context":"In &quot;Noticias Nacionales&quot;","block_context":{"text":"Noticias Nacionales","link":"https:\/\/noticiasya.com\/midland-odessa\/categoria\/noticias-nacionales"},"img":{"alt_text":"","src":"","width":0,"height":0},"classes":[]},{"id":1457031,"url":"https:\/\/noticiasya.com\/midland-odessa\/2024\/12\/27\/evo-morales-audiencia-judicial-acusacion-trata-personas-orix\/","url_meta":{"origin":1454928,"position":2},"title":"Citan a Evo Morales a audiencia judicial el 14 de enero por acusaci\u00f3n de trata de personas","author":"","date":"diciembre 27, 2024","format":false,"excerpt":"Un juez de Tarija, Bolivia, cit\u00f3 al expresidente Evo Morales a una audiencia el 14 de enero por el caso de trata de personas abierto en su contra, report\u00f3 este viernes la estatal Agencia Boliviana de Informaci\u00f3n (ABI) citando el edicto. Morales ha rechazado las acusaciones.El exmandatario fue convocado a\u2026","rel":"","context":"In &quot;Noticias Nacionales&quot;","block_context":{"text":"Noticias Nacionales","link":"https:\/\/noticiasya.com\/midland-odessa\/categoria\/noticias-nacionales"},"img":{"alt_text":"","src":"","width":0,"height":0},"classes":[]},{"id":1462046,"url":"https:\/\/noticiasya.com\/midland-odessa\/2025\/05\/06\/fiscalia-bolivia-detencion-jueza-arresto-evo-morales-orix\/","url_meta":{"origin":1454928,"position":3},"title":"Fiscal\u00eda de Bolivia busca detenci\u00f3n preventiva de jueza que anul\u00f3 la orden de arresto contra Evo Morales","author":"","date":"mayo 6, 2025","format":false,"excerpt":"La Fiscal\u00eda de Bolivia busca la detenci\u00f3n preventiva de Lilian Moreno, la jueza que hab\u00eda resuelto anular la orden de captura contra el expresidente Evo Morales, cuyo proceso penal seguir\u00e1 adelante, seg\u00fan dijo el presidente del Tribunal Departamental de Justicia (TDJ) de Tarija, Luis Esteban Ortiz, citado por la estatal\u2026","rel":"","context":"In &quot;Noticias Nacionales&quot;","block_context":{"text":"Noticias Nacionales","link":"https:\/\/noticiasya.com\/midland-odessa\/categoria\/noticias-nacionales"},"img":{"alt_text":"","src":"","width":0,"height":0},"classes":[]},{"id":1457590,"url":"https:\/\/noticiasya.com\/midland-odessa\/2025\/01\/17\/por-que-acusan-evo-morales-trata-personas-orix\/","url_meta":{"origin":1454928,"position":4},"title":"\u00bfPor qu\u00e9 acusan a Evo Morales de trata de personas?","author":"","date":"enero 17, 2025","format":false,"excerpt":"El expresidente de Bolivia Evo Morales enfrenta una acusaci\u00f3n de trata de personas. La investigaci\u00f3n contra Morales se inici\u00f3 en septiembre de 2024 por presuntamente mantener una relaci\u00f3n sentimental con una menor en 2015, de la cual \u201cnaci\u00f3 una ni\u00f1a en enero de 2016\u201d, consign\u00f3 la estatal Agencia Boliviana de\u2026","rel":"","context":"In &quot;Noticias Nacionales&quot;","block_context":{"text":"Noticias Nacionales","link":"https:\/\/noticiasya.com\/midland-odessa\/categoria\/noticias-nacionales"},"img":{"alt_text":"","src":"","width":0,"height":0},"classes":[]},{"id":1457492,"url":"https:\/\/noticiasya.com\/midland-odessa\/2025\/01\/13\/gobierno-bolivia-enfrentamientos-policia-audiencia-evo-morales-orix\/","url_meta":{"origin":1454928,"position":5},"title":"Gobierno de Bolivia reporta al menos cinco heridos en enfrentamientos con la Polic\u00eda a un d\u00eda de la audiencia de Evo Morales","author":"","date":"enero 13, 2025","format":false,"excerpt":"A solo un d\u00eda de la audiencia de medidas cautelares en contra del expresidente de Bolivia Evo Morales por la acusaci\u00f3n de trata de personas, el Gobierno report\u00f3 enfrentamientos entre grupos afines al exmandatario y la Polic\u00eda en el sector de Cochabamba. Al menos cinco personas resultaron heridas, seg\u00fan las\u2026","rel":"","context":"In &quot;Noticias Nacionales&quot;","block_context":{"text":"Noticias Nacionales","link":"https:\/\/noticiasya.com\/midland-odessa\/categoria\/noticias-nacionales"},"img":{"alt_text":"","src":"","width":0,"height":0},"classes":[]}],"jetpack_sharing_enabled":true,"_links":{"self":[{"href":"https:\/\/noticiasya.com\/midland-odessa\/wp-json\/wp\/v2\/posts\/1454928","targetHints":{"allow":["GET"]}}],"collection":[{"href":"https:\/\/noticiasya.com\/midland-odessa\/wp-json\/wp\/v2\/posts"}],"about":[{"href":"https:\/\/noticiasya.com\/midland-odessa\/wp-json\/wp\/v2\/types\/post"}],"replies":[{"embeddable":true,"href":"https:\/\/noticiasya.com\/midland-odessa\/wp-json\/wp\/v2\/comments?post=1454928"}],"version-history":[{"count":0,"href":"https:\/\/noticiasya.com\/midland-odessa\/wp-json\/wp\/v2\/posts\/1454928\/revisions"}],"wp:attachment":[{"href":"https:\/\/noticiasya.com\/midland-odessa\/wp-json\/wp\/v2\/media?parent=1454928"}],"wp:term":[{"taxonomy":"category","embeddable":true,"href":"https:\/\/noticiasya.com\/midland-odessa\/wp-json\/wp\/v2\/categories?post=1454928"},{"taxonomy":"post_tag","embeddable":true,"href":"https:\/\/noticiasya.com\/midland-odessa\/wp-json\/wp\/v2\/tags?post=1454928"}],"curies":[{"name":"wp","href":"https:\/\/api.w.org\/{rel}","templated":true}]}}