{"id":1454950,"date":"2024-10-04T17:03:44","date_gmt":"2024-10-05T00:03:44","guid":{"rendered":"https:\/\/noticiasya.com\/2024\/10\/04\/aifa-mexico-aeropuertos-bellos-mundo-prix-versailles-orix\/"},"modified":"2024-10-04T17:03:44","modified_gmt":"2024-10-05T00:03:44","slug":"aifa-mexico-aeropuertos-bellos-mundo-prix-versailles-orix","status":"publish","type":"post","link":"https:\/\/noticiasya.com\/midland-odessa\/2024\/10\/04\/aifa-mexico-aeropuertos-bellos-mundo-prix-versailles-orix\/","title":{"rendered":"Nominan al Aeropuerto Internacional Felipe \u00c1ngeles (AIFA) de M\u00e9xico como uno de los m\u00e1s bellos del mundo en ranking de Prix Versailles"},"content":{"rendered":"<p>(CNN Espa\u00f1ol) &#8212; El Aeropuerto Internacional Felipe \u00c1ngeles (AIFA), ubicado en el municipio de Zumpango, Estado de M\u00e9xico, en M\u00e9xico, fue elegido como uno de los m\u00e1s bellos del mundo en el ranking del premio internacional de arquitectura y dise\u00f1o Prix Versailles.<\/p>\n<p>Prix Versailles reconoce cada a\u00f1o a lo mejor en arquitectura y dise\u00f1o de aeropuertos, campus, estaciones, museos, infraestructuras deportivas, restaurantes, entre otros. Califica aspectos como la innovaci\u00f3n, reflejo del patrimonio local, eficiencia ecol\u00f3gica, sostenibilidad y el impacto social y cultural de las obras.<\/p>\n<p>El premio reconoce los logros arquitect\u00f3nicos &#171;m\u00e1s bellos del mundo, destacando el papel principal de los laureados en el embellecimiento y la mejora del entorno de vida&#187;, se\u00f1ala una descripci\u00f3n en la p\u00e1gina oficial de Prix Versalles.<\/p>\n<p>5 cosas sobre el aeropuerto AIFA de M\u00e9xico: destinos y vuelos que ofrece, servicios, cu\u00e1nto cost\u00f3 y m\u00e1s<\/p>\n<p>La lista de los elegidos fue revelada a finales de septiembre y los galardonados se anunciar\u00e1n en una sede de la Unesco el pr\u00f3ximo 2 de diciembre.<\/p>\n<p>El Aeropuerto Internacional Felipe \u00c1ngeles (AIFA) fue nominado como uno de los mejores del mundo en ranking internacional (Cr\u00e9dito: @PrixVersailles).<\/p>\n<p>Este jueves, la presidenta de M\u00e9xico, Claudia Sheinbaum, celebr\u00f3 el reconocimiento en su cuenta de X: &#171;Miren: El Aeropuerto Internacional Felipe \u00c1ngeles<br \/>\n@aifaaero fue seleccionado por el prestigiado premio Prix Versailles como uno de los logros de arquitectura y dise\u00f1o m\u00e1s bellos del mundo&#187;.<\/p>\n<p>En el ranking de los seleccionados de este a\u00f1o, el AIFA figura en una lista de seis aeropuertos internacionales:<\/p>\n<p>Aeropuerto Internacional Zayed (Abu Dhabi, Emiratos \u00c1rabes Unidos)<br \/>\nAeropuerto Internacional Felipe \u00c1ngeles (Zumpango, M\u00e9xico)<br \/>\nAeropuerto Changi, Terminal 2 (Singapur)<br \/>\nAeropuerto Suvarnabhumi, Sat\u00e9lite 1 (Bangkok, Tailandia)<br \/>\nAeropuerto Internacional Logan, Terminal E (Boston, EE.UU.)<br \/>\nAeropuerto Internacional de Kansas City (Kansas City, EE.UU.)<\/p>\n<p>Vista general de la torre de control del AIFA, Aeropuerto Internacional Felipe \u00c1ngeles durante la inauguraci\u00f3n el 21 de marzo de 2022 en M\u00e9xico. (Foto de Hector Vivas\/Getty Images).<\/p>\n<p>El AIFA, una de las principales obras de infreaestructura impulsadas por el presidente Andr\u00e9s Manuel L\u00f3pez Obrador, cuenta con ocho destinos internacionales, entre ellos algunas ciudades de EE.UU., Colombia, Venezuela, Rep\u00fablica Dominicana, Panam\u00e1 y Bulgaria, y m\u00e1s de 30 nacionales.<\/p>\n<p>Este ser\u00e1 el primer aeropuerto del mundo que no pedir\u00e1 pasaportes f\u00edsicos o DNI<\/p>\n<p>La terminal de pasajeros cuenta con 45 posiciones (28 de contacto, 12 remotas y cinco de plataforma abierta), tanto para vuelos nacionales como internacionales. El aer\u00f3dromo tiene tres pistas, una militar y dos civiles. Cuenta con 4.072 cajones de estacionamiento para autos y una terminal de autobuses, seg\u00fan su sitio web.<\/p>\n<p>Esta terminal a\u00e9rea \u2014ubicada en la Base A\u00e9rea Militar de Santa Luc\u00eda\u2014 se inaugur\u00f3 el 23 de marzo de 2022 con la intenci\u00f3n, seg\u00fan el Gobierno de M\u00e9xico, de reducir la saturaci\u00f3n del Aeropuerto Internacional de la Ciudad de M\u00e9xico Benito Ju\u00e1rez. Sin embargo, expertos aseguraron que ser\u00eda dif\u00edcil que se cumpliera este objetivo, como explic\u00f3 a CNN en Espa\u00f1ol Fernando G\u00f3mez Su\u00e1rez, analista especializado en el sector a\u00e9reo.<\/p>\n<p>El AIFA comenz\u00f3 a operar en medio de la controversia sobre su costo, ubicaci\u00f3n y las v\u00edas de acceso desde la Ciudad de M\u00e9xico. Ante la pol\u00e9mica, el Gobierno de M\u00e9xico ofreci\u00f3 alternativas para poder llegar en menos de dos horas desde la capital del pa\u00eds.<\/p>\n<p>L\u00f3pez Obrador dijo en una de sus conferencias de prensa ma\u00f1aneras en febrero de 2022 que la obra del AIFA \u2014a cargo de la Secretar\u00eda de la Defensa Nacional\u2014 costar\u00eda US$ 3.717 millones (75.000 millones de pesos mexicanos).<\/p>\n<p>En el AIFA han aterrizado vuelos con personalidades como la primera dama de EE.UU., Jill Biden, y los presidentes Miguel D\u00edaz-Canel; Luiz In\u00e1cio Lula da Silva, de Brasil y Gabriel Boric, de Chile, quienes asistieron a la ceremonia de toma de posesi\u00f3n de Claudia Sheinbaum como la primera presidenta de M\u00e9xico, evento que se llev\u00f3 a cabo el 1 de octubre en la Ciudad de M\u00e9xico.<\/p>\n<p>Aeropuerto Internacional Felipe \u00c1ngeles (AIFA), en el municipio de Zumpango, Estado de M\u00e9xico, en M\u00e9xico (Cr\u00e9dito: aifa_aeropuerto).<\/p>\n<p>The-CNN-Wire<br \/>&trade; &amp; &copy; 2024 Cable News Network, Inc., a Warner Bros. Discovery Company. All rights reserved.<\/p>\n","protected":false},"excerpt":{"rendered":"<p>(CNN Espa\u00f1ol) &#8212; El Aeropuerto Internacional Felipe \u00c1ngeles (AIFA), ubicado en el municipio de Zumpango, Estado de M\u00e9xico, en M\u00e9xico, fue elegido como uno de los m\u00e1s bellos del mundo en el ranking del premio internacional de arquitectura y dise\u00f1o Prix Versailles. Prix Versailles reconoce cada a\u00f1o a lo mejor en arquitectura y dise\u00f1o de [&hellip;]<\/p>\n","protected":false},"author":0,"featured_media":0,"comment_status":"open","ping_status":"open","sticky":false,"template":"","format":"standard","meta":{"_jetpack_memberships_contains_paid_content":false,"footnotes":""},"categories":[10],"tags":[],"class_list":["post-1454950","post","type-post","status-publish","format-standard","hentry","category-noticias-nacionales","market-global"],"yoast_head":"<!-- This site is optimized with the Yoast SEO plugin v24.4 - https:\/\/yoast.com\/wordpress\/plugins\/seo\/ -->\n<title>Nominan al Aeropuerto Internacional Felipe \u00c1ngeles (AIFA) de M\u00e9xico como uno de los m\u00e1s bellos del mundo en ranking de Prix Versailles - Noticias<\/title>\n<meta name=\"robots\" content=\"index, follow, max-snippet:-1, max-image-preview:large, max-video-preview:-1\" \/>\n<link rel=\"canonical\" href=\"https:\/\/noticiasya.com\/2024\/10\/04\/aifa-mexico-aeropuertos-bellos-mundo-prix-versailles-orix\/\" \/>\n<meta property=\"og:locale\" content=\"es_ES\" \/>\n<meta property=\"og:type\" content=\"article\" \/>\n<meta property=\"og:title\" content=\"Nominan al Aeropuerto Internacional Felipe \u00c1ngeles (AIFA) de M\u00e9xico como uno de los m\u00e1s bellos del mundo en ranking de Prix Versailles - Noticias\" \/>\n<meta property=\"og:description\" content=\"(CNN Espa\u00f1ol) &#8212; El Aeropuerto Internacional Felipe \u00c1ngeles (AIFA), ubicado en el municipio de Zumpango, Estado de M\u00e9xico, en M\u00e9xico, fue elegido como uno de los m\u00e1s bellos del mundo en el ranking del premio internacional de arquitectura y dise\u00f1o Prix Versailles. Prix Versailles reconoce cada a\u00f1o a lo mejor en arquitectura y dise\u00f1o de [&hellip;]\" \/>\n<meta property=\"og:url\" content=\"https:\/\/noticiasya.com\/2024\/10\/04\/aifa-mexico-aeropuertos-bellos-mundo-prix-versailles-orix\/\" \/>\n<meta property=\"og:site_name\" content=\"Noticias\" \/>\n<meta property=\"article:published_time\" content=\"2024-10-05T00:03:44+00:00\" \/>\n<meta name=\"twitter:card\" content=\"summary_large_image\" \/>\n<meta name=\"twitter:label1\" content=\"Est. reading time\" \/>\n\t<meta name=\"twitter:data1\" content=\"4 minutos\" \/>\n<script type=\"application\/ld+json\" class=\"yoast-schema-graph\">{\"@context\":\"https:\/\/schema.org\",\"@graph\":[{\"@type\":\"Article\",\"@id\":\"https:\/\/noticiasya.com\/2024\/10\/04\/aifa-mexico-aeropuertos-bellos-mundo-prix-versailles-orix\/#article\",\"isPartOf\":{\"@id\":\"https:\/\/noticiasya.com\/2024\/10\/04\/aifa-mexico-aeropuertos-bellos-mundo-prix-versailles-orix\/\"},\"author\":{\"name\":\"\",\"@id\":\"\"},\"headline\":\"Nominan al Aeropuerto Internacional Felipe \u00c1ngeles (AIFA) de M\u00e9xico como uno de los m\u00e1s bellos del mundo en ranking de Prix Versailles\",\"datePublished\":\"2024-10-05T00:03:44+00:00\",\"mainEntityOfPage\":{\"@id\":\"https:\/\/noticiasya.com\/2024\/10\/04\/aifa-mexico-aeropuertos-bellos-mundo-prix-versailles-orix\/\"},\"wordCount\":757,\"commentCount\":0,\"publisher\":{\"@id\":\"https:\/\/noticiasya.com\/#organization\"},\"articleSection\":[\"Noticias Nacionales\"],\"inLanguage\":\"es\",\"potentialAction\":[{\"@type\":\"CommentAction\",\"name\":\"Comment\",\"target\":[\"https:\/\/noticiasya.com\/2024\/10\/04\/aifa-mexico-aeropuertos-bellos-mundo-prix-versailles-orix\/#respond\"]}]},{\"@type\":\"WebPage\",\"@id\":\"https:\/\/noticiasya.com\/2024\/10\/04\/aifa-mexico-aeropuertos-bellos-mundo-prix-versailles-orix\/\",\"url\":\"https:\/\/noticiasya.com\/2024\/10\/04\/aifa-mexico-aeropuertos-bellos-mundo-prix-versailles-orix\/\",\"name\":\"Nominan al Aeropuerto Internacional Felipe \u00c1ngeles (AIFA) de M\u00e9xico como uno de los m\u00e1s bellos del mundo en ranking de Prix Versailles - Noticias\",\"isPartOf\":{\"@id\":\"https:\/\/noticiasya.com\/#website\"},\"datePublished\":\"2024-10-05T00:03:44+00:00\",\"breadcrumb\":{\"@id\":\"https:\/\/noticiasya.com\/2024\/10\/04\/aifa-mexico-aeropuertos-bellos-mundo-prix-versailles-orix\/#breadcrumb\"},\"inLanguage\":\"es\",\"potentialAction\":[{\"@type\":\"ReadAction\",\"target\":[\"https:\/\/noticiasya.com\/2024\/10\/04\/aifa-mexico-aeropuertos-bellos-mundo-prix-versailles-orix\/\"]}]},{\"@type\":\"BreadcrumbList\",\"@id\":\"https:\/\/noticiasya.com\/2024\/10\/04\/aifa-mexico-aeropuertos-bellos-mundo-prix-versailles-orix\/#breadcrumb\",\"itemListElement\":[{\"@type\":\"ListItem\",\"position\":1,\"name\":\"Home\",\"item\":\"https:\/\/noticiasya.com\/\"},{\"@type\":\"ListItem\",\"position\":2,\"name\":\"Nominan al Aeropuerto Internacional Felipe \u00c1ngeles (AIFA) de M\u00e9xico como uno de los m\u00e1s bellos del mundo en ranking de Prix Versailles\"}]},{\"@type\":\"WebSite\",\"@id\":\"https:\/\/noticiasya.com\/#website\",\"url\":\"https:\/\/noticiasya.com\/\",\"name\":\"Noticias\",\"description\":\"Lo que importa\",\"publisher\":{\"@id\":\"https:\/\/noticiasya.com\/#organization\"},\"potentialAction\":[{\"@type\":\"SearchAction\",\"target\":{\"@type\":\"EntryPoint\",\"urlTemplate\":\"https:\/\/noticiasya.com\/?s={search_term_string}\"},\"query-input\":{\"@type\":\"PropertyValueSpecification\",\"valueRequired\":true,\"valueName\":\"search_term_string\"}}],\"inLanguage\":\"es\"},{\"@type\":\"Organization\",\"@id\":\"https:\/\/noticiasya.com\/#organization\",\"name\":\"Noticias\",\"url\":\"https:\/\/noticiasya.com\/\",\"logo\":{\"@type\":\"ImageObject\",\"inLanguage\":\"es\",\"@id\":\"https:\/\/noticiasya.com\/#\/schema\/logo\/image\/\",\"url\":\"https:\/\/noticiasya.com\/wp-content\/uploads\/sites\/22\/2023\/12\/logo-nacional.png\",\"contentUrl\":\"https:\/\/noticiasya.com\/wp-content\/uploads\/sites\/22\/2023\/12\/logo-nacional.png\",\"width\":1801,\"height\":691,\"caption\":\"Noticias\"},\"image\":{\"@id\":\"https:\/\/noticiasya.com\/#\/schema\/logo\/image\/\"}}]}<\/script>\n<!-- \/ Yoast SEO plugin. -->","yoast_head_json":{"title":"Nominan al Aeropuerto Internacional Felipe \u00c1ngeles (AIFA) de M\u00e9xico como uno de los m\u00e1s bellos del mundo en ranking de Prix Versailles - Noticias","robots":{"index":"index","follow":"follow","max-snippet":"max-snippet:-1","max-image-preview":"max-image-preview:large","max-video-preview":"max-video-preview:-1"},"canonical":"https:\/\/noticiasya.com\/2024\/10\/04\/aifa-mexico-aeropuertos-bellos-mundo-prix-versailles-orix\/","og_locale":"es_ES","og_type":"article","og_title":"Nominan al Aeropuerto Internacional Felipe \u00c1ngeles (AIFA) de M\u00e9xico como uno de los m\u00e1s bellos del mundo en ranking de Prix Versailles - Noticias","og_description":"(CNN Espa\u00f1ol) &#8212; El Aeropuerto Internacional Felipe \u00c1ngeles (AIFA), ubicado en el municipio de Zumpango, Estado de M\u00e9xico, en M\u00e9xico, fue elegido como uno de los m\u00e1s bellos del mundo en el ranking del premio internacional de arquitectura y dise\u00f1o Prix Versailles. Prix Versailles reconoce cada a\u00f1o a lo mejor en arquitectura y dise\u00f1o de [&hellip;]","og_url":"https:\/\/noticiasya.com\/2024\/10\/04\/aifa-mexico-aeropuertos-bellos-mundo-prix-versailles-orix\/","og_site_name":"Noticias","article_published_time":"2024-10-05T00:03:44+00:00","twitter_card":"summary_large_image","twitter_misc":{"Est. reading time":"4 minutos"},"schema":{"@context":"https:\/\/schema.org","@graph":[{"@type":"Article","@id":"https:\/\/noticiasya.com\/2024\/10\/04\/aifa-mexico-aeropuertos-bellos-mundo-prix-versailles-orix\/#article","isPartOf":{"@id":"https:\/\/noticiasya.com\/2024\/10\/04\/aifa-mexico-aeropuertos-bellos-mundo-prix-versailles-orix\/"},"author":{"name":"","@id":""},"headline":"Nominan al Aeropuerto Internacional Felipe \u00c1ngeles (AIFA) de M\u00e9xico como uno de los m\u00e1s bellos del mundo en ranking de Prix Versailles","datePublished":"2024-10-05T00:03:44+00:00","mainEntityOfPage":{"@id":"https:\/\/noticiasya.com\/2024\/10\/04\/aifa-mexico-aeropuertos-bellos-mundo-prix-versailles-orix\/"},"wordCount":757,"commentCount":0,"publisher":{"@id":"https:\/\/noticiasya.com\/#organization"},"articleSection":["Noticias Nacionales"],"inLanguage":"es","potentialAction":[{"@type":"CommentAction","name":"Comment","target":["https:\/\/noticiasya.com\/2024\/10\/04\/aifa-mexico-aeropuertos-bellos-mundo-prix-versailles-orix\/#respond"]}]},{"@type":"WebPage","@id":"https:\/\/noticiasya.com\/2024\/10\/04\/aifa-mexico-aeropuertos-bellos-mundo-prix-versailles-orix\/","url":"https:\/\/noticiasya.com\/2024\/10\/04\/aifa-mexico-aeropuertos-bellos-mundo-prix-versailles-orix\/","name":"Nominan al Aeropuerto Internacional Felipe \u00c1ngeles (AIFA) de M\u00e9xico como uno de los m\u00e1s bellos del mundo en ranking de Prix Versailles - Noticias","isPartOf":{"@id":"https:\/\/noticiasya.com\/#website"},"datePublished":"2024-10-05T00:03:44+00:00","breadcrumb":{"@id":"https:\/\/noticiasya.com\/2024\/10\/04\/aifa-mexico-aeropuertos-bellos-mundo-prix-versailles-orix\/#breadcrumb"},"inLanguage":"es","potentialAction":[{"@type":"ReadAction","target":["https:\/\/noticiasya.com\/2024\/10\/04\/aifa-mexico-aeropuertos-bellos-mundo-prix-versailles-orix\/"]}]},{"@type":"BreadcrumbList","@id":"https:\/\/noticiasya.com\/2024\/10\/04\/aifa-mexico-aeropuertos-bellos-mundo-prix-versailles-orix\/#breadcrumb","itemListElement":[{"@type":"ListItem","position":1,"name":"Home","item":"https:\/\/noticiasya.com\/"},{"@type":"ListItem","position":2,"name":"Nominan al Aeropuerto Internacional Felipe \u00c1ngeles (AIFA) de M\u00e9xico como uno de los m\u00e1s bellos del mundo en ranking de Prix Versailles"}]},{"@type":"WebSite","@id":"https:\/\/noticiasya.com\/#website","url":"https:\/\/noticiasya.com\/","name":"Noticias","description":"Lo que importa","publisher":{"@id":"https:\/\/noticiasya.com\/#organization"},"potentialAction":[{"@type":"SearchAction","target":{"@type":"EntryPoint","urlTemplate":"https:\/\/noticiasya.com\/?s={search_term_string}"},"query-input":{"@type":"PropertyValueSpecification","valueRequired":true,"valueName":"search_term_string"}}],"inLanguage":"es"},{"@type":"Organization","@id":"https:\/\/noticiasya.com\/#organization","name":"Noticias","url":"https:\/\/noticiasya.com\/","logo":{"@type":"ImageObject","inLanguage":"es","@id":"https:\/\/noticiasya.com\/#\/schema\/logo\/image\/","url":"https:\/\/noticiasya.com\/wp-content\/uploads\/sites\/22\/2023\/12\/logo-nacional.png","contentUrl":"https:\/\/noticiasya.com\/wp-content\/uploads\/sites\/22\/2023\/12\/logo-nacional.png","width":1801,"height":691,"caption":"Noticias"},"image":{"@id":"https:\/\/noticiasya.com\/#\/schema\/logo\/image\/"}}]}},"parsely":{"version":"1.1.0","canonical_url":"https:\/\/noticiasya.com\/midland-odessa\/2024\/10\/04\/aifa-mexico-aeropuertos-bellos-mundo-prix-versailles-orix\/","smart_links":{"inbound":0,"outbound":0},"traffic_boost_suggestions_count":0,"meta":{"@context":"https:\/\/schema.org","@type":"NewsArticle","headline":"Nominan al Aeropuerto Internacional Felipe \u00c1ngeles (AIFA) de M\u00e9xico como uno de los m\u00e1s bellos del mundo en ranking de Prix Versailles","url":"http:\/\/noticiasya.com\/midland-odessa\/2024\/10\/04\/aifa-mexico-aeropuertos-bellos-mundo-prix-versailles-orix\/","mainEntityOfPage":{"@type":"WebPage","@id":"http:\/\/noticiasya.com\/midland-odessa\/2024\/10\/04\/aifa-mexico-aeropuertos-bellos-mundo-prix-versailles-orix\/"},"thumbnailUrl":"","image":{"@type":"ImageObject","url":""},"articleSection":"Noticias Nacionales","author":[],"creator":[],"publisher":{"@type":"Organization","name":"Noticias","logo":""},"keywords":[],"dateCreated":"2024-10-05T00:03:44Z","datePublished":"2024-10-05T00:03:44Z","dateModified":"2024-10-05T00:03:44Z"},"rendered":"<script type=\"application\/ld+json\" class=\"wp-parsely-metadata\">{\"@context\":\"https:\\\/\\\/schema.org\",\"@type\":\"NewsArticle\",\"headline\":\"Nominan al Aeropuerto Internacional Felipe \\u00c1ngeles (AIFA) de M\\u00e9xico como uno de los m\\u00e1s bellos del mundo en ranking de Prix Versailles\",\"url\":\"http:\\\/\\\/noticiasya.com\\\/midland-odessa\\\/2024\\\/10\\\/04\\\/aifa-mexico-aeropuertos-bellos-mundo-prix-versailles-orix\\\/\",\"mainEntityOfPage\":{\"@type\":\"WebPage\",\"@id\":\"http:\\\/\\\/noticiasya.com\\\/midland-odessa\\\/2024\\\/10\\\/04\\\/aifa-mexico-aeropuertos-bellos-mundo-prix-versailles-orix\\\/\"},\"thumbnailUrl\":\"\",\"image\":{\"@type\":\"ImageObject\",\"url\":\"\"},\"articleSection\":\"Noticias Nacionales\",\"author\":[],\"creator\":[],\"publisher\":{\"@type\":\"Organization\",\"name\":\"Noticias\",\"logo\":\"\"},\"keywords\":[],\"dateCreated\":\"2024-10-05T00:03:44Z\",\"datePublished\":\"2024-10-05T00:03:44Z\",\"dateModified\":\"2024-10-05T00:03:44Z\"}<\/script>","tracker_url":"https:\/\/cdn.parsely.com\/keys\/noticiasya.com\/p.js"},"jetpack_featured_media_url":"","jetpack-related-posts":[{"id":1467858,"url":"https:\/\/noticiasya.com\/midland-odessa\/2025\/10\/29\/ejecutivos-aviacion-sorpresa-incertidumbre-eeuu-suspender-rutas-aereas-orix\/","url_meta":{"origin":1454950,"position":0},"title":"Ejecutivos de aerol\u00edneas de M\u00e9xico muestran sorpresa e incertidumbre ante la decisi\u00f3n de EE.UU. de suspender rutas a\u00e9reas","author":"","date":"octubre 29, 2025","format":false,"excerpt":"Ejecutivos de la aviaci\u00f3n de M\u00e9xico consultados por CNN recibieron este mi\u00e9rcoles con sorpresa y frustraci\u00f3n el anuncio del Departamento de Transporte de EE.UU. sobre la revocaci\u00f3n de 13 rutas existentes y planeadas de aerol\u00edneas mexicanas desde los aeropuertos Internacional de la Ciudad de M\u00e9xico (AICM) y el Felipe \u00c1ngeles\u2026","rel":"","context":"In &quot;Noticias Nacionales&quot;","block_context":{"text":"Noticias Nacionales","link":"https:\/\/noticiasya.com\/midland-odessa\/categoria\/noticias-nacionales"},"img":{"alt_text":"","src":"","width":0,"height":0},"classes":[]},{"id":1451056,"url":"https:\/\/noticiasya.com\/midland-odessa\/2024\/07\/11\/sheinbaum-plan-tres-nuevas-rutas-tren-pasajeros-orix\/","url_meta":{"origin":1454950,"position":1},"title":"Claudia Sheinbaum anuncia un plan para construir tres nuevas rutas de tren de pasajeros en M\u00e9xico","author":"","date":"julio 11, 2024","format":false,"excerpt":"(CNN Espa\u00f1ol) -- La ganadora de la elecci\u00f3n presidencial de M\u00e9xico, Claudia Sheinbaum, anunci\u00f3 un plan para la construcci\u00f3n de tres nuevas rutas de tren de pasajeros con un esquema similar al del Tren Maya, en el que participen ingenieros militares y empresas privadas, inform\u00f3 este mi\u00e9rcoles en una conferencia\u2026","rel":"","context":"In &quot;Noticias Nacionales&quot;","block_context":{"text":"Noticias Nacionales","link":"https:\/\/noticiasya.com\/midland-odessa\/categoria\/noticias-nacionales"},"img":{"alt_text":"","src":"","width":0,"height":0},"classes":[]},{"id":1467842,"url":"https:\/\/noticiasya.com\/midland-odessa\/2025\/10\/29\/sheinbaum-en-desacuerdo-con-la-decision-de-ee-uu-de-cancelar-13-rutas-aereas-y-los-vuelos-desde-el-aeropuerto-construido-por-lopez-obrador\/","url_meta":{"origin":1454950,"position":2},"title":"Sheinbaum cuestiona la decisi\u00f3n de EE.UU. de cancelar 13 rutas a\u00e9reas y los vuelos desde el aeropuerto construido por AMLO","author":"","date":"octubre 29, 2025","format":false,"excerpt":"La presidenta de M\u00e9xico, Claudia Sheinbaum, expres\u00f3 su desacuerdo con la decisi\u00f3n del Departamento de Transporte de Estados Unidos de revocar la aprobaci\u00f3n de 13 rutas que hab\u00eda otorgado a aerol\u00edneas mexicanas hacia ese pa\u00eds, as\u00ed como la cancelaci\u00f3n de los vuelos de pasajeros y de carga de estas empresas\u2026","rel":"","context":"In &quot;Noticias Nacionales&quot;","block_context":{"text":"Noticias Nacionales","link":"https:\/\/noticiasya.com\/midland-odessa\/categoria\/noticias-nacionales"},"img":{"alt_text":"","src":"","width":0,"height":0},"classes":[]},{"id":1466510,"url":"https:\/\/noticiasya.com\/midland-odessa\/2025\/09\/16\/aeromexico-lamenta-eeyy-retiro-inmunidad-antimonopolio-delta-efe\/","url_meta":{"origin":1454950,"position":3},"title":"Aerom\u00e9xico lamenta el retiro de EE.UU. de la inmunidad antimonopolio de su alianza con Delta","author":"","date":"septiembre 16, 2025","format":false,"excerpt":"La aerol\u00ednea Aerom\u00e9xico manifest\u00f3 este lunes su inconformidad ante el anuncio de Estados Unidos de poner fin a la inmunidad antimonopolio de su alianza con la estadounidense Delta Air Lines, a partir del 1 de enero de 2026.\u201cAerom\u00e9xico lamenta esta decisi\u00f3n, la cual pasa por alto los beneficios que la\u2026","rel":"","context":"In &quot;Noticias Nacionales&quot;","block_context":{"text":"Noticias Nacionales","link":"https:\/\/noticiasya.com\/midland-odessa\/categoria\/noticias-nacionales"},"img":{"alt_text":"","src":"","width":0,"height":0},"classes":[]},{"id":1461036,"url":"https:\/\/noticiasya.com\/midland-odessa\/2025\/04\/10\/mejor-aeropuerto-mundo-2025-segun-skytrax-trax\/","url_meta":{"origin":1454950,"position":4},"title":"Este es el mejor aeropuerto del mundo para 2025, seg\u00fan Skytrax","author":"","date":"abril 10, 2025","format":false,"excerpt":"Matar el tiempo en el aeropuerto suele ser tan pesado que existe toda una tendencia en TikTok dedicada a que la gente pase por la terminal en el menor tiempo posible.No ocurre lo mismo en el caso del aeropuerto Changi de Singapur, que acaba de ser premiado por decimotercera vez\u2026","rel":"","context":"In &quot;Noticias Nacionales&quot;","block_context":{"text":"Noticias Nacionales","link":"https:\/\/noticiasya.com\/midland-odessa\/categoria\/noticias-nacionales"},"img":{"alt_text":"","src":"","width":0,"height":0},"classes":[]},{"id":1473416,"url":"https:\/\/noticiasya.com\/midland-odessa\/2026\/04\/22\/anne-hathaway-mas-bellos-del-mundo-2026-people-orix\/","url_meta":{"origin":1454950,"position":5},"title":"Anne Hathaway lidera el conteo de &#171;Los m\u00e1s bellos del mundo&#187; 2026 de People","author":"","date":"abril 22, 2026","format":false,"excerpt":"La revista People revel\u00f3 las celebridades que integran su conteo \u201cLos m\u00e1s bellos del mundo\u201d de 2026. En esta edici\u00f3n, Anne Hathaway fue elegida para encabezar la lista.La actriz, de 43 a\u00f1os y pr\u00f3xima a estrenar The Devil Wears Prada 2, expres\u00f3 en la entrevista que atraviesa una etapa de\u2026","rel":"","context":"In &quot;Noticias Nacionales&quot;","block_context":{"text":"Noticias Nacionales","link":"https:\/\/noticiasya.com\/midland-odessa\/categoria\/noticias-nacionales"},"img":{"alt_text":"","src":"","width":0,"height":0},"classes":[]}],"jetpack_sharing_enabled":true,"_links":{"self":[{"href":"https:\/\/noticiasya.com\/midland-odessa\/wp-json\/wp\/v2\/posts\/1454950","targetHints":{"allow":["GET"]}}],"collection":[{"href":"https:\/\/noticiasya.com\/midland-odessa\/wp-json\/wp\/v2\/posts"}],"about":[{"href":"https:\/\/noticiasya.com\/midland-odessa\/wp-json\/wp\/v2\/types\/post"}],"replies":[{"embeddable":true,"href":"https:\/\/noticiasya.com\/midland-odessa\/wp-json\/wp\/v2\/comments?post=1454950"}],"version-history":[{"count":0,"href":"https:\/\/noticiasya.com\/midland-odessa\/wp-json\/wp\/v2\/posts\/1454950\/revisions"}],"wp:attachment":[{"href":"https:\/\/noticiasya.com\/midland-odessa\/wp-json\/wp\/v2\/media?parent=1454950"}],"wp:term":[{"taxonomy":"category","embeddable":true,"href":"https:\/\/noticiasya.com\/midland-odessa\/wp-json\/wp\/v2\/categories?post=1454950"},{"taxonomy":"post_tag","embeddable":true,"href":"https:\/\/noticiasya.com\/midland-odessa\/wp-json\/wp\/v2\/tags?post=1454950"}],"curies":[{"name":"wp","href":"https:\/\/api.w.org\/{rel}","templated":true}]}}