{"id":1454951,"date":"2024-10-04T17:03:44","date_gmt":"2024-10-05T00:03:44","guid":{"rendered":"https:\/\/noticiasya.com\/2024\/10\/04\/aumento-nivel-del-mar-puerto-rico-orix\/"},"modified":"2024-10-04T17:03:44","modified_gmt":"2024-10-05T00:03:44","slug":"aumento-nivel-del-mar-puerto-rico-orix","status":"publish","type":"post","link":"https:\/\/noticiasya.com\/midland-odessa\/2024\/10\/04\/aumento-nivel-del-mar-puerto-rico-orix\/","title":{"rendered":"Aumento del nivel del mar comienza a cambiar partes de algunas zonas costeras de Puerto Rico, advierten investigadores"},"content":{"rendered":"<p>(CNN Espa\u00f1ol) &#8212;\u00a0Al igual que en otras partes del mundo, las costas de Puerto Rico han comenzado a experimentar situaciones relacionadas al aumento en el nivel del mar. Algunos estudiosos expertos en el tema han levantado su voz de alerta.<\/p>\n<p>\u201cYa los efectos est\u00e1n ocurriendo y hace tiempo, hace a\u00f1os. Una cosa que no se habla mucho, por ejemplo, es que seg\u00fan el nivel del mar sube, el nivel fre\u00e1tico tierra adentro sube tambi\u00e9n y entonces todos esos terrenos que est\u00e9n bajos se van a inundar permanentemente\u201d, explica Aurelio Mercado, catedr\u00e1tico del Departamento de Oceanograf\u00eda F\u00edsica del Recinto Universitario de Mayag\u00fcez de la Universidad de Puerto Rico.<\/p>\n<p>\u201cLa l\u00ednea de agua se est\u00e1 moviendo tierra adentro, pero estamos hablando de en dos a\u00f1os, tres metros, cuatro metros. Y esto hace que ahora eventos de menor magnitud, quiz\u00e1s como ondas tropicales o simplemente marejadas de frentes de fr\u00edo no tan intensas o no tan fuertes est\u00e1n causando los mismos da\u00f1os que pudiera estar haciendo un hurac\u00e1n categor\u00eda tres\u201d, dice Maritza Barreto, directora del Instituto de Investigaci\u00f3n y Planificaci\u00f3n Costera del recinto de R\u00edo Piedras de la Universidad de Puerto Rico.<\/p>\n<p>&#171;El oc\u00e9ano se est\u00e1 desbordando&#187;: ONU lanza un SOS global ante informes de que el nivel del mar en el Pac\u00edfico sobrepasa la media mundial<\/p>\n<p>Un an\u00e1lisis publicado en junio por la Uni\u00f3n de Cient\u00edficos Conscientes (UCS, por sus siglas en ingl\u00e9s) titulado &#171;Looming Deadlines for Coastal Resilience&#187;, revel\u00f3 que \u201cpara el a\u00f1o 2050 casi 1.100 instalaciones de infraestructura ubicados a lo largo de la costa de Estados Unidos se inundar\u00edan en promedio 12 veces al a\u00f1o\u201d.<\/p>\n<p>Se incluy\u00f3 a Puerto Rico como uno de los territorios donde 325 instalaciones de infraestructura esencial resultar\u00edan afectadas y augura un aumento medio del nivel del mar de 97,5 cm en promedio a nivel global para el 2100. Las infraestructuras en mayor riesgo incluyen \u00e1reas residenciales, y lugares con contaminaci\u00f3n industrial.<\/p>\n<p>\u201cSi observamos tambi\u00e9n infraestructura, verdad, seg\u00fan la distribuci\u00f3n a lo largo de la franja de la costa m\u00e1s la presencia de la erosi\u00f3n costera, que tambi\u00e9n agrava la situaci\u00f3n, entonces estamos hablando que hay una alta cantidad de infraestructura cr\u00edtica, poblaciones, asentamientos comunitarios, como tambi\u00e9n servicios. Podr\u00edamos tener impactos en los servicios y actividades econ\u00f3micas\u201d, dice Barreto.<\/p>\n<p>Pero, no son solamente los efectos en el \u00e1rea local, lo que los estudiosos vigilan. Plantean que las acciones que han ocurrido en otras partes del planeta ya se sienten en Puerto Rico. Incluso, hablan de cu\u00e1ndo esperan que la situaci\u00f3n en la isla se agrave m\u00e1s.<\/p>\n<p>\u201cYo me atrevo decir que m\u00e1s o menos para el 2050 es que la cosa se va a poner interesante, porque se observ\u00f3 en 2010 y 2011 una aceleraci\u00f3n que va a seguir su curso y la ficha del tranque est\u00e1 como se van a comportar los glaciares en la Ant\u00e1rtida\u201d, dijo Mercado.<\/p>\n<p>\u201cY es bien interesante que hablando de los eventos del Pac\u00edfico, hablando del deshielo, es importante ver que en muchas de las proyecciones que se est\u00e1n haciendo sobre aumento de nivel del mar en el caso para Puerto Rico, ahora mismo se est\u00e1 dando de un aumento de un pie respecto a la condici\u00f3n de hoy para el 2050 es un dato sumamente conservador\u201d, dice Barreto.<\/p>\n<p>A mediados de septiembre, un grupo de cient\u00edficos que estudia esa regi\u00f3n, descubrieron que el glaciar Thwaites en Ant\u00e1rtida se est\u00e1 derritiendo a un ritmo acelerado. Seg\u00fan el informe sobre el estado del clima de la Organizaci\u00f3n Meteorol\u00f3gica Mundial, el nivel del mar en el Oc\u00e9ano Pac\u00edfico ha subido casi el doble que la media mundial en los \u00faltimos 30 a\u00f1os.<\/p>\n<p>La Sociedad Puertorique\u00f1a de Planificaci\u00f3n ha detallado cuales son las manifestaciones del cambio clim\u00e1tico en la isla. Estas son aumento en el nivel del mar y altas temperaturas, erosi\u00f3n costera, frecuencia e intensidad de sequ\u00edas y lluvias, aumento de fuegos forestales, intensidad de huracanes, tormentas y los episodios de las nubes del polvo del desierto de Sahara.<\/p>\n<p>Un proyecto de ley que permitir\u00eda enfrentar el aumento del mar<\/p>\n<p>Mientras, la Asamblea Legislativa de Puerto Rico tiene ante s\u00ed para su aprobaci\u00f3n el llamado Plan de Mitigaci\u00f3n, Adaptaci\u00f3n y Resiliencia al Cambio Clim\u00e1tico de Puerto Rico. El documento establecer\u00eda la pol\u00edtica p\u00fablica sobre este tema y crea el Comit\u00e9 de Expertos y Asesores sobre Cambio Clim\u00e1tico (CEACC), integrado por representantes de diferentes sectores que identificar\u00e1n medidas de adaptaci\u00f3n en renglones como energ\u00eda, agua, zona costanera, salud, agricultura, residuos s\u00f3lidos, transportaci\u00f3n, turismo, reforestaci\u00f3n infraestructura y turismo.<\/p>\n<p>\u201cY en ese plan existen aproximadamente como unas catorce estrategias para poder enfrentar el problema del aumento en el nivel del mar. Tambi\u00e9n se habla de la importancia de mantener los geodatos que son informaci\u00f3n de la infraestructura y sobre todos los servicios que se dan para ver como a trav\u00e9s del modelaje del aumento del nivel del mar poder ver cuales son esas infraestructuras que se afectan y poder protegerlas, adaptarlas a partir de las horas m\u00e1s vulnerables\u201d, indic\u00f3 Barreto, quien tambi\u00e9n es miembro de comit\u00e9.<\/p>\n<p>El actual presidente del Senado de Puerto Rico, Jos\u00e9 Luis Dalmau, inform\u00f3 que la legislatura tiene hasta el 2025 para la aprobaci\u00f3n del plan.<\/p>\n<p>Tanto Mercado c\u00f3mo Barreto han recalcado la importancia de hacer realidad el documento. A modo de ejemplo, mencionaron que las zonas costeras de los municipios de Lo\u00edza, Luquillo, Rinc\u00f3n, Hatillo y Pe\u00f1uelas son algunas de las m\u00e1s vulnerables y en donde el mar ya ha comenzado a cambiar parte de la geograf\u00eda. \u201cY que entonces eso lo que hace es que cuando venga un hurac\u00e1n con su marejada cicl\u00f3nica exacerba el da\u00f1o hecho por el hurac\u00e1n porque el nivel del mar base ya est\u00e1 alto\u201d, dijo Mercado.<\/p>\n<p>Barreto admiti\u00f3 que tiene sus reservas respecto a c\u00f3mo las autoridades manejar\u00e1n la situaci\u00f3n. \u201cEl futuro no es muy, realmente positivo, en el sentido que yo entiendo que la respuesta ante lo que es el aumento del nivel del mar ha sido m\u00e1s lenta del mismo efecto del nivel del mar, que originalmente se pensaba que era un evento sumamente lento y el cual realmente no lo es\u201d.<\/p>\n<p>The-CNN-Wire<br \/>&trade; &amp; &copy; 2024 Cable News Network, Inc., a Warner Bros. Discovery Company. All rights reserved.<\/p>\n","protected":false},"excerpt":{"rendered":"<p>(CNN Espa\u00f1ol) &#8212;\u00a0Al igual que en otras partes del mundo, las costas de Puerto Rico han comenzado a experimentar situaciones relacionadas al aumento en el nivel del mar. Algunos estudiosos expertos en el tema han levantado su voz de alerta. \u201cYa los efectos est\u00e1n ocurriendo y hace tiempo, hace a\u00f1os. Una cosa que no se [&hellip;]<\/p>\n","protected":false},"author":0,"featured_media":0,"comment_status":"open","ping_status":"open","sticky":false,"template":"","format":"standard","meta":{"_jetpack_memberships_contains_paid_content":false,"footnotes":""},"categories":[10],"tags":[],"class_list":["post-1454951","post","type-post","status-publish","format-standard","hentry","category-noticias-nacionales","market-global"],"yoast_head":"<!-- This site is optimized with the Yoast SEO plugin v24.4 - https:\/\/yoast.com\/wordpress\/plugins\/seo\/ -->\n<title>Aumento del nivel del mar comienza a cambiar partes de algunas zonas costeras de Puerto Rico, advierten investigadores - Noticias<\/title>\n<meta name=\"robots\" content=\"index, follow, max-snippet:-1, max-image-preview:large, max-video-preview:-1\" \/>\n<link rel=\"canonical\" href=\"https:\/\/noticiasya.com\/2024\/10\/04\/aumento-nivel-del-mar-puerto-rico-orix\/\" \/>\n<meta property=\"og:locale\" content=\"es_ES\" \/>\n<meta property=\"og:type\" content=\"article\" \/>\n<meta property=\"og:title\" content=\"Aumento del nivel del mar comienza a cambiar partes de algunas zonas costeras de Puerto Rico, advierten investigadores - Noticias\" \/>\n<meta property=\"og:description\" content=\"(CNN Espa\u00f1ol) &#8212;\u00a0Al igual que en otras partes del mundo, las costas de Puerto Rico han comenzado a experimentar situaciones relacionadas al aumento en el nivel del mar. Algunos estudiosos expertos en el tema han levantado su voz de alerta. \u201cYa los efectos est\u00e1n ocurriendo y hace tiempo, hace a\u00f1os. Una cosa que no se [&hellip;]\" \/>\n<meta property=\"og:url\" content=\"https:\/\/noticiasya.com\/2024\/10\/04\/aumento-nivel-del-mar-puerto-rico-orix\/\" \/>\n<meta property=\"og:site_name\" content=\"Noticias\" \/>\n<meta property=\"article:published_time\" content=\"2024-10-05T00:03:44+00:00\" \/>\n<meta name=\"twitter:card\" content=\"summary_large_image\" \/>\n<meta name=\"twitter:label1\" content=\"Est. reading time\" \/>\n\t<meta name=\"twitter:data1\" content=\"6 minutos\" \/>\n<script type=\"application\/ld+json\" class=\"yoast-schema-graph\">{\"@context\":\"https:\/\/schema.org\",\"@graph\":[{\"@type\":\"Article\",\"@id\":\"https:\/\/noticiasya.com\/2024\/10\/04\/aumento-nivel-del-mar-puerto-rico-orix\/#article\",\"isPartOf\":{\"@id\":\"https:\/\/noticiasya.com\/2024\/10\/04\/aumento-nivel-del-mar-puerto-rico-orix\/\"},\"author\":{\"name\":\"\",\"@id\":\"\"},\"headline\":\"Aumento del nivel del mar comienza a cambiar partes de algunas zonas costeras de Puerto Rico, advierten investigadores\",\"datePublished\":\"2024-10-05T00:03:44+00:00\",\"mainEntityOfPage\":{\"@id\":\"https:\/\/noticiasya.com\/2024\/10\/04\/aumento-nivel-del-mar-puerto-rico-orix\/\"},\"wordCount\":1136,\"commentCount\":0,\"publisher\":{\"@id\":\"https:\/\/noticiasya.com\/#organization\"},\"articleSection\":[\"Noticias Nacionales\"],\"inLanguage\":\"es\",\"potentialAction\":[{\"@type\":\"CommentAction\",\"name\":\"Comment\",\"target\":[\"https:\/\/noticiasya.com\/2024\/10\/04\/aumento-nivel-del-mar-puerto-rico-orix\/#respond\"]}]},{\"@type\":\"WebPage\",\"@id\":\"https:\/\/noticiasya.com\/2024\/10\/04\/aumento-nivel-del-mar-puerto-rico-orix\/\",\"url\":\"https:\/\/noticiasya.com\/2024\/10\/04\/aumento-nivel-del-mar-puerto-rico-orix\/\",\"name\":\"Aumento del nivel del mar comienza a cambiar partes de algunas zonas costeras de Puerto Rico, advierten investigadores - Noticias\",\"isPartOf\":{\"@id\":\"https:\/\/noticiasya.com\/#website\"},\"datePublished\":\"2024-10-05T00:03:44+00:00\",\"breadcrumb\":{\"@id\":\"https:\/\/noticiasya.com\/2024\/10\/04\/aumento-nivel-del-mar-puerto-rico-orix\/#breadcrumb\"},\"inLanguage\":\"es\",\"potentialAction\":[{\"@type\":\"ReadAction\",\"target\":[\"https:\/\/noticiasya.com\/2024\/10\/04\/aumento-nivel-del-mar-puerto-rico-orix\/\"]}]},{\"@type\":\"BreadcrumbList\",\"@id\":\"https:\/\/noticiasya.com\/2024\/10\/04\/aumento-nivel-del-mar-puerto-rico-orix\/#breadcrumb\",\"itemListElement\":[{\"@type\":\"ListItem\",\"position\":1,\"name\":\"Home\",\"item\":\"https:\/\/noticiasya.com\/\"},{\"@type\":\"ListItem\",\"position\":2,\"name\":\"Aumento del nivel del mar comienza a cambiar partes de algunas zonas costeras de Puerto Rico, advierten investigadores\"}]},{\"@type\":\"WebSite\",\"@id\":\"https:\/\/noticiasya.com\/#website\",\"url\":\"https:\/\/noticiasya.com\/\",\"name\":\"Noticias\",\"description\":\"Lo que importa\",\"publisher\":{\"@id\":\"https:\/\/noticiasya.com\/#organization\"},\"potentialAction\":[{\"@type\":\"SearchAction\",\"target\":{\"@type\":\"EntryPoint\",\"urlTemplate\":\"https:\/\/noticiasya.com\/?s={search_term_string}\"},\"query-input\":{\"@type\":\"PropertyValueSpecification\",\"valueRequired\":true,\"valueName\":\"search_term_string\"}}],\"inLanguage\":\"es\"},{\"@type\":\"Organization\",\"@id\":\"https:\/\/noticiasya.com\/#organization\",\"name\":\"Noticias\",\"url\":\"https:\/\/noticiasya.com\/\",\"logo\":{\"@type\":\"ImageObject\",\"inLanguage\":\"es\",\"@id\":\"https:\/\/noticiasya.com\/#\/schema\/logo\/image\/\",\"url\":\"https:\/\/noticiasya.com\/wp-content\/uploads\/sites\/22\/2023\/12\/logo-nacional.png\",\"contentUrl\":\"https:\/\/noticiasya.com\/wp-content\/uploads\/sites\/22\/2023\/12\/logo-nacional.png\",\"width\":1801,\"height\":691,\"caption\":\"Noticias\"},\"image\":{\"@id\":\"https:\/\/noticiasya.com\/#\/schema\/logo\/image\/\"}}]}<\/script>\n<!-- \/ Yoast SEO plugin. -->","yoast_head_json":{"title":"Aumento del nivel del mar comienza a cambiar partes de algunas zonas costeras de Puerto Rico, advierten investigadores - Noticias","robots":{"index":"index","follow":"follow","max-snippet":"max-snippet:-1","max-image-preview":"max-image-preview:large","max-video-preview":"max-video-preview:-1"},"canonical":"https:\/\/noticiasya.com\/2024\/10\/04\/aumento-nivel-del-mar-puerto-rico-orix\/","og_locale":"es_ES","og_type":"article","og_title":"Aumento del nivel del mar comienza a cambiar partes de algunas zonas costeras de Puerto Rico, advierten investigadores - Noticias","og_description":"(CNN Espa\u00f1ol) &#8212;\u00a0Al igual que en otras partes del mundo, las costas de Puerto Rico han comenzado a experimentar situaciones relacionadas al aumento en el nivel del mar. Algunos estudiosos expertos en el tema han levantado su voz de alerta. \u201cYa los efectos est\u00e1n ocurriendo y hace tiempo, hace a\u00f1os. Una cosa que no se [&hellip;]","og_url":"https:\/\/noticiasya.com\/2024\/10\/04\/aumento-nivel-del-mar-puerto-rico-orix\/","og_site_name":"Noticias","article_published_time":"2024-10-05T00:03:44+00:00","twitter_card":"summary_large_image","twitter_misc":{"Est. reading time":"6 minutos"},"schema":{"@context":"https:\/\/schema.org","@graph":[{"@type":"Article","@id":"https:\/\/noticiasya.com\/2024\/10\/04\/aumento-nivel-del-mar-puerto-rico-orix\/#article","isPartOf":{"@id":"https:\/\/noticiasya.com\/2024\/10\/04\/aumento-nivel-del-mar-puerto-rico-orix\/"},"author":{"name":"","@id":""},"headline":"Aumento del nivel del mar comienza a cambiar partes de algunas zonas costeras de Puerto Rico, advierten investigadores","datePublished":"2024-10-05T00:03:44+00:00","mainEntityOfPage":{"@id":"https:\/\/noticiasya.com\/2024\/10\/04\/aumento-nivel-del-mar-puerto-rico-orix\/"},"wordCount":1136,"commentCount":0,"publisher":{"@id":"https:\/\/noticiasya.com\/#organization"},"articleSection":["Noticias Nacionales"],"inLanguage":"es","potentialAction":[{"@type":"CommentAction","name":"Comment","target":["https:\/\/noticiasya.com\/2024\/10\/04\/aumento-nivel-del-mar-puerto-rico-orix\/#respond"]}]},{"@type":"WebPage","@id":"https:\/\/noticiasya.com\/2024\/10\/04\/aumento-nivel-del-mar-puerto-rico-orix\/","url":"https:\/\/noticiasya.com\/2024\/10\/04\/aumento-nivel-del-mar-puerto-rico-orix\/","name":"Aumento del nivel del mar comienza a cambiar partes de algunas zonas costeras de Puerto Rico, advierten investigadores - Noticias","isPartOf":{"@id":"https:\/\/noticiasya.com\/#website"},"datePublished":"2024-10-05T00:03:44+00:00","breadcrumb":{"@id":"https:\/\/noticiasya.com\/2024\/10\/04\/aumento-nivel-del-mar-puerto-rico-orix\/#breadcrumb"},"inLanguage":"es","potentialAction":[{"@type":"ReadAction","target":["https:\/\/noticiasya.com\/2024\/10\/04\/aumento-nivel-del-mar-puerto-rico-orix\/"]}]},{"@type":"BreadcrumbList","@id":"https:\/\/noticiasya.com\/2024\/10\/04\/aumento-nivel-del-mar-puerto-rico-orix\/#breadcrumb","itemListElement":[{"@type":"ListItem","position":1,"name":"Home","item":"https:\/\/noticiasya.com\/"},{"@type":"ListItem","position":2,"name":"Aumento del nivel del mar comienza a cambiar partes de algunas zonas costeras de Puerto Rico, advierten investigadores"}]},{"@type":"WebSite","@id":"https:\/\/noticiasya.com\/#website","url":"https:\/\/noticiasya.com\/","name":"Noticias","description":"Lo que importa","publisher":{"@id":"https:\/\/noticiasya.com\/#organization"},"potentialAction":[{"@type":"SearchAction","target":{"@type":"EntryPoint","urlTemplate":"https:\/\/noticiasya.com\/?s={search_term_string}"},"query-input":{"@type":"PropertyValueSpecification","valueRequired":true,"valueName":"search_term_string"}}],"inLanguage":"es"},{"@type":"Organization","@id":"https:\/\/noticiasya.com\/#organization","name":"Noticias","url":"https:\/\/noticiasya.com\/","logo":{"@type":"ImageObject","inLanguage":"es","@id":"https:\/\/noticiasya.com\/#\/schema\/logo\/image\/","url":"https:\/\/noticiasya.com\/wp-content\/uploads\/sites\/22\/2023\/12\/logo-nacional.png","contentUrl":"https:\/\/noticiasya.com\/wp-content\/uploads\/sites\/22\/2023\/12\/logo-nacional.png","width":1801,"height":691,"caption":"Noticias"},"image":{"@id":"https:\/\/noticiasya.com\/#\/schema\/logo\/image\/"}}]}},"parsely":{"version":"1.1.0","canonical_url":"https:\/\/noticiasya.com\/midland-odessa\/2024\/10\/04\/aumento-nivel-del-mar-puerto-rico-orix\/","smart_links":{"inbound":0,"outbound":0},"traffic_boost_suggestions_count":0,"meta":{"@context":"https:\/\/schema.org","@type":"NewsArticle","headline":"Aumento del nivel del mar comienza a cambiar partes de algunas zonas costeras de Puerto Rico, advierten investigadores","url":"http:\/\/noticiasya.com\/midland-odessa\/2024\/10\/04\/aumento-nivel-del-mar-puerto-rico-orix\/","mainEntityOfPage":{"@type":"WebPage","@id":"http:\/\/noticiasya.com\/midland-odessa\/2024\/10\/04\/aumento-nivel-del-mar-puerto-rico-orix\/"},"thumbnailUrl":"","image":{"@type":"ImageObject","url":""},"articleSection":"Noticias Nacionales","author":[],"creator":[],"publisher":{"@type":"Organization","name":"Noticias","logo":""},"keywords":[],"dateCreated":"2024-10-05T00:03:44Z","datePublished":"2024-10-05T00:03:44Z","dateModified":"2024-10-05T00:03:44Z"},"rendered":"<script type=\"application\/ld+json\" class=\"wp-parsely-metadata\">{\"@context\":\"https:\\\/\\\/schema.org\",\"@type\":\"NewsArticle\",\"headline\":\"Aumento del nivel del mar comienza a cambiar partes de algunas zonas costeras de Puerto Rico, advierten investigadores\",\"url\":\"http:\\\/\\\/noticiasya.com\\\/midland-odessa\\\/2024\\\/10\\\/04\\\/aumento-nivel-del-mar-puerto-rico-orix\\\/\",\"mainEntityOfPage\":{\"@type\":\"WebPage\",\"@id\":\"http:\\\/\\\/noticiasya.com\\\/midland-odessa\\\/2024\\\/10\\\/04\\\/aumento-nivel-del-mar-puerto-rico-orix\\\/\"},\"thumbnailUrl\":\"\",\"image\":{\"@type\":\"ImageObject\",\"url\":\"\"},\"articleSection\":\"Noticias Nacionales\",\"author\":[],\"creator\":[],\"publisher\":{\"@type\":\"Organization\",\"name\":\"Noticias\",\"logo\":\"\"},\"keywords\":[],\"dateCreated\":\"2024-10-05T00:03:44Z\",\"datePublished\":\"2024-10-05T00:03:44Z\",\"dateModified\":\"2024-10-05T00:03:44Z\"}<\/script>","tracker_url":"https:\/\/cdn.parsely.com\/keys\/noticiasya.com\/p.js"},"jetpack_featured_media_url":"","jetpack-related-posts":[{"id":1458463,"url":"https:\/\/noticiasya.com\/midland-odessa\/2025\/02\/08\/sismo-7-6-caribe-aviso-tsunami-puerto-rico-islas-virgenes-trax\/","url_meta":{"origin":1454951,"position":0},"title":"Sismo de magnitud 7,6 en el Caribe activa un aviso de tsunami para Puerto Rico y las Islas V\u00edrgenes","author":"","date":"febrero 8, 2025","format":false,"excerpt":"Un sismo con una magnitud de 7,6 ocurri\u00f3 a 207 kil\u00f3metros al suroeste de Georgetown, Islas Caim\u00e1n, a las 6:23 p.m. de Miami el s\u00e1bado 8 de febrero de 2025, de acuerdo con el Servicio Geol\u00f3gico de Estados Unidos (USGS).Con base en todos los datos disponibles, existe una amenaza de\u2026","rel":"","context":"In &quot;Noticias Nacionales&quot;","block_context":{"text":"Noticias Nacionales","link":"https:\/\/noticiasya.com\/midland-odessa\/categoria\/noticias-nacionales"},"img":{"alt_text":"","src":"","width":0,"height":0},"classes":[]},{"id":1471877,"url":"https:\/\/noticiasya.com\/midland-odessa\/2026\/03\/04\/nivel-del-mar-alto-estudio-trax\/","url_meta":{"origin":1454951,"position":1},"title":"El nivel del mar es m\u00e1s alto de lo que se cre\u00eda y millones de personas estar\u00edan en riesgo, revela estudio","author":"","date":"marzo 4, 2026","format":false,"excerpt":"Los niveles del mar a lo largo de las costas del mundo son mucho m\u00e1s altos de lo que se supon\u00eda anteriormente, m\u00e1s de 3 pies (poco menos de 1 metro) en algunas regiones, seg\u00fan una nueva investigaci\u00f3n, lo que genera alertas de que el mundo est\u00e1 subestimando el alcance\u2026","rel":"","context":"In &quot;Noticias Nacionales&quot;","block_context":{"text":"Noticias Nacionales","link":"https:\/\/noticiasya.com\/midland-odessa\/categoria\/noticias-nacionales"},"img":{"alt_text":"","src":"","width":0,"height":0},"classes":[]},{"id":1449614,"url":"https:\/\/noticiasya.com\/midland-odessa\/2024\/05\/20\/oceano-glaciar-fin-mundo-impacto-grave-nivel-mar-trax\/","url_meta":{"origin":1454951,"position":2},"title":"El agua del oc\u00e9ano corre metros por debajo del &#171;glaciar del fin del mundo&#187;, con impactos potencialmente graves en el aumento del nivel del mar","author":"","date":"mayo 20, 2024","format":false,"excerpt":"(CNN) -- El agua del oc\u00e9ano est\u00e1 empujando metros por debajo del \"glaciar del fin del mundo\" de la Ant\u00e1rtida, haci\u00e9ndolo m\u00e1s vulnerable al derretimiento de lo que se pensaba anteriormente, seg\u00fan una nueva investigaci\u00f3n que utiliz\u00f3 datos de radar desde el espacio para realizar una radiograf\u00eda del crucial glaciar.A\u2026","rel":"","context":"In &quot;Noticias Nacionales&quot;","block_context":{"text":"Noticias Nacionales","link":"https:\/\/noticiasya.com\/midland-odessa\/categoria\/noticias-nacionales"},"img":{"alt_text":"","src":"","width":0,"height":0},"classes":[]},{"id":1456876,"url":"https:\/\/noticiasya.com\/midland-odessa\/2024\/12\/23\/decenas-condominios-hoteles-lujo-se-estan-hundiendo-florida-segun-estudio-trax\/","url_meta":{"origin":1454951,"position":3},"title":"Decenas de condominios y hoteles de lujo se est\u00e1n hundiendo en Florida, seg\u00fan estudio","author":"","date":"diciembre 23, 2024","format":false,"excerpt":"Decenas de condominios, hoteles y otros edificios de lujo en el sureste de Florida se est\u00e1n hundiendo a un ritmo sorprendente, informaron investigadores en un estudio reciente.El estudio, dirigido por cient\u00edficos de la Universidad de Miami, encontr\u00f3 que 35 edificios desde Golden Beach hasta Miami Beach se hundieron hasta 7\u2026","rel":"","context":"In &quot;Noticias Nacionales&quot;","block_context":{"text":"Noticias Nacionales","link":"https:\/\/noticiasya.com\/midland-odessa\/categoria\/noticias-nacionales"},"img":{"alt_text":"","src":"","width":0,"height":0},"classes":[]},{"id":1459639,"url":"https:\/\/noticiasya.com\/midland-odessa\/2025\/03\/07\/puerto-rico-apoyo-inmigracion-indocumentada-reconstruir-trax\/","url_meta":{"origin":1454951,"position":4},"title":"EE.UU. promete apoyo a Puerto Rico para combatir la inmigraci\u00f3n indocumentada y reconstruir la isla","author":"","date":"marzo 7, 2025","format":false,"excerpt":"La secretaria de Seguridad Nacional de Estados Unidos, Kristi Noem, y la gobernadora de Puerto Rico, Jenniffer Gonz\u00e1lez, se reunieron el jueves en San Juan, donde dialogaron sobre posibles iniciativas conjuntas en asuntos como el combate a las organizaciones criminales, la inmigraci\u00f3n ilegal, la asignaci\u00f3n de fondos federales para la\u2026","rel":"","context":"In &quot;Noticias Nacionales&quot;","block_context":{"text":"Noticias Nacionales","link":"https:\/\/noticiasya.com\/midland-odessa\/categoria\/noticias-nacionales"},"img":{"alt_text":"","src":"","width":0,"height":0},"classes":[]},{"id":1450483,"url":"https:\/\/noticiasya.com\/midland-odessa\/2024\/06\/18\/indigenas-panama-isla-gardi-sugdub-se-hunde-orix\/","url_meta":{"origin":1454951,"position":5},"title":"Una isla se hunde en el Caribe frente a Panam\u00e1 y sus habitantes luchan por mantener sus hogares","author":"","date":"junio 18, 2024","format":false,"excerpt":"(CNN Espa\u00f1ol) -- Habitantes ind\u00edgenas de la isla de Gardi Sugdub, en el Caribe de Panam\u00e1, enfrentan la encrucijada de mudarse a tierra firme y abandonar las viviendas que ocuparon toda su vida, derivado de los efectos de la crisis clim\u00e1tica, que progresivamente hacen que se eleve el nivel del\u2026","rel":"","context":"In &quot;Noticias Nacionales&quot;","block_context":{"text":"Noticias Nacionales","link":"https:\/\/noticiasya.com\/midland-odessa\/categoria\/noticias-nacionales"},"img":{"alt_text":"","src":"","width":0,"height":0},"classes":[]}],"jetpack_sharing_enabled":true,"_links":{"self":[{"href":"https:\/\/noticiasya.com\/midland-odessa\/wp-json\/wp\/v2\/posts\/1454951","targetHints":{"allow":["GET"]}}],"collection":[{"href":"https:\/\/noticiasya.com\/midland-odessa\/wp-json\/wp\/v2\/posts"}],"about":[{"href":"https:\/\/noticiasya.com\/midland-odessa\/wp-json\/wp\/v2\/types\/post"}],"replies":[{"embeddable":true,"href":"https:\/\/noticiasya.com\/midland-odessa\/wp-json\/wp\/v2\/comments?post=1454951"}],"version-history":[{"count":0,"href":"https:\/\/noticiasya.com\/midland-odessa\/wp-json\/wp\/v2\/posts\/1454951\/revisions"}],"wp:attachment":[{"href":"https:\/\/noticiasya.com\/midland-odessa\/wp-json\/wp\/v2\/media?parent=1454951"}],"wp:term":[{"taxonomy":"category","embeddable":true,"href":"https:\/\/noticiasya.com\/midland-odessa\/wp-json\/wp\/v2\/categories?post=1454951"},{"taxonomy":"post_tag","embeddable":true,"href":"https:\/\/noticiasya.com\/midland-odessa\/wp-json\/wp\/v2\/tags?post=1454951"}],"curies":[{"name":"wp","href":"https:\/\/api.w.org\/{rel}","templated":true}]}}