{"id":1454953,"date":"2024-10-04T19:03:37","date_gmt":"2024-10-05T02:03:37","guid":{"rendered":"https:\/\/noticiasya.com\/2024\/10\/04\/crimenes-reales-docuserie-hermanos-menendez-television-trax\/"},"modified":"2024-10-04T19:03:37","modified_gmt":"2024-10-05T02:03:37","slug":"crimenes-reales-docuserie-hermanos-menendez-television-trax","status":"publish","type":"post","link":"https:\/\/noticiasya.com\/midland-odessa\/2024\/10\/04\/crimenes-reales-docuserie-hermanos-menendez-television-trax\/","title":{"rendered":"El caso de los hermanos Men\u00e9ndez no es el \u00fanico afectado por una docuserie de cr\u00edmenes reales"},"content":{"rendered":"<p>(CNN) &#8212; Ser un detective de sill\u00f3n se ha convertido en una obsesi\u00f3n estadounidense, impulsada por una abundancia de contenido de cr\u00edmenes reales en podcasts y series de televisi\u00f3n. Sin embargo, algunos de esos proyectos han provocado desarrollos legales reales.<\/p>\n<p>El \u00faltimo ejemplo involucra el caso de alto perfil de los hermanos Erik y Lyle Men\u00e9ndez, quienes fueron condenados y sentenciados a cadena perpetua por el homicidio premeditado\u00a0en 1989 de sus padres, Jos\u00e9 y Kitty Men\u00e9ndez, dentro de la mansi\u00f3n familiar en Beverly Hills.<\/p>\n<p>El jueves, los fiscales de Los \u00c1ngeles anunciaron que est\u00e1n revisando nuevas pruebas presentadas en su caso antes de una audiencia el pr\u00f3ximo mes, incluida una carta escrita por Erik Men\u00e9ndez, ahora de 53 a\u00f1os, que sus abogados argumentan corrobora las acusaciones de que los hermanos vivieron a\u00f1os de abuso sexual por parte de su padre.<\/p>\n<p>Fiscales de Los \u00c1ngeles revisar\u00e1n nuevas pruebas en la condena por homicidio premeditado de 1996 de los hermanos Men\u00e9ndez<\/p>\n<p>En su petici\u00f3n para revisar el caso, presentada el a\u00f1o pasado, los abogados de los hermanos tambi\u00e9n citaron la docuserie de Peacock \u201cMenendez + Menudo: Boys Betrayed\u201d. El proyecto incluy\u00f3 una entrevista con un exmiembro de la banda musical Menudo, quien dijo en una declaraci\u00f3n jurada que fue abusado sexualmente por Jos\u00e9 Men\u00e9ndez cuando ten\u00eda alrededor de 14 a\u00f1os.<\/p>\n<p>El inter\u00e9s p\u00fablico en el caso Men\u00e9ndez se reaviv\u00f3 recientemente por la dramatizaci\u00f3n de Netflix de Ryan Murphy sobre los asesinatos en \u201cMonstruos: la historia de Lyle y Erik Men\u00e9ndez\u201d. Aunque los hermanos han denunciado la representaci\u00f3n en la serie guionada como inexacta, atrajo la atenci\u00f3n a sus esfuerzos legales por parte de Kim Kardashian y otros.<\/p>\n<p>\u201cTanta gente est\u00e1 ahora interesada en el caso y me habla sobre el poder de la televisi\u00f3n y lo que puede hacer. Puede iluminar algo y puede iluminar rincones oscuros\u201d, dijo Murphy a Variety esta semana. \u201cLes dimos su momento en el tribunal de la opini\u00f3n p\u00fablica\u201d.<\/p>\n<p>No es la primera vez que los proyectos de la cultura pop impulsan desarrollos legales. Aqu\u00ed hay algunos otros ejemplos:<\/p>\n<p>R. Kelly y \u201cSurviving R. Kelly\u201d<\/p>\n<p>R. Kelly en 2019 en Chicago, Illinois. Cr\u00e9dito: Scott Olson\/Getty Images<\/p>\n<p>El aclamado cantante fue absuelto en 2008 de cargos relacionados con abuso sexual de menores despu\u00e9s de que surgiera una cinta que, seg\u00fan los fiscales, lo mostraba teniendo relaciones sexuales con una ni\u00f1a de 14 a\u00f1os. Sin embargo, eso no detuvo la conversaci\u00f3n a lo largo de los a\u00f1os sobre Kelly y las acusaciones de conducta sexual inapropiada.<\/p>\n<p>Algunas de esas historias salieron a la luz en enero de 2019 en \u201cSurviving R. Kelly,\u201d una docuserie explosiva de varios episodios en la que varias mujeres compartieron acusaciones de abuso por parte de Kelly, que \u00e9l neg\u00f3.<\/p>\n<p>Solo unos meses despu\u00e9s, en julio de 2019, la Oficina del Fiscal de EE.UU. para el Distrito Norte de Illinois emiti\u00f3 una acusaci\u00f3n de 13 cargos que inclu\u00eda cargos de pornograf\u00eda infantil y obstrucci\u00f3n de la justicia. Kelly tambi\u00e9n fue acusado de tr\u00e1fico sexual en Nueva York e intentar influir en un caso en Atlanta en una acusaci\u00f3n de cinco cargos de la Oficina del Fiscal Federal para el Distrito Este de Nueva York. En agosto de 2019, Kelly fue acusado de ejercer la prostituci\u00f3n con una persona menor de 18 a\u00f1os en Minnesota en relaci\u00f3n con un presunto incidente que ocurri\u00f3 en julio de 2001 en un evento promocional.<\/p>\n<p>Kelly se declar\u00f3 no culpable de todos los cargos.<\/p>\n<p>La reacci\u00f3n a \u201cSurviving R. Kelly\u201d fue masiva y una segunda temporada con acusaciones adicionales se emiti\u00f3 en enero de 2020.<\/p>\n<p>Kelly fue condenado por cargos federales de delincuencia organizada y tr\u00e1fico sexual. en 2021 y sentenciado a 30 a\u00f1os de prisi\u00f3n. El desprestigiado cantante de R&#038;B tambi\u00e9n fue declarado culpable de cargos de pornograf\u00eda infantil y tentaci\u00f3n de un menor. Recibi\u00f3 una sentencia de prisi\u00f3n separada de 20 a\u00f1os.<\/p>\n<p>Steve Avery, Brendan Dassey y \u201cMaking a Murderer\u201d<\/p>\n<p>Una escena de &#171;Making a Murderer: Part 2&#187;. Cr\u00e9dito: Synthesis Films<\/p>\n<p>La desaparici\u00f3n y posterior descubrimiento de la muerte de la fot\u00f3grafa Teresa Halbach, de 25 a\u00f1os, en octubre de 2005 probablemente pudo parecer como una historia local en Wisconsin si no fuera por Netflix.<\/p>\n<p>La docuserie de 2015 del gigante del streaming, \u201cMaking a Murderer\u201d, cont\u00f3 la historia de Steven Avery y su sobrino Brendan Dassey, quienes fueron arrestados y condenados por el homicidio de Halbach.<\/p>\n<p>La serie de 10 episodios fue tan popular que dio lugar a m\u00faltiples foros en l\u00ednea, donde los espectadores discutieron el crimen e intercambiaron sus propias teor\u00edas e interpretaciones de la evidencia.<\/p>\n<p>Una segunda temporada, titulada \u201cMaking a Murderer: Part 2,\u201d se lanz\u00f3 en 2018.<\/p>\n<p>Tanto Avery como Dassey fueron sentenciados a cadena perpetua, pero la condena de Dassey fue anulada en 2016.<\/p>\n<p>Los fiscales apelaron y un tribunal federal de apelaciones posteriormente reinstaur\u00f3 la condena.<\/p>\n<p>Avery ha presentado m\u00faltiples apelaciones y mociones sin \u00e9xito a lo largo de los a\u00f1os.<\/p>\n<p>Ambos hombres permanecen encarcelados.<\/p>\n<p>Robert Durst y \u201cThe Jinx\u201d<\/p>\n<p>Robert Durst en &#171;The Jinx&#187;. Cr\u00e9dito: HBO<\/p>\n<p>\u201cThe Jinx: The Life and Deaths of Robert Durst\u201d es una serie sobre cr\u00edmenes reales que fue noticia incluso al aparecer en las noticias.<\/p>\n<p>Durst, un exc\u00e9ntrico heredero de bienes ra\u00edces de Nueva York, fue arrestado justo antes de que HBO (que es propiedad de la empresa matriz de CNN) emitiera el final de la serie en marzo de 2015.<\/p>\n<p>La serie investig\u00f3 tres casos con los que Durst estaba vinculado: la desaparici\u00f3n no resuelta de la esposa de Durst, Kathie, en 1982; la ejecuci\u00f3n en el 2000 de su amiga, la escritora Susan Berman,\u00a0 y la muerte y desmembramiento al a\u00f1o siguiente de su vecino, Morris Black, en Galveston, Texas.<\/p>\n<p>Durst aleg\u00f3 defensa propia en la muerte de Black y fue arrestado por el homicidio de Berman mientras se emit\u00eda la primera temporada de la serie.<\/p>\n<p>Fue condenado por el homicidio premeditado\u00a0de Berman en 2021 y sentenciado a cadena perpetua sin posibilidad de libertad condicional.<\/p>\n<p>Durst tambi\u00e9n fue acusado por la muerte de su esposa, pero muri\u00f3 en enero de 2022.<\/p>\n<p>En abril de 2024, HBO emiti\u00f3 una segunda temporada de \u201cThe Jinx.\u201d<\/p>\n<p>Adnan Syed y \u201cSerial\u201d<\/p>\n<p>Adnan Syed, cuyo caso fue relatado en el exitoso podcast &#171;Serial&#187;, se va despu\u00e9s de que un juez anulara la condena por homicidio premeditado de Syed en 2000 y ordenara un nuevo juicio en 2022. Cr\u00e9dito: Jonathan Ernst\/Reuters<\/p>\n<p>El podcast \u201cSerial\u201d no solo ayud\u00f3 a impulsar el inter\u00e9s en el entonces nuevo formato de medios, sino que tambi\u00e9n condujo a la liberaci\u00f3n de un hombre condenado por el homicidio premeditado de\u00a0su novia de la escuela secundaria.<\/p>\n<p>El podcast de 2014, presentado por la periodista Sarah Koenig, examin\u00f3 la condena de Adnan Syed por el homicidio premeditado en 1999 de Hae Min Lee, cuando ambos eran estudiantes de \u00faltimo a\u00f1o en la escuela secundaria Woodlawn en el condado de Baltimore.<\/p>\n<p>La primera temporada estableci\u00f3 r\u00e9cords de podcasts en el momento de su lanzamiento con m\u00e1s de 300 millones de descargas, de acuerdo con los productores del programa. Syed cumpl\u00eda cadena perpetua por homicidio premeditado, robo, secuestro y encarcelamiento falso.<\/p>\n<p>La atenci\u00f3n al caso, que incluy\u00f3 preguntas sobre la defensa que recibi\u00f3 Syed, llev\u00f3 a que su condena fuera anulada en septiembre de 2022.<\/p>\n<p>Su liberaci\u00f3n fue aclamada por quienes lo apoyaban, pero en agosto de 2022 la Corte Suprema de Maryland dictamin\u00f3 que la condena deb\u00eda restablecerse debido a errores de procedimiento en la anulaci\u00f3n de la condena.<\/p>\n<p>Syed permanece libre mientras el caso est\u00e1 en apelaci\u00f3n.<\/p>\n<p>The-CNN-Wire<br \/>&trade; &amp; &copy; 2024 Cable News Network, Inc., a Warner Bros. Discovery Company. All rights reserved.<\/p>\n","protected":false},"excerpt":{"rendered":"<p>(CNN) &#8212; Ser un detective de sill\u00f3n se ha convertido en una obsesi\u00f3n estadounidense, impulsada por una abundancia de contenido de cr\u00edmenes reales en podcasts y series de televisi\u00f3n. Sin embargo, algunos de esos proyectos han provocado desarrollos legales reales. El \u00faltimo ejemplo involucra el caso de alto perfil de los hermanos Erik y Lyle [&hellip;]<\/p>\n","protected":false},"author":0,"featured_media":0,"comment_status":"open","ping_status":"open","sticky":false,"template":"","format":"standard","meta":{"_jetpack_memberships_contains_paid_content":false,"footnotes":""},"categories":[10],"tags":[],"class_list":["post-1454953","post","type-post","status-publish","format-standard","hentry","category-noticias-nacionales","market-global"],"yoast_head":"<!-- This site is optimized with the Yoast SEO plugin v24.4 - https:\/\/yoast.com\/wordpress\/plugins\/seo\/ -->\n<title>El caso de los hermanos Men\u00e9ndez no es el \u00fanico afectado por una docuserie de cr\u00edmenes reales - Noticias<\/title>\n<meta name=\"robots\" content=\"index, follow, max-snippet:-1, max-image-preview:large, max-video-preview:-1\" \/>\n<link rel=\"canonical\" href=\"https:\/\/noticiasya.com\/2024\/10\/04\/crimenes-reales-docuserie-hermanos-menendez-television-trax\/\" \/>\n<meta property=\"og:locale\" content=\"es_ES\" \/>\n<meta property=\"og:type\" content=\"article\" \/>\n<meta property=\"og:title\" content=\"El caso de los hermanos Men\u00e9ndez no es el \u00fanico afectado por una docuserie de cr\u00edmenes reales - Noticias\" \/>\n<meta property=\"og:description\" content=\"(CNN) &#8212; Ser un detective de sill\u00f3n se ha convertido en una obsesi\u00f3n estadounidense, impulsada por una abundancia de contenido de cr\u00edmenes reales en podcasts y series de televisi\u00f3n. Sin embargo, algunos de esos proyectos han provocado desarrollos legales reales. El \u00faltimo ejemplo involucra el caso de alto perfil de los hermanos Erik y Lyle [&hellip;]\" \/>\n<meta property=\"og:url\" content=\"https:\/\/noticiasya.com\/2024\/10\/04\/crimenes-reales-docuserie-hermanos-menendez-television-trax\/\" \/>\n<meta property=\"og:site_name\" content=\"Noticias\" \/>\n<meta property=\"article:published_time\" content=\"2024-10-05T02:03:37+00:00\" \/>\n<meta name=\"twitter:card\" content=\"summary_large_image\" \/>\n<meta name=\"twitter:label1\" content=\"Est. reading time\" \/>\n\t<meta name=\"twitter:data1\" content=\"7 minutos\" \/>\n<script type=\"application\/ld+json\" class=\"yoast-schema-graph\">{\"@context\":\"https:\/\/schema.org\",\"@graph\":[{\"@type\":\"Article\",\"@id\":\"https:\/\/noticiasya.com\/2024\/10\/04\/crimenes-reales-docuserie-hermanos-menendez-television-trax\/#article\",\"isPartOf\":{\"@id\":\"https:\/\/noticiasya.com\/2024\/10\/04\/crimenes-reales-docuserie-hermanos-menendez-television-trax\/\"},\"author\":{\"name\":\"\",\"@id\":\"\"},\"headline\":\"El caso de los hermanos Men\u00e9ndez no es el \u00fanico afectado por una docuserie de cr\u00edmenes reales\",\"datePublished\":\"2024-10-05T02:03:37+00:00\",\"mainEntityOfPage\":{\"@id\":\"https:\/\/noticiasya.com\/2024\/10\/04\/crimenes-reales-docuserie-hermanos-menendez-television-trax\/\"},\"wordCount\":1343,\"commentCount\":0,\"publisher\":{\"@id\":\"https:\/\/noticiasya.com\/#organization\"},\"articleSection\":[\"Noticias Nacionales\"],\"inLanguage\":\"es\",\"potentialAction\":[{\"@type\":\"CommentAction\",\"name\":\"Comment\",\"target\":[\"https:\/\/noticiasya.com\/2024\/10\/04\/crimenes-reales-docuserie-hermanos-menendez-television-trax\/#respond\"]}]},{\"@type\":\"WebPage\",\"@id\":\"https:\/\/noticiasya.com\/2024\/10\/04\/crimenes-reales-docuserie-hermanos-menendez-television-trax\/\",\"url\":\"https:\/\/noticiasya.com\/2024\/10\/04\/crimenes-reales-docuserie-hermanos-menendez-television-trax\/\",\"name\":\"El caso de los hermanos Men\u00e9ndez no es el \u00fanico afectado por una docuserie de cr\u00edmenes reales - Noticias\",\"isPartOf\":{\"@id\":\"https:\/\/noticiasya.com\/#website\"},\"datePublished\":\"2024-10-05T02:03:37+00:00\",\"breadcrumb\":{\"@id\":\"https:\/\/noticiasya.com\/2024\/10\/04\/crimenes-reales-docuserie-hermanos-menendez-television-trax\/#breadcrumb\"},\"inLanguage\":\"es\",\"potentialAction\":[{\"@type\":\"ReadAction\",\"target\":[\"https:\/\/noticiasya.com\/2024\/10\/04\/crimenes-reales-docuserie-hermanos-menendez-television-trax\/\"]}]},{\"@type\":\"BreadcrumbList\",\"@id\":\"https:\/\/noticiasya.com\/2024\/10\/04\/crimenes-reales-docuserie-hermanos-menendez-television-trax\/#breadcrumb\",\"itemListElement\":[{\"@type\":\"ListItem\",\"position\":1,\"name\":\"Home\",\"item\":\"https:\/\/noticiasya.com\/\"},{\"@type\":\"ListItem\",\"position\":2,\"name\":\"El caso de los hermanos Men\u00e9ndez no es el \u00fanico afectado por una docuserie de cr\u00edmenes reales\"}]},{\"@type\":\"WebSite\",\"@id\":\"https:\/\/noticiasya.com\/#website\",\"url\":\"https:\/\/noticiasya.com\/\",\"name\":\"Noticias\",\"description\":\"Lo que importa\",\"publisher\":{\"@id\":\"https:\/\/noticiasya.com\/#organization\"},\"potentialAction\":[{\"@type\":\"SearchAction\",\"target\":{\"@type\":\"EntryPoint\",\"urlTemplate\":\"https:\/\/noticiasya.com\/?s={search_term_string}\"},\"query-input\":{\"@type\":\"PropertyValueSpecification\",\"valueRequired\":true,\"valueName\":\"search_term_string\"}}],\"inLanguage\":\"es\"},{\"@type\":\"Organization\",\"@id\":\"https:\/\/noticiasya.com\/#organization\",\"name\":\"Noticias\",\"url\":\"https:\/\/noticiasya.com\/\",\"logo\":{\"@type\":\"ImageObject\",\"inLanguage\":\"es\",\"@id\":\"https:\/\/noticiasya.com\/#\/schema\/logo\/image\/\",\"url\":\"https:\/\/noticiasya.com\/wp-content\/uploads\/sites\/22\/2023\/12\/logo-nacional.png\",\"contentUrl\":\"https:\/\/noticiasya.com\/wp-content\/uploads\/sites\/22\/2023\/12\/logo-nacional.png\",\"width\":1801,\"height\":691,\"caption\":\"Noticias\"},\"image\":{\"@id\":\"https:\/\/noticiasya.com\/#\/schema\/logo\/image\/\"}}]}<\/script>\n<!-- \/ Yoast SEO plugin. -->","yoast_head_json":{"title":"El caso de los hermanos Men\u00e9ndez no es el \u00fanico afectado por una docuserie de cr\u00edmenes reales - Noticias","robots":{"index":"index","follow":"follow","max-snippet":"max-snippet:-1","max-image-preview":"max-image-preview:large","max-video-preview":"max-video-preview:-1"},"canonical":"https:\/\/noticiasya.com\/2024\/10\/04\/crimenes-reales-docuserie-hermanos-menendez-television-trax\/","og_locale":"es_ES","og_type":"article","og_title":"El caso de los hermanos Men\u00e9ndez no es el \u00fanico afectado por una docuserie de cr\u00edmenes reales - Noticias","og_description":"(CNN) &#8212; Ser un detective de sill\u00f3n se ha convertido en una obsesi\u00f3n estadounidense, impulsada por una abundancia de contenido de cr\u00edmenes reales en podcasts y series de televisi\u00f3n. Sin embargo, algunos de esos proyectos han provocado desarrollos legales reales. El \u00faltimo ejemplo involucra el caso de alto perfil de los hermanos Erik y Lyle [&hellip;]","og_url":"https:\/\/noticiasya.com\/2024\/10\/04\/crimenes-reales-docuserie-hermanos-menendez-television-trax\/","og_site_name":"Noticias","article_published_time":"2024-10-05T02:03:37+00:00","twitter_card":"summary_large_image","twitter_misc":{"Est. reading time":"7 minutos"},"schema":{"@context":"https:\/\/schema.org","@graph":[{"@type":"Article","@id":"https:\/\/noticiasya.com\/2024\/10\/04\/crimenes-reales-docuserie-hermanos-menendez-television-trax\/#article","isPartOf":{"@id":"https:\/\/noticiasya.com\/2024\/10\/04\/crimenes-reales-docuserie-hermanos-menendez-television-trax\/"},"author":{"name":"","@id":""},"headline":"El caso de los hermanos Men\u00e9ndez no es el \u00fanico afectado por una docuserie de cr\u00edmenes reales","datePublished":"2024-10-05T02:03:37+00:00","mainEntityOfPage":{"@id":"https:\/\/noticiasya.com\/2024\/10\/04\/crimenes-reales-docuserie-hermanos-menendez-television-trax\/"},"wordCount":1343,"commentCount":0,"publisher":{"@id":"https:\/\/noticiasya.com\/#organization"},"articleSection":["Noticias Nacionales"],"inLanguage":"es","potentialAction":[{"@type":"CommentAction","name":"Comment","target":["https:\/\/noticiasya.com\/2024\/10\/04\/crimenes-reales-docuserie-hermanos-menendez-television-trax\/#respond"]}]},{"@type":"WebPage","@id":"https:\/\/noticiasya.com\/2024\/10\/04\/crimenes-reales-docuserie-hermanos-menendez-television-trax\/","url":"https:\/\/noticiasya.com\/2024\/10\/04\/crimenes-reales-docuserie-hermanos-menendez-television-trax\/","name":"El caso de los hermanos Men\u00e9ndez no es el \u00fanico afectado por una docuserie de cr\u00edmenes reales - Noticias","isPartOf":{"@id":"https:\/\/noticiasya.com\/#website"},"datePublished":"2024-10-05T02:03:37+00:00","breadcrumb":{"@id":"https:\/\/noticiasya.com\/2024\/10\/04\/crimenes-reales-docuserie-hermanos-menendez-television-trax\/#breadcrumb"},"inLanguage":"es","potentialAction":[{"@type":"ReadAction","target":["https:\/\/noticiasya.com\/2024\/10\/04\/crimenes-reales-docuserie-hermanos-menendez-television-trax\/"]}]},{"@type":"BreadcrumbList","@id":"https:\/\/noticiasya.com\/2024\/10\/04\/crimenes-reales-docuserie-hermanos-menendez-television-trax\/#breadcrumb","itemListElement":[{"@type":"ListItem","position":1,"name":"Home","item":"https:\/\/noticiasya.com\/"},{"@type":"ListItem","position":2,"name":"El caso de los hermanos Men\u00e9ndez no es el \u00fanico afectado por una docuserie de cr\u00edmenes reales"}]},{"@type":"WebSite","@id":"https:\/\/noticiasya.com\/#website","url":"https:\/\/noticiasya.com\/","name":"Noticias","description":"Lo que importa","publisher":{"@id":"https:\/\/noticiasya.com\/#organization"},"potentialAction":[{"@type":"SearchAction","target":{"@type":"EntryPoint","urlTemplate":"https:\/\/noticiasya.com\/?s={search_term_string}"},"query-input":{"@type":"PropertyValueSpecification","valueRequired":true,"valueName":"search_term_string"}}],"inLanguage":"es"},{"@type":"Organization","@id":"https:\/\/noticiasya.com\/#organization","name":"Noticias","url":"https:\/\/noticiasya.com\/","logo":{"@type":"ImageObject","inLanguage":"es","@id":"https:\/\/noticiasya.com\/#\/schema\/logo\/image\/","url":"https:\/\/noticiasya.com\/wp-content\/uploads\/sites\/22\/2023\/12\/logo-nacional.png","contentUrl":"https:\/\/noticiasya.com\/wp-content\/uploads\/sites\/22\/2023\/12\/logo-nacional.png","width":1801,"height":691,"caption":"Noticias"},"image":{"@id":"https:\/\/noticiasya.com\/#\/schema\/logo\/image\/"}}]}},"parsely":{"version":"1.1.0","canonical_url":"https:\/\/noticiasya.com\/midland-odessa\/2024\/10\/04\/crimenes-reales-docuserie-hermanos-menendez-television-trax\/","smart_links":{"inbound":0,"outbound":0},"traffic_boost_suggestions_count":0,"meta":{"@context":"https:\/\/schema.org","@type":"NewsArticle","headline":"El caso de los hermanos Men\u00e9ndez no es el \u00fanico afectado por una docuserie de cr\u00edmenes reales","url":"http:\/\/noticiasya.com\/midland-odessa\/2024\/10\/04\/crimenes-reales-docuserie-hermanos-menendez-television-trax\/","mainEntityOfPage":{"@type":"WebPage","@id":"http:\/\/noticiasya.com\/midland-odessa\/2024\/10\/04\/crimenes-reales-docuserie-hermanos-menendez-television-trax\/"},"thumbnailUrl":"","image":{"@type":"ImageObject","url":""},"articleSection":"Noticias Nacionales","author":[],"creator":[],"publisher":{"@type":"Organization","name":"Noticias","logo":""},"keywords":[],"dateCreated":"2024-10-05T02:03:37Z","datePublished":"2024-10-05T02:03:37Z","dateModified":"2024-10-05T02:03:37Z"},"rendered":"<script type=\"application\/ld+json\" class=\"wp-parsely-metadata\">{\"@context\":\"https:\\\/\\\/schema.org\",\"@type\":\"NewsArticle\",\"headline\":\"El caso de los hermanos Men\\u00e9ndez no es el \\u00fanico afectado por una docuserie de cr\\u00edmenes reales\",\"url\":\"http:\\\/\\\/noticiasya.com\\\/midland-odessa\\\/2024\\\/10\\\/04\\\/crimenes-reales-docuserie-hermanos-menendez-television-trax\\\/\",\"mainEntityOfPage\":{\"@type\":\"WebPage\",\"@id\":\"http:\\\/\\\/noticiasya.com\\\/midland-odessa\\\/2024\\\/10\\\/04\\\/crimenes-reales-docuserie-hermanos-menendez-television-trax\\\/\"},\"thumbnailUrl\":\"\",\"image\":{\"@type\":\"ImageObject\",\"url\":\"\"},\"articleSection\":\"Noticias Nacionales\",\"author\":[],\"creator\":[],\"publisher\":{\"@type\":\"Organization\",\"name\":\"Noticias\",\"logo\":\"\"},\"keywords\":[],\"dateCreated\":\"2024-10-05T02:03:37Z\",\"datePublished\":\"2024-10-05T02:03:37Z\",\"dateModified\":\"2024-10-05T02:03:37Z\"}<\/script>","tracker_url":"https:\/\/cdn.parsely.com\/keys\/noticiasya.com\/p.js"},"jetpack_featured_media_url":"","jetpack-related-posts":[{"id":1456102,"url":"https:\/\/noticiasya.com\/midland-odessa\/2024\/11\/26\/exvecino-hermanos-menendez-fascinacion-publica-caos-efectiva-trax\/","url_meta":{"origin":1454953,"position":0},"title":"Exvecino de los hermanos Men\u00e9ndez dice que la fascinaci\u00f3n por el caso podr\u00eda impulsar una nueva sentencia","author":"","date":"noviembre 26, 2024","format":false,"excerpt":"(CNN) -- Cuando Josh, de 12 a\u00f1os, dijo que hab\u00eda escuchado m\u00faltiples disparos una noche de verano de 1989, su madre no le crey\u00f3. Despu\u00e9s de todo, los disparos eran inimaginables en su adinerado vecindario de Beverly Hills. Sin embargo, al otro d\u00eda amanecieron con la noticia de que, a\u2026","rel":"","context":"In &quot;Noticias Nacionales&quot;","block_context":{"text":"Noticias Nacionales","link":"https:\/\/noticiasya.com\/midland-odessa\/categoria\/noticias-nacionales"},"img":{"alt_text":"","src":"","width":0,"height":0},"classes":[]},{"id":1456077,"url":"https:\/\/noticiasya.com\/midland-odessa\/2024\/11\/25\/retrasan-audiencia-erik-lyle-hermanos-menendez-trax\/","url_meta":{"origin":1454953,"position":1},"title":"Juez retrasa audiencia de nueva sentencia para hermanos Men\u00e9ndez","author":"","date":"noviembre 25, 2024","format":false,"excerpt":"(CNN) \u2013\u2013 Un juez de California retras\u00f3 una audiencia la nueva sentencia programada para Lyle y Erik Men\u00e9ndez, que ser\u00e1 la primera audiencia a la que acudir\u00e1n los hermanos desde que fueron sentenciados a cadena perpetua por matar a sus padres en 1989, y el \u00faltimo paso en su intento\u2026","rel":"","context":"In &quot;Noticias Nacionales&quot;","block_context":{"text":"Noticias Nacionales","link":"https:\/\/noticiasya.com\/midland-odessa\/categoria\/noticias-nacionales"},"img":{"alt_text":"","src":"","width":0,"height":0},"classes":[]},{"id":1465742,"url":"https:\/\/noticiasya.com\/midland-odessa\/2025\/08\/21\/niegan-libertad-condicional-erik-menendez-trax\/","url_meta":{"origin":1454953,"position":2},"title":"Niegan libertad condicional a Erik Men\u00e9ndez; sigue pendiente el fallo de su hermano Lyle","author":"","date":"agosto 21, 2025","format":false,"excerpt":"Una junta de libertad condicional de California ha negado la libertad condicional a Erik Men\u00e9ndez, quien fue condenado junto a su hermano Lyle por el asesinato de sus padres en 1989, asestando un duro golpe a la lucha de a\u00f1os de los hermanos por su liberaci\u00f3n.La decisi\u00f3n no augura nada\u2026","rel":"","context":"In &quot;Noticias Nacionales&quot;","block_context":{"text":"Noticias Nacionales","link":"https:\/\/noticiasya.com\/midland-odessa\/categoria\/noticias-nacionales"},"img":{"alt_text":"","src":"","width":0,"height":0},"classes":[]},{"id":1455353,"url":"https:\/\/noticiasya.com\/midland-odessa\/2024\/10\/25\/erik-lyle-hermanos-menendez-nueva-sentencia-que-sigue-trax\/","url_meta":{"origin":1454953,"position":3},"title":"\u00bfQu\u00e9 sigue para los hermanos Men\u00e9ndez ahora que el fiscal recomienda una nueva sentencia d\u00e9cadas despu\u00e9s del asesinato de sus padres?","author":"","date":"octubre 25, 2024","format":false,"excerpt":"(CNN) -- M\u00e1s de tres d\u00e9cadas despu\u00e9s de que Lyle y Erik Men\u00e9ndez fueran declarados culpables de los asesinatos de sus padres y condenados a cadena perpetua sin posibilidad de libertad condicional, los hermanos ven ahora un camino hacia su posible liberaci\u00f3n.El fiscal del distrito de Los \u00c1ngeles, George Gasc\u00f3n,\u2026","rel":"","context":"In &quot;Noticias Nacionales&quot;","block_context":{"text":"Noticias Nacionales","link":"https:\/\/noticiasya.com\/midland-odessa\/categoria\/noticias-nacionales"},"img":{"alt_text":"","src":"","width":0,"height":0},"classes":[]},{"id":1456063,"url":"https:\/\/noticiasya.com\/midland-odessa\/2024\/11\/25\/analisis-hermanos-menendez-ficcion-caso-legal-orix\/","url_meta":{"origin":1454953,"position":4},"title":"AN\u00c1LISIS | \u00bfSer\u00e1 la ficci\u00f3n la que al final cambie el rumbo legal de los hermanos Men\u00e9ndez?","author":"","date":"noviembre 25, 2024","format":false,"excerpt":"(CNN Espa\u00f1ol) -- Creo en el poder transformador de las obras de arte, sea una pel\u00edcula, una obra de teatro o un cuadro. Las historias de ficci\u00f3n o basadas en ella pueden chocar, molestar y, con la presi\u00f3n suficiente, quiz\u00e1 generar cambios sociales frente a determinada situaci\u00f3n. Entonces, \u00bfpueden una\u2026","rel":"","context":"In &quot;Noticias Nacionales&quot;","block_context":{"text":"Noticias Nacionales","link":"https:\/\/noticiasya.com\/midland-odessa\/categoria\/noticias-nacionales"},"img":{"alt_text":"","src":"","width":0,"height":0},"classes":[]},{"id":1457203,"url":"https:\/\/noticiasya.com\/midland-odessa\/2025\/01\/04\/el-fiscal-del-condado-de-los-angeles-no-decide-aun-sobre-el-caso-menendez-tras-reunirse-con-la-familia\/","url_meta":{"origin":1454953,"position":5},"title":"El fiscal de distrito del condado de Los \u00c1ngeles no decide a\u00fan sobre el caso Men\u00e9ndez tras reunirse con la familia","author":"","date":"enero 4, 2025","format":false,"excerpt":"El fiscal de distrito del condado de Los \u00c1ngeles, Nathan Hochman, no est\u00e1 listo para tomar una decisi\u00f3n sobre el caso de la nueva sentencia de los hermanos Men\u00e9ndez y a\u00fan est\u00e1 revisando miles de p\u00e1ginas de documentos.El viernes por la noche, Hochman dio una actualizaci\u00f3n despu\u00e9s de reunirse con\u2026","rel":"","context":"In &quot;Noticias Nacionales&quot;","block_context":{"text":"Noticias Nacionales","link":"https:\/\/noticiasya.com\/midland-odessa\/categoria\/noticias-nacionales"},"img":{"alt_text":"","src":"","width":0,"height":0},"classes":[]}],"jetpack_sharing_enabled":true,"_links":{"self":[{"href":"https:\/\/noticiasya.com\/midland-odessa\/wp-json\/wp\/v2\/posts\/1454953","targetHints":{"allow":["GET"]}}],"collection":[{"href":"https:\/\/noticiasya.com\/midland-odessa\/wp-json\/wp\/v2\/posts"}],"about":[{"href":"https:\/\/noticiasya.com\/midland-odessa\/wp-json\/wp\/v2\/types\/post"}],"replies":[{"embeddable":true,"href":"https:\/\/noticiasya.com\/midland-odessa\/wp-json\/wp\/v2\/comments?post=1454953"}],"version-history":[{"count":0,"href":"https:\/\/noticiasya.com\/midland-odessa\/wp-json\/wp\/v2\/posts\/1454953\/revisions"}],"wp:attachment":[{"href":"https:\/\/noticiasya.com\/midland-odessa\/wp-json\/wp\/v2\/media?parent=1454953"}],"wp:term":[{"taxonomy":"category","embeddable":true,"href":"https:\/\/noticiasya.com\/midland-odessa\/wp-json\/wp\/v2\/categories?post=1454953"},{"taxonomy":"post_tag","embeddable":true,"href":"https:\/\/noticiasya.com\/midland-odessa\/wp-json\/wp\/v2\/tags?post=1454953"}],"curies":[{"name":"wp","href":"https:\/\/api.w.org\/{rel}","templated":true}]}}